{"id":2937,"date":"2020-07-20T18:29:10","date_gmt":"2020-07-20T18:29:10","guid":{"rendered":"http:\/\/kommentatorenblog.de\/?p=2937"},"modified":"2020-12-30T16:04:23","modified_gmt":"2020-12-30T16:04:23","slug":"1090-keine-zeit-fuer-fussball","status":"publish","type":"post","link":"https:\/\/kommentatorenblog.de\/?p=2937","title":{"rendered":"1090 &#8211; Keine Zeit f\u00fcr Fussball"},"content":{"rendered":"\n<p>N&#8217;Abend Allerseits,<\/p>\n\n\n\n<p>da die Anzahl an freien Stunden zwischen einem Projekt und einem lang ersehnten Urlaub \u00e4hnlich hoch ist wie die Anzahl an Fussballspielen, die ich in den vergangenen 3-4 Wochen gesehen habe (sehr niedrig), fehlt die Zeit und auch die Kraft f\u00fcr ein gro\u00dfes Vorwort. Aber ich gehe davon aus, dass im August wieder das Feuer zur\u00fcck ist. Aufregen \u00fcber das Europapokal-Turnier ist dann bei mir angesagt. Jetzt aber die Ansetzungen der Woche!<\/p>\n\n\n\n<p><strong><em>Die Ansetzungen vom 21. Juli 2020 bis zum 23. Juli 2020<\/em><\/strong><\/p>\n\n\n\n<p><strong>Premier League, 37. Spieltag<\/strong><\/p>\n\n\n\n<p><span style=\"text-decoration: underline;\">Dienstag, 21. Juli 2020, ab 18.50 Uhr<\/span><\/p>\n\n\n\n<p> <strong><em>FC Watford \u2013 Manchester City (19.00 Uhr)<\/em><\/strong><\/p>\n\n\n\n<p>Sky: Holger Pfandt<\/p>\n\n\n\n<p><span style=\"text-decoration: underline;\">ab 21.00 Uhr (Sky)<\/span><\/p>\n\n\n\n<p><strong><em> Aston Villa&nbsp;\u2013&nbsp;FC Arsenal (21.15 Uhr)<\/em><\/strong><\/p>\n\n\n\n<p>Sky: Jogi Hebel<\/p>\n\n\n\n<p><span style=\"text-decoration: underline;\">Mittwoch, 22. Juli 2020, ab 18.50 Uhr (Sky)<\/span><\/p>\n\n\n\n<p><strong><em>Manchester United \u2013 West Ham United (19.00 Uhr)<\/em><\/strong><\/p>\n\n\n\n<p>Sky: Hannes Herrmann<\/p>\n\n\n\n<p><span style=\"text-decoration: underline;\">ab 20.45 Uhr (Sky)<\/span><\/p>\n\n\n\n<p><strong><em> FC Liverpool \u2013 FC Chelsea (21.15 Uhr)<\/em><\/strong><\/p>\n\n\n\n<p>Sky: Florian Schmidt-Sommerfeld, Experte: Erik Meijer<\/p>\n\n\n\n<p><strong>Internationaler Fu\u00dfball<\/strong><\/p>\n\n\n\n<p><span style=\"text-decoration: underline;\">Dienstag, 21. Juli 2020<\/span><\/p>\n\n\n\n<p>Hyundai A-League, 28. Spieltag: <strong><em>Sydney FC &#8211; Newcastle United Jets (11.35 Uhr)<\/em><\/strong><\/p>\n\n\n\n<p>Sportdigital FUSSBALL: Ulf Kahmke<\/p>\n\n\n\n<p>MLS, 3. Runde Gruppenphase: <strong><em>Toronto FC \u2013 New England Revolution (15.08 Uhr)<\/em><\/strong><\/p>\n\n\n\n<p>Sportdigital FUSSBALL: Christian Blunck<\/p>\n\n\n\n<p>Liga NOS, 33. Spieltag: <strong><em>Sporting Lissabon \u2013 Vitoria Setubal (20.00 Uhr)<\/em><\/strong><\/p>\n\n\n\n<p>Sportdigital FUSSBALL: Karsten Linke<\/p>\n\n\n\n<p>Serie A, 35. Spieltag:&nbsp;<strong><em>US Sassuolo \u2013 AC Mailand (21.45 Uhr)<\/em><\/strong><\/p>\n\n\n\n<p>DAZN: Freddie Schulz<\/p>\n\n\n\n<p>Liga NOS, 33. Spieltag: <strong><em>CD Aves \u2013 Benfica Lissabon (22.15 Uhr)<\/em><\/strong><\/p>\n\n\n\n<p>Sportdigital FUSSBALL: Hannes Herrmann<\/p>\n\n\n\n<p><span style=\"text-decoration: underline;\">Mittwoch, 22. Juli 2020<\/span><\/p>\n\n\n\n<p>J. League, 6. Spieltag: <strong><em>Yokohama F-Marinos  \u2013 Yokohama FC (12.00 Uhr)<\/em><\/strong><\/p>\n\n\n\n<p>Sportdigital FUSSBALL: Christian Blunk<\/p>\n\n\n\n<p>Sky Bet Championship, 46. Spieltag: <strong><em>West Brom \u2013 QPR (20.30 Uhr)<\/em><\/strong><\/p>\n\n\n\n<p>Sportdigital FUSSBALL: Florian Obst<\/p>\n\n\n\n<p>Serie A, 35. Spieltag:&nbsp;<strong><em>Sampdoria Genua \u2013 CFC Genua (21.45 Uhr)<\/em><\/strong><\/p>\n\n\n\n<p>DAZN: Jan Platte, Experte: Sebastian Knei\u00dfl<\/p>\n\n\n\n<p>Serie A, 35. Spieltag:&nbsp;<strong><em>Inter Mailand \u2013 AC Florenz (21.45 Uhr)<\/em><\/strong><\/p>\n\n\n\n<p>DAZN: Freddy Harder<\/p>\n\n\n\n<p>Serie A, 35. Spieltag:&nbsp;<strong><em>SPAL \u2013 AS Rom (21.45 Uhr)<\/em><\/strong><\/p>\n\n\n\n<p>DAZN: Oliver Forster<\/p>\n\n\n\n<p><span style=\"text-decoration: underline;\">Donnerstag, 23. Juli 2020<\/span><\/p>\n\n\n\n<p>Serie A, 35. Spieltag: <strong><em>Udinese Calcio \u2013 Juventus Turin (19.30 Uhr)<\/em><\/strong><\/p>\n\n\n\n<p>DAZN: Marco Hagemann, Experte: Lutz Pfannenstiel<\/p>\n\n\n\n<p>Serie A, 35. Spieltag:&nbsp;<strong><em>Lazio Rom \u2013 Cagliari Calcio (21.45 Uhr)<\/em><\/strong><\/p>\n\n\n\n<p>DAZN: Flo Hauser<\/p>\n\n\n\n<p><strong>Die Analyse<\/strong><\/p>\n\n\n\n<p>In England finden zum letzten Mal Spiele zu unterschiedlichen Ansto\u00dfzeiten statt. Neben den \u00fcblichen Verd\u00e4chtigen Jogi Hebel, Hannes Herrmann und Florian Schmidt-Sommerfeld ist auch Holger Pfandt im Einsatz. Experte neben Schmiso ist im \u00fcbrigen Erik Meijer. <\/p>\n\n\n\n<p>In Italien sind sie noch ein bisschen l\u00e4nger dran. Doch da ich im Moment keine Ahnung habe wie es in der Serie A aussieht \u2013 Sorry daf\u00fcr \u2013 bleibt nur zu erw\u00e4hnen das Jan Platte mal ausnahmsweise italienischen Fussball kommentiert. In Spanien sind sie ja seit gestern durch!<\/p>\n\n\n\n<p>Na dann macht euch eine sch\u00f6ne Woche, ob mit oder ohne Fussball!<\/p>\n","protected":false},"excerpt":{"rendered":"<p>N&#8217;Abend Allerseits, da die Anzahl an freien Stunden zwischen einem Projekt und einem lang ersehnten Urlaub \u00e4hnlich hoch ist wie die Anzahl an Fussballspielen, die ich in den vergangenen 3-4 Wochen gesehen habe (sehr niedrig), fehlt die Zeit und auch die Kraft f\u00fcr ein gro\u00dfes Vorwort. Aber ich gehe davon aus, dass im August wieder [&hellip;]<\/p>\n","protected":false},"author":5,"featured_media":0,"comment_status":"open","ping_status":"open","sticky":false,"template":"","format":"standard","meta":{"footnotes":""},"categories":[429],"tags":[13,82,89,104,90,48,103,23,127,22,134],"class_list":["post-2937","post","type-post","status-publish","format-standard","hentry","category-diverses","tag-dazn","tag-erik-meijer","tag-florian-schmidt-sommerfeld","tag-hannes-herrmann","tag-holger-pfandt","tag-jan-platte","tag-jogi-hebel","tag-premier-league","tag-serie-a","tag-sky","tag-sportdigital-fussball"],"_links":{"self":[{"href":"https:\/\/kommentatorenblog.de\/index.php?rest_route=\/wp\/v2\/posts\/2937","targetHints":{"allow":["GET"]}}],"collection":[{"href":"https:\/\/kommentatorenblog.de\/index.php?rest_route=\/wp\/v2\/posts"}],"about":[{"href":"https:\/\/kommentatorenblog.de\/index.php?rest_route=\/wp\/v2\/types\/post"}],"author":[{"embeddable":true,"href":"https:\/\/kommentatorenblog.de\/index.php?rest_route=\/wp\/v2\/users\/5"}],"replies":[{"embeddable":true,"href":"https:\/\/kommentatorenblog.de\/index.php?rest_route=%2Fwp%2Fv2%2Fcomments&post=2937"}],"version-history":[{"count":9,"href":"https:\/\/kommentatorenblog.de\/index.php?rest_route=\/wp\/v2\/posts\/2937\/revisions"}],"predecessor-version":[{"id":2947,"href":"https:\/\/kommentatorenblog.de\/index.php?rest_route=\/wp\/v2\/posts\/2937\/revisions\/2947"}],"wp:attachment":[{"href":"https:\/\/kommentatorenblog.de\/index.php?rest_route=%2Fwp%2Fv2%2Fmedia&parent=2937"}],"wp:term":[{"taxonomy":"category","embeddable":true,"href":"https:\/\/kommentatorenblog.de\/index.php?rest_route=%2Fwp%2Fv2%2Fcategories&post=2937"},{"taxonomy":"post_tag","embeddable":true,"href":"https:\/\/kommentatorenblog.de\/index.php?rest_route=%2Fwp%2Fv2%2Ftags&post=2937"}],"curies":[{"name":"wp","href":"https:\/\/api.w.org\/{rel}","templated":true}]}}