{"id":2948,"date":"2020-07-23T17:57:03","date_gmt":"2020-07-23T17:57:03","guid":{"rendered":"http:\/\/kommentatorenblog.de\/?p=2948"},"modified":"2020-12-30T16:04:19","modified_gmt":"2020-12-30T16:04:19","slug":"1091-letzter-spieltag-auf-der-insel","status":"publish","type":"post","link":"https:\/\/kommentatorenblog.de\/?p=2948","title":{"rendered":"1091 &#8211; Letzter Spieltag auf der Insel"},"content":{"rendered":"\n<p>N\u2019Abend allerseits,<\/p>\n\n\n\n<p>der eine hat keine Zeit f\u00fcr ein gro\u00dfes Vorwort, der andere keinen wirklichen Grund\u2026 Mancherorts wird zwar noch gekickt. Aber da, wo noch gespielt wird, ist die Meisterschaftsfrage gekl\u00e4rt, die ganz gro\u00dfe Luft also raus. Zumindest vor\u00fcbergehend &#8211; denn ein besonderer August steht uns ja noch bevor. In einem Sommer, indem eigentlich die Elite der europ\u00e4ischen Nationalmannschaften aufeinandertreffen sollten, duellieren sich ab dem 7.8. die Gr\u00f6\u00dfen des Vereinssports in Lissabon. Ich bin schon sehr gespannt. Aus rein sportlicher Sicht d\u00fcrfte es sehr interessant werden, wenn nur 90 Minuten \u00fcber den Sieger der K.O.-Runde entscheiden.<\/p>\n\n\n\n<p>Doch bis dahin sind bekanntlich noch zwei Wochen zu gehen. Hier also die aktuellen Ansetzungen f\u00fcrs Wochenende.&nbsp;<\/p>\n\n\n\n<p><strong><em>Die Ansetzungen vom 24. Juli 2020 bis zum 27. Juli 2020<\/em><\/strong> <\/p>\n\n\n\n<p><strong>Premier League, 38. Spieltag<\/strong><\/p>\n\n\n\n<p><span style=\"text-decoration: underline;\">Sonntag, 26. Juli, ab 16.00 Uhr (Sky)<\/span><\/p>\n\n\n\n<p><em><strong>Leicester City &#8211; Manchester United (17.00 Uhr)<\/strong><\/em><\/p>\n\n\n\n<p>Sky:  Florian Schmidt-Sommerfeld <\/p>\n\n\n\n<p><span style=\"text-decoration: underline;\">ab 16.50 Uhr (Sky)<\/span><\/p>\n\n\n\n<p><strong><em>West Ham United &#8211; Aston Villa (17.00 Uhr) <\/em><\/strong><\/p>\n\n\n\n<p>Sky: Sven Schr\u00f6ter <\/p>\n\n\n\n<p><em><strong>FC Burnley &#8211; Brighton &amp; Hove Albion (17.00 Uhr)<\/strong><\/em><\/p>\n\n\n\n<p>Sky: Sascha Roos <\/p>\n\n\n\n<p><strong><em>FC Chelsea &#8211; Wolverhampton Wanderers (17.00 Uhr) <\/em><\/strong><\/p>\n\n\n\n<p>Sky: Roland Evers <\/p>\n\n\n\n<p><strong><em>Crystal Palace &#8211; Tottenham Hotspur (17.00 Uhr)<\/em><\/strong><\/p>\n\n\n\n<p>Sky: Jogi Hebel <\/p>\n\n\n\n<p><strong><em>FC Everton &#8211; AFC Bournemouth (17.00 Uhr)<\/em><\/strong><\/p>\n\n\n\n<p>Sky: Hannes Herrmann <\/p>\n\n\n\n<p><strong><em>Manchester City &#8211; Norwich City (17.00 Uhr)<\/em><\/strong><\/p>\n\n\n\n<p>Sky: Marcel Meinert <\/p>\n\n\n\n<p><em><strong>Newcastle United &#8211; FC Liverpool (17.00 Uhr)<\/strong><\/em><\/p>\n\n\n\n<p>Sky: Toni Tomic <\/p>\n\n\n\n<p><em><strong>FC Southampton &#8211; Sheffield United (17.00 Uhr)<\/strong><\/em><\/p>\n\n\n\n<p>Sky: Markus G\u00f6tz <\/p>\n\n\n\n<p><em><strong>FC Arsenal &#8211; FC Watford (17.00 Uhr)<\/strong><\/em><\/p>\n\n\n\n<p>Sky: Markus Gaupp <\/p>\n\n\n\n<p><strong>Internationaler Fu\u00dfball<\/strong><\/p>\n\n\n\n<p><span style=\"text-decoration: underline;\">Freitag, 24 Juli 2020<\/span><\/p>\n\n\n\n<p>Coupe de France, Finale: <strong><em>Paris Saint-Germain &#8211; AS Saint-Etienne (21.10 Uhr)<\/em><\/strong><\/p>\n\n\n\n<p>DAZN: David Ploch, Experte: Alexis Menuge<\/p>\n\n\n\n<p>Sport1+: Rudi Br\u00fcckner<\/p>\n\n\n\n<p>Serie A, 36. Spieltag: <em><strong>AC Mailand &#8211; Atalanta Bergamo (21.45 Uhr)<\/strong><\/em><\/p>\n\n\n\n<p>DAZN: Stefan Galler, Experte: Benny Lauth<\/p>\n\n\n\n<p><span style=\"text-decoration: underline;\">Samstag, 25. Juli 2020<\/span><\/p>\n\n\n\n<p>Hyundai A-League, 26. Spieltag: <em><strong>Wellington Phoenix &#8211; Adelaide United (09.05 Uhr)<\/strong><\/em><\/p>\n\n\n\n<p>sportdigital FUSSBALL: Ulf Kahmke<\/p>\n\n\n\n<p>Chinese Super League, 1. Spieltag:  <strong><em>Guangzhou Evergrande &#8211; Shanghai Shenhua (12.15 Uhr)<\/em><\/strong><\/p>\n\n\n\n<p>sportdigital FUSSBALL: Christian Blunck <\/p>\n\n\n\n<p>Serie A, 36. Spieltag: <em><strong>CFC Genua &#8211; Inter Mailand (19.30 Uhr)<\/strong><\/em><\/p>\n\n\n\n<p>DAZN: Andreas Renner<\/p>\n\n\n\n<p>Serie A, 36. Spieltag: <em><strong>SSC Neapel &#8211; US Sassuolo (21.45 Uhr)<\/strong><\/em> <\/p>\n\n\n\n<p>DAZN: Mario Rieker, Experte: Jonas Hummels<\/p>\n\n\n\n<p>Liga NOS, 34. Spieltag: <strong><em>Sporting Braga &#8211; FC Porto (22.15 Uhr)<\/em><\/strong><\/p>\n\n\n\n<p>DAZN: Guido H\u00fcsgen<\/p>\n\n\n\n<p>Liga NOS, 34. Spieltag: <strong><em>Benfica Lissabon &#8211; Sporting Lissabon (22.15 Uhr)<\/em><\/strong><\/p>\n\n\n\n<p>sportdigital FUSSBALL: Christian Blunck <\/p>\n\n\n\n<p><span style=\"text-decoration: underline;\">Sonntag, 26. Juli 2020<\/span><\/p>\n\n\n\n<p>MLS, Achtelfinale: <strong><em>Orlando City FC &#8211; Montreal Impact (02.08 Uhr)<\/em><\/strong><\/p>\n\n\n\n<p>sportdigital FUSSBALL: Karsten Linke<\/p>\n\n\n\n<p>Sky Bet Championship, Relegation Hinspiel: <strong><em>Swansea City &#8211; FC Brentford (19.30 Uhr)<\/em><\/strong><\/p>\n\n\n\n<p>DAZN: Marco Hagemann<\/p>\n\n\n\n<p>sportdigital FUSSBALL: Florian Obst<\/p>\n\n\n\n<p>Serie A, 36. Spieltag: <em><strong>AS Rom &#8211; AC Florenz (19.30 Uhr)<\/strong><\/em> <\/p>\n\n\n\n<p>DAZN: Lukas Sch\u00f6nm\u00fcller, Experte: Ralph Gunesch<\/p>\n\n\n\n<p>Serie A, 36. Spieltag: <em><strong>Hellas Verona &#8211; Lazio Rom (19.30 Uhr)<\/strong><\/em><\/p>\n\n\n\n<p>DAZN: Andreas Renner<\/p>\n\n\n\n<p> Serie A, 36. Spieltag: <em><strong>Juventus Turin &#8211; Sampdoria Genua (21.45 Uhr)<\/strong><\/em> <\/p>\n\n\n\n<p>DAZN: Carsten Fu\u00df, Experte: Christian Bernhard<\/p>\n\n\n\n<p><span style=\"text-decoration: underline;\">Montag, 27. Juli 2020<\/span><\/p>\n\n\n\n<p>Sky Bet Championship, Relegation Hinspiel: <strong><em>Cardiff City &#8211; FC Fulham (20.45 Uhr)<\/em><\/strong><\/p>\n\n\n\n<p>DAZN: Uli Hebel<\/p>\n\n\n\n<p>sportdigital FUSSBALL: Karsten Linke<\/p>\n\n\n\n<p><strong>Die Analyse<\/strong><\/p>\n\n\n\n<p>Am letzten Spieltag der Premier-League-Saison mobilisiert Sky seine ganze Insel-Riege. Denn bekanntlich sind die Spiele gleichzeitig. Zwar hat man wahrscheinlich auch dar\u00fcber nachgedacht, eine Konferenz zu schalten. Doch angesichts der gekl\u00e4rten Meisterfrage, kann ich den Entschluss gut verstehen, die Partien nur einzeln auszustrahlen. Was also bleibt, ist das Match of the week mit Schmiso am Mikro: Leicester City gegen Manchester United startet wie alle anderen Partien um 17 Uhr, genie\u00dft daf\u00fcr aber eine deutlich l\u00e4ngere Vorberichterstattung. Die Begegnung tr\u00e4gt ihren Titel zurecht, es geht um den Einzug in die Champions League.<\/p>\n\n\n\n<p>Die \u00fcbrigen PL-Ansetzungen im Schnelldurchlauf: Chelsea trifft auf Wolverhampton, Roland Evers \u00fcbernimmt. Jogi Hebel begleitet Tottenham, das bei Crystal Palace gastiert. Das letzte Spiel des Meisters, der nach Newcastle reist, bekommt Toni Tomic. Vizemeister Man City empf\u00e4ngt Schlusslicht Norwich, Marcel Meinert kommentiert. Everton gegen Bournemouth ist eine Sache f\u00fcr Hannes Hermann. Handball-Kommentator Markus G\u00f6tz meldet sich bei Southampton gegen Sheffield zu Wort. Arsenal, das sich nur noch \u00fcber den FA Cup (Finale gegen Chelsea am Samstag, 1. August) f\u00fcr die Europa League qualifizieren kann, trifft auf Watford. Den Kommentar liefert Markus Gaupp. Sven Schr\u00f6ter bei West Ham gegen Aston Villa und Sascha Roos bei Burnley gegen Brighton &amp; Hove Albion komplettieren die Sky-Besetzung.&nbsp;<\/p>\n\n\n\n<p><strong>PSG mit Generalproben im Pokal \/ Rudi Br\u00fcckner an Bord<\/strong><\/p>\n\n\n\n<p>Seinen beiden Finalteilnahmen im nationalen Pokal hat PSG zu verdanken, im Viertelfinale der Champions League nicht ganz ins kalte Wasser geschmissen zu werden. Am morgigen Freitag treffen die Hauptst\u00e4dter auf Saint-Etienne. Es ist ein besonderes Spiel, immerhin werden 5000 Fans vor Ort sein, darunter auch der franz\u00f6sische Pr\u00e4sident Emmanuel Macron. Eine Woche sp\u00e4ter geht es f\u00fcr Les Parisiens dann im Ligapokal noch gegen Lyon. Es sind willkommene Generalproben f\u00fcr das Team von Thomas Tuchel. Immerhin wartet in der K\u00f6nigsklasse mit Atalanta Bergamo die treffsicherste Mannschaft der Serie A.<\/p>\n\n\n\n<p>Aber zur\u00fcck zum franz\u00f6sischen Pokalfinale: F\u00fcr DAZN meldet sich David Ploch zu Wort, den Experten gibt wenig \u00fcberraschend Alexis Menuge. Auch sport1+ hat die Partie im Angebot. Den Kommentar liefert kein Geringerer als der ehemalige Doppelpass-Moderator Rudi Br\u00fcckner. Die \u00c4lteren kennen ihn vielleicht noch als ZDF-Moderator der fr\u00fchen 90er-Jahre, da bin ich aber raus&#8230;<\/p>\n\n\n\n<p><strong>Der Rest vom Sch\u00fctzenfest<\/strong><\/p>\n\n\n\n<p>Im Internationalen Fu\u00dfball ragt die Relegation der Premier League heraus. Im Halbfinale der Championship-Endrunde treffen am Sonntag zun\u00e4chst Swansea und Brentford aufeinander &#8211; DAZN schickt Marco Hagemann, sportdigital FUSSBALL Florian Obst ins Rennen. Am Montag steht dann das zweite Hinspiel an. Bei Cardiff gegen Fulham kommentiert f\u00fcr DAZN Uli Hebel und f\u00fcr sportdigital FUSSBALL Karsten Linke. <\/p>\n\n\n\n<p>Wenn Juventus Turin heute gegen Udinese gewinnen sollte, kann die Alte Dame am Sonntag gegen Sampdoria seine neunte Meisterschaft in Serie endg\u00fcltig perfekt machen. Das eingespielte Italien-Duo aus Carsten Fu\u00df und Christian Bernhard \u00fcbernimmt. <\/p>\n\n\n\n<p>Zufall oder abgekatert? In jedem Fall treffen am letzten Spieltag in der Liga NOS noch einmal die Besten aufeinander. Der Meister (Porto) gastiert beim Vierten (Braga). Benfica (2) und Sporting (3), die in der Tabelle dazwischen liegen, liefern sich ein Hauptstadt-Derby zum Abschluss. Ich h\u00e4tte an dieser Stelle erwartet, dass sowohl DAZN als auch sportdigital FUSSBALL f\u00fcr beide Spiele einen Kommentar parat haben. Doch so wie es aussieht, bleibt die Ehrenrunde von Porto DAZNs Guido H\u00fcsgen \u00fcberlassen, w\u00e4hrend Christian Blunck beim Stadtduell keine Konkurrenz hat.<\/p>\n\n\n\n<p>Und apropos Christian Blunck: Der ist auch mit von der Partie, wenn es am Samstag in China wieder losgeht. Guangzhou Evergrande und Shanghai Shenhua l\u00e4uten in der CSL die Saison ein, w\u00e4hrend sie andernorts zu Ende geht.<\/p>\n\n\n\n<p>In diesem Sinne Euch ein sch\u00f6nes Fu\u00dfball-Wochenende!<\/p>\n","protected":false},"excerpt":{"rendered":"<p>N\u2019Abend allerseits, der eine hat keine Zeit f\u00fcr ein gro\u00dfes Vorwort, der andere keinen wirklichen Grund\u2026 Mancherorts wird zwar noch gekickt. Aber da, wo noch gespielt wird, ist die Meisterschaftsfrage gekl\u00e4rt, die ganz gro\u00dfe Luft also raus. Zumindest vor\u00fcbergehend &#8211; denn ein besonderer August steht uns ja noch bevor. In einem Sommer, indem eigentlich die [&hellip;]<\/p>\n","protected":false},"author":2,"featured_media":0,"comment_status":"open","ping_status":"open","sticky":false,"template":"","format":"standard","meta":{"footnotes":""},"categories":[429],"tags":[153,131,56,164,57,259,165,13,220,89,155,104,103,59,79,70,43,121,126,23,45,316,241,22,81,134,27,24,105],"class_list":["post-2948","post","type-post","status-publish","format-standard","hentry","category-diverses","tag-alexis-menuge","tag-carsten-fuss","tag-chinese-super-league","tag-christian-bernhard","tag-christian-blunck","tag-coupe-de-france","tag-david-ploch","tag-dazn","tag-florian-obst","tag-florian-schmidt-sommerfeld","tag-guido-huesgen","tag-hannes-herrmann","tag-jogi-hebel","tag-karsten-linke","tag-liga-nos","tag-marcel-meinert","tag-marco-hagemann","tag-markus-gaupp","tag-markus-goetz","tag-premier-league","tag-roland-evers","tag-rudi-brueckner","tag-sascha-roos","tag-sky","tag-sky-bet-championship","tag-sportdigital-fussball","tag-sven-schroeter","tag-toni-tomic","tag-uli-hebel"],"_links":{"self":[{"href":"https:\/\/kommentatorenblog.de\/index.php?rest_route=\/wp\/v2\/posts\/2948","targetHints":{"allow":["GET"]}}],"collection":[{"href":"https:\/\/kommentatorenblog.de\/index.php?rest_route=\/wp\/v2\/posts"}],"about":[{"href":"https:\/\/kommentatorenblog.de\/index.php?rest_route=\/wp\/v2\/types\/post"}],"author":[{"embeddable":true,"href":"https:\/\/kommentatorenblog.de\/index.php?rest_route=\/wp\/v2\/users\/2"}],"replies":[{"embeddable":true,"href":"https:\/\/kommentatorenblog.de\/index.php?rest_route=%2Fwp%2Fv2%2Fcomments&post=2948"}],"version-history":[{"count":18,"href":"https:\/\/kommentatorenblog.de\/index.php?rest_route=\/wp\/v2\/posts\/2948\/revisions"}],"predecessor-version":[{"id":2969,"href":"https:\/\/kommentatorenblog.de\/index.php?rest_route=\/wp\/v2\/posts\/2948\/revisions\/2969"}],"wp:attachment":[{"href":"https:\/\/kommentatorenblog.de\/index.php?rest_route=%2Fwp%2Fv2%2Fmedia&parent=2948"}],"wp:term":[{"taxonomy":"category","embeddable":true,"href":"https:\/\/kommentatorenblog.de\/index.php?rest_route=%2Fwp%2Fv2%2Fcategories&post=2948"},{"taxonomy":"post_tag","embeddable":true,"href":"https:\/\/kommentatorenblog.de\/index.php?rest_route=%2Fwp%2Fv2%2Ftags&post=2948"}],"curies":[{"name":"wp","href":"https:\/\/api.w.org\/{rel}","templated":true}]}}