{"id":2972,"date":"2008-08-01T21:32:00","date_gmt":"2008-08-01T21:32:00","guid":{"rendered":"http:\/\/kommentatorenblog.de\/?p=2972"},"modified":"2021-03-02T19:14:50","modified_gmt":"2021-03-02T18:14:50","slug":"2972","status":"publish","type":"post","link":"https:\/\/kommentatorenblog.de\/?p=2972","title":{"rendered":"[kommentatoren.blog #2] &#8211; der Pokalschlacht erster Teil!"},"content":{"rendered":"\n<p>(Beitrag von Frederik Voss und Theo Wurth, reposted von Nico)<\/p>\n\n\n\n<p>So, liebe Gemeinde,<\/p>\n\n\n\n<p>frei nach Goethe beginnen wir also mit dem aller ersten Kommentatorenansetzungseintrag &#8211; das hei\u00dft, Freddy mit der aller ersten Analyse und meine Wenigkeit mit diesen aller ersten einleitenden Worten, wenn wir von der Begr\u00fc\u00dfung mal absehen wollen.<\/p>\n\n\n\n<p>Und es ist nicht nur f\u00fcr uns beide eine wahrhaftige und wortw\u00f6rtliche Premiere, sondern auch f\u00fcr ganz Fu\u00dfballdeutschland, denn bekannterma\u00dfen wurden nie zuvor alle Partien des DFB-Pokals einzeln und in der Konferenz im Pay-TV ausgestrahlt! Nie zuvor hatte der deutsche Fu\u00dfballfan die M\u00f6glichkeit, das Spiel seiner Wahl live im Fernsehen zu verfolgen (es sei denn, man war Bayern Fan oder Fan der Mannschaft, die gegen Bayern antrat&nbsp;) und so wurden die Rechte ja nahezu im Klo runtergesp\u00fclt, weil bislang einfach verschwenderisch wenig von den Spielen zu sehen war. Und nun k\u00f6nnen wir also gespannt darauf blicken, wie sich Premiere in ihrer ersten Pokalsaison schlagen wird.<\/p>\n\n\n\n<p>Die unspektakul\u00e4re Auslosungssendung, die von Jan Henkel und diversen Experten souver\u00e4n geleitet wurde, offenbarte bereits Professionalit\u00e4t und wenig Aufwandsscheu und auch die folgenden Kommentatorenansetzungen geben durchaus bereits eine interessante Marschrichtung vor.<\/p>\n\n\n\n<p><strong>Kommentatorenansetzungen<\/strong><\/p>\n\n\n\n<p><strong>DFB-Pokal, 1. Hauptrunde<\/strong><\/p>\n\n\n\n<p>Donnerstag, 07.08.2008<\/p>\n\n\n\n<ul class=\"wp-block-list\"><li><em>SV Niederauerbach &#8211; 1. FC K\u00f6ln (20:30 Uhr):<\/em>&nbsp;Wolff Fuss (Einzelspiel)<\/li><\/ul>\n\n\n\n<p>Moderation: Jessica Kastrop<\/p>\n\n\n\n<p>Freitag, 08.08.2008<\/p>\n\n\n\n<ul class=\"wp-block-list\"><li><em>Preu\u00dfen M\u00fcnster &#8211; Vfl Bochum (20:30 Uhr):<\/em>&nbsp;Oliver Fa\u00dfnacht (Einzelspiel), Marco Hagemann (Konferenz)<\/li><li><em>SpVgg Unterhaching &#8211; SC Freiburg (20:30 Uhr):<\/em>&nbsp;Sven Schr\u00f6ter (Einzelspiel), Sascha Roos (Konferenz)<\/li><li><em>Eintracht Trier &#8211; Hertha BSC Berlin (20:30 Uhr):<\/em>&nbsp;Roland Evers (Einzelspiel), Marcel Meinert (Konferenz)<\/li><li><em>FSV Frankfurt &#8211; Vfl Osnabr\u00fcck (20:30 Uhr):<\/em>&nbsp;Markus Jestaedt (Einzelspiel), Guido H\u00fcsgen (Konferenz)<\/li><li><em>Kickers Offenbach &#8211; SpVgg Greuther F\u00fcrth (20:30 Uhr):<\/em>&nbsp;Marc Hindelang (Einzelspiel), Gerhard Willmann (Konferenz)<\/li><li><em>Erzgebirge Aue &#8211; FC St. Pauli (20:30 Uhr):<\/em>&nbsp;Karsten Petrzika (Einzelspiel), Andreas Renner (Konferenz)<\/li><\/ul>\n\n\n\n<p>Moderation: Jan Henkel<\/p>\n\n\n\n<p>Samstag, 09.08.2008<\/p>\n\n\n\n<ul class=\"wp-block-list\"><li><em>Holstein Kiel &#8211; Hansa Rostock (15:30 Uhr):<\/em>&nbsp;Markus Gaupp (Einzelspiel), Dirc Seemann (Konferenz)<\/li><li><em>SV Babelsberg 03 &#8211; FSV Mainz 05 (15:30 Uhr):<\/em>&nbsp;Sascha Roos (Einzelspiel), Gerhard Willmann (Konferenz)<\/li><li><em>Rot-Weiss Essen &#8211; Borussia Dortmund (15:30 Uhr):<\/em>&nbsp;Marcus Lindemann (Einzelspiel), Tom Bayer (Konferenz)<\/li><li><em>Hallescher FC &#8211; Hannover 96 (15:30 Uhr):<\/em>&nbsp;Oliver Seidler (Einzelspiel), Oliver Fassnacht (Konferenz)<\/li><li><em>VfB Fichte Bielefeld &#8211; Borussia M\u00f6nchengladbach (15:30 Uhr):<\/em>&nbsp;Max Jung (Einzelspiel), Martin Gro\u00df (Konferenz)<\/li><li><em>FC Wegberg-Beeck &#8211; Alemannia Aachen (15:30 Uhr):<\/em>&nbsp;Ulli Potofski (Einzelspiel), Marcel Meinert (Konferenz)<\/li><li><em>Eintracht Nordhorn &#8211; SV Werder Bremen (15:30 Uhr):<\/em>&nbsp;Torsten Kunde (Einzelspiel), Marco Hagemann (Konferenz)<\/li><li><em>FC Ingolstadt 04 &#8211; Hamburger SV (15:30 Uhr):<\/em>&nbsp;Fritz von Thurn und Taxis (Einzelspiel), Michael Leopold (Konferenz)<\/li><\/ul>\n\n\n\n<p>Moderation: Dieter Nickles, Experte: Stefan Effenberg<\/p>\n\n\n\n<ul class=\"wp-block-list\"><li><em>FC 08 Homburg &#8211; FC Schalke 04 (19:30 Uhr):<\/em>&nbsp;Kai Dittmann (Einzelspiel), Wolff Fuss (Konferenz)<\/li><li><em>SC Pfullendorf &#8211; Eintracht Frankfurt (19:30 Uhr):<\/em>&nbsp;Andreas Renner (Einzelspiel), Marc Hindelang (Konferenz)<\/li><li><em>Tennis Borussia Berlin &#8211; Energie Cottbus (19:30 Uhr):<\/em>&nbsp;Heiko Mallwitz (Einzelspiel), Roland Evers (Konferenz)<\/li><li><em>FC Carl Zeiss Jena &#8211; 1. FC Kaiserslautern (19:30 Uhr):<\/em>&nbsp;Stefan Hempel (Einzelspiel), Sven Schr\u00f6ter (Konferenz)<\/li><li><em>SC Paderborn 07 &#8211; FC Augsburg (19:30 Uhr):<\/em>&nbsp;Toni Tomic (Einzelspiel), Guido H\u00fcsgen (Konferenz)<\/li><\/ul>\n\n\n\n<p>Moderation: Patrick Wasserziehr<\/p>\n\n\n\n<p>Sonntag, 10.08.2008<\/p>\n\n\n\n<ul class=\"wp-block-list\"><li><em>SpVgg Ansbach &#8211; Karlsruher SC (14:30 Uhr):<\/em>&nbsp;Marco Hagemann (Einzelspiel), Torsten Kunde (Konferenz)<\/li><li><em>ASV Bergedorf 85 &#8211; MSV Duisburg (14:30 Uhr):<\/em>&nbsp;Dirc Seemann (Einzelspiel), Marcel Meinert (Konferenz)<\/li><li><em>TSG Neustrelitz &#8211; 1860 M\u00fcnchen (14:30 Uhr):<\/em>&nbsp;Gerhard Willmann (Einzelspiel), Oliver Fassnacht (Konferenz)<\/li><li><em>1. FC Heidenheim &#8211; Vfl Wolfsburg (14:30 Uhr):<\/em>&nbsp;Michael Leopold (Einzelspiel), Wolff Fuss (Konferenz)<\/li><\/ul>\n\n\n\n<ul class=\"wp-block-list\"><li><em>FC Oberneuland &#8211; TuS Koblenz (16:00 Uhr):<\/em>&nbsp;Ulli Potofski (Einzelspiel), Guido H\u00fcsgen (Konferenz)<\/li><li><em>ASV Durlach &#8211; Arminia Bielefeld (16:00 Uhr):<\/em>&nbsp;Sven Schr\u00f6ter (Einzelspiel), Oliver Seidler (Konferenz)<\/li><li><em>SV Darmstadt 98 &#8211; SV Wehen Wiesbaden (16:00 Uhr):<\/em>&nbsp;Markus Jestaedt (Einzelspiel), Marc Hindelang (Konferenz)<\/li><\/ul>\n\n\n\n<ul class=\"wp-block-list\"><li><em>RW Oberhausen &#8211; Bayer 04 Leverkusen (17:30 Uhr):<\/em>&nbsp;Tom Bayer (Einzelspiel), Kai Dittmann (Konferenz)<\/li><li><em>Chemnitzer FC &#8211; 1899 Hoffenheim (17:30 Uhr):<\/em>&nbsp;Sascha Roos (Einzelspiel), Roland Evers (Konferenz)<\/li><li><em>FC Hansa L\u00fcneburg &#8211; VfB Stuttgart (17:30 Uhr):<\/em>&nbsp;Patrick Wasserziehr (Einzelspiel), Martin Gro\u00df (Konferenz)<\/li><li><em>Rot-Weiss Ahlen &#8211; 1. FC N\u00fcrnberg (17:30 Uhr):<\/em>&nbsp;J\u00fcrgen Schmitz (Einzelspiel), Andreas Renner (Konferenz)<\/li><\/ul>\n\n\n\n<p>Moderation: Jan Henkel<br><\/p>\n\n\n\n<ul class=\"wp-block-list\"><li><em>Rot-Wei\u00df Erfurt &#8211; FC Bayern M\u00fcnchen (20:30 Uhr):<\/em>&nbsp;Marcel Reif (Einzelspiel; Premiere), Oliver Schmidt (Einzelspiel; ZDF)<\/li><\/ul>\n\n\n\n<p>Moderation: Sebastian Hellmann, Experte: Stefan Effenberg (Premiere)<\/p>\n\n\n\n<p><strong>Analyse:<\/strong><\/p>\n\n\n\n<p>\u00dcberraschungen? Fehlanzeige! Zumindest, was Premiere angeht, aber wir gehen mal chronologisch vor:<\/p>\n\n\n\n<p>Die neue &#8222;Epoche&#8220; der DFB-Pokal-\u00dcbertragung beginnt in der ersten Hauptrunde mit der Partie SV Niederauerbach &#8211; 1. FC K\u00f6ln. Da das Stadion im Stadtteil von Zweibr\u00fccken zu klein ist, zieht man nach Pirmasens um, um dort den Erstligaaufsteiger zu empfangen. Kommentator wird Wolff Fuss sein. Ihm wird also die &#8222;Ehre&#8220; zuteil, das erste DFB-Pokalspiel auf Premiere zu begleiten. Das sollte man (aufgrund der Spielpaarung) vielleicht nicht all zu hoch bewerten aber gemeinsam mit Jessica Kastrop bildet er doch ein recht junges Team. Bleibt nur zu hoffen, dass sowohl Fuss, als auch Kastrop in Pirmasens vor Ort sind und man Jessica Kastrop nicht alleine im gro\u00dfen Studio versauern l\u00e4sst. Die Tatsache, dass Fuss aber erst wieder am Samstag Abend in der Konferenz zum Einsatz kommt, legt der vor Ort-Reportage eigentlich keine Steine in den Weg.<\/p>\n\n\n\n<p>Ansonsten kommentieren kleinere Derbys wie Essen &#8211; Dortmund die Top-Leute wie Marcus Lindemann, Tom Bayer oder Kai Dittmann. Die restlichen &#8222;etatm\u00e4\u00dfigen&#8220; Erstligakommentatoren kommentieren auch die Partien mit Erstligabeteiligung; ebenso die Kollegen aus der zweiten Liga. Wie zu erwarten war, ist Marcel Reif der Mann f\u00fcr das angebliche Top-Spiel Erfurt &#8211; Bayern.<\/p>\n\n\n\n<p>Da das Spiel ja auch im Free-TV \u00fcbertragen wird, musste auch dort auch ein Kommentator gefunden werden. Was aber gar nicht so einfach war, da sich zu der Zeit des Spiels bereits alle Stammkommentatoren des ZDF in Peking befinden. Und so kommt Oliver Schmidt zu seinem ersten DFB-Pokal Einsatz (dabei soll es \u00fcbrigens nicht bleiben (dazu bald mehr)) &#8211; und dann auch noch direkt die Bayern!<\/p>\n\n\n\n<p>Drei kleinere \u00dcberraschungen gibt es aber dann doch noch bei Premiere: Mit Toni Tomic gibt es doch noch ein Deb\u00fct. Tomic ist als Filmemacher und Redakteur schon l\u00e4nger f\u00fcr Premiere t\u00e4tig und muss nun wohl notgedrungen auch mal als Kommentator ran. Bei den Ansetzungen fehlen aber zwei Namen, und die sind gar nicht mal so unbekannt: Mit Hansi K\u00fcpper und Matthias Stach fehlen zwei wichtige S\u00e4ulen von Premiere. W\u00e4hrend man Stachs Fehlen leicht mit den Spielen in Peking entschuldigen kann (wo er wohl f\u00fcr Eurosport unterwegs sein wird), bleibt die Nichtanwesenheit von K\u00fcpper das erste Fragezeichen der Saison. Mal sehen, ob er am ersten Bundesliga Spieltag mit von der Partie ist&#8230;<\/p>\n\n\n\n<p>In diesem Sinne:<\/p>\n\n\n\n<p>Bums da ham&#8216; wa&#8217;s doch!<\/p>\n\n\n\n<p>Theo und Frederik<\/p>\n","protected":false},"excerpt":{"rendered":"<p>(Beitrag von Frederik Voss und Theo Wurth, reposted von Nico) So, liebe Gemeinde, frei nach Goethe beginnen wir also mit dem aller ersten Kommentatorenansetzungseintrag &#8211; das hei\u00dft, Freddy mit der aller ersten Analyse und meine Wenigkeit mit diesen aller ersten einleitenden Worten, wenn wir von der Begr\u00fc\u00dfung mal absehen wollen. Und es ist nicht nur [&hellip;]<\/p>\n","protected":false},"author":1,"featured_media":0,"comment_status":"open","ping_status":"open","sticky":false,"template":"","format":"standard","meta":{"footnotes":""},"categories":[429],"tags":[],"class_list":["post-2972","post","type-post","status-publish","format-standard","hentry","category-diverses"],"_links":{"self":[{"href":"https:\/\/kommentatorenblog.de\/index.php?rest_route=\/wp\/v2\/posts\/2972","targetHints":{"allow":["GET"]}}],"collection":[{"href":"https:\/\/kommentatorenblog.de\/index.php?rest_route=\/wp\/v2\/posts"}],"about":[{"href":"https:\/\/kommentatorenblog.de\/index.php?rest_route=\/wp\/v2\/types\/post"}],"author":[{"embeddable":true,"href":"https:\/\/kommentatorenblog.de\/index.php?rest_route=\/wp\/v2\/users\/1"}],"replies":[{"embeddable":true,"href":"https:\/\/kommentatorenblog.de\/index.php?rest_route=%2Fwp%2Fv2%2Fcomments&post=2972"}],"version-history":[{"count":4,"href":"https:\/\/kommentatorenblog.de\/index.php?rest_route=\/wp\/v2\/posts\/2972\/revisions"}],"predecessor-version":[{"id":7211,"href":"https:\/\/kommentatorenblog.de\/index.php?rest_route=\/wp\/v2\/posts\/2972\/revisions\/7211"}],"wp:attachment":[{"href":"https:\/\/kommentatorenblog.de\/index.php?rest_route=%2Fwp%2Fv2%2Fmedia&parent=2972"}],"wp:term":[{"taxonomy":"category","embeddable":true,"href":"https:\/\/kommentatorenblog.de\/index.php?rest_route=%2Fwp%2Fv2%2Fcategories&post=2972"},{"taxonomy":"post_tag","embeddable":true,"href":"https:\/\/kommentatorenblog.de\/index.php?rest_route=%2Fwp%2Fv2%2Ftags&post=2972"}],"curies":[{"name":"wp","href":"https:\/\/api.w.org\/{rel}","templated":true}]}}