{"id":2976,"date":"2020-07-27T16:10:20","date_gmt":"2020-07-27T16:10:20","guid":{"rendered":"http:\/\/kommentatorenblog.de\/?p=2976"},"modified":"2020-12-30T16:04:15","modified_gmt":"2020-12-30T16:04:15","slug":"1092-serie-a-only","status":"publish","type":"post","link":"https:\/\/kommentatorenblog.de\/?p=2976","title":{"rendered":"1092 \u2013 Serie A only ?!"},"content":{"rendered":"\n<p>N\u2019Abend allerseits!<\/p>\n\n\n\n<p>Hier im Blog ist es ja im Sommer immer etwas ruhiger&#8230; In den sozialem Medien legen wir eine kleine Pause ein und hier auf der Website ergeben sich nicht die gro\u00dfen Vorworte. Unsere ge- und hoffentlich auch beliebten Eintr\u00e4ge zu EM- oder Olympia-Personal wird\u00b4s ja erst n\u00e4chstes Jahr wieder geben. <\/p>\n\n\n\n<p>Die Mehrheit der Leser interessiert sich nat\u00fcrlich vor allem f\u00fcr die Bundesliga- und Champions League Ansetzungen. Letztere werden wir ja schon bald wieder liefern :). Regul\u00e4ren Liga-Betrieb gibt\u00b4s noch in Italien. In der Championship geht\u00b4s um den Aufstieg und in China hat mittlerweile die Saison angefangen. Die restlichen Infos findet ihr unten in der Analyse.<\/p>\n\n\n\n<p><strong><em>Die Ansetzungen vom 28. Juli 2020 bis zum 30. Juli 2020<\/em><\/strong><\/p>\n\n\n\n<p><strong>Internationaler Fu\u00dfball<\/strong><\/p>\n\n\n\n<p><span style=\"text-decoration: underline;\">Dienstag, 28 Juli 2020<\/span><\/p>\n\n\n\n<p>Serie A, 37. Spieltag:\u00a0<em><strong>Parma \u2013 Atalanta Bergamo (19.30 Uhr)<\/strong><\/em><\/p>\n\n\n\n<p>DAZN: Flo Eckl<\/p>\n\n\n\n<p>Serie A, 37. Spieltag:\u00a0<em><strong>Inter Mailand \u2013 SSC Neapel (21.45 Uhr)<\/strong><\/em><\/p>\n\n\n\n<p>DAZN: Guido H\u00fcsgen, Experte: Michael Hofmann<\/p>\n\n\n\n<p><span style=\"text-decoration: underline;\">Mittwoch, 29. Juli 2020<\/span><\/p>\n\n\n\n<p>Serie A, 37. Spieltag:\u00a0<em><strong>Lazio Rom \u2013 Brescia Calcio (19.30 Uhr)<\/strong><\/em><\/p>\n\n\n\n<p>DAZN: Stefan Galler<\/p>\n\n\n\n<p>Serie A, 37. Spieltag:\u00a0<em><strong>Sampdoria Genua \u2013 AC Mailand (21.45 Uhr)<\/strong><\/em><\/p>\n\n\n\n<p>DAZN: Ruben Zimmermann, Experte: Ralph Gunesch<\/p>\n\n\n\n<p>Sky Bet Championship, Playoff-Halbfinale (R\u00fcckspiel): <strong><em>Brentford FC \u2013 Swansea City (20.45 Uhr) <\/em><\/strong><\/p>\n\n\n\n<p>DAZN: Marco Hagemann<\/p>\n\n\n\n<p>sportdigital FUSSBALL: Florian Obst <\/p>\n\n\n\n<p>T\u00fcrkiye Kupasi, Finale: <strong><em>Trabzonspor \u2013 Alanyaspor (20.30 Uhr)<\/em><\/strong><\/p>\n\n\n\n<p>sportdigital FUSSBALL: Karsten Linke<\/p>\n\n\n\n<p>Serie A, 37. Spieltag:\u00a0<em><strong>Cagliari Calcio \u2013 Juventus Turin (21.45 Uhr)<\/strong><\/em><\/p>\n\n\n\n<p>DAZN: Carsten Fu\u00df, Experte: Christian Bernhard<\/p>\n\n\n<p>Serie A, 37. Spieltag:\u00a0<em><strong>FC Turin \u2013 AS Rom (21.45 Uhr)<\/strong><\/em><\/p>\n<p><!-- \/wp:paragraph --> <!-- wp:paragraph --><\/p>\n<p>DAZN: Jan Platte, Experte: Jonas Hummels\u00a0<\/p>\n<p><!-- \/wp:paragraph --><\/p>\n\n<!-- wp:paragraph -->\n<p><span style=\"text-decoration: underline;\">Donnerstag, 30. Juli 2020<\/span><\/p>\n<!-- \/wp:paragraph -->\n\n<!-- wp:paragraph -->\n<p>Chinese Super League, 02. Spieltag:\u00a0 <strong><em>Guangzhou RF \u2013 Guangzhou Evergrande (14.00 Uhr)<\/em><\/strong><\/p>\n<!-- \/wp:paragraph -->\n\n<!-- wp:paragraph -->\n<p>sportdigital FUSSBALL: Hannes Herrmann<\/p>\n<!-- \/wp:paragraph -->\n\n<!-- wp:paragraph -->\n<p>Sky Bet Championship, Playoff-Halbfinale (R\u00fcckspiel):\u00a0<strong><em>FC Fulham \u2013 Cardiff City (20.45 Uhr)<\/em><\/strong><\/p>\n<!-- \/wp:paragraph -->\n\n<!-- wp:paragraph -->\n<p>DAZN: Uli Hebel<\/p>\n<!-- \/wp:paragraph -->\n\n<!-- wp:paragraph -->\n<p>sportdigital FUSSBALL: Karsten Linke <\/p>\n<!-- \/wp:paragraph -->\n\n<!-- wp:paragraph -->\n<p><strong>Die Analyse<\/strong><\/p>\n<!-- \/wp:paragraph -->\n\n<!-- wp:paragraph -->\n<p><strong>Serie A only ?!<\/strong><\/p>\n<!-- \/wp:paragraph -->\n\n<!-- wp:paragraph -->\n<p>BR-Allzweckwaffe Flo Eckl \u00fcbernimmt morgen den Auftakt f\u00fcr DAZN in der Serie A alleine. Zuletzt hatte er sich mal von Namensvetter Hauser Ex-Bundesliga-Profi Max Nicu ausgeliehen. H\u00fcsgen sitzt wieder bei Inter am Mikro. Galler zeigt, dass er nicht nur franz\u00f6sischen Fu\u00dfball kommentieren kann. Das &#8222;Barcelona-Duo&#8220; Platte\/Hummels macht Turin gegen die Roma. The legend Carsten Fu\u00df kommentiert zusammen mit Christian Bernhard die K\u00fcr von Juventus?!<\/p>\n<!-- \/wp:paragraph -->\n\n<!-- wp:paragraph -->\n<p><strong>Playoffs und China again<\/strong><\/p>\n<!-- \/wp:paragraph -->\n\n<!-- wp:paragraph -->\n<p>Bei DAZN und sportdigital FUSSBALL sind wieder die gleichen Reporter bei den gleichen Halbfinal-Begegnungen der Championship-Playoffs im Einsatz &#8211; macht Sinn. Die Jungs aus Hamburg von sportdigital zeigen euch zudem noch das t\u00fcrkische Pokalfinale und das Stadtderby in Guangzhou. Sky\u00b4s PL-Neuzugang Hannes Herrmann begleitet Spieltag Nr. 2 in China.  <\/p>\n<!-- \/wp:paragraph -->\n\n<!-- wp:paragraph -->\n<p>Macht das Beste draus!<\/p>\n<!-- \/wp:paragraph -->","protected":false},"excerpt":{"rendered":"<p>N\u2019Abend allerseits! Hier im Blog ist es ja im Sommer immer etwas ruhiger&#8230; In den sozialem Medien legen wir eine kleine Pause ein und hier auf der Website ergeben sich nicht die gro\u00dfen Vorworte. Unsere ge- und hoffentlich auch beliebten Eintr\u00e4ge zu EM- oder Olympia-Personal wird\u00b4s ja erst n\u00e4chstes Jahr wieder geben. Die Mehrheit der [&hellip;]<\/p>\n","protected":false},"author":3,"featured_media":0,"comment_status":"open","ping_status":"open","sticky":false,"template":"","format":"standard","meta":{"footnotes":""},"categories":[429],"tags":[131,56,13,318,220,104,48,169,59,43,127,81,134,154,105],"class_list":["post-2976","post","type-post","status-publish","format-standard","hentry","category-diverses","tag-carsten-fuss","tag-chinese-super-league","tag-dazn","tag-flo-eckl","tag-florian-obst","tag-hannes-herrmann","tag-jan-platte","tag-jonas-hummels","tag-karsten-linke","tag-marco-hagemann","tag-serie-a","tag-sky-bet-championship","tag-sportdigital-fussball","tag-stefan-galler","tag-uli-hebel"],"_links":{"self":[{"href":"https:\/\/kommentatorenblog.de\/index.php?rest_route=\/wp\/v2\/posts\/2976","targetHints":{"allow":["GET"]}}],"collection":[{"href":"https:\/\/kommentatorenblog.de\/index.php?rest_route=\/wp\/v2\/posts"}],"about":[{"href":"https:\/\/kommentatorenblog.de\/index.php?rest_route=\/wp\/v2\/types\/post"}],"author":[{"embeddable":true,"href":"https:\/\/kommentatorenblog.de\/index.php?rest_route=\/wp\/v2\/users\/3"}],"replies":[{"embeddable":true,"href":"https:\/\/kommentatorenblog.de\/index.php?rest_route=%2Fwp%2Fv2%2Fcomments&post=2976"}],"version-history":[{"count":12,"href":"https:\/\/kommentatorenblog.de\/index.php?rest_route=\/wp\/v2\/posts\/2976\/revisions"}],"predecessor-version":[{"id":2988,"href":"https:\/\/kommentatorenblog.de\/index.php?rest_route=\/wp\/v2\/posts\/2976\/revisions\/2988"}],"wp:attachment":[{"href":"https:\/\/kommentatorenblog.de\/index.php?rest_route=%2Fwp%2Fv2%2Fmedia&parent=2976"}],"wp:term":[{"taxonomy":"category","embeddable":true,"href":"https:\/\/kommentatorenblog.de\/index.php?rest_route=%2Fwp%2Fv2%2Fcategories&post=2976"},{"taxonomy":"post_tag","embeddable":true,"href":"https:\/\/kommentatorenblog.de\/index.php?rest_route=%2Fwp%2Fv2%2Ftags&post=2976"}],"curies":[{"name":"wp","href":"https:\/\/api.w.org\/{rel}","templated":true}]}}