{"id":309,"date":"2019-09-16T15:12:06","date_gmt":"2019-09-16T15:12:06","guid":{"rendered":"http:\/\/kommentatorenblog.de\/?p=309"},"modified":"2020-12-30T16:07:39","modified_gmt":"2020-12-30T16:07:39","slug":"1016-das-warten-hat-ein-ende","status":"publish","type":"post","link":"https:\/\/kommentatorenblog.de\/?p=309","title":{"rendered":"1016 &#8211; Das Warten hat ein Ende"},"content":{"rendered":"\n<p>N\u00b4Abend allerseits,<\/p>\n\n\n\n<p>das Warten hat endlich ein Ende. Die Champions League ist zur\u00fcck. Wir dr\u00f6sseln wieder die Aufteilung zwischen Sky und DAZN auf. Infos gibt\u00b4s wie immer in der Analyse. <\/p>\n\n\n\n<p><strong><em>Die Ansetzungen vom 17. September 2019 bis zum 19. September 2019<\/em><\/strong><\/p>\n\n\n\n<p><strong>Champions League Gruppenphase, 01. Spieltag<\/strong><\/p>\n\n\n\n<p><span style=\"text-decoration: underline;\">Dienstag, 17. September 2019 ab 18.30 Uhr (Sky)\/ ab 18.55 Uhr (DAZN)<\/span><\/p>\n\n\n\n<p><strong><em>Inter Mailand \u2013 Slavia Prag (19.00 Uhr)<\/em><\/strong><\/p>\n\n\n\n<p>DAZN: Guido H\u00fcsgen, Experte: Max Nicu (Einzelspiel)<\/p>\n\n\n\n<p>Sky: Roland Evers (Konferenz)<\/p>\n\n\n\n<p><em><strong>Olympique Lyon &#8211; Zenit St. Petersburg <\/strong><\/em><strong><em>(19.00 Uhr)<\/em><\/strong> <\/p>\n\n\n\n<p>DAZN: Stefan Galler (Einzelspiel)<\/p>\n\n\n\n<p>Sky: Oliver Seidler (Konferenz)<\/p>\n\n\n\n<p><span style=\"text-decoration: underline;\">ab 19.30 Uhr (Sky)\/ ab 20.45 Uhr\/ ab 20.55 Uhr (DAZN)<\/span><\/p>\n\n\n\n<p><strong><em>Borussia Dortmund \u2013 FC Barcelona (21.00 Uhr)<\/em><\/strong><\/p>\n\n\n\n<p>Sky: Wolff Fuss (Einzelspiel), Frank Buschmann (Konferenz)<\/p>\n\n\n\n<p><em><strong>Benfica Lissabon<\/strong><\/em> <strong><em>\u2013 RB Leipzig <\/em><\/strong><strong><em>(21.00 Uhr)<\/em><\/strong> <\/p>\n\n\n\n<p>DAZN: Marco Hagemann, Experte: Jonas Hummels (Einzelspiel)<\/p>\n\n\n\n<p>Moderation (DAZN): Tobi Wahnschaffe<\/p>\n\n\n\n<p>Sky: Martin Gro\u00df (Konferenz)<\/p>\n\n\n\n<p><em><strong>SSC Neapel <\/strong><\/em><strong><em>\u2013 FC Liverpool <\/em><\/strong><strong><em>(21.00 Uhr)<\/em><\/strong><\/p>\n\n\n\n<p>DAZN: Lukas Sch\u00f6nm\u00fcller, Experte: Benny Lauth (Einzelspiel)<\/p>\n\n\n\n<p>Moderation (DAZN): Christoph Stadtler <\/p>\n\n\n\n<p>Sky: Michael Born (Konferenz)<\/p>\n\n\n\n<p><em><strong>FC Chelsea <\/strong><\/em><strong><em>\u2013 FC Valencia <\/em><\/strong><strong><em>(21.00 Uhr)<\/em><\/strong><\/p>\n\n\n\n<p>DAZN: Flo Eckl, Experte: Sascha Bigalke (Einzelspiel)<\/p>\n\n\n\n<p>Sky: Toni Tomic (Konferenz)<\/p>\n\n\n\n<p><em><strong>RB Salzburg <\/strong><\/em><strong><em>\u2013 KRC Genk <\/em><\/strong><strong><em>(21.00 Uhr)<\/em><\/strong><\/p>\n\n\n\n<p>DAZN: Christian Brugger, Experte: Andreas Ivanschitz (Einzelspiel)<\/p>\n\n\n\n<p>Sky: Phillip Paternina (Konferenz)<\/p>\n\n\n\n<p><strong><em>Ajax Amsterdam \u2013 OSC Lille (21.00 Uhr)<\/em><\/strong><\/p>\n\n\n\n<p>DAZN: Matthias Naebers (Einzelspiel)<\/p>\n\n\n\n<p>Sky: J\u00f6rg Dahlmann (Konferenz)<\/p>\n\n\n\n<p>Moderation (Sky): Sebastian Hellmann, Experten: Lothar Matth\u00e4us, Ewald Lienen<\/p>\n\n\n\n<p><span style=\"text-decoration: underline;\">Mittwoch, 18. September 2019 ab 18.30 Uhr (Sky)\/ ab 18.55 Uhr (DAZN) <\/span><\/p>\n\n\n\n<p><strong><em>Olympiakos Pir\u00e4us \u2013 Tottenham Hotspurs (19.00 Uhr)<\/em><\/strong><\/p>\n\n\n\n<p>DAZN: Daniel G\u00fcnther (Einzelspiel)<\/p>\n\n\n\n<p>Sky: Toni Tomic (Konferenz)<\/p>\n\n\n\n<p><strong><em>FC Br\u00fcgge \u2013 Galatasaray Istanbul (19.00 Uhr)<\/em><\/strong><\/p>\n\n\n\n<p>DAZN: Guido H\u00fcsgen, Experte: Necat Ayg\u00fcn (Einzelspiel)<\/p>\n\n\n\n<p>Sky: Hansi K\u00fcpper (Konferenz) <\/p>\n\n\n\n<p><span style=\"text-decoration: underline;\">ab 19.30 Uhr (Sky)\/ ab 20.45 Uhr\/ ab 20.55 Uhr (DAZN)<\/span><\/p>\n\n\n\n<p><strong><em>FC Bayern M\u00fcnchen \u2013 Roter Stern Belgrad (21.00 Uhr)<\/em><\/strong> <\/p>\n\n\n\n<p>Sky: Kai Dittmann (Einzelspiel), Martin Gro\u00df (Konferenz)<\/p>\n\n\n\n<p><strong><em>Paris Saint Germain \u2013 Real Madrid (21.00 Uhr)<\/em><\/strong><\/p>\n\n\n\n<p>DAZN: Jan Platte, Experte: Per Mertesacker (Einzelspiel)<\/p>\n\n\n\n<p>Moderation (DAZN): Alex Schl\u00fcter <\/p>\n\n\n\n<p>Sky: Frank Buschmann (Konferenz)<\/p>\n\n\n\n<p><strong><em>Bayer 04 Leverkusen \u2013 Lokomotive Moskau (21.00 Uhr)<\/em><\/strong><\/p>\n\n\n\n<p>DAZN: Uli Hebel, Experte: Ralph Gunesch (Einzelspiel)<\/p>\n\n\n\n<p>Moderation (DAZN): Christoph Stadtler <\/p>\n\n\n\n<p>Sky: Oliver Seidler (Konferenz)<\/p>\n\n\n\n<p><strong><em>Atletico Madrid \u2013 Juventus Turin (21.00 Uhr)<\/em><\/strong><\/p>\n\n\n\n<p>DAZN: Carsten Fu\u00df, Experte: Benny Lauth (Einzelspiel)<\/p>\n\n\n\n<p>Sky: Michael Born (Konferenz)<\/p>\n\n\n\n<p><strong><em>Schachtjor Donezk \u2013 Manchester City (21.00 Uhr) <\/em><\/strong><\/p>\n\n\n\n<p>DAZN: Oliver Forster, Experte: Michael Hofmann (Einzelspiel)<\/p>\n\n\n\n<p>Sky: Roland Evers (Konferenz)<\/p>\n\n\n\n<p><strong><em>Dinamo Zagreb \u2013 Atalanta Bergamo (21.00 Uhr)<\/em><\/strong><em> <\/em><\/p>\n\n\n\n<p>DAZN: Tino Polster (Einzelspiel)<\/p>\n\n\n\n<p>Sky: J\u00f6rg Dahlmann (Konferenz)<\/p>\n\n\n\n<p>Moderation (Sky): Michael Leopold, Experten: Didi Hamann, Hannes Wolf<\/p>\n\n\n\n<p><\/p>\n\n\n\n<p><strong>Europa League Gruppenphase, 01.Spieltag<\/strong><\/p>\n\n\n\n<p><span style=\"text-decoration: underline;\">Donnerstag, 19. September, ab 18.40 Uhr (DAZN)<\/span> <\/p>\n\n\n\n<p><strong><em>Eintracht Frankfurt \u2013 FC Arsenal London (19.00 Uhr)<\/em><\/strong> <\/p>\n\n\n\n<p>DAZN: Uli Hebel, Experte: Jonas Hummels<\/p>\n\n\n\n<p>Moderation (DAZN): Alex Schl\u00fcter <\/p>\n\n\n\n<p><span style=\"text-decoration: underline;\">ab 18.55 Uhr (DAZN)<\/span><\/p>\n\n\n\n<p><strong><em>GoalZone \u2013 01.Spieltag<\/em><\/strong><\/p>\n\n\n\n<p>DAZN: Jan L\u00fcdeke und Christoph Stadtler, Experte: Ralph Gunesch<\/p>\n\n\n\n<p><strong><em>Linzer ASK \u2013 Rosenborg Trondheim (19.00 Uhr)<\/em><\/strong><\/p>\n\n\n\n<p>DAZN: Philipp Krummholz, Experte: Oliver Lederer<\/p>\n\n\n\n<p><strong><em>FC Getafe <\/em><\/strong><strong><em>\u2013<\/em><\/strong><strong><em> Trabzonspor (19.00 Uhr)<\/em><\/strong><\/p>\n\n\n\n<p>DAZN: Tobi Fischbeck<\/p>\n\n\n\n<p><strong><em>PSV Eindhoven \u2013 Sporting Lissabon (19.00 Uhr)<\/em><\/strong><\/p>\n\n\n\n<p>DAZN: Tino Polster <\/p>\n\n\n\n<p><strong><em>Quarabag Agdam &#8211; FC Sevilla (19.00 Uhr)<\/em><\/strong><\/p>\n\n\n\n<p>DAZN: Oliver Forster <\/p>\n\n\n\n<p><span style=\"text-decoration: underline;\">ab 20.15 Uhr (Nitro)\/ ab 20.45 Uhr (DAZN)<\/span><\/p>\n\n\n\n<p><strong><em>Borussia M\u00b4Gladbach &#8211; Wolfsberger AC <\/em><\/strong><\/p>\n\n\n\n<p>Nitro: Marco Hagemann, Experte: Steffen Freund<\/p>\n\n\n\n<p>Moderation (Nitro): Laura Wontorra, Experte: Roman Weidenfeller<\/p>\n\n\n\n<p>DAZN: Jan Platte, Experte: Benny Lauth<\/p>\n\n\n\n<p>Moderation (DAZN): Lukas Sch\u00f6nm\u00fcller<\/p>\n\n\n\n<p><span style=\"text-decoration: underline;\">ab 20.55 Uhr (DAZN)<\/span><\/p>\n\n\n\n<p><strong><em>VfL Wolfsburg \u2013 Olexandrija (21.00 Uhr)<\/em><\/strong>  <\/p>\n\n\n\n<p>DAZN: ???<\/p>\n\n\n\n<p><strong><em>AS Rom \u2013 Istanbul Basaksehir (21.00 Uhr)<\/em><\/strong><\/p>\n\n\n\n<p>DAZN: Carsten Fu\u00df, Experte: Uwe Koschinat <\/p>\n\n\n\n<p><strong><em>Slovan Bratislava \u2013 Besiktas Istanbul (21.00 Uhr)<\/em><\/strong><\/p>\n\n\n\n<p>DAZN: Guido H\u00fcsgen, Experte: Necat Ayg\u00fcn <\/p>\n\n\n\n<p><strong><em>Manchester United \u2013 FC Astana (21.00 Uhr)<\/em><\/strong><\/p>\n\n\n\n<p>DAZN: Daniel G\u00fcnther, Experte: Lutz Pfannenstiel<\/p>\n\n\n\n<p><strong><em>Glasgow Rangers \u2013 Feyenoord Rotterdam (21.00 Uhr)<\/em><\/strong><\/p>\n\n\n\n<p>DAZN: Uwe Morawe<\/p>\n\n\n\n<p><\/p>\n\n\n\n<p><strong>Internationaler Fu\u00dfball<\/strong><\/p>\n\n\n\n<p><span style=\"text-decoration: underline;\">Donnerstag, 19.09.2019<\/span><\/p>\n\n\n\n<p>Copa do Brasil, Finale (R\u00fcckspiel):<strong> <em>Internacional <\/em><\/strong><strong><em>\u2013 <\/em><\/strong><strong><em>Athletico Paranaense (02.30 Uhr)<\/em><\/strong><\/p>\n\n\n\n<p>sportdigital FUSSBALL: Arne Malsch<\/p>\n\n\n\n<p><strong>Die Analyse<\/strong><\/p>\n\n\n\n<p>Sky besitzt jeweils den ersten Pick. Wenig \u00fcberraschend \u00fcbertr\u00e4gt der Pay-TV-Sender die Spiele von Dortmund (Dienstag) und Bayern (Mittwoch). Das Topspiel aus deutscher Sicht kommentiert Wolff Fuss live aus Dortmund. Im Gegenzug \u00fcbernimmt Kai Dittmann den Aufgalopp der Bayern gegen Belgrad. In der Konferenz sind diese Partien f\u00fcr Frank Buschmann und Martin Gro\u00df vorgesehen. F\u00fcr die Champions League &#8211; Konferenzen reisen zudem Born. Seidler und Dahlmann an. Sowohl das Trio, als auch Buschmann und Gro\u00df m\u00fcssen an beiden Abenden ran. Das Gleiche gilt f\u00fcr Toni Tomic und Roland Evers. Tomic, der zurzeit fast ausschlie\u00dflich Premier League &#8211; Partien kommentiert, ist passender Weise bei den Auftritten von Chelsea und Tottenham am Mikro. <\/p>\n\n\n\n<p>Champions Corner gibt es in dieser Saison \u00fcbrigens in neuer Besetzung. Margot Dumont erwartet ihr erstes Kind und Mirko Slomka hat ja bekanntlich wieder einen Trainerjob gefunden. Slomka wird ersetzt durch Andr\u00e9 Breitenreiter und Manuel Baum. Die (ehemaligen) Spielerinnen Sabine Loderer und Antonia Knupfer \u201eersetzen\u201c Dumont. Hinzu kommt wie letzte Saison immer ein wechselnder Gast. Auch auf der Moderationsposition wird durchgewechselt. Schmiso ist durch seine neue Premier League Aufgabe genug gefordert. Yannick Erkenbrecher und Martin Winkler, SSN-Mann der ersten Stunde, moderieren je eine Sendung in der Woche. Dar\u00fcber hinaus wird Riccardo Basile wohl in der \u201egro\u00dfen\u201c Sendung nicht mehr gebraucht. Social Media \u00fcbernimmt er jetzt bei Champions Corner.<\/p>\n\n\n\n<p>DAZN legt anscheinend den Fokus auf das Spiel zwischen PSG und Real Madrid. Chefreporter Jan Platte, Experte Per Mertesacker und Top-Moderator Alex Schl\u00fcter sind im Einsatz. Trios begleiten auch die \u00dcbertragungen der Spiele mit deutscher Beteiligung. Marco Hagemann kommentiert den Ausw\u00e4rtsauftritt der Leipziger in Lissabon. Uli Hebel hat ein Auge auf das Geschehen in Leverkusen. Unklar bleibt, ob DAZN sich zumindest bei einem der drei Spiele mit der vollen Kapelle aus dem Stadion meldet. Antonia Wisgickl, Daniel Herzog und Sebastian Benesch werden wahrscheinlich Interviews liefern. Die restlichen Spiele sind auch mit deutschem Kommentar angesetzt.<\/p>\n\n\n\n<p>In der Europa League gibt\u00b4s die GoalZone mit dem bew\u00e4hrten Tri L\u00fcdeke, Stadtler und Gunesch. Der Auftritt der Frankfurter Eintracht, die uns letztes Jahr so viel Freude bereitet hat, gibt\u00b4s exklusiv auf DAZN. Hebel, Hummels und Schl\u00fcter k\u00fcmmern sich um das Heimspiel gegen Arsenal. Nitro \u00fcbertr\u00e4gt das Spiel der Gladbacher gegen Wolfsberg mit der \u00fcblichen Crew &#8211; keine \u00dcberraschungen an dieser Stelle. Jan Platte ist hier am Mikro f\u00fcr DAZN zusammen mit Experte Benny Lauth, der diese Woche drei Eins\u00e4tze zu verzeichnen hat. F\u00fcr das europ\u00e4ische Comeback des VfL Wolfsburgs ist noch keine Ansetzung bekannt. Kaum vorstellbar, dass das Spiel nur mit englischem Kommentar auf DAZN l\u00e4uft. Dar\u00fcber hinaus werden zu beiden Ansto\u00dfzeiten weitere Spiele mit deutschem Kommentar und Experten wie Uwe Koschinat oder Lutz Pfannenstiel \u00fcbertragen. Den Rest gibt es wie \u00fcblich mit englischem Originalkommentar. <\/p>\n\n\n\n<p>Sportdigital hat zudem das Final-R\u00fcckspiel des brasilianischen Pokals im Angebot. <\/p>\n\n\n\n<p>Sch\u00f6ne Fu\u00dfballwoche!<\/p>\n","protected":false},"excerpt":{"rendered":"<p>N\u00b4Abend allerseits, das Warten hat endlich ein Ende. Die Champions League ist zur\u00fcck. Wir dr\u00f6sseln wieder die Aufteilung zwischen Sky und DAZN auf. Infos gibt\u00b4s wie immer in der Analyse. Die Ansetzungen vom 17. September 2019 bis zum 19. September 2019 Champions League Gruppenphase, 01. Spieltag Dienstag, 17. September 2019 ab 18.30 Uhr (Sky)\/ ab [&hellip;]<\/p>\n","protected":false},"author":3,"featured_media":0,"comment_status":"open","ping_status":"open","sticky":false,"template":"","format":"standard","meta":{"footnotes":""},"categories":[425],"tags":[160,13,42,48,26,93,43,95,114,88,113,161,45,98,22,24,105,107],"class_list":["post-309","post","type-post","status-publish","format-standard","hentry","category-champions-league-und-co","tag-champions-league","tag-dazn","tag-europa-league","tag-jan-platte","tag-joerg-dahlmann","tag-kai-dittmann","tag-marco-hagemann","tag-martin-gross","tag-michael-born","tag-michael-leopold","tag-oliver-seidler","tag-per-mertesacker","tag-roland-evers","tag-sebastian-hellmann","tag-sky","tag-toni-tomic","tag-uli-hebel","tag-wolff-fuss"],"_links":{"self":[{"href":"https:\/\/kommentatorenblog.de\/index.php?rest_route=\/wp\/v2\/posts\/309","targetHints":{"allow":["GET"]}}],"collection":[{"href":"https:\/\/kommentatorenblog.de\/index.php?rest_route=\/wp\/v2\/posts"}],"about":[{"href":"https:\/\/kommentatorenblog.de\/index.php?rest_route=\/wp\/v2\/types\/post"}],"author":[{"embeddable":true,"href":"https:\/\/kommentatorenblog.de\/index.php?rest_route=\/wp\/v2\/users\/3"}],"replies":[{"embeddable":true,"href":"https:\/\/kommentatorenblog.de\/index.php?rest_route=%2Fwp%2Fv2%2Fcomments&post=309"}],"version-history":[{"count":23,"href":"https:\/\/kommentatorenblog.de\/index.php?rest_route=\/wp\/v2\/posts\/309\/revisions"}],"predecessor-version":[{"id":332,"href":"https:\/\/kommentatorenblog.de\/index.php?rest_route=\/wp\/v2\/posts\/309\/revisions\/332"}],"wp:attachment":[{"href":"https:\/\/kommentatorenblog.de\/index.php?rest_route=%2Fwp%2Fv2%2Fmedia&parent=309"}],"wp:term":[{"taxonomy":"category","embeddable":true,"href":"https:\/\/kommentatorenblog.de\/index.php?rest_route=%2Fwp%2Fv2%2Fcategories&post=309"},{"taxonomy":"post_tag","embeddable":true,"href":"https:\/\/kommentatorenblog.de\/index.php?rest_route=%2Fwp%2Fv2%2Ftags&post=309"}],"curies":[{"name":"wp","href":"https:\/\/api.w.org\/{rel}","templated":true}]}}