{"id":3139,"date":"2020-08-20T15:19:29","date_gmt":"2020-08-20T15:19:29","guid":{"rendered":"http:\/\/kommentatorenblog.de\/?p=3139"},"modified":"2020-12-30T16:01:05","modified_gmt":"2020-12-30T16:01:05","slug":"1100-finale-bei-profis-und-amateuren","status":"publish","type":"post","link":"https:\/\/kommentatorenblog.de\/?p=3139","title":{"rendered":"1100 \u2013 Finale bei Profis und Amateuren"},"content":{"rendered":"\n<p>N&#8217;Abend Allerseits!<\/p>\n\n\n\n<p>Zun\u00e4chst bedanken wir uns f\u00fcr das Feedback bez\u00fcglich Senderauswahl und HD-Bild und nat\u00fcrlich die zahlreiche Teilnahme an den Umfragen auf Twitter und Instagram. Nix repr\u00e4sentativ, aber die Mehrheit der Leser hat das Halbfinale der Bayern gestern wohl auf Sky gesehen. Dieser Eindruck spiegelt sich auch in den ver\u00f6ffentlichten Einschaltquoten des Pay-TV-Senders wieder.  Fast 2 Millionen schalteten gestern ein. Es war die die reichweitenst\u00e4rkste in der Sendergeschichte (nur Champions League :)). Umso spannendere w\u00e4re es ja zu erfahren, wie viele Zuschauer die Partie gestern bei DAZN schauten. Aber der Streamingdienst ver\u00f6ffentlicht ja leider keine Einschaltquoten. Vielleicht \u00e4ndert sich ja dieses Vorgehensweise in den n\u00e4chsten Jahren.  <\/p>\n\n\n\n<p><strong><em>Die Ansetzungen vom 21. August 2020 bis zum 24. August 2020<\/em><\/strong><\/p>\n\n\n\n<p><strong>Champions League, Finale<\/strong><\/p>\n\n\n\n<p><span style=\"text-decoration: underline;\">Sonntag, 23. August 2020 ab 20.15 Uhr (ZDF)\/  ab 19:00 Uhr (Sky) und ab 20.30 Uhr (DAZN) <\/span><\/p>\n\n\n\n<p><em><strong>Paris Saint-Germain \u2013&nbsp;FC Bayern M\u00fcnchen (21.00 Uhr)<\/strong><\/em><\/p>\n\n\n\n<p>ZDF: B\u00e9la R\u00e9thy, Field-Reporterin: Claudia Neumann<\/p>\n\n\n\n<p>Sky: Wolff Fuss, Field-Reporter: Patrick Wasserziehr <\/p>\n\n\n\n<p>DAZN: Jan Platte, Experte: Per Mertesacker, Field-Reporter: Daniel Herzog<\/p>\n\n\n\n<p>Moderation (ZDF): Jochen Breyer, Experte: Sandro Wagner<\/p>\n\n\n\n<p>Moderation (Sky): Sebastian Hellmann, Experten: Lothar Matth\u00e4us, Erik Meijer, Boris Becker und Mark van Bommel  <\/p>\n\n\n\n<p>Moderation (DAZN): Alex Schl\u00fcter<\/p>\n\n\n\n<p><strong>Europa League, Finale<\/strong><\/p>\n\n\n\n<p><span style=\"text-decoration: underline;\">Freitag, 21. August 2020, ab 20.15 Uhr (RTL) bzw. ab 20.45 Uhr (DAZN)<\/span><\/p>\n\n\n\n<p><em><strong>FC Sevilla&nbsp;\u2013 Inter Mailand&nbsp;(21.00 Uhr)<\/strong><\/em><\/p>\n\n\n\n<p>DAZN: Uli Hebel, Experte: Jonas Hummels, Field-Reporter: Sebastian Benesch<\/p>\n\n\n\n<p>Nitro: Marco Hagemann, Experte: Steffen Freund<\/p>\n\n\n\n<p>Moderation (DAZN): Lukas Sch\u00f6nm\u00fcller<\/p>\n\n\n\n<p>Moderation (Nitro): Laura Wontorra, Experte: Roman Weidenfeller<\/p>\n\n\n\n<p><strong>Tag der Amateure<\/strong><\/p>\n\n\n\n<p><span style=\"text-decoration: underline;\">Anpfiff 14:45 Uhr:<\/span><\/p>\n\n\n\n<ul class=\"wp-block-list\"><li><strong><em>Eintracht Norderstedt &#8211; TSV Sasel<\/em><\/strong>, Kommentator: Patrick Halatsch, auch im Livestream, Kommentator: Florian Neuhaus<\/li><\/ul>\n\n\n\n<ul class=\"wp-block-list\"><li><strong><em>Union F\u00fcrstenwalde &#8211; SV Babelsberg<\/em><\/strong>, Kommentator: Max Zobel, auch im Livestream, Kommentator: Karsten Steinmetz<\/li><\/ul>\n\n\n\n<ul class=\"wp-block-list\"><li><strong><em>FC Eilenburg &#8211; Chemnitzer FC<\/em><\/strong>, Kommentator: Eik Galley, auch im Livestream, Kommentator: Andreas Mann<\/li><\/ul>\n\n\n\n<ul class=\"wp-block-list\"><li><strong><em>FSV Martinroda &#8211; Carl-Zeiss Jena<\/em><\/strong>, Kommentator: Torsten P\u00fcschel, auch im Livestream, Kommentator: Markus Herwig<\/li><\/ul>\n\n\n\n<ul class=\"wp-block-list\"><li><strong><em>Rot-Weiss-Essen &#8211; 1. FC Kleve<\/em><\/strong>, Kommentator: Marc Schl\u00f6mer, auch im Livestream, Kommentator: Benedikt Brinsa<\/li><\/ul>\n\n\n\n<ul class=\"wp-block-list\"><li><strong><em>FC Karbach &#8211; FV Engers<\/em><\/strong>, Kommentator: Florian Winkler<\/li><\/ul>\n\n\n\n<ul class=\"wp-block-list\"><li><strong><em>TSG Balingen &#8211; SSV Ulm<\/em><\/strong>, Kommentator: Stefan Kiss, auch im Livestream, Kommentator: Michael Bollenbacher<\/li><\/ul>\n\n\n\n<ul class=\"wp-block-list\"><li><strong><em>FC Rielasingen-Arlen &#8211; SV Oberachern<\/em><\/strong>, Kommentator: Philipp Sohmer<\/li><\/ul>\n\n\n\n<p><span style=\"text-decoration: underline;\">Anpfiff 16:45 Uhr:<\/span><\/p>\n\n\n\n<ul class=\"wp-block-list\"><li><strong><em>FC Hansa Rostock &#8211; Torgelower FC Greif<\/em><\/strong>, Kommentator: Jan Neumann, auch im Livestream, Kommentator: Tobias Blanck<\/li><\/ul>\n\n\n\n<ul class=\"wp-block-list\"><li><strong><em>Viktoria Berlin &#8211; VSG Altglienicke<\/em><\/strong>, Kommentatorin: Stephanie Baczyk, auch im Livestream, Kommentator: Lars Becker<\/li><\/ul>\n\n\n\n<ul class=\"wp-block-list\"><li><strong><em>1. FC D\u00fcren &#8211; Alemannia Aachen<\/em><\/strong>, Kommentator: Claus Lufen, auch im Livestream, Kommentator: Torsten Winkler<\/li><\/ul>\n\n\n\n<ul class=\"wp-block-list\"><li><strong><em>SV Todesfelde &#8211; VfB L\u00fcbeck<\/em><\/strong>, Kommentator: Wilfried Hark, auch im Livestream, Kommentator: Alexander Kobs<\/li><\/ul>\n\n\n\n<ul class=\"wp-block-list\"><li><strong><em>FC 08 Homburg &#8211; SV Elversberg<\/em><\/strong>, Kommentator: Frank Grundhever, auch im Livestream, Kommentator: Marc Drumm<\/li><\/ul>\n\n\n\n<ul class=\"wp-block-list\"><li><strong><em>FSV Frankfurt &#8211; TSV Steinbach<\/em><\/strong>, Kommentator: Florian Na\u00df, auch im Livestream, Kommentatorin: Ann-Kathrin Rose<\/li><\/ul>\n\n\n\n<ul class=\"wp-block-list\"><li><strong><em>1. FC Kaiserslautern &#8211; SV Alemannia Waldalgesheim<\/em><\/strong>, Kommentator: Tom Bartels, auch im Livestream, Kommentator: Stefan Kersthold<\/li><\/ul>\n\n\n\n<ul class=\"wp-block-list\"><li><strong><em>FC N\u00f6ttingen &#8211; Waldhof Mannheim<\/em><\/strong>, Kommentator: Martin Maib\u00fccher, auch im Livestream, Kommentator: Jens Ottmann<\/li><\/ul>\n\n\n\n<p><span style=\"text-decoration: underline;\">Anpfiff 17:45 Uhr:<\/span><\/p>\n\n\n\n<ul class=\"wp-block-list\"><li><strong><em>Blumenthaler SV &#8211; FC Oberneuland<\/em><\/strong>, Kommentator: Stephan Schiffner<\/li><\/ul>\n\n\n\n<ul class=\"wp-block-list\"><li><strong><em>Eintracht Celle &#8211; MTV Gifhorn<\/em><\/strong>, Kommentator: Matthias Cammann, auch im Livestream, Kommentator: Torsten Iffland<\/li><\/ul>\n\n\n\n<ul class=\"wp-block-list\"><li><strong><em>RSV Meinerzhagen &#8211; SV Schermbeck, <\/em><\/strong>Kommentator: Robert Hunke, auch im Livestream, Kommentator: Stefan H\u00e4nsel<\/li><\/ul>\n\n\n\n<p>Moderation: Julia Scharf, Experte: Thomas Broich<\/p>\n\n\n\n<p><strong>UEFA Women\u00b4s Champions League, Viertelfinale<\/strong><\/p>\n\n\n\n<p><span style=\"text-decoration: underline;\">Freitag, 21. August<\/span><\/p>\n\n\n\n<p><strong><em>Glasgow City \u2013\u00a0VfL Wolfsburg (18.00 Uhr)<\/em><\/strong><\/p>\n\n\n\n<p>Sport1: Oliver Forster <\/p>\n\n\n\n<p><span style=\"text-decoration: underline;\">Samstag, 22. August<\/span><\/p>\n\n\n\n<p><strong><em>Olympique Lyon \u2013\u00a0FC Bayern M\u00fcnchen (20.00 Uhr)<\/em><\/strong><\/p>\n\n\n\n<p>Sport1: Jochen Stutzky<\/p>\n\n\n\n<p><strong>UEFA Youth League, Halbfinale<\/strong><\/p>\n\n\n<p><strong><em>Ajax Amsterdam \u2013\u00a0 Benfica Lissabon (15.00 Uhr)<\/em><\/strong><\/p>\n<p><!-- \/wp:paragraph --> <!-- wp:paragraph --><\/p>\n<p>Sport1: Oliver Forster<!-- \/wp:paragraph --><!--StartFragment--><\/p>\n\n<!-- wp:paragraph -->\n<p><strong><em>RB Salzburg \u2013\u00a0Real Madrid (18.00 Uhr)<\/em><\/strong><\/p>\n<!-- \/wp:paragraph -->\n\n<!-- wp:paragraph -->\n<p>Sport1: Franz B\u00fcchner  <\/p>\n<!-- \/wp:paragraph -->\n\n<!-- wp:paragraph -->\n<p><strong>Internationaler Fu\u00dfball<\/strong><\/p>\n<!-- \/wp:paragraph -->\n\n<!-- wp:paragraph -->\n<p><span style=\"text-decoration: underline;\">Samstag, 22. August<\/span><\/p>\n<!-- \/wp:paragraph -->\n\n<!-- wp:paragraph -->\n<p>Ligue 1, 01. Spieltag: <strong><em>AS Monaco <\/em><\/strong><em><strong>\u2013<\/strong><\/em>\u00a0<strong><em>Stade Reims <\/em><\/strong><em><strong>(14.00 Uhr)<\/strong><\/em><\/p>\n<!-- \/wp:paragraph -->\n\n<!-- wp:paragraph -->\n<p>DAZN: David Ploch, Experte: Alexis Menuge<\/p>\n<!-- \/wp:paragraph -->\n\n<!-- wp:paragraph -->\n<p><span style=\"text-decoration: underline;\">Sonntag, 23. August<\/span> <\/p>\n<!-- \/wp:paragraph -->\n\n<!-- wp:paragraph -->\n<p>La Liga2, Finale-R\u00fcckspiel (Aufstiegsrunde):\u00a0<strong><em>Girona\u00a0<\/em><\/strong><em><strong>\u2013<\/strong><\/em>\u00a0<strong><em>Elche<\/em><\/strong><em><strong> (23.00 Uhr)<\/strong><\/em><\/p>\n<!-- \/wp:paragraph -->\n\n<!-- wp:paragraph -->\n<p>DAZN: Uwe Morawe<\/p>\n<!-- \/wp:paragraph -->\n\n<!-- wp:paragraph -->\n<p><strong>Die Analyse<\/strong><\/p>\n<!-- \/wp:paragraph -->\n\n<!-- wp:paragraph -->\n<p><strong>Fokus auf dem CL-Finale<\/strong><\/p>\n<!-- \/wp:paragraph -->\n\n<!-- wp:paragraph -->\n<p>Folgender Grundsatz gilt: Keine \u00dcberraschungen beim Personal. Das ZDF steigt beim CL-Finale ein. Jochen Breyer und Sandro Wagner melden sich aus Mainz. B\u00e9la R\u00e9thy kommentiert aus dem Estadio da Luz in Lissabon. Claudia Neumann, die bereits das komplette CL-Turnier f\u00fcr das ZDF in Lissabon begleitet, f\u00fchrt die Interviews. <strong>Brisant<\/strong>: Sandro Wagner sollte eigentlich am Sonntag bei Sky im Studio zu Gast sein. Der ehemalige Bundesliga-Spieler sagte seine Teilnahme allerdings vor Tagen ab. Nun ist auch der Grund klar. Die Reichweite beim ZDF wird nat\u00fcrlich auch gr\u00f6\u00dfer sein als bei Sky. Zudem kann Wagner sich f\u00fcr zuk\u00fcnftige Aufgaben bewerben. <\/p>\n<!-- \/wp:paragraph -->\n\n<!-- wp:paragraph -->\n<p>Bei Sky startet der Vorlauf bereits um 19.00 Uhr. &#8222;Ersatz&#8220; f\u00fcr Sandor Wagner sind mark van Bommel und Boris Becker. In Lissabon sind standesgem\u00e4\u00df Fuss und Wasserziehr im Einsatz. Dittmann kommentierte ja das Pokal-Finale. Leopold und Hamann begr\u00fc\u00dfen bereits am Samstag um 19.30 Uhr auf Sky Sport News zu  \u201eUEFA Champions League &#8211; Der finale Check\u201c.  <\/p>\n<!-- \/wp:paragraph -->\n\n<!-- wp:paragraph -->\n<p>Bei DAZN gibt\u00b4s nat\u00fcrlich Platte\/Merte\/Schl\u00fcti und Herzi :). Die Vorberichterstattung der Plattform startet zum Finale bereits um 20.30 Uhr.<\/p>\n<!-- \/wp:paragraph -->\n\n<!-- wp:paragraph -->\n<p><strong>Tag der Amateure<\/strong><\/p>\n<!-- \/wp:paragraph -->\n\n<!-- wp:paragraph -->\n<p>Der Tag der Amateure gleicht f\u00fcr uns nat\u00fcrlich einem Paradies, weil so viele Kommentatoren zum Einsatz kommen. Zum f\u00fcnften Mal in Folge \u00fcbertr\u00e4gt die ARD die Endspiele um die Fu\u00dfball-Landespokale. Robby Hunke tauscht beispielsweise Lissabon gegen Meinerzhagen. Florian Na\u00df schl\u00e4gt beim FSV Frankfurt auf. Claus Lufen macht sich auf den Weg nach D\u00fcren. Und Tom Bartels meldet sich vom Betzenberg. Bedingt durch die Corona-Regeln kommen die Moderationen nicht aus den Stadien. Bei den letzten \u00dcbertragungen zum Tag der Amateure war pro Ansto\u00dfzeit immer  ein neuer Moderator in einem anderen Stadion aktiv. Dieses Jahr f\u00fchren Julia Scharf und Thomas Broich  aus dem Sportschau-Studio in K\u00f6ln durch den Tag.  par<\/p>\n<!-- \/wp:paragraph -->\n\n<!-- wp:paragraph -->\n<p>Macht das Beste draus! <\/p>\n<!-- \/wp:paragraph -->","protected":false},"excerpt":{"rendered":"<p>N&#8217;Abend Allerseits! Zun\u00e4chst bedanken wir uns f\u00fcr das Feedback bez\u00fcglich Senderauswahl und HD-Bild und nat\u00fcrlich die zahlreiche Teilnahme an den Umfragen auf Twitter und Instagram. Nix repr\u00e4sentativ, aber die Mehrheit der Leser hat das Halbfinale der Bayern gestern wohl auf Sky gesehen. Dieser Eindruck spiegelt sich auch in den ver\u00f6ffentlichten Einschaltquoten des Pay-TV-Senders wieder. Fast [&hellip;]<\/p>\n","protected":false},"author":3,"featured_media":0,"comment_status":"open","ping_status":"open","sticky":false,"template":"","format":"standard","meta":{"footnotes":""},"categories":[425],"tags":[49,19,47,13,48,39,98,22,107,37],"class_list":["post-3139","post","type-post","status-publish","format-standard","hentry","category-champions-league-und-co","tag-alex-schlueter","tag-ard","tag-bela-rethy","tag-dazn","tag-jan-platte","tag-jochen-breyer","tag-sebastian-hellmann","tag-sky","tag-wolff-fuss","tag-zdf"],"_links":{"self":[{"href":"https:\/\/kommentatorenblog.de\/index.php?rest_route=\/wp\/v2\/posts\/3139","targetHints":{"allow":["GET"]}}],"collection":[{"href":"https:\/\/kommentatorenblog.de\/index.php?rest_route=\/wp\/v2\/posts"}],"about":[{"href":"https:\/\/kommentatorenblog.de\/index.php?rest_route=\/wp\/v2\/types\/post"}],"author":[{"embeddable":true,"href":"https:\/\/kommentatorenblog.de\/index.php?rest_route=\/wp\/v2\/users\/3"}],"replies":[{"embeddable":true,"href":"https:\/\/kommentatorenblog.de\/index.php?rest_route=%2Fwp%2Fv2%2Fcomments&post=3139"}],"version-history":[{"count":42,"href":"https:\/\/kommentatorenblog.de\/index.php?rest_route=\/wp\/v2\/posts\/3139\/revisions"}],"predecessor-version":[{"id":3196,"href":"https:\/\/kommentatorenblog.de\/index.php?rest_route=\/wp\/v2\/posts\/3139\/revisions\/3196"}],"wp:attachment":[{"href":"https:\/\/kommentatorenblog.de\/index.php?rest_route=%2Fwp%2Fv2%2Fmedia&parent=3139"}],"wp:term":[{"taxonomy":"category","embeddable":true,"href":"https:\/\/kommentatorenblog.de\/index.php?rest_route=%2Fwp%2Fv2%2Fcategories&post=3139"},{"taxonomy":"post_tag","embeddable":true,"href":"https:\/\/kommentatorenblog.de\/index.php?rest_route=%2Fwp%2Fv2%2Ftags&post=3139"}],"curies":[{"name":"wp","href":"https:\/\/api.w.org\/{rel}","templated":true}]}}