{"id":3199,"date":"2020-08-24T20:42:03","date_gmt":"2020-08-24T20:42:03","guid":{"rendered":"http:\/\/kommentatorenblog.de\/?p=3199"},"modified":"2020-12-30T16:01:01","modified_gmt":"2020-12-30T16:01:01","slug":"1101-schnell-abgehakt","status":"publish","type":"post","link":"https:\/\/kommentatorenblog.de\/?p=3199","title":{"rendered":"1101 \u2013 Schnell abgehakt"},"content":{"rendered":"\n<p>N&#8217;Abend Allerseits,<\/p>\n\n\n\n<p>Aufgrund meines nicht gro\u00dfartig vorhanden Interesse an den beiden internationalen Turnieren, die in den vergangenen Tagem beendet wurden, gratuliere ich an dieser Stelle nur dem FC Bayern M\u00fcnchen zum Gewinn in der Champions League.<\/p>\n\n\n\n<p>Aus reiner Blogger-Sicht habe ich beim Finale mal \u00fcberall reingeschaut um zu sehen wie das ZDF, Sky und DAZN liefern. DAZN war von dem was ich gesehen habe richtig gut, man hat offen kommuniziert, dass man in M\u00fcnchen ist, eine inhaltlich Top gef\u00fcllte Vorberichterstattung dazu. Richtig dickes Kompliment daf\u00fcr. Bei Sky k\u00f6nnte man \u00fcber die Expertenauswahl reden, nichtsdestotrotz eine absolut grundsolide \u00dcbertragung. Das ZDF wiederum hat mich entt\u00e4uscht. Sandro Wagner hat nicht mal versucht gewisse Schiedsrichterentscheidungen objektiv zu bewerten und M\u00fcller-Hohenstein mitten auf der Stra\u00dfe muss auch nicht sein. B\u00e9la R\u00e9thy konnte selbstverst\u00e4ndlich nichts f\u00fcr die Tonprobleme, trotzdem war die Akustik sehr anstrengend. Interessant war aus meiner Sicht auch das DAZN und das ZDF bei den Interviews nach dem Spiel zusammengelegt haben. So gabs das M\u00fcller Interview vom ZDF auch auf DAZN und Neuer Interview von DAZN auch im ZDF. Ein Wort noch zu Per Mertesacker. Gestern hat er doch \u00fcberraschend seinen letzten Einsatz als DAZN Experte gehabt, f\u00fcr mich hat er Top-Performed in den letzten zwei Jahren. Weiter geht&#8217;s f\u00fcr ihn wohl im ZDF.<\/p>\n\n\n\n<p>Soviel dazu, die Ansetzungen f\u00fcr die n\u00e4chsten Tage sind schnell abgehakt.<\/p>\n\n\n\n<p><strong><em>Die Ansetzungen vom 25. August 2020 bis zum 27. August 2020<\/em><\/strong><\/p>\n\n\n\n<p><strong>UEFA Women\u00b4s Champions League, Halbfinale<\/strong><\/p>\n\n\n\n<p><span style=\"text-decoration: underline;\">Dieqnstag, 25. August 2020<\/span><\/p>\n\n\n\n<p><strong><em>VfL Wolfsburg \u2013 FC Barcelona (18.00 Uhr)<\/em><\/strong><\/p>\n\n\n\n<p>Sport1: tba<\/p>\n\n\n\n<p><strong>UEFA Youth League, Finale<\/strong><\/p>\n\n\n\n<p><span style=\"text-decoration: underline;\">Dienstag, 25. August 2020<\/span><\/p>\n\n\n\n<p><strong><em>Benfica Lissabon \u2013 Real Madrid (18.00 Uhr)<\/em><\/strong><\/p>\n\n\n\n<p>Sport1: Franz B\u00fcchner <\/p>\n\n\n\n<p><strong>Die Analyse<\/strong><\/p>\n\n\n\n<p>Entf\u00e4llt!<\/p>\n\n\n\n<p>Macht euch eine sch\u00f6ne Woche, am Donnerstag gibts alles zum Wochenende.<\/p>\n","protected":false},"excerpt":{"rendered":"<p>N&#8217;Abend Allerseits, Aufgrund meines nicht gro\u00dfartig vorhanden Interesse an den beiden internationalen Turnieren, die in den vergangenen Tagem beendet wurden, gratuliere ich an dieser Stelle nur dem FC Bayern M\u00fcnchen zum Gewinn in der Champions League. Aus reiner Blogger-Sicht habe ich beim Finale mal \u00fcberall reingeschaut um zu sehen wie das ZDF, Sky und DAZN [&hellip;]<\/p>\n","protected":false},"author":5,"featured_media":0,"comment_status":"open","ping_status":"open","sticky":false,"template":"","format":"standard","meta":{"footnotes":""},"categories":[429],"tags":[],"class_list":["post-3199","post","type-post","status-publish","format-standard","hentry","category-diverses"],"_links":{"self":[{"href":"https:\/\/kommentatorenblog.de\/index.php?rest_route=\/wp\/v2\/posts\/3199","targetHints":{"allow":["GET"]}}],"collection":[{"href":"https:\/\/kommentatorenblog.de\/index.php?rest_route=\/wp\/v2\/posts"}],"about":[{"href":"https:\/\/kommentatorenblog.de\/index.php?rest_route=\/wp\/v2\/types\/post"}],"author":[{"embeddable":true,"href":"https:\/\/kommentatorenblog.de\/index.php?rest_route=\/wp\/v2\/users\/5"}],"replies":[{"embeddable":true,"href":"https:\/\/kommentatorenblog.de\/index.php?rest_route=%2Fwp%2Fv2%2Fcomments&post=3199"}],"version-history":[{"count":7,"href":"https:\/\/kommentatorenblog.de\/index.php?rest_route=\/wp\/v2\/posts\/3199\/revisions"}],"predecessor-version":[{"id":3208,"href":"https:\/\/kommentatorenblog.de\/index.php?rest_route=\/wp\/v2\/posts\/3199\/revisions\/3208"}],"wp:attachment":[{"href":"https:\/\/kommentatorenblog.de\/index.php?rest_route=%2Fwp%2Fv2%2Fmedia&parent=3199"}],"wp:term":[{"taxonomy":"category","embeddable":true,"href":"https:\/\/kommentatorenblog.de\/index.php?rest_route=%2Fwp%2Fv2%2Fcategories&post=3199"},{"taxonomy":"post_tag","embeddable":true,"href":"https:\/\/kommentatorenblog.de\/index.php?rest_route=%2Fwp%2Fv2%2Ftags&post=3199"}],"curies":[{"name":"wp","href":"https:\/\/api.w.org\/{rel}","templated":true}]}}