{"id":3211,"date":"2020-08-27T17:40:00","date_gmt":"2020-08-27T17:40:00","guid":{"rendered":"http:\/\/kommentatorenblog.de\/?p=3211"},"modified":"2020-12-30T16:00:56","modified_gmt":"2020-12-30T16:00:56","slug":"1102-schon-wieder-champions-league-finale","status":"publish","type":"post","link":"https:\/\/kommentatorenblog.de\/?p=3211","title":{"rendered":"1102 &#8211; Schon wieder Champions-League-Finale"},"content":{"rendered":"\n<p>N\u2019Abend allerseits,<\/p>\n\n\n\n<p>Die Saison in der K\u00f6nigsklasse ist vorbei. Normalerweise bedeutet das: Die Spielzeit ist endg\u00fcltig abgehakt. Auch f\u00fcr Tests w\u00e4re es demnach eigentlich noch zu fr\u00fch. Allerdings haben wir nicht Ende Mai, sondern l\u00e4ngst Ende August. So kommt es, dass ein buntes Wochenende vor der T\u00fcr steht &#8211; mitsamt einem Grand Final mit deutscher Beteiligung, einer Hand voll Testspielen, einem lohnenswerten Kick auf der Insel sowie einigen weiteren Events.<\/p>\n\n\n\n<p>Die Champions League ist \u00fcbrigens das Stichwort. Denn w\u00e4hrend der FC Bayern den Henkelpott f\u00fcr die M\u00e4nner l\u00e4ngst eingefahren hat, steht der Gewinner der Frauen noch aus. Um genau zu sein, wird der Sieger am Sonntag ermittelt, Sport 1 ist mit von der Partie. Der VfL Wolfsburg trifft auf Olympique Lyon, das ist seit gestern Abend klar. Das Nachsehen hatte im Halbfinale Paris Saint-Germain. Damit kann die Kanadierin Jordyn Huitema nicht mehr im gleichen Jahr wie ihr Freund Alphonso Davies die Champions League gewinnen.<\/p>\n\n\n\n<p><strong>Ligue 1 ohne Paris \/ Community Shield in England<\/strong><\/p>\n\n\n\n<p>Wo wir gerade bei Lyon und PSG sind: Die Ligue 1 hat ihre Pforten&nbsp;l\u00e4ngst wieder ge\u00f6ffnet. In Frankreich wurde die vergangene Saison ja abgebrochen, daf\u00fcr hat man mit der neuen schneller wieder begonnen. Es geht nun weiter mit Spieltag 3, DAZN hat drei Spiele mit deutschem Kommentar im Angebot. Der Double-Sieger ist noch nicht wieder mit an Bord, sondern steigt erst am 10. September wieder in den Ligabetrieb ein. Wegen der Champions League hat der Verband den Hauptst\u00e4dtern eine Verschnaufpause geg\u00f6nnt.<\/p>\n\n\n\n<p>Abgerundet wird der bunte Fu\u00dfball-Mix der kommenden Tage vom FA Community Shield in England, an dem sich seit 2010 auch der DFL-Supercup anlehnt. Die englische Variante ist jedoch um einiges \u00e4lter. Es ist das traditionelle Aufeinandertreffen des Ligameisters und dem Gewinner des FA Cups. Handelt es sich um einen Double-Sieger, tritt dieser gegen den Zweitplatzierten aus der Premier League an, doch das ist in diesem Jahr bekanntlich nicht der Fall. Arsenal trifft, nicht unweit der eigenen Spielst\u00e4tte, im Wembley-Stadion auf den FC Liverpool. Das Kuriose: Beide Teams haben die Troph\u00e4e ganz genau 15 Mal abgesahnt und liegen damit auf einem geteilten zweiten Platz in der ewigen Rangliste hinter Rekordsieger Manchester United (21).&nbsp;<\/p>\n\n\n\n<p><strong><em>Die Ansetzungen vom 28. August 2020 bis zum 31. August 2020<\/em><\/strong><\/p>\n\n\n\n<p><strong>Champions League Frauen, Finale<\/strong><\/p>\n\n\n\n<p><strong><em>Olympique Lyon &#8211; VfL Wolfsburg (19.45 Uhr)<\/em><\/strong><\/p>\n\n\n\n<p>Sport1: Oliver Forster<\/p>\n\n\n\n<p>Moderation (Sport1): Laura Papendick<\/p>\n\n\n\n<p><strong>FA Community Shield<\/strong><\/p>\n\n\n\n<p><span style=\"text-decoration: underline;\">Samstag, 29. August 2020, ab 17.15 Uhr (DAZN)<\/span><\/p>\n\n\n\n<p><strong><em>FC Arsenal &#8211; FC Liverpool (17:30 Uhr)<\/em><\/strong><\/p>\n\n\n\n<p>DAZN: Uli Hebel, Experte: Sebastian Knei\u00dfl<\/p>\n\n\n\n<p>Moderation (DAZN): Tobi Wahnschaffe<\/p>\n\n\n\n<p><strong>Ligue 1, 2. Spieltag<\/strong><\/p>\n\n\n\n<p><span style=\"text-decoration: underline;\">Freitag, 28. August 2020, ab 21 Uhr<\/span><\/p>\n\n\n\n<p><strong><em>Olympique Lyon &#8211; FC Dijon (21.00 Uhr)<\/em><\/strong><\/p>\n\n\n\n<p>DAZN: Max Gross<\/p>\n\n\n\n<p><span style=\"text-decoration: underline;\">Sonntag, 30. August 2020, ab 15 Uhr<\/span><\/p>\n\n\n\n<p><strong><em>FC Metz &#8211; AS Monaco (15.00 Uhr)<\/em><\/strong><\/p>\n\n\n\n<p>DAZN: Stefan Galler, Experte: Alexis Menuge<\/p>\n\n\n\n<p><span style=\"text-decoration: underline;\">ab 21 Uhr (DAZN)<\/span><\/p>\n\n\n\n<p><strong><em>Stade Brest &#8211; Olympique Marseille (21.00 Uhr)<\/em><\/strong><\/p>\n\n\n\n<p>DAZN: Felix Keil <\/p>\n\n\n\n<p><strong>Testspiele<\/strong><\/p>\n\n\n\n<p><span style=\"text-decoration: underline;\">Freitag, 28. August 2020<\/span><\/p>\n\n\n\n<p><strong><em>Borussia Dortmund &#8211; SC Paderborn (15.30 Uhr)<\/em><\/strong><\/p>\n\n\n\n<p>Sky Sport News (ab 15.15 Uhr): tba<\/p>\n\n\n\n<p><strong><em>Borussia Dortmund &#8211; VfL Bochum (18.00 Uhr)<\/em><\/strong><\/p>\n\n\n\n<p>Sky Sport News: tba<\/p>\n\n\n\n<p><strong><em>Feyenoord Rotterdam &#8211; Hamburger SV (16.00 Uhr)<\/em><\/strong> {Helden Cup}<\/p>\n\n\n\n<p>Servus TV: Marco Hagemann<\/p>\n\n\n\n<p><span style=\"text-decoration: underline;\">Samstag, 29. August 2020<\/span><\/p>\n\n\n\n<p><strong><em>VfB Stuttgart &#8211; DSC Arminia Bielefeld (15.00 Uhr)<\/em><\/strong> {Helden Cup}<\/p>\n\n\n\n<p>Servus TV: Marco Hagemann<\/p>\n\n\n\n<p><strong><em>Eintracht Braunschweig &#8211; FC Hansa Rostock (15.00 Uhr)<\/em><\/strong><\/p>\n\n\n\n<p>Magenta Sport: Gari Paubandt<\/p>\n\n\n\n<p>Moderation (Magenta Sport): Anett Sattler<\/p>\n\n\n\n<p><strong><em>SV Werder Bremen &#8211; FC Groningen (15.00 Uhr)<\/em><\/strong><\/p>\n\n\n\n<p>Sky Sport News: tba<\/p>\n\n\n\n<p><strong><em>Hertha BSC &#8211; PSV Eindhoven (17.00 Uhr)<\/em><\/strong><\/p>\n\n\n\n<p>Sport1: Oliver Forster<\/p>\n\n\n\n<p><strong><em>SV Werder Bremen &#8211; FC St. Pauli (17.15 Uhr)<\/em><\/strong><\/p>\n\n\n\n<p>Sky Sport News: tba<\/p>\n\n\n\n<p><strong><em>Ajax Amsterdam &#8211; Eintracht Frankfurt (19.00 Uhr)<\/em><\/strong><\/p>\n\n\n\n<p>Sport1: Markus H\u00f6hner<\/p>\n\n\n\n<p><span style=\"text-decoration: underline;\">Sonntag, 30. August 2020<\/span><\/p>\n\n\n\n<p><strong><em>Ajax Amsterdam &#8211; Union Berlin (13.00 Uhr)<\/em><\/strong><\/p>\n\n\n\n<p>Sport1: Markus H\u00f6hner<\/p>\n\n\n\n<p><strong>Fu\u00dfball International<\/strong><\/p>\n\n\n\n<p><span style=\"text-decoration: underline;\">Samstag, 29. August 2020<\/span><\/p>\n\n\n\n<p>J. League, 13. Spieltag: <em><strong>Vissel Kobe &#8211; Yokohama F-Marinos (11.00 Uhr)<\/strong><\/em><\/p>\n\n\n\n<p>sportdigital FUSSBALL: Karsten Linke<\/p>\n\n\n\n<p>Ekstraklasa, 2. Spieltag: <strong><em>Wisla Krakau &#8211; Slask Wroclaw (17.30 Uhr)<\/em><\/strong><\/p>\n\n\n\n<p>sportdigital FUSSBALL: Florian Obst<\/p>\n\n\n\n<p><span style=\"text-decoration: underline;\">Sonntag, 30. August 2020<\/span><\/p>\n\n\n\n<p>Hyundai A-League, Grand Final: <em><strong>Sydney FC &#8211; Melbourne City (10.00 Uhr)<\/strong><\/em><\/p>\n\n\n\n<p>sportdigital FUSSBALL: Christian Blunck<\/p>\n\n\n\n<p>Chinese Super League, 8. Spieltag: <em><strong>Shanghai Shenhua &#8211; Guangzhou Evergrande (14.00 Uhr)<\/strong><\/em><\/p>\n\n\n\n<p>sportdigital FUSSBALL: Karsten Linke<\/p>\n\n\n\n<p>Fortuna Liga, 2. Spieltag: <em><strong>Sparta Prag &#8211; Sigma Olm\u00fctz (19.00 Uhr)<\/strong><\/em><\/p>\n\n\n\n<p>sportdigital FUSSBALL: Arne Malsch<\/p>\n\n\n\n<p><strong>Die Analyse<\/strong><\/p>\n\n\n\n<p>Das bereits angek\u00fcndigte Highlight ist sicherlich CL-Finale Nummer zwei. Insbesondere wegen der deutschen Beteiligung. Bereits das Halbfinale zwischen Wolfsburg und Barcelona verfolgten mehr als eine Million Zuschauer, wie Sport1 bekanntgab. Das Endspiel am Sonntag um 19:45 Uhr d\u00fcrfte nicht weniger Interessenten vor den Bildschirm locken. Der Sender aus Ismaning berichtet ab 19 Uhr. Oliver Forster kommentiert, die Moderation liefert Laura Papendick.<\/p>\n\n\n\n<p>In der Ligue 1 ist Paris Saint-Germain wie bereits erw\u00e4hnt noch nicht mit von der Partie. Deswegen gibt Alexis Menuge &#8211; ausnahmsweise k\u00f6nnte man fast sagen &#8211; den Experten bei einem Duell, das in Sachen Brisanz zumindest Luft nach oben hat: Metz und Monaco treffen aufeinander, neben Menuge meldet sich f\u00fcr DAZN Stefan Galler zu Wort. Max Gross kommentiert die Partie des CL-Halbfinalisten Olympique Lyon gegen Dijon, Felix Keil bekommt Brest gegen Marseille.<\/p>\n\n\n\n<p><strong>Uli Hebel bei Liverpool \/ BVB im Free-TV<\/strong><\/p>\n\n\n\n<p>Aus Sicht von DAZN d\u00fcrfte das Highlight des Wochenendes auf der Insel stattfinden. Mit drei hier nennenswerten Leuten und einem sagenumwobenen 15-Minuten-Vorbericht berichtet der Internet-Streamingdienst vom FA Community Shield. Uli Hebel wird am Mikro sein, genauso wie Experte Sebastian Knei\u00dfl. Moderieren soll Tobi Wahnschaffe.<\/p>\n\n\n\n<p>Was die Auflistung der Freundschaftsspiele betrifft, erg\u00e4nzt in den  Kommentatoren gerne, wenn ihr noch andere Partien auf dem Schirm habt.  Ansonsten jetzt mal ein kleiner Schnelldurchgang durch die Tests: Sky zeigt auf seinem frei empf\u00e4nglichen Kanal Sky Sport News zwei Doppel-Auftritte. Der BVB trifft am Freitag auf Paderborn Bochum, Bremen empf\u00e4ngt am Samstag Groningen und St.Pauli. Wir sind gespannt, wer kommentieren wird.<\/p>\n\n\n\n<p><strong>Zwei Testspiel-Cups<\/strong><\/p>\n\n\n\n<p>Drei Bundesligamannschaften gibt es im Laufe der n\u00e4chsten Tage bei Sport1 zu sehen. Am Samstag misst sich der Big City Club mit PSV Eindhoven. Eine Sache f\u00fcr Oliver Forster. Sein Kollege Markus H\u00f6hner darf zwei Stunden sp\u00e4ter ran, dann spielen Ajax und Frankfurt gegeneinander. Auch am Sonntag bleibt uns der Rekordmeister der Eredivisie erhalten. Um 13 Uhr geht es gegen Union Berlin, wieder \u00fcbernimmt H\u00f6hner.<\/p>\n\n\n\n<p>Apropos Sport1: Am Sonntag l\u00e4uft dort durchg\u00e4ngig Fu\u00dfball. Zwischen dem  Union-Test und dem Frauen-CL-Finale am Abend zeigt der bayrische TV-Sender den  EuroYouthCup. Das saarl\u00e4ndische St. Wendel ist immer wieder  Austragungsort zahlreicher Nachwuchsturniere. Der diesj\u00e4hrige Youth Cup  stand wegen der Corona-Pandemie jedoch lange in den Sternen.  Mittlerweile steht fest: Das U17-Turnier findet statt. Die Gruppenspiele  &#8211; unter anderem mit dem 1.FC Kaiserslautern und RB Leipzig &#8211; sind bereits am Samstag. Das Finale und zuvor das Spiel um Platz drei zeigt Sport1 am Sonntagnachmittag. Siegchancen d\u00fcrfte sich vor allem  Juventus Turin ausrechnen. Die \u00fcbrigen internationalen Vertreter sind  der FC Kopenhagen und Standard L\u00fcttich. Reporter ist Jochen Stutzky. <\/p>\n\n\n\n<p>Ein \u00e4hnliches Freundschaftsspiel-Turnier, allerdings bei den  Senioren und mit l\u00e4ngeren Spielzeiten, gibt es bei Servus TV. Beim Helden-Cup messen sich zun\u00e4chst am Freitag Hamburg und Feyenoord  Rotterdam und anschlie\u00dfend Samstag Stuttgart und Bielefeld. Beide Male ist Marco Hagemann im Einsatz, der laut eigenen Angaben danach erstmal &#8222;Kommentar-Pause&#8220; macht. <\/p>\n\n\n\n<p>Ein weiteres Testspiel hat Magenta Sport im Programm. Der frisch  gebackene Zweitligist Eintracht Braunschweig testet gegen Hansa Rostock.  Gari Paubandt kommentiert das norddeutsche Duell.<\/p>\n\n\n\n<p><strong>Internationaler Fu\u00dfball und Regionalliga Ost<\/strong><\/p>\n\n\n\n<p>Sportdigital FUSSBALL beliefert uns mit den internationalen Spielen an diesem Wochenende. Heraus sticht das Grand Final in der australischen A-League zwischen Sydney und Melbourne. Christian Blunck ist am Mikro. Die \u00fcbrigen Spiele der J. League, Ekstraklasa, Fortuna Liga und Chinese Super League teilen Karsten Linke, Florian Obst und Arne Malsch unter sich auf. <\/p>\n\n\n\n<p>Ansonsten noch erw\u00e4hnenswert: Die Regionalliga Nordost ist im  Gegensatz zu allen anderen Regionalligen bereits wieder angelaufen. Die  MDR-Sendung Sport im Osten zeigt davon am Samstag zwei ausgew\u00e4hlte  Spiele. Welche Begegnungen das sein werden, gibt Sport im Osten zeitnah  auf seinem Instagram-Kanal bekannt.<\/p>\n\n\n\n<p>Mit anderen Worten: Das Sommerloch l\u00e4sst sich ein wenig zubuddeln. In der n\u00e4chsten Woche gr\u00fc\u00dft dann die Nations League und danach ist es auch nur noch eine Quarant\u00e4ne-Periode bis zum Bundesliga-Start.<\/p>\n\n\n\n<p>In diesem Sinne, bleibt sportlich &#8211; und gesund! <br><\/p>\n","protected":false},"excerpt":{"rendered":"<p>N\u2019Abend allerseits, Die Saison in der K\u00f6nigsklasse ist vorbei. Normalerweise bedeutet das: Die Spielzeit ist endg\u00fcltig abgehakt. Auch f\u00fcr Tests w\u00e4re es demnach eigentlich noch zu fr\u00fch. Allerdings haben wir nicht Ende Mai, sondern l\u00e4ngst Ende August. So kommt es, dass ein buntes Wochenende vor der T\u00fcr steht &#8211; mitsamt einem Grand Final mit deutscher [&hellip;]<\/p>\n","protected":false},"author":2,"featured_media":0,"comment_status":"open","ping_status":"open","sticky":false,"template":"","format":"standard","meta":{"footnotes":""},"categories":[429],"tags":[153,263,323,57,13,325,322,201,220,32,324,74,59,75,80,9,43,67,283,17,183,327,222,326,22,286,66,134,154,252,105],"class_list":["post-3211","post","type-post","status-publish","format-standard","hentry","category-diverses","tag-alexis-menuge","tag-arne-malsch","tag-champions-league-frauen","tag-christian-blunck","tag-dazn","tag-euroyouthcup","tag-fa-community-shield","tag-felix-keil","tag-florian-obst","tag-gari-paubandt","tag-helden-cup","tag-jochen-stutzky","tag-karsten-linke","tag-laura-papendick","tag-ligue1","tag-magenta-sport","tag-marco-hagemann","tag-markus-hoehner","tag-max-gross","tag-mdr","tag-oliver-forster","tag-regionalliga-nordost","tag-sebastian-kneissl","tag-servus-tv","tag-sky","tag-sky-sport-news-hd","tag-sport1","tag-sportdigital-fussball","tag-stefan-galler","tag-tobi-wahnschaffe","tag-uli-hebel"],"_links":{"self":[{"href":"https:\/\/kommentatorenblog.de\/index.php?rest_route=\/wp\/v2\/posts\/3211","targetHints":{"allow":["GET"]}}],"collection":[{"href":"https:\/\/kommentatorenblog.de\/index.php?rest_route=\/wp\/v2\/posts"}],"about":[{"href":"https:\/\/kommentatorenblog.de\/index.php?rest_route=\/wp\/v2\/types\/post"}],"author":[{"embeddable":true,"href":"https:\/\/kommentatorenblog.de\/index.php?rest_route=\/wp\/v2\/users\/2"}],"replies":[{"embeddable":true,"href":"https:\/\/kommentatorenblog.de\/index.php?rest_route=%2Fwp%2Fv2%2Fcomments&post=3211"}],"version-history":[{"count":13,"href":"https:\/\/kommentatorenblog.de\/index.php?rest_route=\/wp\/v2\/posts\/3211\/revisions"}],"predecessor-version":[{"id":3225,"href":"https:\/\/kommentatorenblog.de\/index.php?rest_route=\/wp\/v2\/posts\/3211\/revisions\/3225"}],"wp:attachment":[{"href":"https:\/\/kommentatorenblog.de\/index.php?rest_route=%2Fwp%2Fv2%2Fmedia&parent=3211"}],"wp:term":[{"taxonomy":"category","embeddable":true,"href":"https:\/\/kommentatorenblog.de\/index.php?rest_route=%2Fwp%2Fv2%2Fcategories&post=3211"},{"taxonomy":"post_tag","embeddable":true,"href":"https:\/\/kommentatorenblog.de\/index.php?rest_route=%2Fwp%2Fv2%2Ftags&post=3211"}],"curies":[{"name":"wp","href":"https:\/\/api.w.org\/{rel}","templated":true}]}}