{"id":3226,"date":"2020-08-31T11:22:09","date_gmt":"2020-08-31T11:22:09","guid":{"rendered":"http:\/\/kommentatorenblog.de\/?p=3226"},"modified":"2020-12-30T16:00:51","modified_gmt":"2020-12-30T16:00:51","slug":"1003-us-open-und-nations-league","status":"publish","type":"post","link":"https:\/\/kommentatorenblog.de\/?p=3226","title":{"rendered":"1103 \u2013 US Open und Nations League"},"content":{"rendered":"\n<p>N&#8217;Abend Allerseits,<\/p>\n\n\n\n<p>Die Saison 19\/20 k\u00f6nnen wir nach dem Champions League Finale der Damen (an dieser Stelle Gratulation an Lyon) zu den Akten legen. Da die Saison 20\/21 allerdings so langsam in Fahrt kommt, lauern immer mehr Ansetzungen auf uns zu. Ich pers\u00f6nlich freue mich wahnsinnig auf den Pokal und ganz besonders auf die Bundesliga, bevor es allerdings damit losgeht startet zum zweiten Mal die Nations League. Bei den \u00dcbertragungen ist die \u00dcbersicht zu bewahren, DAZN zeigt alles bis auf die deutschen Spiele (die gibts dann erst ab Mitternacht auf der Plattform), eben diese deutschen Spiele \u00fcbertragen die \u00f6ffentlich Rechtlichen. Die ersten beide Spiele wird es im ZDF geben. Die Herren R\u00e9thy und Schmidt werden kommentieren. Wer sich fragt, wo dann Claudia Neumann auftaucht, sie wird am 18. September den Kommentar beim Er\u00f6ffnungsspiel der Bundesliga Saison 20\/21 geben. Aber genug zum Fussball und r\u00fcber zum Tennis<\/p>\n\n\n\n<p>Die US Open stehen an, bedeutet es gibt wie immer vor den Grand-Slams alles zum Personal des \u00fcbertragenden Senders bei uns im Blog.<\/p>\n\n\n\n<p>Aufgrund der momentanen Situation meldet sich Eurosport komplett aus M\u00fcnchen. Mit dabei sind nat\u00fcrlich in erster Linie die altbekannten Duos Matthias Stach &amp; Boris Becker und Birgit N\u00f6ssing &amp; Barbara Rittner. Die weiteren Damen und Herren im Einsatz sind: Philipp Eger, Markus Theil, Benjamin Ebrahimzadeh, Markus Zoecke, J\u00fcrgen H\u00f6thker, Wolfgang Nadvornik, Oliver Fassnacht, Harry Weber, Patrick Steimel, Maximilian Zobel, Stefan Grothoff, Sigi Heinrich und Birgit Hasselbusch. Ich freue mich richtig auf die zwei Wochen mit meiner zweiten Sportliebe auch wenn es ohne Federer und Nadal nicht das selbe sein wird. Wie siehts bei euch mit der Vorfreude auf die US Open aus, lasst es mich gerne in den Kommentaren wissen.<\/p>\n\n\n\n<p>Die Tour de France l\u00e4uft nat\u00fcrlich auch noch diese Woche. Habe gestern mal kurz bei Florian Nass reingeschaut, hat mich \u00fcberzeugt die ganze Geschichte in diesem Jahr intensiver zu verfolgen.<\/p>\n\n\n\n<p>Jetzt aber erstmal die Ansetzungen der Woche!<\/p>\n\n\n\n<p><strong><em>Die Ansetzungen vom 01. September bis zum 03. September 2020<\/em><\/strong><\/p>\n\n\n\n<p><strong>UEFA Nations League, 1.Spieltag<\/strong><\/p>\n\n\n\n<p><span style=\"text-decoration: underline;\">Donnerstag, 3. September 2020 (ab 20.15 Uhr (ZDF)\/ ab 20.45 Uhr (DAZN)<\/span><\/p>\n\n\n\n<p><strong><em>Deutschland \u2013 Spanien (20.45 Uhr)<\/em><\/strong><\/p>\n\n\n\n<p>ZDF: B\u00e9la R\u00e9thy<\/p>\n\n\n\n<p>Moderation (ZDF): Jochen Breyer, Experte: Per Mertesacker <\/p>\n\n\n\n<p><strong><em>Russland \u2013 Serbien (20.45 Uhr)<\/em><\/strong><\/p>\n\n\n\n<p>DAZN: Max Gross<\/p>\n\n\n\n<p><strong><em>Ukraine \u2013 Schweiz (20.45 Uhr)<\/em><\/strong><\/p>\n\n\n\n<p>DAZN: Matthias Naebers<\/p>\n\n\n\n<p><em><strong>T\u00fcrkei \u2013 Ungarn (20.45 Uhr)<\/strong><\/em><\/p>\n\n\n\n<p>DAZN: Tom Kirsten<\/p>\n\n\n\n<p><span style=\"text-decoration: underline;\">U21, EM-Qualifikation <\/span><\/p>\n\n\n\n<p><strong><em>Deutschland &#8211; Moldawien (18.15 Uhr)<\/em><\/strong><\/p>\n\n\n\n<p>ProSieben Maxx: Uwe Morawe, Field-Reporter: Max Zielke <\/p>\n\n\n\n<p>Moderation: Christian D\u00fcren, Experte: Ren\u00e9 Adler <\/p>\n\n\n\n<p><strong>Die Analyse <\/strong><\/p>\n\n\n\n<p>Beim ZDF meldet wie schon im Vorwort erw\u00e4hnt B\u00e9la R\u00e9thy mit der ersten deutschen Partie der Nations League gegen Spanien aus Stuttgart. Die Moderation \u00fcbernimmt wie beim Champions League Finale Jochen Breyer, an Seite deb\u00fctiert der von DAZN &#8222;verpflichtete&#8220; Per Mertesacker. <\/p>\n\n\n\n<p>DAZN \u00fcbertr\u00e4gt am Donnerstag drei Spiele mit deutschem Kommentar, das Parallelspiel der deutschen Gruppe mit Schweizer Beteiligung ist eines davon, Matthias Naebers \u00fcbernimmt. Die anderen beiden Kommentatoren im Live-Einsatz sind Tom Kirsten und Max Gross. Ansonsten kommentiert Lukas Sch\u00f6nm\u00fcller das Deutschland Spiel im Re-Live.<\/p>\n\n\n\n<p>Testspiele habe ich weder bei SSNHD noch bei Sport 1, die Vereinseigenen Sender werden hier teilweise f\u00fcr \u00dcbertragung sorgen. <\/p>\n\n\n\n<p>Macht euch eine sch\u00f6ne Woche! Ob mit den US-Open, der Tour de France, mit der Nations League oder mit was auch immer \ud83d\ude42<\/p>\n","protected":false},"excerpt":{"rendered":"<p>N&#8217;Abend Allerseits, Die Saison 19\/20 k\u00f6nnen wir nach dem Champions League Finale der Damen (an dieser Stelle Gratulation an Lyon) zu den Akten legen. Da die Saison 20\/21 allerdings so langsam in Fahrt kommt, lauern immer mehr Ansetzungen auf uns zu. Ich pers\u00f6nlich freue mich wahnsinnig auf den Pokal und ganz besonders auf die Bundesliga, [&hellip;]<\/p>\n","protected":false},"author":5,"featured_media":0,"comment_status":"open","ping_status":"open","sticky":false,"template":"","format":"standard","meta":{"footnotes":""},"categories":[426],"tags":[47,237,13,39,205,223,176,283,328,161,200,37],"class_list":["post-3226","post","type-post","status-publish","format-standard","hentry","category-laenderspiele","tag-bela-rethy","tag-boris-becker","tag-dazn","tag-jochen-breyer","tag-lukas-schoenmueller","tag-matthias-naebers","tag-matthias-stach","tag-max-gross","tag-nations-league","tag-per-mertesacker","tag-tom-kirsten","tag-zdf"],"_links":{"self":[{"href":"https:\/\/kommentatorenblog.de\/index.php?rest_route=\/wp\/v2\/posts\/3226","targetHints":{"allow":["GET"]}}],"collection":[{"href":"https:\/\/kommentatorenblog.de\/index.php?rest_route=\/wp\/v2\/posts"}],"about":[{"href":"https:\/\/kommentatorenblog.de\/index.php?rest_route=\/wp\/v2\/types\/post"}],"author":[{"embeddable":true,"href":"https:\/\/kommentatorenblog.de\/index.php?rest_route=\/wp\/v2\/users\/5"}],"replies":[{"embeddable":true,"href":"https:\/\/kommentatorenblog.de\/index.php?rest_route=%2Fwp%2Fv2%2Fcomments&post=3226"}],"version-history":[{"count":13,"href":"https:\/\/kommentatorenblog.de\/index.php?rest_route=\/wp\/v2\/posts\/3226\/revisions"}],"predecessor-version":[{"id":3247,"href":"https:\/\/kommentatorenblog.de\/index.php?rest_route=\/wp\/v2\/posts\/3226\/revisions\/3247"}],"wp:attachment":[{"href":"https:\/\/kommentatorenblog.de\/index.php?rest_route=%2Fwp%2Fv2%2Fmedia&parent=3226"}],"wp:term":[{"taxonomy":"category","embeddable":true,"href":"https:\/\/kommentatorenblog.de\/index.php?rest_route=%2Fwp%2Fv2%2Fcategories&post=3226"},{"taxonomy":"post_tag","embeddable":true,"href":"https:\/\/kommentatorenblog.de\/index.php?rest_route=%2Fwp%2Fv2%2Ftags&post=3226"}],"curies":[{"name":"wp","href":"https:\/\/api.w.org\/{rel}","templated":true}]}}