{"id":3240,"date":"2020-09-03T16:37:52","date_gmt":"2020-09-03T16:37:52","guid":{"rendered":"http:\/\/kommentatorenblog.de\/?p=3240"},"modified":"2020-12-30T16:00:47","modified_gmt":"2020-12-30T16:00:47","slug":"1104-elite-liga-im-spaetsommer","status":"publish","type":"post","link":"https:\/\/kommentatorenblog.de\/?p=3240","title":{"rendered":"1104 &#8211; Elite-Liga im Sp\u00e4tsommer"},"content":{"rendered":"\n<p>N\u2018Abend allerseits,<\/p>\n\n\n\n<p>zweifelsohne \u00fcberlagern die alternativen Sportangebote der n\u00e4chsten Tage den Fu\u00dfball. Die US Open besch\u00e4ftigen uns &#8211; wenngleich ohne  Federer und Nadal &#8211; noch bis zum 13. September. Nico hat da ja bereits einen guten \u00dcberblick geliefert, was das Medien-Personal betrifft.<\/p>\n\n\n\n<p>Nicht nur wegen des Grand-Slam-Turniers liegt der Fokus auf  Eurosport. Der ehemalige Bundesliga-Player hat nat\u00fcrlich neben der ARD nach wie vor die Tour de France im Programm. Die unterh\u00e4lt uns sogar noch eine Woche l\u00e4nger als die US Open. Von Freitag bis Sonntag finden die Etappen sieben bis neun statt. Montag haben die Radler dann ihren ersten Ruhetag.<\/p>\n\n\n\n<p><strong>Nations League: Deutschland im Gl\u00fcck <\/strong><\/p>\n\n\n\n<p>Mit anderen Worten: Es gibt f\u00fcr jeden etwas zu sehen. Auch f\u00fcr jene Zuschauer, die sich nur auf den Fu\u00dfball beschr\u00e4nken. DAZN und das ZDF zeigen die Nations League. Idee und Geschichte  lassen sich quasi in einem Satz zusammenzufassen. Das Turnier der M\u00e4nner-Nationalmannschaften wurde von der UEFA ins Leben gerufen, um den  Reiz internationaler Freundschaftsspiele zu steigern und existiert seit 2018. Der elit\u00e4re Modus sieht vor, dass es vier verschiedene Ligen gibt, von denen DAZN vor allem Liga A im Gep\u00e4ck hat, aber auch ausgew\u00e4hlte Partien aus Liga B ausstrahlt.<\/p>\n\n\n\n<p>Das ZDF zeigt, wie ja hier schon zu lesen war, die Spiele mit deutscher Beteiligung. Die einzige Frage, die bleibt: Warum tritt das Team von Jogi L\u00f6w in Liga A an? Schlie\u00dflich hat die deutsche Auswahl 2018 gegen Frankreich und die Niederlande in Gruppe A1 den letzten Platz gemacht und w\u00e4re eigentlich abgestiegen. Nun &#8211; nach nur einer Spielzeit wurde der Modus der Nations League bereits ge\u00e4ndert. Statt drei Teams sind nun, zumindest f\u00fcr Liga A, in jeder Gruppe vier Teams. Deshalb gab es zun\u00e4chst keinen Absteiger, Deutschland hatte also Gl\u00fcck.<\/p>\n\n\n\n<p>Weiter mit den Ansetzungen\u2026 <\/p>\n\n\n\n<p><strong><em>Die Ansetzungen vom 4. September bis zum 7. September 2020<\/em><\/strong><\/p>\n\n\n\n<p><strong>UEFA Nations League, 1. Spieltag<\/strong><\/p>\n\n\n\n<p><span style=\"text-decoration: underline;\">Freitag, 4. September 2020 ab 20.45 Uhr (DAZN)<\/span><\/p>\n\n\n\n<p>Gruppe A1: <em style=\"font-weight: bold;\">Italien &#8211; Bosnien-Herzegowina (20.45 Uhr)<\/em><\/p>\n\n\n\n<p>DAZN: Carsten Fu\u00df, Experte: Christian Bernhard<\/p>\n\n\n\n<p>Gruppe A1: <strong><em>Niederlande &#8211; Polen (20.45 Uhr)<\/em><\/strong><\/p>\n\n\n\n<p>DAZN: David Ploch, Experte: Michael Hofmann<\/p>\n\n\n\n<p>Gruppe B1: <strong><em>Norwegen &#8211; \u00d6sterreich (20.45 Uhr)<\/em><\/strong><\/p>\n\n\n\n<p>DAZN: Max Siebald<\/p>\n\n\n\n<p>Gruppe B2: <strong><em>Slowakei &#8211; Tschechien (20.45 Uhr)<\/em><\/strong><\/p>\n\n\n\n<p>DAZN: Tobi Fischbeck<\/p>\n\n\n\n<p><span style=\"text-decoration: underline;\">Samstag, 5. September 2020 ab 18 Uhr (DAZN)<\/span><\/p>\n\n\n\n<p>Gruppe A2: <strong><em>Island &#8211; England (18.00 Uhr)<\/em><\/strong><\/p>\n\n\n\n<p>DAZN: Uli Hebel, Experte: Ralph Gunesch<\/p>\n\n\n\n<p><span style=\"text-decoration: underline;\">ab 20.45 Uhr (DAZN)<\/span><\/p>\n\n\n\n<p>Gruppe A3: <strong><em>Portugal &#8211; Kroatien (20.45 Uhr)<\/em><\/strong><\/p>\n\n\n\n<p>DAZN: Uwe Morawe, Experte: Max Nicu<\/p>\n\n\n\n<p>Gruppe A3: <strong><em>Schweden &#8211; Frankreich (20.45 Uhr)<\/em><\/strong><\/p>\n\n\n\n<p>DAZN: Stefan Galler, Experte: Alexis Menuge<\/p>\n\n\n\n<p>Gruppe A2: <strong><em>D\u00e4nemark &#8211; Belgien (20.45 Uhr)<\/em><\/strong><\/p>\n\n\n\n<p>DAZN: Guido H\u00fcsgen, Experte: Sebastian Knei\u00dfl<\/p>\n\n\n\n<p><strong>UEFA Nations League, 2. Spieltag<\/strong><\/p>\n\n\n\n<p><span style=\"text-decoration: underline;\">Sonntag, 6. September 2020 ab 20.15 Uhr (ZDF) \/ 20.45 Uhr (DAZN)<\/span><\/p>\n\n\n\n<p>Gruppe A4:<strong><em> Schweiz &#8211; Deutschland (20.45 Uhr)<\/em><\/strong><\/p>\n\n\n\n<p>ZDF: Oliver Schmidt<\/p>\n\n\n\n<p>Moderation (ZDF): Jochen Breyer, Experte: Per Mertesacker<\/p>\n\n\n\n<p>Gruppe A4: <strong><em>Spanien &#8211; Ukraine (20.45 Uhr)<\/em><\/strong><\/p>\n\n\n\n<p>DAZN: Marcel Seufert, Experte: Benny Lauth<\/p>\n\n\n\n<p>Gruppe B3: <strong><em>Serbien &#8211; T\u00fcrkei (20.45 Uhr)<\/em><\/strong><\/p>\n\n\n\n<p>DAZN: Freddie Schulz<\/p>\n\n\n\n<p><span style=\"text-decoration: underline;\">Montag, 7. September ab 20.30 Uhr (DAZN)<\/span><\/p>\n\n\n\n<p>Gruppe A1: <strong><em>Niederlande &#8211; Italien (20.45 Uhr)<\/em><\/strong><\/p>\n\n\n\n<p>DAZN: Carsten Fu\u00df, Experte: Christian Bernhard<\/p>\n\n\n\n<p>Moderation (DAZN): Daniel Herzog<\/p>\n\n\n\n<p>Gruppe A1: <strong><em>Bosnien-Herzegowina &#8211; Polen (20.45 Uhr)<\/em><\/strong><\/p>\n\n\n\n<p>DAZN: tba<\/p>\n\n\n\n<p><strong>Testspiele<\/strong><\/p>\n\n\n\n<p><span style=\"text-decoration: underline;\">Samstag, 5. September 2020 ab 15.15 Uhr<\/span><\/p>\n\n\n\n<p><strong><em>Eintracht Frankfurt &#8211; 1. FSV Mainz 05 (15.30 Uhr)<\/em><\/strong><\/p>\n\n\n\n<p>Sky Sport News: tba<\/p>\n\n\n\n<p><strong><em>VfB Stuttgart \u2013 Racing Stra\u00dfbourg (16.00 Uhr)<\/em><\/strong><\/p>\n\n\n\n<p>SWR: Tom Bartels<\/p>\n\n\n\n<p>Moderation (SWR): Lennert Brinkhoff <\/p>\n\n\n\n<p><strong>Bundesliga Frauen, 1. Spieltag<\/strong><\/p>\n\n\n\n<p><span style=\"text-decoration: underline;\">Freitag, 4. September 2020 ab 19.15 Uhr (Eurosport)<\/span><\/p>\n\n\n\n<p><strong><em>VfL Wolfsburg &#8211; SGS Essen (19.15 Uhr)<\/em><\/strong><\/p>\n\n\n\n<p>Eurosport: Markus Theil<\/p>\n\n\n\n<p><strong>Fu\u00dfball International<\/strong><\/p>\n\n\n\n<p>Chinese Super League, 9. Spieltag: <strong><em>Guangzhou Evergrande &#8211; Guangzhou RF (14.00 Uhr)<\/em><\/strong><\/p>\n\n\n\n<p>sportdigital FUSSBALL: Christian Blunck<\/p>\n\n\n\n<p>Chinese Super League, 9. Spieltag: <strong><em>Wuhan Zall &#8211; Beijing Guoan (14.00 Uhr)<\/em><\/strong><\/p>\n\n\n\n<p>sportdigital FUSSBALL: Karsten Linke<\/p>\n\n\n\n<p><strong>Die Analyse<\/strong><\/p>\n\n\n\n<p>Ich habe die Spiele und Ansetzungen der Nations League zeitlich,  also nach Spieltagen gelistet. Ich h\u00e4tte sie auch nach Ligen ordnen k\u00f6nnen. Doch gedanklich ist mir die Konstruktion einer wirklich kompetitiven Gruppenphase &#8211; wie es etwa bei einer EM der Fall ist und bei der die Gruppeneinteilung dann auch eine gro\u00dfe Rolle spielt &#8211; ein wenig zu fern. Ich hoffe, ihr findet euch trotzdem zurecht.<\/p>\n\n\n\n<p>Mal angefangen mit den deutschen Spielen. Nichts Neues: Heute Abend  meldet sich Bela Rethy zur Er\u00f6ffnungspartie der \u201eMannschaft\u201c gegen  Spanien. Auch am Sonntag sind Kroos und Co. im ZDF zu sehen. Dann  \u00fcbernimmt Oliver Schmidt. Parallel spielt Spanien gegen die Ukraine. Urspr\u00fcnglich war DAZNs Chefkommentator Jan Platte daf\u00fcr angesetzt. Ihn vertritt Marcel Seufert, an seiner Seite ist Benny Lauth.<\/p>\n\n\n\n<p><strong>Zwei Eins\u00e4tze f\u00fcr eingespieltes Italien-Duo<\/strong><\/p>\n\n\n\n<p>Doch zur\u00fcck zum Anfang. Am Freitag messen sich Italien und Bosnien-Herzegowina. Eine Sache f\u00fcr die eingespielte Fu\u00df-Bernhard-Kombo.  Zeitgleich spielen die Niederlande gegen Polen, David Ploch und Ex-1860-Keeper Michael Hofmann sind am Mikro. Teilzeit-Field-Reporter Max Siebald bekommt Norwegen gegen \u00d6sterreich, Tobi Fischbeck kommentiert Slowakei gegen Tschechien. <\/p>\n\n\n\n<p>Am Samstag gibt es schon am fr\u00fchen Abend ein spannendes Duell &#8211; und  zwar zwischen Island und England. Uli Hebel und Ralph Gunesch l\u00e4uten  ein. Wenige Stunden sp\u00e4ter treffen aufeinander der Europameister von  2016 und der Vize-Weltmeister 2018. Bei Portugal gegen Kroatien sind Uwe  Morawe und Maximilian Nicu mit von der Partie. Das Duo Galler\/Menuge  ist ein bisschen das Frankreich-Pendant zu den Kollegen Fu\u00df und  Bernhard. Die \u00c9quipe Tricolore hat Schweden vor der Brust. Guido H\u00fcsgen  und Sebastian Knei\u00dfl melden sich bei D\u00e4nemark gegen Belgien zu Wort.  Freddie Schulz, zuletzt sporadisch mit Serie-A-Eins\u00e4tzen, kommentiert  Serbien gegen die T\u00fcrkei.<\/p>\n\n\n\n<p>Am Montag ist bislang nur ein Spiel mit deutschem Kommentar vorgesehen. Die beiden Italien-Experten Carsten Fu\u00df und Christian Bernhard begleiten den Aufgalopp der Squadra Azzurra in Amsterdam gegen die Niederlande. Daniel Herzog fungiert als Moderator. Derweil kann es gut sein, dass DAZN noch mit einer Ansetzung f\u00fcr Polen gegen Bosnien-Herzegowina um die Ecke kommt.<\/p>\n\n\n\n<p><strong>Ein Testspiel geht beinahe unter<\/strong><br><br>Der Zwischentitel sagt im Grunde alles. In der \u00dcbersicht oben mag es etwas in der Flut der Nations Legue verschwinden, aber Eintracht  Frankfurt spielt am Samstag gegen Mainz 05. Sky Sport News hat die  Begegnung im Programm. Wer kommentiert, steht nicht sicher fest. Ich vermute, dass es keine unbekannte Stimme sein wird, SSN hat ja bereits in der vorigen Woche einige Testspiele ausgestrahlt.<\/p>\n\n\n\n<p>Ansonsten ist diese beinahe nichtige Testspiel-Auflistung absolut ohne Gew\u00e4hr. Um ehrlich zu sein, fehlt mir da aber auch ein wenig der  \u00dcberblick. Ich wei\u00df, dass Sport1 sich an diesem Wochenende auf die  Darts-Premier-League konzentriert und keinen Test im Programm hat. Aber  es kann gut sein, dass es noch ein paar Tests gibt, die wir im TV verfolgen k\u00f6nnen. Wenn dem so ist, schreibt gerne in die Kommentare, was ihr auf dem Schirm habt.<\/p>\n\n\n\n<p>Ebenfalls nennenswert ist der Start der Frauenfu\u00dfball-Bundesliga. Champions-League-Finalist VfL Wolfsburg bekommt es mit der SGS Essen zu tun. F\u00fcr Eurosport berichtet Markus Theil. Das tut er \u00fcbrigens auch eine Woche sp\u00e4ter. Spitzenspiel des 2. Spieltags ist dann die Partie zwischen Bayer Leverkusen und dem MSV Duisburg.<\/p>\n\n\n\n<p>Last but not least hat Sportdigital FUSSBALL die chinesische Liga im Programm. Die Abonnenten haben die Qual der Wahl. Christian Blunck kommentiert das Guangzhou-Derby, zeitgleich \u00fcbernimmt Karsten Linke bei Wuhan Zall gegen Beijing Guoan.<\/p>\n\n\n\n<p>In diesem Sinne, Euch eine sch\u00f6ne Restwoche!<\/p>\n","protected":false},"excerpt":{"rendered":"<p>N\u2018Abend allerseits, zweifelsohne \u00fcberlagern die alternativen Sportangebote der n\u00e4chsten Tage den Fu\u00dfball. Die US Open besch\u00e4ftigen uns &#8211; wenngleich ohne Federer und Nadal &#8211; noch bis zum 13. September. Nico hat da ja bereits einen guten \u00dcberblick geliefert, was das Medien-Personal betrifft. Nicht nur wegen des Grand-Slam-Turniers liegt der Fokus auf Eurosport. Der ehemalige Bundesliga-Player [&hellip;]<\/p>\n","protected":false},"author":2,"featured_media":0,"comment_status":"open","ping_status":"open","sticky":false,"template":"","format":"standard","meta":{"footnotes":""},"categories":[426],"tags":[153,47,166,131,164,57,212,165,13,14,182,331,155,48,59,276,239,279,332,330,328,109,108,222,286,134,154,227,152,105,149,37],"class_list":["post-3240","post","type-post","status-publish","format-standard","hentry","category-laenderspiele","tag-alexis-menuge","tag-bela-rethy","tag-benny-lauth","tag-carsten-fuss","tag-christian-bernhard","tag-christian-blunck","tag-daniel-herzog","tag-david-ploch","tag-dazn","tag-eurosport","tag-frauen-bundesliga","tag-freddie-schulz","tag-guido-huesgen","tag-jan-platte","tag-karsten-linke","tag-marcel-seufert","tag-markus-theil","tag-max-siebald","tag-maximilian-nicu","tag-michael-hofmann","tag-nations-league","tag-oliver-schmidt","tag-ralph-gunesch","tag-sebastian-kneissl","tag-sky-sport-news-hd","tag-sportdigital-fussball","tag-stefan-galler","tag-testspiele","tag-tobi-fischbeck","tag-uli-hebel","tag-uwe-morawe","tag-zdf"],"_links":{"self":[{"href":"https:\/\/kommentatorenblog.de\/index.php?rest_route=\/wp\/v2\/posts\/3240","targetHints":{"allow":["GET"]}}],"collection":[{"href":"https:\/\/kommentatorenblog.de\/index.php?rest_route=\/wp\/v2\/posts"}],"about":[{"href":"https:\/\/kommentatorenblog.de\/index.php?rest_route=\/wp\/v2\/types\/post"}],"author":[{"embeddable":true,"href":"https:\/\/kommentatorenblog.de\/index.php?rest_route=\/wp\/v2\/users\/2"}],"replies":[{"embeddable":true,"href":"https:\/\/kommentatorenblog.de\/index.php?rest_route=%2Fwp%2Fv2%2Fcomments&post=3240"}],"version-history":[{"count":14,"href":"https:\/\/kommentatorenblog.de\/index.php?rest_route=\/wp\/v2\/posts\/3240\/revisions"}],"predecessor-version":[{"id":3258,"href":"https:\/\/kommentatorenblog.de\/index.php?rest_route=\/wp\/v2\/posts\/3240\/revisions\/3258"}],"wp:attachment":[{"href":"https:\/\/kommentatorenblog.de\/index.php?rest_route=%2Fwp%2Fv2%2Fmedia&parent=3240"}],"wp:term":[{"taxonomy":"category","embeddable":true,"href":"https:\/\/kommentatorenblog.de\/index.php?rest_route=%2Fwp%2Fv2%2Fcategories&post=3240"},{"taxonomy":"post_tag","embeddable":true,"href":"https:\/\/kommentatorenblog.de\/index.php?rest_route=%2Fwp%2Fv2%2Ftags&post=3240"}],"curies":[{"name":"wp","href":"https:\/\/api.w.org\/{rel}","templated":true}]}}