{"id":3259,"date":"2020-09-10T13:48:08","date_gmt":"2020-09-10T12:48:08","guid":{"rendered":"http:\/\/kommentatorenblog.de\/?p=3259"},"modified":"2021-02-28T21:25:09","modified_gmt":"2021-02-28T20:25:09","slug":"1106-grosskampftag-und-vollgas","status":"publish","type":"post","link":"https:\/\/kommentatorenblog.de\/?p=3259","title":{"rendered":"1106 \u2013 Gro\u00dfkampftag und Vollgas"},"content":{"rendered":"\n<p>N\u2018Abend allerseits, <\/p>\n\n\n\n<p>die Saison startet, trotz bekannter Umst\u00e4nde und Verz\u00f6gerungen, auch dieses Jahr nat\u00fcrlich mit der ersten Runde des DFB-Pokals. In diesem Zusammenhang spreche ich f\u00fcr Sky ja gerne vom Gro\u00dfkampftag. 31 Partien gilt es in Einzelspiel und Konferenz\/Zusammenfassung zu besetzen. So gut wie jeder, der beim TV-Sender aus Unterf\u00f6hring Fu\u00dfball kommentieren kann, kommt (mehrmals) zum Einsatz. Dazu gesellen sich wie jedes Jahr ein paar unbekanntere Namen. Diesen Sonntag feiert zum Beispiel mit Timo Schmidtchen ein Sky-Redakteur sein verdientes Kommentatoren-Deb\u00fct. Mehr dazu in der Analyse&#8230; Und an dieser Stelle ein gro\u00dfes Dankesch\u00f6n an Nico, der sich um das Einf\u00fcgen der Ansetzungen und den englischen Fu\u00dfball gek\u00fcmmert hat.<\/p>\n\n\n\n<p><strong>Vollgas!<\/strong><\/p>\n\n\n\n<p>Der <strong>Film<\/strong>, bei dem ich euch einen Einblick hinter die Kulissen bei <strong>Magenta Sport <\/strong>geben werde, ist soweit fertig :). Insbesondere die Corona-Einschr\u00e4nkungen, aber auch neue berufliche Herausforderungen tragen die Schuld f\u00fcr die zeitliche Verz\u00f6gerung. Der inhaltliche Aspekt ist definitiv mehr als der technische Aspekt gelungen. Aber man soll sich ja auch selbst nicht immer kleinreden&#8230;  <\/p>\n\n\n\n<p>Eigentlich w\u00e4re n\u00e4chste Woche Donnerstag ein sch\u00f6ner Zeitpunkt, um den Film hier hochzuladen. Schlie\u00dflich startet ja die 3.Liga n\u00e4chstes Wochenende in ihre neue Saison. Die Bundesliga allerdings auch und Sky feiert ja quasi das 20-j\u00e4hrige <strong>Jubil\u00e4um der Original Sky Bundesliga-Konferenz<\/strong>.  Am ersten Bundesliga-Spieltag der Saison 2000\/01, der damals &#8222;normal&#8220; im August stattfand, lief die erste Konferenz.<strong> Tom Bayer, Oliver Forster, Hansi K\u00fcpper, Erich Laaser und Michael Leopold<\/strong> m\u00fcssten die Kommentatoren sein, die damals Geschichte geschrieben haben. Seitdem sind in 720 Konferenzen \u00fcber 10.000 Tore gefallen. Und wenn alles glatt l\u00e4uft, freue ich mich n\u00e4chste Woche auf ein <strong>Gespr\u00e4ch<\/strong> mit einer dieser f\u00fcnf &#8222;Legenden&#8220;. Themen: Bundesliga-Start, Konferenz-Jubil\u00e4um und pers\u00f6nlicher Werdegang! Im Eintrag am Montag und via <a href=\"https:\/\/twitter.com\/komm_blog?ref_src=twsrc%5Egoogle%7Ctwcamp%5Eserp%7Ctwgr%5Eauthor\">Twitter<\/a>\/<a href=\"https:\/\/www.instagram.com\/komm_blog\/\">Instagram<\/a> werde ich das &#8222;Geheimnis&#8220; l\u00fcften. Nat\u00fcrlich nur wenn\u00b4s klappt \ud83d\ude42 <\/p>\n\n\n\n<p>Und auch mit den Kollegen von DAZN arbeiten wir an einem Interview.  Das Ganze k\u00f6nnt ihr quasi als Fortsetzung unserer Reihe sehen. Sky-Kommentator <a href=\"http:\/\/kommentatorenblog.de\/?p=1929\">Joachim Hebel <\/a>und Magenta Sport &#8211; Kommentator und Fohlen Radio &#8211; Stimme <a href=\"http:\/\/kommentatorenblog.de\/?p=1938\">Christian Stra\u00dfburger<\/a> hatten sich ja bereits unseren Fragen gestellt. <\/p>\n\n\n\n<p><strong>&#8222;Wir sind live&#8220;<\/strong><\/p>\n\n\n\n<p>Zur Einstimmung auf die neue Spielzeit hat Sky zudem heute Morgen zum  <strong>&#8222;All Football Pressegespr\u00e4ch&#8220;<\/strong> eingeladen. Das Motto lautet ja \u201eWir sind live\u201c. Mit Voraussicht f\u00fcr diesen DFB-Pokal-Eintrag hatte ich mir diesen Donnerstag beim SID-Praktikum frei gew\u00fcnscht, sodass auch der Teilnahme am Pressegespr\u00e4ch nichts im Wege stand. Die Live-\u00dcbertragung fand via Zoom statt. Michael Leopold f\u00fchrte im gro\u00dfen Bundesliga-\/Champions League-Studio durch die Sendung.  Sky Sport- und Vermarktungschef Jacques Raynaud stellte im Gespr\u00e4ch das redaktionelle Konzept der \u00dcbertragungen rund um die Fu\u00dfball-Bundesliga, 2. Bundesliga, DFB-Pokal und Premier League vor. Didi Hamann, Jessica Libbertz, Lothar Matth\u00e4us und Dennis Aogo besprachen im Anschluss die sportlichen Ausgangssituationen. <\/p>\n\n\n\n<p>Viele Informationen die hier vermittelt wurden, sind nat\u00fcrlich nicht neu. Teilweise wurden sie auch schon in den letzten Wochen von Sky verk\u00fcndet. Wir haben trotzdem f\u00fcr euch das Wichtigste mitgeschrieben!<\/p>\n\n\n\n<ul class=\"wp-block-list\"><li>Sky 90 bekommt einen neuen Sendeplatz: Sonntag 11.30 Uhr. Die Fu\u00dfballdebatte wird k\u00fcnftig auch im Free-TV bei Sky Sport News laufen <\/li><li>Die neuen Sky-Experten (vor allem Bundesliga am Sonntag) sind Martin Schmidt, Benedikt H\u00f6wedes und Dennis Aogo<\/li><li>Hamann (Samstagnachmittag) und Matth\u00e4us (Topspiel) sind weiter mit von der Partie  <\/li><li>Torsten Mattuschka wird als Experte und Co-Kommentator fester Bestandteil beim Zweitliga-Topspiel am Montagabend<\/li><li>Klopp-Biograf Raphael Honigstein wird neuer Premier-League-Experte und wird auch mehrere Spiele von vor Ort begleiten. Im Vergleich zum Vorjahr fehlt Erik Meijer hier in der Sky-Auflistung <\/li><li>jeden Donnerstag sendet Sky um 21.00 Uhr eine neue Sportdokumentation. Der Fokus liegt hier auf Fu\u00dfball. Es wird aber auch Dokus \u00fcber Handball und die Formel 1 geben. Los geht\u00b4s heute mit der Dokumentation &#8222;Hansi Flick &#8211; In 36 Spielen bis zur Legende&#8220;<\/li><li>jeden Freitag sendet Sky um 21.00 Uhr &#8222;Dein Verein &#8211; die Bundesliga-Vorschau&#8220;. Das Format kennen wir ja bereits vom Ende der vergangenen Saison. Moderatorin Britta Hofmann begr\u00fc\u00dft hier im Studio Manuel Baum und Erik Meijer <\/li><li>mehr UHD-Spiele als jemals zuvor; Zwei Bundesliga-Spiele pro Spieltag, das Zweitliga-Topspiel und ein Premier-League-Spiel pro Spieltag in UHD<\/li><li>zudem werden erstmalig (UHD-)Spiele in noch sch\u00e4rferem HDR ausgestrahlt<\/li><li>die neue &#8222;Was habe ich verpasst?&#8220; &#8211; Funktion. Highlights des Spiels (zun\u00e4chst nur beim Topspiel) k\u00f6nnen w\u00e4hrend der Live-\u00dcbertragung jederzeit auf Knopfdruck (nur mit Sky Q) abgerufen werden <\/li><li>Kooperationen mit Werder Bremen und dem 1. FC K\u00f6ln <\/li><li>die Topspiel-\u00dcbertragung kommt zun\u00e4chst weiter aus dem Studio <\/li><\/ul>\n\n\n\n<p>Das Ganze werden wir in den n\u00e4chsten Wochen bestimmt nochmals aufdr\u00f6seln. Fragen k\u00f6nnt ihr gerne in die Kommentare packen!<\/p>\n\n\n\n<p>Und jetzt zu den XXL-Ansetzungen!<\/p>\n\n\n\n<p><strong>DFB-Pokal, 1. Runde<\/strong> <\/p>\n\n\n\n<p><span style=\"text-decoration: underline;\">Freitag, 11. September 2020, ab 20.15 Uhr (Sky)<\/span><\/p>\n\n\n\n<p><strong><em>Eintracht Braunschweig \u2013 Hertha BSC (20.45 Uhr)<\/em><\/strong><\/p>\n\n\n\n<p>Sky: Oliver Seidler (Einzelspiel), Wolff Fuss (Konferenz)<\/p>\n\n\n\n<p>Field-Reporter: Sven T\u00f6llner<\/p>\n\n\n\n<p><em><strong>TSV Havelse \u2013 1. FSV Mainz 05 (20.45 Uhr)<\/strong><\/em><\/p>\n\n\n\n<p>Sky: Klaus Veltmann (Einzelspiel), Toni Tomic (Konferenz)<\/p>\n\n\n\n<p>Field-Reporter: Alexander Bonengel<\/p>\n\n\n\n<p>Moderation: Esther Sedlaczek <\/p>\n\n\n\n<p><span style=\"text-decoration: underline;\">Samstag, 12. September 2020, ab 14.30 Uhr (Sky)<\/span><\/p>\n\n\n\n<p><strong><em>1. FC N\u00fcrnberg \u2013 RB Leipzig (15.30 Uhr)<\/em><\/strong><\/p>\n\n\n\n<p>Sky: Jonas Friedrich (Einzelspiel), Frank Buschmann (Konferenz)<\/p>\n\n\n\n<p>Field-Reporter: Yannick Erkenbrecher <\/p>\n\n\n\n<p><strong><em>TSV 1860 M\u00fcnchen \u2013 Eintracht Frankfurt (15.30 Uhr)<\/em><\/strong><\/p>\n\n\n\n<p>Sky: Wolff Fuss (Einzelspiel), Markus G\u00f6tz (Konferenz)<\/p>\n\n\n\n<p>Field-Reporter: Torben Hoffmann<\/p>\n\n\n\n<p><strong><em>FC Oberneuland \u2013 Borussia M\u00f6nchengladbach (15.30 Uhr)<\/em><\/strong><\/p>\n\n\n\n<p>Sky: Martin Gro\u00df (Einzelspiel), Hansi K\u00fcpper (Konferenz)<\/p>\n\n\n\n<p>Field-Reporter: Christopher Lymberopoulus<\/p>\n\n\n\n<p><strong><em>VSG Altglienicke \u2013 1. FC K\u00f6ln (15.30 Uhr)<\/em><\/strong><\/p>\n\n\n\n<p>Sky: Marcus Lindemann (Einzelspiel), J\u00f6rg Dahlmann (Konferenz)<\/p>\n\n\n\n<p>Field-Reporter: Marco Wiefel<\/p>\n\n\n\n<hr class=\"wp-block-separator\"\/>\n\n\n\n<p><strong><em>Union F\u00fcrstenwalde \u2013 VfL Wolfsburg (15.30 Uhr)<\/em><\/strong><\/p>\n\n\n\n<p>Sky: Sven Haist (Einzelspiel), Michael Born (Konferenz)<\/p>\n\n\n\n<p><strong><em>MTV Eintracht Celle \u2013 FC Augsburg (15.30 Uhr)<\/em><\/strong><\/p>\n\n\n\n<p>Sky: Holger Pfandt (Einzelspiel), Klaus Veltmann (Konferenz)<\/p>\n\n\n\n<p><strong><em>FV Engers \u2013 VfL Bochum (15.30 Uhr)<\/em><\/strong><\/p>\n\n\n\n<p>Sky: Stefan Hempel (Einzelspiel), Marcel Meinert (Konferenz)<\/p>\n\n\n\n<p><strong><em>SV Todesfelde \u2013 VfL Osnabr\u00fcck (15.30 Uhr)<\/em><\/strong><\/p>\n\n\n\n<p>Sky: Martin Weinberger (Einzelspiel), Michael Leopold (Konferenz)<\/p>\n\n\n\n<p><strong><em>RSV Meinerzhagen \u2013 SpVgg Greuther F\u00fcrth (15.30 Uhr)<\/em><\/strong><\/p>\n\n\n\n<p>Sky: Heiko Mallwitz (Einzelspiel), Markus Gaupp (Konferenz)<\/p>\n\n\n\n<p><span style=\"text-decoration: underline;\">ab 18.15 Uhr (Sky)<\/span><\/p>\n\n\n\n<p><strong><em>Karlsruher SC \u2013 1. FC Union Berlin (18.30 Uhr)<\/em><\/strong><\/p>\n\n\n\n<p>Sky: Sven Schr\u00f6ter (Einzelspiel), Tom Bayer (Konferenz)<\/p>\n\n\n\n<p><strong><em>FC Ingolstadt 04 \u2013 Fortuna D\u00fcsseldorf (18.30 Uhr)<\/em><\/strong><\/p>\n\n\n\n<p>Sky: Torsten Kunde (Einzelspiel), Roland Evers (Konferenz)<\/p>\n\n\n\n<p><strong><em>SSV Ulm \u2013 Erzgebirge Aue (18.30 Uhr)<\/em><\/strong><\/p>\n\n\n\n<p>Sky: Jaron Steiner (Einzelspiel), Karsten Petrzika (Konferenz)<\/p>\n\n\n\n<p><span style=\"text-decoration: underline;\">ab 20.30 Uhr (Sky)<\/span><\/p>\n\n\n\n<p><strong><em>Carl Zeiss Jena \u2013 Werder Bremen (20.45 Uhr)<\/em><\/strong><\/p>\n\n\n\n<p>Sky: Kai Dittmann (Einzelspiel), Marcel Meinert (evtl. Konferenz)<\/p>\n\n\n\n<p>Field-Reporter: Patrick Wasserziehr<\/p>\n\n\n\n<p>Moderation: Britta Hofmann<\/p>\n\n\n\n<p><span style=\"text-decoration: underline;\">Sonntag, 13. September 2020, ab 14.30 Uhr (Sky)<\/span><\/p>\n\n\n\n<p><strong><em>Schweinfurt 05<\/em><\/strong> <strong><em>\u2013 FC Schalke 04 (f\u00e4llt aus\u2078)<\/em><\/strong><\/p>\n\n\n\n<p>Sky: Marcus Lindemann (Einzelspiel), Frank Buschmann (Konferenz)<\/p>\n\n\n\n<p>Field-Reporter: Dirk Grosse Schlarmann<\/p>\n\n\n\n<p><strong><em>Eintracht Norderstedt \u2013 Bayer Leverkusen (15.30 Uhr)<\/em><\/strong><\/p>\n\n\n\n<p>Sky: Martin Gro\u00df (Einzelspiel), Hansi K\u00fcpper (Konferenz)<\/p>\n\n\n\n<p>Field-Reporter: Marco Wiefel<\/p>\n\n\n\n<p><strong><em>Chemnitzer FC \u2013 TSG 1899 Hoffenheim (15.30 Uhr)<\/em><\/strong><\/p>\n\n\n\n<p>Sky: Kai Dittmann (Einzelspiel), J\u00f6rg Dahlmann (Konferenz)<\/p>\n\n\n\n<p>Field-Reporter: Patrick Wasserziehr<\/p>\n\n\n\n<hr class=\"wp-block-separator\"\/>\n\n\n\n<p><strong><em>Hansa Rostock \u2013 VfB Stuttgart (15.30 Uhr)<\/em><\/strong><\/p>\n\n\n\n<p>Sky: Michael Born (Einzelspiel), Marcel Meinert (Konferenz)<\/p>\n\n\n\n<p><strong><em>1. FC Kaiserslautern \u2013 Jahn Regensburg (15.30 Uhr)<\/em><\/strong><\/p>\n\n\n\n<p>Sky: Torsten Kunde (Einzelspiel), Michael Leopold (Konferenz)<\/p>\n\n\n\n<p><strong><em>SV Elversberg \u2013 FC. St Pauli (15.30 Uhr)<\/em><\/strong><\/p>\n\n\n\n<p>Sky: Jonas Friedrich (Einzelspiel), Tom Bayer (Konferenz)<\/p>\n\n\n\n<p><strong><em>SC Wiedenbr\u00fcck \u2013 SC Paderborn 07 (15.30 Uhr)<\/em><\/strong><\/p>\n\n\n\n<p>Sky: Stefan Hempel (Einzelspiel), Markus Gaupp (Konferenz)<\/p>\n\n\n\n<p><strong><em>FC Rielasingen-Arlen \u2013 Holstein Kiel (15.30 Uhr)<\/em><\/strong><\/p>\n\n\n\n<p>Sky: Florian Malburg (Einzelspiel), Heiko Mallwitz (Konferenz)<\/p>\n\n\n\n<p><strong><em>TSV Steinbach Haiger \u2013 SV Sandhausen (15.30 Uhr)<\/em><\/strong><\/p>\n\n\n\n<p>Sky: Timo Schmidtchen (Einzelspiel), Sven Schr\u00f6ter (Konferenz)<\/p>\n\n\n\n<p><span style=\"text-decoration: underline;\">ab 18.15 Uhr (Sky)<\/span><\/p>\n\n\n\n<p><strong><em>Waldhof Mannheim \u2013 SC Freiburg (18.30 Uhr)<\/em><\/strong><\/p>\n\n\n\n<p>Sky: Ulli Potofski (Einzelspiel), Markus G\u00f6tz (Konferenz)<\/p>\n\n\n\n<p>Field-Reporter: Alexander Bonengel<\/p>\n\n\n\n<hr class=\"wp-block-separator\"\/>\n\n\n\n<p><strong><em>SV Wehen Wiesbaden \u2013 1. FC Heidenheim (18.30 Uhr)<\/em><\/strong><\/p>\n\n\n\n<p>Sky: Klaus Veltmann (Einzelspiel), Roland Evers (Konferenz)<\/p>\n\n\n\n<p><strong><em>1. FC Magdeburg \u2013 SV Darmstadt 98 (18.30 Uhr)<\/em><\/strong><\/p>\n\n\n\n<p>Sky: Holger Pfandt (Einzelspiel), Karsten Petrzika (Konferenz)<\/p>\n\n\n\n<p>Moderation: Esther Sedlaczek<\/p>\n\n\n\n<p><span style=\"text-decoration: underline;\">Montag, 14. September 2020, ab 18.00 Uhr (Sky)<\/span><\/p>\n\n\n\n<p><em><strong>Dynamo Dresden \u2013 Hamburger SV (18.30 Uhr)<\/strong><\/em><\/p>\n\n\n\n<p>Sky: Oliver Seidler (Einzelspiel), Toni Tomic (Konferenz)<\/p>\n\n\n\n<p>Field-Reporter: Jurek Rohrberg<\/p>\n\n\n\n<hr class=\"wp-block-separator\"\/>\n\n\n\n<p><strong><em>Rot-Wei\u00df Essen \u2013 Arminia Bielefeld (18.30 Uhr)<\/em><\/strong><\/p>\n\n\n\n<p>Sky: Sven Haist (Einzelspiel), Florian Schmidt-Sommerfeld (Konferenz)<\/p>\n\n\n\n<p><strong><em>W\u00fcrzburger Kickers \u2013 Hannover 96 (18.30 Uhr)<\/em><\/strong><\/p>\n\n\n\n<p>Sky: J\u00f6rg Dahlmann (Einzelspiel), Roland Evers (Konferenz)<\/p>\n\n\n\n<p><span style=\"text-decoration: underline;\">ab 20.15 Uhr (ARD) bzw. ab 20.30 Uhr (Sky)<\/span><\/p>\n\n\n\n<p><strong><em>MSV Duisburg \u2013 Borussia Dortmund (20.45 Uhr)<\/em><\/strong><\/p>\n\n\n\n<p>ARD: Tom Bartels<\/p>\n\n\n\n<p>Field-Reporter (ARD): J\u00fcrgen Bergener<\/p>\n\n\n\n<p>Sky: Wolff Fuss (Einzelspiel), Holger Pfandt (evtl. Konferenz)<\/p>\n\n\n\n<p>Field-Reporter (Sky): Jesco von Eichmann<\/p>\n\n\n\n<p>Moderation (ARD): Jessy Wellmer, Experte: Thomas Broich<\/p>\n\n\n\n<p>Moderation (Sky): Sebastian Hellmann<\/p>\n\n\n\n<p><strong>Premier League, 1.Spieltag<\/strong><\/p>\n\n\n\n<p><span style=\"text-decoration: underline;\">Samstag, 12. September 2020, ab 13.20 Uhr (Sky)<\/span><\/p>\n\n\n\n<p><strong><em>FC Fulham \u2013 FC Arsenal (13.30 Uhr)<\/em><\/strong><\/p>\n\n\n\n<p>Sky: Toni Tomic <\/p>\n\n\n\n<p><span style=\"text-decoration: underline;\">ab 15.50 Uhr (Sky)<\/span><\/p>\n\n\n\n<p><strong><em>Crystal Palace \u2013 FC Southampton (16.00 Uhr)<\/em><\/strong><\/p>\n\n\n\n<p>Sky: Joachim Hebel<\/p>\n\n\n\n<p><span style=\"text-decoration: underline;\">ab 18.00 Uhr (Sky)<\/span><\/p>\n\n\n\n<p><strong><em>FC Liverpool \u2013 Leeds United (18.30 Uhr)<\/em><\/strong><\/p>\n\n\n\n<p>Sky: Florian Schmidt-Sommerfeld, Experte: Mladen Petric<\/p>\n\n\n\n<p><span style=\"text-decoration: underline;\">ab 20.55 Uhr (Sky)<\/span><\/p>\n\n\n\n<p><strong><em>West Bromwich Albion \u2013 Leicester City (15.00 Uhr)<\/em><\/strong><\/p>\n\n\n\n<p>Sky: Hannes Herrmann<\/p>\n\n\n\n<p><span style=\"text-decoration: underline;\">Sonntag, 13. September, ab 14.50 Uhr (Sky)<\/span><\/p>\n\n\n\n<p><strong><em>West Ham United \u2013 Newcastle United (21.00 Uhr)<\/em><\/strong><\/p>\n\n\n\n<p>Sky: Hannes Herrmann<\/p>\n\n\n\n<p><span style=\"text-decoration: underline;\">ab 17.20 Uhr (Sky)<\/span><\/p>\n\n\n\n<p><strong><em>Tottenham Hotspur \u2013 FC Everton (17.30 Uhr)<\/em><\/strong><\/p>\n\n\n\n<p>Sky: Joachim Hebel<\/p>\n\n\n\n<p><span style=\"text-decoration: underline;\">Montag, 14. September 2020,ab 18.50 Uhr<\/span><\/p>\n\n\n\n<p><strong><em>Sheffield United \u2013 Wolverhampton Wanderers (19.00 Uhr)<\/em><\/strong><\/p>\n\n\n\n<p>Sky: Joachim Hebel<\/p>\n\n\n\n<p><span style=\"text-decoration: underline;\">ab 20.50 Uhr (Sky)<\/span><\/p>\n\n\n\n<p><strong><em>Brighton &amp; Hove Albion \u2013 FC Chelsea (21.00 Uhr)<\/em><\/strong><\/p>\n\n\n\n<p>Sky: Hannes Herrmann<\/p>\n\n\n\n<p><strong>Bundesliga Frauen, 1. Spieltag<\/strong><\/p>\n\n\n\n<p><span style=\"text-decoration: underline;\">Freitag, 4. September 2020 ab 19.15 Uhr (Eurosport)<\/span><\/p>\n\n\n\n<p><strong><em>Bayer 04 Leverkusen \u2013 MSV Duisburg (19.15 Uhr)<\/em><\/strong><\/p>\n\n\n\n<p>Eurosport: Markus Theil<\/p>\n\n\n\n<p>Moderation: Anna Kraft <\/p>\n\n\n\n<p><strong>Fu\u00dfball International<\/strong> <\/p>\n\n\n\n<p><span style=\"text-decoration: underline;\">Freitag, 11. September 2020<\/span><\/p>\n\n\n\n<p>Sky Bet Championship, 1. Spieltag: <strong><em>FC Watford \u2013 FC Middlesbrough (20.45 Uhr)<\/em><\/strong><\/p>\n\n\n\n<p>DAZN: Uli Hebel<\/p>\n\n\n\n<p>Sportdigital FUSSBALL: Florian Obst<\/p>\n\n\n\n<p>Ligue 1, 3. Spieltag: <strong><em>Girondins Bordeaux \u2013 Olympique Lyon (21.00 Uhr)<\/em><\/strong><\/p>\n\n\n\n<p>DAZN: Felix Keil<\/p>\n\n\n\n<p><span style=\"text-decoration: underline;\">Samstag, 12. September 2020<\/span><\/p>\n\n\n\n<p>Hyundai Motors K League, 20. Spieltag: <strong><em>Gwangju FC \u2013 Jeonbuk Hyundai Motors (09.00 Uhr)<\/em><\/strong><\/p>\n\n\n\n<p>Sportdigital FUSSBALL: Christian Blunck<\/p>\n\n\n\n<p>Sky Bet Championship, 1. Spieltag: <strong><em>Birmingham City \u2013 Brentford FC (13.30 Uhr)<\/em><\/strong><\/p>\n\n\n\n<p>Sportdigital FUSSBALL: Florian Obst<\/p>\n\n\n\n<p>Sky Bet Championship, 1. Spieltag: <strong><em>Huddersfield Town \u2013 Norwich City (16.00 Uhr)<\/em><\/strong><\/p>\n\n\n\n<p>Sportdigital FUSSBALL: Arne Malsch<\/p>\n\n\n\n<p>La Liga, 1. Spieltag: <strong><em>FC Granada \u2013 Athletic Bilbao (18.30 Uhr)<\/em><\/strong><\/p>\n\n\n\n<p>DAZN: Tino Polster<\/p>\n\n\n\n<p>Eredivisie, 1. Spieltag: <strong><em>PEC Zwolle \u2013 Feyenoord Rotterdam (20.00 Uhr)<\/em><\/strong><\/p>\n\n\n\n<p>Sportdigital FUSSBALL: Karsten Linke<\/p>\n\n\n\n<p><span style=\"text-decoration: underline;\">Sonntag, 13. September 2020<\/span><\/p>\n\n\n\n<p>J. League, 16. Spieltag: <strong><em>Kawasaki Frontale \u2013 Sanfrecce Hiroshima (11.30 Uhr)<\/em><\/strong><\/p>\n\n\n\n<p>Sportdigital FUSSBALL: Ulf Kahmke<\/p>\n\n\n\n<p>Eredivisie, 1. Spieltag: <strong><em>Sparta Rotterdam \u2013 Ajax Amsterdam (14.30 Uhr)<\/em><\/strong><\/p>\n\n\n\n<p>Sportdigital FUSSBALL: Karsten Linke <\/p>\n\n\n\n<p>La Liga, 1. Spieltag: <strong><em>Real Valladolid \u2013 Real Sociedad (16.00 Uhr)<\/em><\/strong><\/p>\n\n\n\n<p>DAZN: Uwe Morawe<\/p>\n\n\n\n<p>Eredivisie, 1. Spieltag: <strong><em>FC Groningen \u2013 PSV Eindhoven (16.45 Uhr)<\/em><\/strong><\/p>\n\n\n\n<p>Sportdigital FUSSBALL: Christian Blunck<\/p>\n\n\n\n<p>Ligue 1, 3. Spieltag: <strong><em>AS Monaco \u2013 FC Nantes (17.00 Uhr)<\/em><\/strong><\/p>\n\n\n\n<p>DAZN: Martin Sedlacek <\/p>\n\n\n\n<p>La Liga, 1. Spieltag: <strong><em>FC Villareal \u2013 SD Huesca (18.30 Uhr)<\/em><\/strong><\/p>\n\n\n\n<p>DAZN: Matthias Naebers<\/p>\n\n\n\n<p>Ligue 1, 3. Spieltag: <em><strong>Paris Saint-Germain \u2013 Olympique Marseille (21.00 Uhr)<\/strong><\/em><\/p>\n\n\n\n<p>DAZN: Stefan Galler, Experte: Alexis Menuge <\/p>\n\n\n\n<p>Moderation: Daniel Herzog <\/p>\n\n\n\n<p><strong>Die Analyse<\/strong> <\/p>\n\n\n\n<p><strong>Freitag ruft das Stadion<\/strong><\/p>\n\n\n\n<p>Beide DFB-Pokal-Spiele am Freitag werden aus dem Stadion kommentiert. Dies wird nicht bei alle Pokal-Spielen der Fall sein. Die &#8222;Corona-Box&#8220; ruft. Bei den Spielen \u00fcber den Strichen (pro Ansto\u00dfzeit) ist der Kommentator vor Ort. Der Rest kommt aus dem Sendezentrum.<\/p>\n\n\n\n<p>Seidler hingegen zieht\u00b4s nach Braunschweig. Und Veltmann meldet sich aus Mainz. SSN-Reporter T\u00f6llner und Bonengel liefern die Interviews. Die Ansetzungen &#8222;sind regional&#8220;. Bedingt durch die Corona-Beschr\u00e4nkungen hatten ja 11 Teams ihr Heimrecht abgegeben. In der Folge tritt Havelse in der rheinland-pf\u00e4lzischen Landeshauptstadt an.  Wolff Fuss startet das Wochenende, an dem er insgesamt dreimal ran muss, mit einem Konferenzeinsatz bei BTSV gegen Herha BSC. <\/p>\n\n\n\n<p><strong>Gro\u00dfes Puzzle am Samstag<\/strong><\/p>\n\n\n\n<p>Samstag begr\u00fc\u00dft uns Britta Hofmann ab 14.30 Uhr zur Pokal-Sendung. Um 15.30 Uhr werden vier Spiele aus den Stadien kommentiert. Die Top-Leute Friedrich, Fuss, Gro\u00df und Lindemann haben die Ehre. Yannick Erkenbrecher begleitet Jonas Friedrich zum Club. Bei den anderen drei Partien sind wieder SSN-Reporter am Werk. Der Trend setzt sich \u00fcbrigens auch bei den weiteren Spielen am Sonntag und Montag fort. In der Konferenz \u00fcbernehmen bei diesen Spielen vier Reporter, die auch sonst oft in den Erstligakonferenzen zu h\u00f6ren sind. <\/p>\n\n\n\n<p>Bei den restlichen Partien, die am Samstag um 15.30 Uhr angepfiffen werden, kommt der Kommentar also aus der Box. SSN-Mann Martin Weinberger kommt hier wieder zum Zug. Wenn mich nicht alles t\u00e4uscht, durfte Weinberger letztes Jahr bereits eine Partie (damals in der Konferenz) \u00fcbernehmen. M\u00fcsste mit Beteiligung von Erzgebirge Aue gewesen sein. Dieses mal begleitet er Osnabr\u00fcck gegen Todesfelde. Hier kommt auch Michael Leopold wieder zu seinem klassischen Kommentar-Konferenz-Einsatz &#8211;  Stichwort Gro\u00dfkampftag. &#8222;Leo&#8220;, der in seinen Anfangsjahren ja als Kommentator aktiv war, darf ja immer wieder bei der ersten Pokalrunde mal ran. Sonntag macht er K`Lautern gegen Regensburg.  <br>Was f\u00e4llt Samstagnachmittag noch ins Auge? Stefan Hempel kommt zum Zug. F\u00fcr ihn gilt quasi das Gleiche wie f\u00fcr Leopold, wobei er letzte Saison mMn vereinzelt auch Re-Live-Eins\u00e4tze in der Premier League hatte. <\/p>\n\n\n\n<p>Die 18.30 Uhr &#8211; Spiele kommen wiederum  alle aus der Box. News-Redakteur Steiner ist hier dabei, der ja \u00f6fters auch in der 2. Bundesliga kommentiert. Kai Dittmann und Patrick Wasserziehr reisen f\u00fcr den Pokal hingegen in den Osten der Republik. Beide machen Samstag in Jena den Deckel drauf. Marcel Meinert ist auserw\u00e4hlt f\u00fcr die Zusammenfassung der Partie. Fall eins der anderen Spiele in die Verl\u00e4ngerung geht, kann der Jung-Podcaster auch einen Konferenz-Einsatz verzeichnen. Stichwort Zusammenfassung: Bei der Alle Spiele, alle Tore &#8211; Sendung l\u00f6st Hartmut von Kameke in der Moderation Britta Hofmann ab. <\/p>\n\n\n\n<p><strong>Redakteure d\u00fcrfen am Sonntag ran <\/strong><\/p>\n\n\n\n<p>Von Jena geht\u00b4s f\u00fcr die Reisegruppe Dittmann\/Wasserziehr am Sonntag nach Chemnitz. Wasserziehr wird dieses Jahr \u00fcbrigens kein Pokalspiel kommentieren. Das war in den letzten Jahren auch anders. Gro\u00df und Lindemann kriegen Sonntagnachmittag ihr zweites Einzelspiel aus dem Stadion &#8211; wieder mit Interview-Unterst\u00fctzung von Sky Sport News. <\/p>\n\n\n\n<p>W\u00e4hrenddessen feiert Sky-Redakteur Timo Schmidtchen bei Steinbach Haiger gegen Sandhausen sein Deb\u00fct. In meiner Zeit als Praktikant bei Sky war Timo einer meiner engsten Ansprechpartner. Die Zusammenarbeit hat echt Bock gemacht. Umso mehr freue ich mich dar\u00fcber, das Kollege Schmidtchen jetzt auch mal live ans Mikro darf. Ich werde mir die Partie im Re-Live anschauen. Und auch Redakteurs-Kollege Flo Malburg kommt wieder zum Zug. Rielasingen gegen Kiel hei\u00dft seine Aufgabe. Die Spezialisten erinnern sich: Malburg feierte sein Deb\u00fct am 34. Spieltag der vergangenen Saison. Ich hab\u00b4s teils verfolgt. Hat Lust auf mehr gemacht!<\/p>\n\n\n\n<p>W\u00e4hrend Ulli Potofski und Alexander Bonengel am Sonntag bei der Partie  Mannheim gegen Freiburg im Stadion sind, darf zeitgleich der Rest der Bande die Spiele nur mithilfe des TV-Bildschirms kommentieren.<\/p>\n\n\n\n<p>Sonntag f\u00fchrt, wie bereits am Freitag, Esther Sedlaczek durch die Sendung, Auf\u00e4llig: Mit Jessica Libbertz fehlt eine bedeutende Gr\u00f6\u00dfe an diesem Wochenende! Libbertz wird aber weiterhin bei Sky moderieren. Der erste Bundesliga-Sonntag mit Experte Dennis Aogo geh\u00f6rt ihr. <\/p>\n\n\n\n<p><strong>ARD steigt ein; Sport 1 fehlt noch<\/strong><\/p>\n\n\n<p><!--StartFragment--><\/p>\n\n\n<p>Montag gibt\u00b4s mal wieder Schmiso in der Konferenz. Seine ehemaligen Kollegen von #rannfl starten ja auch dieses Wochenende in die Saison. Personell gibt\u00b4s hier keine Ver\u00e4nderungen. Bei DAZN sind Martin Pfanner und Adrian Franke diese Saison das feste Team f\u00fcr Thursday Night Football. <\/p>\n\n\n\n<p>Die ARD zeigt Dortmund in Duisburg &#8211; keine \u00dcberraschungen beim Personal. Sport 1 muss noch warten. Das Spiel der Bayern ist ja verlegt worden. <\/p>\n\n\n\n<p><strong>Saisonstart auch auf der Insel <\/strong><\/p>\n\n\n\n<p>Bei all dem was so im Pokal los ist, wollen wir euch nat\u00fcrlich nicht unterschlagen, dass auch im internationalen Fussball wieder einiges los. So gibts beispielsweise in England den Start der ersten und zweiten Liga.<\/p>\n\n\n\n<p>Die Premier League l\u00e4uft selbstverst\u00e4ndlich auch dieses Jahr bei Sky. Der Auftakt findet dieses Jahr mal an einem Samstag um 13.30 Uhr, mit dem Gastspiel der &#8222;Gunners&#8220; beim Aufsteiger Fulham, statt. Toni Tomic \u00fcbernimmt. Ansonsten gibt\u00b4s anders als zum Ende der vergangenen Saison nicht alle Spiele zur selben Uhrzeit bei Sky zu sehen. Der Corona-Luxus f\u00fcr die Zuschauer f\u00e4llt quasi weg. Die Namen Hebel und Herrmann kommen nat\u00fcrlich in den Ansetzungen vor. Das &#8222;Match of the Week&#8220;zwischen Liverpool und Leeds verfolgt Florian Schmidt-Sommerfeld. <\/p>\n\n\n\n<p><strong>Fokus auf LaLiga und der Eredivisie!<\/strong><\/p>\n\n\n\n<p>Freitag bleiben die \u00dcberraschungen bei DAZN und sportdigital FUSSBALL aus. <\/p>\n\n\n\n<p>Samstag wird bei DAZN wohl nur eine Begegnung mit deutschem Kommentar ausgestattet. Lukas Sch\u00f6nm\u00fcller ist der Gl\u00fcckliche bei Granada gegen Bilbao. <\/p>\n\n\n\n<p>Und am Sonntag l\u00e4uft bei Sportdigital FUSSBALL und DAZN das Aufeinandertreffen zwischen Groningen und Eindhoven. Mir kommen da unter anderem Arjen Robben und Roger Schmidt in den Sinn. Stand jetzt wird das Spiel nur bei Sportdigital FUSSBALL auf Deutsch kommentiert. Christian &#8222;B\u00fcdi&#8220; Blunck ist unser Mann. <\/p>\n\n\n\n<p>Macht das Beste draus!<\/p>\n","protected":false},"excerpt":{"rendered":"<p>N\u2018Abend allerseits, die Saison startet, trotz bekannter Umst\u00e4nde und Verz\u00f6gerungen, auch dieses Jahr nat\u00fcrlich mit der ersten Runde des DFB-Pokals. In diesem Zusammenhang spreche ich f\u00fcr Sky ja gerne vom Gro\u00dfkampftag. 31 Partien gilt es in Einzelspiel und Konferenz\/Zusammenfassung zu besetzen. So gut wie jeder, der beim TV-Sender aus Unterf\u00f6hring Fu\u00dfball kommentieren kann, kommt (mehrmals) [&hellip;]<\/p>\n","protected":false},"author":6,"featured_media":0,"comment_status":"open","ping_status":"open","sticky":false,"template":"","format":"standard","meta":{"footnotes":""},"categories":[504],"tags":[19,337,57,35,13,338,65,97,308,72,188,274,103,69,93,198,9,112,95,339,71,88,94,340,22,255,336,134,28,247,341,273,107,196],"class_list":["post-3259","post","type-post","status-publish","format-standard","hentry","category-dfb-pokal-co","tag-ard","tag-benedikt-hoewedes","tag-christian-blunck","tag-christian-strassburger","tag-dazn","tag-dennis-aogo","tag-dfb-pokal","tag-esther-sedlaczek","tag-florian-malburg","tag-jaron-steiner","tag-jessica-libbertz","tag-jessy-wellmer","tag-jogi-hebel","tag-jonas-friedrich","tag-kai-dittmann","tag-konferenz","tag-magenta-sport","tag-marcus-lindemann","tag-martin-gross","tag-martin-schmidt","tag-martin-weinberger","tag-michael-leopold","tag-patrick-wasserziehr","tag-raphael-honigstein","tag-sky","tag-sky-90","tag-sky-sport-news","tag-sportdigital-fussball","tag-stefan-hempel","tag-thomas-broich","tag-timo-schmidtchen","tag-tom-bartels","tag-wolff-fuss","tag-yannick-erkenbrecher"],"_links":{"self":[{"href":"https:\/\/kommentatorenblog.de\/index.php?rest_route=\/wp\/v2\/posts\/3259","targetHints":{"allow":["GET"]}}],"collection":[{"href":"https:\/\/kommentatorenblog.de\/index.php?rest_route=\/wp\/v2\/posts"}],"about":[{"href":"https:\/\/kommentatorenblog.de\/index.php?rest_route=\/wp\/v2\/types\/post"}],"author":[{"embeddable":true,"href":"https:\/\/kommentatorenblog.de\/index.php?rest_route=\/wp\/v2\/users\/6"}],"replies":[{"embeddable":true,"href":"https:\/\/kommentatorenblog.de\/index.php?rest_route=%2Fwp%2Fv2%2Fcomments&post=3259"}],"version-history":[{"count":126,"href":"https:\/\/kommentatorenblog.de\/index.php?rest_route=\/wp\/v2\/posts\/3259\/revisions"}],"predecessor-version":[{"id":3416,"href":"https:\/\/kommentatorenblog.de\/index.php?rest_route=\/wp\/v2\/posts\/3259\/revisions\/3416"}],"wp:attachment":[{"href":"https:\/\/kommentatorenblog.de\/index.php?rest_route=%2Fwp%2Fv2%2Fmedia&parent=3259"}],"wp:term":[{"taxonomy":"category","embeddable":true,"href":"https:\/\/kommentatorenblog.de\/index.php?rest_route=%2Fwp%2Fv2%2Fcategories&post=3259"},{"taxonomy":"post_tag","embeddable":true,"href":"https:\/\/kommentatorenblog.de\/index.php?rest_route=%2Fwp%2Fv2%2Ftags&post=3259"}],"curies":[{"name":"wp","href":"https:\/\/api.w.org\/{rel}","templated":true}]}}