{"id":3266,"date":"2020-09-07T09:25:57","date_gmt":"2020-09-07T09:25:57","guid":{"rendered":"http:\/\/kommentatorenblog.de\/?p=3266"},"modified":"2020-12-30T16:00:41","modified_gmt":"2020-12-30T16:00:41","slug":"1105-le-tour-fasziniert","status":"publish","type":"post","link":"https:\/\/kommentatorenblog.de\/?p=3266","title":{"rendered":"1105 \u2013 Le Tour fasziniert"},"content":{"rendered":"\n<p>N\u2018Abend allerseits,<\/p>\n\n\n\n<p>seit fr\u00fchester Kindheit bin ich Radsport-Fan. Die Schuld liegt bei meinem Vater. Die Klassiker Paris-Roubaix, L\u00fcttich-Bastogne-L\u00fcttich oder auch die Flandern-Rundfahrt begeistern. Und w\u00e4hrend ich Vuelta und Giro aus zeitlichen Gr\u00fcnden sporadisch verfolge, so ist die Tour de France jedes Jahr Pflichtprogramm &#8211; jede Etappe!  Mit 98er Baujahr sind mit die Jahre mit Ullrich, Armstrong &amp; Co. erspart geblieben. Die Schleck-Br\u00fcder, Alberto Contador oder Cadel Evans haben die Tour-Erfahrungen meiner Kindheit gepr\u00e4gt. Und dazu kommt die deutsche Sprinter-Generation mit Greipel oder Kittel.<\/p>\n\n\n\n<p>In diesem Jahr schaffe ich es jede Etappe von Beginn an zu verfolgen, weil ich gerade ein Praktikum beim Sport-Informations-Dienst in K\u00f6ln absolviere. TV-Bilschirme gibt\u00b4s hier en masse. Und so verpasse ich quasi keine Sekunde \ud83d\ude42 <\/p>\n\n\n\n<p><strong>Wieso fasziniert die Tour de France?<\/strong><\/p>\n\n\n\n<p>Die Tour de France fasziniert in zweierlei Hinsicht!<\/p>\n\n\n\n<p>Zun\u00e4chst begeistert mich, unabh\u00e4ngig vom Thema Doping, der sportliche Aspekt; in erster Linie nat\u00fcrlich die Bergetappen als Ausscheidungsrennen. Ich liebe diese Spannung in Verbindung mit aufkommender Hektik bei den Fahrern und Kommentatoren. Und die Bilder der Fans, die in Zehnerreihen die Radprofis die Berge hinaufbr\u00fcllen. Mittlerweile l\u00e4sst sich hier mit Emanuel Buchmann auch mal ein Deutscher anfeuern. W\u00e4hrend &#8222;Emu&#8220; bei der Tour 2019 Vierter wurde, so k\u00e4mpft er dieses Jahr noch mit Nachwirkungen eines Sturzes vom Criterium de Dauphine. Nach der ersten Woche ist bereits abzusehen, dass Buchmann das Vorjahresergebnis nicht wiederholen kann. Schade&#8230;<\/p>\n\n\n\n<p>Die zweite Dimension der Begeisterung liegt in der TV-Berichterstattung. Die Bilder, die das franz\u00f6sische Fernsehen vom Rennen, der Sehensw\u00fcrdigkeiten und der Natur liefern, sind schlichtweg Weltklasse! <\/p>\n\n\n\n<p>Bei der ARD gibt\u00b4s dieses Jahr wie immer das Trio Antwerpes\/Na\u00df und Wegmann. In ONE kommentiert Florian Kurz &#8211; zumeist wieder mit Ex-Fahrer Paul Vo\u00df. Bei Eurosport \u00fcbernimmt nat\u00fcrlich Legende Karsten Migels mit den Experten Jens Voigt und Rolf Aldag. Um die \u00dcbersetzung der Interviews und die Dinge abseits der Strecke k\u00fcmmern sich Ron Ringuth oder Marc Rohde . Ich h\u00e4nge jedes Jahr bei der ARD. Die Gr\u00fcnde sind simpel: Weniger Werbung und besseres Bild. Und die Tonqualit\u00e4t bei Eurosport verstehe ich nach wie vor nicht. <\/p>\n\n\n\n<p>Gibt\u00b4s hier auch jemanden der die Tour verfolgt? Packt eure Einsch\u00e4tzungen in die Kommentare!<\/p>\n\n\n\n<p>Und jetzt zu den Ansetzungen! <\/p>\n\n\n\n<p><\/p>\n\n\n\n<p><strong><em>Die Ansetzungen vom 8. September bis zum 10. September 2020<\/em><\/strong><\/p>\n\n\n\n<p><strong>UEFA Nations League, 2. Spieltag<\/strong><\/p>\n\n\n\n<p><span style=\"text-decoration: underline;\">Dienstag, 8. September 2020 ab 20.45 Uhr (DAZN)<\/span><\/p>\n\n\n\n<p>Gruppe A2:&nbsp;<strong><em>D\u00e4nemark \u2013 England (20.45 Uhr)<\/em><\/strong><\/p>\n\n\n\n<p>DAZN: Uli Hebel, Experte: Sebastian Knei\u00dfl<\/p>\n\n\n\n<p>Gruppe A2:&nbsp;<strong><em>Belgien \u2013 Island (20.45 Uhr)<\/em><\/strong><\/p>\n\n\n\n<p>DAZN: Mario Rieker<\/p>\n\n\n\n<p>Gruppe A3:&nbsp;<strong><em>Frankreich \u2013 Kroatien (20.45 Uhr)<\/em><\/strong><\/p>\n\n\n\n<p>DAZN: Guido H\u00fcsgen, Experte: Alexis Menuge <\/p>\n\n\n\n<p>Gruppe A3:&nbsp;<strong><em>Schweden \u2013 Portugal  (20.45 Uhr)<\/em><\/strong><\/p>\n\n\n\n<p>DAZN: Oliver Forster, Experte: Michi Hofmann<\/p>\n\n\n\n<p><strong>U21, EM-Qualifikation, 05. Spieltag<\/strong><\/p>\n\n\n\n<p><span style=\"text-decoration: underline;\">Dienstag, 8. September 2020 ab 15.30 Uhr (DAZN) <\/span><\/p>\n\n\n\n<p><strong><em>Belgien \u2013 Deutschland (16.00 Uhr)<\/em><\/strong><\/p>\n\n\n\n<p>ProSieben Maxx: Uwe Morawe<\/p>\n\n\n\n<p>Moderation: Christian D\u00fcren, Experte: Ren\u00e9 Adler<\/p>\n\n\n\n<p>(unter Vorbehalt)<\/p>\n\n\n\n<p><strong>Fu\u00dfball International<\/strong><\/p>\n\n\n\n<p><span style=\"text-decoration: underline;\">Donnerstag, 10. September 2020<\/span><\/p>\n\n\n\n<p>Chinese Super League, 10. Spieltag:&nbsp;<strong><em>Shanghai SIPG \u2013 Qingdao Huanghai (14.00 Uhr)<\/em><\/strong><\/p>\n\n\n\n<p>sportdigital FUSSBALL: Karsten Linke <\/p>\n\n\n\n<p><strong>Die Analyse<\/strong><\/p>\n\n\n\n<p><strong>Rest der Nations League<\/strong><\/p>\n\n\n\n<p>In der Nations League stehen am Dienstag die letzten Partien des zweiten Spieltags an. Alle Partien werden live auf DAZN \u00fcbertragen. Oben findet ihr die Spiele, die DAZN mit deutschem Kommentar anbietet. Hebel sitzt zusammen mit Ex-Insel-Akteur Knei\u00dfl bei den Three Lions am Mikro. Alexis Menuge ist wieder Experte bei Frankreich. Nicht Stefan Galler, sondern Guido H\u00fcsgen kommentiert mit ihm die Neuauflage des WM-Finals von 2018. Oliver Forster, dessen Leistung beim Champions League Finale der Frauen auf Twitter durchaus ein Thema war, darf auch mal wieder f\u00fcr DAZN ran. <\/p>\n\n\n\n<p><strong>Identisches Line-Up und Testspielflaute<\/strong>  <\/p>\n\n\n\n<p>ProSieben Maxx schickt wohl wieder die gleiche Crew zur U-21. Alles unter Vorbehalt, weil unsere Anfrage an ran leider noch nicht beantwortet wurde. Matthias Stach, der zuletzt auch schon die U21 f\u00fcr ran kommentierte, ist schlie\u00dflich auch mit den US-Open auf Eurosport besch\u00e4ftigt. <\/p>\n\n\n\n<p>Sport 1, Sky Sport News und die \u00f6ffentlich-rechtlichen zeigen, soweit ich das gestern durchgeschaut habe, keine weiteren Testspiele oder Turniere. Falls ihr was findet, meldet euch in den Kommentaren.  <\/p>\n\n\n\n<p>Macht das Beste draus!<\/p>\n","protected":false},"excerpt":{"rendered":"<p>N\u2018Abend allerseits, seit fr\u00fchester Kindheit bin ich Radsport-Fan. Die Schuld liegt bei meinem Vater. Die Klassiker Paris-Roubaix, L\u00fcttich-Bastogne-L\u00fcttich oder auch die Flandern-Rundfahrt begeistern. Und w\u00e4hrend ich Vuelta und Giro aus zeitlichen Gr\u00fcnden sporadisch verfolge, so ist die Tour de France jedes Jahr Pflichtprogramm &#8211; jede Etappe! Mit 98er Baujahr sind mit die Jahre mit Ullrich, [&hellip;]<\/p>\n","protected":false},"author":3,"featured_media":0,"comment_status":"open","ping_status":"open","sticky":false,"template":"","format":"standard","meta":{"footnotes":""},"categories":[426],"tags":[153,19,177,13,14,334,99,155,335,243,328,183,137,84,222,134,333,136,174,105],"class_list":["post-3266","post","type-post","status-publish","format-standard","hentry","category-laenderspiele","tag-alexis-menuge","tag-ard","tag-christian-dueren","tag-dazn","tag-eurosport","tag-florian-kurz","tag-florian-nass","tag-guido-huesgen","tag-karsten-migels","tag-mario-rieker","tag-nations-league","tag-oliver-forster","tag-prosieben-maxx","tag-rene-adler","tag-sebastian-kneissl","tag-sportdigital-fussball","tag-tour-de-france","tag-u21","tag-u21-em-quali","tag-uli-hebel"],"_links":{"self":[{"href":"https:\/\/kommentatorenblog.de\/index.php?rest_route=\/wp\/v2\/posts\/3266","targetHints":{"allow":["GET"]}}],"collection":[{"href":"https:\/\/kommentatorenblog.de\/index.php?rest_route=\/wp\/v2\/posts"}],"about":[{"href":"https:\/\/kommentatorenblog.de\/index.php?rest_route=\/wp\/v2\/types\/post"}],"author":[{"embeddable":true,"href":"https:\/\/kommentatorenblog.de\/index.php?rest_route=\/wp\/v2\/users\/3"}],"replies":[{"embeddable":true,"href":"https:\/\/kommentatorenblog.de\/index.php?rest_route=%2Fwp%2Fv2%2Fcomments&post=3266"}],"version-history":[{"count":21,"href":"https:\/\/kommentatorenblog.de\/index.php?rest_route=\/wp\/v2\/posts\/3266\/revisions"}],"predecessor-version":[{"id":3291,"href":"https:\/\/kommentatorenblog.de\/index.php?rest_route=\/wp\/v2\/posts\/3266\/revisions\/3291"}],"wp:attachment":[{"href":"https:\/\/kommentatorenblog.de\/index.php?rest_route=%2Fwp%2Fv2%2Fmedia&parent=3266"}],"wp:term":[{"taxonomy":"category","embeddable":true,"href":"https:\/\/kommentatorenblog.de\/index.php?rest_route=%2Fwp%2Fv2%2Fcategories&post=3266"},{"taxonomy":"post_tag","embeddable":true,"href":"https:\/\/kommentatorenblog.de\/index.php?rest_route=%2Fwp%2Fv2%2Ftags&post=3266"}],"curies":[{"name":"wp","href":"https:\/\/api.w.org\/{rel}","templated":true}]}}