{"id":334,"date":"2019-09-19T19:06:02","date_gmt":"2019-09-19T19:06:02","guid":{"rendered":"http:\/\/kommentatorenblog.de\/?p=334"},"modified":"2020-12-30T16:05:27","modified_gmt":"2020-12-30T16:05:27","slug":"1017-verlaengertes-wochenende","status":"publish","type":"post","link":"https:\/\/kommentatorenblog.de\/?p=334","title":{"rendered":"1017 &#8211; Verl\u00e4ngertes Wochenende"},"content":{"rendered":"\n<p>N&#8217;Abend allerseits,<\/p>\n\n\n\n<p>die erste Champions-League-Woche ist rum und hat uns die ein oder andere \u00dcberraschung serviert. Es w\u00e4re vielleicht ein wenig sch\u00f6ner gewesen, w\u00e4ren die acht Tore nicht zwischen Salzburg und Genk, sondern dem BVB und Barcelona gefallen, aber man kann ja auch nicht alles haben. Welches Ergebnis hat Euch am meisten \u00fcberrascht? Und welcher Kommentator hat seinen Job am besten gemacht?<\/p>\n\n\n\n<p>In jedem Fall steht jetzt wieder der Ligaalltag auf dem Programmzettel. Zum ersten Mal in dieser Saison gr\u00fc\u00dfen die Kommentatoren in der Bundesliga auch an einem Tag, an dem das Wochenende doch eigentlich l\u00e4ngst abgeklungen ist\u2026&nbsp;<\/p>\n\n\n\n<p><strong><em><span style=\"text-decoration: underline;\">Die Ansetzungen vom 20. September 2019 bis zum 23. September 2019<\/span><\/em><\/strong><\/p>\n\n\n\n<p><strong><em>Bundesliga, 5. Spieltag<\/em><\/strong><\/p>\n\n\n\n<p><span style=\"text-decoration: underline;\">Freitag, 20. September 2019 ab 20.15 Uhr (DAZN)<\/span><\/p>\n\n\n\n<p><strong><em>FC Schalke 04 \u2013 1.FSV Mainz 05 (20.30 Uhr)<\/em><\/strong><\/p>\n\n\n\n<p>DAZN: Marco Hagemann, Experte: Ralph Gunesch<\/p>\n\n\n\n<p>Field-Reporter (DAZN): Tobias Wahnschaffe<\/p>\n\n\n\n<p>Moderation (DAZN): Daniel Herzog&nbsp;<\/p>\n\n\n\n<p><span style=\"text-decoration: underline;\">Samstag, 21. September 2019 ab 14.00 Uhr (Sky)<\/span><\/p>\n\n\n\n<p><strong><em>Bayer 04 Leverkusen &#8211; 1.FC Union Berlin (15.30 Uhr)<\/em><\/strong><\/p>\n\n\n\n<p>Sky: Tom Bayer (Einzelspiel), Hansi K\u00fcpper (Konferenz)<\/p>\n\n\n\n<p>Field-Reporterin (Sky): Britta Hofmann<\/p>\n\n\n\n<p><strong><em>SC Freiburg &#8211; FC Augsburg (15.30 Uhr)<\/em><\/strong><\/p>\n\n\n\n<p>Sky: Toni Tomic (Einzelspiel), J\u00f6rg Dahlmann (Konferenz)<\/p>\n\n\n\n<p>Field-Reporterin (Sky): Nele Schenker<\/p>\n\n\n\n<p><strong><em>FC Bayern M\u00fcnchen \u2013 1.FC K\u00f6ln (15.30 Uhr)<\/em><\/strong><\/p>\n\n\n\n<p>Sky: Kai Dittmann (Einzelspiel), Wolff Fuss (Konferenz)<\/p>\n\n\n\n<p>Field-Reporter (Sky): Michael Leopold<\/p>\n\n\n\n<p><strong><em>Hertha BSC Berlin \u2013 SC Paderborn (15.30 Uhr)<\/em><\/strong><\/p>\n\n\n\n<p>Sky: Michael Born (Einzelspiel), Oliver Seidler (Konferenz)<\/p>\n\n\n\n<p>Field-Reporter (Sky): Jens Westen&nbsp;<\/p>\n\n\n\n<p><span style=\"text-decoration: underline;\">Ab 17.30 Uhr (Sky)<\/span><\/p>\n\n\n\n<p><strong><em>Werder Bremen \u2013 RB Leipzig (18.30 Uhr)<\/em><\/strong><\/p>\n\n\n\n<p>Sky: Martin Gro\u00df, Experte: Lothar Matth\u00e4us<\/p>\n\n\n\n<p>Field-Reporter (Sky): Yannick Erkenbrecher<\/p>\n\n\n\n<p>Moderation (Sky): Patrick Wasserziehr<\/p>\n\n\n\n<p><span style=\"text-decoration: underline;\">Sonntag, 22. September 2019 ab 14.30 Uhr (Sky)<\/span><\/p>\n\n\n\n<p><strong><em>Borussia M\u00f6nchengladbach \u2013 Fortuna D\u00fcsseldorf (15.30 Uhr)<\/em><\/strong><\/p>\n\n\n\n<p>Sky: Jonas Friedrich<\/p>\n\n\n\n<p>Field-Reporter (Sky): Marcus Lindemann<\/p>\n\n\n\n<p><span style=\"text-decoration: underline;\">Ab 17.30 Uhr (Sky)<\/span><\/p>\n\n\n\n<p><strong><em>Eintracht Frankfurt \u2013 Borussia Dortmund (15.30 Uhr)<\/em><\/strong><\/p>\n\n\n\n<p>Sky: Wolff Fuss<\/p>\n\n\n\n<p>Field-Reporter (Sky): Ecki Heuser<\/p>\n\n\n\n<p><span style=\"text-decoration: underline;\">Montag, 23. September 2019 ab 20:15 Uhr (DAZN)<\/span><\/p>\n\n\n\n<p><strong><em>VFL Wolfsburg \u2013 TSG Hoffenheim (20:30 Uhr)<\/em><\/strong><\/p>\n\n\n\n<p>DAZN: Robby Hunke<\/p>\n\n\n\n<p>Moderation (Sky):&nbsp;Tobi Wahnschaffe, Experte:&nbsp;Sebastian Knei\u00dfl<\/p>\n\n\n\n<p><strong><em>2. Bundesliga, 7. Spieltag<\/em><\/strong><\/p>\n\n\n\n<p><span style=\"text-decoration: underline;\">Freitag, 20. September 2019 ab 18.00 Uhr (Sky)<\/span><\/p>\n\n\n\n<p><strong><em>1.FC Heidenheim \u2013 SV Darmstadt 98 (18.30 Uhr)<\/em><\/strong><\/p>\n\n\n\n<p>Sky: Ulli Potofski<\/p>\n\n\n\n<p><strong><em>Holstein Kiel \u2013 Hannover 96 (18.30 Uhr)<\/em><\/strong><\/p>\n\n\n\n<p>Sky: Sven Haist<\/p>\n\n\n\n<p>Field-Reporter (Sky): Sven T\u00f6llner<\/p>\n\n\n\n<p>Moderation (Sky): Stefan Hempel<\/p>\n\n\n\n<p><span style=\"text-decoration: underline;\">Samstag, 21. September 2019 ab 12.30 Uhr (Sky)<\/span><\/p>\n\n\n\n<p><strong><em>1.FC N\u00fcrnberg \u2013 Karlsruher SC (13.00 Uhr)<\/em><\/strong><\/p>\n\n\n\n<p>Sky: Torsten Kunde&nbsp;<\/p>\n\n\n\n<p><strong><em>SV Sandhausen \u2013 VFL Bochum (13.00 Uhr)<\/em><\/strong><\/p>\n\n\n\n<p>Sky: Holger Pfand<\/p>\n\n\n\n<p><strong><em>SV Wehen Wiesbaden \u2013 Arminia Bielefeld (13.00 Uhr)<\/em><\/strong><\/p>\n\n\n\n<p>Sky: Jonas Friedrich<\/p>\n\n\n\n<p><strong><em>VFB Stuttgart \u2013 SpVgg Greuther F\u00fcrth (13.00 Uhr)<\/em><\/strong><\/p>\n\n\n\n<p>Sky: J\u00fcrgen Schmitz<\/p>\n\n\n\n<p>Moderation (Sky): Stefan Hempel<\/p>\n\n\n\n<p><span style=\"text-decoration: underline;\">Sonntag, 22. September 2019 ab 12.30 Uhr (Sky)<\/span><\/p>\n\n\n\n<p><strong><em>Hamburger SV \u2013 Erzgebirge Aue (13.30 Uhr)<\/em><\/strong><\/p>\n\n\n\n<p>Sky: Hansi K\u00fcpper<\/p>\n\n\n\n<p><strong><em>Dynamo Dresden \u2013 SSV Jahn Regensburg (13.30 Uhr)<\/em><\/strong><\/p>\n\n\n\n<p>Sky: J\u00f6rg Dahlmann&nbsp;<\/p>\n\n\n\n<p><strong><em>VFL Osnabr\u00fcck \u2013 FC St. Pauli (13.30 Uhr)<\/em><\/strong><\/p>\n\n\n\n<p>Sky: Holger Pfandt<\/p>\n\n\n\n<p>Moderation (Sky): Yannick Erkenbrecher<\/p>\n\n\n\n<p><strong><em>3. Liga, 9. Spieltag<\/em><\/strong><\/p>\n\n\n\n<p><span style=\"text-decoration: underline;\">Freitag, 20. September 2019 ab 18.30 Uhr (Magenta Sport)<\/span><\/p>\n\n\n\n<p><strong><em>FC W\u00fcrzburger Kickers \u2013 SV Meppen (19.00 Uhr)<\/em><\/strong><\/p>\n\n\n\n<p>Magenta Sport: Franz B\u00fcchner (Kommentar), Martin Lanig (Experte)<\/p>\n\n\n\n<p>Moderation (Magenta Sport): Thomas Wagner<\/p>\n\n\n\n<p><span style=\"text-decoration: underline;\">Samstag, 21. September 2019 ab 13.45 Uhr (Magenta Sport)<\/span><\/p>\n\n\n\n<p><strong><em>Konferenz (14.00 Uhr)<\/em><\/strong><\/p>\n\n\n\n<p>Magenta Sport: Alexander Klich<\/p>\n\n\n\n<p><strong><em>1.FC Kaiserslautern \u2013 1.FC Magdeburg (14.00 Uhr)<\/em><\/strong><\/p>\n\n\n\n<p>Magenta Sport: Markus H\u00f6hner<\/p>\n\n\n\n<p>SWR: Florian Winkler<\/p>\n\n\n\n<p>Moderation (Magenta Sport): Holger Speckahn<\/p>\n\n\n\n<p>Moderation (SWR): Benjamin W\u00fcst<\/p>\n\n\n\n<p><strong><em>Chemnitzer FC \u2013 Carl Zeiss Jena (14.00 Uhr)<\/em><\/strong><\/p>\n\n\n\n<p>Magenta Sport: Lenny Leonhardt<\/p>\n\n\n\n<p>Moderation (Magenta Sport): Stefanie Blochwitz<\/p>\n\n\n\n<p><strong><em>SpVgg Unterhaching \u2013 Sonnenhof Gro\u00dfaspach (14.00 Uhr)<\/em><\/strong><\/p>\n\n\n\n<p>Magenta Sport: Christoph Fetzer<\/p>\n\n\n\n<p>Moderation (Magenta Sport): Simon K\u00f6pfer<\/p>\n\n\n\n<p><strong><em>MSV Duisburg &#8211; 1860 M\u00fcnchen (14.00 Uhr)<\/em><\/strong><\/p>\n\n\n\n<p>Magenta Sport: Mario Bast<\/p>\n\n\n\n<p>Moderation (Magenta Sport): Tobi Sch\u00e4fer<\/p>\n\n\n\n<p><strong><em>FC Viktoria K\u00f6ln \u2013 Eintracht Braunschweig (14.00 Uhr)<\/em><\/strong><\/p>\n\n\n\n<p>Magenta Sport: Christian Stra\u00dfburger<\/p>\n\n\n\n<p>WDR: ???<\/p>\n\n\n\n<p>Moderation (Magenta Sport): Konstantin Klostermann<\/p>\n\n\n\n<p>Moderation (WDR): ???<\/p>\n\n\n\n<p><strong><em>Hallescher FC \u2013 Preu\u00dfen M\u00fcnster (14.00 Uhr)<\/em><\/strong><\/p>\n\n\n\n<p>Magenta Sport: Markus Herwig&nbsp;<\/p>\n\n\n\n<p>Moderation (Magenta Sport): Alexander K\u00fcpper<\/p>\n\n\n\n<p><span style=\"text-decoration: underline;\">Sonntag, 22. September 2019 ab 12.45 Uhr (Magenta Sport)<\/span><\/p>\n\n\n\n<p><strong><em>Hansa Rostock \u2013 FSV Zwickau (13.00 Uhr)<\/em><\/strong><\/p>\n\n\n\n<p>Magenta Sport: Alexander K\u00fcpper<\/p>\n\n\n\n<p>Moderation (Magenta Sport): Gari Paubandt<\/p>\n\n\n\n<p><span style=\"text-decoration: underline;\">Ab 13.45 Uhr (Magenta Sport)<\/span><\/p>\n\n\n\n<p><strong><em>FC Bayern M\u00fcnchen II \u2013 FC Ingolstadt (14.00 Uhr)<\/em><\/strong><\/p>\n\n\n\n<p>Magenta Sport: Martin Piller<\/p>\n\n\n\n<p>Moderation (Magenta Sport): Stefan Fuckert<\/p>\n\n\n\n<p><span style=\"text-decoration: underline;\">Montag, 23. September 2019 ab 18.45 Uhr (Sky)<\/span><\/p>\n\n\n\n<p><strong><em>KFC Uerdingen \u2013 Waldhof Mannheim (19.00 Uhr)<\/em><\/strong><\/p>\n\n\n\n<p>Magenta Sport: Markus H\u00f6hner&nbsp;<\/p>\n\n\n\n<p>Moderation (Magenta Sport): Annett Sattler<\/p>\n\n\n\n<p><strong><em>Premier League, 6. Spieltag<\/em><\/strong><\/p>\n\n\n\n<p><span style=\"text-decoration: underline;\">Freitag, 20. September 2019 ab 20.50 Uhr (Sky)<\/span><\/p>\n\n\n\n<p><strong><em>FC Southampton \u2013 AFC Bournemouth (21.00 Uhr)<\/em><\/strong><\/p>\n\n\n\n<p>Sky: Hannes Herrmann<\/p>\n\n\n\n<p><span style=\"text-decoration: underline;\">Samstag, 21. September 2019 ab 13.20 Uhr (Sky)<\/span><\/p>\n\n\n\n<p><strong><em>Leicester City \u2013 Tottenham Hotspur (13.30 Uhr)<\/em><\/strong><\/p>\n\n\n\n<p>Sky: Joachim Hebel<\/p>\n\n\n\n<p><span style=\"text-decoration: underline;\">Ab 15.50 Uhr (Sky)<\/span><\/p>\n\n\n\n<p><strong><em>Machester City \u2013 Watford (15.50 Uhr)<\/em><\/strong><\/p>\n\n\n\n<p>Sky: Sven Haist<\/p>\n\n\n\n<p><span style=\"text-decoration: underline;\">Ab 18.20 Uhr (Sky)<\/span><\/p>\n\n\n\n<p><strong><em>Newcastle United \u2013 Brighton &amp; Holve Albion (18.30 Uhr)<\/em><\/strong><\/p>\n\n\n\n<p>Sky: Marcel Meinert<\/p>\n\n\n\n<p><span style=\"text-decoration: underline;\">Sonntag, 22. September 2019 ab 14.50 Uhr (Sky)<\/span><\/p>\n\n\n\n<p><strong><em>West Ham United \u2013 Manchester United (15.00 Uhr)<\/em><\/strong><\/p>\n\n\n\n<p>Sky: Sven Haist<\/p>\n\n\n\n<p><span style=\"text-decoration: underline;\">Ab 17.00 Uhr (Sky)<\/span><\/p>\n\n\n\n<p><strong><em>Chelsea \u2013 Liverpool (17.30 Uhr)<\/em><\/strong><\/p>\n\n\n\n<p>Sky: Florian Schmidt-Sommerfeld, Experte: ?<\/p>\n\n\n\n<p><strong><em>Fu\u00dfball International<\/em><\/strong><\/p>\n\n\n\n<p><span style=\"text-decoration: underline;\">Freitag, 20. September 2019<\/span><\/p>\n\n\n\n<p>Ekstraklasa, 9. Spieltag:<\/p>\n\n\n\n<p><strong><em>Lech Posen &#8211; Jagiellonia Bialystok (20.30 Uhr)<\/em><\/strong><\/p>\n\n\n\n<p>sportdigital FUSSBALL: Christian Blunck<\/p>\n\n\n\n<p><span style=\"text-decoration: underline;\">Samstag, 21. September 2019<\/span><\/p>\n\n\n\n<p>Sky Bet Championship, 8. Spieltag:<\/p>\n\n\n\n<p><strong><em>Leeds United &#8211; Derby County (13.30 Uhr)<\/em><\/strong><\/p>\n\n\n\n<p>sportdigital FUSSBALL: Florian Obst<\/p>\n\n\n\n<p>Sky Bet Championship, 8. Spieltag:<\/p>\n\n\n\n<p><strong><em>Cardiff City &#8211; FC Middlesbrough (16.00 Uhr)<\/em><\/strong><\/p>\n\n\n\n<p>sportdigital FUSSBALL: Florian Obst<\/p>\n\n\n\n<p>Serie A, 4. Spieltag:<\/p>\n\n\n\n<p><strong><em>Hellas Verona &#8211; Juventus Turin (18.00 Uhr)<\/em><\/strong><\/p>\n\n\n\n<p>DAZN: Uli Hebel (Kommentar), Necat Ayg\u00fcn (Experte)<\/p>\n\n\n\n<p>La Liga, 5. Spieltag:<\/p>\n\n\n\n<p><strong><em>Atletico Madrid &#8211; Celta Vigo (18.30 Uhr)<\/em><\/strong><\/p>\n\n\n\n<p>DAZN: Julian Engelhard<\/p>\n\n\n\n<p>Serie A, 4. Spieltag:<\/p>\n\n\n\n<p><strong><em>AC Mailand &#8211; Inter Mailand (20.45 Uhr)<\/em><\/strong><\/p>\n\n\n\n<p>DAZN: Carsten Fu\u00df (Kommentar), Christian Bernhard (Experte)<\/p>\n\n\n\n<p>Moderation (DAZN): Tobi Wahnschaffe<\/p>\n\n\n\n<p>MLS, 29. Spieltag:<\/p>\n\n\n\n<p><strong><em>Atlanta &#8211; San Jose (21.55 Uhr)<\/em><\/strong><\/p>\n\n\n\n<p>DAZN: Uwe Morawe<\/p>\n\n\n\n<p><span style=\"text-decoration: underline;\">Sonntag, 22. September 2019&nbsp;<\/span><\/p>\n\n\n\n<p>Chinese Super League, 25. Spieltag:<\/p>\n\n\n\n<p><strong><em>Tianjin Tianhai &#8211; Beijing Guoan (11.30 Uhr)<\/em><\/strong><\/p>\n\n\n\n<p>sportdigital FUSSBALL: J\u00f6rg Steiger<\/p>\n\n\n\n<p>Eredivisie, 7. Spieltag:<\/p>\n\n\n\n<p><strong><em>FC Emmen &#8211; Feyenoord Rotterdam (14.30 Uhr)<\/em><\/strong><\/p>\n\n\n\n<p>sportdigital FUSSBALL: Karsten Linke<\/p>\n\n\n\n<p>Eredivisie, 7. Spieltag:<\/p>\n\n\n\n<p>Serie A, 4. Spieltag:<\/p>\n\n\n\n<p><strong><em>Bologna &#8211; AS Rom (15.00 Uhr)<\/em><\/strong><\/p>\n\n\n\n<p>DAZN: Tobi Fischbeck<\/p>\n\n\n\n<p>Serie A, 4. Spieltag:<\/p>\n\n\n\n<p><strong><em>U.S. Lecce &#8211; SSC Neapel (15.00 Uhr)<\/em><\/strong><\/p>\n\n\n\n<p>DAZN: Julian Engelhard<\/p>\n\n\n\n<p>La Liga, 5. Spieltag:<\/p>\n\n\n\n<p><strong><em>FC Valencia &#8211; CD Leganes (16.00 Uhr)<\/em><\/strong><\/p>\n\n\n\n<p>DAZN: Matthias Naebers<\/p>\n\n\n\n<p><strong><em>PSV Eindhoven &#8211; Ajax Amsterdam (16.45 Uhr)<\/em><\/strong><\/p>\n\n\n\n<p>sportdigital FUSSBALL: Karsten Linke<\/p>\n\n\n\n<p>DAZN: David Ploch (Kommentar), Peter Hyballa (Experte)<\/p>\n\n\n\n<p>Fortuna Liga, 10. Spieltag:<\/p>\n\n\n\n<p>Serie A, 4. Spieltag:<\/p>\n\n\n\n<p><strong><em>Atalanta Bergamo &#8211; AC Florenz (18.00 Uhr)<\/em><\/strong><\/p>\n\n\n\n<p>DAZN: Flo Eckl (Kommentar), Michi Hofmann (Experte)<\/p>\n\n\n\n<p><strong><em>Sparta Prag &#8211; Slavia Prag (18.35 Uhr)<\/em><\/strong><\/p>\n\n\n\n<p>sportdigital FUSSBALL: Christian Blunck<\/p>\n\n\n\n<p>Ligue 1, 6. Spieltag:<\/p>\n\n\n\n<p><strong><em>Olympique Lyon &#8211; PSG (21.00 Uhr)<\/em><\/strong><\/p>\n\n\n\n<p>DAZN: Stefan Galler (Kommentar), Alexis Menuge (Experte)<\/p>\n\n\n\n<p>Moderation (DAZN): Guido H\u00fcsgen<\/p>\n\n\n\n<p>Ligue 1, 6. Spieltag:<\/p>\n\n\n\n<p><strong><em>FC Sevilla &#8211; Real Madrid (21.00 Uhr)<\/em><\/strong><\/p>\n\n\n\n<p>DAZN: Jan Platte (Kommentar), Ralph Gunesch (Experte)<\/p>\n\n\n\n<p>Moderation (DAZN): Lukas Sch\u00f6nm\u00fcller<\/p>\n\n\n\n<p><strong><em>FC Porto &#8211; CD Santa Clara (21.20 Uhr)<\/em><\/strong><\/p>\n\n\n\n<p>sportdigital FUSSBALL: J\u00f6rg Steiger<\/p>\n\n\n\n<p><span style=\"text-decoration: underline;\">Montag, 23. September 2019<\/span><\/p>\n\n\n\n<p>Liga NOS, 6. Spieltag:<\/p>\n\n\n\n<p><strong><em>Sporting Lissabon &#8211; FC Famalicao<\/em><\/strong> <strong><em>(18.00 Uhr)<\/em><\/strong><\/p>\n\n\n\n<p>sportdigital FUSSBALL: Christian Blunck\t\t\t<\/p>\n\n\n\n<p>MLS, 29. Spieltag:<\/p>\n\n\n\n<p><strong><em>FC Dallas &#8211; New York City FC (00.08 Uhr)<\/em><\/strong><\/p>\n\n\n\n<p>sportdigital FUSSBALL: Christian Blunck<\/p>\n\n\n\n<p><strong>Die Analyse<\/strong><\/p>\n\n\n\n<p>Montagsspiele machen es m\u00f6glich: Den ersten Spieltag der diesj\u00e4hrigen Bundesligasaison, bei der DAZN den gesamten Rahmen bildet und nicht nur den Startschuss gibt.&nbsp;<\/p>\n\n\n\n<p>Ich bin sehr gespannt, wie Marco Hagemann als bekennender Dortmund-Fan ein Spiel des Erzrivalen angeht. Morgen wissen wir mehr. Was in der Partie Schalke &#8211; Mainz auf den ersten Blick schon besser passt, ist DAZNs Dauerbrenner auf dem Expertenstuhl: Als ehemaliger 05er wird Ralph Gunesch sicherlich ein bisschen aus dem N\u00e4hk\u00e4stchen plaudern. Sofern er die Zeit daf\u00fcr \u00fcberhaupt hat. Denn wie wir wissen, ist wie immer nur ein kurzer 15-Minuten-Vorbericht eingeplant.<\/p>\n\n\n\n<p>Am Bundesliga-Samstag gibt es bei Sky keine gr\u00f6\u00dferen \u00dcberraschungen. Nach seinem Ausflug in der Premier League steht Toni Tomic (SC Freiburg &#8211; FC Augsburg) wieder im Aufgebot. Im Breisgau deb\u00fctiert zudem die ehemalige Leichtathletin Nele Schenker als Field-Reporterin. Michael Born vertritt den weiterhin fehlenden Roland Evers in der Hauptstadt. Kai Dittmann k\u00fcmmert sich um das Geschehen in M\u00fcnchen, w\u00e4hrend Tom Bayer seinem Namen alle Ehre macht und nach Leverkusen reist.<\/p>\n\n\n\n<p>Das Topspiel begleitet Martin Gro\u00df. Aller Voraussicht nach mit Lothar Matth\u00e4us, der bis dato noch keine Partie am Samstagabend verpasst hat. Neben dem Rekordnationalspieler moderiert \u00fcberraschenderweise nicht Sebastian Hellmann &#8211; der vermutlich aus terminlichen Gr\u00fcnden passen muss &#8211; sondern Patrick Wasserziehr. Sonntag melden sich dann Jonas Friedrich aus M\u00f6nchengladbach und Wolff Fuss aus Frankfurt. Den Spieltag schlie\u00dft bekanntlich DAZN. Robby Hunke hat die Ehre, Wolfsburg gegen Hoffenheim zu kommentieren. Eine Partie, dessen Nichtausstrahlung Sky wohl insbesondere im Fr\u00fchstadium dieser Saison verkraften kann.<\/p>\n\n\n\n<p>Deutlich mehr als bei Sky wird im Magentasport-Lager rotiert. Mit Markus Herwig, Franz B\u00fcchner und Martin Piller bleiben lediglich drei Kommentatoren vom letzten Spieltag bestehen. Seltenheitswert hat zudem der doppelte Einsatz von Alexander K\u00fcpper &#8211; einmal als Kommentator in Rostock und einmal als Moderator in Halle. <\/p>\n\n\n\n<p>Ein Blick auf die Insel zeigt, dass Arsenal-Fans an diesem Spieltag nicht auf ihre Kosten kommen. F\u00fcr die Partie gegen Aston Villa ist kein deutscher Kommentar angesetzt. Da sich zeitgleich Chelsea und Liverpool duellieren &#8211; Florian Schmidt-Sommerfeld \u00fcbernimmt &#8211; m\u00fcssen alle Anh\u00e4nger der Gunners bis \u201eWhat a Strike\u201c geduldig sein.&nbsp;<\/p>\n\n\n\n<p>Im internationalen Fu\u00dfball stechen zwei Highlights ganz besonders ins Auge. Ajax bekommt es mit PSV zu tun. Hier schickt DAZN David Ploch mit Peter Hyballa ans Mikro und erf\u00e4hrt Konkurrenz durch Sportdigital FUSSBALL in Person von Karsten Linke. Indes freut sich ganz Italien auf das traditionelle Mailand-Derby. Carsten Fu\u00df begleitet den Klassiker, sein Experte und Co-Kommentator ist Christian Bernhard.<\/p>\n\n\n\n<p>In diesem Sinne Euch ein sch\u00f6nes Wochenende!<\/p>\n","protected":false},"excerpt":{"rendered":"<p>N&#8217;Abend allerseits, die erste Champions-League-Woche ist rum und hat uns die ein oder andere \u00dcberraschung serviert. Es w\u00e4re vielleicht ein wenig sch\u00f6ner gewesen, w\u00e4ren die acht Tore nicht zwischen Salzburg und Genk, sondern dem BVB und Barcelona gefallen, aber man kann ja auch nicht alles haben. Welches Ergebnis hat Euch am meisten \u00fcberrascht? Und welcher [&hellip;]<\/p>\n","protected":false},"author":2,"featured_media":0,"comment_status":"open","ping_status":"open","sticky":false,"template":"","format":"standard","meta":{"footnotes":""},"categories":[424],"tags":[10,163,60,131,160,164,165,13,55,89,120,69,93,59,31,9,43,118,95,130,23,108,162,45,127,22,134,24,107],"class_list":["post-334","post","type-post","status-publish","format-standard","hentry","category-bundesliga-und-co","tag-3-liga","tag-alexander-kuepper","tag-bundesliga","tag-carsten-fuss","tag-champions-league","tag-christian-bernhard","tag-david-ploch","tag-dazn","tag-eredivisie","tag-florian-schmidt-sommerfeld","tag-franz-buechner","tag-jonas-friedrich","tag-kai-dittmann","tag-karsten-linke","tag-lothar-matthaeus","tag-magenta-sport","tag-marco-hagemann","tag-markus-herwig","tag-martin-gross","tag-martin-piller","tag-premier-league","tag-ralph-gunesch","tag-robby-hunke","tag-roland-evers","tag-serie-a","tag-sky","tag-sportdigital-fussball","tag-toni-tomic","tag-wolff-fuss"],"_links":{"self":[{"href":"https:\/\/kommentatorenblog.de\/index.php?rest_route=\/wp\/v2\/posts\/334","targetHints":{"allow":["GET"]}}],"collection":[{"href":"https:\/\/kommentatorenblog.de\/index.php?rest_route=\/wp\/v2\/posts"}],"about":[{"href":"https:\/\/kommentatorenblog.de\/index.php?rest_route=\/wp\/v2\/types\/post"}],"author":[{"embeddable":true,"href":"https:\/\/kommentatorenblog.de\/index.php?rest_route=\/wp\/v2\/users\/2"}],"replies":[{"embeddable":true,"href":"https:\/\/kommentatorenblog.de\/index.php?rest_route=%2Fwp%2Fv2%2Fcomments&post=334"}],"version-history":[{"count":8,"href":"https:\/\/kommentatorenblog.de\/index.php?rest_route=\/wp\/v2\/posts\/334\/revisions"}],"predecessor-version":[{"id":344,"href":"https:\/\/kommentatorenblog.de\/index.php?rest_route=\/wp\/v2\/posts\/334\/revisions\/344"}],"wp:attachment":[{"href":"https:\/\/kommentatorenblog.de\/index.php?rest_route=%2Fwp%2Fv2%2Fmedia&parent=334"}],"wp:term":[{"taxonomy":"category","embeddable":true,"href":"https:\/\/kommentatorenblog.de\/index.php?rest_route=%2Fwp%2Fv2%2Fcategories&post=334"},{"taxonomy":"post_tag","embeddable":true,"href":"https:\/\/kommentatorenblog.de\/index.php?rest_route=%2Fwp%2Fv2%2Ftags&post=334"}],"curies":[{"name":"wp","href":"https:\/\/api.w.org\/{rel}","templated":true}]}}