{"id":3425,"date":"2020-09-17T18:33:38","date_gmt":"2020-09-17T18:33:38","guid":{"rendered":"http:\/\/kommentatorenblog.de\/?p=3425"},"modified":"2021-07-11T14:59:37","modified_gmt":"2021-07-11T12:59:37","slug":"1108-bundesliga-start","status":"publish","type":"post","link":"https:\/\/kommentatorenblog.de\/?p=3425","title":{"rendered":"1108 \u2013 Bundesliga-Start"},"content":{"rendered":"\n<p><strong>UPDATE: Bei der Ver\u00f6ffentlichung hat WordPress die Montagsspiele und die ANALYSE geschluckt. Hab\u00b4s wiederhergestellt. Alle Infos zum Spieltag findet ihr unten!<\/strong><\/p>\n\n\n\n<p>N\u2018Abend allerseits,&nbsp;<\/p>\n\n\n\n<p>gerne h\u00e4tten wir hier wir heute ein Interview pr\u00e4sentiert. Anlass und Idee hatte ich ja letzte Woche im <a href=\"http:\/\/kommentatorenblog.de\/?p=3259\">Eintrag #1006<\/a> pr\u00e4sentiert. Den Anlass hatte ich ja beschrieben. Sky-Moderator und -Kommentator Michael Leopold w\u00e4re \u201eder Gl\u00fcckliche\u201c gewesen. Ein Trauerfall in meiner Familie hat dem Gespr\u00e4ch ein Strich durch die Rechnung gemacht. Wir holen das aber in den n\u00e4chsten Monaten nach&#8230; Und auch diese Woche bedanke ich mich wieder bei Nico, der den Eintrag am Montag f\u00fcr mich \u00fcbernommen hat. Zudem hat Nico auch heute den Gro\u00dfteil der Informationen gefiltert. <\/p>\n\n\n\n<p>Unten gibt\u2019s die Ansetzungen! In der Analyse findet ihr alle wichtigsten Infos zu Sky, DAZN, Magenta Sport &amp; Co.<\/p>\n\n\n\n<p><strong>Bundesliga, 1. Spieltag <\/strong><\/p>\n\n\n\n<p><span style=\"text-decoration: underline;\">Freitag, 18. September 2020, ab 20.00 Uhr (DAZN) bzw. ab 20.15 Uhr (ZDF)<\/span><\/p>\n\n\n\n<p><strong><em>FC Bayern M\u00fcnchen \u2013 FC Schalke 04 (20.30 Uhr)<\/em><\/strong><\/p>\n\n\n\n<p>DAZN: Jan Platte, Experte: Ralph Gunesch, Field-Reporter: Alex Schl\u00fcter<\/p>\n\n\n\n<p>ZDF: Claudia Neumann, Field-Reporter: Boris B\u00fcchler<\/p>\n\n\n\n<p>Moderation (DAZN): Lukas Sch\u00f6nm\u00fcller<\/p>\n\n\n\n<p>Moderation (ZDF): Kathrin M\u00fcller-Hohenstein, Experte: Per Mertesacker <\/p>\n\n\n\n<p><span style=\"text-decoration: underline;\">Samstag, 19. September 2020, ab 14.00 Uhr (Sky)<\/span><\/p>\n\n\n\n<p><strong><em>SV Werder Bremen \u2013 Hertha BSC (15.30 Uhr)<\/em><\/strong><\/p>\n\n\n\n<p>Sky: Michael Born (Einzelspiel), Hansi K\u00fcpper (Konferenz)<\/p>\n\n\n\n<p>Field-Reporter: Jens Westen <\/p>\n\n\n\n<p><strong><em>1. FC K\u00f6ln \u2013 TSG 1899 Hoffenheim (15.30 Uhr)<\/em><\/strong><\/p>\n\n\n\n<p>Sky: Martin Gro\u00df (Einzelspiel), Roland Evers (Konferenz)<\/p>\n\n\n\n<p>Field-Reporter: Marcus Lindemann <\/p>\n\n\n\n<p><strong><em>VfB Stuttgart \u2013&nbsp;SC Freiburg (15.30 Uhr)<\/em><\/strong><\/p>\n\n\n\n<p>Sky: Jonas Friedrich (Einzelspiel), Frank Buschmann (Konferenz)<\/p>\n\n\n\n<p>Field-Reporter: Yannick Erkenbrecher <\/p>\n\n\n\n<p><strong><em>Eintracht Frankfurt \u2013 Arminia Bielefeld (15.30 Uhr)<\/em><\/strong><\/p>\n\n\n\n<p>Sky: Tom Bayer (Einzelspiel), Toni Tomic (Konferenz)<\/p>\n\n\n\n<p>Field-Reporter: Ulli Potofski <\/p>\n\n\n\n<p><strong><em>1. FC Union Berlin \u2013 FC Augsburg (15.30 Uhr)<\/em><\/strong><\/p>\n\n\n\n<p>Sky: Oliver Seidler (Einzelspiel), Klaus Veltmann (Konferenz)<\/p>\n\n\n\n<p>Field-Reporter: Michael Leopold<\/p>\n\n\n\n<p>Moderation: Esther Sedlaczek, Experten: Didi Hamann und Claudio Pizarro<\/p>\n\n\n\n<p><span style=\"text-decoration: underline;\">ab 17.30 Uhr (Sky)<\/span><\/p>\n\n\n\n<p><strong><em>Borussia Dortmund \u2013 Borussia M&#8217;Gladbach (18.30 Uhr)<\/em><\/strong><\/p>\n\n\n\n<p>Sky: Wolff Fuss, Field-Reporter: Ecki Heuser<\/p>\n\n\n\n<p>Moderation: Sebastian Hellmann, Experte: Lothar Matth\u00e4us <\/p>\n\n\n\n<p><span style=\"text-decoration: underline;\">Sonntag, 20. September 2020, ab 14.30 Uhr (Sky)<\/span><\/p>\n\n\n\n<p><strong><em>RB Leipzig \u2013 1. FSV Mainz 05 (15.30 Uhr)<\/em><\/strong><\/p>\n\n\n\n<p>Sky: Kai Dittmann<\/p>\n\n\n\n<p>Field-Reporterin: Britta Hofmann<\/p>\n\n\n\n<p><span style=\"text-decoration: underline;\">ab 17.30 Uhr (Sky)<\/span><\/p>\n\n\n\n<p><strong><em>VfL Wolfsburg \u2013 Bayer 04 Leverkusen (18.00 Uhr)<\/em><\/strong><\/p>\n\n\n\n<p>Sky: Marcus Lindemann<\/p>\n\n\n\n<p>Field-Reporter: Martin Gro\u00df<\/p>\n\n\n\n<p>Moderation: Jessica Libbertz, Experte: Dennis Aogo<\/p>\n\n\n\n<p><strong>2. Bundesliga, 1. Spieltag <\/strong><\/p>\n\n\n\n<p><span style=\"text-decoration: underline;\">Freitag, 16. September 2020, ab 18.00 Uhr (Sky)<\/span><\/p>\n\n\n\n<p><strong><em>Hamburger SV&nbsp;\u2013&nbsp;Fortuna D\u00fcsseldorf (18.30 Uhr)<\/em><\/strong><\/p>\n\n\n\n<p>Sky: J\u00fcrgen Schmitz<\/p>\n\n\n\n<p>Field-Reporter: Jurek Rohrberg<\/p>\n\n\n\n<p><strong><em>SSV Jahn Regensburg \u2013&nbsp;1. FC N\u00fcrnberg (18.30 Uhr)<\/em><\/strong><\/p>\n\n\n\n<p>Sky: Holger Pfandt, Interviews: Schalte<\/p>\n\n\n\n<p>Moderation: Hartmut von Kameke<\/p>\n\n\n\n<p><span style=\"text-decoration: underline;\">Samstag, 17. September 2020, ab 12.30 Uhr (Sky)<\/span><\/p>\n\n\n\n<p><strong><em>Hannover 96 \u2013&nbsp;Karlsruher SC (13.00 Uhr)<\/em><\/strong><\/p>\n\n\n\n<p>Sky: Sven Haist <\/p>\n\n\n\n<p>Field-Reporter: Sven T\u00f6llner<\/p>\n\n\n\n<p><strong><em>W\u00fcrzburger Kickers \u2013&nbsp;Erzgebirge Aue (13.00 Uhr)<\/em><\/strong><\/p>\n\n\n\n<p>Sky: J\u00f6rg Dahlmann, Interviews: Schalte<\/p>\n\n\n\n<p><strong><em>SV Sandhausen \u2013&nbsp;SV Darmstadt 98 (13.00 Uhr)<\/em><\/strong><\/p>\n\n\n\n<p>Sky: Holger Pfandt<\/p>\n\n\n\n<p>Moderation: Peter Hardenacke <\/p>\n\n\n\n<p><span style=\"text-decoration: underline;\">Sonntag, 20. September 2020, ab 13.00 Uhr (Sky)<\/span><\/p>\n\n\n\n<p><strong><em>1. FC Heidenheim \u2013&nbsp;Eintracht Braunschweig (13.30 Uhr)<\/em><\/strong><\/p>\n\n\n\n<p>Sky: Torsten Kunde <\/p>\n\n\n\n<p>Field-Reporterin: Nele Schenker<\/p>\n\n\n\n<p><strong><em>SpVgg Greuther F\u00fcrth \u2013 VfL Osnabr\u00fcck (13.30 Uhr)<\/em><\/strong><\/p>\n\n\n\n<p>Sky: J\u00f6rg Dahlmann<\/p>\n\n\n\n<p><strong><em>Holstein Kiel \u2013 SC&nbsp;Paderborn 07 (13.30 Uhr)<\/em><\/strong><\/p>\n\n\n\n<p>Sky: Klaus Veltmann, Interviews: Schalte<\/p>\n\n\n\n<p>Moderation: Yannick Erkenbrecher <\/p>\n\n\n\n<p><span style=\"text-decoration: underline;\">Montag, 21. September 2020, ab 20.00 Uhr (Sky)<\/span><\/p>\n\n\n\n<p><strong><em>VfL Bochum&nbsp;\u2013&nbsp;FC St. Pauli (20.30 Uhr)<\/em><\/strong><\/p>\n\n\n\n<p>Sky: Stefan Hempel, Experte: Torsten Mattuschka<\/p>\n\n\n\n<p><strong>3. Liga, 1. Spieltag<\/strong><\/p>\n\n\n\n<p><span style=\"text-decoration: underline;\">Freitag, 18. September 2020, ab 17.15 Uhr (Magenta Sport)<\/span><\/p>\n\n\n\n<p><strong><em>1. FC Kaiserslautern \u2013 SG Dynamo Dresden (17.45 Uhr)<\/em><\/strong><\/p>\n\n\n\n<p>Magenta Sport: Alexander Klich<\/p>\n\n\n\n<p>Moderation (Magenta Sport): Anett Sattler, Experte: Rudi Bommer<\/p>\n\n\n\n<p><span style=\"text-decoration: underline;\">Samstag, 19. September 2020, ab 13.45 Uhr (Magenta Sport)\/ab 14.00 Uhr (Dritte)<\/span><\/p>\n\n\n\n<p><strong><em>Konferenz (14.00 Uhr)<\/em><\/strong><\/p>\n\n\n\n<p>Magenta Sport: Martin Piller und Sascha Bandermann<\/p>\n\n\n\n<p><strong><em>FC Bayern M\u00fcnchen II&nbsp;\u2013&nbsp;T\u00fcrkg\u00fcc\u00fc M\u00fcnchen (14.00 Uhr)<\/em><\/strong><\/p>\n\n\n\n<p>Magenta Sport: Alexander Kunz<\/p>\n\n\n\n<p>Moderation (Magenta Sport): Simon K\u00f6pfer<\/p>\n\n\n\n<p><strong><em>FC Hansa Rostock&nbsp;\u2013&nbsp;MSV Duisburg (14.00 Uhr)<\/em><\/strong><\/p>\n\n\n\n<p>Magenta Sport: Gari Paubandt<\/p>\n\n\n\n<p>Moderation (Magenta Sport): Arne Malsch<\/p>\n\n\n\n<p><strong><em>FSV Zwickau&nbsp;\u2013&nbsp;SpVgg Unterhaching (14.00 Uhr)<\/em><\/strong><\/p>\n\n\n\n<p>Magenta Sport: Markus Herwig<\/p>\n\n\n\n<p>Moderation (Magenta Sport): Stefanie Blochwitz<\/p>\n\n\n\n<p><strong><em>SV Meppen&nbsp;\u2013&nbsp;1860 M\u00fcnchen (14.00 Uhr)<\/em><\/strong><\/p>\n\n\n\n<p>Magenta Sport: Mike M\u00fcnkel<\/p>\n\n\n\n<p>BR: Philipp Eger<\/p>\n\n\n\n<p>NDR: Patrick Halatsch <\/p>\n\n\n\n<p>Moderation (Magenta Sport): Thomas Wagner<\/p>\n\n\n\n<p>Moderation (BR): Tom Meiler<\/p>\n\n\n\n<p>Moderation (NDR): Andreas K\u00e4ckell<\/p>\n\n\n\n<p><em><strong>SV Wehen Wiesbaden&nbsp;\u2013&nbsp;SC Verl (14.00 Uhr)<\/strong><\/em><\/p>\n\n\n\n<p>Magenta Sport: Markus H\u00f6hner<\/p>\n\n\n\n<p>Moderation (Magenta Sport): Stefan Fuckert<\/p>\n\n\n\n<p><strong><em>VfB L\u00fcbeck<\/em><\/strong>&nbsp;<strong><em>\u2013<\/em><\/strong>&nbsp;<strong><em>1. FC Saarbr\u00fccken (14.00 Uhr)<\/em><\/strong><\/p>\n\n\n\n<p>Magenta Sport: Michael Augustin<\/p>\n\n\n\n<p>Moderation (Magenta Sport): Cedric Pick<\/p>\n\n\n\n<p><span style=\"text-decoration: underline;\">Sonntag, 20. September 2020, ab 12.45 Uhr (Magenta Sport)<\/span><\/p>\n\n\n\n<p><strong><em>FC Ingolstadt \u2013 KFC Uerdingen (13.00 Uhr)<\/em><\/strong><\/p>\n\n\n\n<p>Magenta Sport: Franz B\u00fcchner <\/p>\n\n\n\n<p>Moderation (Magenta Sport): Sascha Bandermann<\/p>\n\n\n\n<p><span style=\"text-decoration: underline;\">ab 13.45 Uhr (Magenta Sport)<\/span><\/p>\n\n\n\n<p><strong><em>1. FC Magdeburg \u2013 Hallescher FC (14.00 Uhr)<\/em><\/strong><\/p>\n\n\n\n<p>Magenta Sport: Andreas Mann<\/p>\n\n\n\n<p>Moderation (Magenta Sport): Anett Sattler<\/p>\n\n\n\n<p><span style=\"text-decoration: underline;\">Montag, 21. September 2020, ab 18.45 Uhr (Magenta Sport<\/span>)<\/p>\n\n\n\n<p><strong><em>SV Waldhof Mannheim \u2013 FC Viktoria K\u00f6ln (19.00 Uhr)<\/em><\/strong><\/p>\n\n\n\n<p>Magenta Sport: Christian Stra\u00dfburger<\/p>\n\n\n\n<p>Moderation (Magenta Sport): Kamila Benschop<\/p>\n\n\n\n<p><strong>Regionalliga Nordost, 06. Spieltag<\/strong><\/p>\n\n\n\n<p><strong><em>1.FC Lok Leipzig \u2013 Chemnitzer FC (14.05 Uhr)<\/em><\/strong><\/p>\n\n\n\n<p>MDR: Torsten P\u00fcschel <\/p>\n\n\n\n<p>Moderation (MDR): Tom Scheunemann <\/p>\n\n\n\n<p><strong>Frauenfu\u00dfball, EM-Qualifikation<\/strong><\/p>\n\n\n\n<p><span style=\"text-decoration: underline;\">Samstag, 19. September, ab 13.45 Uhr (ZDF)<\/span><\/p>\n\n\n\n<p><strong><em>Deutschland \u2013 Irland (14.00 Uhr)<\/em><\/strong><\/p>\n\n\n\n<p>ZDF: Norbert Galeske <\/p>\n\n\n\n<p>Moderation (ZDF): Sven Voss <\/p>\n\n\n\n<p><strong>Premier League, 02.Spieltag<\/strong><\/p>\n\n\n\n<p><span style=\"text-decoration: underline;\">Samstag, 19. September 2020, ab 13.20 Uhr (Sky)<\/span><\/p>\n\n\n\n<p><strong><em>FC Everton \u2013 West Bromwich Albion (13.30 Uhr)<\/em><\/strong><\/p>\n\n\n\n<p>Sky: Markus G\u00f6tz<\/p>\n\n\n\n<p><span style=\"text-decoration: underline;\">ab 15.50 Uhr (Sky)<\/span><\/p>\n\n\n\n<p><strong><em>Leeds United \u2013 FC Fulham (16.00 Uhr)<\/em><\/strong><\/p>\n\n\n\n<p>Sky: Sven Schr\u00f6ter <\/p>\n\n\n\n<p><span style=\"text-decoration: underline;\">ab 18.20 Uhr (Sky)<\/span><\/p>\n\n\n\n<p><strong><em>Manchester United \u2013 Crystal Palace (18.30 Uhr)<\/em><\/strong><\/p>\n\n\n\n<p>Sky: Joachim Hebel<\/p>\n\n\n\n<p><span style=\"text-decoration: underline;\">ab 20.50 Uhr (Sky)<\/span><\/p>\n\n\n\n<p><strong><em>FC Arsenal \u2013 West Ham United (21.00 Uhr)<\/em><\/strong><\/p>\n\n\n\n<p>Sky: Hannes Herrmann<\/p>\n\n\n\n<p><span style=\"text-decoration: underline;\">Sonntag, 20. September, ab 12.50 Uhr (Sky)<\/span><\/p>\n\n\n\n<p><strong><em>FC Southampton \u2013 Tottenham Hotspur (13.00 Uhr)<\/em><\/strong><\/p>\n\n\n\n<p>Sky: Roland Evers <\/p>\n\n\n\n<p><span style=\"text-decoration: underline;\">ab 14.55 Uhr (Sky)<\/span><\/p>\n\n\n\n<p><strong><em>Newcastle United \u2013 Brighton &amp; Hove Albion (15.00 Uhr)<\/em><\/strong><\/p>\n\n\n\n<p>Sky: Joachim Hebel <\/p>\n\n\n\n<p><span style=\"text-decoration: underline;\">ab 17.00 Uhr (Sky)<\/span><\/p>\n\n\n\n<p><strong><em>FC Chelsea \u2013 FC Liverpool (18.00 Uhr)<\/em><\/strong><\/p>\n\n\n\n<p>Sky: Florian Schmidt-Sommerfeld und Ren\u00e9 Adler <\/p>\n\n\n\n<p>plus Einsch\u00e4tzungen aus England von Raphael Honigstein <\/p>\n\n\n\n<p><span style=\"text-decoration: underline;\">ab 19.50 Uhr (Sky)<\/span><\/p>\n\n\n\n<p><strong><em>Leicester City \u2013 FC Burnley (20.00 Uhr)<\/em><\/strong><\/p>\n\n\n\n<p>Sky: Toni Tomic<\/p>\n\n\n\n<p><span style=\"text-decoration: underline;\">Montag, 14. September 2020, ab 18.50 Uhr<\/span><\/p>\n\n\n\n<p><strong><em>Aston Villa \u2013 <\/em><\/strong><strong><em>Sheffield United<\/em><\/strong> <strong><em>(19.00 Uhr)<\/em><\/strong><\/p>\n\n\n\n<p>Sky: Hannes Herrmann<\/p>\n\n\n\n<p><span style=\"text-decoration: underline;\">ab 20.50 Uhr (Sky)<\/span><\/p>\n\n\n\n<p><strong><em>Wolverhampton Wanderers \u2013 Manchester City (21.05 Uhr)<\/em><\/strong><\/p>\n\n\n\n<p>Sky: Jonas Friedrich <\/p>\n\n\n\n<p><strong>Fu\u00dfball International<\/strong><\/p>\n\n\n\n<p><span style=\"text-decoration: underline;\">Freitag, 18. September 2020<\/span><\/p>\n\n\n\n<p>Copa Libertadores, Gruppenphase:&nbsp; <em><strong>Sao Paulo (BRA)<\/strong><\/em> <strong><em>\u2013<\/em><\/strong> <em><strong>River Plate (ARG) (00.00 Uhr)<\/strong><\/em><\/p>\n\n\n\n<p>Sportdigital FUSSBALL: Hannes Herrmann<\/p>\n\n\n\n<p>Copa Libertadores, Gruppenphase: <strong><em>Independiente del Valle (ECU)<\/em><\/strong> <strong><em>\u2013<\/em><\/strong> <strong><em>Flamengo (BRA) (02.00 Uhr)<\/em><\/strong><\/p>\n\n\n\n<p>Sportdigital FUSSBALL: Christian Blunck <\/p>\n\n\n\n<p>Liga NOS, 01. Spieltag:&nbsp; <strong><em>FC Famalicao<\/em><\/strong> <strong><em>\u2013<\/em><\/strong> <strong><em>Benfica Lissabon (20.00 Uhr)<\/em><\/strong><\/p>\n\n\n\n<p>Sportdigital FUSSBALL: Florian Obst <\/p>\n\n\n\n<p>Ligue 1, 04. Spieltag: <strong><em>Olympique Lyon<\/em><\/strong> <strong><em>\u2013<\/em><\/strong> <strong><em>Olympique Nimes (21.00 Uhr)<\/em><\/strong><\/p>\n\n\n\n<p>DAZN: Uli Hebel   <\/p>\n\n\n\n<p><span style=\"text-decoration: underline;\">Samstag, 19. September 2020<\/span><\/p>\n\n\n\n<p>Sky Bet Championship, 02. Spieltag:&nbsp;<strong><em>Nottingham Forest \u2013 Cardiff City (13.30 Uhr)<\/em><\/strong><\/p>\n\n\n\n<p>Sportdigital FUSSBALL: Florian Obst<\/p>\n\n\n\n<p>Sky Bet Championship, 02. Spieltag:&nbsp;<strong><em>Swansea City \u2013 Birmingham City (16.00 Uhr)<\/em><\/strong><\/p>\n\n\n\n<p>Sportdigital FUSSBALL: Christian Blunck <\/p>\n\n\n\n<p>La Liga, 02. Spieltag:&nbsp;<strong><em>FC Villareal \u2013 SD Eibar (16.00 Uhr)<\/em><\/strong><\/p>\n\n\n\n<p>DAZN: Nico Seepe<\/p>\n\n\n\n<p>Ekstraklasa, 04. Spieltag: <strong><em>Pogon Szczecin<\/em><\/strong> <strong><em>\u2013<\/em><\/strong> <strong><em>Slask Wroclaw<\/em><\/strong> <strong><em>(17.30 Uhr)<\/em><\/strong><\/p>\n\n\n\n<p>Sportdigital FUSSBALL: Marcus Radefeld <\/p>\n\n\n\n<p>Serie A, 01. Spieltag: <em><strong>AC Florenz<\/strong><\/em> <strong><em>\u2013<\/em><\/strong> <em><strong>FC Turin (18.00 Uhr)<\/strong><\/em><\/p>\n\n\n\n<p>DAZN: Mario Rieker<\/p>\n\n\n\n<p>La Liga, 02. Spieltag:&nbsp;<strong><em>FC Getafe \u2013 Osasuna (18.30 Uhr)<\/em><\/strong><\/p>\n\n\n\n<p>DAZN: Matthias Naebers <\/p>\n\n\n\n<p>Eredivisie, 02. Spieltag:&nbsp;<strong><em>PSV Eindhoven \u2013 FC Emmen (20.00 Uhr)<\/em><\/strong><\/p>\n\n\n\n<p>Sportdigital FUSSBALL: Ulf Kahmke <\/p>\n\n\n\n<p>Serie A, 01. Spieltag: <em><strong>Hellas Verona<\/strong><\/em> <strong><em>\u2013<\/em><\/strong> <em><strong>AS Rom (20.45 Uhr)<\/strong><\/em><\/p>\n\n\n\n<p>DAZN: Flo Hauser<\/p>\n\n\n\n<p>La Liga, 02. Spieltag:&nbsp;<strong><em>Celta Vigo \u2013 FC Valencia (21.00 Uhr)<\/em><\/strong><\/p>\n\n\n\n<p>DAZN: Andreas Renner<\/p>\n\n\n\n<p>Ligue 1, 04. Spieltag: <strong><em>Stade Rennes<\/em><\/strong> <strong><em>\u2013<\/em><\/strong> <strong><em>AS Monaco (21.00 Uhr)<\/em><\/strong><\/p>\n\n\n\n<p>DAZN: Stefan Galler <\/p>\n\n\n\n<p>Liga NOS, 01. Spieltag:&nbsp; <strong><em>FC Porto<\/em><\/strong> <strong><em>\u2013<\/em><\/strong> <strong><em>Sporting Braga (22.00 Uhr)<\/em><\/strong><\/p>\n\n\n\n<p>Sportdigital FUSSBALL: Karsten Linke  <\/p>\n\n\n\n<p><span style=\"text-decoration: underline;\">Sonntag, 20. September 2020<\/span><\/p>\n\n\n\n<p>K. League, 22. Spieltag:&nbsp;<strong><em>Incheon United \u2013 <\/em><\/strong> <strong><em>Ulsan Hyundai FC (12.00 Uhr)<\/em><\/strong><\/p>\n\n\n\n<p>Sportdigital FUSSBALL: Marcus Radefeld<\/p>\n\n\n\n<p>J. League, 16. Spieltag:&nbsp;<strong><em>Urawa Red Diamonds \u2013 <\/em><\/strong><strong><em>Kawasaki Frontale<\/em><\/strong> <strong><em>(12.00 Uhr)<\/em><\/strong><\/p>\n\n\n\n<p>Sportdigital FUSSBALL: Ulf Kahmke<\/p>\n\n\n\n<p>Serie A, 01. Spieltag: <em><strong>Parma<\/strong><\/em> <strong><em>\u2013<\/em><\/strong> <em><strong>SSC Neapel (12.30 Uhr)<\/strong><\/em><\/p>\n\n\n\n<p>DAZN: Julian Engelhardt<\/p>\n\n\n\n<p>Ligue 1, 04. Spieltag:&nbsp;<strong><em>Nizza \u2013 Paris Saint-Germain (13.00 Uhr)<\/em><\/strong><\/p>\n\n\n\n<p>DAZN: Daniel G\u00fcnther, Experte: Alexis Menuge<\/p>\n\n\n\n<p>Eredivisie, 02. Spieltag:&nbsp;<strong><em>Feyenoord Rotterdam \u2013 FC Twente Enschede (14.30 Uhr)<\/em><\/strong><\/p>\n\n\n\n<p>Sportdigital FUSSBALL: Arne Malsch<\/p>\n\n\n\n<p>Eredivisie, 02. Spieltag:&nbsp;<strong><em>Ajax Amsterdam \u2013&nbsp;RKC Waalwijk (16.45 Uhr)<\/em><\/strong><\/p>\n\n\n\n<p>Sportdigital FUSSBALL: Karsten Linke<\/p>\n\n\n\n<p>Serie A, 01. Spieltag:&nbsp;<em><strong>Juventus Turin<\/strong><\/em>&nbsp;<strong><em>\u2013<\/em><\/strong>&nbsp;<em><strong>Sampdoria Genua (20.45 Uhr)<\/strong><\/em><\/p>\n\n\n\n<p>DAZN: Carsten Fu\u00df, Experte: Christian BernhardUnver\u00e4ndert:<\/p>\n\n\n\n<p>Moderation: Lukas Sch\u00f6nm\u00fcller<\/p>\n\n\n\n<p>La Liga, 02. Spieltag:&nbsp;<strong><em>Real Sociedad \u2013 Real Madrid (21.00 Uhr)<\/em><\/strong><\/p>\n\n\n\n<p>DAZN: Jan Platte, Experte: Benny Lauth<\/p>\n\n\n\n<p>Moderation: Daniel Herzog<\/p>\n\n\n\n<p>Ligue 1, 04. Spieltag:&nbsp;<em><strong>Olympique Marseille<\/strong><\/em><em><strong>&nbsp;\u2013 OSC Lille (21.00 Uhr)<\/strong><\/em><\/p>\n\n\n\n<p>DAZN: Martin Sedlaczek<\/p>\n\n\n\n<p><span style=\"text-decoration: underline;\">Montag, 21. September 2020<\/span><\/p>\n\n\n\n<p>Ekstraklasa, 4. Spieltag:&nbsp;<em><strong>Piast Gliwice \u2013 Jagiellonia Bialystok (18.00 Uhr)<\/strong><\/em><br>Unver\u00e4ndert:<\/p>\n\n\n\n<p>Sportdigital FUSSBALL: Christian Blunck<\/p>\n\n\n\n<p>Serie A, 01. Spieltag:&nbsp;<em><strong>AC Mailand<\/strong><\/em>&nbsp;<strong><em>\u2013<\/em><\/strong>&nbsp;<em><strong>FC Bologna (20.45 Uhr)<\/strong><\/em><\/p>\n\n\n\n<p>DAZN: Mario Rieker, Experte: Max Nicu<\/p>\n\n\n\n<p><strong>Die Analyse<\/strong><\/p>\n\n\n\n<p>Den Bundesliga Auftakt gibts bei DAZN und im ZDF. W\u00e4hrend Claudia Neumann im Stadion sein wird, kommentiert Jan Platte aus dem Sendezentrum &#8211; irgendwie traurig, weil das Stadion ja gef\u00fchlte 10 km Luftlinie vom Kommentatorenplatz entfernt ist. Die Berichterstattung rundherum kommt sowohl bei DAZN als auch beim ZDF aus der Box\/dem Studio. Die Duos klingen aber vielversprechend. Interviews in der Allianz Arena f\u00fchren Alex Schl\u00fcter bzw. Boris B\u00fcchler.<\/p>\n\n\n\n<p><strong>Keine \u00dcberraschungen am Samstagnachmittag<\/strong><\/p>\n\n\n\n<p>Am Samstag gibt\u2019s ab 14.00 Uhr das Duo Sedlaczek &amp; Hamann. Zumindest in der Vorberichterstattung wird zudem Claudio Pizarro im Studio zu Gast sein.<\/p>\n\n\n\n<p>Zusatzinfo: Im&nbsp;<a href=\"http:\/\/kommentatorenblog.de\/?p=3259\">vorletzten Eintrag&nbsp;<\/a>hatten wir ja bereits auf die Sendung \u201eDein Verein &#8211; die Bundesligavorschau\u201c mit Hofmann, Meijer und Baum verwiesen. Auch hier gibt\u2019s bei Sky Expertenneuzug\u00e4nge. Mirko Slomka und Hans Sarpei verst\u00e4rken das Team.<\/p>\n\n\n\n<p>Die erste Konferenz des Jahres wird interessant werden. Schlie\u00dflich gibt\u2019s ja im Vergleich zum Freitag in M\u00fcnchen auch ein paar Zuschauer&#8230; Frank Buschmann meldet sich mit dem BAW\u00dc-Derby. Dazu die Erfahrung von Hansi K\u00fcpper und einen \u201esch\u00f6nen guten Fu\u00dfball-Nachmittag\u201c von Klaus Veltmann. Evers und Tomic erg\u00e4nzen das Quintett.<\/p>\n\n\n\n<p>Bei den Einzelspielen gibt\u2019s ebenfalls keine gro\u00dfen \u00dcberraschungen. Ob Michael Born und Oliver Seidler im Norden, Martin Gro\u00df in K\u00f6ln oder Jonas Friedrich und Yannick Erkenbrecher zusammen in Stuttgart. Der Weg f\u00fcr Rheinl\u00e4nder Tom Bayer nach Frankfurt ist auch kein Unbekannter.<\/p>\n\n\n\n<p>Das erste Topspiel der Saison \u00fcbernehmen Hellmann und Matth\u00e4us weiter aus dem Studio. Eine m\u00f6gliche R\u00fcckkehr der Crew ins Stadion l\u00e4sst Sky weiterhin offen. Vor Ort sind f\u00fcr Sky Kommentator Wolff Fuss und Field-Reporter Ecki Heuser On-Air. Dazu gibt\u00b4s auch wieder eine #CouchKurve mit Florian Schmidt-Sommerfeld. Freitag Promiboxen, Samstag BULI und Sonntag Premier League &#8211; l\u00e4uft bei Schmiso.<\/p>\n\n\n\n<p><strong>\u201eOffizielles Deb\u00fct\u201c<\/strong><\/p>\n\n\n\n<p>Am Sonntag feiert Neu-Experte Dennis Aogo sein \u201eoffizielles Deb\u00fct\u201c. Nach seiner Vertragsaufl\u00f6sung mit Hannover letztes Jahr schaute Aogo ja bereits im kleineren Zweitliga-Studio als Experte vorbei. Jetzt winkt ihm mit Moderatorin Jessica Libbertz der Bundesliga-Sonntag.<br>Beim fr\u00fchen Spiel in Leipzig kommt Kai Dittmann wieder im Osten zum Einsatz. Britta Hofmann begleitet ihn aus M\u00fcnchen. Gro\u00df und Lindemann am Sonntag in Wolfsburg. Das ist keine Besonderheit mehr.<\/p>\n\n\n\n<p><strong>Box und neue \u201eTopspiel-Idee\u201c<\/strong><\/p>\n\n\n\n<p>In der 2. Bundesliga kommt dieses Wochenende der Kommentar zu jeder Partie aus der Box. Bei der Konferenz wird\u2019s auch keine Ver\u00e4nderungen geben. Wir werden uns wohl dran gew\u00f6hnen m\u00fcssen&#8230; Die SSN-Reporter f\u00fchren wieder die Interviews. Zudem besteht (Siege oben) in einigen Stadien wieder die M\u00f6glichkeit G\u00e4ste zu schalten. Das Moderatoren-Quartett bleibt, teils mit neuen Aufgaben. Stefan Hempel \u00fcbernimmt, zumindest diese Woche, den Montag. Hier wird er zusammen mit Torsten Mattuschka durch die Sendung f\u00fchren und auch das Spiel kommentieren. Diese Ver\u00e4nderung scheint mit der \u00dcbertragung des Topspiels in der Premier League vergleichbar zu sein. Spannung in der Sendung am Montag f\u00fcr Blogleser also garantiert.<\/p>\n\n\n\n<p><strong>R\u00fcckkehr und ein neues Gesicht<\/strong><\/p>\n\n\n\n<p>Bei Magenta Sport freuen wir uns \u00fcber die R\u00fcckkehr der Moderatoren in die Stadien. Das freut uns auch f\u00fcr viele On-Air-Gesichter. Schlie\u00dflich verdienen die Moderatoren ja auch Geld mit ihrer Arbeit. Wohl weiterhin mit Maske, Abstand, etc., aber daf\u00fcr wechseln die \u00dcbertragungen wieder zu einem Einzelvorlauf. Wir erinnern uns: Nach der Wiederaufnahme des Spielbetriebs wurde auf die Einzelvorl\u00e4ufe verzichtet.<\/p>\n\n\n\n<p>Im Team der Moderatoren\/Kommentatoren gibt\u2019s beim Sender der Telekom mit Michael Augustin einen Neuzugang. Augustin, der vor allem f\u00fcr den NDR t\u00e4tig ist (Sonntag ist er z. B. f\u00fcr den NDR als H\u00f6rfunkreporter in Wolfsburg), wird wohl haupts\u00e4chlich im Norden zum Einsatz kommen. Samstag gibt\u2019s den Einstand in L\u00fcbeck.<\/p>\n\n\n\n<p><strong>Viel los!<\/strong><\/p>\n\n\n\n<p>Im Rest von Europa\/ der Welt gibt\u00b4s ne Menge Spiele dieses Wochenende. Diese Nacht geht\u00b4s bei Sportdigital FUSSBALL los. Was f\u00e4llt uns auf? In der Premier League h\u00f6ren wir mal wieder G\u00f6tz und Friedrich.<\/p>\n\n\n\n<p>Freitag &#8222;verirrt&#8220; sich Uli Hebel nach Frankreich. Der Samstag bleibt frei von \u00dcberraschungen. Sonntag darf Daniel G\u00fcnther mit Alexis Menuge bei PSG zusammenarbeiten. Bei Juve und Real schickt DAZN auch Moderatoren ins Rennen. Insgesamt erleben wir bei Sportdigital FUSSBALL und DAZN ein ereignisreiches Wochenende!<\/p>\n\n\n\n<p>Macht das Beste draus!<\/p>\n","protected":false},"excerpt":{"rendered":"<p>UPDATE: Bei der Ver\u00f6ffentlichung hat WordPress die Montagsspiele und die ANALYSE geschluckt. Hab\u00b4s wiederhergestellt. Alle Infos zum Spieltag findet ihr unten! N\u2018Abend allerseits,&nbsp; gerne h\u00e4tten wir hier wir heute ein Interview pr\u00e4sentiert. Anlass und Idee hatte ich ja letzte Woche im Eintrag #1006 pr\u00e4sentiert. Den Anlass hatte ich ja beschrieben. Sky-Moderator und -Kommentator Michael Leopold [&hellip;]<\/p>\n","protected":false},"author":6,"featured_media":0,"comment_status":"closed","ping_status":"open","sticky":false,"template":"","format":"standard","meta":{"footnotes":""},"categories":[424],"tags":[20,10,49,178,60,36,262,13,251,55,97,89,61,48,69,86,50,122,158,205,9,112,343,126,95,17,15,161,23,108,127,22,134,107,37],"class_list":["post-3425","post","type-post","status-publish","format-standard","hentry","category-bundesliga-und-co","tag-2-bundesliga","tag-3-liga","tag-alex-schlueter","tag-br","tag-bundesliga","tag-claudia-neumann","tag-daniel-guenther","tag-dazn","tag-ekstraklasa","tag-eredivisie","tag-esther-sedlaczek","tag-florian-schmidt-sommerfeld","tag-frank-buschmann","tag-jan-platte","tag-jonas-friedrich","tag-juergen-schmitz","tag-katrin-mueller-hohenstein","tag-laliga","tag-ligue-1","tag-lukas-schoenmueller","tag-magenta-sport","tag-marcus-lindemann","tag-markus-augustin","tag-markus-goetz","tag-martin-gross","tag-mdr","tag-ndr","tag-per-mertesacker","tag-premier-league","tag-ralph-gunesch","tag-serie-a","tag-sky","tag-sportdigital-fussball","tag-wolff-fuss","tag-zdf"],"_links":{"self":[{"href":"https:\/\/kommentatorenblog.de\/index.php?rest_route=\/wp\/v2\/posts\/3425","targetHints":{"allow":["GET"]}}],"collection":[{"href":"https:\/\/kommentatorenblog.de\/index.php?rest_route=\/wp\/v2\/posts"}],"about":[{"href":"https:\/\/kommentatorenblog.de\/index.php?rest_route=\/wp\/v2\/types\/post"}],"author":[{"embeddable":true,"href":"https:\/\/kommentatorenblog.de\/index.php?rest_route=\/wp\/v2\/users\/6"}],"replies":[{"embeddable":true,"href":"https:\/\/kommentatorenblog.de\/index.php?rest_route=%2Fwp%2Fv2%2Fcomments&post=3425"}],"version-history":[{"count":80,"href":"https:\/\/kommentatorenblog.de\/index.php?rest_route=\/wp\/v2\/posts\/3425\/revisions"}],"predecessor-version":[{"id":3509,"href":"https:\/\/kommentatorenblog.de\/index.php?rest_route=\/wp\/v2\/posts\/3425\/revisions\/3509"}],"wp:attachment":[{"href":"https:\/\/kommentatorenblog.de\/index.php?rest_route=%2Fwp%2Fv2%2Fmedia&parent=3425"}],"wp:term":[{"taxonomy":"category","embeddable":true,"href":"https:\/\/kommentatorenblog.de\/index.php?rest_route=%2Fwp%2Fv2%2Fcategories&post=3425"},{"taxonomy":"post_tag","embeddable":true,"href":"https:\/\/kommentatorenblog.de\/index.php?rest_route=%2Fwp%2Fv2%2Ftags&post=3425"}],"curies":[{"name":"wp","href":"https:\/\/api.w.org\/{rel}","templated":true}]}}