{"id":347,"date":"2019-09-23T19:27:55","date_gmt":"2019-09-23T19:27:55","guid":{"rendered":"http:\/\/kommentatorenblog.de\/?p=347"},"modified":"2020-12-30T16:07:58","modified_gmt":"2020-12-30T16:07:58","slug":"1018-doppelbestrafung-und-worthless-cup","status":"publish","type":"post","link":"https:\/\/kommentatorenblog.de\/?p=347","title":{"rendered":"1018 &#8211; Doppelbestrafung und &#8222;Worthless Cup&#8220;"},"content":{"rendered":"\n<p>N\u2019Abend allerseits,<\/p>\n\n\n\n<p>der 5. Spieltag ist im Sack. Wolff Fuss musste das 0:4 von seinem Effzeh in der Allianz-Arena h\u00f6chstselbst kommentieren. Auch bei der Roten Karte an Kingsley Ehizibue gab es zurecht kein Veto von seiner Seite, auch wenn sich die Rheinl\u00e4nder im Nachgang beschwerten.<\/p>\n\n\n\n<p>Grund f\u00fcr die Beanstandungen war die Doppelbestrafung, welche K\u00f6ln durch den Strafsto\u00df und den Platzverweis erlitt. Nach neuer Regelauslegung <strong>kann<\/strong> der Schiedsrichter sich daf\u00fcr entscheiden, nur die Gelbe Karte zu z\u00fccken, sofern der Spieler das Foul im Kampf um den Ball begeht. Allerdings handelte es sich bei Ehzibue um einen Schubser von hinten. Wenn auch nur um einen leichten. Aber interpretiert man ihn als solchen, spielt das keine Rolle mehr.<\/p>\n\n\n\n<p>W\u00e4hrend wir uns vor genau einer Woche noch auf den Champions-League-Start freuten, pausiert die K\u00f6nigsklasse in der anstehenden Kalenderwoche bekanntlich. Aber es gibt zumindest ein kleines Trostpflaster f\u00fcr alle Fans mit DAZN-Abo. Schlie\u00dflich gr\u00fc\u00dfen Serie A und LaLiga aus der englischen Woche.&nbsp;<\/p>\n\n\n\n<p><strong><em>Die Ansetzungen vom 24. September 2019 bis zum 26. September 2019<\/em><\/strong><\/p>\n\n\n\n<p><strong>Fu\u00dfball International<\/strong><\/p>\n\n\n\n<p><span style=\"text-decoration: underline;\">Dienstag, 24.09.2019<\/span><\/p>\n\n\n\n<p>Carabao Cup, Sechzehntelfinale:&nbsp;<\/p>\n\n\n\n<p><strong><em>Preston &#8211; Manchester City (20.45 Uhr)<\/em><\/strong><\/p>\n\n\n\n<p>DAZN: Marco Hagemann (Kommentar), Benny Lauth (Experte)<\/p>\n\n\n\n<p>Carabao Cup, Sechzehntelfinale:&nbsp;<\/p>\n\n\n\n<p><strong><em>Arsenal London &#8211; Nottingham Forest (20.45 Uhr)<\/em><\/strong><\/p>\n\n\n\n<p>DAZN: Robby Hunke<\/p>\n\n\n\n<p>Serie A, 5. Spieltag:<\/p>\n\n\n\n<p><strong><em>Brescia &#8211; Juventus Turin (21.00 Uhr)<\/em><\/strong><\/p>\n\n\n\n<p>DAZN: Carsten Fu\u00df (Kommentar), Christian Bernhard (Experte)<\/p>\n\n\n\n<p>LaLiga, 6. Spieltag:<\/p>\n\n\n\n<p><strong>FC Barcelona &#8211; FC Villareal (21.00 Uhr)<\/strong><\/p>\n\n\n\n<p>DAZN: Jan Platte (Kommentar), Jonas Hummels (Experte)<\/p>\n\n\n\n<p>Ligue 1, 7. Spieltag:<\/p>\n\n\n\n<p><strong>AS Monaco &#8211; OGC Nizza (21.00 Uhr)<\/strong><\/p>\n\n\n\n<p>DAZN: Matthias Naebers<\/p>\n\n\n\n<p><span style=\"text-decoration: underline;\">Mittwoch, 25.09.2019<\/span><\/p>\n\n\n\n<p>Eredivisie, 4. Spieltag:<\/p>\n\n\n\n<p><strong>PSV Eindhoven &#8211; FC Groningen (18.00 Uhr)<\/strong><\/p>\n\n\n\n<p>sportdigital FUSSBALL: Karsten Linke<\/p>\n\n\n\n<p>Serie A, 5. Spieltag:<\/p>\n\n\n\n<p><strong>AS Rom &#8211; Atalanta (19.00 Uhr)<\/strong><\/p>\n\n\n\n<p>DAZN: Mario Rieker<\/p>\n\n\n\n<p>Ligue 1, 7. Spieltag:<\/p>\n\n\n\n<p><strong>Stade Brest &#8211; Olympique Lyon (21.00 Uhr)<\/strong><\/p>\n\n\n\n<p>DAZN: Martin Sedlacek<\/p>\n\n\n\n<p>LaLiga, 6. Spieltag:<\/p>\n\n\n\n<p><strong>RCD Mallorca &#8211; Atletico Madrid (21.00 Uhr)<\/strong><\/p>\n\n\n\n<p>DAZN: David Ploch<\/p>\n\n\n\n<p>LaLiga, 6. Spieltag:<\/p>\n\n\n\n<p><strong>FC Valencia &#8211; FC Getafe (20.00 Uhr)<\/strong><\/p>\n\n\n\n<p>DAZN: Julian Engelhard<\/p>\n\n\n\n<p>Eredivisie, 4. Spieltag:<\/p>\n\n\n\n<p><strong>Ajax Amsterdam &#8211; Fortuna Sittard (20.40 Uhr)<\/strong><\/p>\n\n\n\n<p>sportdigital FUSSBALL:\u00a0J\u00f6rg Steiger<\/p>\n\n\n\n<p>Carabao Cup, Sechzehntelfinale:&nbsp;<\/p>\n\n\n\n<p><strong><em>MK Dons &#8211; FC Liverpool (20.45 Uhr)<\/em><\/strong><\/p>\n\n\n\n<p>DAZN: Uli Hebel (Kommentar), Benny Lauth (Experte)<\/p>\n\n\n\n<p>Moderator (DAZN): Daniel Herzog<\/p>\n\n\n\n<p>Serie A, 5. Spieltag:<\/p>\n\n\n\n<p><strong>Inter Mailand &#8211; Lazio Rom (21.00 Uhr)<\/strong><\/p>\n\n\n\n<p>DAZN: Marcel Seufert<\/p>\n\n\n\n<p>Serie A, 5. Spieltag:<\/p>\n\n\n\n<p><strong>SSC Neapel &#8211; Cagliari Calcio (21.00 Uhr)<\/strong><\/p>\n\n\n\n<p>DAZN: Tobi Fischbeck<\/p>\n\n\n\n<p>Ligue 1, 7. Spieltag:<\/p>\n\n\n\n<p><strong>PSG &#8211; Stade Reims (21.00 Uhr)<\/strong><\/p>\n\n\n\n<p>DAZN: Stefan Galler<\/p>\n\n\n\n<p>LaLiga, 6. Spieltag:<\/p>\n\n\n\n<p><strong>Real Madrid &#8211; CA Osasuna (21.00 Uhr)<\/strong><\/p>\n\n\n\n<p>DAZN: Flo Hauser<\/p>\n\n\n\n<p>Carabao Cup, Sechzehntelfinale:&nbsp;<\/p>\n\n\n\n<p><strong><em>Manchester United &#8211; Rochdale (21 Uhr)<\/em><\/strong><\/p>\n\n\n\n<p>DAZN: Tino Polster<\/p>\n\n\n\n<p><span style=\"text-decoration: underline;\">Donnerstag, 26.09.2019<\/span><\/p>\n\n\n\n<p>LaLiga, 6. Spieltag:<\/p>\n\n\n\n<p><strong>SD Eibar &#8211; FC Sevilla (19.00 Uhr)<\/strong><\/p>\n\n\n\n<p>DAZN: Julian Engelhard<\/p>\n\n\n\n<p>Eredivisie, 4. Spieltag:<\/p>\n\n\n\n<p><strong>Feyenoord Rotterdam &#8211; AZ Alkmaar (19.55 Uhr)<\/strong><\/p>\n\n\n\n<p>sportdigital FUSSBALL: Christian Blunck<\/p>\n\n\n\n<p>Serie A, 5. Spieltag:<\/p>\n\n\n\n<p><strong>FC Turin &#8211; AC Mailand (21.00 Uhr)<\/strong><\/p>\n\n\n\n<p>DAZN: Stefan Galler<\/p>\n\n\n\n<p>LaLiga, 6. Spieltag:<\/p>\n\n\n\n<p><strong>Real Sociedad &#8211; Deportivo Alaves (19.00 Uhr)<\/strong><\/p>\n\n\n\n<p>DAZN: Julian Engelhard<\/p>\n\n\n\n<p><strong>Die Analyse<\/strong><\/p>\n\n\n\n<p>Die englische Woche findet tats\u00e4chlich nicht in ihrem Ursprungsland statt. Stattdessen d\u00fcrfen Liverpool, Arsenal, Manchester City sowie United im League Cup ran. Die kleine Schwester des FA Cups, welche inzwischen den Namen Carabao Cup tr\u00e4gt, hat bei englischen Fu\u00dfballfans nicht den besten Ruf. Angelehnt an seine zu hinterfragende Notwendigkeit wurde der Wettbewerb im Jargon auch liebevoll \u201eWorthless Cup\u201c getauft.<\/p>\n\n\n\n<p>Im Worthless Cup darf Benny Lauth als Experte gleich zweimal ran. Dienstag bringt er im Spiel Preston &#8211; Manchester City neben Marco Hagemann seine Expertise zum Vorschein, Mittwoch ist er Co-Kommentator von Uli Hebel beim Aufgalopp des FC Liverpool bei MK Dons. F\u00fcr die weiteren beiden Spiele im Carabao Cup gibt es keine Experten. DAZN entscheidet sich f\u00fcr Robby Hunke bei Arsenal &#8211; Nottingham und Tino Polster bei Manchester United &#8211; Rochdale.<\/p>\n\n\n\n<p>Daf\u00fcr ist Jonas Hummels nach einw\u00f6chiger Pause in LaLiga zur\u00fcck. Der krisengebeutelte FC Barcelona bekommt es mit dem FC Valencia zu tun, Hummels kommentiert neben Chefreporter Jan Platte. In der Serie A muss die Alte Dame in Brescia ran. Weil es im Mailand-Derby schon so gut geklappt hat, begleitet hier das eingespielte Italien-Duo bestehend aus Carsten Fu\u00df und Christian Bernhard.<\/p>\n\n\n\n<p>Was nicht ganz logisch erscheint, ist, dass der Streamingdienst immer wieder einen deutschen Kommentar f\u00fcr Spiele der MLS ansetzt und dann beim absoluten Topspiel zwischen New York und Atalanta in der Oststaffel darauf verzichtet. Das Spiel zwischen Real Sociedad und Deportivo Alaves ist da wohl interessanter. Oder hat jemand einfach keine Lust auf eine Nachtschicht?<\/p>\n\n\n\n<p>In diesem Sinne eine sch\u00f6ne und ausgeschlafene Fu\u00dfball-Woche!\u00a0<\/p>\n","protected":false},"excerpt":{"rendered":"<p>N\u2019Abend allerseits, der 5. Spieltag ist im Sack. Wolff Fuss musste das 0:4 von seinem Effzeh in der Allianz-Arena h\u00f6chstselbst kommentieren. Auch bei der Roten Karte an Kingsley Ehizibue gab es zurecht kein Veto von seiner Seite, auch wenn sich die Rheinl\u00e4nder im Nachgang beschwerten. Grund f\u00fcr die Beanstandungen war die Doppelbestrafung, welche K\u00f6ln durch [&hellip;]<\/p>\n","protected":false},"author":2,"featured_media":0,"comment_status":"open","ping_status":"open","sticky":false,"template":"","format":"standard","meta":{"footnotes":""},"categories":[429],"tags":[166,60,62,131,164,13,48,169,122,43,150,162,127,168,105,107],"class_list":["post-347","post","type-post","status-publish","format-standard","hentry","category-diverses","tag-benny-lauth","tag-bundesliga","tag-carabao-cup","tag-carsten-fuss","tag-christian-bernhard","tag-dazn","tag-jan-platte","tag-jonas-hummels","tag-laliga","tag-marco-hagemann","tag-mls","tag-robby-hunke","tag-serie-a","tag-tino-polster","tag-uli-hebel","tag-wolff-fuss"],"_links":{"self":[{"href":"https:\/\/kommentatorenblog.de\/index.php?rest_route=\/wp\/v2\/posts\/347","targetHints":{"allow":["GET"]}}],"collection":[{"href":"https:\/\/kommentatorenblog.de\/index.php?rest_route=\/wp\/v2\/posts"}],"about":[{"href":"https:\/\/kommentatorenblog.de\/index.php?rest_route=\/wp\/v2\/types\/post"}],"author":[{"embeddable":true,"href":"https:\/\/kommentatorenblog.de\/index.php?rest_route=\/wp\/v2\/users\/2"}],"replies":[{"embeddable":true,"href":"https:\/\/kommentatorenblog.de\/index.php?rest_route=%2Fwp%2Fv2%2Fcomments&post=347"}],"version-history":[{"count":2,"href":"https:\/\/kommentatorenblog.de\/index.php?rest_route=\/wp\/v2\/posts\/347\/revisions"}],"predecessor-version":[{"id":349,"href":"https:\/\/kommentatorenblog.de\/index.php?rest_route=\/wp\/v2\/posts\/347\/revisions\/349"}],"wp:attachment":[{"href":"https:\/\/kommentatorenblog.de\/index.php?rest_route=%2Fwp%2Fv2%2Fmedia&parent=347"}],"wp:term":[{"taxonomy":"category","embeddable":true,"href":"https:\/\/kommentatorenblog.de\/index.php?rest_route=%2Fwp%2Fv2%2Fcategories&post=347"},{"taxonomy":"post_tag","embeddable":true,"href":"https:\/\/kommentatorenblog.de\/index.php?rest_route=%2Fwp%2Fv2%2Ftags&post=347"}],"curies":[{"name":"wp","href":"https:\/\/api.w.org\/{rel}","templated":true}]}}