{"id":3515,"date":"2020-09-22T13:07:51","date_gmt":"2020-09-22T13:07:51","guid":{"rendered":"http:\/\/kommentatorenblog.de\/?p=3515"},"modified":"2020-12-30T15:23:39","modified_gmt":"2020-12-30T15:23:39","slug":"1109-hier-spieltag-1-dort-finale","status":"publish","type":"post","link":"https:\/\/kommentatorenblog.de\/?p=3515","title":{"rendered":"1109 &#8211; Hier Spieltag 1, dort Finale"},"content":{"rendered":"\n<p> N\u2018Abend allerseits,&nbsp; <\/p>\n\n\n\n<p>Zuerst, da es zum guten Ton geh\u00f6rt, entschuldige ich mich daf\u00fcr, dass der Beitrag erst am heutigen Dienstag erscheint. Ich habe es gestern aufgrund von Ersch\u00f6pfung leider nicht mehr geschafft. Sorry! <\/p>\n\n\n\n<p>Da wir uns nach wie vor in Zeiten einer Pandemie befinden mag ich an dieser Stelle, bevor wir zum Sport kommen, mahnend den Finger heben, da es mir in letzter Zeit zumindest in meiner Region doch eher negativ aufgefallen ist: Haltet euch bitte an die Maskenpflicht! Ich wei\u00df nicht wie h\u00e4ufig ich in den letzten Tagen Personen in L\u00e4den sowie Bus und Bahn gesehen habe, die jene Pflicht gekonnt ignorieren und bei mahnenden Worte seitens des Busfahrers diesen mit Pr\u00fcgel drohen. Ist nat\u00fcrlich eine komplett armselige Aktion, aber leider gibt es nichts, was es nicht gibt. Und, nun gut, ich bin nur ein kleiner Blogger und Altenpfleger, dessen Worte jetzt wom\u00f6glich keinen allzu gro\u00dfen Effekt haben, aber an dieser Stelle seien auch lobende Worte an jene Menschen (Gott sei Dank der \u00fcberw\u00e4ltigende Gro\u00dfteil unserer Bev\u00f6lkerung) gerichtet, die sich an geltende Regeln halten und diese beachten. Dankesch\u00f6n! Und nun zum Sport!<\/p>\n\n\n\n<p>Da ist er auch schon wieder vorbei, der erste Spieltag der neuen Bundesliga-Saison. Viel mitbekommen habe ich nicht, da mich am Wochenende die Arbeit eingespannt hat. Was gibt es zu sagen? Schalke schmei\u00dft sich bereits am ersten Spieltag vor den Bus, der BVB startet mit einen \u00fcberraschend deutlichen Sieg gegen M\u00f6nchengladbach und mein VfB verliert das Duell (Nein, kein Derby!) gegen den SC Freiburg. Dem VfB prophezeie ich ja bereits seit Wochen eine sehr komplizierte Saison &#8211; um ehrlich zu sein habe ich auch noch keinen Spieler entdeckt, welcher f\u00fcr ausreichend viele Tore sorgen kann. Lassen wir uns einfach mal \u00fcberraschen, am kommenden Wochenende geht es nach Mainz! Ansonsten l\u00e4sst sich aus den restlichen Partien nat\u00fcrlich noch nicht viel herauslesen, schlie\u00dflich haben wir noch 33 Spieltage vor uns!<\/p>\n\n\n\n<p>Wenn ich ehrlich dar\u00fcber nachdenke muss ich zugeben dass, zumindest derzeit, Basketball meine Sportart Nummer 1 ist &#8211; dem gesch\u00e4tzten Leser d\u00fcrfte das bei meinen rar gewordenen Eintr\u00e4gen bereits aufgefallen sein. Die NBA biegt auf die Zielgerade ein, derzeit finden sowohl im Osten als auch im Westen die Finals statt. D\u00fcrfte ich mir einen Champion w\u00fcnschen, w\u00e4ren das wohl die Miami Heat rund um deren Anf\u00fchrer Jimmy Butler. Ein tiefes Team mit mehreren Spielern die ich mag, seien es der erw\u00e4hnte Butler, Bam Adebayo, Scharfsch\u00fctze Duncan Robinson oder Andre Igoudala. Jenes Team ist auch daf\u00fcr verantwortlich, dass die Milwaukee Bucks, immerhin das Team vom doppelten MVP Giannis Antetokounmpo, im Kampf um den Titel nicht mehr mitreden darf. Realistisch betrachtet kommt der Favorit jedoch aus Los Angeles &#8211; und nein, es handelt sich nicht um die Clippers. Viele Experten hatten diese nach den Verpflichtungen von Kawhi Leonard und &#8222;Playoff P&#8220; im Sommer letzten Jahres als Favoriten gesehen. Allerdings entt\u00e4uschten die Clippers ma\u00dflos und scheiterten in 7 Spielen an den Denver Nuggets und deren kongeniales Duo bestehend aus Jamal Murray und Nikola Jokic. Jene Nuggets haben also das LA-Duell in den Conference-Finals verhindert, dort warten auf die Jungs aus Denver jetzt eben der angesprochene Favorit, die Lakers. LeBron James + Anthony Davis (letzterer entschied Spiel 2 der Serie mit einen 3er in den Schlusssekunden) sind, aus meiner Sicht, 2 der Top 7 Spieler der gesamten NBA und sowas ist schwer zu stoppen. Hat der eine Probleme, \u00fcbernimmt der andere mehr Verantwortung und dann wird noch darauf gehofft, dass die Rollenspieler ala Danny Green, KCP, Dwight Howard, McGee, Rondo und Co. f\u00fcr ausreichend Produktion sorgen. Realistisch betrachtet sind die Lakers f\u00fcr mich also der Favorit auf den Titel. Wie seht ihr des? Ab in die Kommentare damit!<br>Dann m\u00fcssen wir noch ein paar Worte \u00fcber die Boston Celtics verlieren, schlie\u00dflich stehen die ja auch in den Finals. Dies hatte ich bereits vor der Saison vermutet, allerdings hatte ich eher Philadelphia als Gegner erwartet. Celtics gegen die Heat, eine Serie die sich vielleicht bis ins alles entscheidende Game 7 ziehen k\u00f6nnte &#8211; ich freue mich darauf.<\/p>\n\n\n\n<p>Frauenfu\u00dfball, Super Cup, Champions League Quali &#8211; auch unter der Woche ist viel geboten!<\/p>\n\n\n\n<p><strong><em><span style=\"text-decoration: underline;\">Die Ansetzungen vom 22. September 2020 bis zum 24. September 2020<\/span><\/em><\/strong><\/p>\n\n\n\n<p><strong><em>Frauenfu\u00dfball-Europameisterschaft Qualifikation<\/em><\/strong><\/p>\n\n\n\n<p><span style=\"text-decoration: underline;\">Dienstag, 22. September 2020, ab 16.00 Uhr (ARD)<\/span><\/p>\n\n\n\n<p><strong><em>Montenegro &#8211; Deutschland (16.00 Uhr)<\/em><\/strong><\/p>\n\n\n\n<p>ARD: Stephanie Baczyk <\/p>\n\n\n\n<p>Moderation (ARD): Claus Lufen, Expertin: Nia K\u00fcnzer<\/p>\n\n\n\n<p><strong><em>UEFA Super Cup<\/em><\/strong><\/p>\n\n\n\n<p><span style=\"text-decoration: underline;\">Donnerstag, 24. September 2020, ab 20.30 Uhr (Sky)\/ ab 20.45 Uhr (DAZN)<\/span><\/p>\n\n\n\n<p><strong><em>FC Bayern M\u00fcnchen &#8211; FC Sevilla (21.00 Uhr)<\/em><\/strong><\/p>\n\n\n\n<p>Sky: Wolff Fuss <br>DAZN: Jan Platte, Experte: Ralph Gunesch<\/p>\n\n\n\n<p>Moderation (Sky): Sebastian Hellmann<br>Moderation (DAZN): Alex Schl\u00fcter<\/p>\n\n\n\n<p><strong><em>Champions League Playoffs, Hinspiel <\/em><\/strong><\/p>\n\n\n\n<p><span style=\"text-decoration: underline;\">Dienstag, 22. September 2020, ab 21.00 Uhr (DAZN)<\/span><\/p>\n\n\n\n<p><strong><em>Sparta Prag &#8211; FC Midtjylland (21.00 Uhr)<\/em><\/strong><\/p>\n\n\n\n<p>DAZN: Marcel Seufert (Einzelspiel)<br>Sky: Joachim Hebel (Konferenz)<\/p>\n\n\n\n<p> <strong><em>Maccabi Tel Aviv &#8211; FC Salzburg (21.00 Uhr)<\/em><\/strong><\/p>\n\n\n\n<p>DAZN: Jan Platte, Experte: Ralph Gunesch (Einzelspiel)<br>Sky: Philipp Paternina (Konferenz)<\/p>\n\n\n\n<p><strong><em>FK Krasnodar &#8211; PAOK Saloniki<\/em><\/strong> <strong><em>(21.00 Uhr)<\/em><\/strong><\/p>\n\n\n\n<p>Sky: Toni Tomic (Einzelspiel), Roland Evers (Konferenz)<\/p>\n\n\n\n<p><span style=\"text-decoration: underline;\">Mittwoch, 23. September 2020, ab 21.00 Uhr (DAZN)<\/span><\/p>\n\n\n\n<p><strong><em>Molde FK &#8211; Ferencvaros (21.00 Uhr)<\/em><\/strong><\/p>\n\n\n\n<p>DAZN: Hans von Brockhausen (Einzelspiel)<br>Sky: Sven Schr\u00f6ter (Konferenz)<\/p>\n\n\n\n<p><strong><em>Olympiakos Pir\u00e4us &#8211; Omonia Nikosia (21.00 Uhr)<\/em><\/strong><\/p>\n\n\n\n<p>DAZN: Matthias Naebers (Einzelspiel)<br>Sky: Markus Gaupp (Konferenz)<\/p>\n\n\n\n<p><strong><em>KAA Gent &#8211; Dynamo Kiew<\/em><\/strong> <strong><em>(21.00 Uhr)<\/em><\/strong><\/p>\n\n\n\n<p>Sky: Hannes Herrmann (Einzelspiel), Jonas Friedrich (Konferenz)<\/p>\n\n\n\n<p><strong><em>Internationaler Fu\u00dfball<\/em><\/strong><\/p>\n\n\n\n<p><span style=\"text-decoration: underline;\">Dienstag, 22. September 2020<\/span><\/p>\n\n\n\n<p>Chinese Super League, 12. Spieltag:<strong><em> Shijiazhuang Ever Bright &#8211; Shanghai SIPG<\/em><\/strong> <strong><em>(14.00 Uhr)<\/em><\/strong><\/p>\n\n\n\n<p>sportdigital FUSSBALL: Florian Obst<\/p>\n\n\n\n<p>Carabao Cup, 3. Runde: <strong><em>Leyton Orient &#8211; Tottenham Hotspur (19.00 Uhr)<\/em><\/strong><\/p>\n\n\n\n<p>DAZN: Uwe Morawe<\/p>\n\n\n\n<p> Carabao Cup, 3. Runde: <strong><em>Fleetwood &#8211; FC Everton (20.45 Uhr)<\/em><\/strong><\/p>\n\n\n\n<p>DAZN: David Ploch<\/p>\n\n\n\n<p> Carabao Cup, 3. Runde: <strong><em>Luton Town &#8211; Manchester United (21.15 Uhr)<\/em><\/strong><\/p>\n\n\n\n<p>DAZN: Uli Hebel<\/p>\n\n\n\n<p><span style=\"text-decoration: underline;\">Mittwoch, 22. September 2020<\/span><\/p>\n\n\n\n<p> Carabao Cup, 3. Runde: <strong><em>FC Chelsea &#8211; FC Barnsley (20.45 Uhr)<\/em><\/strong><\/p>\n\n\n\n<p>DAZN: Oliver Forster<\/p>\n\n\n\n<p> Carabao Cup, 3. Runde: <strong><em>Leicester City &#8211; FC Arsenal (20.45 Uhr)<\/em><\/strong><\/p>\n\n\n\n<p>DAZN: Marco Hagemann, Experte: Ralph Gunesch<\/p>\n\n\n\n<p> Carabao Cup, 3. Runde: <strong><em>Lincoln City FC &#8211; FC Liverpool (20.45 Uhr)<\/em><\/strong><\/p>\n\n\n\n<p>DAZN: Uli Hebel, Experte: Sebastian Knei\u00dfl <\/p>\n\n\n\n<p> Carabao Cup, 3. Runde: <strong><em>Manchester City &#8211; AFC Bournemouth (20.45 Uhr)<\/em><\/strong><\/p>\n\n\n\n<p>DAZN: Flo Hauser, Experte: Benny Lauth<\/p>\n\n\n\n<p><span style=\"text-decoration: underline;\">Donnerstag, 24. September 2020 <\/span><\/p>\n\n\n\n<p>Copa Libertadores, Gruppenphase, 4. Spieltag: <strong><em>Internacional (BRA) &#8211; Gremio (BRA)<\/em><\/strong> <strong><em>(02.15 Uhr)<\/em><\/strong><\/p>\n\n\n\n<p>sportdigital FUSSBALL: Karsten Linke <strong><em><br><\/em><\/strong><\/p>\n\n\n\n<p><strong><em><span style=\"text-decoration: underline;\">Die Analyse<\/span><\/em><\/strong><\/p>\n\n\n\n<p>5 Spiele, 5 Siege, 34 Tore, 0 Gegentore. Das ist die beeindruckende Bilanz, die die DFB-Damen in der EM-Quali derzeit auflegen. Gleich spielen sie gegen Montenegro, im Hinspiel konnte die DFB-Elf jene Partie mit einem knappen 10:0 f\u00fcr sich entscheiden. Die ARD \u00fcbertr\u00e4gt, Stephanie Baczyk kommentiert, auch Claus Lufen und Nia K\u00fcnzer sind bereits aus fr\u00fcheren \u00dcbertragungen bekannt.<\/p>\n\n\n\n<p>Der UEFA Super Cup findet dieses Jahr in Budapest statt und es ist davon auszugehen, dass der FC Sevilla sich nicht mit 8:0 aus dem Stadion fegen l\u00e4sst wie gewisse andere Vereine. Sky ist nicht vor Ort, Wolff Fuss kommentiert, bei DAZN \u00fcbernimmt Jan Platte zusammen mit Ralph Gunesch.<\/p>\n\n\n\n<p>Werfen wir einen Blick auf die Champions-League Quali; DAZN \u00fcbertr\u00e4gt zwei Einzelspiele exklusiv, Sky bekommt ein Einzelspiel + die Konferenz. Zugegebenerma\u00dfen f\u00e4llt es mir schwer aus den Ansetzungen etwas herauszulesen, um die Sky-Einzelspiele k\u00fcmmern sich Tomic und Hannes Herrmann, ansonsten wird munter durchrotiert. DAZN legt sein Augenmerk auf die Partie der Salzburger, was an der Ansetzung eines Experten zu erkennen ist. <\/p>\n\n\n\n<p>International gibt es ein bisschen Carabao Cup, Hagemann, Morawe, Hebel und Co. sind im Einsatz. Florian Obst und Karsten Linke dagegen k\u00fcmmern sich um Fu\u00dfball von anderen Kontinenten, China und die Copa Libertadores gibt es hier zu sehen.<\/p>\n\n\n\n<p>Euch eine gute Woche!<\/p>\n","protected":false},"excerpt":{"rendered":"<p>N\u2018Abend allerseits,&nbsp; Zuerst, da es zum guten Ton geh\u00f6rt, entschuldige ich mich daf\u00fcr, dass der Beitrag erst am heutigen Dienstag erscheint. Ich habe es gestern aufgrund von Ersch\u00f6pfung leider nicht mehr geschafft. Sorry! Da wir uns nach wie vor in Zeiten einer Pandemie befinden mag ich an dieser Stelle, bevor wir zum Sport kommen, mahnend [&hellip;]<\/p>\n","protected":false},"author":4,"featured_media":0,"comment_status":"open","ping_status":"open","sticky":false,"template":"","format":"standard","meta":{"footnotes":""},"categories":[429],"tags":[19,62,124,56,181,13,173,198,22,134,106],"class_list":["post-3515","post","type-post","status-publish","format-standard","hentry","category-diverses","tag-ard","tag-carabao-cup","tag-champions-league-qualifikation","tag-chinese-super-league","tag-copa-libertadores","tag-dazn","tag-frauenfussball","tag-konferenz","tag-sky","tag-sportdigital-fussball","tag-uefa-supercup"],"_links":{"self":[{"href":"https:\/\/kommentatorenblog.de\/index.php?rest_route=\/wp\/v2\/posts\/3515","targetHints":{"allow":["GET"]}}],"collection":[{"href":"https:\/\/kommentatorenblog.de\/index.php?rest_route=\/wp\/v2\/posts"}],"about":[{"href":"https:\/\/kommentatorenblog.de\/index.php?rest_route=\/wp\/v2\/types\/post"}],"author":[{"embeddable":true,"href":"https:\/\/kommentatorenblog.de\/index.php?rest_route=\/wp\/v2\/users\/4"}],"replies":[{"embeddable":true,"href":"https:\/\/kommentatorenblog.de\/index.php?rest_route=%2Fwp%2Fv2%2Fcomments&post=3515"}],"version-history":[{"count":8,"href":"https:\/\/kommentatorenblog.de\/index.php?rest_route=\/wp\/v2\/posts\/3515\/revisions"}],"predecessor-version":[{"id":3528,"href":"https:\/\/kommentatorenblog.de\/index.php?rest_route=\/wp\/v2\/posts\/3515\/revisions\/3528"}],"wp:attachment":[{"href":"https:\/\/kommentatorenblog.de\/index.php?rest_route=%2Fwp%2Fv2%2Fmedia&parent=3515"}],"wp:term":[{"taxonomy":"category","embeddable":true,"href":"https:\/\/kommentatorenblog.de\/index.php?rest_route=%2Fwp%2Fv2%2Fcategories&post=3515"},{"taxonomy":"post_tag","embeddable":true,"href":"https:\/\/kommentatorenblog.de\/index.php?rest_route=%2Fwp%2Fv2%2Ftags&post=3515"}],"curies":[{"name":"wp","href":"https:\/\/api.w.org\/{rel}","templated":true}]}}