{"id":3826,"date":"2008-08-07T11:04:00","date_gmt":"2008-08-07T11:04:00","guid":{"rendered":"http:\/\/kommentatorenblog.de\/?p=3826"},"modified":"2021-03-02T19:14:59","modified_gmt":"2021-03-02T18:14:59","slug":"kommentatoren-blog-3-ni-hao","status":"publish","type":"post","link":"https:\/\/kommentatorenblog.de\/?p=3826","title":{"rendered":"[kommentatoren.blog #3] &#8211; Ni Hao!"},"content":{"rendered":"\n<p>(Beitrag von Frederik Voss, reposted von Nico)<\/p>\n\n\n\n<p>Hallo oder Ni Hao!<\/p>\n\n\n\n<figure class=\"wp-block-image\"><img decoding=\"async\" src=\"https:\/\/web.archive.org\/web\/20140408080556im_\/http:\/\/static.blog.de\/img\/smilies\/icon_wink.gif?v=20131031.1215\" alt=\";)\"\/><\/figure>\n\n\n\n<p>Morgen ist es so weit: Die Olympischen Spiele in Peking beginnen. Ich f\u00fcr meinen Teil freue mich sehr auf die Spiele und deshalb gibt es jetzt mal einen Eintrag dazu.&nbsp;<\/p>\n\n\n\n<p>Viele Diskussionen gab es \u00fcber die Spiele in Peking und vor allen Dingen ging es dabei um nicht sportliche Dinge. Menschenrechte, Umweltverschmutzung, Tibet, Pressefreiheit, etc. pp. Ich denke aber, dass es damit an dieser Stelle mal gut sein sollte und wir uns mal ausf\u00fchrlicher um den Sport und nat\u00fcrlich um die \u00dcbertragung der Spiele k\u00fcmmern.<\/p>\n\n\n\n<ul class=\"wp-block-list\"><li>Bei&nbsp;<strong>Eurosport<\/strong>&nbsp;gibt es die rundum Versorgung. Viele Journalisten des Sportsenders werden wahrscheinlich nicht direkt in Peking sein, daf\u00fcr gibt es aber 24\/7 Peking. Leider gibt es von Eurosport nicht viele Meldungen \u00fcber ihr Programmkonzept.&nbsp;<strong>Aber<\/strong>&nbsp;Sigi Heinreich kommentiert die Er\u00f6ffnungsfeier.&nbsp;<\/li><\/ul>\n\n\n\n<p>Damit will ich es auch erst mal mit Europort gut sein lassen und mich den \u00d6ffentlich Rechtlichen zuwenden, da wohl hier die meisten von uns die Spiele sehen werden.<\/p>\n\n\n\n<ul class=\"wp-block-list\"><li>Bei&nbsp;<strong>ARD und ZDF<\/strong>&nbsp;hat sich im Vergleich zum Jahre 2004 gar nicht so viel ge\u00e4ndert. Wie gewohnt berichtet man im Wechsel und das in insgesamt gut 300 Sendestunden. F\u00fcr die beiden \u00d6R reisen insgesamt ca. 100 Moderatoren, Kommentatoren, Redakteure, Filmemache und Techniker nach Asien. Dabei teilt man sich wie auch schon in den letzten Jahren das futuristisch und gleichzeitig doch auch tradiotionell eingerichtete Studio im IBC, wo man 2300 qm\u00b2 Fl\u00e4chen gemietet hat (dabei geht allerdings nichts \u00fcber den mexikanischen Aufwand. Ein mexikanischer Privatsender hat wie auch schon bei der Fu\u00dfball WM 2006 in Deutschland das gr\u00f6\u00dfte Studio im IBC. Dort hat man mal kurzerhand ganz China in der Miniaturausgabe nachgebaut). Au\u00dferdem m\u00f6chte man dem deutschen Zuschauer mit 30 eigenen Kameras ganz spezielle Eindr\u00fccke vermitteln. Au\u00dferdem werden die Sender EinsFestival, EinsPlus, ZDFinfokanal und ZDFdokukanal zu Olympiasendern umgewandelt. Sie \u00fcbertragen bspw. &#8222;Randsportarten&#8220; und senden weiter, wenn die beiden Hauptprogramme aus Live\u00fcbertragungen aussteigen.<\/li><li><strong>Das Erste<\/strong>&nbsp;berichtet t\u00e4glich von ca. 2:00 Uhr bis 19:45 Uhr. Nach den Tagesthemen gibt es wie schon bei den Spielen 2006 in Turin&nbsp;<em>&#8222;Waldi und Harry&#8220;<\/em>. Das Studio f\u00fcr diese Sendung befindet sich im Ballsaal eines gro\u00dfen Pekinger Hotels und bietet 80 Zuschauern Platz. W\u00e4hrend der Livesendungen gibt es tags\u00fcber st\u00fcndliche Zusammenfassungen im&nbsp;<em>&#8222;Olympia-Telegramm&#8220;<\/em>.<\/li><li>Das&nbsp;<strong>ZDF<\/strong>&nbsp;berichtet ebenfalls t\u00e4glich von etwa 2:00 Uhr bis ca. 18:00 Uhr. Ebenso wie im Ersten gibt es auch im Zweiten ein&nbsp;<em>&#8222;Olympia kompakt&#8220;<\/em>&nbsp;zu jeder vollen Stunde ab sieben Uhr am Morgen. Zudem gibt es weiter Rubriken, die die Zuschauer mit Hintergrundwissen in Sachen Sport, Land und Leute und Kultur informiert. In den&nbsp;<em>&#8222;Olympia Highlights&#8220;<\/em>&nbsp; zeigt das ZDF an Sendetagen von 20:15 Uhr bis 21:45 Uhr alle H\u00f6hepunke des Tages in der Primetime.<\/li><li>Die&nbsp;<strong>Digitalkan\u00e4le<\/strong>&nbsp;sind wie folgt aufgeteilt worden:<\/li><\/ul>\n\n\n\n<p><strong><br>EinsPlus \/ EinsFestival<\/strong><br>Leichtathletik<br>Hockey<br>Turnen inkl. Abschlussgala der Medaillengewinner \/ Trampolin \/ Rhythmische<br>Sportgymnastik<br>Beachvolleyball \/ Volleyball<br>Basketball<br>Reiten<\/p>\n\n\n\n<p><strong>ZDFinfokanal \/ ZDFdokukanal<\/strong><br>Schwimmen \/ Wasserspringen \/ Synchron \/ Wasserball<br>Fu\u00dfball Frauen und M\u00e4nner<br>Handball Frauen und M\u00e4nner<br>Rudern \/ Kanu \/ Kajak \/ Wildwasser<br>Tischtennis \/ Tennis<br>Wie schon oben angesprochen, wird in den digtalen Zusatzprogrammen ausf\u00fchrlich \u00fcber die aufgef\u00fchrten Sportarten berichtet. An Sendetagen, an denen im Hauptprogramm die ARD sendet, kommentieren auf allen vier Digitalsendern ZDF-Kommentatoren, ebenso andersherum.<\/p>\n\n\n\n<ul class=\"wp-block-list\"><li><strong>Das ARD-Olympiateam<\/strong><\/li><\/ul>\n\n\n\n<p><strong>ARD\/ZDF-Teamchef:<\/strong>&nbsp;Walter Johannsen<\/p>\n\n\n\n<p><strong>Programmchef:<\/strong>&nbsp;Gerd Gottlob<br><strong>Chef vom Dienst:<\/strong>&nbsp;Volker Kottkamp<\/p>\n\n\n\n<p><strong>Moderation:<br><\/strong><br><strong>Olympia live:<\/strong>&nbsp;Monica Lierhaus, Michael Antwerpes<br><strong>Olympia extra:<\/strong>&nbsp;Reinhold Beckmann<br><strong>\u201dWaldi und Harry\u201c:<\/strong>&nbsp;Waldemar Hartmann, Harald Schmidt<br><strong>Nachrichten:<\/strong>&nbsp;Valeska Homburg, Ren\u00e9 Kindermann<\/p>\n\n\n\n<p><strong>Moderation\/Interviews:<\/strong><br><em>in den Stadien<\/em><\/p>\n\n\n\n<p>Werner Damm (Leichtathletik)<br>Sabine Hartelt (Reiten Hongkong)<br>Thomas Braml (Rudern)<br>Ralf Scholt (Schwimmen), Expertin Franziska van Almsick<\/p>\n\n\n\n<p><strong>Senderedaktion:<\/strong><\/p>\n\n\n\n<p><strong>Olympia live:<\/strong>&nbsp;Svenja Heidorn, Andr\u00e9 Kabus, Alf Spatscheck, Hans-J\u00fcrgen Pohmann, Florian Fehrenbach, Harald Dietz<br><strong>Olympia extra:<\/strong>&nbsp;Carsten Fl\u00fcgel, Michael Klein<br><strong>\u201dWaldi und Harry&#8220;:<\/strong>&nbsp;Christoph Netzel, Christian Riewe, Andreas Egertz, Andreas Gerling<\/p>\n\n\n\n<p><strong>Redaktion:<\/strong><\/p>\n\n\n\n<p><strong>Olympia-R\u00fcckblicke:<\/strong>&nbsp;Michael Dittrich<br><strong>Digital-Kan\u00e4le:<\/strong>&nbsp;G\u00fcnther Betz<br><strong>Leichtathletik-Stadion\/Schwimmstadion:<\/strong>&nbsp;Steffen Lunkenheimer<br><strong>Reiten Hongkong:<\/strong>&nbsp;Maren H\u00f6fle<br><strong>Ruderstrecke:<\/strong>&nbsp;Michael Mannteuffel<\/p>\n\n\n\n<p><strong>Regie:<\/strong><\/p>\n\n\n\n<p><strong>Olympia live:<\/strong>&nbsp;Ralf K\u00fcpper, Sebastian von Freyberg<br><strong>Olympia extra:<\/strong>&nbsp;Thomas Sohns<br><strong>&#8222;Waldi und Harry&#8220;:<\/strong>&nbsp;Volker Drews<br><em>In den Venues<\/em><br><strong>Leichtathletikstadion:<\/strong>&nbsp;Manfred Straka<br><strong>Reiten Hongkong:<\/strong>&nbsp;Uli Fritz<br><strong>Ruderstrecke:<\/strong>&nbsp;ZDF<br><strong>Schwimmstadion:<\/strong>&nbsp;Michael Senge<\/p>\n\n\n\n<p><strong>Reporter:<\/strong><\/p>\n\n\n\n<p><strong>Er\u00f6ffnungsfeier:<\/strong>&nbsp;Sandra Maischberger, Ralf Scholt<br><strong>Badminton:<\/strong>&nbsp;Andreas K\u00f6stler<br><strong>Basketball:<\/strong>&nbsp;Andreas Witte<br><strong>Beachvolleyball:<\/strong>&nbsp;Claus Lufen<br><strong>Bogenschie\u00dfen:<\/strong>&nbsp;Nadja Eckerle<br><strong>Boxen:<\/strong>&nbsp;Wolf-Dieter Jacobi<br><strong>Fechten:<\/strong>&nbsp;Michael Drevenstedt<br><strong>Fu\u00dfball:<\/strong>&nbsp;Bernd Schmelzer<br><strong>Gewichtheben:<\/strong>&nbsp;Bodo Boeck<br><strong>Gymnastik\/Trampolin:<\/strong>&nbsp;Gabriele Ebenritter-Bock<br><strong>Handball:<\/strong>&nbsp;Johannes Krause<br><strong>Hockey:<\/strong>&nbsp;Jan M\u00f6ller<br><strong>Judo\/Taekwondo:<\/strong>&nbsp;Guido De Santis<br><strong>Kunst- und Turmspringen:<\/strong>&nbsp;Peter Grube<br><strong>Leichtathletik:<\/strong>&nbsp;Wilfried Hark, Ralf Scholt<br><strong>Rad:<\/strong>&nbsp;Florian Na\u00df<br><strong>Reiten:<\/strong>&nbsp;Carsten Sostmeier<br><strong>Ringen\/Schie\u00dfen:<\/strong>&nbsp;Hans-Joachim Schr\u00f6ter<br><strong>Rudern\/Kanu:<\/strong>&nbsp;Jochen Sprentzel<br><strong>Schwimmen:<\/strong>&nbsp;Tom Bartels<br><strong>Segeln:<\/strong>&nbsp;Peter Carstens<br><strong>Tennis:<\/strong>&nbsp;Matthias Cammann<br><strong>Tischtennis:<\/strong>&nbsp;Roman Bonnaire<br><strong>Triathlon:<\/strong>&nbsp;Werner Damm<br><strong>Turnen:<\/strong>&nbsp;Philipp Sohmer<br><strong>Volleyball:<\/strong>&nbsp;Ludwig Evertz<br><strong><br>Stories:<\/strong>&nbsp;Florian Bauer, Wolfgang Biereichel, Jan-Dirk<br>Bruns, Christian Dexne, Sven Kaulbars, Inken Pallas, Henning R\u00fctten, J\u00fcrgen Schmidt,<br>Mareike Schomerus, Hans-Joachim Seppelt, Dominik Vischer<\/p>\n\n\n\n<ul class=\"wp-block-list\"><li><strong>Das ZDF-Olympiateam:<\/strong><\/li><\/ul>\n\n\n\n<p><strong>Teamchef:<\/strong>&nbsp;Dieter Gruschwitz<br><strong>Programmchef:<\/strong>&nbsp;Eberhard Figgemeier<br><strong>Planung:<\/strong>&nbsp;Anke Scholten<br><strong>Stellv. Chefredakteur:<\/strong>&nbsp;Elmar Theve\u00dfen<\/p>\n\n\n\n<p><strong>Moderatoren:<\/strong><\/p>\n\n\n\n<p><strong>Olympia live:<\/strong>&nbsp;Rudi Cerne, Michael Steinbrecher<br><strong>Olympia Highlights:<\/strong>&nbsp;Johannes B. Kerner, Katrin M\u00fcller-Hohenstein<br><strong>Nachrichten:<\/strong>&nbsp;Petra Bindl<br><strong>Wassersport:<\/strong>&nbsp;Sven Voss<br><strong>Leichtathletik:<\/strong>&nbsp;Norbert K\u00f6nig<br><strong>Rudern, Kanu:<\/strong>&nbsp;Yorck Polus<br><strong>Reiten:<\/strong>&nbsp;Kristin Otto<br><strong>On-Pool:<\/strong>&nbsp;Alexander Antoniadis, Christa Haas, Nils Kaben, Norbert K\u00f6nig, Wolf-Dieter Poschmann, Thomas Skulski, Sven Voss<br><strong>ZDF-Morgenmagazin:<\/strong>&nbsp;Thomas Skulski, Lutz Wodnik, Matthias Ludwig<\/p>\n\n\n\n<p><strong>Leiter der Sendungen:<\/strong><\/p>\n\n\n\n<p><strong>Olympia live:<\/strong>&nbsp;Andreas Lauterbach, Monika Thyen<br><strong>Highlight-Studio:<\/strong>&nbsp;Thomas Fuhrmann<br><strong>Digital-Kan\u00e4le:<\/strong>&nbsp;Jens-Peter Krull<\/p>\n\n\n\n<p><strong>Regisseure:<br><\/strong><br><strong>Olympia live:<\/strong>&nbsp;Achim Hammer, Jochen Stein<br><strong>Highlight-Studio:<\/strong>&nbsp;Stefan Kanzler<br><strong>Wassersport:<\/strong>&nbsp;Joachim G\u00fcnther<br><strong>Leichtathletik:<\/strong>&nbsp;Ralf K\u00f6tzner<br><strong>Rudern, Kanu:<\/strong>&nbsp;Wolfgang Sell<\/p>\n\n\n\n<p><strong>ZDF-Experten:<br><\/strong><br><strong>Rudern:<\/strong>&nbsp;Roland Baar<br><strong>Kanu:<\/strong>&nbsp;Birgit Fischer<br><strong>Schwimmen:<\/strong>&nbsp;Christian Keller<br><strong>Turnen:<\/strong>&nbsp;Ronny Ziesmer<\/p>\n\n\n\n<p><strong>Reporter:<\/strong><\/p>\n\n\n\n<p><strong>Badminton:<\/strong>&nbsp;Martin Wolff<br><strong>Basketball:<\/strong>&nbsp;Daniel Pinschower<br><strong>Beachvolleyball:<\/strong>&nbsp;Hermann Valkyser, Martin Schneider, Martin H\u00fcsener<br><strong>Bogenschie\u00dfen:<\/strong>&nbsp;Uli Nett<br><strong>Boxen:<\/strong>&nbsp;Michael Pfeffer, G\u00fcnter-Peter Ploog<br><strong>Fechten:<\/strong>&nbsp;Norbert K\u00f6nig<br><strong>Fu\u00dfball:<\/strong>&nbsp;B\u00e9la R\u00e9thy, Thomas Wark, Norbert Galeske, G\u00fcnter-Peter Ploog, Wolf-Dieter Poschmann<br><strong>Gewichtheben:<\/strong>&nbsp;Aris Donzelli<br><strong>Handball:<\/strong>&nbsp;Christoph Hamm, Alexander Ruda, Martin Schneider<br><strong>Hockey:<\/strong>&nbsp;B\u00e9la R\u00e9thy, Martin Schneider&nbsp;<strong>Co-Kommentator:&nbsp;<\/strong>Philipp Krone<br><strong>Judo:<\/strong>&nbsp;Alexander von der Groeben<br><strong>Kanu, Kajak:<\/strong>&nbsp;Norbert Galeske<br><strong>Leichtathletik:<\/strong>&nbsp;Wolf-Dieter Poschmann, Peter Leissl<br><strong>Open Water:<\/strong>&nbsp;Michael Kreutz<br><strong>Rad Bahn:<\/strong>&nbsp;Michael Pfeffer<br><strong>Rad BMX:<\/strong>&nbsp;Uli Nett<br><strong>Rad Mountainbike:<\/strong>&nbsp;Uli Nett<br><strong>Rad Stra\u00dfe:<\/strong>&nbsp;Peter Leissl, Michael Pfeffer<br><strong>Reiten:<\/strong>&nbsp;Gert Herrmann<br><strong>Rhythm. Sportgymnastik:<\/strong>&nbsp;Christa Haas<br><strong>Ringen:<\/strong>&nbsp;Hermann Valkyser<br><strong>Rudern:<\/strong>&nbsp;Norbert Galeske<br><strong>Schie\u00dfen:<\/strong>&nbsp;Tibor Meingast<br><strong>Schwimmen:<\/strong>&nbsp;Thomas Wark<br><strong>Synchronschwimmen:<\/strong>&nbsp;Christa Haas<br><strong>Taekwondo:<\/strong>&nbsp;Alexander von der Groeben<br><strong>Tennis:<\/strong>&nbsp;Aris Donzelli, Martin Wolff<br><strong>Tischtennis:<\/strong>&nbsp;Norbert K\u00f6nig, Michael Kreutz<br><strong>Trampolin:<\/strong>&nbsp;Christa Haas<br><strong>Triathlon:<\/strong>&nbsp;Michael Pfeffer<br><strong>Turmspringen:<\/strong>&nbsp;Hermann Valkyser<br><strong>Turnen:<\/strong>&nbsp;Christoph Hamm, Alexander Ruda<br><strong>Volleyball:<\/strong>&nbsp;Hermann Valkyser, Martin Schneider, Martin H\u00fcsener<br><strong>Wasserball:<\/strong>&nbsp;Tibor Meingast<br><strong>Wildwasser:<\/strong>&nbsp;Susanne Simon<\/p>\n\n\n\n<p><strong>Produktion:<\/strong>&nbsp;Herbert Galonske, Mareike Albrecht<br><strong>Technische Leitung:<\/strong>&nbsp;Gunnar Darge, Alfred Bender<br><strong>Int. Koordination:<\/strong>&nbsp;Vili Nedialkova<br><strong>Doping-Task Force:<\/strong>&nbsp;Thomas Reichart, Ralf Paniczek u.a.<br><strong>ZDF-Studio Peking:<\/strong>&nbsp;Johannes Hano, Diana Zimmermann, Katja Eichhorn, Eric Marr<br><strong>&#8222;Toll&#8220;:<\/strong>&nbsp;Werner Doy\u00e9<\/p>\n\n\n\n<p>Ja, was gibt es sonst noch zu schreiben? Beide Sender werden ausf\u00fchrlich in den Morgenmagazinen \u00fcber die Spiele berichten und die Internetseiten, sowie Teletexte sind ebenfalls mit Informationen rund um Olympia gespickt. Der&nbsp;<strong>ARD-H\u00f6rfunk<\/strong>&nbsp;berichtet \u00fcber mehrere Wellen ebenfalls ausf\u00fchrlich und live von den Spielen.<\/p>\n\n\n\n<p>&#8212;&#8212;&#8212;&#8212;&#8212;&#8212;&#8212;&#8212;<\/p>\n\n\n\n<figure class=\"wp-block-image\"><img decoding=\"async\" src=\"https:\/\/web.archive.org\/web\/20140408080556im_\/http:\/\/www.blog.de\/srv\/tinymce\/jss\/plugins\/blogdeemotions\/smilies\/08wink.gif\" alt=\"\"\/><\/figure>\n\n\n\n<p>Ich glaube, dabei belasse ich es jetzt, denn das war ja doch eine ganze Menge (in der ich evtl. Fehler zu entschduldigen bitte&nbsp;). Ich w\u00fcnsche also allen Lesern unseres Blogs viel Spa\u00df bei den Spielen und wir werden uns dann vorraussichtlich in den n\u00e4chsten Tagen bzw. n\u00e4chste Woche mit den ersten Bundesligaansetzungen wieder melden.<\/p>\n\n\n\n<p>In diesem Sinne:<\/p>\n\n\n\n<p>Bums da ham&#8216; wa&#8217;s doch!<\/p>\n\n\n\n<p>Frederik<\/p>\n","protected":false},"excerpt":{"rendered":"<p>(Beitrag von Frederik Voss, reposted von Nico) Hallo oder Ni Hao! Morgen ist es so weit: Die Olympischen Spiele in Peking beginnen. Ich f\u00fcr meinen Teil freue mich sehr auf die Spiele und deshalb gibt es jetzt mal einen Eintrag dazu.&nbsp; Viele Diskussionen gab es \u00fcber die Spiele in Peking und vor allen Dingen ging [&hellip;]<\/p>\n","protected":false},"author":1,"featured_media":0,"comment_status":"open","ping_status":"open","sticky":false,"template":"","format":"standard","meta":{"footnotes":""},"categories":[429],"tags":[],"class_list":["post-3826","post","type-post","status-publish","format-standard","hentry","category-diverses"],"_links":{"self":[{"href":"https:\/\/kommentatorenblog.de\/index.php?rest_route=\/wp\/v2\/posts\/3826","targetHints":{"allow":["GET"]}}],"collection":[{"href":"https:\/\/kommentatorenblog.de\/index.php?rest_route=\/wp\/v2\/posts"}],"about":[{"href":"https:\/\/kommentatorenblog.de\/index.php?rest_route=\/wp\/v2\/types\/post"}],"author":[{"embeddable":true,"href":"https:\/\/kommentatorenblog.de\/index.php?rest_route=\/wp\/v2\/users\/1"}],"replies":[{"embeddable":true,"href":"https:\/\/kommentatorenblog.de\/index.php?rest_route=%2Fwp%2Fv2%2Fcomments&post=3826"}],"version-history":[{"count":2,"href":"https:\/\/kommentatorenblog.de\/index.php?rest_route=\/wp\/v2\/posts\/3826\/revisions"}],"predecessor-version":[{"id":7212,"href":"https:\/\/kommentatorenblog.de\/index.php?rest_route=\/wp\/v2\/posts\/3826\/revisions\/7212"}],"wp:attachment":[{"href":"https:\/\/kommentatorenblog.de\/index.php?rest_route=%2Fwp%2Fv2%2Fmedia&parent=3826"}],"wp:term":[{"taxonomy":"category","embeddable":true,"href":"https:\/\/kommentatorenblog.de\/index.php?rest_route=%2Fwp%2Fv2%2Fcategories&post=3826"},{"taxonomy":"post_tag","embeddable":true,"href":"https:\/\/kommentatorenblog.de\/index.php?rest_route=%2Fwp%2Fv2%2Ftags&post=3826"}],"curies":[{"name":"wp","href":"https:\/\/api.w.org\/{rel}","templated":true}]}}