{"id":3828,"date":"2008-08-11T11:07:00","date_gmt":"2008-08-11T11:07:00","guid":{"rendered":"http:\/\/kommentatorenblog.de\/?p=3828"},"modified":"2021-03-02T19:15:14","modified_gmt":"2021-03-02T18:15:14","slug":"kommentatoren-blog-4-in-europa-wirds-spannend-update","status":"publish","type":"post","link":"https:\/\/kommentatorenblog.de\/?p=3828","title":{"rendered":"[kommentatoren.blog #4] &#8211; In Europa wird&#8217;s spannend +++ Update +++"},"content":{"rendered":"\n<p>(Beitrag von Frederik Voss, reposted von Nico)<\/p>\n\n\n\n<p>Hallo!<\/p>\n\n\n\n<p>Ich will keine gro\u00dfe Reden schwingen und einfach direkt zum Punkt kommen: Wie die \u00dcberschrift schon verr\u00e4t: In Europa geht es mittlerweile richtig los. Und das in der Champions League-Quali mit einem echten Knaller, n\u00e4mlich Schalke vs. Atletico.<br>Sat.1 \u00fcbertr\u00e4gt das Hinspiel zwar am Mittwoch, man wird es aber kaum merken! Schaltet man den B\u00e4llchensender ein, wird man oben links keinen Ball sehen, sondern den Schriftzug &#8222;Champions TV&#8220;. In Berlin hat man n\u00e4mlich die Kollegen von Premiere mit der Produktion des Spiels beauftragt, und so haben wir es nicht mit Pflaume und Laaser zu tun, sondern mit Hellmann und Dittmann.<\/p>\n\n\n\n<p>In der 2. Runde der UEFA-Cup-Quali bekommen es Hertha und Stuttgart mit zwei eher weniger prominenten Gegnern zu tun, das DSF ist jedoch trotzdem bei beiden Spielen am Donnerstag dabei. Stuttgart trifft zun\u00e4chst daheim auf den FC ETO Gy\u00f6r und Hertha muss zu Interblock Ljubljana reisen.<\/p>\n\n\n\n<p><strong>Die Ansetzungen:<\/strong><\/p>\n\n\n\n<p>Dienstag, 12.08.2008 ab 20:15<\/p>\n\n\n\n<p><em>Hessischer Rundfunk<\/em><\/p>\n\n\n\n<ul class=\"wp-block-list\"><li>Freundschaftsspiel:&nbsp;<em>Eintrach Frankfurt &#8211; Real Madrid (20:30 Uhr):<\/em>&nbsp;Marc Schl\u00f6mer<\/li><\/ul>\n\n\n\n<p>Moderation: Heiko Neumann<\/p>\n\n\n\n<p><em>Champions TV \/ Sat.1<\/em><\/p>\n\n\n\n<p>Mittwoch, 13.08.2008 ab 20:15 Uhr<\/p>\n\n\n\n<ul class=\"wp-block-list\"><li>Champions League-Qualifikation, 3. Runde:<em>&nbsp;FC Schalke 04 &#8211; Atletico Madrid<\/em>&nbsp;<em>(20:45 Uhr):<\/em>&nbsp;Kai Dittmann<\/li><\/ul>\n\n\n\n<p>Moderation: Sebastian Hellmann<\/p>\n\n\n\n<p><em>DSF<\/em><\/p>\n\n\n\n<p>Donnerstag, 14.08.2008 ab 18:00 Uhr<\/p>\n\n\n\n<ul class=\"wp-block-list\"><li>UEFA-Cup-Qualifikation, 2. Runde:&nbsp;<em>VfB Stuttgart &#8211; FC ETO Gy\u00f6r<\/em>&nbsp;<em>(18:30 Uhr):<\/em>&nbsp;Thomas Herrmann<\/li><li>UEFA-Cup-Qualifikation, 2. Runde:&nbsp;<em>Interblock Ljubljana &#8211; Hertha BSC Berlin (20:45 Uhr):&nbsp;<\/em>Uwe Morawe<\/li><\/ul>\n\n\n\n<p>Moderation: Thomas Helmer<\/p>\n\n\n\n<p><strong>Die Analyse:<\/strong><\/p>\n\n\n\n<p>Auch hier k\u00f6nnen wir es kurz machen, denn im DSF gibt es sowieso keine \u00dcberraschungen und die Ansetzung von Kai Dittmann \u00fcberrascht ebenfalls nicht gro\u00dfartig. Bei Premiere kann man eben aus einem gro\u00dfen Pool an Kommentatoren sch\u00f6pfen und da hat es nun Kai Dittmann &#8222;getroffen&#8220;. Meiner Meinung nach eine gute Entscheidung, begleitet er doch oft die Schalker und auch immer mit einem kleinen Witz bei den Kommentatoren, ist er gut zu vertragen. Und sieht man, das Dittmann auch am Samstag bei Schalkes Bundesliga Auftakt gegen Hannover am Mikro sitzt (dazu gleich mehr), \u00fcberrascht seine Ansetzung noch weniger.<\/p>\n\n\n\n<p>In diesem Sinne:<\/p>\n\n\n\n<p>Bums da ham&#8216; wa&#8217;s doch<\/p>\n\n\n\n<p>Frederik<\/p>\n","protected":false},"excerpt":{"rendered":"<p>(Beitrag von Frederik Voss, reposted von Nico) Hallo! Ich will keine gro\u00dfe Reden schwingen und einfach direkt zum Punkt kommen: Wie die \u00dcberschrift schon verr\u00e4t: In Europa geht es mittlerweile richtig los. Und das in der Champions League-Quali mit einem echten Knaller, n\u00e4mlich Schalke vs. Atletico.Sat.1 \u00fcbertr\u00e4gt das Hinspiel zwar am Mittwoch, man wird es [&hellip;]<\/p>\n","protected":false},"author":1,"featured_media":0,"comment_status":"open","ping_status":"open","sticky":false,"template":"","format":"standard","meta":{"footnotes":""},"categories":[429],"tags":[],"class_list":["post-3828","post","type-post","status-publish","format-standard","hentry","category-diverses"],"_links":{"self":[{"href":"https:\/\/kommentatorenblog.de\/index.php?rest_route=\/wp\/v2\/posts\/3828","targetHints":{"allow":["GET"]}}],"collection":[{"href":"https:\/\/kommentatorenblog.de\/index.php?rest_route=\/wp\/v2\/posts"}],"about":[{"href":"https:\/\/kommentatorenblog.de\/index.php?rest_route=\/wp\/v2\/types\/post"}],"author":[{"embeddable":true,"href":"https:\/\/kommentatorenblog.de\/index.php?rest_route=\/wp\/v2\/users\/1"}],"replies":[{"embeddable":true,"href":"https:\/\/kommentatorenblog.de\/index.php?rest_route=%2Fwp%2Fv2%2Fcomments&post=3828"}],"version-history":[{"count":2,"href":"https:\/\/kommentatorenblog.de\/index.php?rest_route=\/wp\/v2\/posts\/3828\/revisions"}],"predecessor-version":[{"id":7213,"href":"https:\/\/kommentatorenblog.de\/index.php?rest_route=\/wp\/v2\/posts\/3828\/revisions\/7213"}],"wp:attachment":[{"href":"https:\/\/kommentatorenblog.de\/index.php?rest_route=%2Fwp%2Fv2%2Fmedia&parent=3828"}],"wp:term":[{"taxonomy":"category","embeddable":true,"href":"https:\/\/kommentatorenblog.de\/index.php?rest_route=%2Fwp%2Fv2%2Fcategories&post=3828"},{"taxonomy":"post_tag","embeddable":true,"href":"https:\/\/kommentatorenblog.de\/index.php?rest_route=%2Fwp%2Fv2%2Ftags&post=3828"}],"curies":[{"name":"wp","href":"https:\/\/api.w.org\/{rel}","templated":true}]}}