{"id":3830,"date":"2008-08-11T11:10:00","date_gmt":"2008-08-11T11:10:00","guid":{"rendered":"http:\/\/kommentatorenblog.de\/?p=3830"},"modified":"2021-03-02T19:15:22","modified_gmt":"2021-03-02T18:15:22","slug":"kommentatoren-blog-5-alle-jahre-wieder-der-bundesligastart","status":"publish","type":"post","link":"https:\/\/kommentatorenblog.de\/?p=3830","title":{"rendered":"[kommentatoren.blog #5] &#8211; Alle Jahre wieder&#8230; Der Bundesligastart"},"content":{"rendered":"\n<p>(Beitrag von Theo Wurth, reposted von Nico)<\/p>\n\n\n\n<figure class=\"wp-block-image\"><img decoding=\"async\" src=\"https:\/\/web.archive.org\/web\/20140408080556im_\/http:\/\/static.blog.de\/img\/smilies\/icon_wink.gif?v=20131031.1215\" alt=\";)\"\/><\/figure>\n\n\n\n<p>Guten Montag!<br>&nbsp;<br>Der Leser dieser Zeilen wohnt in diesem Augenblick einem sehr feierlichen Moment bei: Der kommentatoren.blog beginnt mit den ersten Kommentatorenansetzungen und -analysen der Fu\u00dfball Bundesliga!<br>&nbsp;<br>Nachdem Premiere&nbsp;&#8211; wie ich fand&nbsp;&#8211; die ersten Pokal\u00fcbertragungen in gewohnt guter Manier auf die Reihe bekommen hatte und allenfalls etwas Pech mit der sensationsarmen 1. Hauptrunde hatte, kann man sich endlich wieder auf ein sch\u00f6nes Bundesliga-Wochenende freuen. Ich weigere mich, in meinem Fall von Entzugserscheinungen zu sprechen, aber irgendwie ist es doch was unsagbar Tolles, Woche f\u00fcr Woche an freien Tagen massig Fu\u00dfball in guter Qualit\u00e4t beschauen zu k\u00f6nnen; so was fehlt mir doch sehr im Sommer. Aber egal, diese schreckliche Jahreszeit () ist \u00fcberstanden, die Saison kann beginnen und wir wollen keinerlei \u00fcberfl\u00fcssige Worte verlieren:<\/p>\n\n\n\n<p><strong>1. Bundesliga, 1. Spieltag<\/strong><br><br><em>Premiere<\/em><br><br>Freitag, 15.08.2008, 20:30 Uhr<br>Moderation: Sebastian Hellmann<br><em>FC Bayern M\u00fcnchen&nbsp;&#8211; Hamburger SV<\/em>: Marcel Reif (Einzelspiel)<br><br>Samstag, 16.08.2008, 15:30 Uhr<br>Moderation: Dieter Nickles<br><em>FC Schalke 04&nbsp;&#8211; Hannover 96<\/em>: Kai Dittmann (Einzelspiel), Martin Gro\u00df (Konferenz)<br><em>Vfl Wolfsburg &#8211; 1. FC K\u00f6ln<\/em>: Marcus Lindemann (Einzelspiel), Wolff Fuss (Konferenz)<br><em>Bayer 04 Leverkusen&nbsp;&#8211; Borussia Dortmund<\/em>: Tom Bayer (Einzelspiel), Hansi K\u00fcpper (Konferenz)<br><em>Karlsruher SC&nbsp;&#8211; Vfl Bochum<\/em>: Roland Evers (Einzelspiel), Torsten Kunde (Konferenz)<br><em>Energie Cottbus&nbsp;&#8211; TSG Hoffenheim<\/em>: Karsten Petrzika (Einzelspiel), Marco Hagemann (Konferenz)<br><em>Arminia Bielefeld&nbsp;&#8211; Werder Bremen<\/em>: Oliver Seidler (Einzelspiel), Michael Leopold (Konferenz)<br><br>Sonntag, 17.08.2008, 17:00 Uhr<br>Moderation: Dieter Nickles<br><em>Eintracht Frankfurt&nbsp;&#8211; Hertha BSC Berlin<\/em>: Hansi K\u00fcpper (Einzelspiel), Wolff Fuss (Konferenz)<br><em>Borussia M\u00f6nchengladbach&nbsp;&#8211; VfB Stuttgart<\/em>: Fritz von Thurn und Taxis (Einzelspiel), Martin Gro\u00df (Konferenz)<br>&nbsp;<br>&nbsp;<br><strong>2. Bundesliga, 1. Spieltag<\/strong><br><br><em>Premiere<\/em><br><br>Freitag, 15.08.2008, 18:00 Uhr<br>Moderation: Jessica Kastrop<br><em>FSV Mainz 05&nbsp;&#8211; 1. FC Kaiserslautern<\/em>: Markus Jestaedt (Einzelspiel), Roland Evers (Konferenz)<br><em>Alemannia Aachen&nbsp;&#8211; SV Wehen Wiesbaden<\/em>: Ulli Potofski (Einzelspiel), Sascha Roos (Konferenz)<br><em>FC St. Pauli&nbsp;&#8211; Vfl Osnabr\u00fcck<\/em>: Heiko Mallwitz (Einzelspiel), Marcel Meinert (Konferenz)<br><br>Sonntag, 17.08.2008, 14:00 Uhr<br>Moderation: Michael Leopold, Experte: J\u00f6rg Berger<br><em>SC Freiburg&nbsp;&#8211; 1860 M\u00fcnchen<\/em>: Marc Hindelang (Einzelspiel), Marco Hagemann (Konferenz)<br><em>TuS Koblenz&nbsp;&#8211; Rot-Wei\u00df Oberhausen<\/em>: Sven Schr\u00f6ter (Einzelspiel), Oliver Fa\u00dfnacht (Konferenz)<br><em>FC Ingolstadt 94&nbsp;&#8211; SpVgg Greuther F\u00fcrth<\/em>: Dirc Seemann (Einzelspiel), Andreas Renner (Konferenz)<br><em>Rot-Weiss Ahlen&nbsp;&#8211; FSV Frankfurt<\/em>: Gerhard Willmann (Einzelspiel), Guido H\u00fcsgen (Konferenz)<br><em>1. FC N\u00fcrnberg&nbsp;&#8211; FC Augsburg<\/em>: Stefan Hempel (Einzelspiel), Torsten Kunde (Konferenz)<br><br>Montag, 18.08.2008, 20:15 Uhr<br>Moderation: Thomas Wagner (Premiere), J\u00f6rg Dahlmann (DSF)<br><em>MSV Duisburg&nbsp;&#8211; FC Hansa Rostock<\/em>: J\u00fcrgen Schmitz (Einzelspiel; Premiere), Markus H\u00f6hner (Einzelspiel; DSF)<\/p>\n\n\n\n<p>Und alle Jahre wieder Premieres klares Hierarchie-Konzept, das auch in der Saison 2008\/2009 Einlass erh\u00e4lt: Chef-Moderator und Chef-Kommentator Hellmann und Reif besorgen den Saisonauftakt am Freitag in M\u00fcnchen. Um dies im Vorhinein zu erahnen, musste man kein Prophet sein, denn beide arbeiteten ja zuvor schon vergangenen Sonntag in Erfurt gemeinsam beim Pokal-Topspiel.&nbsp;\u00c4hnlich vorhersehbar:&nbsp;Fritz von Thurn und Taxis beim VfB Stuttgart und Kai Dittmann bei den Schalkern.&nbsp;<br>Aber so ein wenig scheinen sich die Hierarchien mit der Zeit dann doch&nbsp;relativiert zu haben: Konnte man schon in den vergangen Monaten den hierarchischen Aufstieg von z.B. Wolff Fuss in Richtung Bayer und Lindemann attestieren, so darf der eigentlich noch verh\u00e4ltnism\u00e4\u00dfig neue Oliver Seidler mittlerweile ein Einzelspiel von Werder Bremen kommentieren, wenngleich es auch nur gegen Bielefeld ist. Ich pers\u00f6nlich vergleiche den guten Seidler immer ganz gern mit Torsten Kunde, da beide seinerzeit gemeinsam von Premiere eingestellt wurden und dieser durfte ja letzte Saison sogar den Deutschen Meister Bayern M\u00fcnchen in der Konferenz begleiten und Abg\u00e4nge von Hitzfeld und Kahn begutachten. So scheint sich also hinter den &#8222;Obersten&#8220; um Marcel Reif und Co. eine relativ gleichwertige &#8222;Mittelschicht&#8220; zu bilden.<br>&nbsp;<br>Jene Relativierung kristallisierte sich zuletzt auch bei Jan Henkel heraus, was sich allerdings durch die Ansetzungen des 1. Spieltags nicht best\u00e4tigen l\u00e4sst: Premiere setzt laut Webseite interessanterweise sowohl Samstag als auch Sonntag in der 1. Liga auf Dieter Nickles und verzichtet auf Wasserziehr (der auch nicht unter den Kommentatoren zu finden ist) und Jan Henkel. Wobei hier meine pers\u00f6nliche Spekulation lautet, dass einer von beiden wohl bereits Field-Reporter am Freitag ist und der andere am Sonntag moderiert und es Premiere mit der Korrektheit der Angaben nicht so ganz genau nahm.<br>&nbsp;<br>Ansonsten lassen sich diverse Kommentatorenansetzungen kausal mit der Pokalrunde erkl\u00e4ren: Martin Gro\u00df kommentierte letztes Wochenende bereits Gladbach und Stuttgart und bekommt nun am Sonntag selbige Begegnung in der Konferenz. Tom Bayer kommentierte Dortmund und Leverkusen und begleitet am Samstag nochmals diese Vereine. Gleiches gilt u.a. auch f\u00fcr Marcel Reif, Kai Dittmann, Ulli Potofski, Marco Hagemann und Wolff Fuss.<br>&nbsp;<br>\u00dcber die Personalie K\u00fcpper l\u00e4sst sich vermelden, dass dieser in den Ansetzungskader zur\u00fcckkehrte, nachdem Kollege Freddy in der Pokalanalyse sein Fehlen anmerkte. Matthias Stach fehlt nach wie vor vermutlich wegen der Olympia-\u00dcbertragungen auf Eurosport.<br>&nbsp;<br>Und nicht vergessen: England f\u00e4ngt auch bereits an zu spielen dieses Wochenende: Premiere \u00fcbertr\u00e4gt Arsenal, Chelsea und ManU. Ich verzichtete auf die Anmerkung oben, da Premiere leider keine Kommentatoren f\u00fcr die Partien ank\u00fcndigte.<br>&nbsp;<br>Viel Vergn\u00fcgen mit dem Bundesliga-Start und bis demn\u00e4chst!<\/p>\n\n\n\n<p>Theo Wurth<\/p>\n","protected":false},"excerpt":{"rendered":"<p>(Beitrag von Theo Wurth, reposted von Nico) Guten Montag!&nbsp;Der Leser dieser Zeilen wohnt in diesem Augenblick einem sehr feierlichen Moment bei: Der kommentatoren.blog beginnt mit den ersten Kommentatorenansetzungen und -analysen der Fu\u00dfball Bundesliga!&nbsp;Nachdem Premiere&nbsp;&#8211; wie ich fand&nbsp;&#8211; die ersten Pokal\u00fcbertragungen in gewohnt guter Manier auf die Reihe bekommen hatte und allenfalls etwas Pech mit der [&hellip;]<\/p>\n","protected":false},"author":1,"featured_media":0,"comment_status":"open","ping_status":"open","sticky":false,"template":"","format":"standard","meta":{"footnotes":""},"categories":[429],"tags":[],"class_list":["post-3830","post","type-post","status-publish","format-standard","hentry","category-diverses"],"_links":{"self":[{"href":"https:\/\/kommentatorenblog.de\/index.php?rest_route=\/wp\/v2\/posts\/3830","targetHints":{"allow":["GET"]}}],"collection":[{"href":"https:\/\/kommentatorenblog.de\/index.php?rest_route=\/wp\/v2\/posts"}],"about":[{"href":"https:\/\/kommentatorenblog.de\/index.php?rest_route=\/wp\/v2\/types\/post"}],"author":[{"embeddable":true,"href":"https:\/\/kommentatorenblog.de\/index.php?rest_route=\/wp\/v2\/users\/1"}],"replies":[{"embeddable":true,"href":"https:\/\/kommentatorenblog.de\/index.php?rest_route=%2Fwp%2Fv2%2Fcomments&post=3830"}],"version-history":[{"count":2,"href":"https:\/\/kommentatorenblog.de\/index.php?rest_route=\/wp\/v2\/posts\/3830\/revisions"}],"predecessor-version":[{"id":7214,"href":"https:\/\/kommentatorenblog.de\/index.php?rest_route=\/wp\/v2\/posts\/3830\/revisions\/7214"}],"wp:attachment":[{"href":"https:\/\/kommentatorenblog.de\/index.php?rest_route=%2Fwp%2Fv2%2Fmedia&parent=3830"}],"wp:term":[{"taxonomy":"category","embeddable":true,"href":"https:\/\/kommentatorenblog.de\/index.php?rest_route=%2Fwp%2Fv2%2Fcategories&post=3830"},{"taxonomy":"post_tag","embeddable":true,"href":"https:\/\/kommentatorenblog.de\/index.php?rest_route=%2Fwp%2Fv2%2Ftags&post=3830"}],"curies":[{"name":"wp","href":"https:\/\/api.w.org\/{rel}","templated":true}]}}