{"id":3832,"date":"2008-08-19T11:12:00","date_gmt":"2008-08-19T11:12:00","guid":{"rendered":"http:\/\/kommentatorenblog.de\/?p=3832"},"modified":"2021-03-02T19:15:34","modified_gmt":"2021-03-02T18:15:34","slug":"kommentatoren-blog-6-erstes-laenderspiel-der-saison","status":"publish","type":"post","link":"https:\/\/kommentatorenblog.de\/?p=3832","title":{"rendered":"[kommentatoren.blog #6] &#8211; Erstes L\u00e4nderspiel der Saison"},"content":{"rendered":"\n<p>(Beitrag von Frederik Voss, reposted von Nico)<\/p>\n\n\n\n<p>Hallo!<\/p>\n\n\n\n<p>Am morgigen Mittwoch gibt es das erste L\u00e4nderspiel nach der Europameisterschaft. Mit Ballack, Fings und Adler haben schon einige gr\u00f6\u00dfere Namen abgesagt.&nbsp; Auf der anderen Seite stehen dadurch Leute wie Serdar Tasci vom VfB Stuttgart auf dem Sprung zum ersten L\u00e4nderspiel.<\/p>\n\n\n\n<p>Im TV gibt es eine Premiere:<\/p>\n\n\n\n<p><strong>Die Ansetzungen:<\/strong><\/p>\n\n\n\n<p>Mittwoch, 20.08.2008 ab 20:30 Uhr<\/p>\n\n\n\n<p><em>ZDF<\/em><\/p>\n\n\n\n<ul class=\"wp-block-list\"><li>L\u00e4nderspiel:&nbsp;<em>Deutschland &#8211; Belgien (21:00 Uhr):<\/em>&nbsp;Oliver Schmidt<\/li><\/ul>\n\n\n\n<p>Moderation: Johannes B. Kerner<\/p>\n\n\n\n<p><strong>Die Analyse:<\/strong><\/p>\n\n\n\n<p>Also das ist nat\u00fcrlich eine absolute \u00dcberraschung! W\u00e4hrend JBK direkt aus Peking eingeflogen wird (er verabschiedete sich gestern vorr\u00fcbergehend aus den Olympia Highlights), l\u00e4sst&nbsp; man mit Oliver Schmidt einen Mann ans Mikro, der gerade mal ein, zwei UEFA-Cup-Eins\u00e4tze hat und&nbsp;mit dem Spiel Bayern &#8211; Inter vor zwei Wochen&nbsp;mit der DFB-Pokal-Partie Erfurt &#8211; Bayern wohl gerade erst sein Karriere-Highlight gefeiert hat. Aber wenn man Kerner einfliegen l\u00e4sst, warum l\u00e4sst man dann nicht direkt einen Wark oder Rethy mit einfliegen?<\/p>\n\n\n\n<p>Von Poschmann kann man das nun nicht erwarten, da seine Leichathletik gerade im Vogelnest im vollen Gange ist.<br>Rethy begleitet in Peking Hockey, das aber nicht alleine. Aber da sich die Hockey-Wettk\u00e4mpfe auch dem Finale n\u00e4hern kann man auch das noch verstehen.<br>Anders ist es da dann aber bei Thomas Wark. Denn die von ihm kommentierten Phelps-Festspiele sind ja nun bereits beendet.<\/p>\n\n\n\n<p>Aber gut, nun kommt halt Oliver Schmidt zu seinem ersten L\u00e4nderspiel. Er ist halt ein &#8222;typischer&#8220; \u00d6R-Kommentator und viel mehr kann man zu ihm auch noch nicht sagen. Lassen wir uns mal \u00fcberraschen!<\/p>\n\n\n\n<p>Morgen oder am Donnerstag gibt es dann sp\u00e4testens die Bundesliga-Ansetzungen.<\/p>\n\n\n\n<p>In diesem Sinne<\/p>\n\n\n\n<p>Bums da ham&#8216; wa&#8217;s doch!<\/p>\n\n\n\n<p>Frederik<\/p>\n","protected":false},"excerpt":{"rendered":"<p>(Beitrag von Frederik Voss, reposted von Nico) Hallo! Am morgigen Mittwoch gibt es das erste L\u00e4nderspiel nach der Europameisterschaft. Mit Ballack, Fings und Adler haben schon einige gr\u00f6\u00dfere Namen abgesagt.&nbsp; Auf der anderen Seite stehen dadurch Leute wie Serdar Tasci vom VfB Stuttgart auf dem Sprung zum ersten L\u00e4nderspiel. Im TV gibt es eine Premiere: [&hellip;]<\/p>\n","protected":false},"author":1,"featured_media":0,"comment_status":"open","ping_status":"open","sticky":false,"template":"","format":"standard","meta":{"footnotes":""},"categories":[429],"tags":[],"class_list":["post-3832","post","type-post","status-publish","format-standard","hentry","category-diverses"],"_links":{"self":[{"href":"https:\/\/kommentatorenblog.de\/index.php?rest_route=\/wp\/v2\/posts\/3832","targetHints":{"allow":["GET"]}}],"collection":[{"href":"https:\/\/kommentatorenblog.de\/index.php?rest_route=\/wp\/v2\/posts"}],"about":[{"href":"https:\/\/kommentatorenblog.de\/index.php?rest_route=\/wp\/v2\/types\/post"}],"author":[{"embeddable":true,"href":"https:\/\/kommentatorenblog.de\/index.php?rest_route=\/wp\/v2\/users\/1"}],"replies":[{"embeddable":true,"href":"https:\/\/kommentatorenblog.de\/index.php?rest_route=%2Fwp%2Fv2%2Fcomments&post=3832"}],"version-history":[{"count":2,"href":"https:\/\/kommentatorenblog.de\/index.php?rest_route=\/wp\/v2\/posts\/3832\/revisions"}],"predecessor-version":[{"id":7215,"href":"https:\/\/kommentatorenblog.de\/index.php?rest_route=\/wp\/v2\/posts\/3832\/revisions\/7215"}],"wp:attachment":[{"href":"https:\/\/kommentatorenblog.de\/index.php?rest_route=%2Fwp%2Fv2%2Fmedia&parent=3832"}],"wp:term":[{"taxonomy":"category","embeddable":true,"href":"https:\/\/kommentatorenblog.de\/index.php?rest_route=%2Fwp%2Fv2%2Fcategories&post=3832"},{"taxonomy":"post_tag","embeddable":true,"href":"https:\/\/kommentatorenblog.de\/index.php?rest_route=%2Fwp%2Fv2%2Ftags&post=3832"}],"curies":[{"name":"wp","href":"https:\/\/api.w.org\/{rel}","templated":true}]}}