{"id":3834,"date":"2008-08-21T11:14:15","date_gmt":"2008-08-21T11:14:15","guid":{"rendered":"http:\/\/kommentatorenblog.de\/?p=3834"},"modified":"2021-03-02T19:15:42","modified_gmt":"2021-03-02T18:15:42","slug":"kommentatoren-blog-7-der-zweite-spieltag","status":"publish","type":"post","link":"https:\/\/kommentatorenblog.de\/?p=3834","title":{"rendered":"[kommentatoren.blog #7] &#8211; DER zweite Spieltag"},"content":{"rendered":"\n<p>(Beitrag von Frederik Voss, reposted von Nico)<\/p>\n\n\n\n<p>Hallo!<\/p>\n\n\n\n<p>Ja ja, der erste Spieltag ist schon wieder Geschichte und der zweite steht schon direkt vor der T\u00fcr! Und das ist ja mal wieder was f\u00fcr einer!<br>Bereits letztes Jahr programmierte die DFL am besagten zweiten Spieltag mit dem Revier-Derby S04 vs. BVB, Werder vs. Bayern und HSV vs. Bayer drei Top-Partien. Und auch an diesem Wochenende gibt es wieder diese Spiele &#8211; nur \u00fcber Kreuz: Dortmund vs. Bayern, Werder vs. S04 und zudem noch VfB Stuttgart vs. Bayer.<br>Warum die DFL den zweiten Spieltag immer so hochpusht, will mir ein Geheimnis bleiben. Man k\u00f6nnte die Spiele doch viel weiter aufbr\u00f6seln und h\u00e4tte nicht nur einen Super-Spieltag.<\/p>\n\n\n\n<p>Joa, was Premiere angeht, gibt es ja nicht so wirklich viele Neuerungen! Auff\u00e4llig sind die neuen Aufstellungen mit kleinen Bilder (so kennt man es z.B. vom Ersten) und die Bilder der Kommentatoren. Beides sind eigentlich sehr sch\u00f6ne, wenn auch kleine, Neuerungen. Endlich sieht der Bundesliga-Zuschauer auch mal, wer ihn da begeistert bzw. qu\u00e4lt.<\/p>\n\n\n\n<p>Zudem hat Premiere jetzt auch mal die Ansetzungen f\u00fcr die Premier-League bekannt gegeben, fehlten diese am ersten Spieltag doch noch. Hier gibt es erst mal keine \u00dcberraschungen, aber dazu jetzt mehr!<br><strong><em>Die Ansetzungen<\/em><\/strong><\/p>\n\n\n\n<p><strong>1. Bundesliga, 2. Spieltag<\/strong><\/p>\n\n\n\n<p><em>Premiere<\/em><\/p>\n\n\n\n<p>Freitag, 22.08.2008 ab 20:15 Uhr<\/p>\n\n\n\n<ul class=\"wp-block-list\"><li><em>Hannover 96 &#8211; Energie Cottbus (20:30 Uhr):<\/em>&nbsp;Matthias Stach<\/li><\/ul>\n\n\n\n<p>Moderation: Jan Henkel<\/p>\n\n\n\n<p>Samstag, 23.08.2008 ab 15:00 Uhr<\/p>\n\n\n\n<ul class=\"wp-block-list\"><li><em>Borussia Dortmund &#8211; FC Bayern (15:30 Uhr):<\/em>&nbsp;Fritz von Thurn und Taxis (Einzelspiel), Kai Dittmann (Konferenz)<\/li><li><em>Hertha BSC Berlin &#8211; Arminia Bielefeld (15:30 Uhr):<\/em>&nbsp;Marco Hagemann (Einzelspiel), Torsten Kunde (Konferenz)<\/li><li><em>VfB Stuttgart &#8211; Bayer Leverkusen (15:30 Uhr):&nbsp;<\/em>Marcus Lindemann (Einzelspiel), Hansi K\u00fcpper (Konferenz)<\/li><li><em>Hamburger SV &#8211; Karlsruher SC (15:30 Uhr):&nbsp;<\/em>Patrick Wasserziehr (Einzelspiel), Roland Evers (Konferenz)<\/li><li><em>Werder Bremen &#8211; FC Schalke 04 (15:30 Uhr):<\/em>&nbsp;Marcel Reif (Einzelspiel), Tom Bayer (Konferenz)<\/li><li><em>1899 Hoffenheim &#8211; Borussia M\u00f6nchengladbach (15:30 Uhr):&nbsp;<\/em>Max Jung (Einzelspiel), Michael Leopold (Konferenz)<\/li><\/ul>\n\n\n\n<p>Moderation: Sebastian Hellmann; Experte: Franz Beckenbauer<\/p>\n\n\n\n<p>Sonntag, 24.08.2008 ab 16:35 Uhr<\/p>\n\n\n\n<ul class=\"wp-block-list\"><li><em>1. FC K\u00f6ln &#8211; Eintracht Frankfurt (17:00 Uhr):&nbsp;<\/em>Wolff Fuss (Einzelspiel), Tom Bayer (Konferenz)<\/li><li><em>VfL Bochum &#8211; VfL Wolfsburg (17:00 Uhr):<\/em>&nbsp;Martin Gro\u00df (Einzelspiel), Kai Dittmann (Konferenz)<\/li><\/ul>\n\n\n\n<p>Moderation: Patrick Wasserziehr; Experte: Marco Bode<\/p>\n\n\n\n<p><strong>2. Bundesliga, 2. Spieltag<\/strong><\/p>\n\n\n\n<p><em>Premiere<\/em><\/p>\n\n\n\n<p>Freitag, 22.08.2008 ab 17:30 Uhr<\/p>\n\n\n\n<ul class=\"wp-block-list\"><li><em>FSV Frankfurt &#8211; TuS Koblenz (18:00 Uhr):<\/em>&nbsp;Dirc Seemann (Einzelspiel), Marcel Meinert (Konferenz)<\/li><li><em>VfL Osnabr\u00fcck &#8211; SC Freiburg (18:00 Uhr):&nbsp;<\/em>J\u00fcrgen Schmitz (Einzelspiel), Torsten Kunde (Einzelspiel)<\/li><li><em>SpVgg Greuther F\u00fcrth &#8211; FC St. Pauli (18:00 Uhr):<\/em>&nbsp;Andreas Renner (Einzelspiel), Marc Hindelang (Konferenz)<\/li><\/ul>\n\n\n\n<p>Moderation: Thomas Wagner<\/p>\n\n\n\n<p>Sonntag, 24.08.2008 ab 13:30 Uhr<\/p>\n\n\n\n<ul class=\"wp-block-list\"><li><em>RW Oberhausen &#8211; FC Ingolstadt (14:00 Uhr):<\/em>&nbsp;Oliver Seidler (Einzelspiel), Oliver Fa\u00dfnacht (Konferenz)<\/li><li><em>FC Augsburg &#8211; Rot-Weiss Ahlen (14:00 Uhr):<\/em>&nbsp;Ulli Potofski (Einzelspiel), Guido H\u00fcsgen (Konferenz)<\/li><li><em>1860 M\u00fcnchen &#8211; 1. FSV Mainz (14:00 Uhr):<\/em>&nbsp;Stefan Hempel (Einzelspiel), Marc Hindelang (Konferenz)<\/li><li><em>SV Wehen Wiesbaden &#8211; MSV Duisburg (14:00 Uhr):<\/em>&nbsp;Markus Jestaedt (Einzelspiel), Gerhard Willmann (Konferenz)<\/li><li><em>Hansa Rostock &#8211; Alemannia Aachen (14:00 Uhr):<\/em>&nbsp;Heiko Mallwitz (Einzelspiel), Marcel Meinert (Konferenz)<\/li><\/ul>\n\n\n\n<p>Moderation: Jessica Kastrop; Experte: Christian Beeck<\/p>\n\n\n\n<p>Montag, 25.08.2008 ab 20:00 Uhr<\/p>\n\n\n\n<ul class=\"wp-block-list\"><li><em>1. FC Kaiserslautern &#8211; 1. FC N\u00fcrnberg (20:15 Uhr):<\/em>&nbsp;Roland Evers<\/li><\/ul>\n\n\n\n<p>Moderation: Jessica Kastrop<\/p>\n\n\n\n<p><strong>Premier League, 2. Spieltag<\/strong><\/p>\n\n\n\n<p><em>Premiere<\/em><br>Samstag, 23.08.2008 ab 18:25 Uhr<br><\/p>\n\n\n\n<ul class=\"wp-block-list\"><li><em>FC Fulham &#8211; FC Arsenal (18:30 Uhr):&nbsp;<\/em>Marc Hindelang<\/li><\/ul>\n\n\n\n<p>Sonntag, 24.08.2008 ab 14:25 Uhr<\/p>\n\n\n\n<ul class=\"wp-block-list\"><li><em>Wigan Athletic &#8211; FC Chelsea (14:30 Uhr):<\/em>&nbsp;Markus Gaupp<\/li><\/ul>\n\n\n\n<p>Montag, 25.08.2008 ab 20:55 Uhr<\/p>\n\n\n\n<ul class=\"wp-block-list\"><li><em>FC Portsmouth &#8211; Manchester United (21:00 Uhr):<\/em>&nbsp;Marco Hagemann<\/li><\/ul>\n\n\n\n<p><strong>tipp3-Bundesliga powered by T-Mobile<\/strong><\/p>\n\n\n\n<p><em>Premiere<\/em><\/p>\n\n\n\n<p>Samstag, 23.08.2008 ab 19:05 Uhr<\/p>\n\n\n\n<ul class=\"wp-block-list\"><li><em>SK Puntigamer Sturm Graz &#8211; LASK Linz (19:30 Uhr):<\/em>&nbsp;???<\/li><\/ul>\n\n\n\n<p><strong>Sonstiges<\/strong><\/p>\n\n\n\n<p><em>Das Erste<\/em><\/p>\n\n\n\n<p>Sonntag, 24.08.2008 ab 18:00 Uhr<\/p>\n\n\n\n<ul class=\"wp-block-list\"><li>DFB-Pokal:&nbsp;<em>Auslosung der Spielpaarungen der 1. Hauptrunde<\/em><\/li><\/ul>\n\n\n\n<p>Moderation: Gerhard Delling<\/p>\n\n\n\n<p><em><strong>Die Analyse<\/strong><\/em><\/p>\n\n\n\n<p>Die ganz gro\u00dfen \u00dcberraschungen bleiben auch an diesem Spieltag aus! Mich pers\u00f6nlich \u00fcberrascht ein wenig, dass sich Marcel Reif f\u00fcr das Spiel Werder vs. Schalke entschieden hat und nicht f\u00fcr Dortmund vs. Bayern. Ist dieses Spiel doch ein ganz besonderes mit den beiden neuen Trainern Klinsmann und Klopp und gleichzeitig hofft auch halb Fu\u00dfball-Deutschland auf eine Sensation durch die Borussen, die auf ein mal gar nicht mehr so unm\u00f6glich erscheint.<br>Matthias Stach ist wieder da! Schwimmen ist in Peking beendet und somit kehrt Stach zur\u00fcck in die Heimat und ist direkt am Freitag zu h\u00f6ren.<br>Ansonsten gibt es noch zu erw\u00e4hnen, dass Premiere in seiner Sendezeitenauflistung einfach mal das Spiel Hoffenheim vs. Gladbach unterschlagen hat, zumindest was die Einzelspiele angeht. Aus diesem Grund fehlt dort noch der Kommentator.<br>Anders ist es beim HSV vs. KSC, wo Patrick Wasserziehr das Einzelspiel kommentieren wird. Letzte Saison hatte Wasserziehr eigentlich nur vereinzelt Eins\u00e4tze als Kommentator, dieses Jahr scheint er das ein oder andere Mal h\u00e4ufiger vor dem Mikro zu sitzen.<br>Bei Wolff Fuss f\u00e4llt auf, dass er nur ein Mal in der Bundesliga an diesem Wochenende eingesetzt wird &#8211; und das erneut bei (seinem) 1. FC K\u00f6ln.<\/p>\n\n\n\n<p>Womit wir auch schon beim n\u00e4chsten Thema w\u00e4ren, n\u00e4mlich der Premier League. Dort hat Premiere (wie bereits oben schon angesprochen) diese Woche endlich die Kommentatoren aufgelistet. \u00dcberraschungen gibt es auch hier keine, denn sowohl Gaupp als auch Hindelang kommentierten im letzten Jahr \u00f6fters die Spiele von der Insel.<br>F\u00fcr das Monday Night Game fehlte noch der Kommentaor. Meine Vermutung zielt auf Wolff Fuss, da er eben nur ein Bundesliga Spiel am Wochenende begleitet.<\/p>\n\n\n\n<p>PS: Das DSF wurde beim Montagsspiel der zweiten Liga bewusst heraus gelassen, da man auf der neuen Homepage des DSF \u00fcberhaupt nichts mehr findet!<\/p>\n\n\n\n<p>In diesem Sinne<\/p>\n\n\n\n<p>Bums da ham&#8216; wa&#8217;s doch!<\/p>\n\n\n\n<p>Frederik<\/p>\n","protected":false},"excerpt":{"rendered":"<p>(Beitrag von Frederik Voss, reposted von Nico) Hallo! Ja ja, der erste Spieltag ist schon wieder Geschichte und der zweite steht schon direkt vor der T\u00fcr! Und das ist ja mal wieder was f\u00fcr einer!Bereits letztes Jahr programmierte die DFL am besagten zweiten Spieltag mit dem Revier-Derby S04 vs. BVB, Werder vs. Bayern und HSV [&hellip;]<\/p>\n","protected":false},"author":1,"featured_media":0,"comment_status":"open","ping_status":"open","sticky":false,"template":"","format":"standard","meta":{"footnotes":""},"categories":[429],"tags":[],"class_list":["post-3834","post","type-post","status-publish","format-standard","hentry","category-diverses"],"_links":{"self":[{"href":"https:\/\/kommentatorenblog.de\/index.php?rest_route=\/wp\/v2\/posts\/3834","targetHints":{"allow":["GET"]}}],"collection":[{"href":"https:\/\/kommentatorenblog.de\/index.php?rest_route=\/wp\/v2\/posts"}],"about":[{"href":"https:\/\/kommentatorenblog.de\/index.php?rest_route=\/wp\/v2\/types\/post"}],"author":[{"embeddable":true,"href":"https:\/\/kommentatorenblog.de\/index.php?rest_route=\/wp\/v2\/users\/1"}],"replies":[{"embeddable":true,"href":"https:\/\/kommentatorenblog.de\/index.php?rest_route=%2Fwp%2Fv2%2Fcomments&post=3834"}],"version-history":[{"count":2,"href":"https:\/\/kommentatorenblog.de\/index.php?rest_route=\/wp\/v2\/posts\/3834\/revisions"}],"predecessor-version":[{"id":7216,"href":"https:\/\/kommentatorenblog.de\/index.php?rest_route=\/wp\/v2\/posts\/3834\/revisions\/7216"}],"wp:attachment":[{"href":"https:\/\/kommentatorenblog.de\/index.php?rest_route=%2Fwp%2Fv2%2Fmedia&parent=3834"}],"wp:term":[{"taxonomy":"category","embeddable":true,"href":"https:\/\/kommentatorenblog.de\/index.php?rest_route=%2Fwp%2Fv2%2Fcategories&post=3834"},{"taxonomy":"post_tag","embeddable":true,"href":"https:\/\/kommentatorenblog.de\/index.php?rest_route=%2Fwp%2Fv2%2Ftags&post=3834"}],"curies":[{"name":"wp","href":"https:\/\/api.w.org\/{rel}","templated":true}]}}