{"id":3838,"date":"2008-08-25T11:17:00","date_gmt":"2008-08-25T11:17:00","guid":{"rendered":"http:\/\/kommentatorenblog.de\/?p=3838"},"modified":"2021-03-02T19:15:59","modified_gmt":"2021-03-02T18:15:59","slug":"kommentatoren-blog-9-ja-wer-uebertraegt-denn","status":"publish","type":"post","link":"https:\/\/kommentatorenblog.de\/?p=3838","title":{"rendered":"[kommentatoren.blog #9] &#8211; ja wer \u00fcbertr\u00e4gt denn?!"},"content":{"rendered":"\n<p>(Beitrag von Theo Wurth, reposted von Nico)<\/p>\n\n\n\n<p>Verehrte Freunde,<\/p>\n\n\n\n<p>mit gehobenerer Begr\u00fc\u00dfung und&nbsp;leichter Versp\u00e4tung steigen wir endlich in diesen Blog-Eintrag ein! Nicht etwa wegen unserer Faulheit: Denn wer mal ein bisschen zu viel Zeit hat, kann gerne mal probieren, in diesen Stunden und Tagen etwas \u00fcber die internationalen R\u00fcckspiel\u00fcbertragungen zu googeln \u2013 nix! Zum Gl\u00fcck fand ich dann letztendlich doch noch einen dezenten Hinweis, dass sich die ARD bei den Schalkern die Ehre gibt (wer kann das denn ahnen?), nachdem das Hinspiel von Premiere im Free-TV bei Sat1 produziert wurde. Irgendwie erinnert dieses eigentlich nicht ganz irrelevante Champions League Qualifikationsspiel fast schon an so manche UEFA Cup Begegnung der letzten Jahre, wo es ja auch manchmal vorkam, dass sich irgendwelche Regionalsender ungef\u00e4hr eine dreiviertel Stunde vor Spielbeginn bereit erkl\u00e4rten, den deutschen Teilnehmer zu \u00fcbertragen, da ja sonst niemand wollte&#8230; Und apropos UEFA Cup: Auf dieser obskuren neuen DSF Webseite gibt es ja anscheinend nur noch Videos, weshalb es leider vergebens war, irgend etwas \u00fcber die Kommentatoren im Deutschen Sportfernsehen zu erfahren. Aber es gibt ja noch Videotext.&nbsp;<br><br>Also, Europa qualifiziert sich unter folgender Beobachtung:<br><br><\/p>\n\n\n\n<h4 class=\"wp-block-heading\"><br>Champions League Qualifikation, R\u00fcckspiele 2. Runde<\/h4>\n\n\n\n<p>Mittwoch, 27. August 2008, 20:45 Uhr<br>Moderation: Gerhard Delling, Experte: Mehmet Scholl<br><em>Atl\u00e9tico Madrid \u2013 Schalke 04&nbsp;<\/em>: Steffen Simon (Einzelspiel; ARD)<\/p>\n\n\n\n<p>Donnerstag, 28. August 2008, 18:00 Uhr<br><em>Champions League Auslosung der Gruppenphase<\/em>: Hansi K\u00fcpper (Premiere)<br><\/p>\n\n\n\n<p><strong><br>UEFA Cup Qualifikation, R\u00fcckspiele 3. Runde<br><\/strong><br>Donnerstag, 28. August 2008, 18:00 Uhr<br>Moderation:&nbsp;Thomas Helmer<br><em>Hertha BSC \u2013 Interblock Ljubljana<\/em>: Markus H\u00f6hner (Einzelspiel; DSF)<\/p>\n\n\n\n<p><br>Folgende \u00c4nderungen sind im Vergleich zu den Hinspielbegegnungen zu verzeichnen: Die Schalker werden statt von Hellmann und Dittmann nun durch Gerhard Delling und Steffen Simon begleitet. Es ist zwar schade um das Premiere-Personal, allerdings hat man mit Delling einen sehr sympathischen Moderator und mit Sportschau-Chef Simon den f\u00e4higsten aller EM-Kommentatoren nach Madrid geschickt. Die am Donnerstag folgende Auslosung der Champions League-Gruppenphase in Monaco \u00fcbernimmt dann allerdings wieder Premiere, so wie sie es schon seit Jahren tun: Hansi K\u00fcpper wird die Veranstaltung kommentieren und das ist keine \u00dcberraschung, weil man&nbsp;zuletzt meines Wissens immer K\u00fcpper, Fuss, Bayer oder Dittmann ran gelassen hat, wenn es um Auslosungen ging.<\/p>\n\n\n\n<p>Im UI-Cup schenkt sich das DSF die \u00dcbertragung des Stuttgart-Spiels gegen Gy\u00f6r. Die Hinspiele vor zwei Wochen wurden beide \u00fcbertragen und von Herrmann und Morawe kommentiert, entsprechend kommt nun Markus H\u00f6hner, der Dritte in dieser \u00fcberschaubaren DSF-Hierarchie, zum Einsatz. Moderieren wird wieder Thomas Helmer. M\u00f6glicherweise \u00fcbertr\u00e4gt irgend ein anderer Kanal das Spiel des VfB, aber wie gesagt, es ist schwer, im Internet danach erfolgreich zu forschen.<\/p>\n\n\n\n<p>Und&nbsp;es bleibt ereignisreich in dieser Woche: Zum einen sollte es am Freitag noch die UEFA Cup Auslosungen zu sehen geben (Eurosport?) und zum anderen gibt Jogi L\u00f6w auch die Nominierungen f\u00fcr die Nationalmannschaft bekannt. Und dar\u00fcber hinaus am Abend auch gleich wieder 1. und 2. Bundesliga und zu der melden wir uns dann p\u00fcnktlich wieder.&nbsp;<br><br>Theo Wurth<\/p>\n","protected":false},"excerpt":{"rendered":"<p>(Beitrag von Theo Wurth, reposted von Nico) Verehrte Freunde, mit gehobenerer Begr\u00fc\u00dfung und&nbsp;leichter Versp\u00e4tung steigen wir endlich in diesen Blog-Eintrag ein! Nicht etwa wegen unserer Faulheit: Denn wer mal ein bisschen zu viel Zeit hat, kann gerne mal probieren, in diesen Stunden und Tagen etwas \u00fcber die internationalen R\u00fcckspiel\u00fcbertragungen zu googeln \u2013 nix! Zum Gl\u00fcck [&hellip;]<\/p>\n","protected":false},"author":1,"featured_media":0,"comment_status":"open","ping_status":"open","sticky":false,"template":"","format":"standard","meta":{"footnotes":""},"categories":[429],"tags":[],"class_list":["post-3838","post","type-post","status-publish","format-standard","hentry","category-diverses"],"_links":{"self":[{"href":"https:\/\/kommentatorenblog.de\/index.php?rest_route=\/wp\/v2\/posts\/3838","targetHints":{"allow":["GET"]}}],"collection":[{"href":"https:\/\/kommentatorenblog.de\/index.php?rest_route=\/wp\/v2\/posts"}],"about":[{"href":"https:\/\/kommentatorenblog.de\/index.php?rest_route=\/wp\/v2\/types\/post"}],"author":[{"embeddable":true,"href":"https:\/\/kommentatorenblog.de\/index.php?rest_route=\/wp\/v2\/users\/1"}],"replies":[{"embeddable":true,"href":"https:\/\/kommentatorenblog.de\/index.php?rest_route=%2Fwp%2Fv2%2Fcomments&post=3838"}],"version-history":[{"count":2,"href":"https:\/\/kommentatorenblog.de\/index.php?rest_route=\/wp\/v2\/posts\/3838\/revisions"}],"predecessor-version":[{"id":7218,"href":"https:\/\/kommentatorenblog.de\/index.php?rest_route=\/wp\/v2\/posts\/3838\/revisions\/7218"}],"wp:attachment":[{"href":"https:\/\/kommentatorenblog.de\/index.php?rest_route=%2Fwp%2Fv2%2Fmedia&parent=3838"}],"wp:term":[{"taxonomy":"category","embeddable":true,"href":"https:\/\/kommentatorenblog.de\/index.php?rest_route=%2Fwp%2Fv2%2Fcategories&post=3838"},{"taxonomy":"post_tag","embeddable":true,"href":"https:\/\/kommentatorenblog.de\/index.php?rest_route=%2Fwp%2Fv2%2Ftags&post=3838"}],"curies":[{"name":"wp","href":"https:\/\/api.w.org\/{rel}","templated":true}]}}