{"id":403,"date":"2019-10-21T09:02:01","date_gmt":"2019-10-21T09:02:01","guid":{"rendered":"http:\/\/kommentatorenblog.de\/?p=403"},"modified":"2020-12-30T16:07:29","modified_gmt":"2020-12-30T16:07:29","slug":"1026-field-reporter","status":"publish","type":"post","link":"https:\/\/kommentatorenblog.de\/?p=403","title":{"rendered":"1026 &#8211; Field-Reporter!"},"content":{"rendered":"\n<p>N\u00b4Abend allerseits,<\/p>\n\n\n\n<p>zum neuen Spieltag haben wir einen neune Mehrwert f\u00fcr euch. In Zukunft versuchen wir euch auch die Field-Reporter in der Champions League aufzulisten. Ansonsten gibt\u00b4s die \u00fcbliche Dosis des On-Air-Personals!<\/p>\n\n\n\n<p><strong><em>Die Ansetzungen vom 22. Oktober 2019 bis zum 24. Oktober 2019<\/em><\/strong><\/p>\n\n\n\n<p><strong>Champions League Gruppenphase, 03. Spieltag<\/strong><\/p>\n\n\n\n<p><span style=\"text-decoration: underline;\">Dienstag, 22. Oktober 2019 ab 18.30 Uhr (Sky)\/ ab 18.40 Uhr (DAZN)<\/span><\/p>\n\n\n\n<p><strong><em>Atletic\u00f3 Madrid \u2013 Bayer 04 Leverkusen (19.00 Uhr)<\/em><\/strong><\/p>\n\n\n\n<p>DAZN: Jan Platte (Kommentar), Alex Schl\u00fcter (Moderation), Max Siebald (Field-Reporter), Experte: Ralph Gunesch (Einzelspiel)<\/p>\n\n\n\n<p>Sky: Jonas Friedrich (Konferenz), Christopher Lymberopoulos (Field-Reporter)<\/p>\n\n\n\n<p><span style=\"text-decoration: underline;\">ab 18.30 Uhr (Sky)\/ ab 18.55 Uhr (DAZN)<\/span><\/p>\n\n\n\n<p><em><strong>Schachtjor Donezk \u2013 Dinamo Zagreb <\/strong><\/em><strong><em>(19.00 Uhr)<\/em><\/strong><\/p>\n\n\n\n<p>DAZN: Tino Polster (Einzelspiel)<\/p>\n\n\n\n<p>Sky: Holger Pfandt (Konferenz)<\/p>\n\n\n\n<p><span style=\"text-decoration: underline;\">ab 19.30 Uhr (Sky)\/ ab 20.55 Uhr (DAZN)<\/span><\/p>\n\n\n\n<p><strong><em>Olympiakos Pir\u00e4us \u2013 FC Bayern M\u00fcnchen (21.00 Uhr)<\/em><\/strong><\/p>\n\n\n\n<p>Sky: Wolff Fuss (Einzelspiel), Martin Gro\u00df (Konferenz), Patrick Wasserziehr (Field-Reporter)<\/p>\n\n\n\n<p><em><strong>Manchester City<\/strong><\/em>&nbsp;<strong><em>\u2013 Atalanta Bergamo <\/em><\/strong><strong><em>(21.00 Uhr)<\/em><\/strong><\/p>\n\n\n\n<p>DAZN: Tobi Fischbeck (Einzelspiel)<\/p>\n\n\n\n<p>Sky: Toni Tomic (Konferenz)<\/p>\n\n\n\n<p><em><strong>Juventus Turin&nbsp;<\/strong><\/em><strong><em>\u2013 Lokomotive Moskau <\/em><\/strong><strong><em>(21.00 Uhr)<\/em><\/strong><\/p>\n\n\n\n<p>DAZN: Carsten Fu\u00df (Einzelspiel)<\/p>\n\n\n\n<p>Sky: J\u00f6rg Dahlmann (Konferenz)<\/p>\n\n\n\n<p><em><strong>FC Br\u00fcgge&nbsp;<\/strong><\/em><strong><em>\u2013 Paris Saint-Germain <\/em><\/strong><strong><em>(21.00 Uhr)<\/em><\/strong><\/p>\n\n\n\n<p>DAZN: Stefan Galler, Experte: Alexis Menuge (Einzelspiel)<\/p>\n\n\n\n<p>Sky: Klaus Veltmann (Konferenz)<\/p>\n\n\n\n<p><em><strong>Galatasaray Istanbul&nbsp;<\/strong><\/em><strong><em>\u2013 Real Madrid <\/em><\/strong><strong><em>(21.00 Uhr)<\/em><\/strong><\/p>\n\n\n\n<p>DAZN: Marco Hagemann, Experte: Necat Ayg\u00fcn (Einzelspiel)<\/p>\n\n\n\n<p>Sky: Roland Evers (Konferenz)<\/p>\n\n\n\n<p><strong><em>Tottenham Hotspurs \u2013 <\/em><\/strong> <strong><em>Roter Stern Belgrad<\/em><\/strong> <strong><em>(21.00 Uhr)<\/em><\/strong><\/p>\n\n\n\n<p>DAZN: Robby Hunke (Einzelspiel)<\/p>\n\n\n\n<p>Sky: Michael Born (Konferenz)<\/p>\n\n\n\n<p>Moderation (Sky): Michael Leopold, Experten: Didi Hamann, Ren\u00e9 Adler <\/p>\n\n\n\n<p><span style=\"text-decoration: underline;\">Mittwoch, 23. Oktober 2019 ab 18.30 Uhr (Sky)\/ ab 18.40 Uhr (DAZN)<\/span><\/p>\n\n\n\n<p><strong><em>RB Leipzig \u2013 Zenit St. Petersburg (19.00 Uhr)<\/em><\/strong><\/p>\n\n\n\n<p>DAZN: Lukas Sch\u00f6nm\u00fcller (Kommentar), Daniel Herzog (Moderation), Elmar Paulke (Field-Reporter), Experte: Jonas Hummels (Einzelspiel)<\/p>\n\n\n\n<p>Sky: Oliver Seidler (Konferenz), Marcus Lindemann (Field-Reporter)<\/p>\n\n\n\n<p><span style=\"text-decoration: underline;\">ab 18.30 Uhr (Sky)\/ ab 18.55 Uhr (DAZN)<\/span><\/p>\n\n\n\n<p><strong><em>Ajax Amsterdam \u2013 FC Chelsea (19.00 Uhr)<\/em><\/strong><\/p>\n\n\n\n<p>DAZN: Guido H\u00fcsgen (Einzelspiel)<\/p>\n\n\n\n<p>Sky: Martin Gro\u00df (Konferenz)<\/p>\n\n\n\n<p><span style=\"text-decoration: underline;\">ab 19.30 Uhr (Sky)\/ ab 20.55 Uhr (DAZN)<\/span><\/p>\n\n\n\n<p><strong><em>Inter Mailand \u2013 Borussia Dortmund (21.00 Uhr)<\/em><\/strong><\/p>\n\n\n\n<p>Sky: Kai Dittmann (Einzelspiel), Frank Buschmann (Konferenz), Jessica Libbertz (Field-Reporter)<\/p>\n\n\n\n<p><strong><em>Slavia Prag \u2013 FC Barcelona (21.00 Uhr)<\/em><\/strong><\/p>\n\n\n\n<p>DAZN: Robby Hunke, Experte: Benny Lauth (Einzelspiel)<\/p>\n\n\n\n<p>Sky: Klaus Veltmann (Konferenz)<\/p>\n\n\n\n<p><strong><em>FC Salzburg \u2013 SSC Neapel (21.00 Uhr)<\/em><\/strong><\/p>\n\n\n\n<p>DAZN: Philipp Krummholz, Experte: Helge Payer (Einzelspiel)<\/p>\n\n\n\n<p>Sky: Phillip Paternina (Konferenz)<\/p>\n\n\n\n<p><strong><em>Genk \u2013 FC Liverpool (21.00 Uhr)<\/em><\/strong><\/p>\n\n\n\n<p>DAZN: Uli Hebel, Experte: Sebastian Knei\u00dfl (Einzelspiel)<\/p>\n\n\n\n<p>Sky: Toni Tomic (Konferenz)<\/p>\n\n\n\n<p><strong><em>Benfica Lissabon \u2013 Olympique Lyon (21.00 Uhr)<\/em><\/strong><\/p>\n\n\n\n<p>DAZN: Tino Polster (Einzelspiel)<\/p>\n\n\n\n<p>Sky: Michael Born (Konferenz)<\/p>\n\n\n\n<p><strong><em>OSC Lille \u2013 FC Valencia (21.00 Uhr)<\/em><\/strong><\/p>\n\n\n\n<p>DAZN: Matthias Nabers (Einzelspiel)<\/p>\n\n\n\n<p>Sky: J\u00f6rg Dahlmann (Konferenz)<\/p>\n\n\n\n<p>Moderation (Sky): Sebastian Hellmann, Experten: Lothar Matth\u00e4us, Fredi Bobic<\/p>\n\n\n\n<p><strong>Europa League Gruppenphase, 03.Spieltag<\/strong><\/p>\n\n\n\n<p><span style=\"text-decoration: underline;\">Donnerstag, 24. Oktober, 18.55 Uhr (DAZN)<\/span> <\/p>\n\n\n\n<p><strong><em>GoalZone \u2013 03.Spieltag<\/em><\/strong><\/p>\n\n\n\n<p>DAZN: Christoph Stadtler und Lukas Sch\u00f6nm\u00fcller, Experte: Jonas Hummels<\/p>\n\n\n\n<p><strong><em>AS Rom \u2013 Borussia M\u00b4Gladbach (19.00 Uhr)<\/em><\/strong><\/p>\n\n\n\n<p>DAZN: Jan Platte (Kommentar), Alex Schl\u00fcter (Moderation), Sebastian Benesch (Field-Reporter), Experte: Ralph Gunesch<\/p>\n\n\n\n<p><strong><em>KAA Gent&nbsp;<\/em><\/strong><strong><em>\u2013<\/em><\/strong><strong><em>&nbsp;VfL Wolfsburg (19.00 Uhr)<\/em><\/strong><\/p>\n\n\n\n<p>DAZN: Uwe Morawe (Kommentar), Experte: Peter Hyballa<\/p>\n\n\n\n<p><strong><em>Besiktas Istanbul \u2013 Sporting Braga (19.00 Uhr)<\/em><\/strong><\/p>\n\n\n\n<p>DAZN: Guido H\u00fcsgen<\/p>\n\n\n\n<p><strong><em>Partizan Belgrad \u2013 Manchester United (19.00 Uhr)<\/em><\/strong><\/p>\n\n\n\n<p>DAZN: Freddy Harder <\/p>\n\n\n\n<p><span style=\"text-decoration: underline;\">ab 20.15 Uhr (Nitro)\/ ab 20.45 Uhr (DAZN)<\/span><\/p>\n\n\n\n<p><strong><em>Eintracht Frankfurt \u2013 Standard L\u00fcttich (21.00 Uhr)<\/em><\/strong><\/p>\n\n\n\n<p>Nitro: Marco Hagemann, Experte: Steffen Freund<\/p>\n\n\n\n<p>Moderation (Nitro): Laura Wontorra, Experte: Roman Weidenfeller<\/p>\n\n\n\n<p>DAZN: Uli Hebel (Kommentar), Tobi Wahnschaffe (Moderation), Antonia Wisgickl (Field-Reporter), Experte: Sebastian Knei\u00dfl <\/p>\n\n\n\n<p><span style=\"text-decoration: underline;\">ab 20.55 Uhr (DAZN)<\/span><\/p>\n\n\n\n<p><strong><em>FC Arsenal London \u2013 Vitoria Guimaraes (21.00 Uhr)<\/em><\/strong><\/p>\n\n\n\n<p>DAZN: Oliver Forster<\/p>\n\n\n\n<p><strong><em>PSV Eindhoven \u2013 Linzer ASK (21.00 Uhr)<\/em><\/strong><\/p>\n\n\n\n<p>DAZN: Philipp Krummholz, Experte: Oliver Lederer <\/p>\n\n\n\n<p><strong>Internationaler Fu\u00dfball<\/strong><\/p>\n\n\n\n<p><span style=\"text-decoration: underline;\">Mittwoch, 23.10.2019<\/span><\/p>\n\n\n\n<p>Copa Libertadores, Halbfinale (R\u00fcckspiel): <strong>Boca Juniors <em>\u2013&nbsp;River Plate (02.30 Uhr)<\/em><\/strong>  <\/p>\n\n\n\n<p>sportdigital FUSSBALL: Christian Blunck<\/p>\n\n\n\n<p>DAZN: Guido H\u00fcsgen <\/p>\n\n\n\n<p>FFA Cup 2019, Finale: <strong><em>Adelaide United \u2013 Melbourne City FC (10.30 Uhr)<\/em><\/strong> <\/p>\n\n\n\n<p>sportdigital FUSSBALL: Ulf Kahmke<\/p>\n\n\n\n<p><span style=\"text-decoration: underline;\">Donnerstag, 24.10.2019<\/span><\/p>\n\n\n\n<p>Copa Libertadores, Halbfinale (R\u00fcckspiel): <strong><em>Flamengo Rio de Jainero \u2013 Gremio Porto Alegre (02.30 Uhr)<\/em><\/strong><\/p>\n\n\n\n<p>sportdigital FUSSBALL: Arne Malsch <\/p>\n\n\n\n<p>DAZN: Guido H\u00fcsgen<\/p>\n\n\n\n<p><strong>Die Analyse<\/strong><\/p>\n\n\n\n<p>Der dritte Spieltag der Champions League steht an und die vermeintlich lukrativsten Spiele aus der Sicht des Fernsehmachers laufen auf Sky. Erwartungsgem\u00e4\u00df treten Fuss und Wasserziehr die Reise mit dem FC Bayern M\u00fcnchen nach Griechenland an. Im Gegegenzug kommentiert mit Kai Dittmann Sky\u00b4s Nummer zwei die Partie zwischen Inter Mailand und Borussia Dortmund. Begleitet wird er von Jessica Libbertz, die damit einen etwas selterenen CL-Ausw\u00e4rtseinsatz verzeichnen kann. Gro\u00df und Buschmann, ihres Zeichens die beiden anderen Topspielkommentatoren, h\u00f6ren wir hier jeweils in der Konferenz. <br>DAZN \u00fcbertr\u00e4gt zun\u00e4chst am Dienstag der Gastspiel der Leverkusener im Wanda Metropolitano. Max Siebald f\u00fchrt hier die Interviews. Die eingespielte Crew um Platte, Schl\u00fcter und Gunesch k\u00fcmmert sich um den Rest. F\u00fcr Sky ist SSN-Reporter Christopher Lymberopoulos vorort. Das Heimspiel von RB Leipzig am Mittwoch bringt Dartsexperte Elmar Paulke mal wieder beruflich in ein Fu\u00dfballstadion. Sky schickt Marcus Lindemann als Field-Reporter ins Rennen. Seidler und Friedrich \u00fcbernehmen in fast gewohnter Weise die DAZN-Partien mit deutscher Beteiligung in der Sky-Konferenz. Dies unterstreicht ihre Position in der Hierarchie der Sky-Kommentatoren. Fredi Bobic ist zudem am Mittwoch im Studio in Unterf\u00f6hring zu Gast. <\/p>\n\n\n\n<p>Bei den restlichen Partien\nohne deutsche Beteilung f\u00e4llt auf: DAZN besitzt nur noch ausgew\u00e4hlte\nSpiele mit Experten. Born und Dahlmann, die extra nach M\u00fcnchen f\u00fcr\nihre Eins\u00e4tze reisen, d\u00fcrfen doppelt ran. Salzburg-Dauerabo in der\nKonferenz besitzt Phillip Paternina von Sky Austria.<\/p>\n\n\n\n<p>Die Besetzung der Partie zwischen Leverkusen und Atletico Madrid k\u00fcmmert sich zwei Tage um AS Rom gegen Gladbach. Sebastian Benesch f\u00fchrt die Interviews in der italienischen Hauptstadt. Lukas Sch\u00f6nm\u00fcller vertritt zudem Jan L\u00fcdeke in der Goal-Zone. L\u00fcdeke \u00fcbernimmt daf\u00fcr die Basketball-Moderation in der Euro League f\u00fcr Magenta Sport. Nitro verzichtet auf die \u00dcbertragung des vermeintlich attraktiveren Spiel der Gladbacher. Mit der fr\u00fchen Ansto\u00dfzeit liegt der Grund wohl auf der Hand. Die Alternative ist das Heimspiel von Eintracht Frankfurt gegen Standard L\u00fcttich. On-Air Personal bleibt unver\u00e4ndert. Wie bereits im letzten Eintrag angek\u00fcndigt, begleitet das Duo Hebel\/Knei\u00dfl die Partie f\u00fcr DAZN. Moderator Wahnschaffe und Field-Reporterin Wisgickl machen aus dem Duett ein Quartett. International f\u00e4llt auf, dass der Kollege Guido H\u00fcsgen f\u00fcr DAZN beide Halbfinal-Partien der Copa Libertadores \u00fcbernimmt. Zwischenducrh gibt\u2019s von ihm noch den Kommentar zu Besiktas Istanbul gegen Sporting Braga. Bei sportdigital FUSSBALL werden die Spiele aus S\u00fcdamerika sch\u00f6n aufgeteilt.    <\/p>\n","protected":false},"excerpt":{"rendered":"<p>N\u00b4Abend allerseits, zum neuen Spieltag haben wir einen neune Mehrwert f\u00fcr euch. In Zukunft versuchen wir euch auch die Field-Reporter in der Champions League aufzulisten. Ansonsten gibt\u00b4s die \u00fcbliche Dosis des On-Air-Personals! Die Ansetzungen vom 22. Oktober 2019 bis zum 24. Oktober 2019 Champions League Gruppenphase, 03. Spieltag Dienstag, 22. Oktober 2019 ab 18.30 Uhr [&hellip;]<\/p>\n","protected":false},"author":3,"featured_media":0,"comment_status":"open","ping_status":"open","sticky":false,"template":"","format":"standard","meta":{"footnotes":""},"categories":[425],"tags":[49,160,181,13,42,187,48,188,26,93,43,114,41,162,22,134,107],"class_list":["post-403","post","type-post","status-publish","format-standard","hentry","category-champions-league-und-co","tag-alex-schlueter","tag-champions-league","tag-copa-libertadores","tag-dazn","tag-europa-league","tag-fredi-bobic","tag-jan-platte","tag-jessica-libbertz","tag-joerg-dahlmann","tag-kai-dittmann","tag-marco-hagemann","tag-michael-born","tag-nitro","tag-robby-hunke","tag-sky","tag-sportdigital-fussball","tag-wolff-fuss"],"_links":{"self":[{"href":"https:\/\/kommentatorenblog.de\/index.php?rest_route=\/wp\/v2\/posts\/403","targetHints":{"allow":["GET"]}}],"collection":[{"href":"https:\/\/kommentatorenblog.de\/index.php?rest_route=\/wp\/v2\/posts"}],"about":[{"href":"https:\/\/kommentatorenblog.de\/index.php?rest_route=\/wp\/v2\/types\/post"}],"author":[{"embeddable":true,"href":"https:\/\/kommentatorenblog.de\/index.php?rest_route=\/wp\/v2\/users\/3"}],"replies":[{"embeddable":true,"href":"https:\/\/kommentatorenblog.de\/index.php?rest_route=%2Fwp%2Fv2%2Fcomments&post=403"}],"version-history":[{"count":23,"href":"https:\/\/kommentatorenblog.de\/index.php?rest_route=\/wp\/v2\/posts\/403\/revisions"}],"predecessor-version":[{"id":451,"href":"https:\/\/kommentatorenblog.de\/index.php?rest_route=\/wp\/v2\/posts\/403\/revisions\/451"}],"wp:attachment":[{"href":"https:\/\/kommentatorenblog.de\/index.php?rest_route=%2Fwp%2Fv2%2Fmedia&parent=403"}],"wp:term":[{"taxonomy":"category","embeddable":true,"href":"https:\/\/kommentatorenblog.de\/index.php?rest_route=%2Fwp%2Fv2%2Fcategories&post=403"},{"taxonomy":"post_tag","embeddable":true,"href":"https:\/\/kommentatorenblog.de\/index.php?rest_route=%2Fwp%2Fv2%2Ftags&post=403"}],"curies":[{"name":"wp","href":"https:\/\/api.w.org\/{rel}","templated":true}]}}