{"id":4511,"date":"2020-11-16T17:13:44","date_gmt":"2020-11-16T17:13:44","guid":{"rendered":"http:\/\/kommentatorenblog.de\/?p=4511"},"modified":"2020-12-30T16:00:09","modified_gmt":"2020-12-30T16:00:09","slug":"1125-der-neue-delling","status":"publish","type":"post","link":"https:\/\/kommentatorenblog.de\/?p=4511","title":{"rendered":"1125 \u2013 &#8222;Der neue Delling&#8220;"},"content":{"rendered":"\n<p>N&#8217;Abend allerseits,<\/p>\n\n\n\n<p>heute gibt\u00b4s die Ansetzungen im Schnelldurchlauf! In der Analyse wagen wir einen kleinen Blick auf &#8222;den neuen Delling&#8220;. <\/p>\n\n\n\n<p><strong><em>Die Ansetzungen vom 17. November bis zum 19. November 2020<\/em><\/strong><\/p>\n\n\n\n<p><strong>UEFA Nations League, 06. Spieltag<\/strong><\/p>\n\n\n\n<p><span style=\"text-decoration: underline;\">Dienstag, 17. November 2020, ab 20.15 Uhr <strong>(ARD)<\/strong><\/span><\/p>\n\n\n\n<p>Gruppe A4: <strong><em>Spanien \u2013 Deutschland (20.45 Uhr)<\/em><\/strong><\/p>\n\n\n\n<p><img loading=\"lazy\" decoding=\"async\" width=\"10\" height=\"21\" class=\"wp-image-3656\" style=\"width: 10px;\" src=\"http:\/\/kommentatorenblog.de\/wp-content\/uploads\/2020\/09\/shure-55sh-ii-e1601485394796.jpg\" alt=\"\" srcset=\"https:\/\/kommentatorenblog.de\/wp-content\/uploads\/2020\/09\/shure-55sh-ii-e1601485394796.jpg 415w, https:\/\/kommentatorenblog.de\/wp-content\/uploads\/2020\/09\/shure-55sh-ii-e1601485394796-142x300.jpg 142w\" sizes=\"auto, (max-width: 10px) 100vw, 10px\" \/> Tom Bartels, Field-Reporter: Lennert Brinkhoff <\/p>\n\n\n\n<p>Moderation: Matthias Opdenh\u00f6vel, Experte: Bastian Schweinsteiger <\/p>\n\n\n\n<p><span style=\"text-decoration: underline;\">ab 20.45 Uhr <strong>(DAZN)<\/strong><\/span><\/p>\n\n\n\n<p>Gruppe A3: <strong><em>Frankreich \u2013 Schweden (20.45 Uhr)<\/em><\/strong><\/p>\n\n\n\n<p><img loading=\"lazy\" decoding=\"async\" width=\"10\" height=\"21\" class=\"wp-image-3656\" style=\"width: 10px;\" src=\"http:\/\/kommentatorenblog.de\/wp-content\/uploads\/2020\/09\/shure-55sh-ii-e1601485394796.jpg\" alt=\"\" srcset=\"https:\/\/kommentatorenblog.de\/wp-content\/uploads\/2020\/09\/shure-55sh-ii-e1601485394796.jpg 415w, https:\/\/kommentatorenblog.de\/wp-content\/uploads\/2020\/09\/shure-55sh-ii-e1601485394796-142x300.jpg 142w\" sizes=\"auto, (max-width: 10px) 100vw, 10px\" \/> Andreas Renner, Experte: Alexis Menuge <\/p>\n\n\n\n<p>Gruppe A3: <strong><em>Kroatien \u2013 Portugal (20.45 Uhr)<\/em><\/strong><\/p>\n\n\n\n<p><img loading=\"lazy\" decoding=\"async\" width=\"10\" height=\"21\" class=\"wp-image-3656\" style=\"width: 10px;\" src=\"http:\/\/kommentatorenblog.de\/wp-content\/uploads\/2020\/09\/shure-55sh-ii-e1601485394796.jpg\" alt=\"\" srcset=\"https:\/\/kommentatorenblog.de\/wp-content\/uploads\/2020\/09\/shure-55sh-ii-e1601485394796.jpg 415w, https:\/\/kommentatorenblog.de\/wp-content\/uploads\/2020\/09\/shure-55sh-ii-e1601485394796-142x300.jpg 142w\" sizes=\"auto, (max-width: 10px) 100vw, 10px\" \/> Tom Kirsten, Experte: Ralph Gunesch <\/p>\n\n\n\n<p>Gruppe A4: <strong><em>Schweiz \u2013 Ukraine (20.45 Uhr)<\/em><\/strong><\/p>\n\n\n\n<p><img loading=\"lazy\" decoding=\"async\" width=\"10\" height=\"21\" class=\"wp-image-3656\" style=\"width: 10px;\" src=\"http:\/\/kommentatorenblog.de\/wp-content\/uploads\/2020\/09\/shure-55sh-ii-e1601485394796.jpg\" alt=\"\" srcset=\"https:\/\/kommentatorenblog.de\/wp-content\/uploads\/2020\/09\/shure-55sh-ii-e1601485394796.jpg 415w, https:\/\/kommentatorenblog.de\/wp-content\/uploads\/2020\/09\/shure-55sh-ii-e1601485394796-142x300.jpg 142w\" sizes=\"auto, (max-width: 10px) 100vw, 10px\" \/> Freddie Schulz<\/p>\n\n\n\n<p><span style=\"text-decoration: underline;\">Mittwoch, 18. November 2020, ab 20.30 Uhr (DAZN)<\/span><\/p>\n\n\n\n<p><strong><em>GoalZone<\/em><\/strong> <img loading=\"lazy\" decoding=\"async\" width=\"10\" height=\"21\" class=\"wp-image-3656\" style=\"width: 10px;\" src=\"http:\/\/kommentatorenblog.de\/wp-content\/uploads\/2020\/09\/shure-55sh-ii-e1601485394796.jpg\" alt=\"\" srcset=\"https:\/\/kommentatorenblog.de\/wp-content\/uploads\/2020\/09\/shure-55sh-ii-e1601485394796.jpg 415w, https:\/\/kommentatorenblog.de\/wp-content\/uploads\/2020\/09\/shure-55sh-ii-e1601485394796-142x300.jpg 142w\" sizes=\"auto, (max-width: 10px) 100vw, 10px\" \/> Christoph Stadtler, Experte: Sebastian Knei\u00dfl <\/p>\n\n\n\n<p>Gruppe A1: <strong><em>Polen<\/em><\/strong> <strong><em>\u2013&nbsp;Niederlande <\/em><\/strong><strong><em>(20.45 Uhr)<\/em><\/strong><\/p>\n\n\n\n<p><img loading=\"lazy\" decoding=\"async\" width=\"10\" height=\"21\" class=\"wp-image-3656\" style=\"width: 10px;\" src=\"http:\/\/kommentatorenblog.de\/wp-content\/uploads\/2020\/09\/shure-55sh-ii-e1601485394796.jpg\" alt=\"\" srcset=\"https:\/\/kommentatorenblog.de\/wp-content\/uploads\/2020\/09\/shure-55sh-ii-e1601485394796.jpg 415w, https:\/\/kommentatorenblog.de\/wp-content\/uploads\/2020\/09\/shure-55sh-ii-e1601485394796-142x300.jpg 142w\" sizes=\"auto, (max-width: 10px) 100vw, 10px\" \/> David Ploch <\/p>\n\n\n\n<p>Gruppe A1: <strong><em>Bosnien-Herzegowina \u2013 Italien (20.45 Uhr)<\/em><\/strong><\/p>\n\n\n\n<p><img loading=\"lazy\" decoding=\"async\" width=\"10\" height=\"21\" class=\"wp-image-3656\" style=\"width: 10px;\" src=\"http:\/\/kommentatorenblog.de\/wp-content\/uploads\/2020\/09\/shure-55sh-ii-e1601485394796.jpg\" alt=\"\" srcset=\"https:\/\/kommentatorenblog.de\/wp-content\/uploads\/2020\/09\/shure-55sh-ii-e1601485394796.jpg 415w, https:\/\/kommentatorenblog.de\/wp-content\/uploads\/2020\/09\/shure-55sh-ii-e1601485394796-142x300.jpg 142w\" sizes=\"auto, (max-width: 10px) 100vw, 10px\" \/> Mario Rieker  <\/p>\n\n\n\n<p>Gruppe A2: <strong><em>Belgien \u2013 D\u00e4nemark (20.45 Uhr)<\/em><\/strong><\/p>\n\n\n\n<p><img loading=\"lazy\" decoding=\"async\" width=\"10\" height=\"21\" class=\"wp-image-3656\" style=\"width: 10px;\" src=\"http:\/\/kommentatorenblog.de\/wp-content\/uploads\/2020\/09\/shure-55sh-ii-e1601485394796.jpg\" alt=\"\" srcset=\"https:\/\/kommentatorenblog.de\/wp-content\/uploads\/2020\/09\/shure-55sh-ii-e1601485394796.jpg 415w, https:\/\/kommentatorenblog.de\/wp-content\/uploads\/2020\/09\/shure-55sh-ii-e1601485394796-142x300.jpg 142w\" sizes=\"auto, (max-width: 10px) 100vw, 10px\" \/> Uli Hebel   <\/p>\n\n\n\n<p>Gruppe A2: <strong><em>England \u2013 Island (20.45 Uhr)<\/em><\/strong><\/p>\n\n\n\n<p><img loading=\"lazy\" decoding=\"async\" width=\"10\" height=\"21\" class=\"wp-image-3656\" style=\"width: 10px;\" src=\"http:\/\/kommentatorenblog.de\/wp-content\/uploads\/2020\/09\/shure-55sh-ii-e1601485394796.jpg\" alt=\"\" srcset=\"https:\/\/kommentatorenblog.de\/wp-content\/uploads\/2020\/09\/shure-55sh-ii-e1601485394796.jpg 415w, https:\/\/kommentatorenblog.de\/wp-content\/uploads\/2020\/09\/shure-55sh-ii-e1601485394796-142x300.jpg 142w\" sizes=\"auto, (max-width: 10px) 100vw, 10px\" \/> Felix Keil  <\/p>\n\n\n\n<p>Gruppe B1: <strong><em>\u00d6sterreich \u2013 Norwegen (20.45 Uhr)<\/em><\/strong><\/p>\n\n\n\n<p><img loading=\"lazy\" decoding=\"async\" width=\"10\" height=\"21\" class=\"wp-image-3656\" style=\"width: 10px;\" src=\"http:\/\/kommentatorenblog.de\/wp-content\/uploads\/2020\/09\/shure-55sh-ii-e1601485394796.jpg\" alt=\"\" srcset=\"https:\/\/kommentatorenblog.de\/wp-content\/uploads\/2020\/09\/shure-55sh-ii-e1601485394796.jpg 415w, https:\/\/kommentatorenblog.de\/wp-content\/uploads\/2020\/09\/shure-55sh-ii-e1601485394796-142x300.jpg 142w\" sizes=\"auto, (max-width: 10px) 100vw, 10px\" \/> Max Gross <\/p>\n\n\n\n<p>Gruppe B3: <strong><em>Ungarn \u2013 T\u00fcrkei (20.45 Uhr)<\/em><\/strong><\/p>\n\n\n\n<p><img loading=\"lazy\" decoding=\"async\" width=\"10\" height=\"21\" class=\"wp-image-3656\" style=\"width: 10px;\" src=\"http:\/\/kommentatorenblog.de\/wp-content\/uploads\/2020\/09\/shure-55sh-ii-e1601485394796.jpg\" alt=\"\" srcset=\"https:\/\/kommentatorenblog.de\/wp-content\/uploads\/2020\/09\/shure-55sh-ii-e1601485394796.jpg 415w, https:\/\/kommentatorenblog.de\/wp-content\/uploads\/2020\/09\/shure-55sh-ii-e1601485394796-142x300.jpg 142w\" sizes=\"auto, (max-width: 10px) 100vw, 10px\" \/> Freddy Harder <\/p>\n\n\n\n<p>Gruppe B3: <strong><em>Serbien \u2013 Russland (20.45 Uhr)<\/em><\/strong><\/p>\n\n\n\n<p><img loading=\"lazy\" decoding=\"async\" width=\"10\" height=\"21\" class=\"wp-image-3656\" style=\"width: 10px;\" src=\"http:\/\/kommentatorenblog.de\/wp-content\/uploads\/2020\/09\/shure-55sh-ii-e1601485394796.jpg\" alt=\"\" srcset=\"https:\/\/kommentatorenblog.de\/wp-content\/uploads\/2020\/09\/shure-55sh-ii-e1601485394796.jpg 415w, https:\/\/kommentatorenblog.de\/wp-content\/uploads\/2020\/09\/shure-55sh-ii-e1601485394796-142x300.jpg 142w\" sizes=\"auto, (max-width: 10px) 100vw, 10px\" \/> Fabian Pavlakovich  <\/p>\n\n\n\n<hr class=\"wp-block-separator\"\/>\n\n\n\n<p><strong>3. Liga, Nachholspiel 05. Spieltag<\/strong><\/p>\n\n\n\n<p><span style=\"text-decoration: underline;\">Dienstag, 17. November 2020, ab 18.45 Uhr (Magenta Sport)<\/span><\/p>\n\n\n\n<p><strong><em>MSV Duisburg<\/em><\/strong> <strong><em>\u2013<\/em><\/strong> <strong><em>Hallescher FC (19.00 Uhr)<\/em><\/strong><\/p>\n\n\n\n<p><img loading=\"lazy\" decoding=\"async\" width=\"10\" height=\"21\" class=\"wp-image-3656\" style=\"width: 10px;\" src=\"http:\/\/kommentatorenblog.de\/wp-content\/uploads\/2020\/09\/shure-55sh-ii-e1601485394796.jpg\" alt=\"\" srcset=\"https:\/\/kommentatorenblog.de\/wp-content\/uploads\/2020\/09\/shure-55sh-ii-e1601485394796.jpg 415w, https:\/\/kommentatorenblog.de\/wp-content\/uploads\/2020\/09\/shure-55sh-ii-e1601485394796-142x300.jpg 142w\" sizes=\"auto, (max-width: 10px) 100vw, 10px\" \/> Christian Stra\u00dfburger <\/p>\n\n\n\n<p>Moderation: Thomas Wagner <\/p>\n\n\n\n<hr class=\"wp-block-separator\"\/>\n\n\n<p><!--StartFragment--><\/p>\n\n\n<p><strong>U21, EM-Qualifikation <\/strong><\/p>\n\n\n\n<p><span style=\"text-decoration: underline;\">Dienstag, 17. November 2020, ab 17.45 Uhr (ProSieben Maxx)<\/span><\/p>\n\n\n\n<p><strong><em>Deutschland \u2013 Wales (18.15 Uhr)<\/em><\/strong><\/p>\n\n\n\n<p><img loading=\"lazy\" decoding=\"async\" width=\"10\" height=\"21\" class=\"wp-image-3656\" style=\"width: 10px;\" src=\"http:\/\/kommentatorenblog.de\/wp-content\/uploads\/2020\/09\/shure-55sh-ii-e1601485394796.jpg\" alt=\"\" srcset=\"https:\/\/kommentatorenblog.de\/wp-content\/uploads\/2020\/09\/shure-55sh-ii-e1601485394796.jpg 415w, https:\/\/kommentatorenblog.de\/wp-content\/uploads\/2020\/09\/shure-55sh-ii-e1601485394796-142x300.jpg 142w\" sizes=\"auto, (max-width: 10px) 100vw, 10px\" \/> Matthias Stach<\/p>\n\n\n\n<p>Moderation: Christian D\u00fcren, Experte: Ren\u00e9 Adler<\/p>\n\n\n\n<hr class=\"wp-block-separator\"\/>\n\n\n\n<p><strong>Internationaler Fussball<\/strong>&nbsp;<strong>(Sportdigital FUSSBALL)<\/strong><\/p>\n\n\n\n<p><span style=\"text-decoration: underline;\">Mittwoch, 18. November 2020<\/span><\/p>\n\n\n\n<p>J. League, 30. Spieltag:<strong><em> Kawasaki Frontale<\/em><\/strong> <strong><em>\u2013<\/em><\/strong> <strong><em>Yokohama F-Marinos (11.00 Uhr)<\/em><\/strong><\/p>\n\n\n\n<p><img loading=\"lazy\" decoding=\"async\" width=\"10\" height=\"21\" class=\"wp-image-3656\" style=\"width: 10px;\" src=\"http:\/\/kommentatorenblog.de\/wp-content\/uploads\/2020\/09\/shure-55sh-ii-e1601485394796.jpg\" alt=\"\" srcset=\"https:\/\/kommentatorenblog.de\/wp-content\/uploads\/2020\/09\/shure-55sh-ii-e1601485394796.jpg 415w, https:\/\/kommentatorenblog.de\/wp-content\/uploads\/2020\/09\/shure-55sh-ii-e1601485394796-142x300.jpg 142w\" sizes=\"auto, (max-width: 10px) 100vw, 10px\" \/> Karsten Linke  <\/p>\n\n\n\n<p>Copa do Brasil, Viertelfinale, R\u00fcckspiel:<strong><em> Gremio Porto Alegre<\/em><\/strong> <strong><em>\u2013<\/em><\/strong> <strong><em>Cuiaba EC (20.30 Uhr)<\/em><\/strong><\/p>\n\n\n\n<p><img loading=\"lazy\" decoding=\"async\" width=\"10\" height=\"21\" class=\"wp-image-3656\" style=\"width: 10px;\" src=\"http:\/\/kommentatorenblog.de\/wp-content\/uploads\/2020\/09\/shure-55sh-ii-e1601485394796.jpg\" alt=\"\" srcset=\"https:\/\/kommentatorenblog.de\/wp-content\/uploads\/2020\/09\/shure-55sh-ii-e1601485394796.jpg 415w, https:\/\/kommentatorenblog.de\/wp-content\/uploads\/2020\/09\/shure-55sh-ii-e1601485394796-142x300.jpg 142w\" sizes=\"auto, (max-width: 10px) 100vw, 10px\" \/> Christian Blunck  <\/p>\n\n\n\n<p><span style=\"text-decoration: underline;\">Donnerstag, 19. November 2020<\/span><\/p>\n\n\n\n<p>Copa do Brasil, Viertelfinale, R\u00fcckspiel:<strong><em> <\/em><\/strong><strong><em>Sao Paulo FC<\/em><\/strong> <strong><em>\u2013<\/em><\/strong> <strong><em>Flamengo<\/em><\/strong> <strong><em>(01.30 Uhr)<\/em><\/strong><\/p>\n\n\n\n<p><img loading=\"lazy\" decoding=\"async\" width=\"10\" height=\"21\" class=\"wp-image-3656\" style=\"width: 10px;\" src=\"http:\/\/kommentatorenblog.de\/wp-content\/uploads\/2020\/09\/shure-55sh-ii-e1601485394796.jpg\" alt=\"\" srcset=\"https:\/\/kommentatorenblog.de\/wp-content\/uploads\/2020\/09\/shure-55sh-ii-e1601485394796.jpg 415w, https:\/\/kommentatorenblog.de\/wp-content\/uploads\/2020\/09\/shure-55sh-ii-e1601485394796-142x300.jpg 142w\" sizes=\"auto, (max-width: 10px) 100vw, 10px\" \/> Arne Malsch <\/p>\n\n\n\n<hr class=\"wp-block-separator\"\/>\n\n\n\n<p><strong>Die Analyse <\/strong><\/p>\n\n\n\n<p><strong>Der &#8222;neue Delling&#8220;<\/strong><\/p>\n\n\n\n<p><a href=\"https:\/\/sportbild.bild.de\/fussball-em\/2020\/fussball\/ard-zdf-em-lennert-brinkoff-wellmer-delling-69247518.sport.html\">&#8222;Brinkhoff wird der neue Delling&#8220;<\/a> &#8211; so lautet die \u00dcberschrift eines Sport Bild &#8211; Artikels aus dem M\u00e4rz diesen Jahres. Brinkhoff, den viele von &#8222;SWR Sport&#8220; oder ARD-Handball\u00fcbertragungen kennen, wird bei der EM 2021 zusammen mit Jessy Wellmer aus dem DFB-Quartiert berichten. Das Duo ersetzt Gerhard Delling, der im letzten Jahr die ARD verlie\u00df. Bevor es soweit ist, darf Brinkhoff die Nationalspieler im Rahmen der Nations League &#8211; \u00dcbertragungen der ARD kennenlernen. In der letzten L\u00e4nderspielpause f\u00fchrte ihn der Weg nach Kiew. Morgen wird er in Sevilla Interviews bei Spanien-Deutschland f\u00fchren. Wir freuen uns &#8211; verdienter Aufstieg! <\/p>\n\n\n\n<p><strong>NRW statt Andalusien!<\/strong><\/p>\n\n\n\n<p>Moderator Matthias Opdenh\u00f6vel, der heute zun\u00e4chst noch bei The Masked Singer ran muss, meldet sich mit Experte Bastian Schweinsteiger aus dem Sportschau-Studio in K\u00f6ln. Im Vergleich zu Per Mertesacker wird &#8222;Schweini&#8220; bestimmt physisch vor Ort sein. Schlie\u00dflich ist er ja nicht mit einer anderweitigen Besch\u00e4ftigung ausgestattet. Der Kommentar von Tom Bartels wird wohl ebenfalls aus der Box kommen. Im Re-Live gibt\u00b4s das Spiel 90 Minuten nach Abpfiff auf DAZN mit Guido H\u00fcsgen. <\/p>\n\n\n\n<p><strong>Wieder Belgien &#8211; aber dieses Mal ohne England?!<\/strong><\/p>\n\n\n\n<p>Die DAZN-Verantwortlichen setzen bei den L\u00e4nderspielen zumeist auf die gleichen Kommentatoren. Nachdem Carsten Fu\u00df gestern das Italien-Spiel begleiten durfte, kommentiert wieder Mario Rieker. Max Gross (\u00d6sterreich), oder beispielsweise David Ploch (Niederlande) kommen zum wiederholten Mal beim selben Team zum Einsatz. Freddie Schulz, Fabian Pavlakovich und Freddy Harder sind in dieser L\u00e4nderspielpause auch schon am Start gewesen. Standesgem\u00e4\u00df ist Alexis Menuge wieder Experte beim Spiel zwischen Frankreich und Schweden. Uli Hebel \u00fcbernimmt wieder ein Spiel der Belgier, aber dieses Mal ohne Beteiligung der Engl\u00e4nder &#8211; kleine \u00dcberraschung, weil der j\u00fcngere der Hebel-Br\u00fcder normalerweise ein Dauer-Abo auf Spiele der &#8222;Three Lions&#8220; hat. Allerdings hat er ja bereits zuvor die Auftritte von England gegen Irland und Belgien kommentiert. <\/p>\n\n\n\n<p><strong>Nachholspiel und Routine<\/strong><\/p>\n\n\n\n<p>Das Drittliga-Nachholspiel im Westen der Republik l\u00e4sst sich das Duo Stra\u00dfburger\/Wagner nicht nehmen. Interessant: Markus H\u00f6hner h\u00e4tte die Partie am vorgesehenen Termin (18.10) kommentiert. Moderator w\u00e4re auch damals Thomas Wagner gewesen!<\/p>\n\n\n\n<p>Routine gibt\u00b4s derweil bei ProSieben Maxx und nat\u00fcrlich auch bei sportdigital FUSSBALL. Matthias Stach scheint den Kommentar f\u00fcr ran zu \u00fcbernehmen &#8211; andernfalls h\u00e4tte Uwe Morawe wieder das Vergn\u00fcgen. <\/p>\n\n\n\n<p>Macht das Beste draus! <\/p>\n","protected":false},"excerpt":{"rendered":"<p>N&#8217;Abend allerseits, heute gibt\u00b4s die Ansetzungen im Schnelldurchlauf! In der Analyse wagen wir einen kleinen Blick auf &#8222;den neuen Delling&#8220;. Die Ansetzungen vom 17. November bis zum 19. November 2020 UEFA Nations League, 06. Spieltag Dienstag, 17. November 2020, ab 20.15 Uhr (ARD) Gruppe A4: Spanien \u2013 Deutschland (20.45 Uhr) Tom Bartels, Field-Reporter: Lennert Brinkhoff [&hellip;]<\/p>\n","protected":false},"author":3,"featured_media":0,"comment_status":"open","ping_status":"open","sticky":false,"template":"","format":"standard","meta":{"footnotes":""},"categories":[426],"tags":[10,153,377,19,355,177,35,171,64,13,201,331,295,194,349,359,9,101,176,283,328,137,108,84,222,134,33,273,200,174,105,149],"class_list":["post-4511","post","type-post","status-publish","format-standard","hentry","category-laenderspiele","tag-3-liga","tag-alexis-menuge","tag-andreas-renner","tag-ard","tag-bastian-schweinsteiger","tag-christian-dueren","tag-christian-strassburger","tag-christoph-stadtler","tag-copa-do-brasil","tag-dazn","tag-felix-keil","tag-freddie-schulz","tag-freddy-harder","tag-goalzone","tag-j-league","tag-lennert-brinkhoff","tag-magenta-sport","tag-matthias-opdenhoevel","tag-matthias-stach","tag-max-gross","tag-nations-league","tag-prosieben-maxx","tag-ralph-gunesch","tag-rene-adler","tag-sebastian-kneissl","tag-sportdigital-fussball","tag-thomas-wagner","tag-tom-bartels","tag-tom-kirsten","tag-u21-em-quali","tag-uli-hebel","tag-uwe-morawe"],"_links":{"self":[{"href":"https:\/\/kommentatorenblog.de\/index.php?rest_route=\/wp\/v2\/posts\/4511","targetHints":{"allow":["GET"]}}],"collection":[{"href":"https:\/\/kommentatorenblog.de\/index.php?rest_route=\/wp\/v2\/posts"}],"about":[{"href":"https:\/\/kommentatorenblog.de\/index.php?rest_route=\/wp\/v2\/types\/post"}],"author":[{"embeddable":true,"href":"https:\/\/kommentatorenblog.de\/index.php?rest_route=\/wp\/v2\/users\/3"}],"replies":[{"embeddable":true,"href":"https:\/\/kommentatorenblog.de\/index.php?rest_route=%2Fwp%2Fv2%2Fcomments&post=4511"}],"version-history":[{"count":38,"href":"https:\/\/kommentatorenblog.de\/index.php?rest_route=\/wp\/v2\/posts\/4511\/revisions"}],"predecessor-version":[{"id":4594,"href":"https:\/\/kommentatorenblog.de\/index.php?rest_route=\/wp\/v2\/posts\/4511\/revisions\/4594"}],"wp:attachment":[{"href":"https:\/\/kommentatorenblog.de\/index.php?rest_route=%2Fwp%2Fv2%2Fmedia&parent=4511"}],"wp:term":[{"taxonomy":"category","embeddable":true,"href":"https:\/\/kommentatorenblog.de\/index.php?rest_route=%2Fwp%2Fv2%2Fcategories&post=4511"},{"taxonomy":"post_tag","embeddable":true,"href":"https:\/\/kommentatorenblog.de\/index.php?rest_route=%2Fwp%2Fv2%2Ftags&post=4511"}],"curies":[{"name":"wp","href":"https:\/\/api.w.org\/{rel}","templated":true}]}}