{"id":455,"date":"2019-10-24T19:26:50","date_gmt":"2019-10-24T19:26:50","guid":{"rendered":"http:\/\/kommentatorenblog.de\/?p=455"},"modified":"2020-12-30T16:05:39","modified_gmt":"2020-12-30T16:05:39","slug":"1027-die-mutter-aller-derbys","status":"publish","type":"post","link":"https:\/\/kommentatorenblog.de\/?p=455","title":{"rendered":"1027 &#8211; Die Mutter aller Derbys"},"content":{"rendered":"\n<p>N\u2019Abend allerseits,<\/p>\n\n\n\n<p>die Bundesliga ist so spannend wie lange nicht mehr &#8211; Stand jetzt. Ein bisschen mag man sogar in Erinnerungen schwelgen an die Saison 2008\/2009, in der Fu\u00dfball-Deutschland einen erstaunlich offenen Meisterkampf erlebte. Vor dem 31. Spieltag konnten damals theoretisch noch sieben Teams die Schale ergattern.<\/p>\n\n\n\n<p>Dass das in diesem Jahr \u00e4hnlich verlaufen wird, ist sehr stark zu bezweifeln. Besonders, wenn sich bei den Bayern mit der Zeit das Lazarett verkleinert, dem 16-Punkte-Duo an der Spitze die Puste ausgeht und auch das 14-Z\u00e4hler-Quartett um den SC Freiburg nicht mehr mithalten kann.<\/p>\n\n\n\n<p>Richtungsweisend sind da Partien wie das Derby oder besser gesagt die Mutter aller Derbys. Wer im renommierten Ruhrpott-Duell am Mikro sitzt, erfahrt ihr \u00fcberblicksartig in den Ansetzungen.<\/p>\n\n\n\n<p><strong><em>Die Ansetzungen vom 25. Oktober 2019 bis zum 28. Oktober 2019<\/em><\/strong><\/p>\n\n\n\n<p><strong><em>Bundesliga, 9. Spieltag:<\/em><\/strong><\/p>\n\n\n\n<p><span style=\"text-decoration: underline;\">Freitag, 25. Oktober, ab 20.15 Uhr (DAZN):&nbsp;<\/span><\/p>\n\n\n\n<p><strong>1.FSV Mainz 05 &#8211; 1.FC K\u00f6ln (20.30 Uhr)<\/strong><\/p>\n\n\n\n<p>DAZN: Uli Hebel (Kommentar), Sebastian Knei\u00dfl (Experte)<\/p>\n\n\n\n<p>Moderation: Lukas Sch\u00f6nm\u00fcller (Moderation)<\/p>\n\n\n\n<p>Field-Reporter: Sebastian Benesch und Antonia Wisgickl<\/p>\n\n\n\n<p><span style=\"text-decoration: underline;\">Samstag, 26. Oktober, ab 15.15 Uhr (Sky):<\/span><\/p>\n\n\n\n<p><strong>SC Freiburg &#8211; RB Leipzig (15.30 Uhr)<\/strong><\/p>\n\n\n\n<p>Sky: Jonas Friedrich (Einzelspiel), Hansi K\u00fcpper (Konferenz)<\/p>\n\n\n\n<p>Field-Reporter: Martin Winkler<\/p>\n\n\n\n<p><strong>FC Bayern &#8211; 1.FC Union Berlin (15.30 Uhr)<\/strong><\/p>\n\n\n\n<p>Sky: Kai Dittmann (Einzelspiel), Oliver Seidler (Konferenz)<\/p>\n\n\n\n<p>Field-Reporter: Michael Leopold<\/p>\n\n\n\n<p><strong>SC Paderborn &#8211; Fortuna D\u00fcsseldorf (15.30 Uhr)<\/strong><\/p>\n\n\n\n<p>Sky: Roland Evers (Einzelspiel), Holger Pfandt (Konferenz)<\/p>\n\n\n\n<p>Field-Reporterin: Britta Hoffmann&nbsp;<\/p>\n\n\n\n<p><strong>FC Schalke 04 &#8211; Borussia Dortmund (15.30 Uhr)<\/strong><\/p>\n\n\n\n<p>Sky: Wolff-Christoph Fuss (Einzelspiel), Frank Buschmann (Konferenz)<\/p>\n\n\n\n<p>Field-Reporter: Patrick Wasserziehr<\/p>\n\n\n\n<p><strong>Hertha BSC &#8211; TSG Hoffenheim (15.30 Uhr)<\/strong><\/p>\n\n\n\n<p>Sky: Michael Born (Einzelspiel), Tom Bayer (Konferenz)<\/p>\n\n\n\n<p>Field-Reporter: Jens Westen&nbsp;<\/p>\n\n\n\n<p>Moderation (Sky): Jessica Libbertz, Experte: Didi Hamann<\/p>\n\n\n\n<p><span style=\"text-decoration: underline;\">ab 17.30 Uhr (Sky):<\/span><\/p>\n\n\n\n<p><strong>Bayer Leverkusen &#8211; Werder Bremen (18.30 Uhr)<\/strong><\/p>\n\n\n\n<p>Sky: Martin Gro\u00df (Kommentar), Lothar Matth\u00e4us (Experte)<\/p>\n\n\n\n<p>Moderation (Sky): Sebastian Hellmann<\/p>\n\n\n\n<p>Field-Reporter: Ecki Heuser&nbsp;<\/p>\n\n\n\n<p><span style=\"text-decoration: underline;\">Sonntag, 27. Oktober, ab 14.30 Uhr (Sky):<\/span><\/p>\n\n\n\n<p><strong>VfL Wolfsburg &#8211; FC Augsburg (15:30 Uhr)<\/strong><\/p>\n\n\n\n<p>Sky: Toni Tomic<\/p>\n\n\n\n<p>Field-Reporter: Marc Behrenbeck<\/p>\n\n\n\n<p><span style=\"text-decoration: underline;\">ab 17.30 Uhr (Sky):<\/span><\/p>\n\n\n\n<p><strong>Borussia M\u00f6nchengladbach &#8211; Eintracht Frankfurt (18.00 Uhr)<\/strong><\/p>\n\n\n\n<p>Sky: Marcus Lindemann<\/p>\n\n\n\n<p>Field-Reporter: Stefan Hempel<\/p>\n\n\n\n<p>Moderation (Sky): Esther Sedlaczek, Experte: Hannes Wolf<\/p>\n\n\n\n<p><em><strong>2.Bundesliga, 11. Spieltag:<\/strong><\/em><\/p>\n\n\n\n<p><span style=\"text-decoration: underline;\">Freitag, 25. Oktober, ab 18.00 Uhr (Sky):<\/span><\/p>\n\n\n\n<p><strong>Holstein Kiel &#8211; VfL Bochum (18.30 Uhr)<\/strong><\/p>\n\n\n\n<p>Sky: J\u00f6rg Dahlmann<br><br>Field-Reporter: Marcus J\u00fcrgensen<\/p>\n\n\n\n<p><strong>SV Darmstadt 98 &#8211; Erzgebirge Aue (18.30 Uhr)<\/strong><\/p>\n\n\n\n<p>Sky: Holger Pfandt<\/p>\n\n\n\n<p>Moderation (Sky): Stefan Hempel<\/p>\n\n\n\n<p><span style=\"text-decoration: underline;\">Samstag, 26. Oktober, ab 12.30 Uhr (Sky)<\/span><\/p>\n\n\n\n<p><strong>Hamburger SV &#8211; VfB Stuttgart (13.00 Uhr)<\/strong><\/p>\n\n\n\n<p>Sky: J\u00fcrgen Schmitz<\/p>\n\n\n\n<p>Field-Reporter: Jurek Rohrberg&nbsp;<\/p>\n\n\n\n<p><strong>Dynamo Dresden &#8211; Arminia Bielefeld (13.00 Uhr)<\/strong><\/p>\n\n\n\n<p>Sky: Sven Haist&nbsp;<\/p>\n\n\n\n<p><strong>Karlsruher SC &#8211; Hannover 96 (13.00 Uhr)<\/strong><\/p>\n\n\n\n<p>Sky: Torsten Kunde<\/p>\n\n\n\n<p>Moderation (Sky): Stefan Hempel<\/p>\n\n\n\n<p><span style=\"text-decoration: underline;\">Sonntag, 27. Oktober, ab 13.00 Uhr (Sky):<\/span><\/p>\n\n\n\n<p><strong>1.FC Heidenheim &#8211; 1.FC St. Pauli (13.30 Uhr)<\/strong><\/p>\n\n\n\n<p>Sky: Martin Gro\u00df <\/p>\n\n\n\n<p><strong>VfL Osnabr\u00fcck &#8211; SpVgg Greuther F\u00fcrth (13.30 Uhr)<\/strong><\/p>\n\n\n\n<p>Sky: Michael Born&nbsp;<\/p>\n\n\n\n<p><strong>1.FC N\u00fcrnberg &#8211; SSV Jahn Regensburg (13.30 Uhr)<\/strong><\/p>\n\n\n\n<p>Sky: Hansi K\u00fcpper<\/p>\n\n\n\n<p>Field-Reporter: Christian Akber-Sade&nbsp;<\/p>\n\n\n\n<p>Moderation (Sky): Hartmut von Kameke<\/p>\n\n\n\n<p><span style=\"text-decoration: underline;\">Montag, 28. Oktober, ab 20.00 Uhr (Sky):<\/span><\/p>\n\n\n\n<p><strong>SV Sandhausen &#8211; SV Wehen Wiesbaden (20.30 Uhr)<\/strong><\/p>\n\n\n\n<p>Sky: Hansi K\u00fcpper<\/p>\n\n\n\n<p>Field-Reporter: Nele Schenker, Gast: Alf Mintzel<\/p>\n\n\n\n<p>Moderation (Sky): Yannick Erkenbrecher <\/p>\n\n\n\n<p><strong><em>3.Liga, 13. Spieltag<\/em><\/strong><\/p>\n\n\n\n<p><span style=\"text-decoration: underline;\">Freitag, 25. Oktober, ab 18.45 Uhr (Magenta Sport):<\/span><\/p>\n\n\n\n<p><strong>FC Viktoria K\u00f6ln &#8211; 1.FC Magdeburg (19.00 Uhr)<\/strong><\/p>\n\n\n\n<p>Magenta Sport: Markus H\u00f6hner<\/p>\n\n\n\n<p>Moderation (Magenta Sport): Thomas Wagner, Experte: Martin Lanig <\/p>\n\n\n\n<p><span style=\"text-decoration: underline;\">Samstag, 26. Oktober, ab 13.45 Uhr (Magenta Sport):<\/span><\/p>\n\n\n\n<p><strong>Konferenz (14.00 Uhr)<\/strong><\/p>\n\n\n\n<p>Magenta Sport: Sascha Bandermann, Alexander Klich<\/p>\n\n\n\n<p><strong>SpVgg Unterhaching &#8211; FSV Zwickau (14.00 Uhr)<\/strong><\/p>\n\n\n\n<p>Magenta Sport: Franz B\u00fcchner<\/p>\n\n\n\n<p>Moderation (Magenta Sport): Benni Zander<\/p>\n\n\n\n<p><strong>Hansa Rostock &#8211; TSV 1860 M\u00fcnchen (14.00 Uhr)<\/strong><\/p>\n\n\n\n<p>Magenta Sport: Mike M\u00fcnkel<\/p>\n\n\n\n<p>BR: Flo Eckl<\/p>\n\n\n\n<p>NDR: ???<\/p>\n\n\n\n<p>Moderation (Magenta Sport): Alexander K\u00fcpper<\/p>\n\n\n\n<p>Moderation (BR): Charly Hilpert<\/p>\n\n\n\n<p>Moderation (NDR): ???<\/p>\n\n\n\n<p><strong>FC Ingolstadt &#8211; Preu\u00dfen M\u00fcnster (14.00 Uhr)<\/strong><\/p>\n\n\n\n<p>Magenta Sport: Basti Schwele<\/p>\n\n\n\n<p>Moderation (Magenta Sport): Simon K\u00f6pfer<\/p>\n\n\n\n<p><strong>W\u00fcrzburger Kickers &#8211; MSV Duisburg (14.00 Uhr)<\/strong><\/p>\n\n\n\n<p>Magenta Sport: Markus H\u00f6hner<\/p>\n\n\n\n<p>Moderation (Magenta Sport): Holger Speckhahn<\/p>\n\n\n\n<p><strong>Hallescher FC &#8211; SV Meppen (14.00 Uhr)<\/strong><\/p>\n\n\n\n<p>Magenta Sport: Lenny Leonhardt<\/p>\n\n\n\n<p>Moderation (Magenta Sport): Anett Sattler<\/p>\n\n\n\n<p><strong>KFC Uerdingen &#8211; FC Carl Zeiss Jena (14.00 Uhr)<\/strong><\/p>\n\n\n\n<p>Magenta Sport: Stefan Fuckert<\/p>\n\n\n\n<p>MDR: Torsten P\u00fcschel (Komentar), Lutz Lindemann (Experte)<\/p>\n\n\n\n<p>Moderation (Magenta Sport): Kamilla Benschop<\/p>\n\n\n\n<p>Moderation (MDR): Stephanie M\u00fcller-Spirra<\/p>\n\n\n\n<p><span style=\"text-decoration: underline;\">Sonntag, 27. Oktober, ab 12.45 Uhr (Magenta Sport):<\/span><\/p>\n\n\n\n<p><strong>Chemnitzer FC &#8211; 1.FC Kaiserslautern (13.00 Uhr)<\/strong><\/p>\n\n\n\n<p>Magenta Sport: Andreas Mann<\/p>\n\n\n\n<p>Moderation (Magenta Sport): Anett Sattler<\/p>\n\n\n\n<p><span style=\"text-decoration: underline;\">ab 13.45 Uhr (Magenta Sport):<\/span><\/p>\n\n\n\n<p><strong>SG Sonnenhof Gro\u00dfaspach &#8211; Eintracht Braunschweig (14.00 Uhr)<\/strong><\/p>\n\n\n\n<p>Magenta Sport: Martin Piller<\/p>\n\n\n\n<p>Moderation (Magenta Sport): Sascha Bandermann<\/p>\n\n\n\n<p><span style=\"text-decoration: underline;\">Montag, 28. August, ab 18.45 Uhr (Magenta Sport):<\/span><\/p>\n\n\n\n<p><strong>FC Bayern M\u00fcnchen II &#8211; SV Waldhof Mannheim (19.00 Uhr)<\/strong><\/p>\n\n\n\n<p>Magenta Sport: Alexander Klich<\/p>\n\n\n\n<p>Moderation (Magenta Sport): Sascha Bandermann<\/p>\n\n\n\n<p><strong><em>Premier League, 10. Spieltag:<\/em><\/strong><\/p>\n\n\n\n<p><span style=\"text-decoration: underline;\">Freitag, 25. Oktober, ab 20.50 Uhr (Sky):<\/span><\/p>\n\n\n\n<p><strong>Southampton &#8211; Leicester City (21.00 Uhr)<\/strong><\/p>\n\n\n\n<p>Sky: Sven Haist<\/p>\n\n\n\n<p><span style=\"text-decoration: underline;\">Samstag, 26. Oktober, ab 13.20 Uhr (Sky):<\/span><\/p>\n\n\n\n<p><strong>Manchester City &#8211; Aston Villa (13.30 Uhr)<\/strong><\/p>\n\n\n\n<p>Sky: Sven Schr\u00f6ter<\/p>\n\n\n\n<p><span style=\"text-decoration: underline;\">ab 15.50 Uhr (Sky):<\/span><\/p>\n\n\n\n<p><strong>West Ham United &#8211; Sheffield United (16.00 Uhr)<\/strong><\/p>\n\n\n\n<p>Sky: Jogi Hebel<\/p>\n\n\n\n<p><span style=\"text-decoration: underline;\">ab 18.20 Uhr (Sky):<\/span><\/p>\n\n\n\n<p><strong>FC Burnley &#8211; FC Chelsea (18.30 Uhr)<\/strong><\/p>\n\n\n\n<p>Sky: Hannes Hermann<\/p>\n\n\n\n<p><span style=\"text-decoration: underline;\">Sonntag, 27. Oktober, ab 15.00 (Sky):<\/span><\/p>\n\n\n\n<p><strong>Newcastle United &#8211; Wolverhampton (15.00 Uhr)<\/strong><\/p>\n\n\n\n<p>Sky: J\u00fcrgen Schmitz<\/p>\n\n\n\n<p><span style=\"text-decoration: underline;\">ab 17.00 Uhr (Sky):<\/span><\/p>\n\n\n\n<p><strong>Liverpool &#8211; Tottenham (17.30 Uhr)<\/strong><\/p>\n\n\n\n<p>Sky: Florian Schmidt-Sommerfeld (Kommentator), Experte: Ren\u00e9 Adler<\/p>\n\n\n\n<p><strong><em>Fu\u00dfball International<\/em><\/strong><\/p>\n\n\n\n<p><span style=\"text-decoration: underline;\">Freitag, 25. Oktober:<\/span><\/p>\n\n\n\n<p>MLS Playoffs (Conference Semifinals):<strong> Atlanta United &#8211; Philadelphia Union (02.08 Uhr)<\/strong><\/p>\n\n\n\n<p>sportdigital FUSSBALL: Karsten Linke<\/p>\n\n\n\n<p>Ekstraklasa (13. Spieltag): <strong>Cracovia Krakau &#8211; Pogon Szczecin (18.00 Uhr)<\/strong><\/p>\n\n\n\n<p>sportdigital FUSSBALL: Christian Blunck<\/p>\n\n\n\n<p>Jupiler Pro League (12. Spieltag:) <strong>KAS Eupen &#8211; RSC Anderlecht (20.30 Uhr)<\/strong><\/p>\n\n\n\n<p>sportdigital FUSSBALL: J\u00f6rg Steiger<\/p>\n\n\n\n<p><span style=\"text-decoration: underline;\">Samstag, 26. Oktober:<\/span><\/p>\n\n\n\n<p>Hyundai A-League, 2.Spieltag:  <strong>Western Sydney Wanderers &#8211; Sydney FC (10.36 Uhr)<\/strong><\/p>\n\n\n\n<p>sportdigital FUSBALL: Karsten Linke<\/p>\n\n\n\n<p>Sky Bet Championship, 14. Spieltag: <strong>Sheffield Wednesday &#8211; Leeds United (13.30 Uhr)<\/strong><\/p>\n\n\n\n<p>sportdigital FUSSBALL: Florian Obst<\/p>\n\n\n\n<p>Serie A, 9. Spieltag: <strong>US Lecce &#8211; Juventus Turin (15.00 Uhr)<\/strong><\/p>\n\n\n\n<p>DAZN: Marco Hagemann, Experte: Benny Lauth <\/p>\n\n\n\n<p>Sky Bet Championship, 14. Spieltag: <strong>West Bromwich Albion &#8211; Charlton Athletic (16.00 Uhr)<\/strong><\/p>\n\n\n\n<p>sportdigital FUSSBALL: Florian Obst<\/p>\n\n\n\n<p>Serie A, 9. Spieltag: <strong>Inter Mailand &#8211; FC Parma (18.00 Uhr)<\/strong><\/p>\n\n\n\n<p>DAZN: Uwe Morawe<\/p>\n\n\n\n<p>Ligue 1, 11. Spieltag: <strong>Olympique Lyon &#8211; FC Metz (20.00 Uhr)<\/strong><\/p>\n\n\n\n<p>DAZN: Martin Sedlacek<\/p>\n\n\n\n<p>LaLiga, 10. Spieltag: <strong>Atletico Madrid &#8211; Athletic Bilbao (21.00 Uhr)<\/strong><\/p>\n\n\n\n<p>DAZN: Nico Seepe<\/p>\n\n\n\n<p><span style=\"text-decoration: underline;\">Sonntag, 27. Oktober:<\/span><\/p>\n\n\n\n<p>Hyundai A-League, 3. Spieltag: <strong>Western United FC &#8211; Melbourne City (08.06 Uhr)<\/strong><\/p>\n\n\n\n<p>sportdigital FUSSBALL: Christian Blunck<\/p>\n\n\n\n<p>Sky Bet Championship, 14. Spieltag: <strong>Swansea City &#8211; Cardiff City (13.00 Uhr)<\/strong><\/p>\n\n\n\n<p>sportdigital FUSSBALL: Florian Obst<\/p>\n\n\n\n<p>Eredivisie, 11. Spieltag: <strong>PSV Eindhoven &#8211; AZ Alkmaar (14.55 Uhr)<\/strong><\/p>\n\n\n\n<p>sportdigital FUSSBALL: Karsten Linke<\/p>\n\n\n\n<p>Eredivisie, 11. Spieltag: <strong>Ajax Amsterdam &#8211; Feyenoord Rotterdam (16.45 Uhr)<\/strong><\/p>\n\n\n\n<p>DAZN: Tino Polster (Kommentar), Ralph Gunesch (Experte)<\/p>\n\n\n\n<p>sportdigital FUSSBALL: Karsten Linke<\/p>\n\n\n\n<p>Serie A, 9. Spieltag: <strong>AS Rom &#8211; AC Mailand (18.00 Uhr)<\/strong><\/p>\n\n\n\n<p>DAZN: Carsten Fu\u00df (Kommentar), Michael Hofmann (Experte)<\/p>\n\n\n\n<p>Liga NOS, 8. Spieltag: <strong>FC Porto &#8211; FC Famalicao<\/strong> <strong>(18.30 Uhr)<\/strong><\/p>\n\n\n\n<p>sportdigital FUSSBALL: J\u00f6rg Steiger <\/p>\n\n\n\n<p>Serie A, 9. Spieltag: <strong>AC Florenz &#8211; Lazio Rom (20.45 Uhr)<\/strong><\/p>\n\n\n\n<p>DAZN: David Ploch<\/p>\n\n\n\n<p>Liga NOS, 8. Spieltag: <strong>Sporting Lissabon &#8211; Vitoria Guimaraes (21.00 Uhr)<\/strong><\/p>\n\n\n\n<p>sportdigital FUSSBALL: Arne Malsch<\/p>\n\n\n\n<p>Ligue 1, 11. Spieltag: <strong>PSG &#8211; Marseille (21.00 Uhr)<\/strong><\/p>\n\n\n\n<p>DAZN: Stefan Galler (Kommentar), Alexis Menuge (Experte)<\/p>\n\n\n\n<p><span style=\"text-decoration: underline;\">Montag, 28. Oktober:<\/span><\/p>\n\n\n\n<p><strong><em>Sky Bet Championship, 14. Spieltag:<\/em><\/strong><\/p>\n\n\n\n<p><strong>Queens Park Rangers &#8211; Bentford (20.45 Uhr)<\/strong><\/p>\n\n\n\n<p>DAZN: Max Gross<\/p>\n\n\n\n<p>sportdigital FUSSBALL: J\u00f6rg Steiger <\/p>\n\n\n\n<p><strong>Die Analyse<\/strong><\/p>\n\n\n\n<p>Nachdem DAZN in der vergangenen Woche aus dem Stadion kommentierte, melden sich die drei Hauptakteure diesmal aus der Box. Daf\u00fcr berichten mit Sebastian Benesch und Antonia Wisgickl gleich zwei Field-Reporter live vom Geschehen. Es bleibt ein eher schwacher Trost.<\/p>\n\n\n\n<p><strong>Fuss bekommt das Derby wieder<\/strong><\/p>\n\n\n\n<p>Es war schon beinahe logisch, dass Wolff-Christoph Fuss das Revier-Derby \u00fcbernehmen w\u00fcrde. Schlie\u00dflich hat er seine Aufgabe bei den bisherigen Duellen richtig gut gemacht. Zugegeben, es war nicht schwer die Fans beim 4:4 mitzurei\u00dfen. Hier eine kleine Kostprobe zur Einstimmung:<\/p>\n\n\n\n<figure class=\"wp-block-embed-youtube wp-block-embed is-type-video is-provider-youtube wp-embed-aspect-4-3 wp-has-aspect-ratio\"><div class=\"wp-block-embed__wrapper\">\n<iframe loading=\"lazy\" title=\"Wolff Fuss kommentiert Dortmund gegen Schalke - 4:4\" width=\"720\" height=\"540\" src=\"https:\/\/www.youtube.com\/embed\/Y5si9giBNO8?feature=oembed\" frameborder=\"0\" allow=\"accelerometer; autoplay; clipboard-write; encrypted-media; gyroscope; picture-in-picture\" allowfullscreen><\/iframe>\n<\/div><\/figure>\n\n\n\n<p>Sein Fifa-Co-Kommentator Frank Buschmann meldet sich zur Konferenz aus der Veltins-Arena, nachdem \u201eBuschi\u201c schon an den letzten beiden Spieltagen in der Konferenz zu Wort kam. Auf Stimmenfang in Gelsenkirchen geht Patrick Wasserziehr. Erstligadeb\u00fct als Field-Reporter feiert zudem Martin Winkler am Samstag in Freiburg. <\/p>\n\n\n\n<p><strong>CL-Finalpaarung und Schmitz der Stuttgarter<\/strong><\/p>\n\n\n\n<p>Weniger gro\u00dfe \u00dcberraschungen gibt es im Unterhaus sowie in der Premier League. Florian Schmidt-Sommerfeld geh\u00f6rt nat\u00fcrlich das Spiel der Woche, welches diesmal seinem Namen mehr als gerecht wird. Tottenham gastiert bei Liverpool und bittet zur Neuauflage des diesj\u00e4hrigen CL-Finals.<\/p>\n\n\n\n<p>J\u00f6rg Dahlmann, der in der Bundesliga an diesem Spieltag nicht gebraucht wird, kommentiert gleich am Freitag Kiel gegen Bochum. Martin Gro\u00df kommt am Sonntag auch mal wieder zu einem Zweitligaeinsatz. Dass J\u00fcrgen Schmitz den VfB bekommt, ist inzwischen keine \u00dcberraschung mehr. Klar, wenn er schon alle kleinen Spiele macht, dann will er nat\u00fcrlich auch den Kracher gegen Hamburg nicht verpassen. In Liga drei springt Alexander K\u00fcpper spontan f\u00fcr Field-Reporter Gari Paubandt bei Rostock &#8211; 1860 ein.&nbsp;<\/p>\n\n\n\n<p>Sch\u00f6nes Fu\u00dfball-Wochenende!<\/p>\n","protected":false},"excerpt":{"rendered":"<p>N\u2019Abend allerseits, die Bundesliga ist so spannend wie lange nicht mehr &#8211; Stand jetzt. Ein bisschen mag man sogar in Erinnerungen schwelgen an die Saison 2008\/2009, in der Fu\u00dfball-Deutschland einen erstaunlich offenen Meisterkampf erlebte. Vor dem 31. Spieltag konnten damals theoretisch noch sieben Teams die Schale ergattern. Dass das in diesem Jahr \u00e4hnlich verlaufen wird, [&hellip;]<\/p>\n","protected":false},"author":2,"featured_media":0,"comment_status":"open","ping_status":"open","sticky":false,"template":"","format":"standard","meta":{"footnotes":""},"categories":[424],"tags":[20,10,163,60,165,13,89,61,26,86,191,22,105,107],"class_list":["post-455","post","type-post","status-publish","format-standard","hentry","category-bundesliga-und-co","tag-2-bundesliga","tag-3-liga","tag-alexander-kuepper","tag-bundesliga","tag-david-ploch","tag-dazn","tag-florian-schmidt-sommerfeld","tag-frank-buschmann","tag-joerg-dahlmann","tag-juergen-schmitz","tag-nico-seepe","tag-sky","tag-uli-hebel","tag-wolff-fuss"],"_links":{"self":[{"href":"https:\/\/kommentatorenblog.de\/index.php?rest_route=\/wp\/v2\/posts\/455","targetHints":{"allow":["GET"]}}],"collection":[{"href":"https:\/\/kommentatorenblog.de\/index.php?rest_route=\/wp\/v2\/posts"}],"about":[{"href":"https:\/\/kommentatorenblog.de\/index.php?rest_route=\/wp\/v2\/types\/post"}],"author":[{"embeddable":true,"href":"https:\/\/kommentatorenblog.de\/index.php?rest_route=\/wp\/v2\/users\/2"}],"replies":[{"embeddable":true,"href":"https:\/\/kommentatorenblog.de\/index.php?rest_route=%2Fwp%2Fv2%2Fcomments&post=455"}],"version-history":[{"count":15,"href":"https:\/\/kommentatorenblog.de\/index.php?rest_route=\/wp\/v2\/posts\/455\/revisions"}],"predecessor-version":[{"id":473,"href":"https:\/\/kommentatorenblog.de\/index.php?rest_route=\/wp\/v2\/posts\/455\/revisions\/473"}],"wp:attachment":[{"href":"https:\/\/kommentatorenblog.de\/index.php?rest_route=%2Fwp%2Fv2%2Fmedia&parent=455"}],"wp:term":[{"taxonomy":"category","embeddable":true,"href":"https:\/\/kommentatorenblog.de\/index.php?rest_route=%2Fwp%2Fv2%2Fcategories&post=455"},{"taxonomy":"post_tag","embeddable":true,"href":"https:\/\/kommentatorenblog.de\/index.php?rest_route=%2Fwp%2Fv2%2Ftags&post=455"}],"curies":[{"name":"wp","href":"https:\/\/api.w.org\/{rel}","templated":true}]}}