{"id":475,"date":"2019-10-28T22:45:01","date_gmt":"2019-10-28T21:45:01","guid":{"rendered":"http:\/\/kommentatorenblog.de\/?p=475"},"modified":"2021-02-28T22:11:55","modified_gmt":"2021-02-28T21:11:55","slug":"1028-ausgeschmitzt","status":"publish","type":"post","link":"https:\/\/kommentatorenblog.de\/?p=475","title":{"rendered":"1028 &#8211; Ausge&#8220;schmitzt&#8220;"},"content":{"rendered":"\n<p>Kleiner Hinweis in eigener Sache: Auch wenn die Seite, bezogen auf das Layout (ja das alte Layout war auch nicht der Kn\u00fcller), noch Verbesserungsbedarf hat. So kommen wir in einem der n\u00e4chsten Eintr\u00e4ge zumindest einem Versprechen nach. Wir starten in unregelm\u00e4\u00dfigen Abst\u00e4nden eine kleine Gespr\u00e4chsreihe. Erster Interviewpartner wird Sky-Kommentator und Premier League-Experte Joachim &#8222;Jogi&#8220; Hebel sein. Anregungen, Fragen oder Themenvorschl\u00e4ge gerne in die Kommentare oder per Mail\/Twitter. Mercy!<\/p>\n\n\n\n<p>Nun ist sie also auch schon fast wieder eine Woche alt: Die NBA-Saison 2019\/2020. Ich muss zugeben, meine Wenigkeit steigert sich in das Thema von Jahr zu Jahr mehr rein. Hier mal so ein paar Gedanken meinerseits<\/p>\n\n\n\n<ul class=\"wp-block-list\"><li>Die NBA besteht diese Saison nicht mehr aus einem Superteam, viele Teams stellen ein goldenes Duo. Da w\u00e4ren zum Beispiel die Los Angeles Clippers: Letztes Jahr haben sie sich in die Playoffs gek\u00e4mpft, ein funktionierendes Team mit Kettenhund Patrick Beverley oder dem Rookie Landry Shamet. Und wenn man dann zus\u00e4tzlich noch einen Lou Williams und einen Montrezl Harrell von der Bank ins Rennen schicken kann, ist man offensiv schon einmal nicht allzu schlecht besetzt. Nun gesellt sich mit Kawhi Leonard also der letzte Finals-MVP dazu und hat noch Paul George mitgebracht. Letzterer fehlt derzeit noch verletzt, aber das ganze liest sich auf dem Papier schon brutal gut.<\/li><li>Aber auch das andere Team aus Los Angeles, die Lakers, sind ja nicht allzu schlecht besetzt. Das Duo der Wahrheit besteht dort aus LeBron James und Anthony Davis, noch dazu besteht das Team aus zahlreichen Veteranen wie Scharfsch\u00fctze Danny Green, Playmaker Rajon Rondo, Avery Bradley, welcher sicherlich gerne an vergangene Tage in Boston ankn\u00fcpfen m\u00f6chte. Anthony Davis kam via Trade aus New Orleans von den Pelicans, ein Superstar, dementsprechend teuer musste LA das ganze bezahlen und musste mit Lonzo Ball, Brandon Ingram und Josh Hart gleich 3 vielversprechende Jungs zu den Pels abtreten. <\/li><li>Nat\u00fcrliche Transition zu eben jenen Pels: Diese haben vielleicht das aufregendste Dreivierteljahr ihrer Geschichte hinter sich. Stand man Anfang des Jahres noch vor einem Tr\u00fcmmerhaufen, da eben jener Davis einen Trade forderte, so schaut man jetzt auf den Kader des Teams und denkt sich: &#8222;Joa, so schlecht sind sie doch garnicht&#8220;. Und das muss man erst einmal schaffen: Du musst deinen absoluten Superstar abtreten und bist zum Beginn der n\u00e4chsten Saison trotzdem alles in allem ein besseres Team. Die drei Jungs aus Los Angeles haben wir angesprochen, jedoch muss man nat\u00fcrlich sagen, dass ein ganz anderer junger Mann der gro\u00dfe Hauptgewinn der Pels ist: Zion Williamson. Der Nummer-1 Pick des diesj\u00e4hrigen Drafts, ein Spieler, der mit megam\u00e4\u00dfig viel Hype die Liga betritt &#8211; und nun zum Beginn der Saison erst einmal verletzt ausf\u00e4llt. Schade, sehr schade. Aber auch sonst kann man sich dieses Team durchaus anschauen: Mit Jrue Holiday hast du immer noch einen der besten Two-Way Guards der Liga, mit JJ Redick hat man sich einen erstklassigen Veteranen geholt, auch Derrick Favors passt da rein. Die Mischung aus jung und alt gef\u00e4llt mir bei denen unheimlich gut. <\/li><li>Schauen wir in diesem Beitrag auch einmal auf den Meister, dies sind die Toronto Raptors. Kawhi Leonard hat seine Mission erf\u00fcllt und hat einen Titel nach Kanada gebracht, auch Danny Green hat sehr viel dazu beigetragen. Beide sind nun weg, aber bekannte Namen wie Kyle Lowry, Serge Ibaka, Marc Gasol, MIP Pascal Siakam oder Fred VanVleet sind noch da, auch Norman Powell und OG Anunoby stehen nach wie vor im Kader. Es fehlt nun halt der Go-To-Guy, dass war nun einmal Leonard. Trotz allem ist dieses Team sehr weit davon entfernt, schlecht zu sein, ganz im Gegenteil. Ich bin gespannt, wie sich die Herren Siakam und Anunoby diese Saison entwickeln!<\/li><li>Damit werfen wir noch einen abschlie\u00dfenden Blick auf &#8222;mein&#8220; Team, die Dallas Mavericks: Jahr Nummer Eins nach Dirk Nowitzki und auch die Mavs haben ein Spitzenduo, ironischerweise aus zwei Europ\u00e4ern bestehend: Luka Doncic und Kristaps Porzingis. Letzterer kann erst diese Saison wieder angreifen, er fiel die komplette letzte Saison aus. Aber das, was ich in den bisherigen Saisonspielen von ihm gesehen habe, stimmt mich \u00e4u\u00dferst positiv. Allgemein finde ich das Team sehr stimmig: Maxi Kleber ist laut seinem Coach einer der &#8222;besten Rollenspieler der NBA&#8220;, mit Delon Wright hat man sich einen sehr ordentlichen Mann aus Toronto geholt. Du hast erfahrene Spieler im Team wie Courtney Lee, JJ Barea oder Boban Marjanovic, du hast gute junge Spieler wie Jalen Brunson, Justin Jackson oder High-Energy Guy Dorian Finney Smith und du hast Spieler, die jede Minute offensiv explodieren k\u00f6nnen und dir auch mal 20 Punkte in limitierter Rolle bieten k\u00f6nnen wie Tim Hardaway Jr. und Seth Curry. Kurz und knapp: Ich mag das Team und bin der Meinung, dass die Jungs es durchaus in die Playoffs schaffen k\u00f6nnten. In der Eastern-Conference w\u00e4re dies f\u00fcr mich schon sicher, ,da die Mavs jedoch im kn\u00fcppelharten Westen spielen, wird es doch sehr eng. Da muss schon alles laufen.<\/li><li>Nat\u00fcrlich gibt es noch viele andere Teams und Storys \u00fcber die man schreiben k\u00f6nnte, aber das w\u00fcrde hier jetzt den Rahmen sprengen. Ist es euch \u00fcberhaupt recht, wenn ich ab und an \u00fcber die NBA schreibe oder wollt ihr davon nichts wissen? Gibt es noch andere Themen, die euch interessieren w\u00fcrden? Ab in die Kommentare damit, ich freue mich immer \u00fcber Anregungen und vielleicht kann ich am Donnerstag schon auf die ein oder andere Zuschrift eingehen<\/li><\/ul>\n\n\n\n<p>So, und an alle, die die ersten Zeilen \u00fcberlesen haben, da sie diese Sportart schlichtweg nicht interessiert: Hallo! Hier sind die Tagesthe\u2026 \u00e4hm, die Ansetzungen! Gleich vorweg eine Nachricht an alle Fans vom VfB: J\u00fcrgen Schmitz hat im Pokal offenbar keine Lust auf die Schwaben! <\/p>\n\n\n\n<p><strong><em><span style=\"text-decoration: underline;\">Die Ansetzungen vom 29. Oktober 2019 bis zum 31. Oktober 2019<\/span><\/em><\/strong><\/p>\n\n\n\n<p><strong><em>DFB-Pokal, 2. Runde<\/em><\/strong><\/p>\n\n\n\n<p><span style=\"text-decoration: underline;\">Dienstag, 29. Oktober 2019 ab 18.00 Uhr (Sky)<\/span><\/p>\n\n\n\n<p><b><i>Hamburger SV&nbsp;\u2013&nbsp;VfB Stuttgart<\/i><\/b><strong><em> (18.30 Uhr)<\/em><\/strong><\/p>\n\n\n\n<p>Sky: Jonas Friedrich (Einzelspiel), Roland Evers (Konferenz)<\/p>\n\n\n\n<p><strong><em>SC Freiburg \u2013 1. FC Union Berlin (18.30 Uhr)<\/em><\/strong><\/p>\n\n\n\n<p>Sky: Hansi K\u00fcpper (Einzelspiel), Florian Schmidt-Sommerfeld (Konferenz)<\/p>\n\n\n\n<p><b><i>1. FC Saarbr\u00fccken &#8211; 1. FC K\u00f6ln<\/i><\/b><strong><em> (18.30 Uhr)<\/em><\/strong><\/p>\n\n\n\n<p>Sky: Klaus Veltmann (Einzelspiel), Holger Pfandt (Konferenz)<\/p>\n\n\n\n<p><b><i>MSV Duisburg &#8211; 1899 Hoffenheim<\/i><\/b> <strong><em>(18.30 Uhr)<\/em><\/strong><\/p>\n\n\n\n<p>Sky: J\u00fcrgen Schmitz (Einzelspiel), Markus Gaupp (Konferenz)<\/p>\n\n\n\n<p><span style=\"text-decoration: underline;\">Ab 19.00 Uhr (Sport1) 20.00 Uhr (Sky)<\/span><\/p>\n\n\n\n<p><strong><em>VfL Bochum&nbsp;\u2013&nbsp;FC Bayern M\u00fcnchen (20.00 Uhr)<\/em><\/strong><\/p>\n\n\n\n<p>Sport1: Markus H\u00f6hner, Experte: Stefan Effenberg<\/p>\n\n\n\n<p>Sky: Kai Dittmann (Einzelspiel), Wolff Fuss (Konferenz), Field-Reporter: Michael Leopold<\/p>\n\n\n\n<p>Moderation (Sport1): Laura Papendick &amp; Jochen Stutzky, Experte: Peter Neururer<\/p>\n\n\n\n<p><span style=\"text-decoration: underline;\">Ab 20.45 Uhr (Sky)<\/span><\/p>\n\n\n\n<p><b><i>Bayer Leverkusen \u2013&nbsp;SC Paderborn 07<\/i><\/b><strong><em> (20.45 Uhr)<\/em><\/strong><\/p>\n\n\n\n<p>Sky: Michael Born (Einzelspiel), Marcel Meinert (Konferenz)<\/p>\n\n\n\n<p><b><i>Arminia Bielefeld &#8211; FC Schalke 04<\/i><\/b><strong><em> (20.45 Uhr)<\/em><\/strong><\/p>\n\n\n\n<p>Sky: Martin Gro\u00df (Einzelspiel), Frank Buschmann (Konferenz)<\/p>\n\n\n\n<p><b><i>SV Darmstadt 98 &#8211; Karlsruher SC<\/i><\/b><strong><em> (20.45 Uhr)<\/em><\/strong><\/p>\n\n\n\n<p>Sky: Sven Schr\u00f6ter (Einzelspiel), J\u00f6rg Dahlmann (Konferenz)<\/p>\n\n\n\n<p>Moderation (Sky): Jessica Libbertz<\/p>\n\n\n\n<p><span style=\"text-decoration: underline;\">Mittwoch, 30. Oktober 2019 ab 18.00 Uhr (Sky)<\/span><\/p>\n\n\n\n<p><b><i>VfL Wolfsburg \u2013&nbsp;RB Leipzig<\/i><\/b><strong><em> (18.30 Uhr)<\/em><\/strong><\/p>\n\n\n\n<p>Sky: Oliver Seidler (Einzelspiel), Hansi K\u00fcpper (Konferenz)<\/p>\n\n\n\n<p><b><i>1. FC Kaiserslautern \u2013&nbsp;1. FC N\u00fcrnberg<\/i><\/b><strong><em> (18.30 Uhr)<\/em><\/strong><\/p>\n\n\n\n<p>Sky: Roland Evers (Einzelspiel), Florian Schmidt-Sommerfeld (Konferenz)<\/p>\n\n\n\n<p><b><i>SC Verl &#8211; Holstein Kiel<\/i><\/b><strong><em> (18.30 Uhr)<\/em><\/strong><\/p>\n\n\n\n<p>Sky: Michael Born (Einzelspiel), J\u00f6rg Dahlmann (Konferenz)<\/p>\n\n\n\n<p><strong><em>Werder Bremen &#8211; 1. FC Heidenheim (18.30 Uhr)<\/em><\/strong><\/p>\n\n\n\n<p>Sky: Martin Gro\u00df (Einzelspiel), Holger Pfandt (Konferenz)<\/p>\n\n\n\n<p><span style=\"text-decoration: underline;\">Ab 20.15 Uhr (ARD) 20.30 Uhr (Sky)<\/span><\/p>\n\n\n\n<p><strong><em>Borussia Dortmund&nbsp;\u2013&nbsp;Borussia M\u00f6nchengladbach (20,30 Uhr)<\/em><\/strong><\/p>\n\n\n\n<p>ARD: Tom Bartels<\/p>\n\n\n\n<p>Sky: Wolff Fuss (Einzelspiel), Kai Dittmann (Konferenz), Field-Reporterin: Britta Hofmann<\/p>\n\n\n\n<p>Moderation (ARD): Jessy Wellmer, Experte: Thomas Broich, Field-Reporter: J\u00fcrgen Bergener und Valeska Homburg<\/p>\n\n\n\n<p><b><i>FC St. Pauli \u2013&nbsp;Eintracht Frankfurt<\/i><\/b><strong><em> (20.30 Uhr)<\/em><\/strong><\/p>\n\n\n\n<p>Sky: Torsten Kunde (Einzelspiel), Frank Buschmann (Konferenz)<\/p>\n\n\n\n<p><strong><em>Fortuna D\u00fcsseldorf &#8211; Erzgebirge Aue (20.30 Uhr)<\/em><\/strong><\/p>\n\n\n\n<p>Sky: Tom Bayer (Einzelspiel), Klaus Veltmann (Konferenz)<\/p>\n\n\n\n<p><b><i>Hertha BSC &#8211; Dynamo Dresden<\/i><\/b><strong><em> (20.30 Uhr)<\/em><\/strong><\/p>\n\n\n\n<p>Sky: Marcus Lindemann (Einzelspiel), Stefan Hempel (Konferenz)<\/p>\n\n\n\n<p>Moderation (Sky): Sebastian Hellmann<\/p>\n\n\n\n<p><strong><em>Fu\u00dfball International<\/em><\/strong><\/p>\n\n\n\n<p><span style=\"text-decoration: underline;\">Dienstag, 29. Oktober 2019<\/span><\/p>\n\n\n\n<p>La Liga, 11. Spieltag: <strong><em>Deportivo Alaves &#8211; Atletico Madrid (19.00 Uhr)<\/em><\/strong><\/p>\n\n\n\n<p>DAZN: Lukas Sch\u00f6nm\u00fcller<\/p>\n\n\n\n<p>Carabao Cup, Achtelfinale: <strong><em>Manchester City &#8211; FC Southampton<\/em><\/strong> <strong><em>(20.45 Uhr)<\/em><\/strong><\/p>\n\n\n\n<p>DAZN: Marco Hagemann <\/p>\n\n\n\n<p>Carabao Cup, Achtelfinale: <strong><em>FC Everton &#8211; FC Watford (20.45 Uhr)<\/em><\/strong><\/p>\n\n\n\n<p>DAZN: Hans von Brockhausen<\/p>\n\n\n\n<p>Serie A, 10. Spieltag: <strong><em>Brescia Calcio &#8211; Inter Mailand (21.00 Uhr)<\/em><\/strong><\/p>\n\n\n\n<p>DAZN: Carsten Fu\u00df, Experte: Christian Bernhard <\/p>\n\n\n\n<p>La Liga, 11. Spieltag: <strong><em>FC Barcelona &#8211; Real Valladolid (21.15 Uhr)<\/em><\/strong><\/p>\n\n\n\n<p>DAZN: Jan Platte, Experte: Jonas Hummels <\/p>\n\n\n\n<p><span style=\"text-decoration: underline;\">Mittwoch, 30. Oktober 2019<\/span><\/p>\n\n\n\n<p>Major League Soccer, Conference-Finale: <strong><em>Los Angeles FC &#8211; Seattle Sounders (03.00 Uhr)<\/em><\/strong><\/p>\n\n\n\n<p>DAZN: Matthias Naebers<\/p>\n\n\n\n<p>sportdigital FUSSBALL: Karsten Linke<\/p>\n\n\n\n<p>Liga NOS, 9. Spieltag:<b><i> Maritimo Funchal &#8211; FC Porto<\/i><\/b><strong><em> (19.45 Uhr)<\/em><\/strong><\/p>\n\n\n\n<p>sportdigital FUSSBALL: J\u00f6rg Steiger<\/p>\n\n\n\n<p><strong><em>GoalZone International (20.30 Uhr)<\/em><\/strong><\/p>\n\n\n\n<p>DAZN: Lukas Sch\u00f6nm\u00fcller<\/p>\n\n\n\n<p>Carabao Cup, Achtelfinale: <strong><em>FC Liverpool &#8211; FC Arsenal (20.30 Uhr)<\/em><\/strong><\/p>\n\n\n\n<p>DAZN: Uli Hebel, Experte: Sebastian Knei\u00dfl<\/p>\n\n\n\n<p>Serie A, 10. Spieltag: <strong><em>Juventus Turin &#8211; CFC Genua (21.00 Uhr)<\/em><\/strong><\/p>\n\n\n\n<p>DAZN: Guido H\u00fcsgen<\/p>\n\n\n\n<p>Carabao Cup, Achtelfinale: <strong><em>FC Chelsea &#8211; Manchester United (21.05 Uhr)<\/em><\/strong><\/p>\n\n\n\n<p>DAZN: Marco Hagemann, Experte: Ralph Gunesch<\/p>\n\n\n\n<p>La Liga, 11. Spieltag: <strong><em>Real Madrid &#8211; CD Leganes (21.15 Uhr)<\/em><\/strong><\/p>\n\n\n\n<p>DAZN: Tobi Fischbeck<\/p>\n\n\n\n<p>Liga NOS, 9. Spieltag: <strong><em>Benfica Lissabon &#8211; Portimonense SC<\/em><\/strong> <strong><em>(21.30 Uhr)<\/em><\/strong><\/p>\n\n\n\n<p>sportdigital FUSSBALL: Christian Blunck<\/p>\n\n\n\n<p><span style=\"text-decoration: underline;\">Donnerstag, 31. Oktober 2019<\/span><\/p>\n\n\n\n<p>Major League Soccer, Conference-Finale: <strong><em>Atlanta United &#8211; Toronto FC (01.00 Uhr)<\/em><\/strong><\/p>\n\n\n\n<p>DAZN: Uwe Morawe <\/p>\n\n\n\n<p>sportdigital FUSSBALL: Hannes Herrmann <\/p>\n\n\n\n<p>Jupiler Pro League, 13. Spieltag: <strong><em>RSC Anderlecht &#8211; KAA Gent<\/em><\/strong> <strong><em>(21.00 Uhr)<\/em><\/strong><\/p>\n\n\n\n<p>sportdigital FUSSBALL:  Klaus Bellstedt<\/p>\n\n\n\n<p>Serie A, 10. Spieltag: <strong><em>AC Mailand &#8211; SPAL (21.00 Uhr)<\/em><\/strong><\/p>\n\n\n\n<p>DAZN: Mario Rieker <\/p>\n\n\n\n<p><strong><em><span style=\"text-decoration: underline;\">Die Analyse<\/span><\/em><\/strong><\/p>\n\n\n\n<p>Ich muss zugeben: H\u00e4tte ich nicht den Zuschlag f\u00fcr diesen Beitrag bekommen, h\u00e4tte ich glatt verpennt, dass ja Pokalwoche ist. Irgendwie bin ich in der Fu\u00dfball-Materie nicht so ganz drin, derzeit. Ich gelobe Besserung!<\/p>\n\n\n\n<p>HSV gegen VfB, die Zweite! Am Wochenende traf man bereits in der Liga aufeinander, nun kann der VfB nach der 2:6 Pleite in eben jenem Spiel Aufbauarbeit leisten und gleich in der Hansestadt bleiben. J\u00fcrgen Schmitz wird den Stuttgartern also untreu und \u00fcbergibt Jonas Friedrich das Mikro. Coole Ansetzung, freue ich mich tats\u00e4chlich drauf! Schmitz ist zeitgleich in Duisburg. Irgendwie ziemlich un\u00fcbliche Ansetzungen wenn man sich das mal anschaut: Friedrich im hohen Norden, K\u00fcpper ist jetzt nicht so h\u00e4ufig in Freiburg, Michael Born ist auch eher im Norden heimisch wie in Leverkusen. Sport1 darf nun auch ein Spiel \u00fcbertragen und w\u00e4hlt, oh Wunder, oh Wunder, die Bayern. Anscheinend ist aber wohl tats\u00e4chlich die gesamte Kapelle im Stadion! Sky schickt bei der Partie in Bochum Michael Leopold zus\u00e4tzlich mit ins Stadion. Zu den Konferenzen am Dienstag gibt es nicht viel zu sagen, Buschmann und Dahlmann k\u00f6nnte unterhaltsam werden.<\/p>\n\n\n\n<p>Ein Blick auf den Mittwoch: Roland Evers macht sich von M\u00fcnchen auf den Weg zum &#8222;Betze&#8220;, Michael Born reist von Leverkusen zur Partie Verl &#8211; Kiel. Auch Martin Gro\u00df bekommt ein zweites Einzelspiel und f\u00e4hrt von Bielefeld nach Bremen. Um das Borussen-Duell k\u00fcmmern sich bei Sky die gleichen Herren, die Tags zuvor die Bayern verfolgen, Dittmann \u00fcbernimmt den Platz von Wolff Fuss und letzterer macht sich auf nach Dortmund. Auch hier schickt Sky mit Britta Hofmann eine Field-Reporterin ins Stadion. Auch die ARD ist vor Ort, Tom Bartels \u00fcbernimmt. <\/p>\n\n\n\n<p>Auch international wird ein bisschen Fu\u00dfball gespielt, es d\u00fcrfte f\u00fcr jeden was dabei sein!<\/p>\n\n\n\n<p>Euch eine sch\u00f6ne Herbstwoche!<\/p>\n","protected":false},"excerpt":{"rendered":"<p>Kleiner Hinweis in eigener Sache: Auch wenn die Seite, bezogen auf das Layout (ja das alte Layout war auch nicht der Kn\u00fcller), noch Verbesserungsbedarf hat. So kommen wir in einem der n\u00e4chsten Eintr\u00e4ge zumindest einem Versprechen nach. Wir starten in unregelm\u00e4\u00dfigen Abst\u00e4nden eine kleine Gespr\u00e4chsreihe. Erster Interviewpartner wird Sky-Kommentator und Premier League-Experte Joachim &#8222;Jogi&#8220; Hebel [&hellip;]<\/p>\n","protected":false},"author":4,"featured_media":0,"comment_status":"open","ping_status":"open","sticky":false,"template":"","format":"standard","meta":{"footnotes":""},"categories":[504],"tags":[19,62,13,65,194,195,159,79,193,192,127,22,66,134],"class_list":["post-475","post","type-post","status-publish","format-standard","hentry","category-dfb-pokal-co","tag-ard","tag-carabao-cup","tag-dazn","tag-dfb-pokal","tag-goalzone","tag-jupiler-pro-league","tag-la-liga","tag-liga-nos","tag-major-league-soccer","tag-nba","tag-serie-a","tag-sky","tag-sport1","tag-sportdigital-fussball"],"_links":{"self":[{"href":"https:\/\/kommentatorenblog.de\/index.php?rest_route=\/wp\/v2\/posts\/475","targetHints":{"allow":["GET"]}}],"collection":[{"href":"https:\/\/kommentatorenblog.de\/index.php?rest_route=\/wp\/v2\/posts"}],"about":[{"href":"https:\/\/kommentatorenblog.de\/index.php?rest_route=\/wp\/v2\/types\/post"}],"author":[{"embeddable":true,"href":"https:\/\/kommentatorenblog.de\/index.php?rest_route=\/wp\/v2\/users\/4"}],"replies":[{"embeddable":true,"href":"https:\/\/kommentatorenblog.de\/index.php?rest_route=%2Fwp%2Fv2%2Fcomments&post=475"}],"version-history":[{"count":8,"href":"https:\/\/kommentatorenblog.de\/index.php?rest_route=\/wp\/v2\/posts\/475\/revisions"}],"predecessor-version":[{"id":483,"href":"https:\/\/kommentatorenblog.de\/index.php?rest_route=\/wp\/v2\/posts\/475\/revisions\/483"}],"wp:attachment":[{"href":"https:\/\/kommentatorenblog.de\/index.php?rest_route=%2Fwp%2Fv2%2Fmedia&parent=475"}],"wp:term":[{"taxonomy":"category","embeddable":true,"href":"https:\/\/kommentatorenblog.de\/index.php?rest_route=%2Fwp%2Fv2%2Fcategories&post=475"},{"taxonomy":"post_tag","embeddable":true,"href":"https:\/\/kommentatorenblog.de\/index.php?rest_route=%2Fwp%2Fv2%2Ftags&post=475"}],"curies":[{"name":"wp","href":"https:\/\/api.w.org\/{rel}","templated":true}]}}