{"id":5252,"date":"2020-12-14T20:37:17","date_gmt":"2020-12-14T20:37:17","guid":{"rendered":"http:\/\/kommentatorenblog.de\/?p=5252"},"modified":"2020-12-30T15:08:24","modified_gmt":"2020-12-30T15:08:24","slug":"1133-to-be-continued-d","status":"publish","type":"post","link":"https:\/\/kommentatorenblog.de\/?p=5252","title":{"rendered":"1133 \u2013 Einsames Fest der Liebe"},"content":{"rendered":"\n<p>N\u2019Abend allerseits,<\/p>\n\n\n\n<p>Der gesch\u00e4tzte Leser stellt sich die berechtigte Frage: Was\nliegt l\u00e4nger zur\u00fcck? Der Letzte Sieg von Schalke 04 oder mein letzter Beitrag?\nNun, dass ist eine Frage, mit der sich Historiker gerne besch\u00e4ftigen d\u00fcrfen,\nmeine Wenigkeit wird dies nicht tun. <\/p>\n\n\n\n<p>Zwischen Pandemie, Weihnachten und Geburtstag habe ich\ntats\u00e4chlich mal wieder einen Urlaubstag, welcher es mir erm\u00f6glicht, hier mal wieder\neinen Beitrag zu verfassen. Wor\u00fcber wollen wir reden? Ich muss zugeben, was die\nSportwelt betrifft habe ich vor lauter Arbeit und Corona \u00fcberhaupt nichts mehr\nmitbekommen (dazu sp\u00e4ter unten mehr), weswegen ich hier auf die Kompetenz\nmeiner gesch\u00e4tzten Kollegen verweise. <\/p>\n\n\n\n<p>Gleich kommen wir zum Sport, erstmal ein bisschen zum\nWeltgeschehen. Die vergangenen 4 Monate, quasi seit dem Urlaub, waren mit\ngro\u00dfem Abstand die anstrengendsten Arbeitstage, die ich bislang in meinem recht\njungen Leben erlebt habe. Diese Pandemie hat auch bei mir auf der Arbeit (zur\nErinnerung, ich bin Altenpfleger) alles im Griff, es vergeht kein Tag ohne neue\nEntwicklungen bez\u00fcglich Corona \u2013 positive Entwicklungen wie negative.\nSchnelltests, Arztvisiten, Hygieneschulungen, Overalls, Isolation, Quarant\u00e4ne.\nAll das hat in den vergangenen Monaten den Arbeitsalltag nicht nur bei mir,\nsondern sicher auch bei euch bestimmt. Ich bin gottfroh nun bis Heiligabend\nerst einmal Urlaub zu haben und einfach mal Abstand zu dieser Geschichte zu gewinnen.\n<\/p>\n\n\n\n<p>Ich habe die letzten Wochen viel mit meinen Bewohnern \u00fcber das ganze Geschehen gesprochen. Viele erz\u00e4hlten mir, dass das diesj\u00e4hrige Weihnachtsfest ein besonders einsames werden wird. Ich stimme dem zu, habe bis dato aber noch gar nicht bedacht, welch Dimensionen die Ereignisse dieses Jahr bei eben jenen Leuten einnimmt \u2013 bei den Leuten, die in den Pflege- und Altersheimen wohnen oder im Krankenhaus sind. Kurzes Hintergrundwissen: Weihnachten ist bei vielen unserer Bewohner in den letzten Jahren das Fest gewesen, wo sie morgens von ihren Angeh\u00f6rigen abgeholt wurden und quasi den gesamten Tag bei ihren Liebsten verbrachten und abends mit vollem Magen wieder zu uns zur\u00fcckkehrten.\u00a0 Das Fest der Liebe eben \u2013 nun allerdings mit dem gesamten Pandemiegeschehen ist es nat\u00fcrlich kaum machbar das auch dieses Jahr zu erm\u00f6glichen \u2013 Pflegeheime sind f\u00fcr Besucher teilweise komplett geschlossen, genauso die Krankenh\u00e4user. (Mein Opa beispielsweise musste im Oktober einsam sterben, da das \u00f6rtliche Krankenhaus f\u00fcr Besucher geschlossen war) Das man die Liebsten beim Fest der Liebe nicht sehen kann ist einfach nur d\u00fcster und traurig. Da sind auch wir als Pflegepersonal machtlos \u2013 wir sind zwar t\u00e4glich bei den Bewohnern, sind aber logischerweise nicht der eigene Sohn, den man sonst zu diesem Zeitpunkt des Jahres in den Arm nimmt. Das macht die Leute sehr traurig, was auch mich pers\u00f6nlich sehr traurig, dies wiederum zieht auch meine Stimmung nach unten, da man an diesem Zustand einfach nichts \u00e4ndern kann.<\/p>\n\n\n\n<p>Wor\u00fcber sich die Bewohner in unserem Haus jedoch immer freuen sind, ganz altmodisch, Briefe. Drum der Aufruf: Nehmt Stift und Papier in die Hand und schreibt euren Liebsten! Unabh\u00e4ngig davon ob jene Person sich im Heim befindet oder ob es sich um die Freundin handelt, die man aufgrund der derzeitigen Situation nicht bei sich haben kann. Ist doch auch irgendwie pers\u00f6nlicher als eine simple Whatsapp. \ud83d\ude09<\/p>\n\n\n\n<p>Ein Impfstoff ist auf dem Weg, man muss allerdings auch\nbedenken, dass nicht mit einem Fingerschnipp alles beendet ist und alles wieder\nso ist wie zuvor. Das Thema wird uns noch besch\u00e4ftigen \u2013 Wochen, Monate,\nwahrscheinlich gar Jahre. Aber wie hei\u00dft es so sch\u00f6n: Am Ende wird alles gut und\nsolange noch nicht alles gut ist, ist es auch noch nicht das Ende. Lasst uns also\nweiter diszipliniert unsere Masken tragen und Abstand halten. <\/p>\n\n\n\n<p>So, nun genug den Stimmungsd\u00e4mpfer gegeben, nun wird es noch\nZeit f\u00fcr ein bisschen Sport. Ich hoffe ich konnte mit diesem Exkurs den ein\noder anderen zum Nachdenken anregen. Das diese Situation f\u00fcr uns alle eine\nwahrlich beschissene ist, ist jedem bewusst. Ich wollte euch lediglich ein\nbisschen daran teilhaben lassen, was mir derzeit auf der Arbeit begegnet. <\/p>\n\n\n\n<p>Sportart Nummer 1 bei mir ist, und das f\u00e4llt mir diesen\nBeitrag nunmehr krass auf, ist mittlerweile Basketball. Dort geht es kurz vor\nWeihnachten in die neue Saison. Wenn ich mich recht entsinne ging es in meinem letzten\nBeitrag um die NBA Finals \u2013 so schlie\u00dft sich also ein Kreis.<\/p>\n\n\n\n<p>Wen muss man auf den Zettel haben? Ich finde es wird eine\ninteressante Saison, zu allen 30 Teams kann man seine Storylines finden \u2013 Wenn es\num den Titel geht fragt man sich nat\u00fcrlich, ob Anthony Davis und LeBron James\ndie Lakers wieder zum Titel f\u00fchren k\u00f6nnen. Die gr\u00f6\u00dften Konkurrenten aus meiner Sicht?\nDer Nachbar aus LA (wo \u201eWayoff P\u201c erst k\u00fcrzlich einen neuen Vertrag\nunterschrieben hat) ist da sicherlich mit im Rennen. Was macht der letztj\u00e4hrige\nFinalist aus Miami, wie gut sind die Trail Blazers, nachdem sie jetzt mit\nCovington auch noch einen f\u00e4higen Verteidiger dazu bekommen haben, was machen\ndie Mavs rund um Luka, wo landet Milwaukee?<\/p>\n\n\n\n<p>Aber nicht nur rund um den Titel ist es spannend \u2013 Was haben\ndie Atlanta Hawks vor, wie gut harmonieren Durant und Irving in Brooklyn, wie\nschl\u00e4gt sich Golden State trotz der erneuten Verletzung von Klay Thompson und\nwas zum Teufel hat Detroit mit gef\u00fchlt 10 Centern vor? Soviel sei gesagt:\nDetroit war schon letztes Jahr das Team welches ich am wenigsten gesehen habe, sogar\nnoch weniger als die Hornets \u2013 und das wird sich unter diesen Voraussetzungen sicher\nnicht \u00e4ndern. Auf was freut ihr euch am meisten mit Hinblick auf die neue Saison;\nw\u00fcrde mich sehr interessieren!<\/p>\n\n\n\n<p>Nun zu den Ansetzungen, eine englische Woche steht an!<\/p>\n\n\n\n<hr class=\"wp-block-separator\"\/>\n\n\n\n<p><strong><em>Die Ansetzungen vom 15. Dezember bis zum 17. Dezember 2020<\/em><\/strong><\/p>\n\n\n\n<p><strong>Bundesliga, 12. Spieltag<\/strong> <strong>(Sky)<\/strong><\/p>\n\n\n\n<p><span style=\"text-decoration: underline;\">Dienstag, 15. Dezember 2020, ab 17.30 Uhr<\/span><\/p>\n\n\n\n<p><strong><em>Eintracht Frankfurt \u2013 Borussia M\u00b4gladbach (18.30 Uhr)<\/em><\/strong><\/p>\n\n\n\n<p class=\"has-normal-font-size\"><img loading=\"lazy\" decoding=\"async\" width=\"10\" height=\"21\" class=\"wp-image-3656\" style=\"width: 10px;\" src=\"http:\/\/kommentatorenblog.de\/wp-content\/uploads\/2020\/09\/shure-55sh-ii-e1601485394796.jpg\" alt=\"\" srcset=\"https:\/\/kommentatorenblog.de\/wp-content\/uploads\/2020\/09\/shure-55sh-ii-e1601485394796.jpg 415w, https:\/\/kommentatorenblog.de\/wp-content\/uploads\/2020\/09\/shure-55sh-ii-e1601485394796-142x300.jpg 142w\" sizes=\"auto, (max-width: 10px) 100vw, 10px\" \/> Michael Born  <\/p>\n\n\n\n<p>Field-Reporter: Martin Gro\u00df <\/p>\n\n\n\n<p><span style=\"text-decoration: underline;\">ab 20.25 Uhr<\/span><\/p>\n\n\n\n<p><strong><em>SV Werder Bremen \u2013 Borussia Dortmund (20.30 Uhr)<\/em><\/strong><\/p>\n\n\n\n<p class=\"has-normal-font-size\"><img loading=\"lazy\" decoding=\"async\" width=\"10\" height=\"21\" class=\"wp-image-3656\" style=\"width: 10px;\" src=\"http:\/\/kommentatorenblog.de\/wp-content\/uploads\/2020\/09\/shure-55sh-ii-e1601485394796.jpg\" alt=\"\" srcset=\"https:\/\/kommentatorenblog.de\/wp-content\/uploads\/2020\/09\/shure-55sh-ii-e1601485394796.jpg 415w, https:\/\/kommentatorenblog.de\/wp-content\/uploads\/2020\/09\/shure-55sh-ii-e1601485394796-142x300.jpg 142w\" sizes=\"auto, (max-width: 10px) 100vw, 10px\" \/> Marcus Lindemann (Einzelspiel), Frank Buschmann (Konferenz)<\/p>\n\n\n\n<p>Field-Reporter: Patrick Wasserziehr  <\/p>\n\n\n\n<p><strong><em>Hertha BSC \u2013 FSV Mainz 05 (20.30 Uhr)<\/em><\/strong><\/p>\n\n\n\n<p class=\"has-normal-font-size\"><img loading=\"lazy\" decoding=\"async\" width=\"10\" height=\"21\" class=\"wp-image-3656\" style=\"width: 10px;\" src=\"http:\/\/kommentatorenblog.de\/wp-content\/uploads\/2020\/09\/shure-55sh-ii-e1601485394796.jpg\" alt=\"\" srcset=\"https:\/\/kommentatorenblog.de\/wp-content\/uploads\/2020\/09\/shure-55sh-ii-e1601485394796.jpg 415w, https:\/\/kommentatorenblog.de\/wp-content\/uploads\/2020\/09\/shure-55sh-ii-e1601485394796-142x300.jpg 142w\" sizes=\"auto, (max-width: 10px) 100vw, 10px\" \/> Oliver Seidler (Einzelspiel), Florian Schmidt-Sommerfeld (Konferenz)<\/p>\n\n\n\n<p>Field-Reporter: Jens Westen <\/p>\n\n\n\n<p><strong><em>VfB Stuttgart \u2013 1.FC Union Berlin (20.30 Uhr)<\/em><\/strong><\/p>\n\n\n\n<p class=\"has-normal-font-size\"><img loading=\"lazy\" decoding=\"async\" width=\"10\" height=\"21\" class=\"wp-image-3656\" style=\"width: 10px;\" src=\"http:\/\/kommentatorenblog.de\/wp-content\/uploads\/2020\/09\/shure-55sh-ii-e1601485394796.jpg\" alt=\"\" srcset=\"https:\/\/kommentatorenblog.de\/wp-content\/uploads\/2020\/09\/shure-55sh-ii-e1601485394796.jpg 415w, https:\/\/kommentatorenblog.de\/wp-content\/uploads\/2020\/09\/shure-55sh-ii-e1601485394796-142x300.jpg 142w\" sizes=\"auto, (max-width: 10px) 100vw, 10px\" \/> Jonas Friedrich (Einzelspiel), Markus G\u00f6tz (Konferenz)<\/p>\n\n\n\n<p>Field-Reporter: Ulli Potofski<\/p>\n\n\n\n<p>Moderation: Esther Sedlaczek, Experte: Didi Hamann<\/p>\n\n\n\n<p><span style=\"text-decoration: underline;\">Mittwoch, 16. Dezember 2020, ab 17.30 Uhr<\/span><\/p>\n\n\n\n<p><strong><em>FC Schalke 04 \u2013 SC Freiburg (18.30 Uhr)<\/em><\/strong><\/p>\n\n\n\n<p class=\"has-normal-font-size\"><img loading=\"lazy\" decoding=\"async\" width=\"10\" height=\"21\" class=\"wp-image-3656\" style=\"width: 10px;\" src=\"http:\/\/kommentatorenblog.de\/wp-content\/uploads\/2020\/09\/shure-55sh-ii-e1601485394796.jpg\" alt=\"\" srcset=\"https:\/\/kommentatorenblog.de\/wp-content\/uploads\/2020\/09\/shure-55sh-ii-e1601485394796.jpg 415w, https:\/\/kommentatorenblog.de\/wp-content\/uploads\/2020\/09\/shure-55sh-ii-e1601485394796-142x300.jpg 142w\" sizes=\"auto, (max-width: 10px) 100vw, 10px\" \/> Martin Gro\u00df <\/p>\n\n\n\n<p>Field-Reporter: Dirk gro\u00dfe Schlarmann <\/p>\n\n\n\n<p><span style=\"text-decoration: underline;\">ab 20.25 Uhr<\/span><\/p>\n\n\n\n<p><strong><em>FC Bayern M\u00fcnchen \u2013 VfL Wolfsburg (20.30 Uhr)<\/em><\/strong><\/p>\n\n\n\n<p class=\"has-normal-font-size\"><img loading=\"lazy\" decoding=\"async\" width=\"10\" height=\"21\" class=\"wp-image-3656\" style=\"width: 10px;\" src=\"http:\/\/kommentatorenblog.de\/wp-content\/uploads\/2020\/09\/shure-55sh-ii-e1601485394796.jpg\" alt=\"\" srcset=\"https:\/\/kommentatorenblog.de\/wp-content\/uploads\/2020\/09\/shure-55sh-ii-e1601485394796.jpg 415w, https:\/\/kommentatorenblog.de\/wp-content\/uploads\/2020\/09\/shure-55sh-ii-e1601485394796-142x300.jpg 142w\" sizes=\"auto, (max-width: 10px) 100vw, 10px\" \/> Kai Dittmann (Einzelspiel), Wolff Fuss (Konferenz) <\/p>\n\n\n\n<p>Field-Reporter: Michael Leopold<\/p>\n\n\n\n<p><strong><em>1.FC K\u00f6ln \u2013 Bayer 04 Leverkusen (20.30 Uhr)<\/em><\/strong><\/p>\n\n\n\n<p class=\"has-normal-font-size\"><img loading=\"lazy\" decoding=\"async\" width=\"10\" height=\"21\" class=\"wp-image-3656\" style=\"width: 10px;\" src=\"http:\/\/kommentatorenblog.de\/wp-content\/uploads\/2020\/09\/shure-55sh-ii-e1601485394796.jpg\" alt=\"\" srcset=\"https:\/\/kommentatorenblog.de\/wp-content\/uploads\/2020\/09\/shure-55sh-ii-e1601485394796.jpg 415w, https:\/\/kommentatorenblog.de\/wp-content\/uploads\/2020\/09\/shure-55sh-ii-e1601485394796-142x300.jpg 142w\" sizes=\"auto, (max-width: 10px) 100vw, 10px\" \/> Tom Bayer (Einzelspiel), Holger Pfandt (Konferenz)<\/p>\n\n\n\n<p>Field-Reporter: Ecki Heuser <\/p>\n\n\n\n<p><strong><em>TSG Hoffenheim \u2013 RB Leipzig (20.30 Uhr)<\/em><\/strong><\/p>\n\n\n\n<p class=\"has-normal-font-size\"><img loading=\"lazy\" decoding=\"async\" width=\"10\" height=\"21\" class=\"wp-image-3656\" style=\"width: 10px;\" src=\"http:\/\/kommentatorenblog.de\/wp-content\/uploads\/2020\/09\/shure-55sh-ii-e1601485394796.jpg\" alt=\"\" srcset=\"https:\/\/kommentatorenblog.de\/wp-content\/uploads\/2020\/09\/shure-55sh-ii-e1601485394796.jpg 415w, https:\/\/kommentatorenblog.de\/wp-content\/uploads\/2020\/09\/shure-55sh-ii-e1601485394796-142x300.jpg 142w\" sizes=\"auto, (max-width: 10px) 100vw, 10px\" \/> Roland Evers (Einzelspiel), Frank Buschmann (Konferenz) <\/p>\n\n\n\n<p>Field-Reporter: Ulli Potofski <\/p>\n\n\n\n<p><strong><em>Arminia Bielefeld \u2013 FC Augsburg (20.30 Uhr)<\/em><\/strong><\/p>\n\n\n\n<p class=\"has-normal-font-size\"><img loading=\"lazy\" decoding=\"async\" width=\"10\" height=\"21\" class=\"wp-image-3656\" style=\"width: 10px;\" src=\"http:\/\/kommentatorenblog.de\/wp-content\/uploads\/2020\/09\/shure-55sh-ii-e1601485394796.jpg\" alt=\"\" srcset=\"https:\/\/kommentatorenblog.de\/wp-content\/uploads\/2020\/09\/shure-55sh-ii-e1601485394796.jpg 415w, https:\/\/kommentatorenblog.de\/wp-content\/uploads\/2020\/09\/shure-55sh-ii-e1601485394796-142x300.jpg 142w\" sizes=\"auto, (max-width: 10px) 100vw, 10px\" \/> Hansi K\u00fcpper (Einzelspiel), Klaus Veltmann (Konferenz) <\/p>\n\n\n\n<p>Field-Reporter: Marc Behrenbeck <\/p>\n\n\n\n<p>Moderation: Sebastian Hellmann, Experte: Lothar Matth\u00e4us <\/p>\n\n\n\n<hr class=\"wp-block-separator\"\/>\n\n\n\n<p><strong>2<\/strong>. <strong>Bundesliga, 12. Spieltag<\/strong> <strong>(Sky)<\/strong><\/p>\n\n\n\n<p><span style=\"text-decoration: underline;\">Dienstag, 15. Dezember 2020, ab 18.00 Uhr<\/span><\/p>\n\n\n\n<p><strong><em>Hamburger SV \u2013 SV Sandhausen (18.30 Uhr)<\/em><\/strong><\/p>\n\n\n\n<p><img loading=\"lazy\" decoding=\"async\" width=\"10\" height=\"21\" class=\"wp-image-3656\" style=\"width: 10px;\" src=\"http:\/\/kommentatorenblog.de\/wp-content\/uploads\/2020\/09\/shure-55sh-ii-e1601485394796.jpg\" alt=\"\" srcset=\"https:\/\/kommentatorenblog.de\/wp-content\/uploads\/2020\/09\/shure-55sh-ii-e1601485394796.jpg 415w, https:\/\/kommentatorenblog.de\/wp-content\/uploads\/2020\/09\/shure-55sh-ii-e1601485394796-142x300.jpg 142w\" sizes=\"auto, (max-width: 10px) 100vw, 10px\" \/> J\u00f6rg Dahlmann, Field-Reporter: Sven T\u00f6llner  <\/p>\n\n\n\n<p><strong><em>Hannover 96&nbsp;\u2013&nbsp;VfL Bochum (18.30 Uhr)<\/em><\/strong><\/p>\n\n\n\n<p><img loading=\"lazy\" decoding=\"async\" width=\"10\" height=\"21\" class=\"wp-image-3656\" style=\"width: 10px;\" src=\"http:\/\/kommentatorenblog.de\/wp-content\/uploads\/2020\/09\/shure-55sh-ii-e1601485394796.jpg\" alt=\"\" srcset=\"https:\/\/kommentatorenblog.de\/wp-content\/uploads\/2020\/09\/shure-55sh-ii-e1601485394796.jpg 415w, https:\/\/kommentatorenblog.de\/wp-content\/uploads\/2020\/09\/shure-55sh-ii-e1601485394796-142x300.jpg 142w\" sizes=\"auto, (max-width: 10px) 100vw, 10px\" \/> Jaron Steiner, Interviews: Schalte<\/p>\n\n\n\n<p><strong><em>SpVgg Greuther F\u00fcrth&nbsp;\u2013&nbsp;<\/em><\/strong> <strong><em>SV Darmstadt 98<\/em><\/strong> <strong><em>(18.30 Uhr)<\/em><\/strong><\/p>\n\n\n\n<p><img loading=\"lazy\" decoding=\"async\" width=\"10\" height=\"21\" class=\"wp-image-3656\" style=\"width: 10px;\" src=\"http:\/\/kommentatorenblog.de\/wp-content\/uploads\/2020\/09\/shure-55sh-ii-e1601485394796.jpg\" alt=\"\" srcset=\"https:\/\/kommentatorenblog.de\/wp-content\/uploads\/2020\/09\/shure-55sh-ii-e1601485394796.jpg 415w, https:\/\/kommentatorenblog.de\/wp-content\/uploads\/2020\/09\/shure-55sh-ii-e1601485394796-142x300.jpg 142w\" sizes=\"auto, (max-width: 10px) 100vw, 10px\" \/> Sven Haist <\/p>\n\n\n\n<p><strong><em>1.FC Heidenheim \u2013&nbsp;Jahn Regensburg (18.30 Uhr)<\/em><\/strong><\/p>\n\n\n\n<p><img loading=\"lazy\" decoding=\"async\" width=\"10\" height=\"21\" class=\"wp-image-3656\" style=\"width: 10px;\" src=\"http:\/\/kommentatorenblog.de\/wp-content\/uploads\/2020\/09\/shure-55sh-ii-e1601485394796.jpg\" alt=\"\" srcset=\"https:\/\/kommentatorenblog.de\/wp-content\/uploads\/2020\/09\/shure-55sh-ii-e1601485394796.jpg 415w, https:\/\/kommentatorenblog.de\/wp-content\/uploads\/2020\/09\/shure-55sh-ii-e1601485394796-142x300.jpg 142w\" sizes=\"auto, (max-width: 10px) 100vw, 10px\" \/> Holger Pfandt <\/p>\n\n\n\n<p>Moderation: Nele Schenker <\/p>\n\n\n\n<p><span style=\"text-decoration: underline;\">Mittwoch, 16. Dezember 2020, ab 18.00 Uhr<\/span><\/p>\n\n\n\n<p><strong><em>Fortuna D\u00fcsseldorf \u2013&nbsp;VfL Osnabr\u00fcck (18.30 Uhr)<\/em><\/strong><\/p>\n\n\n\n<p><img loading=\"lazy\" decoding=\"async\" width=\"10\" height=\"21\" class=\"wp-image-3656\" style=\"width: 10px;\" src=\"http:\/\/kommentatorenblog.de\/wp-content\/uploads\/2020\/09\/shure-55sh-ii-e1601485394796.jpg\" alt=\"\" srcset=\"https:\/\/kommentatorenblog.de\/wp-content\/uploads\/2020\/09\/shure-55sh-ii-e1601485394796.jpg 415w, https:\/\/kommentatorenblog.de\/wp-content\/uploads\/2020\/09\/shure-55sh-ii-e1601485394796-142x300.jpg 142w\" sizes=\"auto, (max-width: 10px) 100vw, 10px\" \/> Heiko Mallwitz, Field-Reporter: Marco Wiefel  <\/p>\n\n\n\n<p><strong><em>Holstein Kiel \u2013&nbsp;1.FC N\u00fcrnberg (18.30 Uhr)<\/em><\/strong><\/p>\n\n\n\n<p><img loading=\"lazy\" decoding=\"async\" width=\"10\" height=\"21\" class=\"wp-image-3656\" style=\"width: 10px;\" src=\"http:\/\/kommentatorenblog.de\/wp-content\/uploads\/2020\/09\/shure-55sh-ii-e1601485394796.jpg\" alt=\"\" srcset=\"https:\/\/kommentatorenblog.de\/wp-content\/uploads\/2020\/09\/shure-55sh-ii-e1601485394796.jpg 415w, https:\/\/kommentatorenblog.de\/wp-content\/uploads\/2020\/09\/shure-55sh-ii-e1601485394796-142x300.jpg 142w\" sizes=\"auto, (max-width: 10px) 100vw, 10px\" \/> J\u00fcrgen Schmitz, Interviews: Schalte  <\/p>\n\n\n\n<p><strong><em>W\u00fcrzburger Kickers \u2013&nbsp;FC St. Pauli (18.30 Uhr)<\/em><\/strong><\/p>\n\n\n\n<p><img loading=\"lazy\" decoding=\"async\" width=\"10\" height=\"21\" class=\"wp-image-3656\" style=\"width: 10px;\" src=\"http:\/\/kommentatorenblog.de\/wp-content\/uploads\/2020\/09\/shure-55sh-ii-e1601485394796.jpg\" alt=\"\" srcset=\"https:\/\/kommentatorenblog.de\/wp-content\/uploads\/2020\/09\/shure-55sh-ii-e1601485394796.jpg 415w, https:\/\/kommentatorenblog.de\/wp-content\/uploads\/2020\/09\/shure-55sh-ii-e1601485394796-142x300.jpg 142w\" sizes=\"auto, (max-width: 10px) 100vw, 10px\" \/> Martin Weinberger, Interviews: Schalte <\/p>\n\n\n\n<p><strong><em>SC Paderborn 07 \u2013 Eintracht Braunschweig (18.30 Uhr)<\/em><\/strong><\/p>\n\n\n\n<p class=\"has-normal-font-size\"><img loading=\"lazy\" decoding=\"async\" width=\"10\" height=\"21\" class=\"wp-image-3656\" style=\"width: 10px;\" src=\"http:\/\/kommentatorenblog.de\/wp-content\/uploads\/2020\/09\/shure-55sh-ii-e1601485394796.jpg\" alt=\"\" srcset=\"https:\/\/kommentatorenblog.de\/wp-content\/uploads\/2020\/09\/shure-55sh-ii-e1601485394796.jpg 415w, https:\/\/kommentatorenblog.de\/wp-content\/uploads\/2020\/09\/shure-55sh-ii-e1601485394796-142x300.jpg 142w\" sizes=\"auto, (max-width: 10px) 100vw, 10px\" \/> J\u00f6rg Dahlmann <\/p>\n\n\n\n<p>Moderation: Yannick Erkenbrecher<\/p>\n\n\n\n<p><span style=\"text-decoration: underline;\">Donnerstag, 17. Dezember 2020, ab 20.00 Uhr<\/span><\/p>\n\n\n\n<p><strong><em>Erzgebirge Aue \u2013&nbsp;Karlsruher SC (20.30 Uhr)<\/em><\/strong><\/p>\n\n\n\n<p><img loading=\"lazy\" decoding=\"async\" width=\"10\" height=\"21\" class=\"wp-image-3656\" style=\"width: 10px;\" src=\"http:\/\/kommentatorenblog.de\/wp-content\/uploads\/2020\/09\/shure-55sh-ii-e1601485394796.jpg\" alt=\"\" srcset=\"https:\/\/kommentatorenblog.de\/wp-content\/uploads\/2020\/09\/shure-55sh-ii-e1601485394796.jpg 415w, https:\/\/kommentatorenblog.de\/wp-content\/uploads\/2020\/09\/shure-55sh-ii-e1601485394796-142x300.jpg 142w\" sizes=\"auto, (max-width: 10px) 100vw, 10px\" \/> Stefan Hempel, Experte: Torsten Mattuschka  <\/p>\n\n\n\n<p>Field-Reporter: Jurek Rohrberg <\/p>\n\n\n\n<hr class=\"wp-block-separator\"\/>\n\n\n\n<p><strong>3. Liga, 16. Spieltag<\/strong> <strong>(Magenta Sport)<\/strong><\/p>\n\n\n\n<p><span style=\"text-decoration: underline;\">Dienstag, 15. Dezember 2020, ab 18.30 Uhr<\/span><\/p>\n\n\n\n<p><strong><em>1. FC Kaiserslautern<\/em><\/strong> <strong><em>\u2013<\/em><\/strong> <strong><em>TSV 1860 M\u00fcnchen (19.00)<\/em><\/strong><\/p>\n\n\n\n<p><img loading=\"lazy\" decoding=\"async\" width=\"10\" height=\"21\" class=\"wp-image-3656\" style=\"width: 10px;\" src=\"http:\/\/kommentatorenblog.de\/wp-content\/uploads\/2020\/09\/shure-55sh-ii-e1601485394796.jpg\" alt=\"\" srcset=\"https:\/\/kommentatorenblog.de\/wp-content\/uploads\/2020\/09\/shure-55sh-ii-e1601485394796.jpg 415w, https:\/\/kommentatorenblog.de\/wp-content\/uploads\/2020\/09\/shure-55sh-ii-e1601485394796-142x300.jpg 142w\" sizes=\"auto, (max-width: 10px) 100vw, 10px\" \/> Franz B\u00fcchner<\/p>\n\n\n\n<p>Moderation: Anett Sattler, Experte: Rudi Bommer<\/p>\n\n\n\n<p><span style=\"text-decoration: underline;\">ab 18.45 Uhr<\/span><\/p>\n\n\n\n<p><strong><em>Konferenz (19.00 Uhr)<\/em><\/strong><\/p>\n\n\n\n<p><img loading=\"lazy\" decoding=\"async\" width=\"10\" height=\"21\" class=\"wp-image-3656\" style=\"width: 10px;\" src=\"http:\/\/kommentatorenblog.de\/wp-content\/uploads\/2020\/09\/shure-55sh-ii-e1601485394796.jpg\" alt=\"\" srcset=\"https:\/\/kommentatorenblog.de\/wp-content\/uploads\/2020\/09\/shure-55sh-ii-e1601485394796.jpg 415w, https:\/\/kommentatorenblog.de\/wp-content\/uploads\/2020\/09\/shure-55sh-ii-e1601485394796-142x300.jpg 142w\" sizes=\"auto, (max-width: 10px) 100vw, 10px\" \/> Martin Piller und Sascha Bandermann<\/p>\n\n\n\n<p><strong><em>SG Dynamo Dresden<\/em><\/strong> <strong><em>\u2013<\/em><\/strong> <strong><em>SV Verl (19.00 Uhr)<\/em><\/strong><\/p>\n\n\n\n<p><img loading=\"lazy\" decoding=\"async\" width=\"10\" height=\"21\" class=\"wp-image-3656\" style=\"width: 10px;\" src=\"http:\/\/kommentatorenblog.de\/wp-content\/uploads\/2020\/09\/shure-55sh-ii-e1601485394796.jpg\" alt=\"\" srcset=\"https:\/\/kommentatorenblog.de\/wp-content\/uploads\/2020\/09\/shure-55sh-ii-e1601485394796.jpg 415w, https:\/\/kommentatorenblog.de\/wp-content\/uploads\/2020\/09\/shure-55sh-ii-e1601485394796-142x300.jpg 142w\" sizes=\"auto, (max-width: 10px) 100vw, 10px\" \/> Lenny Leonhardt<\/p>\n\n\n\n<p>Moderation: Alexander K\u00fcpper<\/p>\n\n\n\n<p><strong><em>T\u00fcrkg\u00fcc\u00fc M\u00fcnchen<\/em><\/strong> <strong><em>\u2013<\/em><\/strong> <strong><em>Hallescher FC (19.00 Uhr)<\/em><\/strong><\/p>\n\n\n\n<p><img loading=\"lazy\" decoding=\"async\" width=\"10\" height=\"21\" class=\"wp-image-3656\" style=\"width: 10px;\" src=\"http:\/\/kommentatorenblog.de\/wp-content\/uploads\/2020\/09\/shure-55sh-ii-e1601485394796.jpg\" alt=\"\" srcset=\"https:\/\/kommentatorenblog.de\/wp-content\/uploads\/2020\/09\/shure-55sh-ii-e1601485394796.jpg 415w, https:\/\/kommentatorenblog.de\/wp-content\/uploads\/2020\/09\/shure-55sh-ii-e1601485394796-142x300.jpg 142w\" sizes=\"auto, (max-width: 10px) 100vw, 10px\" \/> Alexander Kunz<\/p>\n\n\n\n<p>Moderation: Simon K\u00f6pfer<\/p>\n\n\n\n<p><strong><em>SV Wehen Wiesbaden<\/em><\/strong> <strong><em>\u2013<\/em><\/strong> <strong><em>VfB L\u00fcbeck (19.00)<\/em><\/strong><\/p>\n\n\n\n<p><img loading=\"lazy\" decoding=\"async\" width=\"10\" height=\"21\" class=\"wp-image-3656\" style=\"width: 10px;\" src=\"http:\/\/kommentatorenblog.de\/wp-content\/uploads\/2020\/09\/shure-55sh-ii-e1601485394796.jpg\" alt=\"\" srcset=\"https:\/\/kommentatorenblog.de\/wp-content\/uploads\/2020\/09\/shure-55sh-ii-e1601485394796.jpg 415w, https:\/\/kommentatorenblog.de\/wp-content\/uploads\/2020\/09\/shure-55sh-ii-e1601485394796-142x300.jpg 142w\" sizes=\"auto, (max-width: 10px) 100vw, 10px\" \/> S\u00f6nke Sievers<\/p>\n\n\n\n<p>Moderation: Thomas Wagner <\/p>\n\n\n\n<p><strong><em>SV Waldhof Mannheim<\/em><\/strong> <strong><em>\u2013<\/em><\/strong> <strong><em>SpVgg Unterhaching (19.00 Uhr)<\/em><\/strong><\/p>\n\n\n\n<p><img loading=\"lazy\" decoding=\"async\" width=\"10\" height=\"21\" class=\"wp-image-3656\" style=\"width: 10px;\" src=\"http:\/\/kommentatorenblog.de\/wp-content\/uploads\/2020\/09\/shure-55sh-ii-e1601485394796.jpg\" alt=\"\" srcset=\"https:\/\/kommentatorenblog.de\/wp-content\/uploads\/2020\/09\/shure-55sh-ii-e1601485394796.jpg 415w, https:\/\/kommentatorenblog.de\/wp-content\/uploads\/2020\/09\/shure-55sh-ii-e1601485394796-142x300.jpg 142w\" sizes=\"auto, (max-width: 10px) 100vw, 10px\" \/> Markus H\u00f6hner<\/p>\n\n\n\n<p>Moderation: Cedric Pick<\/p>\n\n\n\n<p><span style=\"text-decoration: underline;\">Mittwoch, 16. Dezember 2020 ab 18.30 Uhr<\/span><\/p>\n\n\n\n<p><strong><em>1. FC Magdeburg<\/em><\/strong> <strong><em>\u2013<\/em><\/strong> <strong><em>1. FC Saarbr\u00fccken (19.00 Uhr)<\/em><\/strong><\/p>\n\n\n\n<p><img loading=\"lazy\" decoding=\"async\" width=\"10\" height=\"21\" class=\"wp-image-3656\" style=\"width: 10px;\" src=\"http:\/\/kommentatorenblog.de\/wp-content\/uploads\/2020\/09\/shure-55sh-ii-e1601485394796.jpg\" alt=\"\" srcset=\"https:\/\/kommentatorenblog.de\/wp-content\/uploads\/2020\/09\/shure-55sh-ii-e1601485394796.jpg 415w, https:\/\/kommentatorenblog.de\/wp-content\/uploads\/2020\/09\/shure-55sh-ii-e1601485394796-142x300.jpg 142w\" sizes=\"auto, (max-width: 10px) 100vw, 10px\" \/> Magenta Sport: Andreas Mann<\/p>\n\n\n\n<p>Moderation: Stefanie Blochwitz, Experte: Martin Lanig<\/p>\n\n\n\n<p><span style=\"text-decoration: underline;\">ab 18.45 Uhr<\/span><\/p>\n\n\n\n<p><strong><em>Konferenz (19.00 Uhr)<\/em><\/strong><\/p>\n\n\n\n<p>Martin Piller und Alexander Kunz<\/p>\n\n\n\n<p><strong><em>FC Bayern M\u00fcnchen II<\/em><\/strong> <strong><em>\u2013<\/em><\/strong> <strong><em>MSV Duisburg (19.00 Uhr)<\/em><\/strong><\/p>\n\n\n\n<p><img loading=\"lazy\" decoding=\"async\" width=\"10\" height=\"21\" class=\"wp-image-3656\" style=\"width: 10px;\" src=\"http:\/\/kommentatorenblog.de\/wp-content\/uploads\/2020\/09\/shure-55sh-ii-e1601485394796.jpg\" alt=\"\" srcset=\"https:\/\/kommentatorenblog.de\/wp-content\/uploads\/2020\/09\/shure-55sh-ii-e1601485394796.jpg 415w, https:\/\/kommentatorenblog.de\/wp-content\/uploads\/2020\/09\/shure-55sh-ii-e1601485394796-142x300.jpg 142w\" sizes=\"auto, (max-width: 10px) 100vw, 10px\" \/> Oskar Heirler<\/p>\n\n\n\n<p>Moderation: Kevin Gerwin<\/p>\n\n\n\n<p><strong><em>FC Viktoria K\u00f6ln<\/em><\/strong> <strong><em>\u2013<\/em><\/strong> <strong><em>KFC Uerdingen (19.00 Uhr)<\/em><\/strong><\/p>\n\n\n\n<p><img loading=\"lazy\" decoding=\"async\" width=\"10\" height=\"21\" class=\"wp-image-3656\" style=\"width: 10px;\" src=\"http:\/\/kommentatorenblog.de\/wp-content\/uploads\/2020\/09\/shure-55sh-ii-e1601485394796.jpg\" alt=\"\" srcset=\"https:\/\/kommentatorenblog.de\/wp-content\/uploads\/2020\/09\/shure-55sh-ii-e1601485394796.jpg 415w, https:\/\/kommentatorenblog.de\/wp-content\/uploads\/2020\/09\/shure-55sh-ii-e1601485394796-142x300.jpg 142w\" sizes=\"auto, (max-width: 10px) 100vw, 10px\" \/> Christian Stra\u00dfburger<\/p>\n\n\n\n<p>Moderation: Konstantin Klostermann<\/p>\n\n\n\n<p><strong><em>FC Ingolstadt<\/em><\/strong> <strong><em>\u2013<\/em><\/strong> <strong><em>FC Hansa Rostock (19.00 Uhr)<\/em><\/strong><\/p>\n\n\n\n<p><img loading=\"lazy\" decoding=\"async\" width=\"10\" height=\"21\" class=\"wp-image-3656\" style=\"width: 10px;\" src=\"http:\/\/kommentatorenblog.de\/wp-content\/uploads\/2020\/09\/shure-55sh-ii-e1601485394796.jpg\" alt=\"\" srcset=\"https:\/\/kommentatorenblog.de\/wp-content\/uploads\/2020\/09\/shure-55sh-ii-e1601485394796.jpg 415w, https:\/\/kommentatorenblog.de\/wp-content\/uploads\/2020\/09\/shure-55sh-ii-e1601485394796-142x300.jpg 142w\" sizes=\"auto, (max-width: 10px) 100vw, 10px\" \/> Alexander Klich<\/p>\n\n\n\n<p>Moderation: Sascha Bandermann<\/p>\n\n\n\n<p><strong><em>SV Meppen<\/em><\/strong> <strong><em>\u2013<\/em><\/strong> <strong><em>FSV Zwickau (19.00 Uhr)<\/em><\/strong><\/p>\n\n\n\n<p><img loading=\"lazy\" decoding=\"async\" width=\"10\" height=\"21\" class=\"wp-image-3656\" style=\"width: 10px;\" src=\"http:\/\/kommentatorenblog.de\/wp-content\/uploads\/2020\/09\/shure-55sh-ii-e1601485394796.jpg\" alt=\"\" srcset=\"https:\/\/kommentatorenblog.de\/wp-content\/uploads\/2020\/09\/shure-55sh-ii-e1601485394796.jpg 415w, https:\/\/kommentatorenblog.de\/wp-content\/uploads\/2020\/09\/shure-55sh-ii-e1601485394796-142x300.jpg 142w\" sizes=\"auto, (max-width: 10px) 100vw, 10px\" \/> Michael Augustin<\/p>\n\n\n\n<p>Moderation: Kamila Benschop <\/p>\n\n\n\n<hr class=\"wp-block-separator\"\/>\n\n\n\n<p><strong>Premier League, 13. Spieltag<\/strong> <strong>(Sky)<\/strong><\/p>\n\n\n\n<p><span style=\"text-decoration: underline;\">Dienstag, 15. Dezember 2020, ab 18.50 Uhr <\/span><\/p>\n\n\n\n<p><strong><em> Wolverhampton Wanderers&nbsp;\u2013&nbsp;FC Chelsea<\/em><\/strong> <strong><em>(19.00 Uhr)<\/em><\/strong><\/p>\n\n\n\n<p><img loading=\"lazy\" decoding=\"async\" width=\"10\" height=\"21\" class=\"wp-image-3656\" style=\"width: 10px;\" src=\"http:\/\/kommentatorenblog.de\/wp-content\/uploads\/2020\/09\/shure-55sh-ii-e1601485394796.jpg\" alt=\"\" srcset=\"https:\/\/kommentatorenblog.de\/wp-content\/uploads\/2020\/09\/shure-55sh-ii-e1601485394796.jpg 415w, https:\/\/kommentatorenblog.de\/wp-content\/uploads\/2020\/09\/shure-55sh-ii-e1601485394796-142x300.jpg 142w\" sizes=\"auto, (max-width: 10px) 100vw, 10px\" \/> Hannes Herrmann  <\/p>\n\n\n\n<p><span style=\"text-decoration: underline;\">ab 20.55 Uhr <\/span><\/p>\n\n\n\n<p><strong><em> Manchester City \u2013&nbsp;West Bromwich Albion<\/em><\/strong> <strong><em>(21.00 Uhr)<\/em><\/strong><\/p>\n\n\n\n<p><img loading=\"lazy\" decoding=\"async\" width=\"10\" height=\"21\" class=\"wp-image-3656\" style=\"width: 10px;\" src=\"http:\/\/kommentatorenblog.de\/wp-content\/uploads\/2020\/09\/shure-55sh-ii-e1601485394796.jpg\" alt=\"\" srcset=\"https:\/\/kommentatorenblog.de\/wp-content\/uploads\/2020\/09\/shure-55sh-ii-e1601485394796.jpg 415w, https:\/\/kommentatorenblog.de\/wp-content\/uploads\/2020\/09\/shure-55sh-ii-e1601485394796-142x300.jpg 142w\" sizes=\"auto, (max-width: 10px) 100vw, 10px\" \/> Joachim Hebel  <\/p>\n\n\n\n<p><span style=\"text-decoration: underline;\">Mittwoch, 16. Dezember 2020 ab 18.50 Uhr <\/span><\/p>\n\n\n\n<p><strong><em> FC Arsenal \u2013&nbsp;FC Southampton (19.00 Uhr)<\/em><\/strong><\/p>\n\n\n\n<p><img loading=\"lazy\" decoding=\"async\" width=\"10\" height=\"21\" class=\"wp-image-3656\" style=\"width: 10px;\" src=\"http:\/\/kommentatorenblog.de\/wp-content\/uploads\/2020\/09\/shure-55sh-ii-e1601485394796.jpg\" alt=\"\" srcset=\"https:\/\/kommentatorenblog.de\/wp-content\/uploads\/2020\/09\/shure-55sh-ii-e1601485394796.jpg 415w, https:\/\/kommentatorenblog.de\/wp-content\/uploads\/2020\/09\/shure-55sh-ii-e1601485394796-142x300.jpg 142w\" sizes=\"auto, (max-width: 10px) 100vw, 10px\" \/> Toni Tomic<\/p>\n\n\n\n<p><span style=\"text-decoration: underline;\">ab 20.55 Uhr<\/span><\/p>\n\n\n\n<p><strong><em> FC Liverpool \u2013&nbsp;Tottenham Hotspur (21.00 Uhr)<\/em><\/strong><\/p>\n\n\n\n<p><img loading=\"lazy\" decoding=\"async\" width=\"10\" height=\"21\" class=\"wp-image-3656\" style=\"width: 10px;\" src=\"http:\/\/kommentatorenblog.de\/wp-content\/uploads\/2020\/09\/shure-55sh-ii-e1601485394796.jpg\" alt=\"\" srcset=\"https:\/\/kommentatorenblog.de\/wp-content\/uploads\/2020\/09\/shure-55sh-ii-e1601485394796.jpg 415w, https:\/\/kommentatorenblog.de\/wp-content\/uploads\/2020\/09\/shure-55sh-ii-e1601485394796-142x300.jpg 142w\" sizes=\"auto, (max-width: 10px) 100vw, 10px\" \/> Florian Schmidt-Sommerfeld<\/p>\n\n\n\n<p><span style=\"text-decoration: underline;\">Donnerstag, 17. Dezember 2020, ab 18.50 Uhr <\/span><\/p>\n\n\n\n<p><strong><em> Aston Villa \u2013 FC&nbsp;Burnley (19.00 Uhr)<\/em><\/strong><\/p>\n\n\n\n<p><img loading=\"lazy\" decoding=\"async\" width=\"10\" height=\"21\" class=\"wp-image-3656\" style=\"width: 10px;\" src=\"http:\/\/kommentatorenblog.de\/wp-content\/uploads\/2020\/09\/shure-55sh-ii-e1601485394796.jpg\" alt=\"\" srcset=\"https:\/\/kommentatorenblog.de\/wp-content\/uploads\/2020\/09\/shure-55sh-ii-e1601485394796.jpg 415w, https:\/\/kommentatorenblog.de\/wp-content\/uploads\/2020\/09\/shure-55sh-ii-e1601485394796-142x300.jpg 142w\" sizes=\"auto, (max-width: 10px) 100vw, 10px\" \/> Sven Schr\u00f6ter<\/p>\n\n\n\n<p><span style=\"text-decoration: underline;\">ab 20.55 Uhr <\/span><\/p>\n\n\n\n<p><strong><em> Sheffield United \u2013&nbsp;Manchester United (21.00 Uhr)<\/em><\/strong><\/p>\n\n\n\n<p><img loading=\"lazy\" decoding=\"async\" width=\"10\" height=\"21\" class=\"wp-image-3656\" style=\"width: 10px;\" src=\"http:\/\/kommentatorenblog.de\/wp-content\/uploads\/2020\/09\/shure-55sh-ii-e1601485394796.jpg\" alt=\"\" srcset=\"https:\/\/kommentatorenblog.de\/wp-content\/uploads\/2020\/09\/shure-55sh-ii-e1601485394796.jpg 415w, https:\/\/kommentatorenblog.de\/wp-content\/uploads\/2020\/09\/shure-55sh-ii-e1601485394796-142x300.jpg 142w\" sizes=\"auto, (max-width: 10px) 100vw, 10px\" \/> Joachim Hebel<\/p>\n\n\n\n<hr class=\"wp-block-separator\"\/>\n\n\n\n<p><strong>La Liga, 19. Spieltag &#8211; vorgezogen &#8211; (DAZN)<\/strong><\/p>\n\n\n\n<p><span style=\"text-decoration: underline;\">Dienstag, 15. Dezember 2020<\/span><\/p>\n\n\n\n<p><em><strong>Real Madrid<\/strong><\/em> <strong><em>\u2013<\/em><\/strong> <em><strong>Athletic Bilbao <\/strong><\/em><strong><em>(22.00 Uhr)<\/em><\/strong><\/p>\n\n\n\n<p><img loading=\"lazy\" decoding=\"async\" width=\"10\" height=\"21\" class=\"wp-image-3656\" style=\"width: 10px;\" src=\"http:\/\/kommentatorenblog.de\/wp-content\/uploads\/2020\/09\/shure-55sh-ii-e1601485394796.jpg\" alt=\"\" srcset=\"https:\/\/kommentatorenblog.de\/wp-content\/uploads\/2020\/09\/shure-55sh-ii-e1601485394796.jpg 415w, https:\/\/kommentatorenblog.de\/wp-content\/uploads\/2020\/09\/shure-55sh-ii-e1601485394796-142x300.jpg 142w\" sizes=\"auto, (max-width: 10px) 100vw, 10px\" \/> Uli Hebel, Experte: Lutz Pfannenstiel <\/p>\n\n\n\n<p><span style=\"text-decoration: underline;\">Mittwoch, 16. Dezember 2020<\/span><\/p>\n\n\n\n<p><strong><em>FC Barcelona<\/em><\/strong> <strong><em>\u2013<\/em><\/strong> <strong><em>Real Sociedad (21.00 Uhr)<\/em><\/strong><\/p>\n\n\n\n<p><img loading=\"lazy\" decoding=\"async\" width=\"10\" height=\"21\" class=\"wp-image-3656\" style=\"width: 10px;\" src=\"http:\/\/kommentatorenblog.de\/wp-content\/uploads\/2020\/09\/shure-55sh-ii-e1601485394796.jpg\" alt=\"\" srcset=\"https:\/\/kommentatorenblog.de\/wp-content\/uploads\/2020\/09\/shure-55sh-ii-e1601485394796.jpg 415w, https:\/\/kommentatorenblog.de\/wp-content\/uploads\/2020\/09\/shure-55sh-ii-e1601485394796-142x300.jpg 142w\" sizes=\"auto, (max-width: 10px) 100vw, 10px\" \/> Jan Platte, Experte: Sebastian Knei\u00dfl<\/p>\n\n\n\n<hr class=\"wp-block-separator\"\/>\n\n\n\n<p><strong>Serie A, 12. Spieltag (DAZN)<\/strong><\/p>\n\n\n\n<p><span style=\"text-decoration: underline;\">Dienstag, 15. Dezember 2020<\/span><\/p>\n\n\n\n<p><strong><em>Benevento<\/em><\/strong> <strong><em>\u2013<\/em><\/strong> <strong><em>Lazio Rom (20.45 Uhr)<\/em><\/strong><\/p>\n\n\n\n<p><img loading=\"lazy\" decoding=\"async\" width=\"10\" height=\"21\" class=\"wp-image-3656\" style=\"width: 10px;\" src=\"http:\/\/kommentatorenblog.de\/wp-content\/uploads\/2020\/09\/shure-55sh-ii-e1601485394796.jpg\" alt=\"\" srcset=\"https:\/\/kommentatorenblog.de\/wp-content\/uploads\/2020\/09\/shure-55sh-ii-e1601485394796.jpg 415w, https:\/\/kommentatorenblog.de\/wp-content\/uploads\/2020\/09\/shure-55sh-ii-e1601485394796-142x300.jpg 142w\" sizes=\"auto, (max-width: 10px) 100vw, 10px\" \/> Flo Hauser<\/p>\n\n\n\n<p><span style=\"text-decoration: underline;\">Mittwoch, 16. Dezember 2020<\/span> <\/p>\n\n\n\n<p><span style=\"text-decoration: underline;\">ab 18.15 Uhr<\/span><\/p>\n\n\n\n<p><strong><em>Juventus<\/em><\/strong> <strong><em>\u2013<\/em><\/strong> <strong><em>Atalanta Bergamo<\/em><\/strong><\/p>\n\n\n\n<p><img loading=\"lazy\" decoding=\"async\" width=\"10\" height=\"21\" class=\"wp-image-3656\" style=\"width: 10px;\" src=\"http:\/\/kommentatorenblog.de\/wp-content\/uploads\/2020\/09\/shure-55sh-ii-e1601485394796.jpg\" alt=\"\" srcset=\"https:\/\/kommentatorenblog.de\/wp-content\/uploads\/2020\/09\/shure-55sh-ii-e1601485394796.jpg 415w, https:\/\/kommentatorenblog.de\/wp-content\/uploads\/2020\/09\/shure-55sh-ii-e1601485394796-142x300.jpg 142w\" sizes=\"auto, (max-width: 10px) 100vw, 10px\" \/> Marco Hagemann, Experte: Christian Bernhard<\/p>\n\n\n\n<p>Moderation: Sebastian Benesch<\/p>\n\n\n\n<p><strong><em>Inter Mailand<\/em><\/strong> <strong><em>\u2013<\/em><\/strong>  <strong><em>SSC Neapel (20.45 Uhr<\/em><\/strong>)<\/p>\n\n\n\n<p><img loading=\"lazy\" decoding=\"async\" width=\"10\" height=\"21\" class=\"wp-image-3656\" style=\"width: 10px;\" src=\"http:\/\/kommentatorenblog.de\/wp-content\/uploads\/2020\/09\/shure-55sh-ii-e1601485394796.jpg\" alt=\"\" srcset=\"https:\/\/kommentatorenblog.de\/wp-content\/uploads\/2020\/09\/shure-55sh-ii-e1601485394796.jpg 415w, https:\/\/kommentatorenblog.de\/wp-content\/uploads\/2020\/09\/shure-55sh-ii-e1601485394796-142x300.jpg 142w\" sizes=\"auto, (max-width: 10px) 100vw, 10px\" \/> Carsten Fu\u00df, Experte: Ralph Gunesch <\/p>\n\n\n\n<p><strong><em>CFC Genua<\/em><\/strong> <strong><em>\u2013<\/em><\/strong> <strong><em>AC Mailand (20.45 Uhr)<\/em><\/strong><\/p>\n\n\n\n<p><img loading=\"lazy\" decoding=\"async\" width=\"10\" height=\"21\" class=\"wp-image-3656\" style=\"width: 10px;\" src=\"http:\/\/kommentatorenblog.de\/wp-content\/uploads\/2020\/09\/shure-55sh-ii-e1601485394796.jpg\" alt=\"\" srcset=\"https:\/\/kommentatorenblog.de\/wp-content\/uploads\/2020\/09\/shure-55sh-ii-e1601485394796.jpg 415w, https:\/\/kommentatorenblog.de\/wp-content\/uploads\/2020\/09\/shure-55sh-ii-e1601485394796-142x300.jpg 142w\" sizes=\"auto, (max-width: 10px) 100vw, 10px\" \/> Oliver Forster<\/p>\n\n\n\n<p><span style=\"text-decoration: underline;\">Donnerstag, 17.Dezember 2020<\/span><\/p>\n\n\n\n<p><strong><em>AS Rom<\/em><\/strong> <strong><em>\u2013<\/em><\/strong> <strong><em>FC Turin<\/em><\/strong> <strong><em>(20.45 Uhr)<\/em><\/strong><\/p>\n\n\n\n<p><img loading=\"lazy\" decoding=\"async\" width=\"10\" height=\"21\" class=\"wp-image-3656\" style=\"width: 10px;\" src=\"http:\/\/kommentatorenblog.de\/wp-content\/uploads\/2020\/09\/shure-55sh-ii-e1601485394796.jpg\" alt=\"\" srcset=\"https:\/\/kommentatorenblog.de\/wp-content\/uploads\/2020\/09\/shure-55sh-ii-e1601485394796.jpg 415w, https:\/\/kommentatorenblog.de\/wp-content\/uploads\/2020\/09\/shure-55sh-ii-e1601485394796-142x300.jpg 142w\" sizes=\"auto, (max-width: 10px) 100vw, 10px\" \/> Uwe Morawe <\/p>\n\n\n\n<hr class=\"wp-block-separator\"\/>\n\n\n\n<p><strong>Ligue 1, 15. Spieltag (DAZN)<\/strong><\/p>\n\n\n\n<p><span style=\"text-decoration: underline;\">Mittwoch, 16. Dezember 2020<\/span><\/p>\n\n\n\n<p><strong><em>Paris Saint Germain<\/em><\/strong> <strong><em>\u2013<\/em><\/strong> <strong><em>FC Lorient (21.00 Uhr)<\/em><\/strong><\/p>\n\n\n\n<p><img loading=\"lazy\" decoding=\"async\" width=\"10\" height=\"21\" class=\"wp-image-3656\" style=\"width: 10px;\" src=\"http:\/\/kommentatorenblog.de\/wp-content\/uploads\/2020\/09\/shure-55sh-ii-e1601485394796.jpg\" alt=\"\" srcset=\"https:\/\/kommentatorenblog.de\/wp-content\/uploads\/2020\/09\/shure-55sh-ii-e1601485394796.jpg 415w, https:\/\/kommentatorenblog.de\/wp-content\/uploads\/2020\/09\/shure-55sh-ii-e1601485394796-142x300.jpg 142w\" sizes=\"auto, (max-width: 10px) 100vw, 10px\" \/> Stefan Galler, Experte: Michael Hofmann<\/p>\n\n\n\n<p><strong><em>Stade Rennes<\/em><\/strong> <strong><em>\u2013<\/em><\/strong> <strong><em>Olympique Marseille (21.00 Uhr)<\/em><\/strong><\/p>\n\n\n\n<p><img loading=\"lazy\" decoding=\"async\" width=\"10\" height=\"21\" class=\"wp-image-3656\" style=\"width: 10px;\" src=\"http:\/\/kommentatorenblog.de\/wp-content\/uploads\/2020\/09\/shure-55sh-ii-e1601485394796.jpg\" alt=\"\" srcset=\"https:\/\/kommentatorenblog.de\/wp-content\/uploads\/2020\/09\/shure-55sh-ii-e1601485394796.jpg 415w, https:\/\/kommentatorenblog.de\/wp-content\/uploads\/2020\/09\/shure-55sh-ii-e1601485394796-142x300.jpg 142w\" sizes=\"auto, (max-width: 10px) 100vw, 10px\" \/> Matthias Naebers<\/p>\n\n\n\n<hr class=\"wp-block-separator\"\/>\n\n\n\n<p><strong>Internationaler Fussball<\/strong> <strong>(Sportdigital FUSSBALL)<\/strong><\/p>\n\n\n\n<p><span style=\"text-decoration: underline;\">Dienstag, 15. Dezember 2020<\/span><\/p>\n\n\n\n<p>Sky Bet Championship, 19. Spieltag: <strong><em>FC Watford &#8211; Brentford (20.45 Uhr)<\/em><\/strong><\/p>\n\n\n\n<p><img loading=\"lazy\" decoding=\"async\" width=\"10\" height=\"21\" class=\"wp-image-3656\" style=\"width: 10px;\" src=\"http:\/\/kommentatorenblog.de\/wp-content\/uploads\/2020\/09\/shure-55sh-ii-e1601485394796.jpg\" alt=\"\" srcset=\"https:\/\/kommentatorenblog.de\/wp-content\/uploads\/2020\/09\/shure-55sh-ii-e1601485394796.jpg 415w, https:\/\/kommentatorenblog.de\/wp-content\/uploads\/2020\/09\/shure-55sh-ii-e1601485394796-142x300.jpg 142w\" sizes=\"auto, (max-width: 10px) 100vw, 10px\" \/> Karsten Linke<\/p>\n\n\n\n<p><span style=\"text-decoration: underline;\">Mittwoch, 16. Dezember 2020<\/span><\/p>\n\n\n\n<p>CONCACAF Champions League, Viertelfinale, R\u00fcckspiel: <strong><em>CD Olimpia<\/em><\/strong> <strong><em>\u2013<\/em><\/strong><strong><em>Montreal Impact (01.45 Uhr)<\/em><\/strong><\/p>\n\n\n\n<p><img loading=\"lazy\" decoding=\"async\" width=\"10\" height=\"21\" class=\"wp-image-3656\" style=\"width: 10px;\" src=\"http:\/\/kommentatorenblog.de\/wp-content\/uploads\/2020\/09\/shure-55sh-ii-e1601485394796.jpg\" alt=\"\" srcset=\"https:\/\/kommentatorenblog.de\/wp-content\/uploads\/2020\/09\/shure-55sh-ii-e1601485394796.jpg 415w, https:\/\/kommentatorenblog.de\/wp-content\/uploads\/2020\/09\/shure-55sh-ii-e1601485394796-142x300.jpg 142w\" sizes=\"auto, (max-width: 10px) 100vw, 10px\" \/> Ulf Kahmke<\/p>\n\n\n\n<p>Sky Bet Championship, 19. Spieltag: <strong><em>FC Reading<\/em><\/strong> <strong><em>\u2013<\/em><\/strong> <strong><em>Norwich City (20.45 Uhr)<\/em><\/strong><\/p>\n\n\n\n<p><img loading=\"lazy\" decoding=\"async\" width=\"10\" height=\"21\" class=\"wp-image-3656\" style=\"width: 10px;\" src=\"http:\/\/kommentatorenblog.de\/wp-content\/uploads\/2020\/09\/shure-55sh-ii-e1601485394796.jpg\" alt=\"\" srcset=\"https:\/\/kommentatorenblog.de\/wp-content\/uploads\/2020\/09\/shure-55sh-ii-e1601485394796.jpg 415w, https:\/\/kommentatorenblog.de\/wp-content\/uploads\/2020\/09\/shure-55sh-ii-e1601485394796-142x300.jpg 142w\" sizes=\"auto, (max-width: 10px) 100vw, 10px\" \/> Florian Obst<\/p>\n\n\n\n<p>Copa Libertadores, Viertelfinale, R\u00fcckspiel: <strong><em>FC Santos<\/em><\/strong> <strong><em>\u2013<\/em><\/strong> <strong>Gremio <em>(23.00 Uhr)<\/em><\/strong><\/p>\n\n\n\n<p><img loading=\"lazy\" decoding=\"async\" width=\"10\" height=\"21\" class=\"wp-image-3656\" style=\"width: 10px;\" src=\"http:\/\/kommentatorenblog.de\/wp-content\/uploads\/2020\/09\/shure-55sh-ii-e1601485394796.jpg\" alt=\"\" srcset=\"https:\/\/kommentatorenblog.de\/wp-content\/uploads\/2020\/09\/shure-55sh-ii-e1601485394796.jpg 415w, https:\/\/kommentatorenblog.de\/wp-content\/uploads\/2020\/09\/shure-55sh-ii-e1601485394796-142x300.jpg 142w\" sizes=\"auto, (max-width: 10px) 100vw, 10px\" \/> Arne Malsch<\/p>\n\n\n\n<p><span style=\"text-decoration: underline;\">Donnerstag, 17. Dezember 2020<\/span><\/p>\n\n\n\n<p>Copa Libertadores, Viertelfinale, Hinspiel:  <strong><em>Boca Juniors<\/em><\/strong> <strong><em>\u2013<\/em><\/strong> <strong><em>Racing Club (01.15 Uhr)<\/em><\/strong><\/p>\n\n\n\n<p><img loading=\"lazy\" decoding=\"async\" width=\"10\" height=\"21\" class=\"wp-image-3656\" style=\"width: 10px;\" src=\"http:\/\/kommentatorenblog.de\/wp-content\/uploads\/2020\/09\/shure-55sh-ii-e1601485394796.jpg\" alt=\"\" srcset=\"https:\/\/kommentatorenblog.de\/wp-content\/uploads\/2020\/09\/shure-55sh-ii-e1601485394796.jpg 415w, https:\/\/kommentatorenblog.de\/wp-content\/uploads\/2020\/09\/shure-55sh-ii-e1601485394796-142x300.jpg 142w\" sizes=\"auto, (max-width: 10px) 100vw, 10px\" \/> Christian Blunck<\/p>\n\n\n\n<p>CONCACAF Champions League, Viertelfinale: <strong><em>Los Angeles FC<\/em><\/strong> <strong><em>\u2013<\/em><\/strong> <strong><em>CD Cruz Azul (04.15 Uhr)<\/em><\/strong><\/p>\n\n\n\n<p><img loading=\"lazy\" decoding=\"async\" width=\"10\" height=\"21\" class=\"wp-image-3656\" style=\"width: 10px;\" src=\"http:\/\/kommentatorenblog.de\/wp-content\/uploads\/2020\/09\/shure-55sh-ii-e1601485394796.jpg\" alt=\"\" srcset=\"https:\/\/kommentatorenblog.de\/wp-content\/uploads\/2020\/09\/shure-55sh-ii-e1601485394796.jpg 415w, https:\/\/kommentatorenblog.de\/wp-content\/uploads\/2020\/09\/shure-55sh-ii-e1601485394796-142x300.jpg 142w\" sizes=\"auto, (max-width: 10px) 100vw, 10px\" \/> Christian Blunck<\/p>\n\n\n\n<hr class=\"wp-block-separator\"\/>\n\n\n\n<p><strong>Die Analyse<\/strong><\/p>\n\n\n\n<p><strong>Ungew\u00f6hnlicher Born-Einsatz<\/strong><\/p>\n\n\n\n<p>Michael Born er\u00f6ffnet den Spieltag an einem f\u00fcr ihn recht un\u00fcblichen Ort. Der Hamburger macht sich morgen auf den Weh nach Frankfurt. Martin Gro\u00df gesellts sich als Interviewer dazu. Die weiteren Ansetzungen (zur sp\u00e4teren Ansto\u00dfzeit um 20.30 Uhr) am Dienstag sind regional und frei von \u00dcberraschungen. Seidler\/Westen in Berlin und Lindemann\/Wasserziehr in Bremen sind typische Ansetzungen in englischen Wochen bei Sky. Der gesch\u00e4tzte Jonas Friedrich k\u00fcmmert sich um &#8222;meinen&#8220; VfB. Dieser Zeit wird ja viel \u00fcber Hotspots geredet &#8211; Stuttgart ist aus fu\u00dfballerischer Sicht sicherlich ebenso ein Hotspot, nachdem man am Spieltag zuvor mal eben den BVB mit 5:1 aus dem Stadion gekegelt hat und damit die, aus meiner Sicht, l\u00e4ngst \u00fcberf\u00e4llige Entlassung von Lucien Favre in die Wege geleitet hatte. <\/p>\n\n\n\n<p><strong>Launige Konferenz<\/strong><\/p>\n\n\n\n<p>Buschi, Schmiso und G\u00f6tz klingt nach einer unterhaltsamen Konferenz! Habe \u00fcbrigens vor kurzem auch mal in den Podcast der beiden erstgenannten reingeh\u00f6rt: Absolute H\u00f6rempfehlung! Esther Sedlaczek und Didi Hamann f\u00fchren ab 17.30 Uhr aus Unterf\u00f6hring durch den Dienstag.<\/p>\n\n\n\n<p><strong>Schalke wieder mit &#8222;einzelner Ansto\u00dfzeit&#8220;<\/strong><\/p>\n\n\n\n<p>Kann Schalke jemals wieder gewinnen? Das ist die gro\u00dfe Frage &#8211; und wieder k\u00f6nnen sich die K\u00f6nigsblauen nicht in einer Konferenz verstecken. Martin Gro\u00df darf die Partie der Schalker gegen Freiburg kommentieren. Gro\u00df hat somit wieder einen Kommentar- und einen Interviewer-Einsatz. Mein Herz schl\u00e4gt in diesem Fall recht deutlich f\u00fcr den Sportclub. Von daher hoffe ich auch auf einen Sieg der Freiburger, bei denen Christian Streich gef\u00fchlt seit 17 Jahren Trainer ist. <\/p>\n\n\n\n<p><strong>Rheinisches Derby mit Klassiker-Duo<\/strong><\/p>\n\n\n\n<p>Bei den sp\u00e4ten Spielen gibt\u00b4s wieder wenige \u00dcberraschungen. Dittmann und Bayer, der wieder mit Ecki Heuser ein Duo bildet, sind mit ihren Arbeitspl\u00e4tzen wahrscheinlich mittlerweile per du. Hansi K\u00fcpper, der vor der Saison wieder vom S\u00fcden in den Westen der Republik gezogen ist, macht wieder ein nicht so reiseintensives Einzelspiel. Der Umzug hat wirklich zur Folge, dass K\u00fcpper mehr Buli-Spiele aus dem Stadion kommentiert. Nach Bielefeld reist SSN-Reporter Marc Behrenbeck wieder als Field-Reporter dazu. <\/p>\n\n\n\n<p><strong>Gleiche Konferenz<\/strong><\/p>\n\n\n\n<p>Buschi bleibt der Konferenz erhalten, zu ihm sto\u00dfen Fuss, und wie bereits am Samstag, Pfandt und Veltmann. Ulli Potofski hat \u00fcbrigens auch einen Doppeleinsatz diesen Spieltag, Dienstag Stuttgart, Mittwoch Sinsheim &#8211; mal eben kurz \u00fcber die A81 und die A6 und schon ist die Reise wieder beendet. Sebastian Hellmann und Lothar Matth\u00e4us werden alles  ab 17.30 Uhr im Studio genaustens analysieren.<\/p>\n\n\n\n<p><strong>Statement, doppelter Dahlmann<\/strong> <strong>und 5G-Experiment<\/strong><\/p>\n\n\n\n<p>Ich muss es an dieser Stelle einfach mal zugeben: Ich bin leider echt nicht mehr so ganz drin in der ganzen Materie und somit ein bisschen raus was die Fu\u00dfballwelt angeht. In der Bundesliga bin ich noch halbwegs auf dem aktuellen Stand der Dinge, danach bin ich aber tats\u00e4chlich v\u00f6llig lost. Beim Versuch, alle Zweitligisten aufzuz\u00e4hlen bin ich letztens dann doch kl\u00e4glich gescheitert. Dadurch, dass der Vater einer guten Freundin HSV-Fan ist bekomme ich zumindest noch mit, was die Hamburger so machen &#8211; ob man das allerdings wissen will ist wiederum die andere Frage&#8230;<\/p>\n\n\n\n<p>Wenn wir schon bei Hamburg sind stellen wir fest, das J\u00f6rg Dahlmann das Match der Rothosen gegen den SV Sandhausen verfolgt. Was gibt es noch: Der Name Jaron Steiner ist mir tats\u00e4chlich ja auch mal \u00fcber den Weg gelaufen, bei Herrn Martin Weinberger ist jedoch mein Latein wieder am Ende. Leon hat mir aber zugefl\u00fcstert, dass Weinberger nicht das erste Mal in dieser Saison ein Zweitliga-Spiel am Mikrofon begleitet. Und jetzt n\u00fcchtern: J\u00f6rg Dahlmann kommentiert sowohl Dienstag wie Mittwoch. Pfandt kommentiert Dienstag Liga 2 und am Mittwoch Konferenz, sodass sich die Reise nach M\u00fcnchen auch lohnt. Das &#8222;Topspiel&#8220; am Donnerstag macht nat\u00fcrlich wieder Stefan Hempel gemeinsam mit Ex-Unionprofi Thorsten Mattuschka. Field-Reporter Jurek Rohrberg zieht es zudem nicht das erste Mal ins Erzgebirge. <\/p>\n\n\n\n<p>Au\u00dferdem startet Sky am Mittwoch bei der Partie D\u00fcsseldorf-Osnabr\u00fcck wieder ein 5G-Experiment. Zuletzt ging Sky bei der HBL in Flensburg mit O2 dieses Wagnis ein. <a href=\"http:\/\/kommentatorenblog.de\/?p=4974\">Wir berichteten.<\/a> Jetzt gibt\u00b4s das Ganze mit Vodafone in der 2. Bundesliga beim Fu\u00dfball. Schaut mal rein!<\/p>\n\n\n\n<p><strong>Freie Hand f\u00fcr euch<\/strong> <\/p>\n\n\n\n<p>Tja, auch die Dritte Liga ist f\u00fcr ein unbeschriebenes Blatt, ich glaube ich muss in meinem Urlaub jetzt echt mal wieder Aufholarbeit leisten. (was Angesichts des anstehenden NBA-Starts recht unrealistisch ist) Vielleicht k\u00f6nnt ihr mir in den Kommentaren bei der Analyse der Ansetzungen helfen?<\/p>\n\n\n\n<p><strong>&#8222;Nur&#8220; sechs Spiele und Hebel-Dreifachschicht<\/strong><\/p>\n\n\n\n<p>Auch die Premier League spielt unter der Woche &#8211; allerdings zeigt Sky nach langer Zeit mal wieder nicht alle Spiele. Jeder darf mal ran, lediglich Jogi Hebel bekommt einen Live-Doppeleinsatz geschenkt. Zudem macht er am Mittwoch eine Partie im ReLive (mehr Infos dazu in den Kommentaren). Ich lege mein Augenmerk mal auf die Partie Liverpool &#8211; Tottenham. Erster gegen Zweiter, d\u00fcrfte unterhaltsam werden. Schmiso scheint hier alleine ohne Experte ran zu m\u00fcssen. Allgemein ist die Premier League diese Saison so undurchsichtig wie lange nicht mehr zu sein. Die Re-Lives liefern wir in den Kommentaren nach!<\/p>\n\n\n\n<p><strong>Der Rest Europas oder der Welt<\/strong><\/p>\n\n\n\n<p>Auch kurz der Blick auf das restliche internationale Programm: Marco Hagemann kommentiert die Serie A, Italien-Experte Carsten Fu\u00df ist logischerweise auch am Start. Immer das gleiche Spiel bei DAZN &#8211; Italien: Carsten Fu\u00df und Flo Hauser, Spanien geh\u00f6rt Jan Platte und Frankreich Stefan Galler. Ab und an schauen dann auch mal die Herren Hebel und Hagemann vorbei.<\/p>\n\n\n\n<p>Beim Blick auf die Anstzungen von sportdigital FUSSBALL f\u00e4llt einem die Doppelschicht von Christian Blunck in der Nacht zu Donnerstag auf. Doppelschichten m\u00fcssen allgemein schon anstrengend sein und dann das ganze auch noch zu einer Zeit, wo sonst die meisten schlafen &#8211; egal, Kaffee wird das schon regeln.<\/p>\n\n\n\n<p>So, das war\u00b4s f\u00fcr erste, ich w\u00fcnsche euch eine gute und gesunde Woche und haut flei\u00dfig eure Meinungen und Analysen in die Kommentare!<\/p>\n","protected":false},"excerpt":{"rendered":"<p>N\u2019Abend allerseits, Der gesch\u00e4tzte Leser stellt sich die berechtigte Frage: Was liegt l\u00e4nger zur\u00fcck? Der Letzte Sieg von Schalke 04 oder mein letzter Beitrag? Nun, dass ist eine Frage, mit der sich Historiker gerne besch\u00e4ftigen d\u00fcrfen, meine Wenigkeit wird dies nicht tun. Zwischen Pandemie, Weihnachten und Geburtstag habe ich tats\u00e4chlich mal wieder einen Urlaubstag, welcher [&hellip;]<\/p>\n","protected":false},"author":4,"featured_media":0,"comment_status":"open","ping_status":"open","sticky":false,"template":"","format":"standard","meta":{"footnotes":""},"categories":[424],"tags":[20,10,60,54,164,57,181,30,392,287,97,132,89,61,25,90,48,72,213,347,69,26,93,53,198,159,158,31,417,9,368,43,112,126,95,71,114,88,369,113,94,23,45,189,98,222,127,22,134,28,96,85,105,289,107,196],"class_list":["post-5252","post","type-post","status-publish","format-standard","hentry","category-bundesliga-und-co","tag-2-bundesliga","tag-3-liga","tag-bundesliga","tag-championship","tag-christian-bernhard","tag-christian-blunck","tag-copa-libertadores","tag-didi-hamann","tag-dirk-grosse-schlarmann","tag-ecki-heuser","tag-esther-sedlaczek","tag-flo-hauser","tag-florian-schmidt-sommerfeld","tag-frank-buschmann","tag-hansi-kuepper","tag-holger-pfandt","tag-jan-platte","tag-jaron-steiner","tag-jens-westen","tag-joachim-hebel","tag-jonas-friedrich","tag-joerg-dahlmann","tag-kai-dittmann","tag-klaus-veltmann","tag-konferenz","tag-la-liga","tag-ligue-1","tag-lothar-matthaeus","tag-lutz-pfannenstiel","tag-magenta-sport","tag-marc-behrenbeck","tag-marco-hagemann","tag-marcus-lindemann","tag-markus-goetz","tag-martin-gross","tag-martin-weinberger","tag-michael-born","tag-michael-leopold","tag-nele-schenker","tag-oliver-seidler","tag-patrick-wasserziehr","tag-premier-league","tag-roland-evers","tag-sebastian-benesch","tag-sebastian-hellmann","tag-sebastian-kneissl","tag-serie-a","tag-sky","tag-sportdigital-fussball","tag-stefan-hempel","tag-sven-haist","tag-tom-bayer","tag-uli-hebel","tag-ulli-potofski","tag-wolff-fuss","tag-yannick-erkenbrecher"],"_links":{"self":[{"href":"https:\/\/kommentatorenblog.de\/index.php?rest_route=\/wp\/v2\/posts\/5252","targetHints":{"allow":["GET"]}}],"collection":[{"href":"https:\/\/kommentatorenblog.de\/index.php?rest_route=\/wp\/v2\/posts"}],"about":[{"href":"https:\/\/kommentatorenblog.de\/index.php?rest_route=\/wp\/v2\/types\/post"}],"author":[{"embeddable":true,"href":"https:\/\/kommentatorenblog.de\/index.php?rest_route=\/wp\/v2\/users\/4"}],"replies":[{"embeddable":true,"href":"https:\/\/kommentatorenblog.de\/index.php?rest_route=%2Fwp%2Fv2%2Fcomments&post=5252"}],"version-history":[{"count":56,"href":"https:\/\/kommentatorenblog.de\/index.php?rest_route=\/wp\/v2\/posts\/5252\/revisions"}],"predecessor-version":[{"id":5312,"href":"https:\/\/kommentatorenblog.de\/index.php?rest_route=\/wp\/v2\/posts\/5252\/revisions\/5312"}],"wp:attachment":[{"href":"https:\/\/kommentatorenblog.de\/index.php?rest_route=%2Fwp%2Fv2%2Fmedia&parent=5252"}],"wp:term":[{"taxonomy":"category","embeddable":true,"href":"https:\/\/kommentatorenblog.de\/index.php?rest_route=%2Fwp%2Fv2%2Fcategories&post=5252"},{"taxonomy":"post_tag","embeddable":true,"href":"https:\/\/kommentatorenblog.de\/index.php?rest_route=%2Fwp%2Fv2%2Ftags&post=5252"}],"curies":[{"name":"wp","href":"https:\/\/api.w.org\/{rel}","templated":true}]}}