{"id":5313,"date":"2020-12-21T20:18:56","date_gmt":"2020-12-21T19:18:56","guid":{"rendered":"http:\/\/kommentatorenblog.de\/?p=5313"},"modified":"2021-02-28T21:25:01","modified_gmt":"2021-02-28T20:25:01","slug":"1135-awards","status":"publish","type":"post","link":"https:\/\/kommentatorenblog.de\/?p=5313","title":{"rendered":"1135 \u2013 Awards"},"content":{"rendered":"\n<p>N&#8216; wundersch\u00f6nen vorweihnachtlichen Abend allerseits,<\/p>\n\n\n\n<p>Ihr bemerkt schon an der ver\u00e4nderten Begr\u00fc\u00dfung, ich freue mich auf Weihnachten. Klar dieses Jahr wird dieser Festtag eine andere Stimmung haben wie sonst, aber die gesellschaftliche Gesamtsituation ist so wie ist, weshalb der Vorsatz gilt das beste aus diesem Fest zu machen. Ich pers\u00f6nlich bin auch mal ganz froh ein paar Tage etwas Ruhe zu haben und mal den ganzen Arbeitsstress von sich loszueisen. Nun aber zum sportlichen.<\/p>\n\n\n\n<p>Das Sportjahr 2020 neigt sich dem Ende zu, die nationalen Ligen sind hierzulande schon in der Mini-Pause, einzig der DFB Pokal &#8211; dazu gleich mehr &#8211; hat noch einen letzten Auftritt im Jahr 2020. Ich will meinen letzten Beitrag in diesem Jahr daher ein paar Awards &#8211; zu deutsch Auszeichnungen &#8211; f\u00fcr \u00dcbertragungen, Sendungen, Podcasts etc. an sich, aber auch an die Beteiligten daran verteilen. Bevor ich damit anfange nur ein Hinweis: Alles was jetzt ist v\u00f6llig subjektiv und wird sp\u00e4ter noch erg\u00e4nzt.<\/p>\n\n\n\n<p><strong>Der Dauerbrenner-Award (Bundesliga)<\/strong> geht an Martin Gro\u00df und Marcus Lindemann, beide waren quasi an jedem Spieltag doppelt im Einsatz. Fast an jedem Spieltag hie\u00df es bei uns Samstags Kommentator und Sonntags Field-Reporter. Ich habe mal nachgez\u00e4hlt, an 30 Spieltagen im Jahr 2020 hatte Marcus Lindemann insgesamt 52 Eins\u00e4tze (28 Mal als Kommentator und 24 Mal als Field-Reporter) und Martin Gro\u00df mit 53 Eins\u00e4tzen (27 Mal als Kommentator und 26 Mal als Field-Reporter). <\/p>\n\n\n\n<p><strong>Der (die) beste(n) Konferenz-Award (Bundesliga)<\/strong> geht an den 25.Spieltag der vergangen Saison mit Jonas Friedrich, Markus G\u00f6tz, Schmiso, Holger Pfandt und Hansi K\u00fcpper und an den 8. Spieltag dieser Saison mit Buschi, Hansi K\u00fcpper, Toni Tomic, Jonas Friedrich und Schmiso. Beide Konferenzen sind mir als sehr unterhaltsam in Erinnerung geblieben!<\/p>\n\n\n\n<hr class=\"wp-block-separator\"\/>\n\n\n\n<p><strong><em>Die Ansetzungen vom 22. Dezember bis zum 24. Dezember 2020<\/em><\/strong><\/p>\n\n\n\n<p><strong>DFB-Pokal, 02. Runde<\/strong><\/p>\n\n\n\n<p><span style=\"text-decoration: underline;\">Dienstag, 22. Dezember 2020, ab 18.00 Uhr (Sky)<\/span><\/p>\n\n\n\n<p><strong><em>SSV Ulm 1846&nbsp;\u2013&nbsp;FC Schalke 04 (18.30 Uhr)<\/em><\/strong><\/p>\n\n\n\n<p class=\"has-normal-font-size\"><img loading=\"lazy\" decoding=\"async\" width=\"10\" height=\"21\" class=\"wp-image-3656\" style=\"width: 10px;\" src=\"http:\/\/kommentatorenblog.de\/wp-content\/uploads\/2020\/09\/shure-55sh-ii-e1601485394796.jpg\" alt=\"\" srcset=\"https:\/\/kommentatorenblog.de\/wp-content\/uploads\/2020\/09\/shure-55sh-ii-e1601485394796.jpg 415w, https:\/\/kommentatorenblog.de\/wp-content\/uploads\/2020\/09\/shure-55sh-ii-e1601485394796-142x300.jpg 142w\" sizes=\"auto, (max-width: 10px) 100vw, 10px\" \/> Michael Born (Einzelspiel), Toni Tomic (Konferenz)<\/p>\n\n\n\n<p>Field-Reporter: Dirk gro\u00dfe Schlarmann<\/p>\n\n\n\n<p><strong><em>FC&nbsp;Augsburg \u2013&nbsp;RB Leipzig (18.30 Uhr)<\/em><\/strong><\/p>\n\n\n\n<p class=\"has-normal-font-size\"><img loading=\"lazy\" decoding=\"async\" width=\"10\" height=\"21\" class=\"wp-image-3656\" style=\"width: 10px;\" src=\"http:\/\/kommentatorenblog.de\/wp-content\/uploads\/2020\/09\/shure-55sh-ii-e1601485394796.jpg\" alt=\"\" srcset=\"https:\/\/kommentatorenblog.de\/wp-content\/uploads\/2020\/09\/shure-55sh-ii-e1601485394796.jpg 415w, https:\/\/kommentatorenblog.de\/wp-content\/uploads\/2020\/09\/shure-55sh-ii-e1601485394796-142x300.jpg 142w\" sizes=\"auto, (max-width: 10px) 100vw, 10px\" \/> Roland Evers&nbsp;(Einzelspiel),&nbsp;Marcel Meinert (Konferenz)<\/p>\n\n\n\n<p>Interviews: Schalte<\/p>\n\n\n\n<p><strong><em>1. FC K\u00f6ln \u2013 VfL Osnabr\u00fcck (18.30 Uhr)<\/em><\/strong><\/p>\n\n\n\n<p class=\"has-normal-font-size\"><img loading=\"lazy\" decoding=\"async\" width=\"10\" height=\"21\" class=\"wp-image-3656\" style=\"width: 10px;\" src=\"http:\/\/kommentatorenblog.de\/wp-content\/uploads\/2020\/09\/shure-55sh-ii-e1601485394796.jpg\" alt=\"\" srcset=\"https:\/\/kommentatorenblog.de\/wp-content\/uploads\/2020\/09\/shure-55sh-ii-e1601485394796.jpg 415w, https:\/\/kommentatorenblog.de\/wp-content\/uploads\/2020\/09\/shure-55sh-ii-e1601485394796-142x300.jpg 142w\" sizes=\"auto, (max-width: 10px) 100vw, 10px\" \/> Jonas Friedrich (Einzelspiel), Hansi K\u00fcpper (Konferenz)<\/p>\n\n\n\n<p>Interviews: Schalte<\/p>\n\n\n\n<p><strong><em>1899 Hoffenheim \u2013 SpVgg Greuther F\u00fcrth (18.30 Uhr)<\/em><\/strong><\/p>\n\n\n\n<p class=\"has-normal-font-size\"><img loading=\"lazy\" decoding=\"async\" width=\"10\" height=\"21\" class=\"wp-image-3656\" style=\"width: 10px;\" src=\"http:\/\/kommentatorenblog.de\/wp-content\/uploads\/2020\/09\/shure-55sh-ii-e1601485394796.jpg\" alt=\"\" srcset=\"https:\/\/kommentatorenblog.de\/wp-content\/uploads\/2020\/09\/shure-55sh-ii-e1601485394796.jpg 415w, https:\/\/kommentatorenblog.de\/wp-content\/uploads\/2020\/09\/shure-55sh-ii-e1601485394796-142x300.jpg 142w\" sizes=\"auto, (max-width: 10px) 100vw, 10px\" \/> J\u00fcrgen Schmitz (Einzelspiel), Holger Pfandt (Konferenz)<\/p>\n\n\n\n<p>Interviews: Schalte<\/p>\n\n\n\n<p><span style=\"text-decoration: underline;\">ab 18.00 Uhr (Sport1) bzw. ab 19.45 Uhr (Sky)<\/span><\/p>\n\n\n\n<p><strong><em>Eintracht Braunschweig \u2013&nbsp;Borussia Dortmund (20.00 Uhr)<\/em><\/strong><\/p>\n\n\n\n<p class=\"has-normal-font-size\">Sky: <img loading=\"lazy\" decoding=\"async\" width=\"10\" height=\"21\" class=\"wp-image-3656\" style=\"width: 10px;\" src=\"http:\/\/kommentatorenblog.de\/wp-content\/uploads\/2020\/09\/shure-55sh-ii-e1601485394796.jpg\" alt=\"\" srcset=\"https:\/\/kommentatorenblog.de\/wp-content\/uploads\/2020\/09\/shure-55sh-ii-e1601485394796.jpg 415w, https:\/\/kommentatorenblog.de\/wp-content\/uploads\/2020\/09\/shure-55sh-ii-e1601485394796-142x300.jpg 142w\" sizes=\"auto, (max-width: 10px) 100vw, 10px\" \/> Oliver Seidler&nbsp;(Einzelspiel),&nbsp;Kai Dittmann&nbsp;(Konferenz), Field-Reporter: Martin Gro\u00df<\/p>\n\n\n\n<p class=\"has-normal-font-size\">Sport1: <img loading=\"lazy\" decoding=\"async\" width=\"10\" height=\"21\" class=\"wp-image-3656\" style=\"width: 10px;\" src=\"http:\/\/kommentatorenblog.de\/wp-content\/uploads\/2020\/09\/shure-55sh-ii-e1601485394796.jpg\" alt=\"\" srcset=\"https:\/\/kommentatorenblog.de\/wp-content\/uploads\/2020\/09\/shure-55sh-ii-e1601485394796.jpg 415w, https:\/\/kommentatorenblog.de\/wp-content\/uploads\/2020\/09\/shure-55sh-ii-e1601485394796-142x300.jpg 142w\" sizes=\"auto, (max-width: 10px) 100vw, 10px\" \/> Markus H\u00f6hner (Einzelspiel), Field-Reporter: Jochen Stutzky <\/p>\n\n\n\n<p>Moderation (Sport1): Laura Papendick, Experten: Stefan Effenberg, Torsten Lieberknecht und Thomas Strunz <\/p>\n\n\n\n<p><span style=\"text-decoration: underline;\">ab 20.35 Uhr (Sky)<\/span><\/p>\n\n\n\n<p><strong><em>SV Elversberg&nbsp;\u2013&nbsp;Borussia M\u00f6nchengladbach (20.45 Uhr)<\/em><\/strong><\/p>\n\n\n\n<p class=\"has-normal-font-size\"><img loading=\"lazy\" decoding=\"async\" width=\"10\" height=\"21\" class=\"wp-image-3656\" style=\"width: 10px;\" src=\"http:\/\/kommentatorenblog.de\/wp-content\/uploads\/2020\/09\/shure-55sh-ii-e1601485394796.jpg\" alt=\"\" srcset=\"https:\/\/kommentatorenblog.de\/wp-content\/uploads\/2020\/09\/shure-55sh-ii-e1601485394796.jpg 415w, https:\/\/kommentatorenblog.de\/wp-content\/uploads\/2020\/09\/shure-55sh-ii-e1601485394796-142x300.jpg 142w\" sizes=\"auto, (max-width: 10px) 100vw, 10px\" \/> Klaus Veltmann&nbsp;(Einzelspiel),&nbsp;Wolff Fuss&nbsp;(Konferenz)<\/p>\n\n\n\n<p>Field-Reporter: Alexander Bonengel<\/p>\n\n\n\n<p><strong><em>1. FC Union Berlin \u2013 SC Paderborn 07 (20.45 Uhr)<\/em><\/strong><\/p>\n\n\n\n<p><img loading=\"lazy\" decoding=\"async\" width=\"10\" height=\"21\" class=\"wp-image-3656\" style=\"width: 10px;\" src=\"http:\/\/kommentatorenblog.de\/wp-content\/uploads\/2020\/09\/shure-55sh-ii-e1601485394796.jpg\" alt=\"\" srcset=\"https:\/\/kommentatorenblog.de\/wp-content\/uploads\/2020\/09\/shure-55sh-ii-e1601485394796.jpg 415w, https:\/\/kommentatorenblog.de\/wp-content\/uploads\/2020\/09\/shure-55sh-ii-e1601485394796-142x300.jpg 142w\" sizes=\"auto, (max-width: 10px) 100vw, 10px\" \/> Karsten Petrzika&nbsp;(Einzelspiel),&nbsp;J\u00f6rg Dahlmann&nbsp;(Konferenz)<\/p>\n\n\n\n<p>Interviews: Schalte <\/p>\n\n\n\n<p><strong><em>Dynamo Dresden \u2013 SV Darmstadt 98 (20.45 Uhr)<\/em><\/strong><\/p>\n\n\n\n<p class=\"has-normal-font-size\"><img loading=\"lazy\" decoding=\"async\" width=\"10\" height=\"21\" class=\"wp-image-3656\" style=\"width: 10px;\" src=\"http:\/\/kommentatorenblog.de\/wp-content\/uploads\/2020\/09\/shure-55sh-ii-e1601485394796.jpg\" alt=\"\" srcset=\"https:\/\/kommentatorenblog.de\/wp-content\/uploads\/2020\/09\/shure-55sh-ii-e1601485394796.jpg 415w, https:\/\/kommentatorenblog.de\/wp-content\/uploads\/2020\/09\/shure-55sh-ii-e1601485394796-142x300.jpg 142w\" sizes=\"auto, (max-width: 10px) 100vw, 10px\" \/> Torsten Kunde (Einzelspiel), Heiko Mallwitz (Konferenz)<\/p>\n\n\n\n<p>Interviews: Schalte<\/p>\n\n\n\n<hr class=\"wp-block-separator\"\/>\n\n\n\n<p><span style=\"text-decoration: underline;\">Mittwoch, 23. Dezember 2020, ab 18.00 Uhr (Sky)<\/span><\/p>\n\n\n\n<p><em><strong>VfL Wolfsburg \u2013 SV Sandhausen (18.30 Uhr)<\/strong><\/em><\/p>\n\n\n\n<p class=\"has-normal-font-size\"><img loading=\"lazy\" decoding=\"async\" width=\"10\" height=\"21\" class=\"wp-image-3656\" style=\"width: 10px;\" src=\"http:\/\/kommentatorenblog.de\/wp-content\/uploads\/2020\/09\/shure-55sh-ii-e1601485394796.jpg\" alt=\"\" srcset=\"https:\/\/kommentatorenblog.de\/wp-content\/uploads\/2020\/09\/shure-55sh-ii-e1601485394796.jpg 415w, https:\/\/kommentatorenblog.de\/wp-content\/uploads\/2020\/09\/shure-55sh-ii-e1601485394796-142x300.jpg 142w\" sizes=\"auto, (max-width: 10px) 100vw, 10px\" \/> Holger Pfandt (Einzelspiel), Florian Schmidt-Sommerfeld (Konferenz)<\/p>\n\n\n\n<p> Interviews: Schalte <\/p>\n\n\n\n<p><strong><em>Rot-Weiss Essen \u2013 Fortuna D\u00fcsseldorf (18.30 Uhr)<\/em><\/strong><\/p>\n\n\n\n<p class=\"has-normal-font-size\"><img loading=\"lazy\" decoding=\"async\" width=\"10\" height=\"21\" class=\"wp-image-3656\" style=\"width: 10px;\" src=\"http:\/\/kommentatorenblog.de\/wp-content\/uploads\/2020\/09\/shure-55sh-ii-e1601485394796.jpg\" alt=\"\" srcset=\"https:\/\/kommentatorenblog.de\/wp-content\/uploads\/2020\/09\/shure-55sh-ii-e1601485394796.jpg 415w, https:\/\/kommentatorenblog.de\/wp-content\/uploads\/2020\/09\/shure-55sh-ii-e1601485394796-142x300.jpg 142w\" sizes=\"auto, (max-width: 10px) 100vw, 10px\" \/> Tom Bayer (Einzelspiel), Hansi K\u00fcpper (Konferenz)<\/p>\n\n\n\n<p>Field-Reporter: Jesco von Eichmann <\/p>\n\n\n\n<p><span style=\"text-decoration: underline;\">ab 20.15 Uhr (Sky) bzw. ab 20.30 Uhr (ARD)<\/span><\/p>\n\n\n\n<p><strong><em>VfB Stuttgart \u2013 SC Freiburg (20.45 Uhr)<\/em><\/strong><\/p>\n\n\n\n<p class=\"has-normal-font-size\">Sky: <img loading=\"lazy\" decoding=\"async\" width=\"10\" height=\"21\" class=\"wp-image-3656\" style=\"width: 10px;\" src=\"http:\/\/kommentatorenblog.de\/wp-content\/uploads\/2020\/09\/shure-55sh-ii-e1601485394796.jpg\" alt=\"\" srcset=\"https:\/\/kommentatorenblog.de\/wp-content\/uploads\/2020\/09\/shure-55sh-ii-e1601485394796.jpg 415w, https:\/\/kommentatorenblog.de\/wp-content\/uploads\/2020\/09\/shure-55sh-ii-e1601485394796-142x300.jpg 142w\" sizes=\"auto, (max-width: 10px) 100vw, 10px\" \/> Klaus Veltmann (Einzelspiel), Wolff Fuss (Konferenz), Field-Reporter: Michael Leopold<\/p>\n\n\n\n<p class=\"has-normal-font-size\">ARD: <img loading=\"lazy\" decoding=\"async\" width=\"10\" height=\"21\" class=\"wp-image-3656\" style=\"width: 10px;\" src=\"http:\/\/kommentatorenblog.de\/wp-content\/uploads\/2020\/09\/shure-55sh-ii-e1601485394796.jpg\" alt=\"\" srcset=\"https:\/\/kommentatorenblog.de\/wp-content\/uploads\/2020\/09\/shure-55sh-ii-e1601485394796.jpg 415w, https:\/\/kommentatorenblog.de\/wp-content\/uploads\/2020\/09\/shure-55sh-ii-e1601485394796-142x300.jpg 142w\" sizes=\"auto, (max-width: 10px) 100vw, 10px\" \/> Florian Na\u00df (Einzelspiel), Field-Reporter: Lennert Brinkhof<\/p>\n\n\n\n<p>Moderation (ARD): Matthias Opdenh\u00f6vel, Experte: Thomas Broich<\/p>\n\n\n\n<p><span style=\"text-decoration: underline;\">ab 20.15 Uhr (Sky)<\/span><\/p>\n\n\n\n<p><strong><em>Hannover 96 \u2013 Werder Bremen (20.45 Uhr)<\/em><\/strong><\/p>\n\n\n\n<p class=\"has-normal-font-size\"><img loading=\"lazy\" decoding=\"async\" width=\"10\" height=\"21\" class=\"wp-image-3656\" style=\"width: 10px;\" src=\"http:\/\/kommentatorenblog.de\/wp-content\/uploads\/2020\/09\/shure-55sh-ii-e1601485394796.jpg\" alt=\"\" srcset=\"https:\/\/kommentatorenblog.de\/wp-content\/uploads\/2020\/09\/shure-55sh-ii-e1601485394796.jpg 415w, https:\/\/kommentatorenblog.de\/wp-content\/uploads\/2020\/09\/shure-55sh-ii-e1601485394796-142x300.jpg 142w\" sizes=\"auto, (max-width: 10px) 100vw, 10px\" \/> Michael Born (Einzelspiel), Kai Dittmann (Konferenz)<\/p>\n\n\n\n<p>Field-Reporter: Jurek Rohrberg <\/p>\n\n\n\n<p><strong><em>1. FSV Mainz 05 \u2013 VfL Bochum (20.45 Uhr)<\/em><\/strong><\/p>\n\n\n\n<p class=\"has-normal-font-size\"><img loading=\"lazy\" decoding=\"async\" width=\"10\" height=\"21\" class=\"wp-image-3656\" style=\"width: 10px;\" src=\"http:\/\/kommentatorenblog.de\/wp-content\/uploads\/2020\/09\/shure-55sh-ii-e1601485394796.jpg\" alt=\"\" srcset=\"https:\/\/kommentatorenblog.de\/wp-content\/uploads\/2020\/09\/shure-55sh-ii-e1601485394796.jpg 415w, https:\/\/kommentatorenblog.de\/wp-content\/uploads\/2020\/09\/shure-55sh-ii-e1601485394796-142x300.jpg 142w\" sizes=\"auto, (max-width: 10px) 100vw, 10px\" \/> Sven Haist (Einzelspiel), J\u00f6rg Dahlmann (Konferenz)<\/p>\n\n\n\n<p>Interviews: Schalte<\/p>\n\n\n\n<p><strong><em>SV Wehen Wiesbaden \u2013 Jahn Regensburg (20.45 Uhr)<\/em><\/strong><\/p>\n\n\n\n<p><img loading=\"lazy\" decoding=\"async\" width=\"10\" height=\"21\" class=\"wp-image-3656\" style=\"width: 10px;\" src=\"http:\/\/kommentatorenblog.de\/wp-content\/uploads\/2020\/09\/shure-55sh-ii-e1601485394796.jpg\" alt=\"\" srcset=\"https:\/\/kommentatorenblog.de\/wp-content\/uploads\/2020\/09\/shure-55sh-ii-e1601485394796.jpg 415w, https:\/\/kommentatorenblog.de\/wp-content\/uploads\/2020\/09\/shure-55sh-ii-e1601485394796-142x300.jpg 142w\" sizes=\"auto, (max-width: 10px) 100vw, 10px\" \/> Martin Weinberger (Einzelspiel), Heiko Mallwitz (Konferenz)<\/p>\n\n\n\n<p>Interviews: Schalte<\/p>\n\n\n\n<hr class=\"wp-block-separator\"\/>\n\n\n\n<p><strong>3. Liga, Nachholspiel 11. Spieltag (Magenta Sport)<\/strong><\/p>\n\n\n\n<p><span style=\"text-decoration: underline;\">Mittwoch, 23. Dezember 2020, ab 16.45 Uhr<\/span><\/p>\n\n\n\n<p><strong><em>SV Meppen&nbsp;\u2013&nbsp;T\u00fcrkg\u00fcc\u00fc M\u00fcnchen (17.00 Uhr)<\/em><\/strong><\/p>\n\n\n\n<p class=\"has-normal-font-size\"><img loading=\"lazy\" decoding=\"async\" width=\"10\" height=\"21\" class=\"wp-image-3656\" style=\"width: 10px;\" src=\"http:\/\/kommentatorenblog.de\/wp-content\/uploads\/2020\/09\/shure-55sh-ii-e1601485394796.jpg\" alt=\"\" srcset=\"https:\/\/kommentatorenblog.de\/wp-content\/uploads\/2020\/09\/shure-55sh-ii-e1601485394796.jpg 415w, https:\/\/kommentatorenblog.de\/wp-content\/uploads\/2020\/09\/shure-55sh-ii-e1601485394796-142x300.jpg 142w\" sizes=\"auto, (max-width: 10px) 100vw, 10px\" \/> Mike M\u00fcnkel<\/p>\n\n\n\n<p>Moderation: Gari Paubandt <\/p>\n\n\n\n<hr class=\"wp-block-separator\"\/>\n\n\n\n<p><strong>Carabao Cup, Viertelfinale<\/strong> <strong>(DAZN)<\/strong><\/p>\n\n\n\n<p><span style=\"text-decoration: underline;\">Dienstag, 22. Dezember 2020<\/span><\/p>\n\n\n\n<p><strong><em>Brentford&nbsp;\u2013 Newcastle United (19.00 Uhr)<\/em><\/strong><\/p>\n\n\n\n<p><img loading=\"lazy\" decoding=\"async\" width=\"10\" height=\"21\" class=\"wp-image-3656\" style=\"width: 10px;\" src=\"http:\/\/kommentatorenblog.de\/wp-content\/uploads\/2020\/09\/shure-55sh-ii-e1601485394796.jpg\" alt=\"\" srcset=\"https:\/\/kommentatorenblog.de\/wp-content\/uploads\/2020\/09\/shure-55sh-ii-e1601485394796.jpg 415w, https:\/\/kommentatorenblog.de\/wp-content\/uploads\/2020\/09\/shure-55sh-ii-e1601485394796-142x300.jpg 142w\" sizes=\"auto, (max-width: 10px) 100vw, 10px\" \/> Andreas Renner  <\/p>\n\n\n\n<p><span style=\"text-decoration: underline;\">ab 20.45 Uhr <\/span><\/p>\n\n\n\n<p><strong><em>FC Arsenal \u2013&nbsp;Manchester City<\/em><\/strong> <strong><em>(21.00 Uhr)<\/em><\/strong><\/p>\n\n\n\n<p><img loading=\"lazy\" decoding=\"async\" width=\"10\" height=\"21\" class=\"wp-image-3656\" style=\"width: 10px;\" src=\"http:\/\/kommentatorenblog.de\/wp-content\/uploads\/2020\/09\/shure-55sh-ii-e1601485394796.jpg\" alt=\"\" srcset=\"https:\/\/kommentatorenblog.de\/wp-content\/uploads\/2020\/09\/shure-55sh-ii-e1601485394796.jpg 415w, https:\/\/kommentatorenblog.de\/wp-content\/uploads\/2020\/09\/shure-55sh-ii-e1601485394796-142x300.jpg 142w\" sizes=\"auto, (max-width: 10px) 100vw, 10px\" \/> Uli Hebel, Experte: Sebastian Knei\u00dfl<\/p>\n\n\n\n<p>Moderator: Tobi Wahnschaffe<\/p>\n\n\n\n<p><span style=\"text-decoration: underline;\">Mittwoch, 23. Dezember 2020 <\/span><\/p>\n\n\n\n<p><strong><em>Stoke City \u2013&nbsp;Tottenham Hotspur (19.00 Uhr)<\/em><\/strong><\/p>\n\n\n\n<p><img loading=\"lazy\" decoding=\"async\" width=\"10\" height=\"21\" class=\"wp-image-3656\" style=\"width: 10px;\" src=\"http:\/\/kommentatorenblog.de\/wp-content\/uploads\/2020\/09\/shure-55sh-ii-e1601485394796.jpg\" alt=\"\" srcset=\"https:\/\/kommentatorenblog.de\/wp-content\/uploads\/2020\/09\/shure-55sh-ii-e1601485394796.jpg 415w, https:\/\/kommentatorenblog.de\/wp-content\/uploads\/2020\/09\/shure-55sh-ii-e1601485394796-142x300.jpg 142w\" sizes=\"auto, (max-width: 10px) 100vw, 10px\" \/> Tino Polster<\/p>\n\n\n\n<p><strong><em>FC Everton \u2013&nbsp;Manchester United (21.00 Uhr)<\/em><\/strong><\/p>\n\n\n\n<p><img loading=\"lazy\" decoding=\"async\" width=\"10\" height=\"21\" class=\"wp-image-3656\" style=\"width: 10px;\" src=\"http:\/\/kommentatorenblog.de\/wp-content\/uploads\/2020\/09\/shure-55sh-ii-e1601485394796.jpg\" alt=\"\" srcset=\"https:\/\/kommentatorenblog.de\/wp-content\/uploads\/2020\/09\/shure-55sh-ii-e1601485394796.jpg 415w, https:\/\/kommentatorenblog.de\/wp-content\/uploads\/2020\/09\/shure-55sh-ii-e1601485394796-142x300.jpg 142w\" sizes=\"auto, (max-width: 10px) 100vw, 10px\" \/> Guido H\u00fcsgen, Experte: Helge Payer<\/p>\n\n\n\n<hr class=\"wp-block-separator\"\/>\n\n\n\n<p><strong>La Liga, 15. Spieltag (DAZN)<\/strong><\/p>\n\n\n\n<p><span style=\"text-decoration: underline;\">Dienstag, 22. Dezember 2020<\/span><\/p>\n\n\n\n<p><strong><em>FC Valencia \u2013 FC Sevilla (17.30 Uhr)<\/em><\/strong><\/p>\n\n\n\n<p><img loading=\"lazy\" decoding=\"async\" width=\"10\" height=\"21\" class=\"wp-image-3656\" style=\"width: 10px;\" src=\"http:\/\/kommentatorenblog.de\/wp-content\/uploads\/2020\/09\/shure-55sh-ii-e1601485394796.jpg\" alt=\"\" srcset=\"https:\/\/kommentatorenblog.de\/wp-content\/uploads\/2020\/09\/shure-55sh-ii-e1601485394796.jpg 415w, https:\/\/kommentatorenblog.de\/wp-content\/uploads\/2020\/09\/shure-55sh-ii-e1601485394796-142x300.jpg 142w\" sizes=\"auto, (max-width: 10px) 100vw, 10px\" \/> Tino Polster, Experte: Sascha Bigalke<\/p>\n\n\n\n<p><strong><em>Real Sociedad \u2013 Atletico Madrid (19.45 Uhr)<\/em><\/strong><\/p>\n\n\n\n<p><img loading=\"lazy\" decoding=\"async\" width=\"10\" height=\"21\" class=\"wp-image-3656\" style=\"width: 10px;\" src=\"http:\/\/kommentatorenblog.de\/wp-content\/uploads\/2020\/09\/shure-55sh-ii-e1601485394796.jpg\" alt=\"\" srcset=\"https:\/\/kommentatorenblog.de\/wp-content\/uploads\/2020\/09\/shure-55sh-ii-e1601485394796.jpg 415w, https:\/\/kommentatorenblog.de\/wp-content\/uploads\/2020\/09\/shure-55sh-ii-e1601485394796-142x300.jpg 142w\" sizes=\"auto, (max-width: 10px) 100vw, 10px\" \/> Jan Platte, Experte: Benny Lauth<\/p>\n\n\n\n<p><strong><em>Real Valladolid \u2013 FC Barcelona (22.00 Uhr)<\/em><\/strong><\/p>\n\n\n\n<p><img loading=\"lazy\" decoding=\"async\" width=\"10\" height=\"21\" class=\"wp-image-3656\" style=\"width: 10px;\" src=\"http:\/\/kommentatorenblog.de\/wp-content\/uploads\/2020\/09\/shure-55sh-ii-e1601485394796.jpg\" alt=\"\" srcset=\"https:\/\/kommentatorenblog.de\/wp-content\/uploads\/2020\/09\/shure-55sh-ii-e1601485394796.jpg 415w, https:\/\/kommentatorenblog.de\/wp-content\/uploads\/2020\/09\/shure-55sh-ii-e1601485394796-142x300.jpg 142w\" sizes=\"auto, (max-width: 10px) 100vw, 10px\" \/> Flo Hauser, Experte: Max Nicu<\/p>\n\n\n\n<p><em><strong>FC Villareal \u2013 Athletic Bilbao (22.00 Uhr)<\/strong><\/em><\/p>\n\n\n\n<p><img loading=\"lazy\" decoding=\"async\" width=\"10\" height=\"21\" class=\"wp-image-3656\" style=\"width: 10px;\" src=\"http:\/\/kommentatorenblog.de\/wp-content\/uploads\/2020\/09\/shure-55sh-ii-e1601485394796.jpg\" alt=\"\" srcset=\"https:\/\/kommentatorenblog.de\/wp-content\/uploads\/2020\/09\/shure-55sh-ii-e1601485394796.jpg 415w, https:\/\/kommentatorenblog.de\/wp-content\/uploads\/2020\/09\/shure-55sh-ii-e1601485394796-142x300.jpg 142w\" sizes=\"auto, (max-width: 10px) 100vw, 10px\" \/> Uwe Morawe<\/p>\n\n\n\n<p><span style=\"text-decoration: underline;\">Mittwoch, 23. Dezember 2020<\/span><\/p>\n\n\n\n<p><strong><em>Real Madrid \u2013 FC Granada (21.00 Uhr)<\/em><\/strong><\/p>\n\n\n\n<p><img loading=\"lazy\" decoding=\"async\" width=\"10\" height=\"21\" class=\"wp-image-3656\" style=\"width: 10px;\" src=\"http:\/\/kommentatorenblog.de\/wp-content\/uploads\/2020\/09\/shure-55sh-ii-e1601485394796.jpg\" alt=\"\" srcset=\"https:\/\/kommentatorenblog.de\/wp-content\/uploads\/2020\/09\/shure-55sh-ii-e1601485394796.jpg 415w, https:\/\/kommentatorenblog.de\/wp-content\/uploads\/2020\/09\/shure-55sh-ii-e1601485394796-142x300.jpg 142w\" sizes=\"auto, (max-width: 10px) 100vw, 10px\" \/> Lukas Sch\u00f6nm\u00fcller, Experte: Benny Lauth<\/p>\n\n\n\n<hr class=\"wp-block-separator\"\/>\n\n\n\n<p><strong>Serie A, 14. Spieltag (DAZN)<\/strong><\/p>\n\n\n\n<p><span style=\"text-decoration: underline;\">Dienstag, 22. Dezember 2020<\/span><\/p>\n\n\n\n<p><strong><em>Juventus Turin<\/em><\/strong> <strong><em>\u2013<\/em><\/strong> <strong><em>AC Florenz (20.45 Uhr)<\/em><\/strong><\/p>\n\n\n\n<p><img loading=\"lazy\" decoding=\"async\" width=\"10\" height=\"21\" class=\"wp-image-3656\" style=\"width: 10px;\" src=\"http:\/\/kommentatorenblog.de\/wp-content\/uploads\/2020\/09\/shure-55sh-ii-e1601485394796.jpg\" alt=\"\" srcset=\"https:\/\/kommentatorenblog.de\/wp-content\/uploads\/2020\/09\/shure-55sh-ii-e1601485394796.jpg 415w, https:\/\/kommentatorenblog.de\/wp-content\/uploads\/2020\/09\/shure-55sh-ii-e1601485394796-142x300.jpg 142w\" sizes=\"auto, (max-width: 10px) 100vw, 10px\" \/> Marco Hagemann, Experte: Ralph Gunesch<\/p>\n\n\n\n<p><span style=\"text-decoration: underline;\">Mittwoch, 23. Dezember 2020<\/span> <\/p>\n\n\n\n<p><strong><em>Hellas Verona \u2013 Inter Mailand (18.30 Uhr)<\/em><\/strong><\/p>\n\n\n\n<p><img loading=\"lazy\" decoding=\"async\" width=\"10\" height=\"21\" class=\"wp-image-3656\" style=\"width: 10px;\" src=\"http:\/\/kommentatorenblog.de\/wp-content\/uploads\/2020\/09\/shure-55sh-ii-e1601485394796.jpg\" alt=\"\" srcset=\"https:\/\/kommentatorenblog.de\/wp-content\/uploads\/2020\/09\/shure-55sh-ii-e1601485394796.jpg 415w, https:\/\/kommentatorenblog.de\/wp-content\/uploads\/2020\/09\/shure-55sh-ii-e1601485394796-142x300.jpg 142w\" sizes=\"auto, (max-width: 10px) 100vw, 10px\" \/> Nico Seepe, Experte: Christian Bernhard<\/p>\n\n\n\n<p><strong><em>AC Mailand<\/em><\/strong> <strong><em>\u2013<\/em><\/strong> <strong><em>Lazio Rom<\/em><\/strong> <strong><em>(20.45 Uhr)<\/em><\/strong><\/p>\n\n\n\n<p><img loading=\"lazy\" decoding=\"async\" width=\"10\" height=\"21\" class=\"wp-image-3656\" style=\"width: 10px;\" src=\"http:\/\/kommentatorenblog.de\/wp-content\/uploads\/2020\/09\/shure-55sh-ii-e1601485394796.jpg\" alt=\"\" srcset=\"https:\/\/kommentatorenblog.de\/wp-content\/uploads\/2020\/09\/shure-55sh-ii-e1601485394796.jpg 415w, https:\/\/kommentatorenblog.de\/wp-content\/uploads\/2020\/09\/shure-55sh-ii-e1601485394796-142x300.jpg 142w\" sizes=\"auto, (max-width: 10px) 100vw, 10px\" \/> Carsten Fu\u00df, Experte: Sebastian Knei\u00dfl<\/p>\n\n\n\n<p><strong><em>SSC Neapel \u2013<\/em><\/strong> <strong><em>FC Turin (20.45 Uhr<\/em><\/strong>)<\/p>\n\n\n\n<p><img loading=\"lazy\" decoding=\"async\" width=\"10\" height=\"21\" class=\"wp-image-3656\" style=\"width: 10px;\" src=\"http:\/\/kommentatorenblog.de\/wp-content\/uploads\/2020\/09\/shure-55sh-ii-e1601485394796.jpg\" alt=\"\" srcset=\"https:\/\/kommentatorenblog.de\/wp-content\/uploads\/2020\/09\/shure-55sh-ii-e1601485394796.jpg 415w, https:\/\/kommentatorenblog.de\/wp-content\/uploads\/2020\/09\/shure-55sh-ii-e1601485394796-142x300.jpg 142w\" sizes=\"auto, (max-width: 10px) 100vw, 10px\" \/> Ruben Zimmermann<\/p>\n\n\n\n<p><strong><em>AS Rom<\/em><\/strong> <strong><em>\u2013<\/em><\/strong> <strong><em>Cagliari (20.45 Uhr)<\/em><\/strong><\/p>\n\n\n\n<p><img loading=\"lazy\" decoding=\"async\" width=\"10\" height=\"21\" class=\"wp-image-3656\" style=\"width: 10px;\" src=\"http:\/\/kommentatorenblog.de\/wp-content\/uploads\/2020\/09\/shure-55sh-ii-e1601485394796.jpg\" alt=\"\" srcset=\"https:\/\/kommentatorenblog.de\/wp-content\/uploads\/2020\/09\/shure-55sh-ii-e1601485394796.jpg 415w, https:\/\/kommentatorenblog.de\/wp-content\/uploads\/2020\/09\/shure-55sh-ii-e1601485394796-142x300.jpg 142w\" sizes=\"auto, (max-width: 10px) 100vw, 10px\" \/> Tobi Fischbeck<\/p>\n\n\n\n<hr class=\"wp-block-separator\"\/>\n\n\n\n<p><strong>Internationaler Fussball<\/strong> <strong>(Sportdigital FUSSBALL)<\/strong><\/p>\n\n\n\n<p><span style=\"text-decoration: underline;\">Dienstag, 22. Dezember 2020<\/span><\/p>\n\n\n\n<p>Eredivisie, 14. Spieltag: <strong><em>PSV Eindhoven \u2013 VVV-Venlo (20.00 Uhr)<\/em><\/strong><\/p>\n\n\n\n<p><img loading=\"lazy\" decoding=\"async\" width=\"10\" height=\"21\" class=\"wp-image-3656\" style=\"width: 10px;\" src=\"http:\/\/kommentatorenblog.de\/wp-content\/uploads\/2020\/09\/shure-55sh-ii-e1601485394796.jpg\" alt=\"\" srcset=\"https:\/\/kommentatorenblog.de\/wp-content\/uploads\/2020\/09\/shure-55sh-ii-e1601485394796.jpg 415w, https:\/\/kommentatorenblog.de\/wp-content\/uploads\/2020\/09\/shure-55sh-ii-e1601485394796-142x300.jpg 142w\" sizes=\"auto, (max-width: 10px) 100vw, 10px\" \/> Karsten Linke <\/p>\n\n\n\n<p><span style=\"text-decoration: underline;\">Mittwoch, 23. Dezember 2020<\/span><\/p>\n\n\n\n<p>CONCACAF Champions League, Finale: <strong><em>UANL Tigres<\/em><\/strong> <strong><em>\u2013<\/em><\/strong> <strong><em>Los Angeles FC (04.00 Uhr)<\/em><\/strong><\/p>\n\n\n\n<p><img loading=\"lazy\" decoding=\"async\" width=\"10\" height=\"21\" class=\"wp-image-3656\" style=\"width: 10px;\" src=\"http:\/\/kommentatorenblog.de\/wp-content\/uploads\/2020\/09\/shure-55sh-ii-e1601485394796.jpg\" alt=\"\" srcset=\"https:\/\/kommentatorenblog.de\/wp-content\/uploads\/2020\/09\/shure-55sh-ii-e1601485394796.jpg 415w, https:\/\/kommentatorenblog.de\/wp-content\/uploads\/2020\/09\/shure-55sh-ii-e1601485394796-142x300.jpg 142w\" sizes=\"auto, (max-width: 10px) 100vw, 10px\" \/> Karsten Linke <\/p>\n\n\n\n<p>Fortuna Liga, 14. Spieltag: <strong><em>Viktoria Pilsen \u2013<\/em><\/strong> <strong><em>Slavia Prag (17.00 Uhr)<\/em><\/strong><\/p>\n\n\n\n<p><img loading=\"lazy\" decoding=\"async\" width=\"10\" height=\"21\" class=\"wp-image-3656\" style=\"width: 10px;\" src=\"http:\/\/kommentatorenblog.de\/wp-content\/uploads\/2020\/09\/shure-55sh-ii-e1601485394796.jpg\" alt=\"\" srcset=\"https:\/\/kommentatorenblog.de\/wp-content\/uploads\/2020\/09\/shure-55sh-ii-e1601485394796.jpg 415w, https:\/\/kommentatorenblog.de\/wp-content\/uploads\/2020\/09\/shure-55sh-ii-e1601485394796-142x300.jpg 142w\" sizes=\"auto, (max-width: 10px) 100vw, 10px\" \/> Jakob Vogel<\/p>\n\n\n\n<p>Eredivisie, 14. Spieltag: <strong><em>Willem II Tilburg \u2013<\/em><\/strong> <strong><em>Ajax Amsterdam (18.45 Uhr)<\/em><\/strong><\/p>\n\n\n\n<p><img loading=\"lazy\" decoding=\"async\" width=\"10\" height=\"21\" class=\"wp-image-3656\" style=\"width: 10px;\" src=\"http:\/\/kommentatorenblog.de\/wp-content\/uploads\/2020\/09\/shure-55sh-ii-e1601485394796.jpg\" alt=\"\" srcset=\"https:\/\/kommentatorenblog.de\/wp-content\/uploads\/2020\/09\/shure-55sh-ii-e1601485394796.jpg 415w, https:\/\/kommentatorenblog.de\/wp-content\/uploads\/2020\/09\/shure-55sh-ii-e1601485394796-142x300.jpg 142w\" sizes=\"auto, (max-width: 10px) 100vw, 10px\" \/> Christian Blunck<\/p>\n\n\n\n<p>Eredivisie, 14. Spieltag:<strong><em> Feyenoord Rotterdam \u2013 SC Heerenveen<\/em><\/strong> <strong><em>(21.00 Uhr)<\/em><\/strong><\/p>\n\n\n\n<p><img loading=\"lazy\" decoding=\"async\" width=\"10\" height=\"21\" class=\"wp-image-3656\" style=\"width: 10px;\" src=\"http:\/\/kommentatorenblog.de\/wp-content\/uploads\/2020\/09\/shure-55sh-ii-e1601485394796.jpg\" alt=\"\" srcset=\"https:\/\/kommentatorenblog.de\/wp-content\/uploads\/2020\/09\/shure-55sh-ii-e1601485394796.jpg 415w, https:\/\/kommentatorenblog.de\/wp-content\/uploads\/2020\/09\/shure-55sh-ii-e1601485394796-142x300.jpg 142w\" sizes=\"auto, (max-width: 10px) 100vw, 10px\" \/> Ulf Kahmke <\/p>\n\n\n\n<p><span style=\"text-decoration: underline;\">Donnerstag, 24. Dezember 2020<\/span><\/p>\n\n\n\n<p>Copa Libertadores, Viertelfinale, R\u00fcckspiel: <strong><em>Boca Juniors<\/em><\/strong> <strong><em>\u2013<\/em><\/strong> <strong><em>Racing Club (01.30 Uhr)<\/em><\/strong><\/p>\n\n\n\n<p><img loading=\"lazy\" decoding=\"async\" width=\"10\" height=\"21\" class=\"wp-image-3656\" style=\"width: 10px;\" src=\"http:\/\/kommentatorenblog.de\/wp-content\/uploads\/2020\/09\/shure-55sh-ii-e1601485394796.jpg\" alt=\"\" srcset=\"https:\/\/kommentatorenblog.de\/wp-content\/uploads\/2020\/09\/shure-55sh-ii-e1601485394796.jpg 415w, https:\/\/kommentatorenblog.de\/wp-content\/uploads\/2020\/09\/shure-55sh-ii-e1601485394796-142x300.jpg 142w\" sizes=\"auto, (max-width: 10px) 100vw, 10px\" \/> Marcus Radefeld<\/p>\n\n\n\n<hr class=\"wp-block-separator\"\/>\n\n\n\n<p><strong>Die Analyse <\/strong><\/p>\n\n\n\n<p><strong>kleine Info vorab:<\/strong> Alle Spiele, die bei Sky nicht mit einem Field-Reporter angesetzt sind, werden leider aus M\u00fcnchen kommentiert. Sky besitzt bei diesen Spielen, wie ihr dies aus den \u00dcbertragungen der 2. Bundesliga kennt, die M\u00f6glichkeit f\u00fcr Interviews per Schalte!<\/p>\n\n\n\n<p><strong>Borni auf Reisen und der ewige Dirk<\/strong>  <\/p>\n\n\n\n<p>Dienstag \u00fcbernimmt Esther Sedlaczek ab 18 Uhr die Moderation der Pokal-Sendung aus M\u00fcnchen. Bei der Fr\u00fchschicht liegt der Fokus nat\u00fcrlich auf dem FC Schalke 04, der gegen den Regionalligisten SSV Ulm antritt. Michael Born macht sich von Hamburg auf den Weg in den Westen, weil die Partie ja in der Veltins Arena stattfindet. Dienstag (Frankfurt), Samstag (Mainz) und jetzt Ulm &#8211; sch\u00f6nes Pensum, zudem auf dem Heimweg am Mittwoch noch eine Partie dazu kommt. Die Interviews vor Ort f\u00fchrt nat\u00fcrlich wieder Dirk grosse Schlarmann. Der SSN-Reporter f\u00fchrt zum dritten Mal nacheinander die &#8222;Schalke-Interviews&#8220;. <\/p>\n\n\n\n<p>Alle weiteren Spiele kommen also aus der Box &#8211; selbst das Bundesliga-Duell zwischen den &#8222;Fuggerst\u00e4dtern&#8220; und RB Leipzig. Hier h\u00e4tte Kommentar Roland Evers mit einer kurzen Anreise auch ins Stadion gepasst&#8230;  Beide Spiele zwischen Erst- und Zweitligisten kommentieren J\u00fcrgen Schmitz und Jonas Friedrich. In der Konferenz gibt\u00b4s eine bunte Mischung mit Holger Pfandt, Hansi K\u00fcpper, Toni Tomic und Marcel Meinert. Hier sollte f\u00fcr jeden was dabei sein. Frank Buschmann wird dieses Jahr nicht mehr f\u00fcr Sky zum Einsatz kommen. <\/p>\n\n\n\n<p><strong>Volle Kapelle bei Sport 1<\/strong><\/p>\n\n\n\n<p>Um 20 Uhr wird Braunschweig-Dortmund angepfiffen. Das Spiel l\u00e4uft ja wie bereits im Vorwort erw\u00e4hnt auch im Free-TV auf Sport 1. Das Stamm-Personal ist euch ja bekannt. Dazu gibt\u00b4s wohl wieder zus\u00e4tzliche G\u00e4ste. Der ehemalige BTSV-Trainer Lieberknecht und Thomas Strunz haben sich angek\u00fcndigt. F\u00fcr Sky sind Oliver Seidler als Kommentator und Martin Gro\u00df als Field-Reporter in Braunschweig, Olli war dort ja bereits in Runde eins zu Gast. Kai Dittmann bleibt f\u00fcr die Konferenz in M\u00fcnchen. <\/p>\n\n\n\n<p><strong>Veltmann wieder in Saarbr\u00fccken <\/strong><\/p>\n\n\n\n<p>Vergangene Saison war Veltmann ja schon bei zwei Spielen in meiner saarl\u00e4ndischen Heimat am Start. Jetzt hei\u00dft es aber nicht 1.FC Saarbr\u00fccken, sondern um die Elversberger. Alexander Bonengel ist hier die logische Field-Reporter-Ansetzung. Karsten Petrzika ist ja beim Handball h\u00e4ufiger im Norden\/Osten der Republik zu Gast &#8211; beim Fussball reist er extra nach M\u00fcnchen \u2013 auch wenn er ein Spiel aus Berlin Stadtteil K\u00f6penick \u2013 kommentiert. Und auch Torsten Kunde kommt wieder zum Einsatz. Er k\u00fcmmert sich aus der Box um Dresden-Darmstadt. In der sp\u00e4ten Konferenz wird\u00b4s launig. Denn gerade wenn Kai Dittmann zur Pause bittet, gehen die Herren Fuss, Dahlmann und Mallwitz an den Start.<\/p>\n\n\n\n<p><strong>Nur zwei Spiele in der fr\u00fchen Konferenz<\/strong><\/p>\n\n\n\n<p>Am Mittwoch gibt&#8217;s ja nur eine Mini-Konferenz zum Start, weil Bayern und Bayer ja erst im Januar ran m\u00fcssen. Schmiso und Hansi K\u00fcpper schieben sich die B\u00e4lle zu. Tom Bayer macht sich auf die kurze Reise nach Essen. Noch k\u00fcrzer ist die Anreise f\u00fcr SSN-Reporter Jesco von Eichmann, der die Fragen stellen wird. Bei der anderen Begegnung k\u00fcmmert sich Holger Pfandt aus der Box um den Corona-gebeutelten VfL Wolfsburg.<\/p>\n\n\n\n<p><strong>The&nbsp;same procedure as yesterday!<\/strong><\/p>\n\n\n\n<p>In der sp\u00e4ten Konferenz finden wir das gleiche Bild wie am Vortag. Das Quartett Fuss, Dittmann, Dahlmann und Mallwitz kommt also doppelt zum Einsatz. Ich freue mich sehr, dass also zweimal das Duo Fuss\/Dittmann in einer Konferenz zu h\u00f6ren gibt. Bei den Einzelspielen bleibt\u00b4s regional. Klaus Veltmann macht eine Doppelschicht &#8211; f\u00fcr ihn geht&#8217;s von Saarbr\u00fccken nach Stuttgart. Field-Reporter ist Michael Leopold. Das ARD-Personal in Stuttgart mit Na\u00df und SWR-Mann Brinkhoff ergibt Sinn. Michael Born darf zum Jahresabschluss gleich doppelt kommentieren. Er meldet sich auf seiner Heimreise von Gelsenkirchen mit Jurek Rohrberg aus Hannover. Zudem d\u00fcrfen auch Sven Haist und der inzwischen im Pokal fast schon etablierte Martin Weinberger auch einen Einsatz \u2013 nat\u00fcrlich aus der Box \u2013 feiern. Die Moderation vor Heiligabend \u00fcbernimmt Yannick Erkenbrecher. <\/p>\n\n\n\n<p><strong>Schmankerl in Ligapokal<\/strong><\/p>\n\n\n\n<p>Auch im englischen Carabao Cup wird gespielt. Das Viertelfinale steht an. Die Kollegen Renner und Polster werden zur Fr\u00fchschicht alleine in den Ring geschickt. Guido H\u00fcsgen bekommt einen Beisitzer den wir gut von dem englischen Ligapokal kennen. Helge Payer ist gemeint. Das Topspiel zwischen den zuletzt &#8211; positiv formuliert &#8211; weniger starken Gunners und Man City stattet DAZN nat\u00fcrlich mit Tobi Wahnschaffe als Moderator aus. Kommentiert wird das Spiel von England-Experte Uli Hebel &#8211; an dessen Seite der dann auch als Experte deklarierte Seb Knei\u00dfl zum Einsatz kommt.<\/p>\n\n\n\n<p><strong>Ligafu\u00dfball und Finale der CONCACAF Champions League <\/strong><\/p>\n\n\n\n<p>Anders als in Deutschland und England l\u00e4uft in den anderen L\u00e4ndern der Top-5 Fussball-Nationen kein Pokal, sondern die nationalen Ligen. In Spanien sticht das Spiel von Tabellenf\u00fchrer Atletico Madrid bei dem \u00dcberraschungsteam Real Sociedad. Das Spiel wird von standesgem\u00e4\u00df von Jan Platte und Benny Lauth kommentiert. Letzteren h\u00f6ren wir auch am Mittwoch, wenn Real Madrid spielt. Ein Wort noch zum Spiel von Barcelona &#8211; Flo Hauser darf hier wie am Samstag bei den Katalanen ran. In Italien steht der letzte Spieltag im Jahr 2020 an. Hagemann macht wieder Juve. Fu\u00df und Fischbeck sind mit dabei. Und Nico Seepe freut sich mal wieder auf einen Co-Kommentator.<\/p>\n\n\n\n<p>Bei sportdigital FUSSBALL liegt der Fokus wohl auf dem CONCACAF Champions League-Finale. Fr\u00fchaufsteher oder Nachteulen sind gefragt, wenn Karsten Linke das zweite Spiel innerhalb von 8 Stunden kommentieren wird. Mittwoch ist der Zeitplan eng getaktet, sodass Jakob Vogel (bei seinem zweiten Einsatz) direkt zu Christian Blunck abgeben muss\/wird.  <\/p>\n","protected":false},"excerpt":{"rendered":"<p>N&#8216; wundersch\u00f6nen vorweihnachtlichen Abend allerseits, Ihr bemerkt schon an der ver\u00e4nderten Begr\u00fc\u00dfung, ich freue mich auf Weihnachten. Klar dieses Jahr wird dieser Festtag eine andere Stimmung haben wie sonst, aber die gesellschaftliche Gesamtsituation ist so wie ist, weshalb der Vorsatz gilt das beste aus diesem Fest zu machen. Ich pers\u00f6nlich bin auch mal ganz froh [&hellip;]<\/p>\n","protected":false},"author":5,"featured_media":0,"comment_status":"open","ping_status":"open","sticky":false,"template":"","format":"standard","meta":{"footnotes":""},"categories":[504],"tags":[377,65,97,99,89,155,25,92,228,90,69,26,86,93,91,53,71,101,114,113,45,222,96,247,168,252,85,24,87,105,107,196],"class_list":["post-5313","post","type-post","status-publish","format-standard","hentry","category-dfb-pokal-co","tag-andreas-renner","tag-dfb-pokal","tag-esther-sedlaczek","tag-florian-nass","tag-florian-schmidt-sommerfeld","tag-guido-huesgen","tag-hansi-kuepper","tag-heiko-mallwitz","tag-helge-payer","tag-holger-pfandt","tag-jonas-friedrich","tag-joerg-dahlmann","tag-juergen-schmitz","tag-kai-dittmann","tag-karsten-petrzika","tag-klaus-veltmann","tag-martin-weinberger","tag-matthias-opdenhoevel","tag-michael-born","tag-oliver-seidler","tag-roland-evers","tag-sebastian-kneissl","tag-sven-haist","tag-thomas-broich","tag-tino-polster","tag-tobi-wahnschaffe","tag-tom-bayer","tag-toni-tomic","tag-torsten-kunde","tag-uli-hebel","tag-wolff-fuss","tag-yannick-erkenbrecher"],"_links":{"self":[{"href":"https:\/\/kommentatorenblog.de\/index.php?rest_route=\/wp\/v2\/posts\/5313","targetHints":{"allow":["GET"]}}],"collection":[{"href":"https:\/\/kommentatorenblog.de\/index.php?rest_route=\/wp\/v2\/posts"}],"about":[{"href":"https:\/\/kommentatorenblog.de\/index.php?rest_route=\/wp\/v2\/types\/post"}],"author":[{"embeddable":true,"href":"https:\/\/kommentatorenblog.de\/index.php?rest_route=\/wp\/v2\/users\/5"}],"replies":[{"embeddable":true,"href":"https:\/\/kommentatorenblog.de\/index.php?rest_route=%2Fwp%2Fv2%2Fcomments&post=5313"}],"version-history":[{"count":76,"href":"https:\/\/kommentatorenblog.de\/index.php?rest_route=\/wp\/v2\/posts\/5313\/revisions"}],"predecessor-version":[{"id":5458,"href":"https:\/\/kommentatorenblog.de\/index.php?rest_route=\/wp\/v2\/posts\/5313\/revisions\/5458"}],"wp:attachment":[{"href":"https:\/\/kommentatorenblog.de\/index.php?rest_route=%2Fwp%2Fv2%2Fmedia&parent=5313"}],"wp:term":[{"taxonomy":"category","embeddable":true,"href":"https:\/\/kommentatorenblog.de\/index.php?rest_route=%2Fwp%2Fv2%2Fcategories&post=5313"},{"taxonomy":"post_tag","embeddable":true,"href":"https:\/\/kommentatorenblog.de\/index.php?rest_route=%2Fwp%2Fv2%2Ftags&post=5313"}],"curies":[{"name":"wp","href":"https:\/\/api.w.org\/{rel}","templated":true}]}}