{"id":5459,"date":"2020-12-24T12:11:51","date_gmt":"2020-12-24T12:11:51","guid":{"rendered":"http:\/\/kommentatorenblog.de\/?p=5459"},"modified":"2020-12-30T15:21:53","modified_gmt":"2020-12-30T15:21:53","slug":"1136-stolzer-jahresabschluss-und-veraenderungen","status":"publish","type":"post","link":"https:\/\/kommentatorenblog.de\/?p=5459","title":{"rendered":"1136 \u2013 Stolzer Jahresabschluss und Ver\u00e4nderungen"},"content":{"rendered":"\n<p>N&#8216; Abend allerseits, <\/p>\n\n\n\n<p>gegen Ende des Jahres bietet sich immer die M\u00f6glichkeit allen Lesern. Unterst\u00fctzern, F\u00f6rderern, etc. zu danken. Die Interaktion, sowohl auf dieser Seite als auch auf Social Media, macht uns weiterhin gro\u00dfen Spa\u00df. Wir scheinen ja nicht die einzigen &#8222;Kommentatoren-Freaks&#8220; im deutschsprachigen Raum zu sein. <\/p>\n\n\n\n<p><strong>Das Jahr 2020 im Kommentatorenblog<\/strong><\/p>\n\n\n\n<p>Dieses Jahr war auch f\u00fcr uns nicht einfach. Schlie\u00dflich standen wir pl\u00f6tzlich ohne Ansetzungen da. Wir haben aus der Not eine Tugend gemacht und auf<strong> \u00e4ltere Ansetzungen<\/strong> zur\u00fcckblickt  &#8211; hier gibt\u00b4s explizit den Dank an den User, der uns beim Herauskramen der &#8222;alten Ware&#8220; geholfen hat. Sky startete wenig sp\u00e4ter die <strong>&#8222;historische Sky-Konferenz&#8220;<\/strong>, dessen Ansetzungen wird nat\u00fcrlich sofort in unsere Auflistungen reingepackt haben. Apropos <strong>Sky<\/strong>: Ich glaube, dass keine unseren &#8222;offiziellen&#8220; (es f\u00fchren ab und zu auch nur die &#8222;inoffiziellen&#8220; Wege ins Gl\u00fcck&#8230;) Anfrage von den Kollegen in M\u00fcnchen unbeantwortet blieb.<\/p>\n\n\n\n<p>Mit der Wiederaufnahme des Bundesliga-Spielbetriebs wurden hier erstmal auch Ansetzungen von <strong>Amazon<\/strong> aufgef\u00fchrt &#8211; n\u00e4chste Saison wird dies in der Champions League ja gang und g\u00e4be sein. Hier sind wir tats\u00e4chlich auch ein wenig stolz auf uns, weil wir teilweise das erste Medium waren, die a) aufgekl\u00e4rten, ob Amazon\/DAZN jetzt besagtes Spiel zeigen wird und b) berichteten, wer f\u00fcr den Online-Giganten die Spiele kommentieren und Interviews f\u00fchren wird! <\/p>\n\n\n\n<p>Mittlerweile ist unsere <a href=\"https:\/\/fumsmagazin.de\/tag\/fussball-live-im-tv\/\"><strong>Partnerschaft mit FUMS<\/strong><\/a> gefestigt. Unser &#8222;Chefredakteur&#8220; Leon durfte im <a href=\"http:\/\/www.quotenmeter.de\/n\/119285\/die-bundesligarechtevergabe-in-der-audio-analyse?utm_term=Autofeed&amp;utm_medium=Social&amp;utm_source=Twitter#Echobox=1592985878\"><strong>Podcast bei Quotenmeter<\/strong><\/a> dabei sein.  Und viele von euch haben an den Umfragen zu seiner Bachelorarbeit teilgenommen. Zudem versuchen wir uns seit diesem Jahr auch erst so richtig Inhalte auf <strong><a href=\"https:\/\/www.instagram.com\/komm_blog\/?hl=de\">Instagram<\/a>\/<a href=\"https:\/\/twitter.com\/komm_blog\">T<\/a><\/strong><a href=\"https:\/\/twitter.com\/komm_blog\"><strong>witter<\/strong><\/a> zu produzieren &#8211; und wir werden uns hier grafisch wirklich demn\u00e4chst verbessern :D. Ende September konntet ihr mit uns <strong><a href=\"https:\/\/www.dailymotion.com\/video\/x7wgx4h\">hinter die Kulissen bei MagentaSport<\/a> <\/strong>blicken &#8211; inhaltlich treffend, filmisch ausbauf\u00e4hig! Danke an die Kollegen f\u00fcr die Zusammenarbeit und die M\u00f6glichkeit bei euch reinzuschnuppern! Zuletzt sprachen sogar &#8222;Schmiso&#8220; und &#8222;Buschi&#8220; in ihrem <a href=\"https:\/\/twitter.com\/komm_blog\/status\/1329461132206223360\"><strong>Podcast &#8222;Lauschangriff&#8220;<\/strong><\/a> \u00fcber unsere Special-Interest-Seite. Summa summarum f\u00fchrte dies zu einem wirklich sch\u00f6nen Kommentar von Frank Buschmann zu einem noch <strong><a href=\"http:\/\/kommentatorenblog.de\/?p=5252\">gelungeneren Vorwort des Kollegen Dennis<\/a><\/strong> &#8211; absolute Leseempfehlung! Kurz vor Weinachten beschenkten uns dann die Redaktion von <strong>sportdigital FUSSBALL <\/strong>noch mit einem einen Gratiszugang zum Webangebot inkl. des Livesenderstreams. Danke nach Hamburg!<\/p>\n\n\n\n<p>In der Retrospektive ist mir allerdings aufgefallen, dass die Zeit dieses Jahr nur f\u00fcr ein &#8222;Kommentatorenblog-Interview&#8220; ausreichte. Umso mehr freuen wir uns \u00fcber Inhalt und Feedback zum ausf\u00fchrlichen Gespr\u00e4ch mit Alex Schl\u00fcter, dass sogar die Kollegen von <a href=\"https:\/\/www.instagram.com\/p\/CHP4UTAnxt7\/\"><strong>FUMS zitiert<\/strong><\/a> haben. Alle Interviews k\u00f6nnt ihr <strong><a href=\"http:\/\/kommentatorenblog.de\/?page_id=1048\">hier<\/a><\/strong> nochmals nachlesen. Danke an die Kollegen von DAZN, die dieses Interview erm\u00f6glicht haben. Obwohl wir ja ab und an die fehlende Stadionpr\u00e4senz kritisieren, werden uns im Austausch nie Steine in den Weg gelegt! Und bevor ich es vergesse: Der Weg von Alex Schl\u00fcter ist noch lange nicht vorbei. Gleiches gilt auch f\u00fcr die anderen Gespr\u00e4chspartner. Wir sind ja keine Amateure. Au\u00dferdem ist ein neuer Gespr\u00e4chspartner ja bereits gefunden. Ich hatte ja hier auch mal was versprochen&#8230; <\/p>\n\n\n\n<p>Wir kl\u00e4ren euch immer auf, ob aus dem Stadion oder der &#8222;Box&#8220; berichtet wird. Wenn ihr wolltet, k\u00f6nnten wir euch auch den Sportschau-Kommentator, die Radioreporter oder auch die Redakteure hinter der Kamera nennen. Im Zweifel sind wir uns aber einig, dass dies wohl den Bogen ein wenig \u00fcberspannen w\u00fcrde. Daf\u00fcr liefern wir jede Woche ausf\u00fchrliche Analysen, sodass bez\u00fcglich der \u00dcbertragungen keine Frage offen bleibt. Diese Woche gibt\u00b4s zum Beispiel eine besondere Rolle f\u00fcr Joachim Hebel. <\/p>\n\n\n\n<p><strong>Wie geht\u00b4s weiter?<\/strong><\/p>\n\n\n\n<p>Zun\u00e4chst werden wir der Website ein kleines <strong>Update<\/strong> verschaffen. Nicht nur die WordPress-Experten werden bemerkt haben, dass wir nicht gerade das au\u00dfergew\u00f6hnlichste Design benutzen. Zudem denken wir auch dar\u00fcber nach, dass <strong>Vorwort<\/strong> ein wenig standardisierter zu gestalten &#8211; vielleicht eine Art R\u00fcckblick und Vorschau auf die kommende Sport-Woche inklusive der Ansetzungen. Ich finde, dass andere Sportarten mittlerweile hier ein wenig zu kurz kommen. <\/p>\n\n\n\n<p>Wieso sage ich kommende Sport-Woche? Wir spielen ein wenig mit dem Gedanken, dass wir vielleicht in <strong>Zukunft<\/strong> &#8222;nur&#8220; noch einen Eintrag in der Woche mit allen Ansetzungen ver\u00f6ffentlichen &#8211; zumindest in Wochen, in denen keine englische Woche oder Champions League ansteht. Ob dies in einem Jahr mit &#8222;verr\u00fcckten&#8220; Spielpl\u00e4nen m\u00f6glich ist, bleibt abzuwarten. Wir haben dies auch noch nicht abschlie\u00dfend gekl\u00e4rt. <\/p>\n\n\n\n<p>F\u00fcr meinen Teil: Ich habe mein Journalistik-Studium beendet und werde ab Januar sechs Monate redaktionell bei der DFL in K\u00f6ln t\u00e4tig sein. Die Zeit wird durchaus knapper, aber keine Sorge: Ich werden noch lange nicht aufh\u00f6ren. Ich sprach ja vom Freak-Dasein \ud83d\ude00 Aber unsere Arbeitsabl\u00e4ufe werden wir definitiv optimieren. Dieses Jahr freuen wir uns zudem ndlich auf <strong>Olympia<\/strong> und eine <strong>EM<\/strong> &#8211; trotz Corona?! Diese Eintr\u00e4ge sind unsere Highlights. Kollege Dennis schw\u00e4rmt quasi w\u00f6chentlich davon.  <\/p>\n\n\n\n<p>Nat\u00fcrlich wird trotz dieser Ideen weiterhin Platz f\u00fcr Meinung oder &#8222;nicht&#8220; sportliche Texte, wie der von Dennis bleibe. Warum? Weil das unserer Seite absolut bereichert und wir weiterhin ein <strong>Blog<\/strong> bleiben. Und wir werden weiterhin, trotz einiger Anfragen, keine Werbung schalten. Traurige Wahrheit: Wir zahlen quasi f\u00fcr diesen Blog &#8211; aber wir machen das gerne!<\/p>\n\n\n\n<p><strong>Frohes Fest<\/strong>, aber noch keinen guten Rutsch, weil wir uns <strong>p\u00fcnktlich zum Bundesligabeginn <\/strong>wieder dem klassischen Wochenend-Eintrag melden. Den Rest der Infos gibt\u00b4s in der Analyse. <\/p>\n\n\n\n<p>Und wird w\u00fcrden uns in den n\u00e4chsten Stunden und Tagen \u00fcber <strong>Feedback <\/strong>zu unserem Jahresabschluss und \u00fcber m\u00f6gliche Ideen freuen. Haut in den Kommentaren flei\u00dfig in die Tasten!<\/p>\n\n\n\n<p>LG, Leon und das gesamte Kommblog-Team<\/p>\n\n\n\n<hr class=\"wp-block-separator\"\/>\n\n\n\n<p><strong><em>Die Ansetzungen vom 25. Dezember bis zum 31. Dezember 2020<\/em><\/strong><\/p>\n\n\n\n<p><strong>Premier League, 15. Spieltag (Sky)<\/strong><\/p>\n\n\n\n<p><span style=\"text-decoration: underline;\">Samstag, 26. Dezember 2020, ab 13.00 Uhr<\/span><\/p>\n\n\n\n<p>Studio-Moderation &#8222;Boxing Day&#8220;: Florian Schmidt-Sommerfeld, Experte (bis 18.00 Uhr): Joachim Hebel <\/p>\n\n\n\n<p><span style=\"text-decoration: underline;\">ab 13.20 Uhr<\/span><\/p>\n\n\n\n<p><strong><em>Leicester City \u2013&nbsp;Manchester United (13.30 Uhr)<\/em><\/strong><\/p>\n\n\n\n<p><img loading=\"lazy\" decoding=\"async\" width=\"10\" height=\"21\" class=\"wp-image-3656\" style=\"width: 10px;\" src=\"http:\/\/kommentatorenblog.de\/wp-content\/uploads\/2020\/09\/shure-55sh-ii-e1601485394796.jpg\" alt=\"\" srcset=\"https:\/\/kommentatorenblog.de\/wp-content\/uploads\/2020\/09\/shure-55sh-ii-e1601485394796.jpg 415w, https:\/\/kommentatorenblog.de\/wp-content\/uploads\/2020\/09\/shure-55sh-ii-e1601485394796-142x300.jpg 142w\" sizes=\"auto, (max-width: 10px) 100vw, 10px\" \/> Toni Tomic  <\/p>\n\n\n\n<p><span style=\"text-decoration: underline;\">ab 15.50 Uhr<\/span><\/p>\n\n\n\n<p><strong><em>Aston Villa \u2013&nbsp;Crystal Palace (16.00 Uhr)<\/em><\/strong><\/p>\n\n\n\n<p><img loading=\"lazy\" decoding=\"async\" width=\"10\" height=\"21\" class=\"wp-image-3656\" style=\"width: 10px;\" src=\"http:\/\/kommentatorenblog.de\/wp-content\/uploads\/2020\/09\/shure-55sh-ii-e1601485394796.jpg\" alt=\"\" srcset=\"https:\/\/kommentatorenblog.de\/wp-content\/uploads\/2020\/09\/shure-55sh-ii-e1601485394796.jpg 415w, https:\/\/kommentatorenblog.de\/wp-content\/uploads\/2020\/09\/shure-55sh-ii-e1601485394796-142x300.jpg 142w\" sizes=\"auto, (max-width: 10px) 100vw, 10px\" \/> Sascha Roos <\/p>\n\n\n\n<p><strong><em>FC Fulham \u2013&nbsp;FC Southampton (16.00 Uhr)<\/em><\/strong><\/p>\n\n\n\n<p><img loading=\"lazy\" decoding=\"async\" width=\"10\" height=\"21\" class=\"wp-image-3656\" style=\"width: 10px;\" src=\"http:\/\/kommentatorenblog.de\/wp-content\/uploads\/2020\/09\/shure-55sh-ii-e1601485394796.jpg\" alt=\"\" srcset=\"https:\/\/kommentatorenblog.de\/wp-content\/uploads\/2020\/09\/shure-55sh-ii-e1601485394796.jpg 415w, https:\/\/kommentatorenblog.de\/wp-content\/uploads\/2020\/09\/shure-55sh-ii-e1601485394796-142x300.jpg 142w\" sizes=\"auto, (max-width: 10px) 100vw, 10px\" \/> Markus Gaupp  <\/p>\n\n\n\n<p><span style=\"text-decoration: underline;\">ab 18.00 Uhr<\/span><\/p>\n\n\n\n<p><strong><em>FC Arsenal \u2013&nbsp;FC Chelsea (18.30 Uhr)<\/em><\/strong><\/p>\n\n\n\n<p><img loading=\"lazy\" decoding=\"async\" width=\"10\" height=\"21\" class=\"wp-image-3656\" style=\"width: 10px;\" src=\"http:\/\/kommentatorenblog.de\/wp-content\/uploads\/2020\/09\/shure-55sh-ii-e1601485394796.jpg\" alt=\"\" srcset=\"https:\/\/kommentatorenblog.de\/wp-content\/uploads\/2020\/09\/shure-55sh-ii-e1601485394796.jpg 415w, https:\/\/kommentatorenblog.de\/wp-content\/uploads\/2020\/09\/shure-55sh-ii-e1601485394796-142x300.jpg 142w\" sizes=\"auto, (max-width: 10px) 100vw, 10px\" \/>&nbsp;Florian Schmidt-Sommerfeld, Experte: Mladen Petric<\/p>\n\n\n\n<p><span style=\"text-decoration: underline;\">ab 20.50 Uhr<\/span><\/p>\n\n\n\n<p><strong><em>Manchester City \u2013&nbsp;Newcastle United (21.00 Uhr)<\/em><\/strong><\/p>\n\n\n\n<p><img loading=\"lazy\" decoding=\"async\" width=\"10\" height=\"21\" class=\"wp-image-3656\" style=\"width: 10px;\" src=\"http:\/\/kommentatorenblog.de\/wp-content\/uploads\/2020\/09\/shure-55sh-ii-e1601485394796.jpg\" alt=\"\" srcset=\"https:\/\/kommentatorenblog.de\/wp-content\/uploads\/2020\/09\/shure-55sh-ii-e1601485394796.jpg 415w, https:\/\/kommentatorenblog.de\/wp-content\/uploads\/2020\/09\/shure-55sh-ii-e1601485394796-142x300.jpg 142w\" sizes=\"auto, (max-width: 10px) 100vw, 10px\" \/> Joachim Hebel <\/p>\n\n\n\n<p><strong><em>Sheffield United \u2013&nbsp;FC Everton (21.00 Uhr)<\/em><\/strong><\/p>\n\n\n\n<p><img loading=\"lazy\" decoding=\"async\" width=\"10\" height=\"21\" class=\"wp-image-3656\" style=\"width: 10px;\" src=\"http:\/\/kommentatorenblog.de\/wp-content\/uploads\/2020\/09\/shure-55sh-ii-e1601485394796.jpg\" alt=\"\" srcset=\"https:\/\/kommentatorenblog.de\/wp-content\/uploads\/2020\/09\/shure-55sh-ii-e1601485394796.jpg 415w, https:\/\/kommentatorenblog.de\/wp-content\/uploads\/2020\/09\/shure-55sh-ii-e1601485394796-142x300.jpg 142w\" sizes=\"auto, (max-width: 10px) 100vw, 10px\" \/> Hannes Herrmann <\/p>\n\n\n\n<p><span style=\"text-decoration: underline;\">Sonntag, 27. Dezember 2020, ab 12.50 Uhr<\/span><\/p>\n\n\n\n<p><strong><em>Leeds United&nbsp;\u2013&nbsp;FC Burnley (13.00 Uhr)<\/em><\/strong><\/p>\n\n\n\n<p><img loading=\"lazy\" decoding=\"async\" width=\"10\" height=\"21\" class=\"wp-image-3656\" style=\"width: 10px;\" src=\"http:\/\/kommentatorenblog.de\/wp-content\/uploads\/2020\/09\/shure-55sh-ii-e1601485394796.jpg\" alt=\"\" srcset=\"https:\/\/kommentatorenblog.de\/wp-content\/uploads\/2020\/09\/shure-55sh-ii-e1601485394796.jpg 415w, https:\/\/kommentatorenblog.de\/wp-content\/uploads\/2020\/09\/shure-55sh-ii-e1601485394796-142x300.jpg 142w\" sizes=\"auto, (max-width: 10px) 100vw, 10px\" \/>&nbsp;Joachim Hebel <\/p>\n\n\n\n<p><span style=\"text-decoration: underline;\">ab 15.05 Uhr <\/span><\/p>\n\n\n\n<p><strong><em>West Ham United \u2013&nbsp;Brighton &amp; Hove Albion (15.15 Uhr<\/em><\/strong>)<\/p>\n\n\n\n<p><img loading=\"lazy\" decoding=\"async\" width=\"10\" height=\"21\" class=\"wp-image-3656\" style=\"width: 10px;\" src=\"http:\/\/kommentatorenblog.de\/wp-content\/uploads\/2020\/09\/shure-55sh-ii-e1601485394796.jpg\" alt=\"\" srcset=\"https:\/\/kommentatorenblog.de\/wp-content\/uploads\/2020\/09\/shure-55sh-ii-e1601485394796.jpg 415w, https:\/\/kommentatorenblog.de\/wp-content\/uploads\/2020\/09\/shure-55sh-ii-e1601485394796-142x300.jpg 142w\" sizes=\"auto, (max-width: 10px) 100vw, 10px\" \/>&nbsp;Sven Schr\u00f6ter  <\/p>\n\n\n\n<p><span style=\"text-decoration: underline;\">ab 17.20 Uhr<\/span><\/p>\n\n\n\n<p><strong><em>FC Liverpool&nbsp;\u2013&nbsp;West Bromwich Albion (17.30 Uhr)<\/em><\/strong><\/p>\n\n\n\n<p><img loading=\"lazy\" decoding=\"async\" width=\"10\" height=\"21\" class=\"wp-image-3656\" style=\"width: 10px;\" src=\"http:\/\/kommentatorenblog.de\/wp-content\/uploads\/2020\/09\/shure-55sh-ii-e1601485394796.jpg\" alt=\"\" srcset=\"https:\/\/kommentatorenblog.de\/wp-content\/uploads\/2020\/09\/shure-55sh-ii-e1601485394796.jpg 415w, https:\/\/kommentatorenblog.de\/wp-content\/uploads\/2020\/09\/shure-55sh-ii-e1601485394796-142x300.jpg 142w\" sizes=\"auto, (max-width: 10px) 100vw, 10px\" \/>&nbsp;Toni Tomic <\/p>\n\n\n\n<p><span style=\"text-decoration: underline;\">ab 20.05 Uhr<\/span><\/p>\n\n\n\n<p><strong><em>Wolverhampton Wanderers \u2013&nbsp;Tottenham Hotspur (20.15 Uhr)<\/em><\/strong><\/p>\n\n\n\n<p><img loading=\"lazy\" decoding=\"async\" width=\"10\" height=\"21\" class=\"wp-image-3656\" style=\"width: 10px;\" src=\"http:\/\/kommentatorenblog.de\/wp-content\/uploads\/2020\/09\/shure-55sh-ii-e1601485394796.jpg\" alt=\"\" srcset=\"https:\/\/kommentatorenblog.de\/wp-content\/uploads\/2020\/09\/shure-55sh-ii-e1601485394796.jpg 415w, https:\/\/kommentatorenblog.de\/wp-content\/uploads\/2020\/09\/shure-55sh-ii-e1601485394796-142x300.jpg 142w\" sizes=\"auto, (max-width: 10px) 100vw, 10px\" \/> Hannes Herrmann <\/p>\n\n\n\n<hr class=\"wp-block-separator\"\/>\n\n\n\n<p><strong>Premier League, 16. Spieltag (Sky)<\/strong><\/p>\n\n\n\n<p><span style=\"text-decoration: underline;\">Montag, 28. Dezember 2020, ab 15.50 Uhr<\/span><\/p>\n\n\n\n<p><strong><em>Crystal Palace \u2013&nbsp;<\/em><\/strong> <strong><em>Leicester City<\/em><\/strong> <strong><em>(16.00 Uhr)<\/em><\/strong><\/p>\n\n\n\n<p><img loading=\"lazy\" decoding=\"async\" width=\"10\" height=\"21\" class=\"wp-image-3656\" style=\"width: 10px;\" src=\"http:\/\/kommentatorenblog.de\/wp-content\/uploads\/2020\/09\/shure-55sh-ii-e1601485394796.jpg\" alt=\"\" srcset=\"https:\/\/kommentatorenblog.de\/wp-content\/uploads\/2020\/09\/shure-55sh-ii-e1601485394796.jpg 415w, https:\/\/kommentatorenblog.de\/wp-content\/uploads\/2020\/09\/shure-55sh-ii-e1601485394796-142x300.jpg 142w\" sizes=\"auto, (max-width: 10px) 100vw, 10px\" \/> Hansi K\u00fcpper <\/p>\n\n\n\n<p><span style=\"text-decoration: underline;\">ab 18.20 Uhr<\/span><\/p>\n\n\n\n<p><strong><em>FC Chelsea \u2013&nbsp;<\/em><\/strong> <strong><em>Aston Villa <\/em><\/strong><strong><em>(18.30 Uhr)<\/em><\/strong><\/p>\n\n\n\n<p><img loading=\"lazy\" decoding=\"async\" width=\"10\" height=\"21\" class=\"wp-image-3656\" style=\"width: 10px;\" src=\"http:\/\/kommentatorenblog.de\/wp-content\/uploads\/2020\/09\/shure-55sh-ii-e1601485394796.jpg\" alt=\"\" srcset=\"https:\/\/kommentatorenblog.de\/wp-content\/uploads\/2020\/09\/shure-55sh-ii-e1601485394796.jpg 415w, https:\/\/kommentatorenblog.de\/wp-content\/uploads\/2020\/09\/shure-55sh-ii-e1601485394796-142x300.jpg 142w\" sizes=\"auto, (max-width: 10px) 100vw, 10px\" \/> Michael Born<\/p>\n\n\n\n<p><strong><em>FC Everton \u2013&nbsp;Manchester City (21.00 Uhr)<\/em><\/strong><\/p>\n\n\n\n<p><img loading=\"lazy\" decoding=\"async\" width=\"10\" height=\"21\" class=\"wp-image-3656\" style=\"width: 10px;\" src=\"http:\/\/kommentatorenblog.de\/wp-content\/uploads\/2020\/09\/shure-55sh-ii-e1601485394796.jpg\" alt=\"\" srcset=\"https:\/\/kommentatorenblog.de\/wp-content\/uploads\/2020\/09\/shure-55sh-ii-e1601485394796.jpg 415w, https:\/\/kommentatorenblog.de\/wp-content\/uploads\/2020\/09\/shure-55sh-ii-e1601485394796-142x300.jpg 142w\" sizes=\"auto, (max-width: 10px) 100vw, 10px\" \/> Jonas Friedrich  <\/p>\n\n\n\n<p><span style=\"text-decoration: underline;\">Dienstag, 29. Dezember 2020, ab 18.50 Uhr<\/span><\/p>\n\n\n\n<p><strong><em>Brighton &amp; Hove Albion&nbsp;\u2013&nbsp;FC Arsenal (19.00 Uhr)<\/em><\/strong><\/p>\n\n\n\n<p><img loading=\"lazy\" decoding=\"async\" width=\"10\" height=\"21\" class=\"wp-image-3656\" style=\"width: 10px;\" src=\"http:\/\/kommentatorenblog.de\/wp-content\/uploads\/2020\/09\/shure-55sh-ii-e1601485394796.jpg\" alt=\"\" srcset=\"https:\/\/kommentatorenblog.de\/wp-content\/uploads\/2020\/09\/shure-55sh-ii-e1601485394796.jpg 415w, https:\/\/kommentatorenblog.de\/wp-content\/uploads\/2020\/09\/shure-55sh-ii-e1601485394796-142x300.jpg 142w\" sizes=\"auto, (max-width: 10px) 100vw, 10px\" \/>&nbsp;Hansi K\u00fcpper<\/p>\n\n\n\n<p><strong><em>FC Burnley&nbsp;\u2013&nbsp;Sheffield United (19.00 Uhr)<\/em><\/strong><\/p>\n\n\n\n<p><img loading=\"lazy\" decoding=\"async\" width=\"10\" height=\"21\" class=\"wp-image-3656\" style=\"width: 10px;\" src=\"http:\/\/kommentatorenblog.de\/wp-content\/uploads\/2020\/09\/shure-55sh-ii-e1601485394796.jpg\" alt=\"\" srcset=\"https:\/\/kommentatorenblog.de\/wp-content\/uploads\/2020\/09\/shure-55sh-ii-e1601485394796.jpg 415w, https:\/\/kommentatorenblog.de\/wp-content\/uploads\/2020\/09\/shure-55sh-ii-e1601485394796-142x300.jpg 142w\" sizes=\"auto, (max-width: 10px) 100vw, 10px\" \/>&nbsp;Hannes Herrmann<\/p>\n\n\n\n<p><strong><em>West Bromwich Albion&nbsp;\u2013&nbsp;Leeds United (19.00 Uhr)<\/em><\/strong><\/p>\n\n\n\n<p><img loading=\"lazy\" decoding=\"async\" width=\"10\" height=\"21\" class=\"wp-image-3656\" style=\"width: 10px;\" src=\"http:\/\/kommentatorenblog.de\/wp-content\/uploads\/2020\/09\/shure-55sh-ii-e1601485394796.jpg\" alt=\"\" srcset=\"https:\/\/kommentatorenblog.de\/wp-content\/uploads\/2020\/09\/shure-55sh-ii-e1601485394796.jpg 415w, https:\/\/kommentatorenblog.de\/wp-content\/uploads\/2020\/09\/shure-55sh-ii-e1601485394796-142x300.jpg 142w\" sizes=\"auto, (max-width: 10px) 100vw, 10px\" \/>&nbsp;Sascha Roos<\/p>\n\n\n\n<p><strong><em>FC Southampton&nbsp;\u2013&nbsp;West Ham United (19.00 Uhr)<\/em><\/strong><\/p>\n\n\n\n<p><img loading=\"lazy\" decoding=\"async\" width=\"10\" height=\"21\" class=\"wp-image-3656\" style=\"width: 10px;\" src=\"http:\/\/kommentatorenblog.de\/wp-content\/uploads\/2020\/09\/shure-55sh-ii-e1601485394796.jpg\" alt=\"\" srcset=\"https:\/\/kommentatorenblog.de\/wp-content\/uploads\/2020\/09\/shure-55sh-ii-e1601485394796.jpg 415w, https:\/\/kommentatorenblog.de\/wp-content\/uploads\/2020\/09\/shure-55sh-ii-e1601485394796-142x300.jpg 142w\" sizes=\"auto, (max-width: 10px) 100vw, 10px\" \/>&nbsp;Michael Born<\/p>\n\n\n\n<p><span style=\"text-decoration: underline;\">ab 20.55 Uhr (Sky)<\/span><\/p>\n\n\n\n<p><strong><em>Manchester United \u2013&nbsp;Wolverhampton Wanderers (21.00 Uhr<\/em><\/strong>)<\/p>\n\n\n\n<p><img loading=\"lazy\" decoding=\"async\" width=\"10\" height=\"21\" class=\"wp-image-3656\" style=\"width: 10px;\" src=\"http:\/\/kommentatorenblog.de\/wp-content\/uploads\/2020\/09\/shure-55sh-ii-e1601485394796.jpg\" alt=\"\" srcset=\"https:\/\/kommentatorenblog.de\/wp-content\/uploads\/2020\/09\/shure-55sh-ii-e1601485394796.jpg 415w, https:\/\/kommentatorenblog.de\/wp-content\/uploads\/2020\/09\/shure-55sh-ii-e1601485394796-142x300.jpg 142w\" sizes=\"auto, (max-width: 10px) 100vw, 10px\" \/>&nbsp;Joachim Hebel   <\/p>\n\n\n\n<p><span style=\"text-decoration: underline;\">Mittwoch, 30. Dezember 2020, ab 18.30 Uhr (Sky)<\/span><\/p>\n\n\n\n<p><strong><em>Tottenham Hotspur&nbsp;\u2013&nbsp;FC Fulham (19.00 Uhr)<\/em><\/strong><\/p>\n\n\n\n<p><img loading=\"lazy\" decoding=\"async\" width=\"10\" height=\"21\" class=\"wp-image-3656\" style=\"width: 10px;\" src=\"http:\/\/kommentatorenblog.de\/wp-content\/uploads\/2020\/09\/shure-55sh-ii-e1601485394796.jpg\" alt=\"\" srcset=\"https:\/\/kommentatorenblog.de\/wp-content\/uploads\/2020\/09\/shure-55sh-ii-e1601485394796.jpg 415w, https:\/\/kommentatorenblog.de\/wp-content\/uploads\/2020\/09\/shure-55sh-ii-e1601485394796-142x300.jpg 142w\" sizes=\"auto, (max-width: 10px) 100vw, 10px\" \/>&nbsp;Toni Tomic <\/p>\n\n\n\n<p><span style=\"text-decoration: underline;\">ab 20.55 Uhr (Sky)<\/span><\/p>\n\n\n\n<p><strong><em>Newcastle United \u2013&nbsp;FC Liverpool (21.00 Uhr)<\/em><\/strong><\/p>\n\n\n\n<p><img loading=\"lazy\" decoding=\"async\" width=\"10\" height=\"21\" class=\"wp-image-3656\" style=\"width: 10px;\" src=\"http:\/\/kommentatorenblog.de\/wp-content\/uploads\/2020\/09\/shure-55sh-ii-e1601485394796.jpg\" alt=\"\" srcset=\"https:\/\/kommentatorenblog.de\/wp-content\/uploads\/2020\/09\/shure-55sh-ii-e1601485394796.jpg 415w, https:\/\/kommentatorenblog.de\/wp-content\/uploads\/2020\/09\/shure-55sh-ii-e1601485394796-142x300.jpg 142w\" sizes=\"auto, (max-width: 10px) 100vw, 10px\" \/> Florian Schmidt-Sommerfeld, Experte: Ren\u00e9 Adler  <\/p>\n\n\n\n<hr class=\"wp-block-separator\"\/>\n\n\n\n<p><strong>La Liga, 16. Spieltag (DAZN)<\/strong><\/p>\n\n\n\n<p><span style=\"text-decoration: underline;\">Dienstag, 29. Dezember 2020<\/span><\/p>\n\n\n\n<p><strong><em>FC Sevilla \u2013 FC Villareal (17.00 Uhr)<\/em><\/strong><\/p>\n\n\n\n<p><img loading=\"lazy\" decoding=\"async\" width=\"10\" height=\"21\" class=\"wp-image-3656\" style=\"width: 10px;\" src=\"http:\/\/kommentatorenblog.de\/wp-content\/uploads\/2020\/09\/shure-55sh-ii-e1601485394796.jpg\" alt=\"\" srcset=\"https:\/\/kommentatorenblog.de\/wp-content\/uploads\/2020\/09\/shure-55sh-ii-e1601485394796.jpg 415w, https:\/\/kommentatorenblog.de\/wp-content\/uploads\/2020\/09\/shure-55sh-ii-e1601485394796-142x300.jpg 142w\" sizes=\"auto, (max-width: 10px) 100vw, 10px\" \/> Jan Platte, Experte: Benny Lauth <\/p>\n\n\n\n<p><strong><em>FC Barcelona \u2013 SD Eibar (19.15 Uhr)<\/em><\/strong><\/p>\n\n\n\n<p><img loading=\"lazy\" decoding=\"async\" width=\"10\" height=\"21\" class=\"wp-image-3656\" style=\"width: 10px;\" src=\"http:\/\/kommentatorenblog.de\/wp-content\/uploads\/2020\/09\/shure-55sh-ii-e1601485394796.jpg\" alt=\"\" srcset=\"https:\/\/kommentatorenblog.de\/wp-content\/uploads\/2020\/09\/shure-55sh-ii-e1601485394796.jpg 415w, https:\/\/kommentatorenblog.de\/wp-content\/uploads\/2020\/09\/shure-55sh-ii-e1601485394796-142x300.jpg 142w\" sizes=\"auto, (max-width: 10px) 100vw, 10px\" \/> Lukas Sch\u00f6nm\u00fcller, Experte: Sebastian Knei\u00dfl<\/p>\n\n\n\n<p><span style=\"text-decoration: underline;\">Mittwoch, 30. Dezember 2020<\/span><\/p>\n\n\n\n<p><strong><em>Atl\u00e9tico Madrid \u2013 FC Getafe (19.15 Uhr)<\/em><\/strong><\/p>\n\n\n\n<p><img loading=\"lazy\" decoding=\"async\" width=\"10\" height=\"21\" class=\"wp-image-3656\" style=\"width: 10px;\" src=\"http:\/\/kommentatorenblog.de\/wp-content\/uploads\/2020\/09\/shure-55sh-ii-e1601485394796.jpg\" alt=\"\" srcset=\"https:\/\/kommentatorenblog.de\/wp-content\/uploads\/2020\/09\/shure-55sh-ii-e1601485394796.jpg 415w, https:\/\/kommentatorenblog.de\/wp-content\/uploads\/2020\/09\/shure-55sh-ii-e1601485394796-142x300.jpg 142w\" sizes=\"auto, (max-width: 10px) 100vw, 10px\" \/> Oliver Forster<\/p>\n\n\n\n<p><strong><em>Elche \u2013 Real Madrid (21.30 Uhr)<\/em><\/strong><\/p>\n\n\n\n<p><img loading=\"lazy\" decoding=\"async\" width=\"10\" height=\"21\" class=\"wp-image-3656\" style=\"width: 10px;\" src=\"http:\/\/kommentatorenblog.de\/wp-content\/uploads\/2020\/09\/shure-55sh-ii-e1601485394796.jpg\" alt=\"\" srcset=\"https:\/\/kommentatorenblog.de\/wp-content\/uploads\/2020\/09\/shure-55sh-ii-e1601485394796.jpg 415w, https:\/\/kommentatorenblog.de\/wp-content\/uploads\/2020\/09\/shure-55sh-ii-e1601485394796-142x300.jpg 142w\" sizes=\"auto, (max-width: 10px) 100vw, 10px\" \/>  Guido H\u00fcsgen, Experte: Ralph Gunesch <\/p>\n\n\n\n<p><span style=\"text-decoration: underline;\">Donnerstag, 31. Dezember 2020<\/span><\/p>\n\n\n\n<p><strong><em>Athletic Bilbao \u2013 Real Sociedad (14.00 Uhr)<\/em><\/strong><\/p>\n\n\n\n<p><img loading=\"lazy\" decoding=\"async\" width=\"10\" height=\"21\" class=\"wp-image-3656\" style=\"width: 10px;\" src=\"http:\/\/kommentatorenblog.de\/wp-content\/uploads\/2020\/09\/shure-55sh-ii-e1601485394796.jpg\" alt=\"\" srcset=\"https:\/\/kommentatorenblog.de\/wp-content\/uploads\/2020\/09\/shure-55sh-ii-e1601485394796.jpg 415w, https:\/\/kommentatorenblog.de\/wp-content\/uploads\/2020\/09\/shure-55sh-ii-e1601485394796-142x300.jpg 142w\" sizes=\"auto, (max-width: 10px) 100vw, 10px\" \/> Uwe Morawe, Experte: Michi Hofmann <\/p>\n\n\n\n<hr class=\"wp-block-separator\"\/>\n\n\n\n<p><strong>Internationaler Fussball<\/strong> <strong>(Sportdigital FUSSBALL)<\/strong><\/p>\n\n\n\n<p><span style=\"text-decoration: underline;\">Samstag, 26. Dezember 2020<\/span><\/p>\n\n\n\n<p>Sky Bet Championship, 21. Spieltag: <strong><em>Nottingham Forest \u2013<\/em><\/strong> <strong><em>Birmingham City (16.00 Uhr)<\/em><\/strong><\/p>\n\n\n\n<p><img loading=\"lazy\" decoding=\"async\" width=\"10\" height=\"21\" class=\"wp-image-3656\" style=\"width: 10px;\" src=\"http:\/\/kommentatorenblog.de\/wp-content\/uploads\/2020\/09\/shure-55sh-ii-e1601485394796.jpg\" alt=\"\" srcset=\"https:\/\/kommentatorenblog.de\/wp-content\/uploads\/2020\/09\/shure-55sh-ii-e1601485394796.jpg 415w, https:\/\/kommentatorenblog.de\/wp-content\/uploads\/2020\/09\/shure-55sh-ii-e1601485394796-142x300.jpg 142w\" sizes=\"auto, (max-width: 10px) 100vw, 10px\" \/> Ulf Kahmke<\/p>\n\n\n\n<p>Sky Bet Championship, 21. Spieltag: <strong><em>FC Watford \u2013<\/em><\/strong> <strong><em>Norwich City (20.45 Uhr)<\/em><\/strong><\/p>\n\n\n\n<p><img loading=\"lazy\" decoding=\"async\" width=\"10\" height=\"21\" class=\"wp-image-3656\" style=\"width: 10px;\" src=\"http:\/\/kommentatorenblog.de\/wp-content\/uploads\/2020\/09\/shure-55sh-ii-e1601485394796.jpg\" alt=\"\" srcset=\"https:\/\/kommentatorenblog.de\/wp-content\/uploads\/2020\/09\/shure-55sh-ii-e1601485394796.jpg 415w, https:\/\/kommentatorenblog.de\/wp-content\/uploads\/2020\/09\/shure-55sh-ii-e1601485394796-142x300.jpg 142w\" sizes=\"auto, (max-width: 10px) 100vw, 10px\" \/> Karsten Linke <\/p>\n\n\n\n<p><span style=\"text-decoration: underline;\">Sonntag, 27. Dezember 2020<\/span><\/p>\n\n\n\n<p>Liga NOS, 11. Spieltag: <strong><em>Belenenses Lissabon \u2013<\/em><\/strong> <strong><em>Sporting Lissabon (21.00 Uhr)<\/em><\/strong><\/p>\n\n\n\n<p><img loading=\"lazy\" decoding=\"async\" width=\"10\" height=\"21\" class=\"wp-image-3656\" style=\"width: 10px;\" src=\"http:\/\/kommentatorenblog.de\/wp-content\/uploads\/2020\/09\/shure-55sh-ii-e1601485394796.jpg\" alt=\"\" srcset=\"https:\/\/kommentatorenblog.de\/wp-content\/uploads\/2020\/09\/shure-55sh-ii-e1601485394796.jpg 415w, https:\/\/kommentatorenblog.de\/wp-content\/uploads\/2020\/09\/shure-55sh-ii-e1601485394796-142x300.jpg 142w\" sizes=\"auto, (max-width: 10px) 100vw, 10px\" \/> Karsten Linke <\/p>\n\n\n\n<p>Copa Diego Armando Maradona, 03. Spieltag: <strong><em>Boca Juniors \u2013<\/em><\/strong> <strong><em>CA Huracan (23.20 Uhr)<\/em><\/strong><\/p>\n\n\n\n<p><img loading=\"lazy\" decoding=\"async\" width=\"10\" height=\"21\" class=\"wp-image-3656\" style=\"width: 10px;\" src=\"http:\/\/kommentatorenblog.de\/wp-content\/uploads\/2020\/09\/shure-55sh-ii-e1601485394796.jpg\" alt=\"\" srcset=\"https:\/\/kommentatorenblog.de\/wp-content\/uploads\/2020\/09\/shure-55sh-ii-e1601485394796.jpg 415w, https:\/\/kommentatorenblog.de\/wp-content\/uploads\/2020\/09\/shure-55sh-ii-e1601485394796-142x300.jpg 142w\" sizes=\"auto, (max-width: 10px) 100vw, 10px\" \/> tba <\/p>\n\n\n\n<p><span style=\"text-decoration: underline;\">Dienstag, 29. Dezember 2020<\/span><\/p>\n\n\n\n<p>Liga NOS, 11. Spieltag: <strong><em>Benfica Lissabon \u2013<\/em><\/strong> <strong><em>Portimonense SC (19.00 Uhr)<\/em><\/strong><\/p>\n\n\n\n<p><img loading=\"lazy\" decoding=\"async\" width=\"10\" height=\"21\" class=\"wp-image-3656\" style=\"width: 10px;\" src=\"http:\/\/kommentatorenblog.de\/wp-content\/uploads\/2020\/09\/shure-55sh-ii-e1601485394796.jpg\" alt=\"\" srcset=\"https:\/\/kommentatorenblog.de\/wp-content\/uploads\/2020\/09\/shure-55sh-ii-e1601485394796.jpg 415w, https:\/\/kommentatorenblog.de\/wp-content\/uploads\/2020\/09\/shure-55sh-ii-e1601485394796-142x300.jpg 142w\" sizes=\"auto, (max-width: 10px) 100vw, 10px\" \/> Karsten Linke<\/p>\n\n\n\n<p>Liga NOS, 11. Spieltag: <em><strong>Vitoria Guimaraes<\/strong> <strong>\u2013<\/strong> <strong>FC Porto (22.00 Uhr)<\/strong><\/em><\/p>\n\n\n\n<p><img loading=\"lazy\" decoding=\"async\" width=\"10\" height=\"21\" class=\"wp-image-3656\" style=\"width: 10px;\" src=\"http:\/\/kommentatorenblog.de\/wp-content\/uploads\/2020\/09\/shure-55sh-ii-e1601485394796.jpg\" alt=\"\" srcset=\"https:\/\/kommentatorenblog.de\/wp-content\/uploads\/2020\/09\/shure-55sh-ii-e1601485394796.jpg 415w, https:\/\/kommentatorenblog.de\/wp-content\/uploads\/2020\/09\/shure-55sh-ii-e1601485394796-142x300.jpg 142w\" sizes=\"auto, (max-width: 10px) 100vw, 10px\" \/> Ulf Kahmke <\/p>\n\n\n\n<p><span style=\"text-decoration: underline;\">Mittwoch, 30. Dezember 2020<\/span><\/p>\n\n\n\n<p>Hyundai A-League, 01. Spieltag: <strong><em>Western Sydney Wanderers \u2013<\/em><\/strong> <strong><em>Macarthur FC (09.10 Uhr)<\/em><\/strong><\/p>\n\n\n\n<p><img loading=\"lazy\" decoding=\"async\" width=\"10\" height=\"21\" class=\"wp-image-3656\" style=\"width: 10px;\" src=\"http:\/\/kommentatorenblog.de\/wp-content\/uploads\/2020\/09\/shure-55sh-ii-e1601485394796.jpg\" alt=\"\" srcset=\"https:\/\/kommentatorenblog.de\/wp-content\/uploads\/2020\/09\/shure-55sh-ii-e1601485394796.jpg 415w, https:\/\/kommentatorenblog.de\/wp-content\/uploads\/2020\/09\/shure-55sh-ii-e1601485394796-142x300.jpg 142w\" sizes=\"auto, (max-width: 10px) 100vw, 10px\" \/> Christian Blunck<\/p>\n\n\n\n<p>Sky Bet Championship, 22. Spieltag: <strong><em>Brentford FC<\/em><\/strong> <strong><em>\u2013<\/em><\/strong> <strong><em>AFC Bournemouth  (18.30 Uhr)<\/em><\/strong> <\/p>\n\n\n\n<p><img loading=\"lazy\" decoding=\"async\" width=\"10\" height=\"21\" class=\"wp-image-3656\" style=\"width: 10px;\" src=\"http:\/\/kommentatorenblog.de\/wp-content\/uploads\/2020\/09\/shure-55sh-ii-e1601485394796.jpg\" alt=\"\" srcset=\"https:\/\/kommentatorenblog.de\/wp-content\/uploads\/2020\/09\/shure-55sh-ii-e1601485394796.jpg 415w, https:\/\/kommentatorenblog.de\/wp-content\/uploads\/2020\/09\/shure-55sh-ii-e1601485394796-142x300.jpg 142w\" sizes=\"auto, (max-width: 10px) 100vw, 10px\" \/> Florian Obst <\/p>\n\n\n\n<p>Sky Bet Championship, 22. Spieltag: <strong><em>Swansea City<\/em><\/strong> <strong><em>\u2013<\/em><\/strong> <strong><em>FC Reading<\/em><\/strong> <strong><em>(21.00 Uhr)<\/em><\/strong> <\/p>\n\n\n\n<p><img loading=\"lazy\" decoding=\"async\" width=\"10\" height=\"21\" class=\"wp-image-3656\" style=\"width: 10px;\" src=\"http:\/\/kommentatorenblog.de\/wp-content\/uploads\/2020\/09\/shure-55sh-ii-e1601485394796.jpg\" alt=\"\" srcset=\"https:\/\/kommentatorenblog.de\/wp-content\/uploads\/2020\/09\/shure-55sh-ii-e1601485394796.jpg 415w, https:\/\/kommentatorenblog.de\/wp-content\/uploads\/2020\/09\/shure-55sh-ii-e1601485394796-142x300.jpg 142w\" sizes=\"auto, (max-width: 10px) 100vw, 10px\" \/> Karsten Linke  <\/p>\n\n\n\n<p><span style=\"text-decoration: underline;\">Mittwoch, 30. Dezember 2020<\/span><\/p>\n\n\n\n<p>Copa do Brasil, Halbfinale, R\u00fcckspiel: <strong><em>Sao Paulo FC<\/em><\/strong> <strong><em>\u2013<\/em><\/strong> <strong><em>Gremio Porto Alegre (01.30 Uhr)<\/em><\/strong><\/p>\n\n\n\n<p><img loading=\"lazy\" decoding=\"async\" width=\"10\" height=\"21\" class=\"wp-image-3656\" style=\"width: 10px;\" src=\"http:\/\/kommentatorenblog.de\/wp-content\/uploads\/2020\/09\/shure-55sh-ii-e1601485394796.jpg\" alt=\"\" srcset=\"https:\/\/kommentatorenblog.de\/wp-content\/uploads\/2020\/09\/shure-55sh-ii-e1601485394796.jpg 415w, https:\/\/kommentatorenblog.de\/wp-content\/uploads\/2020\/09\/shure-55sh-ii-e1601485394796-142x300.jpg 142w\" sizes=\"auto, (max-width: 10px) 100vw, 10px\" \/> Marcus Radefeld<\/p>\n\n\n\n<hr class=\"wp-block-separator\"\/>\n\n\n\n<p><strong>Die Analyse<\/strong><\/p>\n\n\n\n<p><strong>Studio und Kommentar f\u00fcr Hebel<\/strong><\/p>\n\n\n\n<p>Wir starten die Analyse mit einem Blick auf den Boxing Day bei Sky. Schmiso begr\u00fc\u00dft die Zuschauer ab 13.00 Uhr im Studio. Bis 18.00 Uhr wird Kommentator Joachim Hebel sein &#8222;Experte&#8220; sein. Beide werden immer zu den jeweiligen Einzelspielkommentatoren abgeben und wohl in den entstehenden Pausen die wichtigsten Szenen analysieren. Sch\u00f6ne Idee von Sky, weil ja im Vergleich zu im letzten Jahr, bedingt durch Corona und die &#8222;neue&#8220; Spielansetzung der Premier League, Konferenzen nicht wirklich Sinn machen. Nach 18.00 Uhr kann Hebel kurz durchschnaufen, bevor er um 21.00 Uhr die Partie zwischen Manchester City und Newcastle United kommentieren. Straffes Programm, wie wir finden!<\/p>\n\n\n\n<p><strong>&#8222;Match of the Week&#8220; zu Unzeit<\/strong><\/p>\n\n\n\n<p>Dieser 15. Spieltag l\u00e4sst, zumindest von den Namen her, nur das London-Derby zwischen Arsenal und Chelsea als &#8222;Match of the Week&#8220; zu. Die Ansetzung ist f\u00fcr die Jungs und M\u00e4dels aus Unterf\u00f6hring nicht so optimal, weil im Anschluss (von 20.30 Uhr-20.55 Uhr) die Highlight-Show &#8222;What a Strike&#8220;  l\u00e4uft, ohne wirklich Highlight anbieten zu k\u00f6nnen. Der Grund ist offensichtlich. <\/p>\n\n\n\n<p>Zudem noch ein Hinweis f\u00fcr alle Sky-Abonnenten: Alle Spiele am Boxing Day (26.12.) sind f\u00fcr alle Sky Kunden freigeschaltet. Hier k\u00f6nnen dieses Mal also auch reine Bundesliga- oder Film-Kunden live dabei sein. <\/p>\n\n\n\n<p><strong>Drei Doppelschichten<\/strong><\/p>\n\n\n\n<p>Die restlichen vier Partien des 15. Spieltags finden am 27. Dezember statt. Nachdem Joachim Hebel schon &#8222;gef\u00fchlt&#8220; den kompletten zweiten Weihnachtsfeiertag in den beiden Sky-Geb\u00e4uden verbracht hat, wird er an besagtem Sonntag zudem das &#8222;fr\u00fche&#8220; Spiel zwischen Leeds und Burnley begleiten. Au\u00dferdem verzeichnen wir Doppelschichten f\u00fcr Toni Tomic und Hannes Herrmann. Und wenn mich nicht alles t\u00e4uscht, besitzen alle sieben Kommentatoren einen Wohnsitz um M\u00fcnchen &#8211; klassische regionale Ansetzungen um die Festtage :D. Experte Mladen Petric bildet die Ausnahme.<\/p>\n\n\n\n<p><strong>Wer auf Reisen geht, kommt zweimal zum Zug<\/strong><\/p>\n\n\n\n<p>Das Motto in der \u00dcberschrift trifft am 16. Spieltag der h\u00f6chsten britischen Spielklasse auf Michael Born und Hansi K\u00fcpper zu. Montag sitzt Jonas Friedrich bei der vermeintlich interessantesten Partie am Mikro. Dienstag gibt\u00b4s keinen richtigen Knaller. Schmiso und Ren\u00e9 Adler setzen am Mittwoch mit Newcastle-Liverpool den Deckel auf das  PL-Jahr 2020. Hier wird die Studio-Sendung bereits um 18:30, sprich vor dem Aufeinandertreffen von Tottenham und Fulham beginnen. Zudem gibt\u00b4s ab 23.00 Uhr eine Stunde lang die Highlights des kompletten Spieltags.  <\/p>\n\n\n\n<p><strong>La Liga vor Neujahr und &#8222;Buntes&#8220; bei Sportdigital FUSSBALL <\/strong><\/p>\n\n\n\n<p>Der 15. Spieltag von La Liga h\u00e4lt nicht die ganz gro\u00dfen Knaller bereit. Beim Personal f\u00e4llt mir lediglich auf, dass Michi Hofmann einer seiner selteneren Eins\u00e4tze in der spanischen Liga hat. Sonst mischt er ja zumeist die Serie A auf. <\/p>\n\n\n\n<p>Bei Sportdigital FUSSBALL ist wie immer f\u00fcr jeden was dabei. Ich werde zwischen den Jahren auch mal intensiver reinschauen. Wenn ihr im Vorwort aufgepasst habt, wisst ihr auch warum :D. Die Spiele (inklusive Ansetzung), die sportdigital FUSSBALL zwischen dem 28.12 und 31.12 \u00fcbertr\u00e4gt, liefern wir zu gegebener Zeit nach. <\/p>\n\n\n\n<p>Frohes Fest und Guten Rutsch! Macht das Beste draus!<\/p>\n","protected":false},"excerpt":{"rendered":"<p>N&#8216; Abend allerseits, gegen Ende des Jahres bietet sich immer die M\u00f6glichkeit allen Lesern. Unterst\u00fctzern, F\u00f6rderern, etc. zu danken. Die Interaktion, sowohl auf dieser Seite als auch auf Social Media, macht uns weiterhin gro\u00dfen Spa\u00df. Wir scheinen ja nicht die einzigen &#8222;Kommentatoren-Freaks&#8220; im deutschsprachigen Raum zu sein. Das Jahr 2020 im Kommentatorenblog Dieses Jahr war [&hellip;]<\/p>\n","protected":false},"author":1,"featured_media":0,"comment_status":"open","ping_status":"open","sticky":false,"template":"","format":"standard","meta":{"footnotes":""},"categories":[429],"tags":[291,166,54,57,13,89,423,422,155,104,25,48,347,69,59,122,205,9,128,114,23,290,84,241,222,22,134,24],"class_list":["post-5459","post","type-post","status-publish","format-standard","hentry","category-diverses","tag-amazon","tag-benny-lauth","tag-championship","tag-christian-blunck","tag-dazn","tag-florian-schmidt-sommerfeld","tag-forster","tag-fums","tag-guido-huesgen","tag-hannes-herrmann","tag-hansi-kuepper","tag-jan-platte","tag-joachim-hebel","tag-jonas-friedrich","tag-karsten-linke","tag-laliga","tag-lukas-schoenmueller","tag-magenta-sport","tag-match-of-the-week","tag-michael-born","tag-premier-league","tag-primevideo","tag-rene-adler","tag-sascha-roos","tag-sebastian-kneissl","tag-sky","tag-sportdigital-fussball","tag-toni-tomic"],"_links":{"self":[{"href":"https:\/\/kommentatorenblog.de\/index.php?rest_route=\/wp\/v2\/posts\/5459","targetHints":{"allow":["GET"]}}],"collection":[{"href":"https:\/\/kommentatorenblog.de\/index.php?rest_route=\/wp\/v2\/posts"}],"about":[{"href":"https:\/\/kommentatorenblog.de\/index.php?rest_route=\/wp\/v2\/types\/post"}],"author":[{"embeddable":true,"href":"https:\/\/kommentatorenblog.de\/index.php?rest_route=\/wp\/v2\/users\/1"}],"replies":[{"embeddable":true,"href":"https:\/\/kommentatorenblog.de\/index.php?rest_route=%2Fwp%2Fv2%2Fcomments&post=5459"}],"version-history":[{"count":54,"href":"https:\/\/kommentatorenblog.de\/index.php?rest_route=\/wp\/v2\/posts\/5459\/revisions"}],"predecessor-version":[{"id":5516,"href":"https:\/\/kommentatorenblog.de\/index.php?rest_route=\/wp\/v2\/posts\/5459\/revisions\/5516"}],"wp:attachment":[{"href":"https:\/\/kommentatorenblog.de\/index.php?rest_route=%2Fwp%2Fv2%2Fmedia&parent=5459"}],"wp:term":[{"taxonomy":"category","embeddable":true,"href":"https:\/\/kommentatorenblog.de\/index.php?rest_route=%2Fwp%2Fv2%2Fcategories&post=5459"},{"taxonomy":"post_tag","embeddable":true,"href":"https:\/\/kommentatorenblog.de\/index.php?rest_route=%2Fwp%2Fv2%2Ftags&post=5459"}],"curies":[{"name":"wp","href":"https:\/\/api.w.org\/{rel}","templated":true}]}}