{"id":609,"date":"2019-11-21T22:22:04","date_gmt":"2019-11-21T22:22:04","guid":{"rendered":"http:\/\/kommentatorenblog.de\/?p=609"},"modified":"2020-12-30T16:02:27","modified_gmt":"2020-12-30T16:02:27","slug":"1034-so-schnell-kann-es-gehen","status":"publish","type":"post","link":"https:\/\/kommentatorenblog.de\/?p=609","title":{"rendered":"1034 &#8211; Reizvolle Aufgaben f\u00fcr Tomic &#8211; Kunde mit ungw\u00f6hnlicher Premiere!"},"content":{"rendered":"\n<p>N\u2019Abend allerseits,<\/p>\n\n\n\n<p>Tats\u00e4chlich habe ich mal wieder Lust, ein paar Zeilen zur NBA zu verfassen. Mittlerweile haben die Teams etwas mehr als zehn Spiele gespielt und man kann bei einigen Mannschaften durchaus erkennen, in welche Richtung sich das ganze entwickelt. Fangen wir erstmal mit ein paar negativen \u00dcberraschungen an, ehe wir uns nach und nach dem &#8222;guten&#8220; widmen!<\/p>\n\n\n\n<ul class=\"wp-block-list\"><li>An dieser Stelle m\u00fcssen wir nat\u00fcrlich \u00fcber die Golden State Warriors sprechen. In den letzten f\u00fcnf Jahren standen die Jungs von Steve Kerr immer in den Finals, dreimal konnte man diese f\u00fcr sich entscheiden. Dieses Jahr der Absturz in die absolute Belanglosigkeit. Woran liegt es? Kevin Durant? Verletzt und sowieso abgewandert zu den Brooklyn Nets! Stephen Curry? Bis auf weiteres verletzt, fraglich wann er wieder zur\u00fcckkehrt! Klay Thompson? Verletzt, vielleicht sogar die gesamte Saison! 3 All-Stars, die den Warriors komplett abhanden kommen. Nun kann man sagen: Hey, die haben mit D\u00b4Angelo Russel doch einen All-Star dazubekommen. Mag sein, aber dieser ist, gef\u00fchlsm\u00e4\u00dfig zumindest, irgendwie \u00f6fter neben dem Court wie auf den Court anzutreffen. Draymond Green alleine kann diesen zusammengew\u00fcrfelten Kader nicht retten, verteidigen kann diese Mannschaft offenbar gleich garnicht (siehe auch: Die vergangene Partie gegen die Dallas Mavericks).<br>Jetzt haben wir zu diesem Zeitpunkt nur die All-Stars und die ehemaligen All-Stars aufgez\u00e4hlt, aber Golden State war \u00fcber Jahre weitaus mehr als Curry, Thompson, Green und Durant. Da waren absolute Teamplayer mit gro\u00dfartigem Basketball-IQ, Andre Igoudala beispielsweise. Dieser ist nicht mehr da, Shaun Livingston hat seine Karriere beendet, auch Kevon Looney fehlt den Warriors derzeit verletzt. Somit treten da Namen f\u00fcr GSW auf den Court, die man, ohne den Herren zu Nahe treten zu wollen, eher in der G-League wie in der Starting Five der Warriors erwartet h\u00e4tte. Namen wie Jordan Poole, Ky Bowman, Maquese Chriss, Damion Lee, Eric Paschall (wobei letzterer ja durchaus einen ansprechenden Job macht). Alec Burks erlebt gerade quasi seinen zweiten Fr\u00fchling. (Sollte er jemals einen ersten Fr\u00fchling gehabt haben) Es ist schon krass zu sehen, wie aus dem Dominator der letzten Jahre innerhalb kurzer Zeit ein Team geworden ist, wo die Namen so wirken, als w\u00e4re man bei NBA 2k20 ins Jahr 2030 gesprungen und h\u00e4tte nun irgendwelche Randoms da stehen.<\/li><li>Aber wenn wir schon von schlechten Teams sprechen m\u00fcssen wir nat\u00fcrlich auch auf die New York Knicks zu sprechen kommen. Und bei denen kann man es nicht irgendwie auf Verletzungen schieben, nein, die Truppe ist offenbar schlecht. Die gesamte Free Agency war ja an und f\u00fcr sich schon eine absolute Katastrophe f\u00fcr die Knickerbockers. Anstatt die ganz gro\u00dfen Namen wie Zum Beispiel Kyrie Irving oder Kevin Durant nach New York zu locken, kamen eher so zweitklassige Free Agents mit den Namen Julius Randle, Taj Gibson oder Bobby Portis. Nun dachte man beim ersten Blick auf den Kader: ja gut, so schlecht werden die doch schon nicht sein, einige Veteranen in diesem Team, die wissen wie es in der NBA abl\u00e4uft. Nun stehen sie nach etwas mehr als 10 Spielen da und sind im Prinzip \u00e4hnlich schlecht wie letztes Jahr. Die einzigen Leute, die mir tats\u00e4chlich ein bisschen Hoffnung machen sind Rookie RJ Barrett, Mitchell Robinson, Marcus Morris und die Tatsache, das Frank Ntlikina derzeit der Starter ist. Ansonsten: Ich bin gespannt, wie lange der Couch, David Fizdale, noch an der Seitenlinie stehen darf.<\/li><li>\u00dcber wen m\u00f6chten wir an dieser Stelle denn noch sprechen? Nehmen wir doch einfach mal eines der \u00dcberraschungsteams! Und an dieser Stelle erw\u00e4hnen wir die Phoenix Suns. Nat\u00fcrlich darf man den Start nicht \u00fcberbewerten, aber das was sie in Arizona bislang spielen wirkt \u00fcberraschend gut. Devin Booker muss nicht mehr prim\u00e4r den Spielaufbau \u00fcbernehmen, das nimmt ihn mittlerweile Neuzugang Ricky Rubio ab. Frank Kaminsky punktet wie ein B\u00fcffel, Kelly Oubre Jr. spielt bislang eine fantastische Saison, Dario Saric passt perfekt in dieses Team hinein, auch mit der Bank kann man komplett zufrieden sein. Tyler Johnson, Jevon Carter, der Rookie Cameron Johnson, Mikal Bridges. Ich muss zugeben: Ich hab schon mehr Phoenix Basketball gesehen als letztes Jahr. <\/li><li>Sprechen wir zum Abschluss doch mal nicht \u00fcber ein Team, sondern \u00fcber 2 Spieler, die ich an dieser Stelle gesondert erw\u00e4hnen m\u00f6chte. Die beiden Spieler sind LeBron James und Luka Doncic. Was diese beiden in dieser Saison bislang an Zahlen auflegen ist komplett wahnsinnig. Zahlreiche Triple Doubles , zahlreiche hervorragende Leistungen, auch im Spiel Dallas gegen Lakers standen diese beiden Herren nat\u00fcrlich im Mittelpunkt und boten den Zuschauern eine wahre Show. Bei LeBron und den Lakers l\u00e4uft es derzeit richtig gut, bei Luka und den Mavs wackelte es zuletzt ein bisschen, bis sie eben in der letzten Nacht die Golden State Warriors aus der Halle schossen. Ich bin gespannt, wie die Saison der beiden Jungs noch weiter verl\u00e4uft. <\/li><\/ul>\n\n\n\n<p>Und jetzt zum eigentlichen Sinn des Blogs!<\/p>\n\n\n\n<p><strong><em><span style=\"text-decoration: underline;\">Die Ansetzungen vom 22. November 2019 bis zum 25. November 2019<\/span><\/em><\/strong><\/p>\n\n\n\n<p><strong>Bundesliga, 12. Spieltag<\/strong><\/p>\n\n\n\n<p><span style=\"text-decoration: underline;\">Freitag, 22. November 2019 ab 20.15 Uhr (DAZN)<\/span><\/p>\n\n\n\n<p><strong><em>Borussia Dortmund <\/em><\/strong><strong><em>\u2013<\/em><\/strong><strong><em> SC Paderborn (20.30 Uhr)<\/em><\/strong><\/p>\n\n\n\n<p>DAZN: Jan Platte, Experte: Jonas Hummels<\/p>\n\n\n\n<p>Moderation (DAZN): Daniel Herzog, Field-Reporter: Sebastian Benesch <\/p>\n\n\n\n<p><span style=\"text-decoration: underline;\">Samstag, 23. November 2019, ab 14.00 Uhr (Sky)<\/span><\/p>\n\n\n\n<p><strong><em>Fortuna D\u00fcsseldorf<\/em><\/strong> <strong><em>\u2013<\/em><\/strong> <strong><em>FC Bayern M\u00fcnchen (15.30 Uhr)<\/em><\/strong><\/p>\n\n\n\n<p>Sky: Kai Dittmann (Einzelspiel), Wolff Fuss (Konferenz)<\/p>\n\n\n\n<p>Field-Reporter (Sky): Marcus Lindemann<\/p>\n\n\n\n<p><strong><em>Werder Bremen<\/em><\/strong> <strong><em>\u2013<\/em><\/strong> <strong><em>FC Schalke 04 (15.30 Uhr)<\/em><\/strong><\/p>\n\n\n\n<p>Sky: Oliver Seidler (Einzelspiel), Frank Buschmann (Konferenz)<\/p>\n\n\n\n<p>Field-Reporter (Sky): Jens Westen<\/p>\n\n\n\n<p><strong><em>1. FC Union Berlin<\/em><\/strong> <strong><em>\u2013<\/em><\/strong> <strong><em>Borussia M&#8217;Gladbach (15.30 Uhr)<\/em><\/strong><\/p>\n\n\n\n<p>Sky: Michael Born (Einzelspiel), Florian Schmidt-Sommerfeld (Konferenz)<\/p>\n\n\n\n<p>Field-Reporter (Sky): Stefan Hempel <\/p>\n\n\n\n<p><strong><em>Eintracht Frankfurt<\/em><\/strong> <strong><em>\u2013<\/em><\/strong> <strong><em>VfL Wolfsburg (15.30 Uhr)<\/em><\/strong><\/p>\n\n\n\n<p>Sky: Hansi K\u00fcpper (Einzelspiel), Holger Pfandt (Konferenz)<\/p>\n\n\n\n<p>Field-Reporter (Sky): Marc Behrenbeck <\/p>\n\n\n\n<p><strong><em>Bayer Leverkusen<\/em><\/strong> <strong><em>\u2013<\/em><\/strong> <strong><em>SC Freiburg (15.30 Uhr)<\/em><\/strong><\/p>\n\n\n\n<p>Sky: Tom Bayer (Einzelspiel), Roland Evers (Konferenz)<\/p>\n\n\n\n<p>Field-Reporter (Sky): Dirk grosse-Schlarmann <\/p>\n\n\n\n<p>Moderation (Sky):&nbsp;Jessica Libbertz,&nbsp;Experte:&nbsp;Dietmar Hamann<\/p>\n\n\n\n<p><span style=\"text-decoration: underline;\">ab 17.30 Uhr (Sky)<\/span><\/p>\n\n\n\n<p><strong><em>RB Leipzig<\/em><\/strong> <strong><em>\u2013<\/em><\/strong> <strong><em>1. FC K\u00f6ln (18.30 Uhr)<\/em><\/strong><\/p>\n\n\n\n<p>Sky: Martin Gro\u00df <\/p>\n\n\n\n<p>Moderation (Sky): Sebastian Hellmann, Experte: Lothar Matth\u00e4us, Field-Reporter: Ecki Heuser<\/p>\n\n\n\n<p><span style=\"text-decoration: underline;\">Sonntag, 24. November 2019, ab 14.30 Uhr (Sky)<\/span><\/p>\n\n\n\n<p><strong><em>FC Augsburg&nbsp;\u2013&nbsp;Hertha BSC (15.30 Uhr)<\/em><\/strong><\/p>\n\n\n\n<p>Sky: Martin Gro\u00df<\/p>\n\n\n\n<p>Field-Reporter (Sky): Esther Sedlaczek<\/p>\n\n\n\n<p><span style=\"text-decoration: underline;\">ab 17.30 Uhr (Sky)<\/span><\/p>\n\n\n\n<p><strong><em>1899 Hoffenheim \u2013&nbsp;1. FSV Mainz 05 (18.00 Uhr)<\/em><\/strong><\/p>\n\n\n\n<p>Sky: Marcus Lindemann <\/p>\n\n\n\n<p>Field-Reporter (Sky): Ulli Potofski<\/p>\n\n\n\n<p>Moderation (Sky): Britta Hofmann, Experte: Ewald Lienen<\/p>\n\n\n\n<p><strong>2. <\/strong><b><i>Bundesliga, 14. Spieltag<\/i><\/b><\/p>\n\n\n\n<p><span style=\"text-decoration: underline;\">Freitag, 22. November 2019, ab 18.00 Uhr (Sky)<\/span><\/p>\n\n\n\n<p><strong><em>FC Erzgebirge Aue \u2013 FC St. Pauli<\/em><\/strong> <strong><em>(18.30 Uhr)<\/em><\/strong><\/p>\n\n\n\n<p>Sky: J\u00f6rg Dahlmann <\/p>\n\n\n\n<p>Field-Reporter (Sky): Nele Schenker<\/p>\n\n\n\n<p><strong><em>VfL Bochum 1848 \u2013 VfL Osnabr\u00fcck<\/em><\/strong> <strong><em>(18.30 Uhr)<\/em><\/strong><\/p>\n\n\n\n<p>Sky: Sven Haist, Interviews: Schalte<\/p>\n\n\n\n<p>Moderation (Sky): Stefan Hempel <\/p>\n\n\n\n<p><span style=\"text-decoration: underline;\">Samstag, 23. November 2019 ab 12.30 Uhr (Sky)<\/span><\/p>\n\n\n\n<p><strong><em>DSC Arminia Bielefeld<\/em><\/strong> <strong><em>\u2013<\/em><\/strong> <strong><em>SV Sandhausen (13.00 Uhr)<\/em><\/strong><\/p>\n\n\n\n<p>Sky: J\u00f6rg Dahlmann,  Interviews: Schalte <\/p>\n\n\n\n<p><strong><em>Hamburger SV \u2013 SG Dynamo Dresden<\/em><\/strong> <strong><em>(13.00 Uhr)<\/em><\/strong><\/p>\n\n\n\n<p>Sky: Klaus Veltmann<\/p>\n\n\n\n<p>Field-Reporter (Sky): Jurek Rohrberg<\/p>\n\n\n\n<p><strong><em>SV Wehen Wiesbaden \u2013 Holstein Kie<\/em><\/strong>l <strong><em>(13.00 Uhr)<\/em><\/strong><\/p>\n\n\n\n<p>Sky: Ulli Potofski<\/p>\n\n\n\n<p>Moderation (Sky): Peter Hardenacke<\/p>\n\n\n\n<p><span style=\"text-decoration: underline;\">Sonntag, 24. November 2019, ab 13.00 Uhr (Sky)<\/span><\/p>\n\n\n\n<p><strong><em>SSV Jahn Regensburg<\/em><\/strong> <strong><em>\u2013<\/em><\/strong> <strong><em>1. FC Heidenheim (13.30 Uhr)<\/em><\/strong><\/p>\n\n\n\n<p>Sky: J\u00f6rg Dahlmann<\/p>\n\n\n\n<p><strong><em>SpVgg Greuther F\u00fcrth \u2013 1. FC N\u00fcrnberg (13.30 Uhr)<\/em><\/strong><\/p>\n\n\n\n<p>Sky: J\u00fcrgen Schmitz<\/p>\n\n\n\n<p>Field-Reporter (Sky): Stefan Hempel<\/p>\n\n\n\n<p><strong><em>VfB Stuttgart<\/em><\/strong> <strong><em>\u2013<\/em><\/strong> <strong><em>Karlsruher SC (13.30 Uhr)<\/em><\/strong><\/p>\n\n\n\n<p>Sky: Toni Tomic (Einzelspiel), Torsten Kunde (Konferenz)<\/p>\n\n\n\n<p>Field-Reporter (Sky): Alexander Bonengel<\/p>\n\n\n\n<p>Moderation (Sky): Hartmut von Kameke<\/p>\n\n\n\n<p><span style=\"text-decoration: underline;\">Montag, 25. November 2019, ab 20.00 Uhr (Sky)<\/span><\/p>\n\n\n\n<p><strong><em>Hannover 96 \u2013 SV Darmstadt 98<\/em><\/strong> <strong><em>(20.30 Uhr)<\/em><\/strong><\/p>\n\n\n\n<p>Sky: Oliver Seidler<\/p>\n\n\n\n<p>Field-Reporter (Sky): Sven T\u00f6llner <\/p>\n\n\n\n<p>Moderation (Sky): Hartmut von Kameke <\/p>\n\n\n\n<p><strong><em>3. Liga, 18. Spieltag<\/em><\/strong><\/p>\n\n\n\n<p><span style=\"text-decoration: underline;\">Freitag, 22. November 2019, ab 18.30 Uhr (Magenta Sport)<\/span><\/p>\n\n\n\n<p><strong><em>Carl-Zeiss Jena<\/em><\/strong> <strong><em>\u2013<\/em><\/strong> <strong><em>Hallescher FC (19.00 Uhr)<\/em><\/strong><\/p>\n\n\n\n<p>Magenta Sport: Andreas Mann<\/p>\n\n\n\n<p>Moderation (Magenta Sport): Annet Sattler, Experte: Martin Lanig<\/p>\n\n\n\n<p><span style=\"text-decoration: underline;\">Samstag, 23. November 2019, ab 13.45 Uhr (Magenta Sport)<\/span><\/p>\n\n\n\n<p><strong><em>Konferenz (14.00 Uhr)<\/em><\/strong><\/p>\n\n\n\n<p>Magenta Sport: Sascha Bandermann &amp; Martin Piller<\/p>\n\n\n\n<p><strong><em>FSV Zwickau<\/em><\/strong> <strong><em>\u2013<\/em><\/strong> <strong><em>Preu\u00dfen M\u00fcnster (14.00 Uhr)<\/em><\/strong><\/p>\n\n\n\n<p>WDR: ???<\/p>\n\n\n\n<p>Magenta Sport: Lenny Leonhardt<\/p>\n\n\n\n<p>Moderation (WDR): ???<br>Moderation (Magenta Sport): Simon K\u00f6pfer<\/p>\n\n\n\n<p><strong><em>Eintracht Braunschweig<\/em><\/strong> <strong><em>\u2013<\/em><\/strong> <strong><em>Chemnitzer FC<\/em><\/strong> <strong><em>(14.00 Uhr)<\/em><\/strong><\/p>\n\n\n\n<p>MDR: Alexander K\u00fcpper<\/p>\n\n\n\n<p>Magenta Sport: Andreas Mann<\/p>\n\n\n\n<p>Moderation (MDR): Stephanie M\u00fcller-Spirra, Experte: Lutz Lindemann<br>Moderation (Magenta Sport): Kamila Benschop<\/p>\n\n\n\n<p><strong><em>FC W\u00fcrzburger Kickers<\/em><\/strong> <strong><em>\u2013<\/em><\/strong> <strong><em>KFC Uerdingen<\/em><\/strong> <strong><em>(14.00 Uhr)<\/em><\/strong><\/p>\n\n\n\n<p>Magenta Sport: Franz B\u00fcchner<\/p>\n\n\n\n<p>Moderation (Magenta Sport):  Stefan Fuckert<\/p>\n\n\n\n<p><strong><em>1. FC Magdeburg<\/em><\/strong> <strong><em>\u2013<\/em><\/strong> <strong><em>SpVgg Unterhaching<\/em><\/strong> <strong><em>(14.00 Uhr)<\/em><\/strong><\/p>\n\n\n\n<p>Magenta Sport: Markus Herwig<\/p>\n\n\n\n<p>Moderation (Magenta Sport): Benni Zander<\/p>\n\n\n\n<p><strong><em>SV Meppen<\/em><\/strong> <strong><em>\u2013<\/em><\/strong> <strong><em>SG Sonnenhof Gro\u00dfaspach<\/em><\/strong> <strong><em>(14.00 Uhr)<\/em><\/strong><\/p>\n\n\n\n<p>Magenta Sport: Mike M\u00fcnkel<\/p>\n\n\n\n<p>Moderation (Magenta Sport): Holger Speckhahn<\/p>\n\n\n\n<p><strong><em>SV Waldhof Mannheim 07<\/em><\/strong> <strong><em>\u2013<\/em><\/strong> <strong><em>FC Ingolstadt<\/em><\/strong> <strong><em>(14.00 Uhr)<\/em><\/strong><\/p>\n\n\n\n<p>SWR: Stefan Kiss<\/p>\n\n\n\n<p>Magenta Sport: Markus H\u00f6hner<\/p>\n\n\n\n<p>Moderation (SWR): Benjamin W\u00fcst<br>Moderation (Magenta Sport): Thomas Wagner<\/p>\n\n\n\n<p><span style=\"text-decoration: underline;\">Sonntag, 24. November 2019, ab 12.45 Uhr (Magenta Sport)<\/span><\/p>\n\n\n\n<p><strong><em>1. FC Kaiserslautern<\/em><\/strong> <strong><em>\u2013<\/em><\/strong> <strong><em>FC Hansa Rostock<\/em><\/strong> <strong><em>(13.00 Uhr)<\/em><\/strong><\/p>\n\n\n\n<p>Magenta Sport: Christian Stra\u00dfburger<\/p>\n\n\n\n<p>Moderation (Magenta Sport): Cedric Pick<\/p>\n\n\n\n<p><span style=\"text-decoration: underline;\">ab 13.30 Uhr (Magenta Sport)<\/span><\/p>\n\n\n\n<p><strong><em>1860 M\u00fcnchen<\/em><\/strong> <strong><em>\u2013<\/em><\/strong> <strong><em>FC Bayern M\u00fcnchen II<\/em><\/strong> <strong><em>(14.00 Uhr)<\/em><\/strong><\/p>\n\n\n\n<p>Magenta Sport: Martin Piller<\/p>\n\n\n\n<p>Moderation (Magenta Sport): Sascha Bandermann, Experte: Rudi Bommer<\/p>\n\n\n\n<p><span style=\"text-decoration: underline;\">Montag, 25. November 2019, ab 18.45 Uhr (Magenta Sport)<\/span><\/p>\n\n\n\n<p><strong><em>MSV Duisburg<\/em><\/strong> <strong><em>\u2013<\/em><\/strong> <strong><em>FC Viktoria K\u00f6ln (19.00 Uhr)<\/em><\/strong><\/p>\n\n\n\n<p>Magenta Sport: Markus H\u00f6hner<\/p>\n\n\n\n<p>Moderation (Magenta Sport): Konstantin Klostermann<\/p>\n\n\n\n<p><strong>Premier League, 13. Spieltag<\/strong><\/p>\n\n\n\n<p><span style=\"text-decoration: underline;\">Samstag, 23. November 2019, ab 13.20 Uhr (Sky)<\/span><\/p>\n\n\n\n<p><em><strong>West Ham&nbsp;United&nbsp;\u2013&nbsp;Tottenham Hotspur (13.30 Uhr)<\/strong><\/em><\/p>\n\n\n\n<p>Sky: Toni Tomic<\/p>\n\n\n\n<p><span style=\"text-decoration: underline;\">ab 15.50 Uhr (Sky)<\/span><\/p>\n\n\n\n<p><strong><em>Crystal Palace \u2013&nbsp;FC Liverpool (16.00 Uhr) <\/em><\/strong><\/p>\n\n\n\n<p>Sky: Hannes Herrmann<\/p>\n\n\n\n<p><span style=\"text-decoration: underline;\">ab 18.20 Uhr (Sky)<\/span><\/p>\n\n\n\n<p><strong><em>Manchester City&nbsp;\u2013&nbsp;FC Chelsea (18.30 Uhr)<\/em><\/strong><\/p>\n\n\n\n<p>Sky: Jogi Hebel<\/p>\n\n\n\n<p><span style=\"text-decoration: underline;\">Sonntag, 24. November 2019, ab 17:00 Uhr (Sky)<\/span><\/p>\n\n\n\n<p><strong><em>Sheffield United \u2013&nbsp;Manchester United (17.30 Uhr)<\/em><\/strong><\/p>\n\n\n\n<p>Sky: Florian Schmidt-Sommerfeld, Experte: Erik Meijer<\/p>\n\n\n\n<p><span style=\"text-decoration: underline;\">Montag, 25.November 2019, ab 20:50 Uhr (Sky)<\/span><\/p>\n\n\n\n<p><strong><em>Aston Villa \u2013&nbsp;Newcastle United (21.00 Uhr)<\/em><\/strong><\/p>\n\n\n\n<p>Sky: Jogi Hebel <\/p>\n\n\n\n<p><strong>Frauen-Bundesliga, 10. Spieltag<\/strong><\/p>\n\n\n\n<p><span style=\"text-decoration: underline;\">Freitag, 22. November 2019 ab 19.15 Uhr (Magenta Sport)<\/span><\/p>\n\n\n\n<p><strong><em>1.FFC Frankfurt<\/em><\/strong> <strong><em>\u2013<\/em><\/strong> <strong><em>TSG 1899 Hoffenheim (19.15 Uhr)<\/em><\/strong><\/p>\n\n\n\n<p>Magenta Sport: Oskar Heirler <\/p>\n\n\n\n<p><span style=\"text-decoration: underline;\">Samstag, 23. November 2019, ab 12.55 (ONE) bzw. 13.00 Uhr (Magenta Sport)<\/span><\/p>\n\n\n\n<p><strong><em>VfL Wolfsburg &#8211; FC Bayern M\u00fcnchen (13.00 Uhr)<\/em><\/strong><\/p>\n\n\n\n<p>ONE: Jan Neumann<\/p>\n\n\n\n<p>Magenta Sport: Alexander Kunz<\/p>\n\n\n\n<p>Moderation (ONE): Sabrina Braun <\/p>\n\n\n\n<p><span style=\"text-decoration: underline;\">Sonntag, 24. November 2019, ab 14.00 Uhr (Magenta Sport)<\/span><\/p>\n\n\n\n<p><strong><em>1.FFC Turbine Potsdam &#8211; MSV Duisburg (14.00 Uhr)<\/em><\/strong><\/p>\n\n\n\n<p>Magenta Sport: Christoph Fetzer <\/p>\n\n\n\n<p><strong><em>Fu\u00dfball International<\/em><\/strong><\/p>\n\n\n\n<p><span style=\"text-decoration: underline;\">Freitag, 22. November 2019<\/span><\/p>\n\n\n\n<p>Hyundai A-League, 7. Spieltag: <strong><em>Western Sydney Wanderers &#8211; Melbourne City<\/em><\/strong> <strong><em>(09.36 Uhr)<\/em><\/strong><\/p>\n\n\n\n<p>sportdigital FUSSBALL: Hannes Herrmann <\/p>\n\n\n\n<p>Ligue 1, 14. Spieltag: <strong><em>Paris Saint Germain &#8211; LOSC Lille (20.45 Uhr)<\/em><\/strong><\/p>\n\n\n\n<p>DAZN: Stefan Galler, Experte: Alexis Menuge<\/p>\n\n\n\n<p>Sky Bet Championship, 17. Spieltag: <strong><em>FC Fulham &#8211; Queens Park Rangers<\/em><\/strong> <strong><em>(20.45 Uhr)<\/em><\/strong><\/p>\n\n\n\n<p>sportdigital FUSSBALL: Karsten Linke<\/p>\n\n\n\n<p><span style=\"text-decoration: underline;\">Samstag, 23. November 2019<\/span><\/p>\n\n\n\n<p>J1 League, 32. Spieltag: <strong><em>Kobe &#8211; Cerezo Osaka (05.00 Uhr)<\/em><\/strong><\/p>\n\n\n\n<p>DAZN: Martin Sedlacek <\/p>\n\n\n\n<p>Chinese Super League, 28. Spieltag:<strong><em> Guangzhou Evergrande &#8211; Shanghai SIPG FC<\/em><\/strong> (<strong><em>12.35 Uhr)<\/em><\/strong><\/p>\n\n\n\n<p>sportdigital FUSSBALL: J\u00f6rg Steiger<\/p>\n\n\n\n<p>La Liga, 14. Spieltag: <strong><em>Leganes &#8211; FC Barcelona (13.00 Uhr)<\/em><\/strong><\/p>\n\n\n\n<p>DAZN: Andreas Renner, Experte: Jonas Hummels<\/p>\n\n\n\n<p>Serie A, 13. Spieltag: <strong><em>Atalanta &#8211; Juventus Turin (15.00 Uhr)<\/em><\/strong><\/p>\n\n\n\n<p>DAZN: Carsten Fu\u00df, Experte: Christian Bernhard<\/p>\n\n\n\n<p>Sky Bet Championship, 17. Spieltag: <strong><em>Swansea City &#8211; FC Millwall<\/em><\/strong> <strong><em>(16.00 Uhr)<\/em><\/strong><\/p>\n\n\n\n<p>sportdigital FUSSBALL: J\u00f6rg Steiger<\/p>\n\n\n\n<p>Serie A, 13. Spieltag: <strong><em>AC Mailand &#8211; SSC Neapel (18.00 Uhr)<\/em><\/strong><\/p>\n\n\n\n<p>DAZN: Flo Hauser, Experte: Necat Ayg\u00fcn<\/p>\n\n\n\n<p>La Liga, 14. Spieltag: <strong><em>Granada -Atletico Madrid (18.30 Uhr)<\/em><\/strong><\/p>\n\n\n\n<p>DAZN: Tobi Fischbeck <\/p>\n\n\n\n<p>Eredivisie, 14. Spieltag: <strong><em>Ajax Amsterdam &#8211; SC Heracles Almelo<\/em><\/strong> <strong><em>(19.45 Uhr)<\/em><\/strong><\/p>\n\n\n\n<p>sportdigital FUSSBALL: Karsten Linke<\/p>\n\n\n\n<p>Serie A, 13. Spieltag: <strong><em>FC Turin &#8211; Inter Mailand (20.45 Uhr)<\/em><\/strong><\/p>\n\n\n\n<p>DAZN: Marcel Seufert <\/p>\n\n\n\n<p>La Liga, 14. Spieltag: <strong><em>Real Madrid &#8211; Rayo Vallecano<\/em><\/strong> <strong><em>(21.00 Uhr)<\/em><\/strong><\/p>\n\n\n\n<p>DAZN: Uli Hebel, Experte: Ralph Gunesch<\/p>\n\n\n\n<p>Moderation (DAZN): Alex Schl\u00fcter<\/p>\n\n\n\n<p>Copa Libertadores, Finale: <strong><em>Flamengo &#8211; River Plate (21.00 Uhr)<\/em><\/strong><\/p>\n\n\n\n<p>DAZN: Guido H\u00fcsgen<\/p>\n\n\n\n<p>sportdigital FUSSBALL: Christian Blunck<\/p>\n\n\n\n<p><span style=\"text-decoration: underline;\">Sonntag, 24. November 2019<\/span><\/p>\n\n\n\n<p>Eredivisie, 14. Spieltag: <strong><em>FC Groningen &#8211; Feyenoord Rotterdam (12.15 Uhr)<\/em><\/strong><\/p>\n\n\n\n<p>sportdigital FUSSBALL: Karsten Linke<\/p>\n\n\n\n<p>Eredivisie, 14. Spieltag: <strong><em>PSV Eindhoven &#8211; SC Heerenveen<\/em><\/strong> <strong>(<em>14.30 Uhr)<\/em><\/strong><\/p>\n\n\n\n<p>sportdigital FUSSBALL: Karsten Linke<\/p>\n\n\n\n<p>Serie A, 13. Spieltag: <strong><em>AS Rom &#8211; Brescia (15.00 Uhr)<\/em><\/strong><\/p>\n\n\n\n<p>DAZN: Tino Polster, Experte: Max Nicu<\/p>\n\n\n\n<p>Serie A, 13. Spieltag: <strong><em>Sassuolo &#8211; Lazio Rom (15.00 Uhr)<\/em><\/strong><\/p>\n\n\n\n<p>DAZN: Marcel Seufert <\/p>\n\n\n\n<p>Serie A, 13. Spieltag: <strong><em>Hellas Verona &#8211; Fiorentina (15.00 Uhr)<\/em><\/strong><\/p>\n\n\n\n<p>DAZN: Uwe Morawe <\/p>\n\n\n\n<p>Ekstraklasa, 16. Spieltag: <strong><em>Slask Wroclaw &#8211; Wisla Krakau<\/em><\/strong> <strong><em>(17.30 Uhr)<\/em><\/strong><\/p>\n\n\n\n<p>sportdigital FUSSBALL: Christian Blunck<\/p>\n\n\n\n<p>La Liga, 14. Spieltag: <strong><em>Real Valladolid &#8211; FC Sevilla (21.00 Uhr)<\/em><\/strong><\/p>\n\n\n\n<p>DAZN: Daniel G\u00fcnther <\/p>\n\n\n\n<p>Ligue 1, 14. Spieltag: <strong><em>Toulouse &#8211; Marseille (21.00 Uhr)<\/em><\/strong><\/p>\n\n\n\n<p>DAZN: Claus M\u00fcller<\/p>\n\n\n\n<p><strong><em><span style=\"text-decoration: underline;\">Die Analyse<\/span><\/em><\/strong><\/p>\n\n\n\n<p>Die Bundesliga ist wieder am Start. Er\u00f6ffnet wird Spieltag 12 in Dortmund, Jan Platte ist am Start. Die DAZN-Crew berichtet mit ihm live aus dem Stadion. Schneller Blick auf den Samstag: Hier zeigt sich altbekanntes und recht gewohntes, lediglich Hansi K\u00fcpper ist in Frankfurt ein doch eher seltener Gast. Die Konferenz klingt durchaus unterhaltsam. Martin Gro\u00df \u00fcbernimmt das Topspiel in Leipzig und reist dann weiter gen S\u00fcden und landet am Sonntagnachmittag in Augsburg. Marcus Lindemann macht den Deckel drauf und schlie\u00dft den Spieltag in Sinsheim ab.<\/p>\n\n\n\n<p>In Liga Zwei stehen gleich zwei Derbys an einem Tag statt. J\u00fcrgen Schmitz l\u00e4sst sich den Kracher zwischen VfB und KSC tats\u00e4chlich entgehen und verfolgt lieber von der warmen Box aus die Partie F\u00fcrth &#8211; N\u00fcrnberg. Stefan Hempel f\u00fchrt hier die Interviews. \u00dcbrigens: Drei Eins\u00e4tze wieder f\u00fcr Hempel dieses Wochenende. Toni Tomic ist, tats\u00e4chlich, man mag es kaum glauben, in Stuttgart im Stadion dabei. Er wird dieses Wochenende auch nicht in die Konferenz zugeschaltet &#8211; diesen Part \u00fcbernimmt Torsten Kunde, der wohl quasi extra f\u00fcr die Konferenz kommentiert.\u00a0Auff\u00e4llig: J\u00f6rg Dahlmann darf von Freitag bis Sonntag jeden Tag ein Spiel kommentieren. Oliver Seidler macht die Schleife um den Spieltag &#8211; auch live aus dem Stadion. <\/p>\n\n\n\n<p>In Liga 3 meine ich, den Namen Simon K\u00f6pfer nicht allzu h\u00e4ufig gelesen zu haben bislang, jedenfalls ist der Herr am Samstag in Zwickau am Start. Sonst gibt es viele bekannte Namens. Eishockey-Experte Mike M\u00fcnkel ist in Meppen am Start. Skisprung-Interviewer Benni W\u00fcst moderiert f\u00fcr den SWR in Mannheim. Christian Stra\u00dfburger, unser Interviewpartner in spe, reist nach seinem FohlenRadio-Einsatz in Berlin am Sonntag nach Kaiserslautern. Magenta Sport bietet derweil ein Gro\u00dfaufgebot in M\u00fcnchen an, schlie\u00dflich spielt 1860 M\u00fcnchen gegen den FC Bayern &#8211; wenn auch nur gegen die zweite Mannschaft. Grund genug, Sascha Bandermann einen Experten an die Seite zu stellen. Das Spiel gibt\u00b4s \u00fcbrigens auch kostenlos &#8211; also ohne Magenta Sport Abo. <\/p>\n\n\n\n<p>In der Premier League wenig verwunderliches. Unser Interview-Gast Jogi Hebel darf an diesem Wochenende das wohl namhafteste Spiel kommentieren. Zus\u00e4tzlich kommentiert auch noch die Partie am Montagabend zwischen Aston Villa und Newcastle United. Neben ihm bekommen Herrmann und Tomic ihr klassisches Einzelspiel. Tomic quasi der Kommentator des Wochenendes, da er neben dem Derby in BW auch den ersten Auftritt der Spurs unter Mourinho kommentieren wird. <\/p>\n\n\n\n<p>International bieten DAZN und sportdigital FUSSBALL wie \u00fcblich ein kunterbuntes Programm. Auff\u00e4llig: Karsten Linke schiebt am Sonntag eine Doppelschicht, zwei Schmankerl aus den Niederlanden sind am Start.<\/p>\n\n\n\n<p>Euch ein sch\u00f6nes Wochenende!<\/p>\n\n\n\n<p><strong><em><br><\/em><\/strong><span style=\"text-decoration: underline;\"><br><\/span><strong><em><br><\/em><\/strong><b><i><br><\/i><\/b><br><\/p>\n\n\n\n<p><strong><em><br><\/em><\/strong><em><br><br><br><br><\/em><\/p>\n","protected":false},"excerpt":{"rendered":"<p>N\u2019Abend allerseits, Tats\u00e4chlich habe ich mal wieder Lust, ein paar Zeilen zur NBA zu verfassen. Mittlerweile haben die Teams etwas mehr als zehn Spiele gespielt und man kann bei einigen Mannschaften durchaus erkennen, in welche Richtung sich das ganze entwickelt. Fangen wir erstmal mit ein paar negativen \u00dcberraschungen an, ehe wir uns nach und nach [&hellip;]<\/p>\n","protected":false},"author":4,"featured_media":0,"comment_status":"open","ping_status":"open","sticky":false,"template":"","format":"standard","meta":{"footnotes":""},"categories":[424],"tags":[20,10,60,181,13,182,159,158,9,17,208,127,22,134,16,24,87,18],"class_list":["post-609","post","type-post","status-publish","format-standard","hentry","category-bundesliga-und-co","tag-2-bundesliga","tag-3-liga","tag-bundesliga","tag-copa-libertadores","tag-dazn","tag-frauen-bundesliga","tag-la-liga","tag-ligue-1","tag-magenta-sport","tag-mdr","tag-one","tag-serie-a","tag-sky","tag-sportdigital-fussball","tag-swr","tag-toni-tomic","tag-torsten-kunde","tag-wdr"],"_links":{"self":[{"href":"https:\/\/kommentatorenblog.de\/index.php?rest_route=\/wp\/v2\/posts\/609","targetHints":{"allow":["GET"]}}],"collection":[{"href":"https:\/\/kommentatorenblog.de\/index.php?rest_route=\/wp\/v2\/posts"}],"about":[{"href":"https:\/\/kommentatorenblog.de\/index.php?rest_route=\/wp\/v2\/types\/post"}],"author":[{"embeddable":true,"href":"https:\/\/kommentatorenblog.de\/index.php?rest_route=\/wp\/v2\/users\/4"}],"replies":[{"embeddable":true,"href":"https:\/\/kommentatorenblog.de\/index.php?rest_route=%2Fwp%2Fv2%2Fcomments&post=609"}],"version-history":[{"count":14,"href":"https:\/\/kommentatorenblog.de\/index.php?rest_route=\/wp\/v2\/posts\/609\/revisions"}],"predecessor-version":[{"id":625,"href":"https:\/\/kommentatorenblog.de\/index.php?rest_route=\/wp\/v2\/posts\/609\/revisions\/625"}],"wp:attachment":[{"href":"https:\/\/kommentatorenblog.de\/index.php?rest_route=%2Fwp%2Fv2%2Fmedia&parent=609"}],"wp:term":[{"taxonomy":"category","embeddable":true,"href":"https:\/\/kommentatorenblog.de\/index.php?rest_route=%2Fwp%2Fv2%2Fcategories&post=609"},{"taxonomy":"post_tag","embeddable":true,"href":"https:\/\/kommentatorenblog.de\/index.php?rest_route=%2Fwp%2Fv2%2Ftags&post=609"}],"curies":[{"name":"wp","href":"https:\/\/api.w.org\/{rel}","templated":true}]}}