{"id":6420,"date":"2021-01-27T13:14:13","date_gmt":"2021-01-27T12:14:13","guid":{"rendered":"http:\/\/kommentatorenblog.de\/?p=6420"},"modified":"2021-02-05T22:38:22","modified_gmt":"2021-02-05T21:38:22","slug":"1143-weiter-immer-weiter","status":"publish","type":"post","link":"https:\/\/kommentatorenblog.de\/?p=6420","title":{"rendered":"1143 \u2013 Weiter, immer weiter!"},"content":{"rendered":"\n<p>N\u2019Abend allerseits,<\/p>\n\n\n\n<p>erstmal Danke an Justin, der sich haupts\u00e4chlich um die Ansetzungen gek\u00fcmmert hat.  So, es ist eine gewisse Zeit seit meinem letzten Beitrag vergangen &#8211; ich m\u00f6chte mich an dieser Stelle einfach mal f\u00fcr die sehr positive Resonanz bedanken. <\/p>\n\n\n\n<p>Nun, jener letzter Beitrag wurde vor Weihnachten noch geschrieben &#8211; es ging logischerweise um die schwere Situation aller Arbeitnehmer in den sogenannten systemrelevanten Berufen, vor allem ging es aber um jene Personen, die Weihnachten in einem Pflegeheim (oder Krankenhaus) verbringen mussten &#8211; wohlwissend, dass das ganze ohne ihre Liebsten passieren wird. Und eine Zoom-Konferenz vermittelt einen logischerweise nicht das \u00e4hnliche, warme Gef\u00fchl wie eine Umarmung seiner Liebenden &#8211; abgesehen davon das sich zumindest mein Klientel selten auf solch einen, ich zitiere einen Bewohner, &#8222;technischen Firlefanz&#8220;, einlassen m\u00f6chte.<\/p>\n\n\n\n<p>Wer m\u00f6chte ihnen das verdenken? Ich selber darf mich sehr gl\u00fccklich sch\u00e4tzen, dass ich meine Ausbildung zum Altenpfleger im Sommer 2019 beendet habe. Das war zu einer Zeit, als von einer Pandemie noch keine Rede war und keiner ahnte, dass sich quasi die gesamte Welt ein Jahr sp\u00e4ter im Lockdown befinden w\u00fcrde und Menschen lediglich mit Mund-Nasen-Bedeckung einkaufen d\u00fcrfen. Ich hatte somit das Gl\u00fcck, meine Ausbildung noch unter &#8222;normalen&#8220; Umst\u00e4nden zu beenden. Nun rede ich mit unseren Azubis \u00fcber den aktuellen Verlauf der Ausbildung: Viele, eigentlich alle erz\u00e4hlen mir, dass sie, wenn sie k\u00f6nnten, sofort zum Pr\u00e4senzunterricht zur\u00fcckkehren w\u00fcrden. Ich kann das verstehen: Ich kann mir vorstellen, dass Menschen wahnsinnig werden, wenn sie die gesamte Zeit auf einen Bildschirm starren m\u00fcssen &#8211; mehrere Stunden am Tag, mindestens 5 Tage in der Woche. Ich muss ehrlich zugeben das auch ich fr\u00fcher immer mal wieder Tage hatte wo ich mir gew\u00fcnscht h\u00e4tte, einfach daheim bleiben zu d\u00fcrfen anstatt in die Schule zu gehen &#8211; wenn ich mir aber vorstelle das mein Unterricht nun quasi ein Jahr vor dem heimischen PC stattfindet und ich Tag f\u00fcr Tag konzentriert starr auf diesen Bildschirm schauen m\u00fcsste, ziehe ich dann doch viel lieber den Pr\u00e4senzunterricht vor.<\/p>\n\n\n\n<p>Abgesehen davon deckte es ein Problem auf, welches hierzulande seit Jahren vernachl\u00e4ssigt wurde: Die Digitalisierung. Auf einmal k\u00f6nnen die Menschen nicht mehr im Unterricht pr\u00e4sent sein, pl\u00f6tzlich muss alles via Internet laufen. Und dies klappt, formulieren wir es vorsichtig, eher bescheiden. Meine Schwester macht derzeit eine Ausbildung &#8211; wie h\u00e4ufig wird sie aus der Konferenz geschmissen, weil das Internet in unserem Ort mehr schlecht als recht ist? Mein Bruder besucht die Realschule, genau die selbe Problematik. Und hinzu kommen \u00fcberlastete Server, weil pl\u00f6tzlich eine hohe Anzahl an Menschen auf diese zur\u00fcckgreifen m\u00fcssen. Mein Bruder besucht \u00fcbrigens die gleiche Realschule wie ich einst &#8211; ist f\u00fcr mich schon eine lustige Vorstellung, dass meine Geschichtslehrerin, welche vor gut 6 Jahren nicht wusste wie ein Beamer zu bedienen ist, nun online unterrichten soll.<\/p>\n\n\n\n<p>Soviel zum &#8222;technischen Firlefanz&#8220; &#8211; Technik ist sch\u00f6n und gut, solange sie funktioniert. Allen Leuten, die derzeitig auf Online-Unterricht angewiesen sind oder Home-Office haben weiterhin nat\u00fcrlich viel Kraft! <br>Aber: Ist denn schon in Sicht, dass das ganze irgendwann ein Ende hat? Lockdown, Insolvenzen, Kurzarbeit, Online-Unterricht?<\/p>\n\n\n\n<p>Diese Frage ist nur sehr schwer zu beantworten. Aber doch gab es zuletzt einen Moment, der mir Hoffnung macht, dass man &#8222;irgendwann&#8220; (wann auch immer dies sein wird) zur &#8222;Normalit\u00e4t&#8220; zur\u00fcckkehren kann. Es gibt nun Impfstoffe: Alte Menschen (mit denen ich arbeite), Menschen mit Vorerkrankungen (die sich auch bei mir befinden) und Angestellte in eben jenen Einrichtungen sollen zuerst die M\u00f6glichkeit haben, diesen Impfstoff zu erhalten. Dies ist bei uns im Heim bereits passiert, am 15. Januar gab es die erste Impfdosis. Habe ich mich impfen lassen? Nat\u00fcrlich, ein No-Brainer &#8211; am 05.02. gibt es die zweite ben\u00f6tigte Dosis. Um eines Vorwegzunehmen: Nebenwirkungen gab es, zumindest bei mir (jeder Mensch ist anders), \u00fcberhaupt nicht. \u00dcberrascht war ich jedoch, wie viele Kollegen sich nicht haben impfen lassen. Ich mag das an dieser Stelle nicht bewerten und nat\u00fcrlich mag jeder seine eigene Meinung haben, was den Impfstoff betrifft. Allerdings finde ich es auch ein bisschen grenzwertig, wenn sich Leute \u00fcber die derzeitigen Umst\u00e4nde beklagen, nun die M\u00f6glichkeit erhalten einen, wenn auch nur kleinen Teil, dazu beizutragen, dass die Umst\u00e4nde in n\u00e4chster Zeit wieder besser werden k\u00f6nnen und diese M\u00f6glichkeit dann doch ohne wirkliche Argumente ablehnen.<\/p>\n\n\n\n<p><br><em>&#8222;L\u00e4sst du dich impfen?&#8220;<br>&#8222;Nein&#8220;<br>&#8222;Alles klar, es ist ja jedem selber \u00fcberlassen &#8211; darf man erfahren was der Grund daf\u00fcr ist?&#8220;<br>&#8222;Man h\u00f6rt soviel negatives \u00fcber diesen Impfstoff, dass ist mir zu unsicher!&#8220;<br>&#8222;Zum Beispiel?&#8220;<br>&#8222;Liest du eigentlich keine Nachrichten?&#8220;<\/em><\/p>\n\n\n\n<p>Eine der zahlreichen Konversationen die ich zu diesem Thema in letzter Zeit gef\u00fchrt habe. Wie gesagt: Es ist jedem komplett selber \u00fcberlassen ob er sich impfen l\u00e4sst, wann er sich impfen l\u00e4sst etc. Aber wenn man die M\u00f6glichkeit dazu hatte, sich impfen zu lassen und diese ablehnt, soll man sich bitte im Nachhinein nicht \u00fcber &#8222;die anderen&#8220; beklagen.<\/p>\n\n\n\n<p>Und trotzdem, nach dem Stich in den rechten Oberarm f\u00fchlte ich mich pl\u00f6tzlich sehr gut und wunderbar. Mir ist klar, dass wir uns noch monatelang in einen Ausnahmezustand befinden werden, allein schon aufgrund der Tatsache, das es noch nicht genug Impfstoff gibt. Aber es l\u00f6ste in mir das wohlige Gef\u00fchl aus, dass es vorangeht, das etwas passiert &#8211; ein Gef\u00fchl, welches man 2020 angesichts explodierender Infektionszahlen nur sehr selten hatte.<\/p>\n\n\n\n<p>Nach diesen Worten m\u00f6chte ich dann mal zum Sport \u00fcberleiten und, wie man es von mir mittlerweile gewohnt ist, auf die NBA schauen.<\/p>\n\n\n\n<p>Die Regular Season ist ja nun schon ein paar Tage alt und was gibt es so zu sagen? Steph Curry ist nach wie vor ein nicht allzu schlechter Basketballer, die New York Knicks und die Cleveland Cavaliers \u00fcberraschen und James Harden ist nach Brooklyn getradet worden. Und dann gibt es diese Teams, die trotz ihrer Leistung nach wie vor so ein bisschen unterm Radar schwimmen. Zum Beispiel die Indiana Pacers &#8211; diese sind mit einem neuen Coach, Nate Bjorkgren, in die Saison gegangen. Der Stamm des Teams ist eigentlich gleich geblieben: Brogdon, Oladipo (mittlerweile nach Houston getradet), Warren, Sabonis, Turner, Justin und Aaron Holiday, TJ McConnell, Dougi McBuckets. Ein kurzer Blick auf ein paar Spieler:<\/p>\n\n\n\n<p>Malcom Brogdon kam einst von den Milwaukee Bucks &#8211; diese h\u00e4tten ihn in dieser Form sicher gerne wieder zur\u00fcck. Brogdon ist der Ballverteiler der Pacers und gleichzeitig mit 22,8 Punkten bester Scorer des Teams. <\/p>\n\n\n\n<p>Domantas Sabonis: Dieser wird Jahr f\u00fcr Jahr immer besser: Bislang scort er zum ersten Mal in seiner Karriere \u00fcber 20 Punkte (20,4 PPG), nimmt mehr Dreier als zuvor (2,6 3PA) und trifft diese auch noch ganz ordentlich (37,0 3P%). Au\u00dferdem entlastet er Brogdon bei der Ballverteilung, spielt so viele Assists wie noch nie in seiner Karriere (5,8 AST).<\/p>\n\n\n\n<p>Myles Turner: Dieser hat vor allem am defensiven Ende einen ziemlich krassen Impact. Er war schon immer als Shotblocker bekannt, aber in der derzeitigen Saison blockt er pro Spiel 4,2 W\u00fcrfe des Gegners. Eine komplett absurde Zahl. Zum Vergleich: Der Zweitplatzierte, Rudy Gobert von den Utah Jazz, blockt derzeit 2,8 W\u00fcrfe des Gegners.<\/p>\n\n\n\n<p>Auch wenn man sich die Spiele der Pacers anschaut, hat man Spa\u00df. Nach dem Trainerwechsel nimmt Indiana mehr dreier als unter Vorg\u00e4nger Nate McMillan, was vor allem Doug McDermott zugute kommt. Dieser hat, wen \u00fcberrascht es, seine beste Scoring-Saison derzeit und ist der 6th Man der Pacers. Ich muss zugeben, in den vergangenen Jahren habe ich irgendwie immer einen Bogen um die Pacers gemacht &#8211; die Art und Weise, wie sie unter McMillan Basketball spielten hat mir nicht wirklich gefallen. Dies sieht nun anders aus, wenn man den Pacers zusieht sieht man eine Mannschaft die Spa\u00df macht und eine eingeschworene Truppe zu sein scheint. K\u00fcnftig kommt dann noch Caris LeVert dazu, diesen hat man aus Brooklyn erhalten. Wann LeVert dazust\u00f6\u00dft ist jedoch noch fraglich, nachdem bei ihm Nierenkrebs diagnostiziert wurde. Aber ich glaube, auch ohne LeVert kommen die Pacers ganz gut zurecht. Sie werden, wie eigentlich jedes Jahr, in die Playoffs kommen &#8211; die Frage ist, ob sie dort dann auch mal \u00fcber die 1. Runde hinweg gehen k\u00f6nnen.<\/p>\n\n\n\n<p>Soweit mal zu den Pacers, ihr d\u00fcrft abstimmen \u00fcber welches Team ich bei meinem n\u00e4chsten Beitrag mal ein paar Worte verlieren soll! <a href=\"https:\/\/strawpoll.de\/z4efysa\">Klick!<\/a><\/p>\n\n\n\n<p>Da meine Kollegen es hier letztens mal von Podcasts hatten mag ich euch nat\u00fcrlich noch deutschsprachige Basketball-Podcasts nachreichen. <\/p>\n\n\n\n<p><strong>Got Nexxt &#8211; Der NBA und Basketball Podcast<\/strong>  (mit DAZN-Experte Dre Voigt)<\/p>\n\n\n\n<p><strong>Korbj\u00e4ger NBA-Podcast <\/strong>(mit Ole Frerks und Max Marbeiter)<\/p>\n\n\n\n<p>Diese beiden Podcasts h\u00f6ren ich regelm\u00e4\u00dfig, dazu gab es noch den folgenden Podcast, welchen es in dieser Form leider nicht mehr gibt, da sich die beiden Podcaster  entschlossen haben, lieber einen Podcast zu machen, welcher nichts mit der NBA zu tun hat.<\/p>\n\n\n\n<p><strong>Ins Gesicht von Stoudemire &#8211; Der NBA-Podcast<\/strong> (mit Arne Taegen und Dirk Funk)<br>Wenn mich nicht alles t\u00e4uscht ist dies gar der erste NBA-Podcast gewesen, den ich mir angeh\u00f6rt habe und habe mich \u00fcber jede Folge sehr gefreut und direkt reingezogen.<\/p>\n\n\n\n<p>Des weiteren gibt es noch einen recht frischen Youtube-Kanal namens <strong><a href=\"https:\/\/www.youtube.com\/channel\/UChYcYuc9ytQArG6S1ECeiKQ\">Ballin<\/a>, <\/strong>welcher zweimal w\u00f6chentlich ein Video hochl\u00e4dt. Hierbei unterhalten sich NBA-Kommentator Lukas Sch\u00f6nm\u00fcller und NBA-Experte Alex Vogel \u00fcber die unterschiedlichsten Dinge, die in der NBA passieren. Beim letzten Video hatten sie \u00fcbrigens Frank Buschmann zu Gast, das Thema war der Tod von Kobe Bryant, welcher vor einem Jahr bei einem Helikopter-Crash zusammen mit 8 anderen Insassen verungl\u00fcckte&#8230;<\/p>\n\n\n\n<p>Einen der soeben erw\u00e4hnten Namen werdet ihr jetzt auch in den Ansetzungen wiederfinden &#8211; Spoiler: Es geht nicht um Frank Buschmann!<\/p>\n\n\n\n<hr class=\"wp-block-separator\"\/>\n\n\n\n<p><strong><em>Die Ansetzungen vom 29. Januar bis zum 01. <\/em><\/strong><em><strong>Februar<\/strong><\/em><em><strong> 2021<\/strong><\/em><\/p>\n\n\n\n<p><strong>Bundesliga, 19. Spieltag<\/strong><\/p>\n\n\n\n<p><span style=\"text-decoration: underline;\">Freitag, 29. Januar 2021, ab 20.15 Uhr (DAZN) <\/span><\/p>\n\n\n\n<p><strong><em>VfB Stuttgart \u2013 1. FSV Mainz 05 (20.30 Uhr)<\/em><\/strong><\/p>\n\n\n\n<p class=\"has-normal-font-size\"><img loading=\"lazy\" decoding=\"async\" width=\"10\" height=\"21\" class=\"wp-image-3656\" style=\"width: 10px;\" src=\"http:\/\/kommentatorenblog.de\/wp-content\/uploads\/2020\/09\/shure-55sh-ii-e1601485394796.jpg\" alt=\"\" srcset=\"https:\/\/kommentatorenblog.de\/wp-content\/uploads\/2020\/09\/shure-55sh-ii-e1601485394796.jpg 415w, https:\/\/kommentatorenblog.de\/wp-content\/uploads\/2020\/09\/shure-55sh-ii-e1601485394796-142x300.jpg 142w\" sizes=\"auto, (max-width: 10px) 100vw, 10px\" \/> Lukas Sch\u00f6nm\u00fcller, Experte: Ralph Gunesch, Field-Reporter: Daniel Herzog<\/p>\n\n\n\n<p>Moderation: Alex Schl\u00fcter<\/p>\n\n\n\n<p><span style=\"text-decoration: underline;\">Samstag, 30. Januar 2021, ab 14.00 Uhr (Sky)<\/span><\/p>\n\n\n\n<p><strong><em>FC Bayern M\u00fcnchen <strong><em>\u2013<\/em><\/strong><\/em><\/strong> <strong><em>TSG 1899 Hoffenheim (15.30 Uhr)<\/em><\/strong><\/p>\n\n\n\n<p class=\"has-normal-font-size\"><img loading=\"lazy\" decoding=\"async\" width=\"10\" height=\"21\" class=\"wp-image-3656\" style=\"width: 10px;\" src=\"http:\/\/kommentatorenblog.de\/wp-content\/uploads\/2020\/09\/shure-55sh-ii-e1601485394796.jpg\" alt=\"\" srcset=\"https:\/\/kommentatorenblog.de\/wp-content\/uploads\/2020\/09\/shure-55sh-ii-e1601485394796.jpg 415w, https:\/\/kommentatorenblog.de\/wp-content\/uploads\/2020\/09\/shure-55sh-ii-e1601485394796-142x300.jpg 142w\" sizes=\"auto, (max-width: 10px) 100vw, 10px\" \/> Wolff Fuss (Einzelspiel), Jonas Friedrich (Konferenz)<\/p>\n\n\n\n<p>Field-Reporter: Patrick Wasserziehr<\/p>\n\n\n\n<p><strong><em>Borussia Dortmund \u2013 FC Augsburg (15.30 Uhr)<\/em><\/strong><\/p>\n\n\n\n<p class=\"has-normal-font-size\"><img loading=\"lazy\" decoding=\"async\" width=\"10\" height=\"21\" class=\"wp-image-3656\" style=\"width: 10px;\" src=\"http:\/\/kommentatorenblog.de\/wp-content\/uploads\/2020\/09\/shure-55sh-ii-e1601485394796.jpg\" alt=\"\" srcset=\"https:\/\/kommentatorenblog.de\/wp-content\/uploads\/2020\/09\/shure-55sh-ii-e1601485394796.jpg 415w, https:\/\/kommentatorenblog.de\/wp-content\/uploads\/2020\/09\/shure-55sh-ii-e1601485394796-142x300.jpg 142w\" sizes=\"auto, (max-width: 10px) 100vw, 10px\" \/> Marcus Lindemann (Einzelspiel), Klaus Veltman (Konferenz)<\/p>\n\n\n\n<p>Field-Reporter: Ulli Potofski <\/p>\n\n\n\n<p><strong><em>SV Werder Bremen <strong><em>\u2013<\/em><\/strong><\/em><\/strong> <strong><em>FC Schalke 04 (15.30 Uhr)<\/em><\/strong><\/p>\n\n\n\n<p class=\"has-normal-font-size\"><img loading=\"lazy\" decoding=\"async\" width=\"10\" height=\"21\" class=\"wp-image-3656\" style=\"width: 10px;\" src=\"http:\/\/kommentatorenblog.de\/wp-content\/uploads\/2020\/09\/shure-55sh-ii-e1601485394796.jpg\" alt=\"\" srcset=\"https:\/\/kommentatorenblog.de\/wp-content\/uploads\/2020\/09\/shure-55sh-ii-e1601485394796.jpg 415w, https:\/\/kommentatorenblog.de\/wp-content\/uploads\/2020\/09\/shure-55sh-ii-e1601485394796-142x300.jpg 142w\" sizes=\"auto, (max-width: 10px) 100vw, 10px\" \/> Hansi K\u00fcpper (Einzelspiel), Florian Schmidt-Sommerfeld (Konferenz)<\/p>\n\n\n\n<p>Field-Reporter: Jens Westen <\/p>\n\n\n\n<p><strong><em>Union Berlin \u2013 Borussia M\u00f6nchengladbach (15.30 Uhr)<\/em><\/strong><\/p>\n\n\n\n<p class=\"has-normal-font-size\"><img loading=\"lazy\" decoding=\"async\" width=\"10\" height=\"21\" class=\"wp-image-3656\" style=\"width: 10px;\" src=\"http:\/\/kommentatorenblog.de\/wp-content\/uploads\/2020\/09\/shure-55sh-ii-e1601485394796.jpg\" alt=\"\" srcset=\"https:\/\/kommentatorenblog.de\/wp-content\/uploads\/2020\/09\/shure-55sh-ii-e1601485394796.jpg 415w, https:\/\/kommentatorenblog.de\/wp-content\/uploads\/2020\/09\/shure-55sh-ii-e1601485394796-142x300.jpg 142w\" sizes=\"auto, (max-width: 10px) 100vw, 10px\" \/> Michael Born (Einzelspiel), Roland Evers (Konferenz)<\/p>\n\n\n\n<p>Field-Reporter: Michael Leopold <\/p>\n\n\n\n<p><strong><em><strong><em>Eintracht Frankfurt \u2013 <\/em><\/strong>Hertha BSC Berlin (15.30 Uhr)<\/em><\/strong><\/p>\n\n\n\n<p class=\"has-normal-font-size\"><img loading=\"lazy\" decoding=\"async\" width=\"10\" height=\"21\" class=\"wp-image-3656\" style=\"width: 10px;\" src=\"http:\/\/kommentatorenblog.de\/wp-content\/uploads\/2020\/09\/shure-55sh-ii-e1601485394796.jpg\" alt=\"\" srcset=\"https:\/\/kommentatorenblog.de\/wp-content\/uploads\/2020\/09\/shure-55sh-ii-e1601485394796.jpg 415w, https:\/\/kommentatorenblog.de\/wp-content\/uploads\/2020\/09\/shure-55sh-ii-e1601485394796-142x300.jpg 142w\" sizes=\"auto, (max-width: 10px) 100vw, 10px\" \/> Tom Bayer (Einzelspiel), Holger Pfandt (Konferenz)<\/p>\n\n\n\n<p>Field-Reporter: Martin Gro\u00df <\/p>\n\n\n\n<p>Moderation: Esther Sedlazcek, Experte: Dietmar Hamann<\/p>\n\n\n\n<p><span style=\"text-decoration: underline;\">ab 17.30 Uhr (Sky)<\/span><\/p>\n\n\n\n<p><strong><em>RB Leipzig \u2013 Bayer 04 Leverkusen (18.30 Uhr)<\/em><\/strong><\/p>\n\n\n\n<p class=\"has-normal-font-size\"><img loading=\"lazy\" decoding=\"async\" width=\"10\" height=\"21\" class=\"wp-image-3656\" style=\"width: 10px;\" src=\"http:\/\/kommentatorenblog.de\/wp-content\/uploads\/2020\/09\/shure-55sh-ii-e1601485394796.jpg\" alt=\"\" srcset=\"https:\/\/kommentatorenblog.de\/wp-content\/uploads\/2020\/09\/shure-55sh-ii-e1601485394796.jpg 415w, https:\/\/kommentatorenblog.de\/wp-content\/uploads\/2020\/09\/shure-55sh-ii-e1601485394796-142x300.jpg 142w\" sizes=\"auto, (max-width: 10px) 100vw, 10px\" \/> Kai Dittmann<\/p>\n\n\n\n<p>Field-Reporter: Stefan Hempel <\/p>\n\n\n\n<p>Moderation: Sebastian Hellmann, Experte: Lothar Matth\u00e4us<\/p>\n\n\n\n<p><span style=\"text-decoration: underline;\">Sonntag, 31 Januar 2021, ab 14.30 Uhr (Sky)<\/span><\/p>\n\n\n\n<p><strong><em>1.FC K\u00f6ln \u2013 Arminia Bielefeld (15.30 Uhr)<\/em><\/strong><\/p>\n\n\n\n<p class=\"has-normal-font-size\"><img loading=\"lazy\" decoding=\"async\" width=\"10\" height=\"21\" class=\"wp-image-3656\" style=\"width: 10px;\" src=\"http:\/\/kommentatorenblog.de\/wp-content\/uploads\/2020\/09\/shure-55sh-ii-e1601485394796.jpg\" alt=\"\" srcset=\"https:\/\/kommentatorenblog.de\/wp-content\/uploads\/2020\/09\/shure-55sh-ii-e1601485394796.jpg 415w, https:\/\/kommentatorenblog.de\/wp-content\/uploads\/2020\/09\/shure-55sh-ii-e1601485394796-142x300.jpg 142w\" sizes=\"auto, (max-width: 10px) 100vw, 10px\" \/> Martin Gro\u00df<\/p>\n\n\n\n<p>Field-Reporter: Marcus Lindemann <\/p>\n\n\n\n<p><span style=\"text-decoration: underline;\">ab 17.30 Uhr (Sky)<\/span><\/p>\n\n\n\n<p><strong><em>VfL Wolfsburg \u2013 SC Freiburg (18.00 Uhr)<\/em><\/strong><\/p>\n\n\n\n<p class=\"has-normal-font-size\"><img loading=\"lazy\" decoding=\"async\" width=\"10\" height=\"21\" class=\"wp-image-3656\" style=\"width: 10px;\" src=\"http:\/\/kommentatorenblog.de\/wp-content\/uploads\/2020\/09\/shure-55sh-ii-e1601485394796.jpg\" alt=\"\" srcset=\"https:\/\/kommentatorenblog.de\/wp-content\/uploads\/2020\/09\/shure-55sh-ii-e1601485394796.jpg 415w, https:\/\/kommentatorenblog.de\/wp-content\/uploads\/2020\/09\/shure-55sh-ii-e1601485394796-142x300.jpg 142w\" sizes=\"auto, (max-width: 10px) 100vw, 10px\" \/> Oliver Seidler<\/p>\n\n\n\n<p>Field-Reporter: Ecki Heuser <\/p>\n\n\n\n<p>Moderation: Jessica Libbertz, Experte: Benedikt H\u00f6wedes<\/p>\n\n\n\n<hr class=\"wp-block-separator\"\/>\n\n\n\n<p><strong>2<\/strong>. <strong>Bundesliga, 19. Spieltag<\/strong> <strong>(Sky)<\/strong><\/p>\n\n\n\n<p><span style=\"text-decoration: underline;\">Freitag, 29. Januar 2021, ab 18.00 Uhr<\/span><\/p>\n\n\n\n<p><strong><em>SpVgg Greuther F\u00fcrth <strong><em>\u2013<\/em><\/strong><\/em><\/strong> <strong><em>Erzgebirge Aue (18.30 Uhr)<\/em><\/strong><\/p>\n\n\n\n<p><img loading=\"lazy\" decoding=\"async\" width=\"10\" height=\"21\" class=\"wp-image-3656\" style=\"width: 10px;\" src=\"http:\/\/kommentatorenblog.de\/wp-content\/uploads\/2020\/09\/shure-55sh-ii-e1601485394796.jpg\" alt=\"\" srcset=\"https:\/\/kommentatorenblog.de\/wp-content\/uploads\/2020\/09\/shure-55sh-ii-e1601485394796.jpg 415w, https:\/\/kommentatorenblog.de\/wp-content\/uploads\/2020\/09\/shure-55sh-ii-e1601485394796-142x300.jpg 142w\" sizes=\"auto, (max-width: 10px) 100vw, 10px\" \/> J\u00fcrgen Schmitz, Interviews: Schalte <\/p>\n\n\n\n<p><strong><em>W\u00fcrzburger Kickers<strong><em> \u2013<\/em><\/strong><\/em> <em>Fortuna D\u00fcsseldorf (18.30 Uhr)<\/em><\/strong><\/p>\n\n\n\n<p><img loading=\"lazy\" decoding=\"async\" width=\"10\" height=\"21\" class=\"wp-image-3656\" style=\"width: 10px;\" src=\"http:\/\/kommentatorenblog.de\/wp-content\/uploads\/2020\/09\/shure-55sh-ii-e1601485394796.jpg\" alt=\"\" srcset=\"https:\/\/kommentatorenblog.de\/wp-content\/uploads\/2020\/09\/shure-55sh-ii-e1601485394796.jpg 415w, https:\/\/kommentatorenblog.de\/wp-content\/uploads\/2020\/09\/shure-55sh-ii-e1601485394796-142x300.jpg 142w\" sizes=\"auto, (max-width: 10px) 100vw, 10px\" \/> Holger Pfandt, Field-Reporter: Torben Hoffmann <\/p>\n\n\n\n<p>Moderation: Hartmut von Kameke<\/p>\n\n\n\n<p><span style=\"text-decoration: underline;\">Samstag, 30. Januar 2021, ab 12.30 Uhr<\/span><\/p>\n\n\n\n<p><strong><em>Hamburger SV<strong><em> \u2013<\/em><\/strong> SC Paderborn 07 (13.00 Uhr)<\/em><\/strong><\/p>\n\n\n\n<p><img loading=\"lazy\" decoding=\"async\" width=\"10\" height=\"21\" class=\"wp-image-3656\" style=\"width: 10px;\" src=\"http:\/\/kommentatorenblog.de\/wp-content\/uploads\/2020\/09\/shure-55sh-ii-e1601485394796.jpg\" alt=\"\" srcset=\"https:\/\/kommentatorenblog.de\/wp-content\/uploads\/2020\/09\/shure-55sh-ii-e1601485394796.jpg 415w, https:\/\/kommentatorenblog.de\/wp-content\/uploads\/2020\/09\/shure-55sh-ii-e1601485394796-142x300.jpg 142w\" sizes=\"auto, (max-width: 10px) 100vw, 10px\" \/> Torsten Kunde, Field-Reporter: Sven T\u00f6llner <\/p>\n\n\n\n<p><strong><em>Holstein Kiel <strong><em>\u2013<\/em><\/strong> <\/em><\/strong><em><strong>Eintracht Braunschweig (13.00 <\/strong><\/em><strong><em>Uhr)<\/em><\/strong><\/p>\n\n\n\n<p><img loading=\"lazy\" decoding=\"async\" width=\"10\" height=\"21\" class=\"wp-image-3656\" style=\"width: 10px;\" src=\"http:\/\/kommentatorenblog.de\/wp-content\/uploads\/2020\/09\/shure-55sh-ii-e1601485394796.jpg\" alt=\"\" srcset=\"https:\/\/kommentatorenblog.de\/wp-content\/uploads\/2020\/09\/shure-55sh-ii-e1601485394796.jpg 415w, https:\/\/kommentatorenblog.de\/wp-content\/uploads\/2020\/09\/shure-55sh-ii-e1601485394796-142x300.jpg 142w\" sizes=\"auto, (max-width: 10px) 100vw, 10px\" \/> Sven Haist, Interviews: Schalte <\/p>\n\n\n\n<p><strong><em>Jahn Regensburg <strong><em>\u2013 <\/em><\/strong>SV Darmstadt 98 (13.00 Uhr)<\/em><\/strong><\/p>\n\n\n\n<p><img loading=\"lazy\" decoding=\"async\" width=\"10\" height=\"21\" class=\"wp-image-3656\" style=\"width: 10px;\" src=\"http:\/\/kommentatorenblog.de\/wp-content\/uploads\/2020\/09\/shure-55sh-ii-e1601485394796.jpg\" alt=\"\" srcset=\"https:\/\/kommentatorenblog.de\/wp-content\/uploads\/2020\/09\/shure-55sh-ii-e1601485394796.jpg 415w, https:\/\/kommentatorenblog.de\/wp-content\/uploads\/2020\/09\/shure-55sh-ii-e1601485394796-142x300.jpg 142w\" sizes=\"auto, (max-width: 10px) 100vw, 10px\" \/> J\u00f6rg Dahlmann<\/p>\n\n\n\n<p>Moderation: Peter Hardenacke<\/p>\n\n\n\n<p><span style=\"text-decoration: underline;\">Sonntag, 31. Januar 2021, ab 13.00 Uhr<\/span><\/p>\n\n\n\n<p><strong><em>VfL Bochum 1848 \u2013<span style=\"font-size: inherit;\"> <\/span>Karlsruher SC (13.30 Uhr)<\/em><\/strong><\/p>\n\n\n\n<p><img loading=\"lazy\" decoding=\"async\" width=\"10\" height=\"21\" class=\"wp-image-3656\" style=\"width: 10px;\" src=\"http:\/\/kommentatorenblog.de\/wp-content\/uploads\/2020\/09\/shure-55sh-ii-e1601485394796.jpg\" alt=\"\" srcset=\"https:\/\/kommentatorenblog.de\/wp-content\/uploads\/2020\/09\/shure-55sh-ii-e1601485394796.jpg 415w, https:\/\/kommentatorenblog.de\/wp-content\/uploads\/2020\/09\/shure-55sh-ii-e1601485394796-142x300.jpg 142w\" sizes=\"auto, (max-width: 10px) 100vw, 10px\" \/> J\u00f6rg Dahlmann, Interviews: Schalte <\/p>\n\n\n\n<p><strong><em>SV Sandhausen <strong><em>\u2013<\/em><\/strong><\/em><\/strong> <strong><em>1. FC N\u00fcrnberg (13.30 Uhr)<\/em><\/strong><\/p>\n\n\n\n<p><img loading=\"lazy\" decoding=\"async\" width=\"10\" height=\"21\" class=\"wp-image-3656\" style=\"width: 10px;\" src=\"http:\/\/kommentatorenblog.de\/wp-content\/uploads\/2020\/09\/shure-55sh-ii-e1601485394796.jpg\" alt=\"\" srcset=\"https:\/\/kommentatorenblog.de\/wp-content\/uploads\/2020\/09\/shure-55sh-ii-e1601485394796.jpg 415w, https:\/\/kommentatorenblog.de\/wp-content\/uploads\/2020\/09\/shure-55sh-ii-e1601485394796-142x300.jpg 142w\" sizes=\"auto, (max-width: 10px) 100vw, 10px\" \/> Klaus Veltman, Field-Reporter: Alexander Bonengel <\/p>\n\n\n\n<p><strong><em>1.FC Heidenheim \u2013 FC St. Pauli (13.30 Uhr)<\/em><\/strong><\/p>\n\n\n\n<p><img loading=\"lazy\" decoding=\"async\" width=\"10\" height=\"21\" class=\"wp-image-3656\" style=\"width: 10px;\" src=\"http:\/\/kommentatorenblog.de\/wp-content\/uploads\/2020\/09\/shure-55sh-ii-e1601485394796.jpg\" alt=\"\" srcset=\"https:\/\/kommentatorenblog.de\/wp-content\/uploads\/2020\/09\/shure-55sh-ii-e1601485394796.jpg 415w, https:\/\/kommentatorenblog.de\/wp-content\/uploads\/2020\/09\/shure-55sh-ii-e1601485394796-142x300.jpg 142w\" sizes=\"auto, (max-width: 10px) 100vw, 10px\" \/> Michael Born<\/p>\n\n\n\n<p>Moderation: Yannick Erkenbrecher<\/p>\n\n\n\n<p><span style=\"text-decoration: underline;\">Montag, 01. Februar 2021, ab 20.00 Uhr (Sky) <\/span><\/p>\n\n\n\n<p><strong><em><strong><em>Hannover 96 \u2013<\/em><\/strong><\/em><\/strong> <strong><em>VfL Osnabr\u00fcck (20.30 Uhr)<\/em><\/strong><\/p>\n\n\n\n<p><img loading=\"lazy\" decoding=\"async\" width=\"10\" height=\"21\" class=\"wp-image-3656\" style=\"width: 10px;\" src=\"http:\/\/kommentatorenblog.de\/wp-content\/uploads\/2020\/09\/shure-55sh-ii-e1601485394796.jpg\" alt=\"\" srcset=\"https:\/\/kommentatorenblog.de\/wp-content\/uploads\/2020\/09\/shure-55sh-ii-e1601485394796.jpg 415w, https:\/\/kommentatorenblog.de\/wp-content\/uploads\/2020\/09\/shure-55sh-ii-e1601485394796-142x300.jpg 142w\" sizes=\"auto, (max-width: 10px) 100vw, 10px\" \/> Stefan Hempel, Experte: Torsten Mattuschka<\/p>\n\n\n\n<p>Field-Reporter: Jurek Rohrberg <\/p>\n\n\n\n<hr class=\"wp-block-separator\"\/>\n\n\n\n<p><strong>3. Liga, 22. Spieltag<\/strong><\/p>\n\n\n\n<p><span style=\"text-decoration: underline;\">Freitag, 22. Januar 2021, ab 18.30 Uhr (Magenta Sport)<\/span><\/p>\n\n\n\n<p><strong><em>Dynamo Dresden \u2013 FC Bayern M\u00fcnchen II (19.00 Uhr)<\/em><\/strong><\/p>\n\n\n\n<p><img loading=\"lazy\" decoding=\"async\" width=\"10\" height=\"21\" class=\"wp-image-3656\" style=\"width: 10px;\" src=\"http:\/\/kommentatorenblog.de\/wp-content\/uploads\/2020\/09\/shure-55sh-ii-e1601485394796.jpg\" alt=\"\" srcset=\"https:\/\/kommentatorenblog.de\/wp-content\/uploads\/2020\/09\/shure-55sh-ii-e1601485394796.jpg 415w, https:\/\/kommentatorenblog.de\/wp-content\/uploads\/2020\/09\/shure-55sh-ii-e1601485394796-142x300.jpg 142w\" sizes=\"auto, (max-width: 10px) 100vw, 10px\" \/> Andreas Mann<\/p>\n\n\n\n<p>Moderation: Stefanie Blochwitz, Experte: Martin Lanig<\/p>\n\n\n\n<p><span style=\"text-decoration: underline;\">Samstag, 30. Januar 2021, ab 13.45 Uhr (Magenta Sport)<\/span><\/p>\n\n\n\n<p><strong><em>Konferenz (14.00 Uhr)<\/em><\/strong><\/p>\n\n\n\n<p><img loading=\"lazy\" decoding=\"async\" width=\"10\" height=\"21\" class=\"wp-image-3656\" style=\"width: 10px;\" src=\"http:\/\/kommentatorenblog.de\/wp-content\/uploads\/2020\/09\/shure-55sh-ii-e1601485394796.jpg\" alt=\"\" srcset=\"https:\/\/kommentatorenblog.de\/wp-content\/uploads\/2020\/09\/shure-55sh-ii-e1601485394796.jpg 415w, https:\/\/kommentatorenblog.de\/wp-content\/uploads\/2020\/09\/shure-55sh-ii-e1601485394796-142x300.jpg 142w\" sizes=\"auto, (max-width: 10px) 100vw, 10px\" \/> Martin Piller und Alex Kunz <\/p>\n\n\n\n<p><s><strong><em>KFC Uerdingen 05 \u2013 Hansa Rostock (14.00 Uhr) &#8211;<\/em><\/strong><em><strong> abgesagt &#8211;<\/strong><\/em> <\/s><\/p>\n\n\n\n<p><s><img loading=\"lazy\" decoding=\"async\" width=\"10\" height=\"21\" class=\"wp-image-3656\" style=\"width: 10px;\" src=\"http:\/\/kommentatorenblog.de\/wp-content\/uploads\/2020\/09\/shure-55sh-ii-e1601485394796.jpg\" alt=\"\" srcset=\"https:\/\/kommentatorenblog.de\/wp-content\/uploads\/2020\/09\/shure-55sh-ii-e1601485394796.jpg 415w, https:\/\/kommentatorenblog.de\/wp-content\/uploads\/2020\/09\/shure-55sh-ii-e1601485394796-142x300.jpg 142w\" sizes=\"auto, (max-width: 10px) 100vw, 10px\" \/> Mario Bast<\/s><\/p>\n\n\n\n<p><s>Moderation: Kamilla Benschop<\/s><\/p>\n\n\n\n<p><strong><em>SpVgg Unterhaching \u2013 FC Ingolstadt 04 (14.00 Uhr)<\/em><\/strong><\/p>\n\n\n\n<p><img loading=\"lazy\" decoding=\"async\" width=\"10\" height=\"21\" class=\"wp-image-3656\" style=\"width: 10px;\" src=\"http:\/\/kommentatorenblog.de\/wp-content\/uploads\/2020\/09\/shure-55sh-ii-e1601485394796.jpg\" alt=\"\" srcset=\"https:\/\/kommentatorenblog.de\/wp-content\/uploads\/2020\/09\/shure-55sh-ii-e1601485394796.jpg 415w, https:\/\/kommentatorenblog.de\/wp-content\/uploads\/2020\/09\/shure-55sh-ii-e1601485394796-142x300.jpg 142w\" sizes=\"auto, (max-width: 10px) 100vw, 10px\" \/> Oskar Heirler<\/p>\n\n\n\n<p>Moderation: Sascha Bandermann<\/p>\n\n\n\n<p><strong><em>T\u00fcrkg\u00fcc\u00fc M\u00fcnchen \u2013 Waldhof Mannheim (14.00 Uhr)<\/em><\/strong><\/p>\n\n\n\n<p><img loading=\"lazy\" decoding=\"async\" width=\"10\" height=\"21\" class=\"wp-image-3656\" style=\"width: 10px;\" src=\"http:\/\/kommentatorenblog.de\/wp-content\/uploads\/2020\/09\/shure-55sh-ii-e1601485394796.jpg\" alt=\"\" srcset=\"https:\/\/kommentatorenblog.de\/wp-content\/uploads\/2020\/09\/shure-55sh-ii-e1601485394796.jpg 415w, https:\/\/kommentatorenblog.de\/wp-content\/uploads\/2020\/09\/shure-55sh-ii-e1601485394796-142x300.jpg 142w\" sizes=\"auto, (max-width: 10px) 100vw, 10px\" \/> Franz B\u00fcchner<\/p>\n\n\n\n<p>Moderation: Simon K\u00f6pfer<\/p>\n\n\n\n<p><span style=\"text-decoration: underline;\">ab 13.45 Uhr (Magenta Sport)\/ab 14.00 Uhr (SWR, MDR)<\/span><\/p>\n\n\n\n<p><strong><em>1.FC Kaiserslautern \u2013 SV Wehen Wiesbaden (14.00 Uhr)<\/em><\/strong><\/p>\n\n\n\n<p><img loading=\"lazy\" decoding=\"async\" width=\"10\" height=\"21\" class=\"wp-image-3656\" style=\"width: 10px;\" src=\"http:\/\/kommentatorenblog.de\/wp-content\/uploads\/2020\/09\/shure-55sh-ii-e1601485394796.jpg\" alt=\"\" srcset=\"https:\/\/kommentatorenblog.de\/wp-content\/uploads\/2020\/09\/shure-55sh-ii-e1601485394796.jpg 415w, https:\/\/kommentatorenblog.de\/wp-content\/uploads\/2020\/09\/shure-55sh-ii-e1601485394796-142x300.jpg 142w\" sizes=\"auto, (max-width: 10px) 100vw, 10px\" \/> Magenta Sport: S\u00f6nke Sievers <\/p>\n\n\n\n<p><img loading=\"lazy\" decoding=\"async\" width=\"10\" height=\"21\" class=\"wp-image-3656\" style=\"width: 10px;\" src=\"http:\/\/kommentatorenblog.de\/wp-content\/uploads\/2020\/09\/shure-55sh-ii-e1601485394796.jpg\" alt=\"\" srcset=\"https:\/\/kommentatorenblog.de\/wp-content\/uploads\/2020\/09\/shure-55sh-ii-e1601485394796.jpg 415w, https:\/\/kommentatorenblog.de\/wp-content\/uploads\/2020\/09\/shure-55sh-ii-e1601485394796-142x300.jpg 142w\" sizes=\"auto, (max-width: 10px) 100vw, 10px\" \/> SWR: Florian Winkler<\/p>\n\n\n\n<p>Moderation (Magenta Sport): Thomas Wagner<\/p>\n\n\n\n<p>Moderation (SWR): Lea Wagner, Gast: Thomas Riedl<\/p>\n\n\n\n<p><strong><em>FC Viktoria K\u00f6ln \u2013 1.FC Magdeburg (14.00 Uhr)<\/em><\/strong><\/p>\n\n\n\n<p><img loading=\"lazy\" decoding=\"async\" width=\"10\" height=\"21\" class=\"wp-image-3656\" style=\"width: 10px;\" src=\"http:\/\/kommentatorenblog.de\/wp-content\/uploads\/2020\/09\/shure-55sh-ii-e1601485394796.jpg\" alt=\"\" srcset=\"https:\/\/kommentatorenblog.de\/wp-content\/uploads\/2020\/09\/shure-55sh-ii-e1601485394796.jpg 415w, https:\/\/kommentatorenblog.de\/wp-content\/uploads\/2020\/09\/shure-55sh-ii-e1601485394796-142x300.jpg 142w\" sizes=\"auto, (max-width: 10px) 100vw, 10px\" \/> Magenta Sport: Stefan Fuckert <\/p>\n\n\n\n<p><img loading=\"lazy\" decoding=\"async\" width=\"10\" height=\"21\" class=\"wp-image-3656\" style=\"width: 10px;\" src=\"http:\/\/kommentatorenblog.de\/wp-content\/uploads\/2020\/09\/shure-55sh-ii-e1601485394796.jpg\" alt=\"\" srcset=\"https:\/\/kommentatorenblog.de\/wp-content\/uploads\/2020\/09\/shure-55sh-ii-e1601485394796.jpg 415w, https:\/\/kommentatorenblog.de\/wp-content\/uploads\/2020\/09\/shure-55sh-ii-e1601485394796-142x300.jpg 142w\" sizes=\"auto, (max-width: 10px) 100vw, 10px\" \/> MDR: tba <\/p>\n\n\n\n<p>Moderation (Magenta Sport): Tobi Sch\u00e4fer<\/p>\n\n\n\n<p>Moderation (MDR): Ren\u00e9 Kindermann <\/p>\n\n\n\n<p><strong><em>SC Verl \u2013 SV Meppen (14.00 Uhr)<\/em><\/strong><\/p>\n\n\n\n<p><img loading=\"lazy\" decoding=\"async\" width=\"10\" height=\"21\" class=\"wp-image-3656\" style=\"width: 10px;\" src=\"http:\/\/kommentatorenblog.de\/wp-content\/uploads\/2020\/09\/shure-55sh-ii-e1601485394796.jpg\" alt=\"\" srcset=\"https:\/\/kommentatorenblog.de\/wp-content\/uploads\/2020\/09\/shure-55sh-ii-e1601485394796.jpg 415w, https:\/\/kommentatorenblog.de\/wp-content\/uploads\/2020\/09\/shure-55sh-ii-e1601485394796-142x300.jpg 142w\" sizes=\"auto, (max-width: 10px) 100vw, 10px\" \/> Eddie Mielke<\/p>\n\n\n\n<p><img loading=\"lazy\" decoding=\"async\" width=\"10\" height=\"21\" class=\"wp-image-3656\" style=\"width: 10px;\" src=\"http:\/\/kommentatorenblog.de\/wp-content\/uploads\/2020\/09\/shure-55sh-ii-e1601485394796.jpg\" alt=\"\" srcset=\"https:\/\/kommentatorenblog.de\/wp-content\/uploads\/2020\/09\/shure-55sh-ii-e1601485394796.jpg 415w, https:\/\/kommentatorenblog.de\/wp-content\/uploads\/2020\/09\/shure-55sh-ii-e1601485394796-142x300.jpg 142w\" sizes=\"auto, (max-width: 10px) 100vw, 10px\" \/> NDR: Patrick&nbsp;Halatsch<\/p>\n\n\n\n<p>Moderation (Magenta Sport): Gari Paubandt<\/p>\n\n\n\n<p>Moderation (NDR): Ben&nbsp;Wozny<\/p>\n\n\n\n<p><span style=\"text-decoration: underline;\">Sonntag, 31. Januar<\/span><\/p>\n\n\n\n<p><span style=\"text-decoration: underline;\">ab 12.45 Uhr (Magenta Sport)<\/span><\/p>\n\n\n\n<p><strong><em>TSV 1860 M\u00fcnchen \u2013 FSV Zwickau (13.00 Uhr)<\/em><\/strong><\/p>\n\n\n\n<p><img loading=\"lazy\" decoding=\"async\" width=\"10\" height=\"21\" class=\"wp-image-3656\" style=\"width: 10px;\" src=\"http:\/\/kommentatorenblog.de\/wp-content\/uploads\/2020\/09\/shure-55sh-ii-e1601485394796.jpg\" alt=\"\" srcset=\"https:\/\/kommentatorenblog.de\/wp-content\/uploads\/2020\/09\/shure-55sh-ii-e1601485394796.jpg 415w, https:\/\/kommentatorenblog.de\/wp-content\/uploads\/2020\/09\/shure-55sh-ii-e1601485394796-142x300.jpg 142w\" sizes=\"auto, (max-width: 10px) 100vw, 10px\" \/> Alex Klich<\/p>\n\n\n\n<p>Moderation: Sascha Bandermann <\/p>\n\n\n\n<p><span style=\"text-decoration: underline;\">ab 13.45 Uhr (Magenta Sport) <\/span><\/p>\n\n\n\n<p><strong><em>MSV Duisburg \u2013 VfB L\u00fcbeck (14.00 Uhr)<\/em><\/strong><\/p>\n\n\n\n<p><img loading=\"lazy\" decoding=\"async\" width=\"10\" height=\"21\" class=\"wp-image-3656\" style=\"width: 10px;\" src=\"http:\/\/kommentatorenblog.de\/wp-content\/uploads\/2020\/09\/shure-55sh-ii-e1601485394796.jpg\" alt=\"\" srcset=\"https:\/\/kommentatorenblog.de\/wp-content\/uploads\/2020\/09\/shure-55sh-ii-e1601485394796.jpg 415w, https:\/\/kommentatorenblog.de\/wp-content\/uploads\/2020\/09\/shure-55sh-ii-e1601485394796-142x300.jpg 142w\" sizes=\"auto, (max-width: 10px) 100vw, 10px\" \/> Christian Stra\u00dfburger<\/p>\n\n\n\n<p>Moderation: Cedric Pick<\/p>\n\n\n\n<p><span style=\"text-decoration: underline;\">Montag, 01. Februar 2021, ab 18.45 Uhr (Magenta Sport)<\/span><\/p>\n\n\n\n<p><strong><em>Hallerscher FC \u2013 1.FC Saarbr\u00fccken (19.00 Uhr)<\/em><\/strong><\/p>\n\n\n\n<p><img loading=\"lazy\" decoding=\"async\" width=\"10\" height=\"21\" class=\"wp-image-3656\" style=\"width: 10px;\" src=\"http:\/\/kommentatorenblog.de\/wp-content\/uploads\/2020\/09\/shure-55sh-ii-e1601485394796.jpg\" alt=\"\" srcset=\"https:\/\/kommentatorenblog.de\/wp-content\/uploads\/2020\/09\/shure-55sh-ii-e1601485394796.jpg 415w, https:\/\/kommentatorenblog.de\/wp-content\/uploads\/2020\/09\/shure-55sh-ii-e1601485394796-142x300.jpg 142w\" sizes=\"auto, (max-width: 10px) 100vw, 10px\" \/> Markus Herwig<\/p>\n\n\n\n<p>Moderation: Annet Sattler<\/p>\n\n\n\n<hr class=\"wp-block-separator\"\/>\n\n\n\n<p><strong>Premier League, 21. Spieltag (Sky)<\/strong> <\/p>\n\n\n\n<p><span style=\"text-decoration: underline;\">Samstag, 30. Januar 2021<\/span><\/p>\n\n\n\n<p><span style=\"text-decoration: underline;\">ab 13.20 Uhr<\/span><\/p>\n\n\n\n<p><strong><em>FC Everton \u2013 Newcastle United (13.30 Uhr)<\/em><\/strong><\/p>\n\n\n\n<p><img loading=\"lazy\" decoding=\"async\" width=\"10\" height=\"21\" class=\"wp-image-3656\" style=\"width: 10px;\" src=\"http:\/\/kommentatorenblog.de\/wp-content\/uploads\/2020\/09\/shure-55sh-ii-e1601485394796.jpg\" alt=\"\" srcset=\"https:\/\/kommentatorenblog.de\/wp-content\/uploads\/2020\/09\/shure-55sh-ii-e1601485394796.jpg 415w, https:\/\/kommentatorenblog.de\/wp-content\/uploads\/2020\/09\/shure-55sh-ii-e1601485394796-142x300.jpg 142w\" sizes=\"auto, (max-width: 10px) 100vw, 10px\" \/> Marcel Meinert<\/p>\n\n\n\n<p><span style=\"text-decoration: underline;\">ab 15.50 Uhr<\/span><\/p>\n\n\n\n<p><strong><em>Crystal Palace \u2013 Wolverhampton Wanderers (16.00 Uhr)<\/em><\/strong><\/p>\n\n\n\n<p><img loading=\"lazy\" decoding=\"async\" width=\"10\" height=\"21\" class=\"wp-image-3656\" style=\"width: 10px;\" src=\"http:\/\/kommentatorenblog.de\/wp-content\/uploads\/2020\/09\/shure-55sh-ii-e1601485394796.jpg\" alt=\"\" srcset=\"https:\/\/kommentatorenblog.de\/wp-content\/uploads\/2020\/09\/shure-55sh-ii-e1601485394796.jpg 415w, https:\/\/kommentatorenblog.de\/wp-content\/uploads\/2020\/09\/shure-55sh-ii-e1601485394796-142x300.jpg 142w\" sizes=\"auto, (max-width: 10px) 100vw, 10px\" \/> Sven Schr\u00f6ter<\/p>\n\n\n\n<p><strong><em>West Bromwich Albion \u2013 FC Fulham (16.00 Uhr)<\/em><\/strong><\/p>\n\n\n\n<p><img loading=\"lazy\" decoding=\"async\" width=\"10\" height=\"21\" class=\"wp-image-3656\" style=\"width: 10px;\" src=\"http:\/\/kommentatorenblog.de\/wp-content\/uploads\/2020\/09\/shure-55sh-ii-e1601485394796.jpg\" alt=\"\" srcset=\"https:\/\/kommentatorenblog.de\/wp-content\/uploads\/2020\/09\/shure-55sh-ii-e1601485394796.jpg 415w, https:\/\/kommentatorenblog.de\/wp-content\/uploads\/2020\/09\/shure-55sh-ii-e1601485394796-142x300.jpg 142w\" sizes=\"auto, (max-width: 10px) 100vw, 10px\" \/> Markus G\u00f6tz<\/p>\n\n\n\n<p><em><strong>Manchester City \u2013 Sheffield United (16.00 Uhr)<\/strong><\/em><\/p>\n\n\n\n<p><img loading=\"lazy\" decoding=\"async\" width=\"10\" height=\"21\" class=\"wp-image-3656\" style=\"width: 10px;\" src=\"http:\/\/kommentatorenblog.de\/wp-content\/uploads\/2020\/09\/shure-55sh-ii-e1601485394796.jpg\" alt=\"\" srcset=\"https:\/\/kommentatorenblog.de\/wp-content\/uploads\/2020\/09\/shure-55sh-ii-e1601485394796.jpg 415w, https:\/\/kommentatorenblog.de\/wp-content\/uploads\/2020\/09\/shure-55sh-ii-e1601485394796-142x300.jpg 142w\" sizes=\"auto, (max-width: 10px) 100vw, 10px\" \/> Hannes Herrmann<\/p>\n\n\n\n<p><span style=\"text-decoration: underline;\">ab 18.20 Uhr<\/span><\/p>\n\n\n\n<p><strong><em>FC Arsenal&nbsp;\u2013&nbsp;Manchester United (18.30 Uhr)<\/em><\/strong><\/p>\n\n\n\n<p><img loading=\"lazy\" decoding=\"async\" width=\"10\" height=\"21\" class=\"wp-image-3656\" style=\"width: 10px;\" src=\"http:\/\/kommentatorenblog.de\/wp-content\/uploads\/2020\/09\/shure-55sh-ii-e1601485394796.jpg\" alt=\"\" srcset=\"https:\/\/kommentatorenblog.de\/wp-content\/uploads\/2020\/09\/shure-55sh-ii-e1601485394796.jpg 415w, https:\/\/kommentatorenblog.de\/wp-content\/uploads\/2020\/09\/shure-55sh-ii-e1601485394796-142x300.jpg 142w\" sizes=\"auto, (max-width: 10px) 100vw, 10px\" \/> Joachim Hebel<\/p>\n\n\n\n<p><span style=\"text-decoration: underline;\">ab 20.50 Uhr<\/span><\/p>\n\n\n\n<p><strong><em>FC Southampton&nbsp;\u2013&nbsp;Aston Villa (21.00 Uhr)<\/em><\/strong><\/p>\n\n\n\n<p><img loading=\"lazy\" decoding=\"async\" width=\"10\" height=\"21\" class=\"wp-image-3656\" style=\"width: 10px;\" src=\"http:\/\/kommentatorenblog.de\/wp-content\/uploads\/2020\/09\/shure-55sh-ii-e1601485394796.jpg\" alt=\"\" srcset=\"https:\/\/kommentatorenblog.de\/wp-content\/uploads\/2020\/09\/shure-55sh-ii-e1601485394796.jpg 415w, https:\/\/kommentatorenblog.de\/wp-content\/uploads\/2020\/09\/shure-55sh-ii-e1601485394796-142x300.jpg 142w\" sizes=\"auto, (max-width: 10px) 100vw, 10px\" \/> Sascha Roos<\/p>\n\n\n\n<p><span style=\"text-decoration: underline;\">Sonntag, 31. Januar 2021 <\/span><\/p>\n\n\n\n<p><span style=\"text-decoration: underline;\">ab 12.50 Uhr<\/span><\/p>\n\n\n\n<p><strong><em>FC Chelsea&nbsp;\u2013&nbsp;FC Burnley (13.00 Uhr)<\/em><\/strong><\/p>\n\n\n\n<p><img loading=\"lazy\" decoding=\"async\" width=\"10\" height=\"21\" class=\"wp-image-3656\" style=\"width: 10px;\" src=\"http:\/\/kommentatorenblog.de\/wp-content\/uploads\/2020\/09\/shure-55sh-ii-e1601485394796.jpg\" alt=\"\" srcset=\"https:\/\/kommentatorenblog.de\/wp-content\/uploads\/2020\/09\/shure-55sh-ii-e1601485394796.jpg 415w, https:\/\/kommentatorenblog.de\/wp-content\/uploads\/2020\/09\/shure-55sh-ii-e1601485394796-142x300.jpg 142w\" sizes=\"auto, (max-width: 10px) 100vw, 10px\" \/> Toni Tomic<\/p>\n\n\n\n<p><span style=\"text-decoration: underline;\">ab 14.50 Uhr<\/span><\/p>\n\n\n\n<p><strong><em>Leicester City&nbsp;\u2013&nbsp;Leeds United (15.00 Uhr)<\/em><\/strong><\/p>\n\n\n\n<p><img loading=\"lazy\" decoding=\"async\" width=\"10\" height=\"21\" class=\"wp-image-3656\" style=\"width: 10px;\" src=\"http:\/\/kommentatorenblog.de\/wp-content\/uploads\/2020\/09\/shure-55sh-ii-e1601485394796.jpg\" alt=\"\" srcset=\"https:\/\/kommentatorenblog.de\/wp-content\/uploads\/2020\/09\/shure-55sh-ii-e1601485394796.jpg 415w, https:\/\/kommentatorenblog.de\/wp-content\/uploads\/2020\/09\/shure-55sh-ii-e1601485394796-142x300.jpg 142w\" sizes=\"auto, (max-width: 10px) 100vw, 10px\" \/> Hannes Herrmann<\/p>\n\n\n\n<p><span style=\"text-decoration: underline;\">ab 17.00 Uhr<\/span><\/p>\n\n\n\n<p><strong><em>West Ham United&nbsp;\u2013&nbsp;FC Liverpool (17.30 Uhr)<\/em><\/strong><\/p>\n\n\n\n<p><img loading=\"lazy\" decoding=\"async\" width=\"10\" height=\"21\" class=\"wp-image-3656\" style=\"width: 10px;\" src=\"http:\/\/kommentatorenblog.de\/wp-content\/uploads\/2020\/09\/shure-55sh-ii-e1601485394796.jpg\" alt=\"\" srcset=\"https:\/\/kommentatorenblog.de\/wp-content\/uploads\/2020\/09\/shure-55sh-ii-e1601485394796.jpg 415w, https:\/\/kommentatorenblog.de\/wp-content\/uploads\/2020\/09\/shure-55sh-ii-e1601485394796-142x300.jpg 142w\" sizes=\"auto, (max-width: 10px) 100vw, 10px\" \/> Florian Schmidt-Sommerfeld, Experte:Ren\u00e9 Adler<\/p>\n\n\n\n<p><span style=\"text-decoration: underline;\">ab 20.05 Uhr<\/span><\/p>\n\n\n\n<p><strong><em>Brighton &amp; Hove Albion \u2013&nbsp;Tottenham Hotspur (20.15 Uhr)<\/em><\/strong><\/p>\n\n\n\n<p><img loading=\"lazy\" decoding=\"async\" width=\"10\" height=\"21\" class=\"wp-image-3656\" style=\"width: 10px;\" src=\"http:\/\/kommentatorenblog.de\/wp-content\/uploads\/2020\/09\/shure-55sh-ii-e1601485394796.jpg\" alt=\"\" srcset=\"https:\/\/kommentatorenblog.de\/wp-content\/uploads\/2020\/09\/shure-55sh-ii-e1601485394796.jpg 415w, https:\/\/kommentatorenblog.de\/wp-content\/uploads\/2020\/09\/shure-55sh-ii-e1601485394796-142x300.jpg 142w\" sizes=\"auto, (max-width: 10px) 100vw, 10px\" \/> Joachim Hebel<\/p>\n\n\n\n<hr class=\"wp-block-separator\"\/>\n\n\n\n<p><strong>La Liga, 21. Spieltag (DAZN)<\/strong><\/p>\n\n\n\n<p><span style=\"text-decoration: underline;\">Samstag, 30. Januar 2021<\/span><\/p>\n\n\n\n<p><strong><em>Real Madrid \u2013<\/em><\/strong> <strong><em>UD Levante (16.15 Uhr)<\/em><\/strong><\/p>\n\n\n\n<p><img loading=\"lazy\" decoding=\"async\" width=\"10\" height=\"21\" class=\"wp-image-3656\" style=\"width: 10px;\" src=\"http:\/\/kommentatorenblog.de\/wp-content\/uploads\/2020\/09\/shure-55sh-ii-e1601485394796.jpg\" alt=\"\" srcset=\"https:\/\/kommentatorenblog.de\/wp-content\/uploads\/2020\/09\/shure-55sh-ii-e1601485394796.jpg 415w, https:\/\/kommentatorenblog.de\/wp-content\/uploads\/2020\/09\/shure-55sh-ii-e1601485394796-142x300.jpg 142w\" sizes=\"auto, (max-width: 10px) 100vw, 10px\" \/> Flo Hauser, Experte: Max Nicu<\/p>\n\n\n\n<p><strong><em>FC Villarreal \u2013 Real Sociedad (21.00 Uhr)<\/em><\/strong><\/p>\n\n\n\n<p><img loading=\"lazy\" decoding=\"async\" width=\"10\" height=\"21\" class=\"wp-image-3656\" style=\"width: 10px;\" src=\"http:\/\/kommentatorenblog.de\/wp-content\/uploads\/2020\/09\/shure-55sh-ii-e1601485394796.jpg\" alt=\"\" srcset=\"https:\/\/kommentatorenblog.de\/wp-content\/uploads\/2020\/09\/shure-55sh-ii-e1601485394796.jpg 415w, https:\/\/kommentatorenblog.de\/wp-content\/uploads\/2020\/09\/shure-55sh-ii-e1601485394796-142x300.jpg 142w\" sizes=\"auto, (max-width: 10px) 100vw, 10px\" \/> Guido H\u00fcsgen<\/p>\n\n\n\n<p><span style=\"text-decoration: underline;\">Sonntag, 31. Januar 2021<\/span><\/p>\n\n\n\n<p><strong><em>FC Cadiz \u2013 Atletico Madrid (16.15 Uhr)<\/em><\/strong><\/p>\n\n\n\n<p><img loading=\"lazy\" decoding=\"async\" width=\"10\" height=\"21\" class=\"wp-image-3656\" style=\"width: 10px;\" src=\"http:\/\/kommentatorenblog.de\/wp-content\/uploads\/2020\/09\/shure-55sh-ii-e1601485394796.jpg\" alt=\"\" srcset=\"https:\/\/kommentatorenblog.de\/wp-content\/uploads\/2020\/09\/shure-55sh-ii-e1601485394796.jpg 415w, https:\/\/kommentatorenblog.de\/wp-content\/uploads\/2020\/09\/shure-55sh-ii-e1601485394796-142x300.jpg 142w\" sizes=\"auto, (max-width: 10px) 100vw, 10px\" \/> Oliver Forster<\/p>\n\n\n\n<p><strong><em>FC Barcelona \u2013 Athletic Bilbao (21.00 Uhr)<\/em><\/strong><\/p>\n\n\n\n<p><img loading=\"lazy\" decoding=\"async\" width=\"10\" height=\"21\" class=\"wp-image-3656\" style=\"width: 10px;\" src=\"http:\/\/kommentatorenblog.de\/wp-content\/uploads\/2020\/09\/shure-55sh-ii-e1601485394796.jpg\" alt=\"\" srcset=\"https:\/\/kommentatorenblog.de\/wp-content\/uploads\/2020\/09\/shure-55sh-ii-e1601485394796.jpg 415w, https:\/\/kommentatorenblog.de\/wp-content\/uploads\/2020\/09\/shure-55sh-ii-e1601485394796-142x300.jpg 142w\" sizes=\"auto, (max-width: 10px) 100vw, 10px\" \/> Jan Platte, Experte: Benny Lauth<\/p>\n\n\n\n<p><span style=\"text-decoration: underline;\">Montag, 01. Februar 2021<\/span><\/p>\n\n\n\n<p><strong><em>Real Betis \u2013 Osasuna (21.00 Uhr)<\/em><\/strong><\/p>\n\n\n\n<p><img loading=\"lazy\" decoding=\"async\" width=\"10\" height=\"21\" class=\"wp-image-3656\" style=\"width: 10px;\" src=\"http:\/\/kommentatorenblog.de\/wp-content\/uploads\/2020\/09\/shure-55sh-ii-e1601485394796.jpg\" alt=\"\" srcset=\"https:\/\/kommentatorenblog.de\/wp-content\/uploads\/2020\/09\/shure-55sh-ii-e1601485394796.jpg 415w, https:\/\/kommentatorenblog.de\/wp-content\/uploads\/2020\/09\/shure-55sh-ii-e1601485394796-142x300.jpg 142w\" sizes=\"auto, (max-width: 10px) 100vw, 10px\" \/> Chris Putz<\/p>\n\n\n\n<hr class=\"wp-block-separator\"\/>\n\n\n\n<p><strong>Serie A, 20. Spieltag (DAZN)<\/strong><\/p>\n\n\n\n<p><span style=\"text-decoration: underline;\">Samstag, 30. Januar 2021<\/span><\/p>\n\n\n\n<p><strong><em>FC Bologna \u2013 AC Mailand (15.00 Uhr)<\/em><\/strong><\/p>\n\n\n\n<p><img loading=\"lazy\" decoding=\"async\" width=\"10\" height=\"21\" class=\"wp-image-3656\" style=\"width: 10px;\" src=\"http:\/\/kommentatorenblog.de\/wp-content\/uploads\/2020\/09\/shure-55sh-ii-e1601485394796.jpg\" alt=\"\" srcset=\"https:\/\/kommentatorenblog.de\/wp-content\/uploads\/2020\/09\/shure-55sh-ii-e1601485394796.jpg 415w, https:\/\/kommentatorenblog.de\/wp-content\/uploads\/2020\/09\/shure-55sh-ii-e1601485394796-142x300.jpg 142w\" sizes=\"auto, (max-width: 10px) 100vw, 10px\" \/> Matthias Naebers<\/p>\n\n\n\n<p><strong><em>Sampdoria Genua \u2013 Juventus Turin (18.00 Uhr)<\/em><\/strong><\/p>\n\n\n\n<p><img loading=\"lazy\" decoding=\"async\" width=\"10\" height=\"21\" class=\"wp-image-3656\" style=\"width: 10px;\" src=\"http:\/\/kommentatorenblog.de\/wp-content\/uploads\/2020\/09\/shure-55sh-ii-e1601485394796.jpg\" alt=\"\" srcset=\"https:\/\/kommentatorenblog.de\/wp-content\/uploads\/2020\/09\/shure-55sh-ii-e1601485394796.jpg 415w, https:\/\/kommentatorenblog.de\/wp-content\/uploads\/2020\/09\/shure-55sh-ii-e1601485394796-142x300.jpg 142w\" sizes=\"auto, (max-width: 10px) 100vw, 10px\" \/> Marco Hagemann, Experte: Christian Bernhard<\/p>\n\n\n\n<p><strong><em>Inter Mailand \u2013 Benevento Calcio (20.45 Uhr)<\/em><\/strong><\/p>\n\n\n\n<p><img loading=\"lazy\" decoding=\"async\" width=\"10\" height=\"21\" class=\"wp-image-3656\" style=\"width: 10px;\" src=\"http:\/\/kommentatorenblog.de\/wp-content\/uploads\/2020\/09\/shure-55sh-ii-e1601485394796.jpg\" alt=\"\" srcset=\"https:\/\/kommentatorenblog.de\/wp-content\/uploads\/2020\/09\/shure-55sh-ii-e1601485394796.jpg 415w, https:\/\/kommentatorenblog.de\/wp-content\/uploads\/2020\/09\/shure-55sh-ii-e1601485394796-142x300.jpg 142w\" sizes=\"auto, (max-width: 10px) 100vw, 10px\" \/> Uli Hebel<\/p>\n\n\n\n<p><span style=\"text-decoration: underline;\">Sonntag, 31. Januar 2021<\/span><\/p>\n\n\n\n<p><strong><em>Atalanta Bergamo \u2013 Lazio Rom (15.00 Uhr)<\/em><\/strong><\/p>\n\n\n\n<p><img loading=\"lazy\" decoding=\"async\" width=\"10\" height=\"21\" class=\"wp-image-3656\" style=\"width: 10px;\" src=\"http:\/\/kommentatorenblog.de\/wp-content\/uploads\/2020\/09\/shure-55sh-ii-e1601485394796.jpg\" alt=\"\" srcset=\"https:\/\/kommentatorenblog.de\/wp-content\/uploads\/2020\/09\/shure-55sh-ii-e1601485394796.jpg 415w, https:\/\/kommentatorenblog.de\/wp-content\/uploads\/2020\/09\/shure-55sh-ii-e1601485394796-142x300.jpg 142w\" sizes=\"auto, (max-width: 10px) 100vw, 10px\" \/> Carsten Fu\u00df, Experte: Sebastian Knei\u00dfl<\/p>\n\n\n\n<hr class=\"wp-block-separator\"\/>\n\n\n\n<p><strong>Ligue 1, 22. Spieltag (DAZN)<\/strong><\/p>\n\n\n\n<p><span style=\"text-decoration: underline;\">Sonntag, 31. Januar 2021<\/span><\/p>\n\n\n\n<p><strong><em>FC Lorient \u2013 Paris Saint-Germain (15.00 Uhr)<\/em><\/strong><\/p>\n\n\n\n<p><img loading=\"lazy\" decoding=\"async\" width=\"10\" height=\"21\" class=\"wp-image-3656\" style=\"width: 10px;\" src=\"http:\/\/kommentatorenblog.de\/wp-content\/uploads\/2020\/09\/shure-55sh-ii-e1601485394796.jpg\" alt=\"\" srcset=\"https:\/\/kommentatorenblog.de\/wp-content\/uploads\/2020\/09\/shure-55sh-ii-e1601485394796.jpg 415w, https:\/\/kommentatorenblog.de\/wp-content\/uploads\/2020\/09\/shure-55sh-ii-e1601485394796-142x300.jpg 142w\" sizes=\"auto, (max-width: 10px) 100vw, 10px\" \/> Guido H\u00fcsgen, Experte: Alexis Menuge<\/p>\n\n\n\n<hr class=\"wp-block-separator\"\/>\n\n\n\n<p><strong>Internationaler Fussball<\/strong> <strong>(Sportdigital FUSSBALL)<\/strong><\/p>\n\n\n\n<p><span style=\"text-decoration: underline;\">Freitag, 29. Januar 2021<\/span><\/p>\n\n\n\n<p>Ekstraklasa, 15. Spieltag: <strong><em>Rakow Czestochowa \u2013 Pogon Szcezecin (20.30 Uhr)<\/em><\/strong><\/p>\n\n\n\n<p><img loading=\"lazy\" decoding=\"async\" width=\"10\" height=\"21\" class=\"wp-image-3656\" style=\"width: 10px;\" src=\"http:\/\/kommentatorenblog.de\/wp-content\/uploads\/2020\/09\/shure-55sh-ii-e1601485394796.jpg\" alt=\"\" srcset=\"https:\/\/kommentatorenblog.de\/wp-content\/uploads\/2020\/09\/shure-55sh-ii-e1601485394796.jpg 415w, https:\/\/kommentatorenblog.de\/wp-content\/uploads\/2020\/09\/shure-55sh-ii-e1601485394796-142x300.jpg 142w\" sizes=\"auto, (max-width: 10px) 100vw, 10px\" \/> Hannes Herrmann<\/p>\n\n\n\n<p><span style=\"text-decoration: underline;\">Samstag, 30. Januar 2021<\/span><\/p>\n\n\n\n<p>Hyundai A-League, Woche 06: <strong><em>Macarthur FC \u2013 Sydney FC (09.10 Uhr)<\/em><\/strong><\/p>\n\n\n\n<p><img loading=\"lazy\" decoding=\"async\" width=\"10\" height=\"21\" class=\"wp-image-3656\" style=\"width: 10px;\" src=\"http:\/\/kommentatorenblog.de\/wp-content\/uploads\/2020\/09\/shure-55sh-ii-e1601485394796.jpg\" alt=\"\" srcset=\"https:\/\/kommentatorenblog.de\/wp-content\/uploads\/2020\/09\/shure-55sh-ii-e1601485394796.jpg 415w, https:\/\/kommentatorenblog.de\/wp-content\/uploads\/2020\/09\/shure-55sh-ii-e1601485394796-142x300.jpg 142w\" sizes=\"auto, (max-width: 10px) 100vw, 10px\" \/> Karsten Linke<\/p>\n\n\n\n<p>Sky Bet Championship, 27. Spieltag: <strong><em>Norwich City \u2013 FC Middlesbrough (13.30 Uhr)<\/em><\/strong><\/p>\n\n\n\n<p><img loading=\"lazy\" decoding=\"async\" width=\"10\" height=\"21\" class=\"wp-image-3656\" style=\"width: 10px;\" src=\"http:\/\/kommentatorenblog.de\/wp-content\/uploads\/2020\/09\/shure-55sh-ii-e1601485394796.jpg\" alt=\"\" srcset=\"https:\/\/kommentatorenblog.de\/wp-content\/uploads\/2020\/09\/shure-55sh-ii-e1601485394796.jpg 415w, https:\/\/kommentatorenblog.de\/wp-content\/uploads\/2020\/09\/shure-55sh-ii-e1601485394796-142x300.jpg 142w\" sizes=\"auto, (max-width: 10px) 100vw, 10px\" \/> Arne Malsch<\/p>\n\n\n\n<p>Sky Bet Championship, 27. Spieltag: <strong><em>Huddersfield Town \u2013 Stoke City (16.00 Uhr)<\/em><\/strong><\/p>\n\n\n\n<p><img loading=\"lazy\" decoding=\"async\" width=\"10\" height=\"21\" class=\"wp-image-3656\" style=\"width: 10px;\" src=\"http:\/\/kommentatorenblog.de\/wp-content\/uploads\/2020\/09\/shure-55sh-ii-e1601485394796.jpg\" alt=\"\" srcset=\"https:\/\/kommentatorenblog.de\/wp-content\/uploads\/2020\/09\/shure-55sh-ii-e1601485394796.jpg 415w, https:\/\/kommentatorenblog.de\/wp-content\/uploads\/2020\/09\/shure-55sh-ii-e1601485394796-142x300.jpg 142w\" sizes=\"auto, (max-width: 10px) 100vw, 10px\" \/> Florian Obst<\/p>\n\n\n\n<p>Fortuna Liga, 17. Spieltag: <strong><em>Sparta Prag \u2013<\/em><\/strong> <strong><em>Bohemians (18.30 Uhr)<\/em><\/strong> <\/p>\n\n\n\n<p><img loading=\"lazy\" decoding=\"async\" width=\"10\" height=\"21\" class=\"wp-image-3656\" style=\"width: 10px;\" src=\"http:\/\/kommentatorenblog.de\/wp-content\/uploads\/2020\/09\/shure-55sh-ii-e1601485394796.jpg\" alt=\"\" srcset=\"https:\/\/kommentatorenblog.de\/wp-content\/uploads\/2020\/09\/shure-55sh-ii-e1601485394796.jpg 415w, https:\/\/kommentatorenblog.de\/wp-content\/uploads\/2020\/09\/shure-55sh-ii-e1601485394796-142x300.jpg 142w\" sizes=\"auto, (max-width: 10px) 100vw, 10px\" \/> Ulf Kahmke<\/p>\n\n\n\n<p>Copa Libertadores 2020, Finale: <strong><em>Palmeiras \u2013 FC Santos (21.00 Uhr)<\/em><\/strong><\/p>\n\n\n\n<p><img loading=\"lazy\" decoding=\"async\" width=\"10\" height=\"21\" class=\"wp-image-3656\" style=\"width: 10px;\" src=\"http:\/\/kommentatorenblog.de\/wp-content\/uploads\/2020\/09\/shure-55sh-ii-e1601485394796.jpg\" alt=\"\" srcset=\"https:\/\/kommentatorenblog.de\/wp-content\/uploads\/2020\/09\/shure-55sh-ii-e1601485394796.jpg 415w, https:\/\/kommentatorenblog.de\/wp-content\/uploads\/2020\/09\/shure-55sh-ii-e1601485394796-142x300.jpg 142w\" sizes=\"auto, (max-width: 10px) 100vw, 10px\" \/> Christian Blunck<\/p>\n\n\n\n<p><span style=\"text-decoration: underline;\">Sonntag, 31. Januar 2021<\/span><\/p>\n\n\n\n<p>Eredivisie, 20. Spieltag: <em><strong>Feyenoord Rotterdam \u2013 PSV Eindhoven (14.30 Uhr)<\/strong><\/em><\/p>\n\n\n\n<p><img loading=\"lazy\" decoding=\"async\" width=\"10\" height=\"21\" class=\"wp-image-3656\" style=\"width: 10px;\" src=\"http:\/\/kommentatorenblog.de\/wp-content\/uploads\/2020\/09\/shure-55sh-ii-e1601485394796.jpg\" alt=\"\" srcset=\"https:\/\/kommentatorenblog.de\/wp-content\/uploads\/2020\/09\/shure-55sh-ii-e1601485394796.jpg 415w, https:\/\/kommentatorenblog.de\/wp-content\/uploads\/2020\/09\/shure-55sh-ii-e1601485394796-142x300.jpg 142w\" sizes=\"auto, (max-width: 10px) 100vw, 10px\" \/> Christian Blunck<\/p>\n\n\n\n<p>Eredivisie, 20. Spieltag: <strong><em>AZ Alkmaar \u2013<\/em><\/strong> <strong><em>Ajax Amsterdam (16.45 Uhr)<\/em><\/strong><\/p>\n\n\n\n<p><img loading=\"lazy\" decoding=\"async\" width=\"10\" height=\"21\" class=\"wp-image-3656\" style=\"width: 10px;\" src=\"http:\/\/kommentatorenblog.de\/wp-content\/uploads\/2020\/09\/shure-55sh-ii-e1601485394796.jpg\" alt=\"\" srcset=\"https:\/\/kommentatorenblog.de\/wp-content\/uploads\/2020\/09\/shure-55sh-ii-e1601485394796.jpg 415w, https:\/\/kommentatorenblog.de\/wp-content\/uploads\/2020\/09\/shure-55sh-ii-e1601485394796-142x300.jpg 142w\" sizes=\"auto, (max-width: 10px) 100vw, 10px\" \/> Karsten Linke <\/p>\n\n\n\n<p>Fortuna Liga, 17. Spieltag: <strong><em>Slavia Prag \u2013 FK Jablonec<\/em><\/strong><\/p>\n\n\n\n<p><img loading=\"lazy\" decoding=\"async\" width=\"10\" height=\"21\" class=\"wp-image-3656\" style=\"width: 10px;\" src=\"http:\/\/kommentatorenblog.de\/wp-content\/uploads\/2020\/09\/shure-55sh-ii-e1601485394796.jpg\" alt=\"\" srcset=\"https:\/\/kommentatorenblog.de\/wp-content\/uploads\/2020\/09\/shure-55sh-ii-e1601485394796.jpg 415w, https:\/\/kommentatorenblog.de\/wp-content\/uploads\/2020\/09\/shure-55sh-ii-e1601485394796-142x300.jpg 142w\" sizes=\"auto, (max-width: 10px) 100vw, 10px\" \/> Jakob Vogel<\/p>\n\n\n\n<p><span style=\"text-decoration: underline;\">Montag, 01. Februar 2021<\/span><\/p>\n\n\n\n<p>Liga NOS, 16. Spieltag: <em><strong>FC Porto \u2013 FC Rio Ave (20.00 Uhr)<\/strong><\/em><\/p>\n\n\n\n<p><img loading=\"lazy\" decoding=\"async\" width=\"10\" height=\"21\" class=\"wp-image-3656\" style=\"width: 10px;\" src=\"http:\/\/kommentatorenblog.de\/wp-content\/uploads\/2020\/09\/shure-55sh-ii-e1601485394796.jpg\" alt=\"\" srcset=\"https:\/\/kommentatorenblog.de\/wp-content\/uploads\/2020\/09\/shure-55sh-ii-e1601485394796.jpg 415w, https:\/\/kommentatorenblog.de\/wp-content\/uploads\/2020\/09\/shure-55sh-ii-e1601485394796-142x300.jpg 142w\" sizes=\"auto, (max-width: 10px) 100vw, 10px\" \/> Christian Blunck <\/p>\n\n\n\n<p>Liga NOS, 16. Spieltag: <em><strong>Moreiense FC \u2013 Sporting Braga (20.45 Uhr)<\/strong><\/em><strong><em> &#8211; Livestream<\/em><\/strong><\/p>\n\n\n\n<p><img loading=\"lazy\" decoding=\"async\" width=\"10\" height=\"21\" class=\"wp-image-3656\" style=\"width: 10px;\" src=\"http:\/\/kommentatorenblog.de\/wp-content\/uploads\/2020\/09\/shure-55sh-ii-e1601485394796.jpg\" alt=\"\" srcset=\"https:\/\/kommentatorenblog.de\/wp-content\/uploads\/2020\/09\/shure-55sh-ii-e1601485394796.jpg 415w, https:\/\/kommentatorenblog.de\/wp-content\/uploads\/2020\/09\/shure-55sh-ii-e1601485394796-142x300.jpg 142w\" sizes=\"auto, (max-width: 10px) 100vw, 10px\" \/> Portugiesischer Originalkommentar<\/p>\n\n\n\n<p>Liga NOS, 16. Spieltag: <em><strong>Sporting Lissabon \u2013 Benfica Lissabon (22.30 Uhr)<\/strong><\/em><\/p>\n\n\n\n<p><img loading=\"lazy\" decoding=\"async\" width=\"10\" height=\"21\" class=\"wp-image-3656\" style=\"width: 10px;\" src=\"http:\/\/kommentatorenblog.de\/wp-content\/uploads\/2020\/09\/shure-55sh-ii-e1601485394796.jpg\" alt=\"\" srcset=\"https:\/\/kommentatorenblog.de\/wp-content\/uploads\/2020\/09\/shure-55sh-ii-e1601485394796.jpg 415w, https:\/\/kommentatorenblog.de\/wp-content\/uploads\/2020\/09\/shure-55sh-ii-e1601485394796-142x300.jpg 142w\" sizes=\"auto, (max-width: 10px) 100vw, 10px\" \/> Karsten Linke <\/p>\n\n\n\n<hr class=\"wp-block-separator\"\/>\n\n\n\n<p><strong>Die Analyse<\/strong> <\/p>\n\n\n\n<p>Schau an, mein VfB, welcher sich in der bisherigen Saison ja ganz ordentlich verkauft, er\u00f6ffnet den 19. Spieltag. Wie \u00fcblich \u00fcbertr\u00e4gt DAZN die Partie am Freitag, wie mittlerweile leider auch fast \u00fcblich ist der Kommentator Lukas Sch\u00f6nm\u00fcller nicht vor Ort. Lediglich Daniel Herzog befindet sich in der Mercedes-Benz Arena. Sch\u00f6nm\u00fcller, Gunesch und Schl\u00fcter melden sich aus M\u00fcnchen.<\/p>\n\n\n\n<p>Die Konferenz ist vielleicht das beste, was wir in dieser Saison an einem Samstag um 15.30 Uhr zu sehen bekommen. Die Bayern, Dortmund, Hertha mit neuem Trainer, Schalke ist immer faszinierend, Gladbach auch. Und wir staunen nicht schlecht, wenn wir auf die Ansetzungen von Sky schauen! Der einzig wahre Klaus Veltman soll wohl tats\u00e4chlich den BVB in der Konferenz begleiten. Ich kann mich um ehrlich zu sein nicht erinnern, ob &#8211; und wenn ja, wann das jemals der Fall gewesen ist. Kollege Leon vermutet, dass die so ist, weil die Netto-Sendezeit des BVB Spiels in der Konferenz eh nicht allzu hoch sein wird. Wir werden es sehen! Die Herren Friedrich, Schmiso, Evers und Pfandt waren da schon eher zu erwarten.<\/p>\n\n\n\n<p>Die Einzelspiele hingegen kommen komplett ohne \u00dcberraschungen zurecht. Fuss \u00fcbernimmt nat\u00fcrlich in M\u00fcnchen, Born in Berlin, auch Lindemann und K\u00fcpper kennen sich an ihren Einsatzorten bereits aus. Auch Tom Bayer ist zum wiederholten Male in Frankfurt &#8211; ich bin daf\u00fcr, dass wir einen Kurzen trinken sollten, wenn Tom Bayer mal wieder ein Spiel aus dem <s>Commerzbank-Arena<\/s> Frankfurter Waldstadion kommentiert. Bei den Field-Reportern f\u00e4llt auf, das Michael Leopold zum wiederholten Male an der alten F\u00f6rsterei zu Gast ist. Die Ansetzung von Patrick Wasserziehr in M\u00fcnchen dagegen ist nur sinnig, schlie\u00dflich wird hier tags darauf auch Sky90 abgedreht. (G\u00e4ste dieses mal: Ex Sky-Chef Carsten Schmidt, Oliver Kahn und Lothar Matth\u00e4us). Auch Uli Potofski ist mal wieder in Liga 1 zugegen, tats\u00e4chlich auch in Dortmund. Auch das Topspiel liest sich von der Begegnung interessant &#8211; wie letzte Woche sind auch dieses mal Kai Dittmann und Stefan Hempel vor Ort. <\/p>\n\n\n\n<p>Was die \u00fcberraschenden Ansetzungen angeht kann der Sonntag nicht mitziehen. Seidler und Gro\u00df kommentieren die Begegnungen, Marcus Lindemann f\u00e4hrt von Dortmund nach K\u00f6ln und fungiert hier als Field-Reporter. Jessica Libbertz moderiert bereits zum dritten Mal hintereinander den Sonntag, Benedikt H\u00f6wedes bietet geballte Expertise.<\/p>\n\n\n\n<p>Bei der zweiten Liga das \u00fcbliche, keine Kommentatoren vor Ort, daf\u00fcr immerhin ein paar Reporter. Jeder darf mal ans Mikro, J\u00f6rg Dahlmann gleich zweimal, w\u00e4hrend auch Holger Pfandt, Klaus Veltmann und Michael Born liga\u00fcbergreifend zwei Eins\u00e4tze haben.<\/p>\n\n\n\n<p>In Liga 3 gibt es ein Spiel weniger dieses Wochenende. Eben jenes Spiel h\u00e4tte bei den \u00d6ffentlich-Rechtlichen laufen sollen, was nun flach f\u00e4llt. Ansonsten lesen wir auch hier die altbekannten Namen.<\/p>\n\n\n\n<p>In der Premier League gibt es wieder die Schr\u00f6ters, Tomic\u00b4s und Meinerts dieser Welt &#8211; Hannes Herrmann und Jogi Hebel sind am Wochenende doppelt im Einsatz. <\/p>\n\n\n\n<p>In der La Liga ist nat\u00fcrlich Jan Platte mit von der Partie, auch Oliver Forster h\u00f6rt man des h\u00e4ufigeren in der spanischen Liga. Guido H\u00fcsgen verbinde ich irgendwie immer mit der Copa Libertadores. Dann gibt es hier auch noch ein Deb\u00fct zu bestaunen: Chris Putz kommentiert zum ersten mal ein Spiel f\u00fcr DAZN &#8211; zumindest wenn mich meine grauen Zellen nicht t\u00e4uschen.<\/p>\n\n\n\n<p>Seitdem DAZN die Rechte der Premier League nicht mehr besitzt \u00fcberrascht auch der Name Marco Hagemann in der Serie A nicht mehr so wirklich. Fu\u00df und Naebers sind regelm\u00e4\u00dfig beim italienischen Fu\u00dfball zu verorten, Uli Hebel dagegen eher weniger. Wir hatten es vorher von Guido H\u00fcsgen: Neben Copa Libertadores und Spanien hat er auch noch Frankreich im Repertoire. Ein Tausendsassa! <\/p>\n\n\n\n<p>Bei Sportdigital gibt es ein ganz klares Spitzenspiel an diesem Wochenende: Die hier schon h\u00e4ufiger erw\u00e4hnte Copa Libertadores spielt ihr Finale aus, Christian Blunck wird das Aufeinandertreffen zweier brasilianischer Mannschaften verfolgen. Ansonsten, ohne mich jetzt wirklich mit der tabellarischen Situation auszukennen w\u00fcrde ich mein Augenmerk mal auf den Sonntagnachmittag legen: Feyenoord &#8211; Eindhoven und Alkmaar &#8211; Ajax. Es sind also 4 der namhaftesten Teams der Niederlande im Einsatz. Blunck und Linke, \u00fcbernehmen sie!<\/p>\n\n\n\n<p>Euch allen ein gutes Wochenende, bleibt gesund!<\/p>\n","protected":false},"excerpt":{"rendered":"<p>N\u2019Abend allerseits, erstmal Danke an Justin, der sich haupts\u00e4chlich um die Ansetzungen gek\u00fcmmert hat. So, es ist eine gewisse Zeit seit meinem letzten Beitrag vergangen &#8211; ich m\u00f6chte mich an dieser Stelle einfach mal f\u00fcr die sehr positive Resonanz bedanken. Nun, jener letzter Beitrag wurde vor Weihnachten noch geschrieben &#8211; es ging logischerweise um die [&hellip;]<\/p>\n","protected":false},"author":4,"featured_media":0,"comment_status":"open","ping_status":"open","sticky":false,"template":"","format":"standard","meta":{"footnotes":""},"categories":[424],"tags":[20,10,299,60,181,466,13,467,251,55,277,61,179,53,159,158,205,9,43,469,17,192,15,468,23,127,22,81,134,16],"class_list":["post-6420","post","type-post","status-publish","format-standard","hentry","category-bundesliga-und-co","tag-2-bundesliga","tag-3-liga","tag-alex-vogel","tag-bundesliga","tag-copa-libertadores","tag-corona","tag-dazn","tag-dre-voigt","tag-ekstraklasa","tag-eredivisie","tag-fortuna-liga","tag-frank-buschmann","tag-hyundai-a-league","tag-klaus-veltmann","tag-la-liga","tag-ligue-1","tag-lukas-schoenmueller","tag-magenta-sport","tag-marco-hagemann","tag-max-marbeiter","tag-mdr","tag-nba","tag-ndr","tag-ole-frerks","tag-premier-league","tag-serie-a","tag-sky","tag-sky-bet-championship","tag-sportdigital-fussball","tag-swr"],"_links":{"self":[{"href":"https:\/\/kommentatorenblog.de\/index.php?rest_route=\/wp\/v2\/posts\/6420","targetHints":{"allow":["GET"]}}],"collection":[{"href":"https:\/\/kommentatorenblog.de\/index.php?rest_route=\/wp\/v2\/posts"}],"about":[{"href":"https:\/\/kommentatorenblog.de\/index.php?rest_route=\/wp\/v2\/types\/post"}],"author":[{"embeddable":true,"href":"https:\/\/kommentatorenblog.de\/index.php?rest_route=\/wp\/v2\/users\/4"}],"replies":[{"embeddable":true,"href":"https:\/\/kommentatorenblog.de\/index.php?rest_route=%2Fwp%2Fv2%2Fcomments&post=6420"}],"version-history":[{"count":125,"href":"https:\/\/kommentatorenblog.de\/index.php?rest_route=\/wp\/v2\/posts\/6420\/revisions"}],"predecessor-version":[{"id":6590,"href":"https:\/\/kommentatorenblog.de\/index.php?rest_route=\/wp\/v2\/posts\/6420\/revisions\/6590"}],"wp:attachment":[{"href":"https:\/\/kommentatorenblog.de\/index.php?rest_route=%2Fwp%2Fv2%2Fmedia&parent=6420"}],"wp:term":[{"taxonomy":"category","embeddable":true,"href":"https:\/\/kommentatorenblog.de\/index.php?rest_route=%2Fwp%2Fv2%2Fcategories&post=6420"},{"taxonomy":"post_tag","embeddable":true,"href":"https:\/\/kommentatorenblog.de\/index.php?rest_route=%2Fwp%2Fv2%2Ftags&post=6420"}],"curies":[{"name":"wp","href":"https:\/\/api.w.org\/{rel}","templated":true}]}}