{"id":6583,"date":"2021-02-01T18:54:04","date_gmt":"2021-02-01T17:54:04","guid":{"rendered":"http:\/\/kommentatorenblog.de\/?p=6583"},"modified":"2021-02-28T21:24:48","modified_gmt":"2021-02-28T20:24:48","slug":"1144-causa-hellmann","status":"publish","type":"post","link":"https:\/\/kommentatorenblog.de\/?p=6583","title":{"rendered":"1144 \u2013 Causa Hellmann"},"content":{"rendered":"\n<p>N&#8216; Abend allerseits,<\/p>\n\n\n\n<p>und Danke an Nico, der die Ansetzungen \u00fcbernommen hat!<\/p>\n\n\n\n<p><a href=\"https:\/\/www.sportbuzzer.de\/artikel\/champions-league-tv-amazon-hellmann-sky-bundesliga-prime-stream-reaktionen\/\">&#8222;Amazon holt Hellmann: Sky-Moderator kommt n\u00e4chste Saison f\u00fcr die Champions League&#8220;.<\/a> Auf den ersten Blick wird sich der ein oder andere (<strong>Sky<\/strong>-)Zuschauer hier ein wenig erschrocken haben. Nach dem Lesen der Artikel zu diesem Thema f\u00e4llt nat\u00fcrlich auf, dass <strong>Sebastian Hellmann<\/strong> dem Medienkonzern weiterhin als Bundesliga-Moderator erhalten bleibt. Im Zweifel wird Hellmann auch die n\u00e4chsten Jahre die Topspiel-Sendung mit Lothar Matth\u00e4us begleiten &#8211; hoffentlich bald wieder vom Spielfeldrand. <\/p>\n\n\n\n<p>Die neue Zusatz-Aufgabe bei Amazon ist logisch und kommt f\u00fcr mich nicht \u00fcberraschend. Einerseits ist Sebastian Hellmann f\u00fcr mich der beste Sportmoderator hierzulande. Andererseits wird das Thema <strong>Exklusivit\u00e4t<\/strong> bei Moderatoren\/Kommentatoren von Sky bei einigen &#8222;Faces&#8220; ein Ende haben &#8211; soviel d\u00fcrfen wir bereits vorweg nehmen. Den Anfang macht jetzt eben der Moderator aus K\u00f6ln. Allerdings glaube ich nicht, dass Sky im Sommer ein Dutzend On-Air-Kr\u00e4fte rauswirft. Nat\u00fcrlich werden einige Vertr\u00e4ge, wie beispielsweise von J\u00f6rg Dahlmann, nicht verl\u00e4ngert. Bei der Mehrheit werden nach meinen Informationen schlichtweg die <strong>Umf\u00e4nge reduziert<\/strong>, weil die Menge an Spielen einfach nicht mehr vorhanden ist. <\/p>\n\n\n\n<p>Zur\u00fcck zu<strong> Amazon<\/strong>: Im Zweifel ben\u00f6tigt PrimeVideo mindestens noch einen Interviewer, einen Experten und einen Kommentator. Richten wir den Fokus mal auf die wichtigste Personalie &#8211; den <strong>Kommentator<\/strong>. Wenn man sich in der Branche mal umh\u00f6rt und selber ein wenig nachdenkt, kommen einem drei, vier Namen in den Sinn. Die Nachnamen meiner zwei Favoriten fangen mit <strong>&#8222;F&#8220;<\/strong> an. Ich h\u00e4tte aber auch zwei andere Namen in der Hinterhand :D. Wer sind eure Favoriten f\u00fcr den Kommentar bei Amazon? \ud83d\ude42 Vielleicht wird hier in de n\u00e4chsten Wochen auch was verk\u00fcndet!<\/p>\n\n\n\n<p>Und jetzt folgen die Ansetzungen der n\u00e4chsten drei Tage und im <strong>Eintrag am Donnerstag<\/strong> liefern wir alle Infos zu den Australian Open bei Eurosport, der KlubWM bei DAZN und BILD und dem SuperBowl auf ProSieben\/DAZN. <\/p>\n\n\n\n<hr class=\"wp-block-separator\"\/>\n\n\n\n<p><strong><em>Die Ansetzungen vom 02. Februar bis zum 04. Februar 2020<\/em><\/strong><\/p>\n\n\n\n<p><strong>DFB-Pokal, Achtelfinale<\/strong><\/p>\n\n\n\n<p><span style=\"text-decoration: underline;\">Dienstag, 02. Februar 2021, ab 18.00 Uhr (Sky)<\/span><\/p>\n\n\n\n<p><strong><em>Rot-Wei\u00df Essen&nbsp;\u2013&nbsp;Bayer Leverkusen (18.30 Uhr)<\/em><\/strong><\/p>\n\n\n\n<p class=\"has-normal-font-size\"><img loading=\"lazy\" decoding=\"async\" width=\"10\" height=\"21\" class=\"wp-image-3656\" style=\"width: 10px;\" src=\"http:\/\/kommentatorenblog.de\/wp-content\/uploads\/2020\/09\/shure-55sh-ii-e1601485394796.jpg\" alt=\"\" srcset=\"https:\/\/kommentatorenblog.de\/wp-content\/uploads\/2020\/09\/shure-55sh-ii-e1601485394796.jpg 415w, https:\/\/kommentatorenblog.de\/wp-content\/uploads\/2020\/09\/shure-55sh-ii-e1601485394796-142x300.jpg 142w\" sizes=\"auto, (max-width: 10px) 100vw, 10px\" \/> Hansi K\u00fcpper (Einzelspiel), Kai Dittmann (Konferenz)<\/p>\n\n\n\n<p>Field-Reporter: Martin Gro\u00df<\/p>\n\n\n\n<p><strong><em>Holstein Kiel \u2013&nbsp;SV Darmstadt 98 (18.30 Uhr)<\/em><\/strong><\/p>\n\n\n\n<p class=\"has-normal-font-size\"><img loading=\"lazy\" decoding=\"async\" width=\"10\" height=\"21\" class=\"wp-image-3656\" style=\"width: 10px;\" src=\"http:\/\/kommentatorenblog.de\/wp-content\/uploads\/2020\/09\/shure-55sh-ii-e1601485394796.jpg\" alt=\"\" srcset=\"https:\/\/kommentatorenblog.de\/wp-content\/uploads\/2020\/09\/shure-55sh-ii-e1601485394796.jpg 415w, https:\/\/kommentatorenblog.de\/wp-content\/uploads\/2020\/09\/shure-55sh-ii-e1601485394796-142x300.jpg 142w\" sizes=\"auto, (max-width: 10px) 100vw, 10px\" \/> Sven Haist&nbsp;(Einzelspiel),&nbsp;Jonas Friedrich (Konferenz)<\/p>\n\n\n\n<p>Interviews: Schalte<\/p>\n\n\n\n<p><span style=\"text-decoration: underline;\">ab 20.15 Uhr (Sky)\/(ARD)<\/span><\/p>\n\n\n\n<p><strong><em>Borussia Dortmund&nbsp;\u2013&nbsp;SC Paderborn 07 (20.45 Uhr)<\/em><\/strong><\/p>\n\n\n\n<p class=\"has-normal-font-size\">Sky: <img loading=\"lazy\" decoding=\"async\" width=\"10\" height=\"21\" class=\"wp-image-3656\" style=\"width: 10px;\" src=\"http:\/\/kommentatorenblog.de\/wp-content\/uploads\/2020\/09\/shure-55sh-ii-e1601485394796.jpg\" alt=\"\" srcset=\"https:\/\/kommentatorenblog.de\/wp-content\/uploads\/2020\/09\/shure-55sh-ii-e1601485394796.jpg 415w, https:\/\/kommentatorenblog.de\/wp-content\/uploads\/2020\/09\/shure-55sh-ii-e1601485394796-142x300.jpg 142w\" sizes=\"auto, (max-width: 10px) 100vw, 10px\" \/> Marcus Lindemann&nbsp;(Einzelspiel),&nbsp;Wolff Fuss&nbsp;(Konferenz), Field-Reporter: Jesco von Eichmann <\/p>\n\n\n\n<p class=\"has-normal-font-size\">ARD: <img loading=\"lazy\" decoding=\"async\" width=\"10\" height=\"21\" class=\"wp-image-3656\" style=\"width: 10px;\" src=\"http:\/\/kommentatorenblog.de\/wp-content\/uploads\/2020\/09\/shure-55sh-ii-e1601485394796.jpg\" alt=\"\" srcset=\"https:\/\/kommentatorenblog.de\/wp-content\/uploads\/2020\/09\/shure-55sh-ii-e1601485394796.jpg 415w, https:\/\/kommentatorenblog.de\/wp-content\/uploads\/2020\/09\/shure-55sh-ii-e1601485394796-142x300.jpg 142w\" sizes=\"auto, (max-width: 10px) 100vw, 10px\" \/> Tom Bartels (Einzelspiel), Field-Reporter: J\u00fcrgen Bergener<\/p>\n\n\n\n<p>Moderation (ARD): Matthias Opdenh\u00f6vel, Experte: Bastian Schweinsteiger<\/p>\n\n\n\n<p><span style=\"text-decoration: underline;\">ab 20.15 Uhr (Sky)<\/span><\/p>\n\n\n\n<p><strong><em>Werder Bremen \u2013 SpVgg Greuther F\u00fcrth (20.45 Uhr)<\/em><\/strong><\/p>\n\n\n\n<p><img loading=\"lazy\" decoding=\"async\" width=\"10\" height=\"21\" class=\"wp-image-3656\" style=\"width: 10px;\" src=\"http:\/\/kommentatorenblog.de\/wp-content\/uploads\/2020\/09\/shure-55sh-ii-e1601485394796.jpg\" alt=\"\" srcset=\"https:\/\/kommentatorenblog.de\/wp-content\/uploads\/2020\/09\/shure-55sh-ii-e1601485394796.jpg 415w, https:\/\/kommentatorenblog.de\/wp-content\/uploads\/2020\/09\/shure-55sh-ii-e1601485394796-142x300.jpg 142w\" sizes=\"auto, (max-width: 10px) 100vw, 10px\" \/> Michael Born&nbsp;(Einzelspiel),&nbsp;Roland Evers&nbsp;(Konferenz)<\/p>\n\n\n\n<p>Interviews: Schalte <\/p>\n\n\n\n<p>Moderation (Sky): Esther Sedlaczek<\/p>\n\n\n\n<p><span style=\"text-decoration: underline;\">Mittwoch, 03. Februar 2021, ab 18.00 Uhr (Sky)<\/span><\/p>\n\n\n\n<p><strong><em>VfL Wolfsburg \u2013 FC Schalke 04 (18.30 Uhr)<\/em><\/strong><\/p>\n\n\n\n<p class=\"has-normal-font-size\">Sky: <img loading=\"lazy\" decoding=\"async\" width=\"10\" height=\"21\" class=\"wp-image-3656\" style=\"width: 10px;\" src=\"http:\/\/kommentatorenblog.de\/wp-content\/uploads\/2020\/09\/shure-55sh-ii-e1601485394796.jpg\" alt=\"\" srcset=\"https:\/\/kommentatorenblog.de\/wp-content\/uploads\/2020\/09\/shure-55sh-ii-e1601485394796.jpg 415w, https:\/\/kommentatorenblog.de\/wp-content\/uploads\/2020\/09\/shure-55sh-ii-e1601485394796-142x300.jpg 142w\" sizes=\"auto, (max-width: 10px) 100vw, 10px\" \/> Oliver Seidler (Einzelspiel), Florian Schmidt-Sommerfeld (Konferenz), Field-Reporter: Dirk gro\u00dfe Schlarmann <\/p>\n\n\n\n<p class=\"has-normal-font-size\">SPORT1: <img loading=\"lazy\" decoding=\"async\" width=\"10\" height=\"21\" class=\"wp-image-3656\" style=\"width: 10px;\" src=\"http:\/\/kommentatorenblog.de\/wp-content\/uploads\/2020\/09\/shure-55sh-ii-e1601485394796.jpg\" alt=\"\" srcset=\"https:\/\/kommentatorenblog.de\/wp-content\/uploads\/2020\/09\/shure-55sh-ii-e1601485394796.jpg 415w, https:\/\/kommentatorenblog.de\/wp-content\/uploads\/2020\/09\/shure-55sh-ii-e1601485394796-142x300.jpg 142w\" sizes=\"auto, (max-width: 10px) 100vw, 10px\" \/> Markus H\u00f6hner (Einzelspiel), Field-Reporter: Jochen Stutzky <\/p>\n\n\n\n<p>Moderation (SPORT1): Laura Papendick, Experte: Stefan Effenberg<\/p>\n\n\n\n<p><span style=\"text-decoration: underline;\">ab 18.00 Uhr (Sky)<\/span><\/p>\n\n\n\n<p><em><strong>RB Leipzig \u2013&nbsp;VfL Bochum (18.30 Uhr)<\/strong><\/em><\/p>\n\n\n\n<p class=\"has-normal-font-size\"><img loading=\"lazy\" decoding=\"async\" width=\"10\" height=\"21\" class=\"wp-image-3656\" style=\"width: 10px;\" src=\"http:\/\/kommentatorenblog.de\/wp-content\/uploads\/2020\/09\/shure-55sh-ii-e1601485394796.jpg\" alt=\"\" srcset=\"https:\/\/kommentatorenblog.de\/wp-content\/uploads\/2020\/09\/shure-55sh-ii-e1601485394796.jpg 415w, https:\/\/kommentatorenblog.de\/wp-content\/uploads\/2020\/09\/shure-55sh-ii-e1601485394796-142x300.jpg 142w\" sizes=\"auto, (max-width: 10px) 100vw, 10px\" \/> Jonas Friedrich (Einzelspiel), Michael Born (Konferenz)<\/p>\n\n\n\n<p>Interviews: Schalte <\/p>\n\n\n\n<p><span style=\"text-decoration: underline;\">ab 20.15 Uhr (Sky)\/ ARD)<\/span><\/p>\n\n\n\n<p><strong><em>VfB Stuttgart&nbsp;\u2013&nbsp;Borussia M\u00f6nchengladbach (20.45 Uhr)<\/em><\/strong><\/p>\n\n\n\n<p class=\"has-normal-font-size\">Sky: <img loading=\"lazy\" decoding=\"async\" width=\"10\" height=\"21\" class=\"wp-image-3656\" style=\"width: 10px;\" src=\"http:\/\/kommentatorenblog.de\/wp-content\/uploads\/2020\/09\/shure-55sh-ii-e1601485394796.jpg\" alt=\"\" srcset=\"https:\/\/kommentatorenblog.de\/wp-content\/uploads\/2020\/09\/shure-55sh-ii-e1601485394796.jpg 415w, https:\/\/kommentatorenblog.de\/wp-content\/uploads\/2020\/09\/shure-55sh-ii-e1601485394796-142x300.jpg 142w\" sizes=\"auto, (max-width: 10px) 100vw, 10px\" \/> Kai Dittmann (Einzelspiel), Wolff Fuss (Konferenz), Field-Reporter: Michael Leopold<\/p>\n\n\n\n<p class=\"has-normal-font-size\">ARD: <img loading=\"lazy\" decoding=\"async\" width=\"10\" height=\"21\" class=\"wp-image-3656\" style=\"width: 10px;\" src=\"http:\/\/kommentatorenblog.de\/wp-content\/uploads\/2020\/09\/shure-55sh-ii-e1601485394796.jpg\" alt=\"\" srcset=\"https:\/\/kommentatorenblog.de\/wp-content\/uploads\/2020\/09\/shure-55sh-ii-e1601485394796.jpg 415w, https:\/\/kommentatorenblog.de\/wp-content\/uploads\/2020\/09\/shure-55sh-ii-e1601485394796-142x300.jpg 142w\" sizes=\"auto, (max-width: 10px) 100vw, 10px\" \/> Florian Na\u00df (Einzelspiel), Field-Reporter: Lennert Brinkhoff<\/p>\n\n\n\n<p>Moderation (ARD): Jessy Wellmer, Experte: Bastian Schweinsteiger<\/p>\n\n\n\n<p><span style=\"text-decoration: underline;\">ab 20.15 Uhr (Sky)<\/span><\/p>\n\n\n\n<p><strong><em>Jahn Regensburg \u2013&nbsp;1. FC K\u00f6ln (20.45 Uhr)<\/em><\/strong><\/p>\n\n\n\n<p class=\"has-normal-font-size\"><img loading=\"lazy\" decoding=\"async\" width=\"10\" height=\"21\" class=\"wp-image-3656\" style=\"width: 10px;\" src=\"http:\/\/kommentatorenblog.de\/wp-content\/uploads\/2020\/09\/shure-55sh-ii-e1601485394796.jpg\" alt=\"\" srcset=\"https:\/\/kommentatorenblog.de\/wp-content\/uploads\/2020\/09\/shure-55sh-ii-e1601485394796.jpg 415w, https:\/\/kommentatorenblog.de\/wp-content\/uploads\/2020\/09\/shure-55sh-ii-e1601485394796-142x300.jpg 142w\" sizes=\"auto, (max-width: 10px) 100vw, 10px\" \/> Marcel Meinert (Einzelspiel), Toni Tomic (Konferenz)<\/p>\n\n\n\n<p>Interviews: Schalte <\/p>\n\n\n\n<p>Moderation (Sky): Britta Hofmann<\/p>\n\n\n\n<hr class=\"wp-block-separator\"\/>\n\n\n\n<p><strong>Premier League, 22. Spieltag (Sky)<\/strong><\/p>\n\n\n\n<p><span style=\"text-decoration: underline;\">Dienstag, 02. Februar 2021, ab 18.50 Uhr<\/span><\/p>\n\n\n\n<p><strong><em>Wolverhampton Wanderers \u2013&nbsp;FC Arsenal (19.00 Uhr)<\/em><\/strong><\/p>\n\n\n\n<p><img loading=\"lazy\" decoding=\"async\" width=\"10\" height=\"21\" class=\"wp-image-3656\" style=\"width: 10px;\" src=\"http:\/\/kommentatorenblog.de\/wp-content\/uploads\/2020\/09\/shure-55sh-ii-e1601485394796.jpg\" alt=\"\" srcset=\"https:\/\/kommentatorenblog.de\/wp-content\/uploads\/2020\/09\/shure-55sh-ii-e1601485394796.jpg 415w, https:\/\/kommentatorenblog.de\/wp-content\/uploads\/2020\/09\/shure-55sh-ii-e1601485394796-142x300.jpg 142w\" sizes=\"auto, (max-width: 10px) 100vw, 10px\" \/> Hannes Herrmann<\/p>\n\n\n\n<p><strong><em>Sheffield United \u2013 West&nbsp;Bromwich Albion (19.00 Uhr)<\/em><\/strong><\/p>\n\n\n\n<p><img loading=\"lazy\" decoding=\"async\" width=\"10\" height=\"21\" class=\"wp-image-3656\" style=\"width: 10px;\" src=\"http:\/\/kommentatorenblog.de\/wp-content\/uploads\/2020\/09\/shure-55sh-ii-e1601485394796.jpg\" alt=\"\" srcset=\"https:\/\/kommentatorenblog.de\/wp-content\/uploads\/2020\/09\/shure-55sh-ii-e1601485394796.jpg 415w, https:\/\/kommentatorenblog.de\/wp-content\/uploads\/2020\/09\/shure-55sh-ii-e1601485394796-142x300.jpg 142w\" sizes=\"auto, (max-width: 10px) 100vw, 10px\" \/> Markus G\u00f6tz<\/p>\n\n\n\n<p><span style=\"text-decoration: underline;\">ab 21.05 Uhr<\/span><\/p>\n\n\n\n<p><strong><em>Manchester United&nbsp;\u2013&nbsp;FC Southampton (21.15 Uhr)<\/em><\/strong><\/p>\n\n\n\n<p><img loading=\"lazy\" decoding=\"async\" width=\"10\" height=\"21\" class=\"wp-image-3656\" style=\"width: 10px;\" src=\"http:\/\/kommentatorenblog.de\/wp-content\/uploads\/2020\/09\/shure-55sh-ii-e1601485394796.jpg\" alt=\"\" srcset=\"https:\/\/kommentatorenblog.de\/wp-content\/uploads\/2020\/09\/shure-55sh-ii-e1601485394796.jpg 415w, https:\/\/kommentatorenblog.de\/wp-content\/uploads\/2020\/09\/shure-55sh-ii-e1601485394796-142x300.jpg 142w\" sizes=\"auto, (max-width: 10px) 100vw, 10px\" \/> Toni Tomic<\/p>\n\n\n\n<p><strong><em>Newcastle United \u2013&nbsp;Crystal&nbsp;Palace (21.15 Uhr)<\/em><\/strong><\/p>\n\n\n\n<p><img loading=\"lazy\" decoding=\"async\" width=\"10\" height=\"21\" class=\"wp-image-3656\" style=\"width: 10px;\" src=\"http:\/\/kommentatorenblog.de\/wp-content\/uploads\/2020\/09\/shure-55sh-ii-e1601485394796.jpg\" alt=\"\" srcset=\"https:\/\/kommentatorenblog.de\/wp-content\/uploads\/2020\/09\/shure-55sh-ii-e1601485394796.jpg 415w, https:\/\/kommentatorenblog.de\/wp-content\/uploads\/2020\/09\/shure-55sh-ii-e1601485394796-142x300.jpg 142w\" sizes=\"auto, (max-width: 10px) 100vw, 10px\" \/> Joachim Hebel<\/p>\n\n\n\n<p><span style=\"text-decoration: underline;\">Mittwoch, 03. Februar 2021, ab 18.50 Uhr<\/span><\/p>\n\n\n\n<p><strong><em>FC&nbsp;Burnley \u2013&nbsp;Manchester City (19.00 Uhr)<\/em><\/strong><\/p>\n\n\n\n<p><img loading=\"lazy\" decoding=\"async\" width=\"10\" height=\"21\" class=\"wp-image-3656\" style=\"width: 10px;\" src=\"http:\/\/kommentatorenblog.de\/wp-content\/uploads\/2020\/09\/shure-55sh-ii-e1601485394796.jpg\" alt=\"\" srcset=\"https:\/\/kommentatorenblog.de\/wp-content\/uploads\/2020\/09\/shure-55sh-ii-e1601485394796.jpg 415w, https:\/\/kommentatorenblog.de\/wp-content\/uploads\/2020\/09\/shure-55sh-ii-e1601485394796-142x300.jpg 142w\" sizes=\"auto, (max-width: 10px) 100vw, 10px\" \/> Joachim Hebel<\/p>\n\n\n\n<p><strong><em>FC&nbsp;Fulham \u2013&nbsp;Leicester City (19.00 Uhr)<\/em><\/strong><\/p>\n\n\n\n<p><img loading=\"lazy\" decoding=\"async\" width=\"10\" height=\"21\" class=\"wp-image-3656\" style=\"width: 10px;\" src=\"http:\/\/kommentatorenblog.de\/wp-content\/uploads\/2020\/09\/shure-55sh-ii-e1601485394796.jpg\" alt=\"\" srcset=\"https:\/\/kommentatorenblog.de\/wp-content\/uploads\/2020\/09\/shure-55sh-ii-e1601485394796.jpg 415w, https:\/\/kommentatorenblog.de\/wp-content\/uploads\/2020\/09\/shure-55sh-ii-e1601485394796-142x300.jpg 142w\" sizes=\"auto, (max-width: 10px) 100vw, 10px\" \/> Sven Haist<\/p>\n\n\n\n<p><span style=\"text-decoration: underline;\">ab 20.20 Uhr<\/span><\/p>\n\n\n\n<p><strong><em>Leeds United \u2013 FC&nbsp;Everton (20.30 Uhr)<\/em><\/strong><\/p>\n\n\n\n<p><img loading=\"lazy\" decoding=\"async\" width=\"10\" height=\"21\" class=\"wp-image-3656\" style=\"width: 10px;\" src=\"http:\/\/kommentatorenblog.de\/wp-content\/uploads\/2020\/09\/shure-55sh-ii-e1601485394796.jpg\" alt=\"\" srcset=\"https:\/\/kommentatorenblog.de\/wp-content\/uploads\/2020\/09\/shure-55sh-ii-e1601485394796.jpg 415w, https:\/\/kommentatorenblog.de\/wp-content\/uploads\/2020\/09\/shure-55sh-ii-e1601485394796-142x300.jpg 142w\" sizes=\"auto, (max-width: 10px) 100vw, 10px\" \/> Markus Gaupp<\/p>\n\n\n\n<p><span style=\"text-decoration: underline;\">ab 21.05 Uhr (Sky)<\/span><\/p>\n\n\n\n<p><strong><em>FC Liverpool \u2013&nbsp;Brighton &amp; Hove Albion (21.15 Uhr)<\/em><\/strong><\/p>\n\n\n\n<p><img loading=\"lazy\" decoding=\"async\" width=\"10\" height=\"21\" class=\"wp-image-3656\" style=\"width: 10px;\" src=\"http:\/\/kommentatorenblog.de\/wp-content\/uploads\/2020\/09\/shure-55sh-ii-e1601485394796.jpg\" alt=\"\" srcset=\"https:\/\/kommentatorenblog.de\/wp-content\/uploads\/2020\/09\/shure-55sh-ii-e1601485394796.jpg 415w, https:\/\/kommentatorenblog.de\/wp-content\/uploads\/2020\/09\/shure-55sh-ii-e1601485394796-142x300.jpg 142w\" sizes=\"auto, (max-width: 10px) 100vw, 10px\" \/> Hannes Herrmann<\/p>\n\n\n\n<p><strong><em>Aston Villa \u2013&nbsp;West Ham United (21.15 Uhr)<\/em><\/strong><\/p>\n\n\n\n<p><img loading=\"lazy\" decoding=\"async\" width=\"10\" height=\"21\" class=\"wp-image-3656\" style=\"width: 10px;\" src=\"http:\/\/kommentatorenblog.de\/wp-content\/uploads\/2020\/09\/shure-55sh-ii-e1601485394796.jpg\" alt=\"\" srcset=\"https:\/\/kommentatorenblog.de\/wp-content\/uploads\/2020\/09\/shure-55sh-ii-e1601485394796.jpg 415w, https:\/\/kommentatorenblog.de\/wp-content\/uploads\/2020\/09\/shure-55sh-ii-e1601485394796-142x300.jpg 142w\" sizes=\"auto, (max-width: 10px) 100vw, 10px\" \/> Sven Schr\u00f6ter<\/p>\n\n\n\n<p><span style=\"text-decoration: underline;\">Donnerstag, 04. Februar 2021, ab 20.30 Uhr<\/span><\/p>\n\n\n\n<p><strong><em>Tottenham Hotspur \u2013 FC&nbsp;Chelsea (21.00 Uhr)<\/em><\/strong><\/p>\n\n\n\n<p><img loading=\"lazy\" decoding=\"async\" width=\"10\" height=\"21\" class=\"wp-image-3656\" style=\"width: 10px;\" src=\"http:\/\/kommentatorenblog.de\/wp-content\/uploads\/2020\/09\/shure-55sh-ii-e1601485394796.jpg\" alt=\"\" srcset=\"https:\/\/kommentatorenblog.de\/wp-content\/uploads\/2020\/09\/shure-55sh-ii-e1601485394796.jpg 415w, https:\/\/kommentatorenblog.de\/wp-content\/uploads\/2020\/09\/shure-55sh-ii-e1601485394796-142x300.jpg 142w\" sizes=\"auto, (max-width: 10px) 100vw, 10px\" \/> Florian Schmidt-Sommerfeld, Experte: Mirko Slomka<\/p>\n\n\n\n<p>Field-Reporter: Raphael Honigstein<\/p>\n\n\n\n<hr class=\"wp-block-separator\"\/>\n\n\n\n<p><strong>Copa del Rey, Viertelfinale (DAZN)<\/strong><\/p>\n\n\n\n<p><span style=\"text-decoration: underline;\">Dienstag, 02. Februar 2021<\/span><\/p>\n\n\n\n<p><strong><em>UD Almeria \u2013 FC Sevilla (21.00 Uhr)<\/em><\/strong><\/p>\n\n\n\n<p><img loading=\"lazy\" decoding=\"async\" width=\"10\" height=\"21\" class=\"wp-image-3656\" style=\"width: 10px;\" src=\"http:\/\/kommentatorenblog.de\/wp-content\/uploads\/2020\/09\/shure-55sh-ii-e1601485394796.jpg\" alt=\"\" srcset=\"https:\/\/kommentatorenblog.de\/wp-content\/uploads\/2020\/09\/shure-55sh-ii-e1601485394796.jpg 415w, https:\/\/kommentatorenblog.de\/wp-content\/uploads\/2020\/09\/shure-55sh-ii-e1601485394796-142x300.jpg 142w\" sizes=\"auto, (max-width: 10px) 100vw, 10px\" \/> Tom Kirsten<\/p>\n\n\n\n<p><span style=\"text-decoration: underline;\">Mittwoch, 03. Februar 2021<\/span><\/p>\n\n\n\n<p><strong><em>UD Levante \u2013 FC Villarreal (19.00 Uhr)<\/em><\/strong><\/p>\n\n\n\n<p><img loading=\"lazy\" decoding=\"async\" width=\"10\" height=\"21\" class=\"wp-image-3656\" style=\"width: 10px;\" src=\"http:\/\/kommentatorenblog.de\/wp-content\/uploads\/2020\/09\/shure-55sh-ii-e1601485394796.jpg\" alt=\"\" srcset=\"https:\/\/kommentatorenblog.de\/wp-content\/uploads\/2020\/09\/shure-55sh-ii-e1601485394796.jpg 415w, https:\/\/kommentatorenblog.de\/wp-content\/uploads\/2020\/09\/shure-55sh-ii-e1601485394796-142x300.jpg 142w\" sizes=\"auto, (max-width: 10px) 100vw, 10px\" \/> Uwe Morawe<\/p>\n\n\n\n<p><strong><em>FC Granada \u2013 FC Barcelona (21.00 Uhr)<\/em><\/strong><\/p>\n\n\n\n<p><img loading=\"lazy\" decoding=\"async\" width=\"10\" height=\"21\" class=\"wp-image-3656\" style=\"width: 10px;\" src=\"http:\/\/kommentatorenblog.de\/wp-content\/uploads\/2020\/09\/shure-55sh-ii-e1601485394796.jpg\" alt=\"\" srcset=\"https:\/\/kommentatorenblog.de\/wp-content\/uploads\/2020\/09\/shure-55sh-ii-e1601485394796.jpg 415w, https:\/\/kommentatorenblog.de\/wp-content\/uploads\/2020\/09\/shure-55sh-ii-e1601485394796-142x300.jpg 142w\" sizes=\"auto, (max-width: 10px) 100vw, 10px\" \/> Jan Platte, Experte: Ralph Gunesch<\/p>\n\n\n\n<p><span style=\"text-decoration: underline;\">Donnerstag, 04. Februar 2021<\/span><\/p>\n\n\n\n<p><strong><em>Betis Sevilla \u2013 Athletic Bilbao (21.00 Uhr)<\/em><\/strong><\/p>\n\n\n\n<p><img loading=\"lazy\" decoding=\"async\" width=\"10\" height=\"21\" class=\"wp-image-3656\" style=\"width: 10px;\" src=\"http:\/\/kommentatorenblog.de\/wp-content\/uploads\/2020\/09\/shure-55sh-ii-e1601485394796.jpg\" alt=\"\" srcset=\"https:\/\/kommentatorenblog.de\/wp-content\/uploads\/2020\/09\/shure-55sh-ii-e1601485394796.jpg 415w, https:\/\/kommentatorenblog.de\/wp-content\/uploads\/2020\/09\/shure-55sh-ii-e1601485394796-142x300.jpg 142w\" sizes=\"auto, (max-width: 10px) 100vw, 10px\" \/> Lukas Sch\u00f6nm\u00fcller<\/p>\n\n\n\n<hr class=\"wp-block-separator\"\/>\n\n\n\n<p><strong>Coppa Italia, Halbfinal-Hinspiele (DAZN)<\/strong><\/p>\n\n\n\n<p><span style=\"text-decoration: underline;\">Dienstag, 02. Februar 2021<\/span><\/p>\n\n\n\n<p><strong><em>Inter Mailand<\/em><\/strong> <strong><em>\u2013<\/em><\/strong> <strong><em>Juventus Turin (20.45 Uhr)<\/em><\/strong><\/p>\n\n\n\n<p><img loading=\"lazy\" decoding=\"async\" width=\"10\" height=\"21\" class=\"wp-image-3656\" style=\"width: 10px;\" src=\"http:\/\/kommentatorenblog.de\/wp-content\/uploads\/2020\/09\/shure-55sh-ii-e1601485394796.jpg\" alt=\"\" srcset=\"https:\/\/kommentatorenblog.de\/wp-content\/uploads\/2020\/09\/shure-55sh-ii-e1601485394796.jpg 415w, https:\/\/kommentatorenblog.de\/wp-content\/uploads\/2020\/09\/shure-55sh-ii-e1601485394796-142x300.jpg 142w\" sizes=\"auto, (max-width: 10px) 100vw, 10px\" \/> Marcel Seufert, Experte: Sascha Bigalke<\/p>\n\n\n\n<p><span style=\"text-decoration: underline;\">Mittwoch, 03. Februar 2021<\/span><\/p>\n\n\n\n<p><strong><em>SSC Neapel \u2013 Atalanta Bergamo (20.45 Uhr)<\/em><\/strong><\/p>\n\n\n\n<p><img loading=\"lazy\" decoding=\"async\" width=\"10\" height=\"21\" class=\"wp-image-3656\" style=\"width: 10px;\" src=\"http:\/\/kommentatorenblog.de\/wp-content\/uploads\/2020\/09\/shure-55sh-ii-e1601485394796.jpg\" alt=\"\" srcset=\"https:\/\/kommentatorenblog.de\/wp-content\/uploads\/2020\/09\/shure-55sh-ii-e1601485394796.jpg 415w, https:\/\/kommentatorenblog.de\/wp-content\/uploads\/2020\/09\/shure-55sh-ii-e1601485394796-142x300.jpg 142w\" sizes=\"auto, (max-width: 10px) 100vw, 10px\" \/> Mario Rieker, Experte: Michael Hofmann<\/p>\n\n\n\n<hr class=\"wp-block-separator\"\/>\n\n\n\n<p><strong>Ligue 1, 23. Spieltag (DAZN)<\/strong><\/p>\n\n\n\n<p><span style=\"text-decoration: underline;\">Mittwoch, 03. Februar 2021<\/span><\/p>\n\n\n\n<p><strong><em>AS Monaco \u2013 OGC Nizza (21.00 Uhr)<\/em><\/strong><\/p>\n\n\n\n<p><img loading=\"lazy\" decoding=\"async\" width=\"10\" height=\"21\" class=\"wp-image-3656\" style=\"width: 10px;\" src=\"http:\/\/kommentatorenblog.de\/wp-content\/uploads\/2020\/09\/shure-55sh-ii-e1601485394796.jpg\" alt=\"\" srcset=\"https:\/\/kommentatorenblog.de\/wp-content\/uploads\/2020\/09\/shure-55sh-ii-e1601485394796.jpg 415w, https:\/\/kommentatorenblog.de\/wp-content\/uploads\/2020\/09\/shure-55sh-ii-e1601485394796-142x300.jpg 142w\" sizes=\"auto, (max-width: 10px) 100vw, 10px\" \/> Martin Sedlacek<\/p>\n\n\n\n<p><strong><em>Paris Saint-Germain \u2013 Nimes (20.45 Uhr)<\/em><\/strong><\/p>\n\n\n\n<p><img loading=\"lazy\" decoding=\"async\" width=\"10\" height=\"21\" class=\"wp-image-3656\" style=\"width: 10px;\" src=\"http:\/\/kommentatorenblog.de\/wp-content\/uploads\/2020\/09\/shure-55sh-ii-e1601485394796.jpg\" alt=\"\" srcset=\"https:\/\/kommentatorenblog.de\/wp-content\/uploads\/2020\/09\/shure-55sh-ii-e1601485394796.jpg 415w, https:\/\/kommentatorenblog.de\/wp-content\/uploads\/2020\/09\/shure-55sh-ii-e1601485394796-142x300.jpg 142w\" sizes=\"auto, (max-width: 10px) 100vw, 10px\" \/> David Ploch, Experte: Alexis Menuge<\/p>\n\n\n\n<hr class=\"wp-block-separator\"\/>\n\n\n\n<p><strong>Internationaler Fussball<\/strong> <strong>(Sportdigital FUSSBALL)<\/strong><\/p>\n\n\n\n<p><span style=\"text-decoration: underline;\">Mittwoch, 03. Februar 2021<\/span><\/p>\n\n\n\n<p>Sky Bet Championship, 23. Spieltag:&nbsp;<strong><em>Brentford FC \u2013 Bristol City (20.40 Uhr)<\/em><\/strong><\/p>\n\n\n\n<p><img loading=\"lazy\" decoding=\"async\" width=\"10\" height=\"21\" class=\"wp-image-3656\" style=\"width: 10px;\" src=\"http:\/\/kommentatorenblog.de\/wp-content\/uploads\/2020\/09\/shure-55sh-ii-e1601485394796.jpg\" alt=\"\" srcset=\"https:\/\/kommentatorenblog.de\/wp-content\/uploads\/2020\/09\/shure-55sh-ii-e1601485394796.jpg 415w, https:\/\/kommentatorenblog.de\/wp-content\/uploads\/2020\/09\/shure-55sh-ii-e1601485394796-142x300.jpg 142w\" sizes=\"auto, (max-width: 10px) 100vw, 10px\" \/> Florian Obst<\/p>\n\n\n\n<p><span style=\"text-decoration: underline;\">Donnerstag, 04. Februar 2021<\/span><\/p>\n\n\n\n<p>Liga NOS, 17. Spieltag:&nbsp;<em><strong>Belenenses Lissabon \u2013 FC Porto (19.55 Uhr)<\/strong><\/em><\/p>\n\n\n\n<p><img loading=\"lazy\" decoding=\"async\" width=\"10\" height=\"21\" class=\"wp-image-3656\" style=\"width: 10px;\" src=\"http:\/\/kommentatorenblog.de\/wp-content\/uploads\/2020\/09\/shure-55sh-ii-e1601485394796.jpg\" alt=\"\" srcset=\"https:\/\/kommentatorenblog.de\/wp-content\/uploads\/2020\/09\/shure-55sh-ii-e1601485394796.jpg 415w, https:\/\/kommentatorenblog.de\/wp-content\/uploads\/2020\/09\/shure-55sh-ii-e1601485394796-142x300.jpg 142w\" sizes=\"auto, (max-width: 10px) 100vw, 10px\" \/> Arne Malsch<\/p>\n\n\n\n<hr class=\"wp-block-separator\"\/>\n\n\n\n<p><strong>Die Analyse <\/strong><\/p>\n\n\n\n<p><strong>ARD-Livespiel am Dienstag aus Dortmund<\/strong><\/p>\n\n\n\n<p>Wir starten die Analyse nat\u00fcrlich mit einem ausf\u00fchrlichen Blick auf den DFB-Pokal und erz\u00e4hle euch, wer vor Ort ist und wer nicht :D. Dienstag zeigt die ARD die Partie zwischen Borussia Dortmund und dem SC Paderborn im Free-TV. J\u00fcrgen Bergener und Tom Bartels machen sich aus dem Rheinland auf den Weg in den Signal Iduna Park. Die Moderation kommt wie zuletzt aus dem Sportschau-Studio in K\u00f6ln. Experte ist wie zuletzt beim Nachholspiel der Bayern Bastian Schweinsteiger. Alex Bommes hat &#8222;Livespiel-Frei&#8220;, weil er quasi nur am Mittwoch im Sportschau Club ran muss. Matthias Opdenh\u00f6vel f\u00fchrt durch die Sendung am Dienstag. <\/p>\n\n\n\n<p><strong>Aufteilung nach dem Motto 2\/4<\/strong><\/p>\n\n\n\n<p>Bei Sky l\u00e4sst sich mit Blick auf das Personal festhalten, das Sven Haist im Pokal-Achtelfinale am Start ist. Sein Kommentar kommt ebenfalls wie der von Michael Born aus der Box in M\u00fcnchen. Zumindest Schaltm\u00f6glichkeiten f\u00fcr Interviews hat Sky hier. Marcus Lindemann (beim bereits behandelten BVB-Spiel im Einsatz) und Hansi K\u00fcpper kommentieren aus dem Stadion. In den beiden Konferenz am Dienstag sitzen mit Dittmann, Friedrich, Fuss und Evers nur Jungs aus M\u00fcnchen ?!<\/p>\n\n\n\n<p><strong>Ungl\u00fcckslos f\u00fcr Sport1?<\/strong><\/p>\n\n\n\n<p>Eine der zwei fr\u00fchen Spiele am Mittwoch zeigt wieder SPORT1. Wie immer meldet sich die komplette Crew aus dem Stadion. Das Personal bleibt unver\u00e4ndert. Die Paarung mit Wolfsburg gegen Schalke wird wohl nicht zu au\u00dfergew\u00f6hnlichen Quoten f\u00fchren. Bei Sky kommt die \u00dcbertragung auch aus dem Stadion. &#8222;Niedersachsen-Korrespondent&#8220; Oliver Seidler und S04-Reporter Dirk gro\u00dfe Schlarmann berichten aus der Autostadt. Beim Parallel-Spiel Leipzig gegen Bochum liefert Jonas Friedrich den Kommentar leider aus der Box. In der fr\u00fchen Konferenz k\u00fcmmert sich Schmiso wie am Wochenende um die Schalker, er und Michael Born schieben sich gegenseitig die B\u00e4lle zu.<\/p>\n\n\n\n<p><strong>Wieder Stuttgart, wieder das gleiche Personal<\/strong><\/p>\n\n\n\n<p>Wie bereits kurz vor Weihnachten zeigt die ARD wieder ein Pokalspiel aus Stuttgart. Nach de 2:1-Erfolg gegen Freiburg bekommt es der VfB nun mit der Borussia aus M\u00b4gladbach zu tun. In der ARD sind wieder Na\u00df und SWR-Reporter Brinkhoff im Stadion. Aus K\u00f6ln meldet sich Jessy Wellmer &#8211; wieder mit Rio-Weltmeister Schweinsteiger. Bei Sky ist wieder Michael Leopold Field-Reporter. Kai Dittmann wird kommentieren. <\/p>\n\n\n\n<p><strong>Meinert &#8222;direkt&#8220; dabei<\/strong><\/p>\n\n\n\n<p>Nachdem Marcel Meinert zuletzt im DFB-Pokal kurzfristig eingesprungen war, ist er jetzt von Beginn an in Sky\u00b4s Personal-Aufstellung. Diesmal steht auf dem Plan aber nicht die Konferenz, sondern ein Einzelspiel aus der Box in M\u00fcnchen. Auch Wolff Fuss ist bei der Partie in Stuttgart in der Konferenz folgerichtig. Schlie\u00dflich kommentierte er beide Teams bereits in der letzten Pokalrunde.<\/p>\n\n\n\n<p><strong>Haist und London-Derby<\/strong><\/p>\n\n\n\n<p>In der Premier League finden wir mit Herrmann, Hebel &amp; Co. einige der \u00fcblichen Verd\u00e4chtigen. Au\u00dferdem mal wieder am Mikro: Sven Haist! Haist, der ja als PL-Kenner gilt (er lebt ja eigentlich in London &#8211; die Corona-Situation ist sicherlich eine Herausforderung f\u00fcr ihn), kommt nicht mehr so h\u00e4ufig in England\u00b4s h\u00f6chster Spielklasse zum Zug. Kollege Nico hat nachgeschaut: Sein letzter PL-Einsatz m\u00fcsste am 24. Oktober gewesen sein. Alle Angaben wie immer ohne Gew\u00e4hr. Das Highlight des Spieltages ist nat\u00fcrlich das London-Derby. Experte ist mal wieder Mirko Slomka. Mladen Petric wohnt ja wohl in der Schweiz&#8230;<\/p>\n\n\n\n<p><strong>Bunte Mischung<\/strong><\/p>\n\n\n\n<p>Bei DAZN und sportdigital FUSSBALL finde wir eine bunte Mischung aus Liga- und Pokalfu\u00dfball. Mir f\u00e4llt lediglich auf, dass Marcel Seufert immer mehr &#8222;nice&#8220; Spiele bekommt. Diese Woche steht das Derby d\u2019Italia im italienischen Pokal auf dem Programm. <\/p>\n\n\n\n<p>Macht das Beste draus!<\/p>\n","protected":false},"excerpt":{"rendered":"<p>N&#8216; Abend allerseits, und Danke an Nico, der die Ansetzungen \u00fcbernommen hat! &#8222;Amazon holt Hellmann: Sky-Moderator kommt n\u00e4chste Saison f\u00fcr die Champions League&#8220;. Auf den ersten Blick wird sich der ein oder andere (Sky-)Zuschauer hier ein wenig erschrocken haben. Nach dem Lesen der Artikel zu diesem Thema f\u00e4llt nat\u00fcrlich auf, dass Sebastian Hellmann dem Medienkonzern [&hellip;]<\/p>\n","protected":false},"author":6,"featured_media":0,"comment_status":"open","ping_status":"open","sticky":false,"template":"","format":"standard","meta":{"footnotes":""},"categories":[504],"tags":[291,19,355,73,459,235,13,65,392,97,99,89,104,25,267,274,347,74,69,470,93,75,79,158,70,276,112,67,101,114,303,113,23,290,45,98,22,81,66,134,68,96,273],"class_list":["post-6583","post","type-post","status-publish","format-standard","hentry","category-dfb-pokal-co","tag-amazon","tag-ard","tag-bastian-schweinsteiger","tag-britta-hofmann","tag-copa-del-rey","tag-coppa-italia","tag-dazn","tag-dfb-pokal","tag-dirk-grosse-schlarmann","tag-esther-sedlaczek","tag-florian-nass","tag-florian-schmidt-sommerfeld","tag-hannes-herrmann","tag-hansi-kuepper","tag-jesco-von-eichmann","tag-jessy-wellmer","tag-joachim-hebel","tag-jochen-stutzky","tag-jonas-friedrich","tag-juergen-bergener","tag-kai-dittmann","tag-laura-papendick","tag-liga-nos","tag-ligue-1","tag-marcel-meinert","tag-marcel-seufert","tag-marcus-lindemann","tag-markus-hoehner","tag-matthias-opdenhoevel","tag-michael-born","tag-mirko-slomka","tag-oliver-seidler","tag-premier-league","tag-primevideo","tag-roland-evers","tag-sebastian-hellmann","tag-sky","tag-sky-bet-championship","tag-sport1","tag-sportdigital-fussball","tag-stefan-effenberg","tag-sven-haist","tag-tom-bartels"],"_links":{"self":[{"href":"https:\/\/kommentatorenblog.de\/index.php?rest_route=\/wp\/v2\/posts\/6583","targetHints":{"allow":["GET"]}}],"collection":[{"href":"https:\/\/kommentatorenblog.de\/index.php?rest_route=\/wp\/v2\/posts"}],"about":[{"href":"https:\/\/kommentatorenblog.de\/index.php?rest_route=\/wp\/v2\/types\/post"}],"author":[{"embeddable":true,"href":"https:\/\/kommentatorenblog.de\/index.php?rest_route=\/wp\/v2\/users\/6"}],"replies":[{"embeddable":true,"href":"https:\/\/kommentatorenblog.de\/index.php?rest_route=%2Fwp%2Fv2%2Fcomments&post=6583"}],"version-history":[{"count":35,"href":"https:\/\/kommentatorenblog.de\/index.php?rest_route=\/wp\/v2\/posts\/6583\/revisions"}],"predecessor-version":[{"id":6764,"href":"https:\/\/kommentatorenblog.de\/index.php?rest_route=\/wp\/v2\/posts\/6583\/revisions\/6764"}],"wp:attachment":[{"href":"https:\/\/kommentatorenblog.de\/index.php?rest_route=%2Fwp%2Fv2%2Fmedia&parent=6583"}],"wp:term":[{"taxonomy":"category","embeddable":true,"href":"https:\/\/kommentatorenblog.de\/index.php?rest_route=%2Fwp%2Fv2%2Fcategories&post=6583"},{"taxonomy":"post_tag","embeddable":true,"href":"https:\/\/kommentatorenblog.de\/index.php?rest_route=%2Fwp%2Fv2%2Ftags&post=6583"}],"curies":[{"name":"wp","href":"https:\/\/api.w.org\/{rel}","templated":true}]}}