{"id":6714,"date":"2021-02-08T19:11:46","date_gmt":"2021-02-08T18:11:46","guid":{"rendered":"http:\/\/kommentatorenblog.de\/?p=6714"},"modified":"2021-02-08T20:11:12","modified_gmt":"2021-02-08T19:11:12","slug":"1146-klubwm-und-wintersport-weltmeisterschaften","status":"publish","type":"post","link":"https:\/\/kommentatorenblog.de\/?p=6714","title":{"rendered":"1146 \u2013 Klub-WM und Wintersport-Weltmeisterschaften"},"content":{"rendered":"\n<p>N&#8216; Abend allerseits,<\/p>\n\n\n\n<p>die Super Bowl &#8211; M\u00fcdigkeit h\u00e4ngt vielen, inklusive mir nach nur drei Stunden Schlaf, nat\u00fcrlich noch in den Knochen. Nichtsdestotrotz liefern wir auch diese Woche alle Fu\u00dfball-Ansetzungen. Zuvor werfe ich aber kurz einen Blick auf die TV-\u00dcbertragungen der anstehenden Weltmeisterschaften im Biathlon und im Ski Alpin. <\/p>\n\n\n\n<p>Lasst uns mit der wohl beliebtesten TV-Wintersportart hierzulande, also dem Biathlon, beginnen! Die WM im slowenischen Pokljuka, die Wintersport-Fans werden die Strecken kennen, startet am kommenden Mittwoch. Die ARD \u00fcbernimmt die ersten Wettbewerbe (Mixed Staffel, Sprint, Verfolgung und Einzel der Damen) vom 10.02 bis zum 16.02.! Die \u00dcbertragungen kommen wegen Corona &#8222;nur&#8220; aus dem bekannten Studio in Berlin. Bei Kommentar und Moderation gibt\u00b4s keine \u00dcberraschungen (Kommentar: Christian Dexne, Wilfried Hark; Moderation: Michael Antwerpes). Nachdem zuletzte Kati Wilhelm im Weltcup als Expertin im Einsatz war, wird bei der WM mal wieder Magdalena Neuner zu Gast sein. Die Interviews in Slowenien f\u00fchrt Christoph Nahr vom BR. <\/p>\n\n\n\n<p>Mit dem Einzelwettbewerb der Herren am Mittwoch, den 17. Februar, folgt auch der Startschuss f\u00fcr die Biathlon-WM im ZDF. Alex Ruda, Herbert Fritzenwenger, Sven Fischer und Christoph Hamm k\u00fcmmern sich um die \u00dcbertragung aus dem Mainzer Studio. &#8222;Experimente&#8220; mit Anja Fr\u00f6hlich oder Martin Schneider, die Hamm w\u00e4hrend der Handball-WM vertreten hatten, wird es wohl nicht geben. Standesgem\u00e4\u00df wird Nils Kaben die Interviews f\u00fchren. Und jetzt zur kleinen \u00dcberraschung: Laura Dahlmeier kann bei der Biathlon-WM leider nicht zum Einsatz kommen. Zuletzt berichtete sie ja sowohl aus de Studio, als auch direkt mit Eindr\u00fccken von der Langlauf-Strecke. <\/p>\n\n\n\n<p>Und wer nicht auf zu viele Namen Lust hat. Auch Eurosport \u00fcbertr\u00e4gt alle Rennen. Reporter-Legende Sigi Heinrich darf hier nicht fehlen. <\/p>\n\n\n\n<p>Bei der Alpinen Ski-Weltmeisterschaft im italienischen Cortina d&#8217;Ampezzo, die eigentlich heute h\u00e4tte starten sollen (leider wurde der Auftakt wegen zu viel Schnee abgesagt), zeigt Eurosport ebenfalls alle Rennen. Die Kommentatoren werden Guido Heuber und Gerhard Leinauer sein. Au\u00dferdem kommen folgende Experten zum Einsatz: Frank W\u00f6rndl, Martina Lechner und Urs Lehmann. Als besonderes Eurosport-Highlight darf ich euch den WM-Riesenslalom der Frauen an Herz legen, weil hier die ehemalige Olympiasiegerin Viktoria Rebensburg zusammen mit Martina Lechner am Mikrofon sein wird!<\/p>\n\n\n\n<p>Ihr kennt das Spiel bereits vom Biathlon. Nat\u00fcrlich teilen sich ARD und ZDF die Rennen wieder auf. In der ARD berichten Markus Othmer und Felix Neureuther aus dem BR-Studio in M\u00fcnchen. Bernd Schmelzer kommentiert. Interviews vor Ort f\u00fchren Julia Scharf und Tobias Barnerssoi. Scheint so als w\u00fcrde Barnerssoi bei dieser WM nicht als Kommentator zum Einsatz kommen. Wir warten ab!<\/p>\n\n\n\n<p>Ganz ohne \u00dcberraschungen kommt die Auflistung des ZDF daher: Katja Streso (Moderation), Marco B\u00fcchel (Experte), Michael Pfeffer (Kommentar Herren), Aris Donzelli (Kommentar Damen) und Interviewer wird wieder Julius Hilfenhaus sein. <\/p>\n\n\n\n<p>Ich freue mich auf spannende Wettbewerbe und rechne nicht wirklich mit vielen Medaillen. Ganz realistisch gedacht: Im Ski Alpin ist eigentlich keine Medaille m\u00f6glich. Thomas Dre\u00dfen wird es bei seinem Comeback sehr schwer haben. Und die Formkurve bei Linus Strasser, der ja schon mehrfach dieses Jahr auf dem Podium stand, zeigte in den letzten Rennen leider nach unten. Bei den Frauen w\u00e4re ja bereits eine Top10-Platzierung ein &#8222;Erfolg&#8220;. <\/p>\n\n\n\n<p>Im Biathlon sollte wir eigentlich in jeder Staffel eine Medaille holen. Dazu tippe ich mal auf maximal drei Einzelmedaillen. <\/p>\n\n\n\n<p>Und jetzt zum Fu\u00dfball!<\/p>\n\n\n\n<hr class=\"wp-block-separator\"\/>\n\n\n\n<p><strong><em>Die Ansetzungen vom 09. Februar bis zum 11. Februar 2020<\/em><\/strong><\/p>\n\n\n\n<p><strong>FIFA Klub-WM<\/strong><\/p>\n\n\n\n<p><span style=\"text-decoration: underline;\">Donnerstag, 11. Februar 2021, ab 16.00 Uhr (DAZN)<\/span><\/p>\n\n\n\n<p>Spiel um Platz 3: <strong><em>Palmeiras \u2013 Verlierer Halbfinale 2 (16.00 Uhr)<\/em><\/strong><\/p>\n\n\n\n<p><img loading=\"lazy\" decoding=\"async\" width=\"10\" height=\"21\" class=\"wp-image-3656\" style=\"width: 10px;\" src=\"http:\/\/kommentatorenblog.de\/wp-content\/uploads\/2020\/09\/shure-55sh-ii-e1601485394796.jpg\" alt=\"\" srcset=\"https:\/\/kommentatorenblog.de\/wp-content\/uploads\/2020\/09\/shure-55sh-ii-e1601485394796.jpg 415w, https:\/\/kommentatorenblog.de\/wp-content\/uploads\/2020\/09\/shure-55sh-ii-e1601485394796-142x300.jpg 142w\" sizes=\"auto, (max-width: 10px) 100vw, 10px\" \/> Hans von Brockhausen<\/p>\n\n\n\n<p><span style=\"text-decoration: underline;\">Donnerstag, 11. Februar 2021, ab 18.30 Uhr (BILD Live) \/ ab 18.45 Uhr (DAZN)<\/span><\/p>\n\n\n\n<p>Finale: <strong><em>UANL Tigres \u2013 Sieger Halbfinale 2 (19.00 Uhr)<\/em><\/strong><\/p>\n\n\n\n<p><img loading=\"lazy\" decoding=\"async\" width=\"10\" height=\"21\" class=\"wp-image-3656\" style=\"width: 10px;\" src=\"http:\/\/kommentatorenblog.de\/wp-content\/uploads\/2020\/09\/shure-55sh-ii-e1601485394796.jpg\" alt=\"\" srcset=\"https:\/\/kommentatorenblog.de\/wp-content\/uploads\/2020\/09\/shure-55sh-ii-e1601485394796.jpg 415w, https:\/\/kommentatorenblog.de\/wp-content\/uploads\/2020\/09\/shure-55sh-ii-e1601485394796-142x300.jpg 142w\" sizes=\"auto, (max-width: 10px) 100vw, 10px\" \/> BILD Live: Matthias Br\u00fcgelmann, Experte: Marcel Reif<\/p>\n\n\n\n<p><img loading=\"lazy\" decoding=\"async\" width=\"10\" height=\"21\" class=\"wp-image-3656\" style=\"width: 10px;\" src=\"http:\/\/kommentatorenblog.de\/wp-content\/uploads\/2020\/09\/shure-55sh-ii-e1601485394796.jpg\" alt=\"\" srcset=\"https:\/\/kommentatorenblog.de\/wp-content\/uploads\/2020\/09\/shure-55sh-ii-e1601485394796.jpg 415w, https:\/\/kommentatorenblog.de\/wp-content\/uploads\/2020\/09\/shure-55sh-ii-e1601485394796-142x300.jpg 142w\" sizes=\"auto, (max-width: 10px) 100vw, 10px\" \/> DAZN: Lukas Sch\u00f6nm\u00fcller, Experte: Sebastian Knei\u00dfl<\/p>\n\n\n\n<p>Moderation (BILD Live): Valentina Maceri &amp; Carli Underberg, Gast: Mehmet Scholl<\/p>\n\n\n\n<p>Moderation (DAZN): Tobi Wahnschaffe<\/p>\n\n\n\n<hr class=\"wp-block-separator\"\/>\n\n\n\n<p><strong>3.Liga, Nachholspiele 19. Spieltag (Magenta Sport)<\/strong><\/p>\n\n\n\n<p><span style=\"text-decoration: underline;\">Dienstag, 09. Februar 2021, ab 18.45 Uhr <\/span><\/p>\n\n\n\n<p><strong><em>VfB L\u00fcbeck&nbsp;\u2013&nbsp;FC Hansa Rostock (19.00 Uhr)<\/em><\/strong><\/p>\n\n\n\n<p class=\"has-normal-font-size\"><img loading=\"lazy\" decoding=\"async\" width=\"10\" height=\"21\" class=\"wp-image-3656\" style=\"width: 10px;\" src=\"http:\/\/kommentatorenblog.de\/wp-content\/uploads\/2020\/09\/shure-55sh-ii-e1601485394796.jpg\" alt=\"\" srcset=\"https:\/\/kommentatorenblog.de\/wp-content\/uploads\/2020\/09\/shure-55sh-ii-e1601485394796.jpg 415w, https:\/\/kommentatorenblog.de\/wp-content\/uploads\/2020\/09\/shure-55sh-ii-e1601485394796-142x300.jpg 142w\" sizes=\"auto, (max-width: 10px) 100vw, 10px\" \/> Mike M\u00fcnkel <\/p>\n\n\n\n<p class=\"has-normal-font-size\">Moderation: Michael Augustin <\/p>\n\n\n\n<p><span style=\"text-decoration: underline;\">Mittwoch, 10. Februar 2021, ab 18.45 Uhr<\/span><\/p>\n\n\n\n<p><strong><em>SG Dynamo Dresden&nbsp;\u2013&nbsp;SV Wehen Wiesbaden (19.00 Uhr)<\/em><\/strong><\/p>\n\n\n\n<p class=\"has-normal-font-size\"><img loading=\"lazy\" decoding=\"async\" width=\"10\" height=\"21\" class=\"wp-image-3656\" style=\"width: 10px;\" src=\"http:\/\/kommentatorenblog.de\/wp-content\/uploads\/2020\/09\/shure-55sh-ii-e1601485394796.jpg\" alt=\"\" srcset=\"https:\/\/kommentatorenblog.de\/wp-content\/uploads\/2020\/09\/shure-55sh-ii-e1601485394796.jpg 415w, https:\/\/kommentatorenblog.de\/wp-content\/uploads\/2020\/09\/shure-55sh-ii-e1601485394796-142x300.jpg 142w\" sizes=\"auto, (max-width: 10px) 100vw, 10px\" \/> Markus Herwig<\/p>\n\n\n\n<p class=\"has-normal-font-size\">Moderation: Anett Sattler<\/p>\n\n\n\n<p><strong>3.Liga, Nachholspiel 14. Spieltag (Magenta Sport)<\/strong><\/p>\n\n\n\n<p><span style=\"text-decoration: underline;\">Mittwoch, 10. Februar 2021, ab 18.45 Uhr<\/span><\/p>\n\n\n\n<p><strong><em>FC Bayern M\u00fcnchen II&nbsp;\u2013&nbsp;FSV Zwickau (19.00 Uhr)<\/em><\/strong><\/p>\n\n\n\n<p class=\"has-normal-font-size\"><img loading=\"lazy\" decoding=\"async\" width=\"10\" height=\"21\" class=\"wp-image-3656\" style=\"width: 10px;\" src=\"http:\/\/kommentatorenblog.de\/wp-content\/uploads\/2020\/09\/shure-55sh-ii-e1601485394796.jpg\" alt=\"\" srcset=\"https:\/\/kommentatorenblog.de\/wp-content\/uploads\/2020\/09\/shure-55sh-ii-e1601485394796.jpg 415w, https:\/\/kommentatorenblog.de\/wp-content\/uploads\/2020\/09\/shure-55sh-ii-e1601485394796-142x300.jpg 142w\" sizes=\"auto, (max-width: 10px) 100vw, 10px\" \/> Franz B\u00fcchner<\/p>\n\n\n\n<p class=\"has-normal-font-size\">Moderation: Simon K\u00f6pfer <\/p>\n\n\n\n<hr class=\"wp-block-separator\"\/>\n\n\n\n<p><strong>FA Cup, Achtelfinale (DAZN)<\/strong><\/p>\n\n\n\n<p><span style=\"text-decoration: underline;\">Dienstag, 09. Februar 2021<\/span><\/p>\n\n\n\n<p><strong><em>FC Burnley \u2013&nbsp;AFC Bournemouth (18.30 Uhr)<\/em><\/strong><\/p>\n\n\n\n<p><img loading=\"lazy\" decoding=\"async\" width=\"10\" height=\"21\" class=\"wp-image-3656\" style=\"width: 10px;\" src=\"http:\/\/kommentatorenblog.de\/wp-content\/uploads\/2020\/09\/shure-55sh-ii-e1601485394796.jpg\" alt=\"\" srcset=\"https:\/\/kommentatorenblog.de\/wp-content\/uploads\/2020\/09\/shure-55sh-ii-e1601485394796.jpg 415w, https:\/\/kommentatorenblog.de\/wp-content\/uploads\/2020\/09\/shure-55sh-ii-e1601485394796-142x300.jpg 142w\" sizes=\"auto, (max-width: 10px) 100vw, 10px\" \/> David Ploch<\/p>\n\n\n\n<p><strong><em>Manchester United \u2013 West&nbsp;Ham United (20.30 Uhr)<\/em><\/strong><\/p>\n\n\n\n<p><img loading=\"lazy\" decoding=\"async\" width=\"10\" height=\"21\" class=\"wp-image-3656\" style=\"width: 10px;\" src=\"http:\/\/kommentatorenblog.de\/wp-content\/uploads\/2020\/09\/shure-55sh-ii-e1601485394796.jpg\" alt=\"\" srcset=\"https:\/\/kommentatorenblog.de\/wp-content\/uploads\/2020\/09\/shure-55sh-ii-e1601485394796.jpg 415w, https:\/\/kommentatorenblog.de\/wp-content\/uploads\/2020\/09\/shure-55sh-ii-e1601485394796-142x300.jpg 142w\" sizes=\"auto, (max-width: 10px) 100vw, 10px\" \/> Uli Hebel, Experte: Jan Kirchhoff<\/p>\n\n\n\n<p><span style=\"text-decoration: underline;\">Mittwoch, 10. Februar 2021<\/span><\/p>\n\n\n\n<p><strong><em>Swansea City \u2013&nbsp;Manchester City (18.30 Uhr)<\/em><\/strong><\/p>\n\n\n\n<p><img loading=\"lazy\" decoding=\"async\" width=\"10\" height=\"21\" class=\"wp-image-3656\" style=\"width: 10px;\" src=\"http:\/\/kommentatorenblog.de\/wp-content\/uploads\/2020\/09\/shure-55sh-ii-e1601485394796.jpg\" alt=\"\" srcset=\"https:\/\/kommentatorenblog.de\/wp-content\/uploads\/2020\/09\/shure-55sh-ii-e1601485394796.jpg 415w, https:\/\/kommentatorenblog.de\/wp-content\/uploads\/2020\/09\/shure-55sh-ii-e1601485394796-142x300.jpg 142w\" sizes=\"auto, (max-width: 10px) 100vw, 10px\" \/> Tom Kirsten, Experte: Sebastian Knei\u00dfl <\/p>\n\n\n\n<p><strong><em>Sheffield United \u2013 Bristol City (20.30 Uhr)<\/em><\/strong><\/p>\n\n\n\n<p><img loading=\"lazy\" decoding=\"async\" width=\"10\" height=\"21\" class=\"wp-image-3656\" style=\"width: 10px;\" src=\"http:\/\/kommentatorenblog.de\/wp-content\/uploads\/2020\/09\/shure-55sh-ii-e1601485394796.jpg\" alt=\"\" srcset=\"https:\/\/kommentatorenblog.de\/wp-content\/uploads\/2020\/09\/shure-55sh-ii-e1601485394796.jpg 415w, https:\/\/kommentatorenblog.de\/wp-content\/uploads\/2020\/09\/shure-55sh-ii-e1601485394796-142x300.jpg 142w\" sizes=\"auto, (max-width: 10px) 100vw, 10px\" \/> Tobi Fischbeck<\/p>\n\n\n\n<p><strong><em>Leicester City \u2013 Brighton &amp; Hove Albion (20.30 Uhr)<\/em><\/strong><\/p>\n\n\n\n<p><img loading=\"lazy\" decoding=\"async\" width=\"10\" height=\"21\" class=\"wp-image-3656\" style=\"width: 10px;\" src=\"http:\/\/kommentatorenblog.de\/wp-content\/uploads\/2020\/09\/shure-55sh-ii-e1601485394796.jpg\" alt=\"\" srcset=\"https:\/\/kommentatorenblog.de\/wp-content\/uploads\/2020\/09\/shure-55sh-ii-e1601485394796.jpg 415w, https:\/\/kommentatorenblog.de\/wp-content\/uploads\/2020\/09\/shure-55sh-ii-e1601485394796-142x300.jpg 142w\" sizes=\"auto, (max-width: 10px) 100vw, 10px\" \/> Uwe Morawe<\/p>\n\n\n\n<p><strong><em>FC Everton \u2013 Tottenham Hotspur (21.15 Uhr)<\/em><\/strong><\/p>\n\n\n\n<p><img loading=\"lazy\" decoding=\"async\" width=\"10\" height=\"21\" class=\"wp-image-3656\" style=\"width: 10px;\" src=\"http:\/\/kommentatorenblog.de\/wp-content\/uploads\/2020\/09\/shure-55sh-ii-e1601485394796.jpg\" alt=\"\" srcset=\"https:\/\/kommentatorenblog.de\/wp-content\/uploads\/2020\/09\/shure-55sh-ii-e1601485394796.jpg 415w, https:\/\/kommentatorenblog.de\/wp-content\/uploads\/2020\/09\/shure-55sh-ii-e1601485394796-142x300.jpg 142w\" sizes=\"auto, (max-width: 10px) 100vw, 10px\" \/> Marco Hagemann, Experte: Ralph Gunesch<\/p>\n\n\n\n<p><span style=\"text-decoration: underline;\">Donnerstag, 11. Februar 2021<\/span><\/p>\n\n\n\n<p><strong><em>Wolvrhampton Wanderers \u2013&nbsp;FC Southampton (18.30 Uhr)<\/em><\/strong><\/p>\n\n\n\n<p><img loading=\"lazy\" decoding=\"async\" width=\"10\" height=\"21\" class=\"wp-image-3656\" style=\"width: 10px;\" src=\"http:\/\/kommentatorenblog.de\/wp-content\/uploads\/2020\/09\/shure-55sh-ii-e1601485394796.jpg\" alt=\"\" srcset=\"https:\/\/kommentatorenblog.de\/wp-content\/uploads\/2020\/09\/shure-55sh-ii-e1601485394796.jpg 415w, https:\/\/kommentatorenblog.de\/wp-content\/uploads\/2020\/09\/shure-55sh-ii-e1601485394796-142x300.jpg 142w\" sizes=\"auto, (max-width: 10px) 100vw, 10px\" \/> Marco Hagemann <\/p>\n\n\n\n<p><strong><em>FC Barnsley \u2013 FC Chelsea (21.00 Uhr)<\/em><\/strong><\/p>\n\n\n\n<p><img loading=\"lazy\" decoding=\"async\" width=\"10\" height=\"21\" class=\"wp-image-3656\" style=\"width: 10px;\" src=\"http:\/\/kommentatorenblog.de\/wp-content\/uploads\/2020\/09\/shure-55sh-ii-e1601485394796.jpg\" alt=\"\" srcset=\"https:\/\/kommentatorenblog.de\/wp-content\/uploads\/2020\/09\/shure-55sh-ii-e1601485394796.jpg 415w, https:\/\/kommentatorenblog.de\/wp-content\/uploads\/2020\/09\/shure-55sh-ii-e1601485394796-142x300.jpg 142w\" sizes=\"auto, (max-width: 10px) 100vw, 10px\" \/> Uli Hebel, Experte: Alexis Menuge <\/p>\n\n\n\n<hr class=\"wp-block-separator\"\/>\n\n\n\n<p><strong>La Liga, Nachholspiel 01. Spieltag (DAZN)<\/strong><\/p>\n\n\n\n<p><span style=\"text-decoration: underline;\">Dienstag, 09. Februar 2021<\/span><\/p>\n\n\n\n<p><strong><em>Real Madrid \u2013 FC Getafe (21.00 Uhr)<\/em><\/strong><\/p>\n\n\n\n<p><img loading=\"lazy\" decoding=\"async\" width=\"10\" height=\"21\" class=\"wp-image-3656\" style=\"width: 10px;\" src=\"http:\/\/kommentatorenblog.de\/wp-content\/uploads\/2020\/09\/shure-55sh-ii-e1601485394796.jpg\" alt=\"\" srcset=\"https:\/\/kommentatorenblog.de\/wp-content\/uploads\/2020\/09\/shure-55sh-ii-e1601485394796.jpg 415w, https:\/\/kommentatorenblog.de\/wp-content\/uploads\/2020\/09\/shure-55sh-ii-e1601485394796-142x300.jpg 142w\" sizes=\"auto, (max-width: 10px) 100vw, 10px\" \/> Guido H\u00fcsgen, Experte: Michi Hofmann <\/p>\n\n\n\n<hr class=\"wp-block-separator\"\/>\n\n\n\n<p><strong>Copa del Rey, Halbfinale (DAZN)<\/strong><\/p>\n\n\n\n<p><span style=\"text-decoration: underline;\">Mittwoch 10. Februar 2021<\/span><\/p>\n\n\n\n<p><strong><em>FC Sevilla \u2013 FC Barcelona (21.00 Uhr)<\/em><\/strong><\/p>\n\n\n\n<p><img loading=\"lazy\" decoding=\"async\" width=\"10\" height=\"21\" class=\"wp-image-3656\" style=\"width: 10px;\" src=\"http:\/\/kommentatorenblog.de\/wp-content\/uploads\/2020\/09\/shure-55sh-ii-e1601485394796.jpg\" alt=\"\" srcset=\"https:\/\/kommentatorenblog.de\/wp-content\/uploads\/2020\/09\/shure-55sh-ii-e1601485394796.jpg 415w, https:\/\/kommentatorenblog.de\/wp-content\/uploads\/2020\/09\/shure-55sh-ii-e1601485394796-142x300.jpg 142w\" sizes=\"auto, (max-width: 10px) 100vw, 10px\" \/> Jan Platte, Experte: Sascha Bigalke <\/p>\n\n\n\n<p><span style=\"text-decoration: underline;\">Donnerstag, 11. Februar 2021<\/span><\/p>\n\n\n\n<p><strong><em>Athletic Bilbao \u2013 <strong><em>UD Levante<\/em><\/strong><\/em><\/strong> <strong><em>(21.00 Uhr)<\/em><\/strong><\/p>\n\n\n\n<p><img loading=\"lazy\" decoding=\"async\" width=\"10\" height=\"21\" class=\"wp-image-3656\" style=\"width: 10px;\" src=\"http:\/\/kommentatorenblog.de\/wp-content\/uploads\/2020\/09\/shure-55sh-ii-e1601485394796.jpg\" alt=\"\" srcset=\"https:\/\/kommentatorenblog.de\/wp-content\/uploads\/2020\/09\/shure-55sh-ii-e1601485394796.jpg 415w, https:\/\/kommentatorenblog.de\/wp-content\/uploads\/2020\/09\/shure-55sh-ii-e1601485394796-142x300.jpg 142w\" sizes=\"auto, (max-width: 10px) 100vw, 10px\" \/> Flo Hauser <\/p>\n\n\n\n<hr class=\"wp-block-separator\"\/>\n\n\n\n<p><strong>Coppa Italia, Halbfinal-R\u00fcckspiele (DAZN)<\/strong><\/p>\n\n\n\n<p><span style=\"text-decoration: underline;\">Dienstag, 09. Februar 2021<\/span><\/p>\n\n\n\n<p><strong><em>Juventus Turin<\/em><\/strong> <strong><em>\u2013<\/em><\/strong> <strong><em><strong><em>Inter Mailand<\/em><\/strong> (20.45 Uhr)<\/em><\/strong><\/p>\n\n\n\n<p><img loading=\"lazy\" decoding=\"async\" width=\"10\" height=\"21\" class=\"wp-image-3656\" style=\"width: 10px;\" src=\"http:\/\/kommentatorenblog.de\/wp-content\/uploads\/2020\/09\/shure-55sh-ii-e1601485394796.jpg\" alt=\"\" srcset=\"https:\/\/kommentatorenblog.de\/wp-content\/uploads\/2020\/09\/shure-55sh-ii-e1601485394796.jpg 415w, https:\/\/kommentatorenblog.de\/wp-content\/uploads\/2020\/09\/shure-55sh-ii-e1601485394796-142x300.jpg 142w\" sizes=\"auto, (max-width: 10px) 100vw, 10px\" \/> Carsten Fu\u00df, Experte: Max Nicu<\/p>\n\n\n\n<p><span style=\"text-decoration: underline;\">Mittwoch, 10. Februar 2021<\/span><\/p>\n\n\n\n<p><strong><em>Atalanta Bergamo \u2013 <strong><em>SSC Neapel<\/em><\/strong><\/em><\/strong> <em><strong>(20.45 <\/strong><\/em><strong><em>Uhr)<\/em><\/strong><\/p>\n\n\n\n<p><img loading=\"lazy\" decoding=\"async\" width=\"10\" height=\"21\" class=\"wp-image-3656\" style=\"width: 10px;\" src=\"http:\/\/kommentatorenblog.de\/wp-content\/uploads\/2020\/09\/shure-55sh-ii-e1601485394796.jpg\" alt=\"\" srcset=\"https:\/\/kommentatorenblog.de\/wp-content\/uploads\/2020\/09\/shure-55sh-ii-e1601485394796.jpg 415w, https:\/\/kommentatorenblog.de\/wp-content\/uploads\/2020\/09\/shure-55sh-ii-e1601485394796-142x300.jpg 142w\" sizes=\"auto, (max-width: 10px) 100vw, 10px\" \/> Mario Rieker, Experte: Christian Bernhard<\/p>\n\n\n\n<hr class=\"wp-block-separator\"\/>\n\n\n\n<p><strong>Coupe de France, 03. Runde (DAZN)<\/strong><\/p>\n\n\n\n<p><span style=\"text-decoration: underline;\">Mittwoch 10. Februar 2021<\/span><\/p>\n\n\n\n<p><strong><em>Caen \u2013 Paris Saint-Germain (21.00 Uhr)<\/em><\/strong><\/p>\n\n\n\n<p><img loading=\"lazy\" decoding=\"async\" width=\"10\" height=\"21\" class=\"wp-image-3656\" style=\"width: 10px;\" src=\"http:\/\/kommentatorenblog.de\/wp-content\/uploads\/2020\/09\/shure-55sh-ii-e1601485394796.jpg\" alt=\"\" srcset=\"https:\/\/kommentatorenblog.de\/wp-content\/uploads\/2020\/09\/shure-55sh-ii-e1601485394796.jpg 415w, https:\/\/kommentatorenblog.de\/wp-content\/uploads\/2020\/09\/shure-55sh-ii-e1601485394796-142x300.jpg 142w\" sizes=\"auto, (max-width: 10px) 100vw, 10px\" \/> Stefan Galler <\/p>\n\n\n\n<hr class=\"wp-block-separator\"\/>\n\n\n\n<p><strong>Internationaler Fussball<\/strong> <strong>(Sportdigital FUSSBALL)<\/strong><\/p>\n\n\n\n<p><span style=\"text-decoration: underline;\">Dienstag, 09. Februar 2021<\/span><\/p>\n\n\n\n<p>T\u00fcrkiye Kupasi, Viertelfinale:&nbsp;<strong><em>Fenerbahce Istanbul \u2013 Istanbul Basaksehir (18.30 Uhr)<\/em><\/strong><\/p>\n\n\n\n<p><img loading=\"lazy\" decoding=\"async\" width=\"10\" height=\"21\" class=\"wp-image-3656\" style=\"width: 10px;\" src=\"http:\/\/kommentatorenblog.de\/wp-content\/uploads\/2020\/09\/shure-55sh-ii-e1601485394796.jpg\" alt=\"\" srcset=\"https:\/\/kommentatorenblog.de\/wp-content\/uploads\/2020\/09\/shure-55sh-ii-e1601485394796.jpg 415w, https:\/\/kommentatorenblog.de\/wp-content\/uploads\/2020\/09\/shure-55sh-ii-e1601485394796-142x300.jpg 142w\" sizes=\"auto, (max-width: 10px) 100vw, 10px\" \/> Karsten Linke<\/p>\n\n\n\n<p>Liga NOS, 18. Spieltag:&nbsp;<em><strong>FC Gil Vincente \u2013 Sporting Lissabon (21.45 Uhr)<\/strong><\/em><\/p>\n\n\n\n<p><img loading=\"lazy\" decoding=\"async\" width=\"10\" height=\"21\" class=\"wp-image-3656\" style=\"width: 10px;\" src=\"http:\/\/kommentatorenblog.de\/wp-content\/uploads\/2020\/09\/shure-55sh-ii-e1601485394796.jpg\" alt=\"\" srcset=\"https:\/\/kommentatorenblog.de\/wp-content\/uploads\/2020\/09\/shure-55sh-ii-e1601485394796.jpg 415w, https:\/\/kommentatorenblog.de\/wp-content\/uploads\/2020\/09\/shure-55sh-ii-e1601485394796-142x300.jpg 142w\" sizes=\"auto, (max-width: 10px) 100vw, 10px\" \/> Arne Malsch <\/p>\n\n\n\n<p><span style=\"text-decoration: underline;\">Mittwoch, 10. Februar 2021<\/span><\/p>\n\n\n\n<p>T\u00fcrkiye Kupasi, Viertelfinale:&nbsp;<strong><em>Galatasaray Istanbul \u2013 Alanyaspor (18.30 Uhr)<\/em><\/strong><\/p>\n\n\n\n<p><img loading=\"lazy\" decoding=\"async\" width=\"10\" height=\"21\" class=\"wp-image-3656\" style=\"width: 10px;\" src=\"http:\/\/kommentatorenblog.de\/wp-content\/uploads\/2020\/09\/shure-55sh-ii-e1601485394796.jpg\" alt=\"\" srcset=\"https:\/\/kommentatorenblog.de\/wp-content\/uploads\/2020\/09\/shure-55sh-ii-e1601485394796.jpg 415w, https:\/\/kommentatorenblog.de\/wp-content\/uploads\/2020\/09\/shure-55sh-ii-e1601485394796-142x300.jpg 142w\" sizes=\"auto, (max-width: 10px) 100vw, 10px\" \/> Karsten Linke <\/p>\n\n\n\n<p><span style=\"text-decoration: underline;\">Donnerstag, 11. Februar 2021<\/span><\/p>\n\n\n\n<p>T\u00fcrkiye Kupasi, Viertelfinale:&nbsp;<strong><em>Sivasspor \u2013 Antalyaspor (15.30 Uhr)<\/em><\/strong><\/p>\n\n\n\n<p><img loading=\"lazy\" decoding=\"async\" width=\"10\" height=\"21\" class=\"wp-image-3656\" style=\"width: 10px;\" src=\"http:\/\/kommentatorenblog.de\/wp-content\/uploads\/2020\/09\/shure-55sh-ii-e1601485394796.jpg\" alt=\"\" srcset=\"https:\/\/kommentatorenblog.de\/wp-content\/uploads\/2020\/09\/shure-55sh-ii-e1601485394796.jpg 415w, https:\/\/kommentatorenblog.de\/wp-content\/uploads\/2020\/09\/shure-55sh-ii-e1601485394796-142x300.jpg 142w\" sizes=\"auto, (max-width: 10px) 100vw, 10px\" \/> Hannes Herrmann <\/p>\n\n\n\n<p>T\u00fcrkiye Kupasi, Viertelfinale:&nbsp;<strong><em>Konyaspor \u2013 Besiktas Istanbul (18.30 Uhr)<\/em><\/strong><\/p>\n\n\n\n<p><img loading=\"lazy\" decoding=\"async\" width=\"10\" height=\"21\" class=\"wp-image-3656\" style=\"width: 10px;\" src=\"http:\/\/kommentatorenblog.de\/wp-content\/uploads\/2020\/09\/shure-55sh-ii-e1601485394796.jpg\" alt=\"\" srcset=\"https:\/\/kommentatorenblog.de\/wp-content\/uploads\/2020\/09\/shure-55sh-ii-e1601485394796.jpg 415w, https:\/\/kommentatorenblog.de\/wp-content\/uploads\/2020\/09\/shure-55sh-ii-e1601485394796-142x300.jpg 142w\" sizes=\"auto, (max-width: 10px) 100vw, 10px\" \/> Christian Blunck <\/p>\n\n\n\n<hr class=\"wp-block-separator\"\/>\n\n\n\n<p><strong>Die Analyse <\/strong><\/p>\n\n\n\n<p>Unsere Analyse kann heute ruhigen Gewissens ohne derartige Zwischen\u00fcberschriften daherkommen. Zur Klub-WM hatte Erik im letzten Eintrag ja schon aufgekl\u00e4rt. In der 3.Liga wird bei den Nachholspielen &#8222;regional&#8220; angesetzt. <\/p>\n\n\n\n<p>Au\u00dferdem freut sich DAZN auf achtmal FA-Cup. Dienstag hat Ulli Hebel bei Manchester United gegen West Ham United das Vergn\u00fcgen mit dem ehemaligen England-Legion\u00e4r Jan Kirchhoff. Zuletzt war dieser auch im Podcast der Hebel-Br\u00fcder zu Gast. Und wenn mal wieder Fu\u00dfball von der Insel ansteht, kommt Uli Hebel am Donnerstag nat\u00fcrlich zu seinem zweiten Einsatz unter der Woche. Mit Alexis Menuge als Experte beim Gastspiel des FC Chelsea in Barnsley h\u00e4tte man nicht unbedingt rechnen k\u00f6nnen. Einen FA-Cup-Doppelpack verzeichnet auch Marco Hagemann. Mittwoch begr\u00fc\u00dft er mal wieder Ralph Gunesch an seiner Seite. Everton gegen Tottenham ist das Topspiel der Runde. Donnerstag muss Hagemann ohne Experten ran &#8211; tats\u00e4chlich eher eine Rarit\u00e4t. <\/p>\n\n\n\n<p>Ohne \u00dcberraschungen kommen die DAZN-\u00dcbertragungen von LaLiga, dem Copa del Rey, der Coupe de France und der Coppa Italia aus. Bei den R\u00fcckspielen in Italien wird bis auf Mario Rieker das Personal komplett ausgewechselt. Und bei sportdigital FUSSBALL steht diese Woche der T\u00fcrkische Pokal im Fokus. Die Jungs aus Hamburg zeigen alle vier Viertelfinals live! <\/p>\n\n\n\n<p>Macht das Beste draus!<\/p>\n","protected":false},"excerpt":{"rendered":"<p>N&#8216; Abend allerseits, die Super Bowl &#8211; M\u00fcdigkeit h\u00e4ngt vielen, inklusive mir nach nur drei Stunden Schlaf, nat\u00fcrlich noch in den Knochen. Nichtsdestotrotz liefern wir auch diese Woche alle Fu\u00dfball-Ansetzungen. Zuvor werfe ich aber kurz einen Blick auf die TV-\u00dcbertragungen der anstehenden Weltmeisterschaften im Biathlon und im Ski Alpin. Lasst uns mit der wohl beliebtesten [&hellip;]<\/p>\n","protected":false},"author":3,"featured_media":0,"comment_status":"open","ping_status":"open","sticky":false,"template":"","format":"standard","meta":{"footnotes":""},"categories":[429],"tags":[10,19,483,459,235,259,14,221,479,314,486,159,79,205,9,282,43,243,480,481,108,222,484,487,105,485,37],"class_list":["post-6714","post","type-post","status-publish","format-standard","hentry","category-diverses","tag-3-liga","tag-ard","tag-biathlon","tag-copa-del-rey","tag-coppa-italia","tag-coupe-de-france","tag-eurosport","tag-fa-cup","tag-fifa-klub-wm","tag-hans-von-brockhausen","tag-jan-kirchhoff","tag-la-liga","tag-liga-nos","tag-lukas-schoenmueller","tag-magenta-sport","tag-marcel-reif","tag-marco-hagemann","tag-mario-rieker","tag-matthias-bruegelmann","tag-mehmet-scholl","tag-ralph-gunesch","tag-sebastian-kneissl","tag-ski-alpin","tag-tuerkiye-kupasi","tag-uli-hebel","tag-valentina-maceri","tag-zdf"],"_links":{"self":[{"href":"https:\/\/kommentatorenblog.de\/index.php?rest_route=\/wp\/v2\/posts\/6714","targetHints":{"allow":["GET"]}}],"collection":[{"href":"https:\/\/kommentatorenblog.de\/index.php?rest_route=\/wp\/v2\/posts"}],"about":[{"href":"https:\/\/kommentatorenblog.de\/index.php?rest_route=\/wp\/v2\/types\/post"}],"author":[{"embeddable":true,"href":"https:\/\/kommentatorenblog.de\/index.php?rest_route=\/wp\/v2\/users\/3"}],"replies":[{"embeddable":true,"href":"https:\/\/kommentatorenblog.de\/index.php?rest_route=%2Fwp%2Fv2%2Fcomments&post=6714"}],"version-history":[{"count":32,"href":"https:\/\/kommentatorenblog.de\/index.php?rest_route=\/wp\/v2\/posts\/6714\/revisions"}],"predecessor-version":[{"id":6796,"href":"https:\/\/kommentatorenblog.de\/index.php?rest_route=\/wp\/v2\/posts\/6714\/revisions\/6796"}],"wp:attachment":[{"href":"https:\/\/kommentatorenblog.de\/index.php?rest_route=%2Fwp%2Fv2%2Fmedia&parent=6714"}],"wp:term":[{"taxonomy":"category","embeddable":true,"href":"https:\/\/kommentatorenblog.de\/index.php?rest_route=%2Fwp%2Fv2%2Fcategories&post=6714"},{"taxonomy":"post_tag","embeddable":true,"href":"https:\/\/kommentatorenblog.de\/index.php?rest_route=%2Fwp%2Fv2%2Ftags&post=6714"}],"curies":[{"name":"wp","href":"https:\/\/api.w.org\/{rel}","templated":true}]}}