{"id":674,"date":"2019-12-02T14:09:56","date_gmt":"2019-12-02T14:09:56","guid":{"rendered":"http:\/\/kommentatorenblog.de\/?p=674"},"modified":"2020-12-30T16:07:50","modified_gmt":"2020-12-30T16:07:50","slug":"1037-skypl-konferenz","status":"publish","type":"post","link":"https:\/\/kommentatorenblog.de\/?p=674","title":{"rendered":"1037 \u2013 SkyPL-Konferenz"},"content":{"rendered":"\n<p>N\u00b4Abend allerseits, <\/p>\n\n\n\n<p>flei\u00dfig tippe ich schon das Interview mit Christian Stra\u00dfburger zusammen &#8211; im Eintrag am Donnerstag gibt es Teil1 zu lesen. Hier die \u00fcbliche Dosis Ansetzungen. Exklusiv \u00fcbrigens das Personal f\u00fcr die erste #Sky-PL-Konferenz diese Saison. <\/p>\n\n\n\n<p><strong>Premier League<\/strong>, <strong>15. Spieltag<\/strong><\/p>\n\n\n\n<p><span style=\"text-decoration: underline;\">Dienstag, 03. Dezember, ab 20.20 Uhr (Sky)<\/span><\/p>\n\n\n\n<p><strong><em>Crystal Palace \u2013 AFC Bournemouth (20.30 Uhr)<\/em><\/strong><\/p>\n\n\n\n<p>Sky: J\u00f6rg Dahlmann <\/p>\n\n\n\n<p><span style=\"text-decoration: underline;\">ab 21.05 Uhr Sky<\/span><\/p>\n\n\n\n<p><strong><em>FC Burnley \u2013 Manchester City (21.15 Uhr)<\/em><\/strong><\/p>\n\n\n\n<p>Sky: Hansi K\u00fcpper<\/p>\n\n\n\n<p><span style=\"text-decoration: underline;\">Mittwoch, 04. Dezember, ab 20.00 Uhr (Sky)<\/span><\/p>\n\n\n\n<p><strong>Konferenz (20.30 Uhr)<\/strong><\/p>\n\n\n\n<p><strong><em>FC Chelsea \u2013 Aston Villa (20.30 Uhr)<\/em><\/strong> &#8211; Jogi Hebel<\/p>\n\n\n\n<p><strong><em>Leicester City \u2013 FC Watford (20.30 Uhr)<\/em><\/strong> &#8211; Hannes Herrmann <\/p>\n\n\n\n<p><strong><em>Manchester United \u2013 Tottenham Hotspurs (20.30 Uhr)<\/em><\/strong> &#8211; Sven Schr\u00f6ter<\/p>\n\n\n\n<p><strong><em>Wolverhampton Wanderers \u2013 West Ham United (20.30 Uhr)<\/em><\/strong> &#8211; Holger Pfandt <\/p>\n\n\n\n<p><strong><em>Southhampton &#8211; Norwich City (20.30 Uhr)<\/em><\/strong> &#8211; J\u00f6rg Dahlmann <\/p>\n\n\n\n<p><strong><em>FC Liverpool \u2013 FC Everton (21.15 Uhr)<\/em><\/strong> &#8211; Hansi K\u00fcpper <\/p>\n\n\n\n<p><span style=\"text-decoration: underline;\">ab 20.15 Uhr (Sky)<\/span><\/p>\n\n\n\n<p><strong><em>Manchester United \u2013 Tottenham Hotspurs (20.30 Uhr)<\/em><\/strong><\/p>\n\n\n\n<p>Sky: Marcel Meinert<\/p>\n\n\n\n<p><span style=\"text-decoration: underline;\">ab 21.00 Uhr (Sky)<\/span><\/p>\n\n\n\n<p><strong><em>FC Liverpool \u2013 FC Everton (21.15 Uhr)<\/em><\/strong><\/p>\n\n\n\n<p>Sky: Florian Schmidt-Sommerfeld, Experte: Mladen Petric<\/p>\n\n\n\n<p><span style=\"text-decoration: underline;\">Donnerstag, 05. Dezember, ab 20.20 Uhr (Sky)<\/span><\/p>\n\n\n\n<p><strong><em>Sheffield United<\/em><\/strong> <strong><em>\u2013<\/em><\/strong> <strong><em>Newcastle United (20.30 Uhr)<\/em><\/strong><\/p>\n\n\n\n<p>Sky: Holger Pfandt <\/p>\n\n\n\n<p><span style=\"text-decoration: underline;\">ab 21.00 Uhr <\/span><\/p>\n\n\n\n<p><strong><em>FC Arsenal \u2013 Brighton &amp; Hove Albion (21.15 Uhr)<\/em><\/strong><\/p>\n\n\n\n<p>Sky: Jonas Friedrich <\/p>\n\n\n\n<p><strong>Internationaler Fu\u00dfball <\/strong><\/p>\n\n\n\n<p><span style=\"text-decoration: underline;\">Dienstag, 03. Dezember<\/span><\/p>\n\n\n\n<p>Ligue 1, 16. Spieltag: <strong><em>Olympique Lyon \u2013 OSC Lille (21.05 Uhr)<\/em><\/strong><\/p>\n\n\n\n<p>DAZN: Stefan Galler<\/p>\n\n\n\n<p><span style=\"text-decoration: underline;\">Mittwoch, 04. Dezember<\/span><\/p>\n\n\n\n<p>Ligue1, 16. Spieltag: <strong><em>Paris Saint-Germain \u2013 Nantes (21.05 Uhr) <\/em><\/strong> <\/p>\n\n\n\n<p>DAZN: David Ploch, Experte: Alexis Menuge<\/p>\n\n\n\n<p><strong>Die Analyse<\/strong> <\/p>\n\n\n\n<p>Erstmalig in dieser Saison gibt\u00b4s auf Sky eine Premier League &#8211; Konferenz. \u00dcbrigens wird es eine &#8222;die Sky-Konferenz. Das Original.&#8220;, sprich es wird also keinen Moderator geben. Die Konferenz wird so ablaufen wie in Bundesliga und Champions League. Der 15. Spieltag in England\u00b4s h\u00f6chster Spielklasse startet zun\u00e4chst am Dienstag mit Einzelspiel\u00fcbertragungen &#8211; Dahlmann und K\u00fcpper kommen zum Einsatz. Mittwoch \u00fcbernimmt etwas \u00fcberraschend Marcel Meinert die Begegnung zwischen Manchester United und Tottenham. Ich h\u00e4tte ihn mir auch gut in der Konferenz vorstellen k\u00f6nnen. Das &#8222;Match of the week&#8220; geh\u00f6rt wie immer Schmiso &#8211; diesmal mit Mladen Petric an seiner Seite. In der Konferenz kommen, neben den beiden Neuzug\u00e4ngen Hebel und Herrmann, Schr\u00f6ter, Dahlmann und Pfand zum Einsatz. Letztere \u00fcbernimmt Tags darauf noch das Einzelspiel zwischen Sheffield und Newcastle. Freitag kommt er, wenn er schonmal in M\u00fcnchen ist, auch in Liga2 zum Einsatz. By the way: Konferenzdeb\u00fct f\u00fcr Herrmann und Hebel &#8211; Wir sind gespannt. Den Abschluss des Spieltags kommentiert &#8222;R\u00fcckkehrer&#8220; Jonas Friedrich, der zuletzt selten Fu\u00dfball kommentierte. <\/p>\n\n\n\n<p>Bei DAZN scheint es nur zwei Spiele mit deutschem Kommentar unter der Woche zu geben. <\/p>\n\n\n\n<p>Sch\u00f6ne Fu\u00dfballwoche!<\/p>\n","protected":false},"excerpt":{"rendered":"<p>N\u00b4Abend allerseits, flei\u00dfig tippe ich schon das Interview mit Christian Stra\u00dfburger zusammen &#8211; im Eintrag am Donnerstag gibt es Teil1 zu lesen. Hier die \u00fcbliche Dosis Ansetzungen. Exklusiv \u00fcbrigens das Personal f\u00fcr die erste #Sky-PL-Konferenz diese Saison. Premier League, 15. Spieltag Dienstag, 03. Dezember, ab 20.20 Uhr (Sky) Crystal Palace \u2013 AFC Bournemouth (20.30 Uhr) [&hellip;]<\/p>\n","protected":false},"author":3,"featured_media":0,"comment_status":"open","ping_status":"open","sticky":false,"template":"","format":"standard","meta":{"footnotes":""},"categories":[429],"tags":[165,13,89,104,25,90,103,69,26,198,80,70,23,154,27],"class_list":["post-674","post","type-post","status-publish","format-standard","hentry","category-diverses","tag-david-ploch","tag-dazn","tag-florian-schmidt-sommerfeld","tag-hannes-herrmann","tag-hansi-kuepper","tag-holger-pfandt","tag-jogi-hebel","tag-jonas-friedrich","tag-joerg-dahlmann","tag-konferenz","tag-ligue1","tag-marcel-meinert","tag-premier-league","tag-stefan-galler","tag-sven-schroeter"],"_links":{"self":[{"href":"https:\/\/kommentatorenblog.de\/index.php?rest_route=\/wp\/v2\/posts\/674","targetHints":{"allow":["GET"]}}],"collection":[{"href":"https:\/\/kommentatorenblog.de\/index.php?rest_route=\/wp\/v2\/posts"}],"about":[{"href":"https:\/\/kommentatorenblog.de\/index.php?rest_route=\/wp\/v2\/types\/post"}],"author":[{"embeddable":true,"href":"https:\/\/kommentatorenblog.de\/index.php?rest_route=\/wp\/v2\/users\/3"}],"replies":[{"embeddable":true,"href":"https:\/\/kommentatorenblog.de\/index.php?rest_route=%2Fwp%2Fv2%2Fcomments&post=674"}],"version-history":[{"count":11,"href":"https:\/\/kommentatorenblog.de\/index.php?rest_route=\/wp\/v2\/posts\/674\/revisions"}],"predecessor-version":[{"id":698,"href":"https:\/\/kommentatorenblog.de\/index.php?rest_route=\/wp\/v2\/posts\/674\/revisions\/698"}],"wp:attachment":[{"href":"https:\/\/kommentatorenblog.de\/index.php?rest_route=%2Fwp%2Fv2%2Fmedia&parent=674"}],"wp:term":[{"taxonomy":"category","embeddable":true,"href":"https:\/\/kommentatorenblog.de\/index.php?rest_route=%2Fwp%2Fv2%2Fcategories&post=674"},{"taxonomy":"post_tag","embeddable":true,"href":"https:\/\/kommentatorenblog.de\/index.php?rest_route=%2Fwp%2Fv2%2Ftags&post=674"}],"curies":[{"name":"wp","href":"https:\/\/api.w.org\/{rel}","templated":true}]}}