{"id":679,"date":"2019-12-05T16:30:33","date_gmt":"2019-12-05T16:30:33","guid":{"rendered":"http:\/\/kommentatorenblog.de\/?p=679"},"modified":"2020-12-30T16:02:17","modified_gmt":"2020-12-30T16:02:17","slug":"1038-ich-wuerde-gerne-mal-fuer-eine-fernsehanstalt-bundesligaspiele-kommentieren","status":"publish","type":"post","link":"https:\/\/kommentatorenblog.de\/?p=679","title":{"rendered":"1038 \u2013 \u201eIch w\u00fcrde gerne mal f\u00fcr eine Fernsehanstalt Bundesligaspiele kommentieren.\u201c"},"content":{"rendered":"\n<p><strong><em>FohlenRadio &#8211; und Magenta Sport &#8211; Kommentator Christian \u201eStrassi\u201c Stra\u00dfburger ist nicht nur ein <a href=\"https:\/\/m.sport1.de\/tv-video\/video\/ohrwurm-breel-embolo-von-borussia-moenchengladbach-bekommt-seinen-eigenen-song__YpQdTd4bOmIEFDaQxaesKx1b3_U9Svrl\">begnadeter S\u00e4nger<\/a>, sondern zweifelsfrei auch eine Bereicherung f\u00fcr unsere Branche. Im ersten Teil des exklusiven kommentatorenblog-Interviews sprechen wir \u00fcber berufliche Idole und die intensiven Anf\u00e4nge seines Sportreporter-Daseins. <\/em> <\/strong><\/p>\n\n\n\n<p><em><strong>kommentatorenblog<\/strong><\/em>:\nChristian, wie alt bist du eigentlich?<\/p>\n\n\n\n<p><em><strong>Christian Stra\u00dfburger<\/strong><\/em>:\nHast du das nicht herausgefunden?<\/p>\n\n\n\n<p><strong>Ich habe jetzt\nnicht intensiv nachgeschaut. <\/strong>\n<\/p>\n\n\n\n<p>Ich bin zarte 30 Jahre jung. Da gilt\nman noch als Newcomer, oder? \n<\/p>\n\n\n\n<p><em><strong>Musst du\nsagen, du hast ja beruflich schon vieles hinter dir. <\/strong><\/em>\n<\/p>\n\n\n\n<p>\u201e<em><strong>Ich\nm\u00f6chte Bundesliga-Sportreporter werden und einmal Bundesligaspiele\nkommentieren. Das ist mein Ziel!\u201c Zwei S\u00e4tze, die man in einem\nOnline-Profil von dir findet. Kommentiere diesen Wunsch mal, aber\nbitte nur kurz. <\/strong><\/em>\n<\/p>\n\n\n\n<p>Ich habe den Satz irgendwann mal dahin geschrieben. Ist aber ernst gemeint. Ich w\u00fcrde gerne mal f\u00fcr eine Fernsehanstalt Bundesligaspiele kommentieren.  <\/p>\n\n\n\n<p><em><strong>Streamingdienst w\u00e4re auch okay?<\/strong><\/em><\/p>\n\n\n\n<p>Achso, ja klar (schmunzelt).<\/p>\n\n\n\n<p><em><strong>Wer\nBundesligaspiele kommentieren will, hat bestimmt auch ein Idol, oder?<\/strong><\/em>\n<\/p>\n\n\n\n<p>Viele Kollegen erz\u00e4hlen immer, dass sie fr\u00fcher mal ein Idol hatten \u2013 mittlerweile aber nicht mehr. Bei mir liegt die Wahrheit irgendwo in der Mitte. Nat\u00fcrlich gibt es Sensationsgr\u00f6\u00dfen wie B\u00e9la R\u00e9thy. Ich finde, dass man ihn an dieser Stelle einfach nennen muss. Er hat eine tolle Stimme und pr\u00e4gt die \u00c4ra der letzten Jahrzehnte. <\/p>\n\n\n\n<p>Oder auch Wolff Fuss, der bei Sky einen \u00fcberragenden Job macht.<\/p>\n\n\n\n<p>Ulli Potofski w\u00fcrde ich auch nennen, der mir pers\u00f6nlich viel hilft und geholfen hat. Ulli ist einfach eine absolute Legende. Er hat schon so viel erlebt und wir wissen gar nicht, was er alles schon erlebt hat. Wenn er einem dann etwas erz\u00e4hlt, was ihm gerade einf\u00e4llt, da kommen wahnsinnige Geschichten bei raus. Von Ulli kann man schlichtweg nur lernen. <\/p>\n\n\n\n<p>Zu guter letzt noch Matthias Opdenh\u00f6vel. Er ist zwar kein Kommentator, aber er macht das als Sportreporter genauso, wie ich mir das vorstellen k\u00f6nnte. \u201eOpdi\u201c nimmt den Fu\u00dfballsport ernst, aber nicht zu ernst. Er bringt auch mal Spa\u00df in eine \u00dcbertragung. Letztens haben wir f\u00fcr Borussia M\u00b4Gladbach zusammen auch einen Podcast gemacht und ich konnte erstmals ausf\u00fchrlich mit ihm sprechen.<\/p>\n\n\n\n<p><em><strong>Ich habe es mir zur Vorbereitung auf unser Gespr\u00e4ch angeh\u00f6rt. Ihr habt ja \u00fcber zwei Stunden miteinander gesprochen.<\/strong><\/em>  <\/p>\n\n\n\n<p>Ja, und wir h\u00e4tten auch noch l\u00e4nger miteinander sprechen k\u00f6nnen. Zur\u00fcck zum Idol-Gedanken. Ich w\u00fcrde es so formulieren: Ich backe mir jetzt zur Weihnachtszeit ein Idol aus der Mischung Potofski\/Opdenh\u00f6vel zusammen.  <\/p>\n\n\n\n<p><em><strong>Diese Mischung akzeptieren wir.\nIch starten jetzt mal mit deinem Studium. Du hast in Bonn Digitale\nKommunikation und Medien studiert. Erfolgreich?<\/strong><\/em><\/p>\n\n\n\n<p>Ich habe klassisch f\u00fcr einen Sportreporter das Studium abgebrochen. Kinder und Studenten, die das lesen: Bitte das Studium beenden. Ich habe bereits w\u00e4hrend des Studiums Praktika gemacht &#8211; quasi versucht an der Front Erfahrungen zu sammeln und nicht irgendwo in einem H\u00f6rsaal. Das war einfach nichts f\u00fcr mich. In der Zeit habe ich dann auch bei Rot-Wei\u00df Oberhausen angefangen.  <\/p>\n\n\n\n<p><em><strong>RWO ist ein gutes\nStichwort. Wie ist das ganze Projekt entstanden?<\/strong><\/em><\/p>\n\n\n\n<p>Ich habe zusammen mit einem Freund einige Stadien in der Region besucht. Wir waren dann mal bei Rot-Wei\u00df Oberhausen gegen Alemannia Aachen. Es war arschkalt, aber es war Fu\u00dfball. Es hat nach Bratwurst und Bier gerochen. Als ich zuhause war, habe ich sofort im Internet nachgeschaut, was die in Sachen Social Media, Fan-TV etc. haben. Und die hatten nichts. Noch in der selben Nacht habe ich eine E-Mail an Fabian Weitk\u00e4mper, den damaligen Medienverantwortlichen bei RWO, geschrieben. Ich fragte ihn, ob der Verein nicht Lust h\u00e4tte, dass wir einen YouTube-Kanal mit Interviews, Berichten, Stimmen nach dem Spiel ins Leben rufen. Die R\u00fcckmeldung war positiv. Wir haben uns getroffen und wenige Tage sp\u00e4ter habe ich zusammen mit Max Gregorius (Anm. d. Red.: aktueller Leiter Marketing &amp; Sponsoring bei Oberhausen und RWO.fm &#8211; Reporter) den Kanal er\u00f6ffnet. Nach den Spielen haben wir immer mit den Spielern und Trainern, beispielsweise Mario Basler, gesprochen. Das Ganze habe ich dann eine Zeit lang gemacht \u2013 zwischendurch war ich auch als Stadionsprecher aktiv. Als Fabian Weitk\u00e4mper zum VfL Bochum wechselte, wurde ich gefragt, ob ich nicht als fester Mitarbeiter in die Gesch\u00e4ftsstelle von RWO kommen m\u00f6chte. Den Job des Medienverantwortlichen habe ich dann noch \u00fcber ein Jahr ausge\u00fcbt. <br><br>Und so hat sich <a href=\"https:\/\/m.youtube.com\/watch?v=-R91LRM-jhQ\">Christian bei RWO.tv geschlagen. <\/a><\/p>\n\n\n\n<p><strong><em>Ein <\/em><\/strong><em><strong>Blick auf deinen Lebenslauf verr\u00e4t zu dieser Zeit auch, dass du vieles gleichzeitig gemacht hat. In deiner Zeit als Stadionsprecher warst du beispielsweise zeitgleich Praktikant bei Sky. Bist du dann am Wochenende nach Hause geflogen oder wie lief diese Zeit ab?<\/strong><\/em><\/p>\n\n\n\n<p>Ich habe ja, wie bereits erw\u00e4hnt, das Studium abgebrochen \u2013 also musste ich andere Dinge machen. Du brauchst praktische Erfahrungen, um die Leute zu \u00fcberzeugen. Das Ganze war f\u00fcr mich nie Arbeit. Das hat einfach Spa\u00df gemacht. Das Praktikum bei Sky war enorm wichtig. Ich habe viele tolle Leute kennengelernt und konnte da mal \u201eranschmecken\u201c an das Gesch\u00e4ft. Ich traf beispielsweise zum ersten Mal auf Fritz von Turn und Taxis, der sich damals auch eine DVD von mir angeh\u00f6rt hat. Ein Freitagabendspiel aus der Box, Schalke gegen Hannover, habe ich kommentiert. Das Feedback war nicht nur positiv. Turn und Taxis hat mit einfach aufgezeigt, woran ich noch arbeiten muss. <\/p>\n\n\n\n<p>Bei einigen Heimspielen habe ich pausiert. Bei wichtigen Heimspielen bin ich am Wochenende auch schon mal aus M\u00fcnchen angereist, um ein Spiel als Stadionsprecher zu begleiten.  <\/p>\n\n\n\n<p><em><strong>Apropos\nSky. Du warst ja auch mal Gast bei Sky90!<\/strong><\/em> \n<\/p>\n\n\n\n<p>Bei Sky90 gab es damals einen Aufruf ein Bewerbungsvideo hinzuschicken. Das habe ich getan und wurde dann zu einem Casting mit vier anderen Teilnehmern eingeladen.Wir haben zun\u00e4chst eine Probesendung gemacht. Das Verr\u00fcckte dabei war einfach, dass diese Castingsendung tats\u00e4chlich von Patrick Wasserziehr moderiert worden ist. Das war schon sensationell. Ebenso wie das Treffen mit Franz Beckenbauer, den ich hinter den Kulissen getroffen hatte. Ein paar Tage sp\u00e4ter wurde ich von Tibor Szilasi (Anm. d. Red: ehemaliger Senior Editor Sky90, heute: Head of Handball bei Sky) angerufen. Tibor hat mich dann gefragt, ob ich am kommenden Sonntag Zeit habe, als Gast bei Sky90 dabei zu sein. Das war der absolute Wahnsinn f\u00fcr mich, weil ich wusste, dass ich jetzt einfach bei dieser Talkrunde live im Fernsehen dabei sein werde. Zu dem Zeitpunkt wusste ich aber noch nicht, wer die anderen G\u00e4ste waren. Ich wusste nur, dass die Sendung nach einem Gladbachspiel laufen w\u00fcrde. Thematisch f\u00fcr mich nat\u00fcrlich \u00fcberragend. Ja, und dann sa\u00df ich dort mit Michael Zorc, Christoph Metzelder und Matthias Br\u00fcggelmann. Das Feedback nach der Sendung war auch positiv und der Rest ist Geschichte (lacht).  <\/p>\n\n\n\n<p><em><strong>Und Fankommentator von Sky und SportBild bist du auch gewesen.<\/strong><\/em><\/p>\n\n\n\n<p>Ich wurde damals in der Sportbild ausgew\u00e4hlt, um das <a href=\"https:\/\/www.youtube.com\/watch?v=fZWdUBP5Mbw\">Topspiel Fortuna D\u00fcsseldorf gegen Borussia Dortmund im Stadion zu kommentieren. <\/a>Es wurde nat\u00fcrlich nicht live ausgestrahlt, aber alle waren sie da &#8211; Kai Dittmann, Sebastian Hellmann, Lothar Matth\u00e4us, Jan Aage Fj\u00f6rtoft und Christoph Daum. Und ich durfte unter professionellen Bedingungen dieses Spiel kommentieren. Kurz vor dem Spiel habe ich einfach nur gedacht: Geil!. Und eine Sache kannst du mir glauben: In meinem Leben war ich bis heute noch nie so gut auf ein Spiel vorbereitet. Ich wusste alles. Ich h<\/p>\n\n\n\n<p>atte alles in der Hand. Und am Spieltag habe ich noch zus\u00e4tzlich die Informationen von Opta (Anm. d. Red: Sportdatenanbieter) bekommen. Die Existenz dieses Dienstleisters war mir bis dahin noch gar nicht bewusst. Ich h\u00e4tte \u00fcber jeden Spieler ein paar Minuten sprechen k\u00f6nnen. W\u00e4hrend der Partie merkst du dann, dass du das alles gar nicht brauchst.<\/p>\n\n\n\n<p>Dennoch war es \u00fcberragendes Erlebnis, ebenso wie die Moderation der Bundesliga Aktuell Sendung mit Oliver Schwesinger. Hier habe ich mich auch mit einem Video beworben und am Ende war ich der gl\u00fcckliche Gewinner. Als ich beim DSF (Anm. d. Red.: heute Sport1) ankam, ging es direkt zur Redaktionskonferenz. Kurze Zeit sp\u00e4ter hie\u00df es: So jetzt beginnt die Live-Sendung. Du sitzt hier, diesen Knopf steckst du dir bitte ins Ohr und der Oli Schwesinger holt dich dann mal in die Sendung rein. Diese zwei Sachen sagst du auf jeden Fall, der Rest ergibt sich mehr oder weniger spontan. Das rote Licht ging an und die Sendung los. Das war der Moment, wo ich gemerkt habe, dass ich einfach nur Spa\u00df und \u00fcberhaupt keine Aufregung versp\u00fcre \u2013 einfach nur Freude. Das ist das, was ich kann. Daf\u00fcr hat der liebe Gott mich quasi auf die Welt geschickt. Ein Talent, das ich benutzen soll, aber an dem ich noch viel arbeiten muss. Nach der Sendung kamen die Verantwortlichen auf mich zu und meinten: Christian, wir w\u00fcrden dich sofort als Moderator einstellen, aber leider bist du keine Frau.<\/p>\n\n\n\n<p><em><strong>Das lass ich mal so stehen. <\/strong><\/em><strong>Du hast in dieser Zeit zwischen 2011 und 2016 wirklich viel erlebt. Was war das Highlight in dieser Zeit?<\/strong><\/p>\n\n\n\n<p>Der Fankommentar war vielleicht das Highlight. Besondere Erinnerungen habe ich aber vor allem an RWO.fm, also das Fanradio, dass ich aus der Taufe gehoben habe. In jedem Stadion habe ich die Spiele von Oberhausen, immer mit einem Co-Kommentator an meiner Seite, kommentiert. Wir waren damals die einzigen in der Regionalliga-West. Das war richtig geil. Das hat richtig Spa\u00df gemacht. Das war kein Casting, kein Gewinnspiel, sondern das war Arbeit. Daf\u00fcr wurde ich bezahlt. Das habe ich erfunden. Es war mein eigenes Projekt. Und die Leute wollten, dass ja h\u00f6ren, weil sie Fans von RWO sind. Bei den \u00dcbertragungen konnte ich einfach alles lernen, insbesondere die Live-Situation. Sieg, Unentschieden oder Niederlage.Wie geht man mit dem jeweiligen Ausgang als Kommentator um? Danach noch unten am Spielfeldrand Interviews f\u00fchren, etc.. Das hat mir extrem viel gebracht.  <\/p>\n\n\n\n<p><em><strong>Du hast dich ja kontiniuierlich\nweiterentwickelt. Im Rahmen deines Aufritts bei Sky90 hast du bereits\nerz\u00e4hlt, dass du Gladbachfan bist. Wie bist du eigentlich\nGladbach-Fan geworden?<\/strong><\/em><\/p>\n\n\n\n<p>Mein erstes Fu\u00dfballspiel, welche ich live im Fernsehen verfolgt habe, war das Champions League \u2013 Finale 1997 zwischen Borussia Dortmund und Juventus Turin. Von dieser Zeit gibt es auch ein Foto, wie ich mal an Weihnachten ganz stolz eine Federmappe vom BVB hochhalte, die mir geschenkt wurde.  <\/p>\n\n\n\n<p><em><strong>Das klingt doch schonmal nach\neinem guten Anfang.<\/strong><\/em><\/p>\n\n\n\n<p>Ja (schmunzelt), aber damals hatte ich noch keine Ahnung von Fu\u00dfball. Die Gemengelage mit dem Champions League-Triumph hat dieses Foto erst m\u00f6glich gemacht. Ich glaube sogar, dass es BVB-Bettw\u00e4sche gab (lacht).<\/p>\n\n\n\n<p>Als Kind habe ich mich aber viel mehr f\u00fcr Formel1 interessiert. Ich habe immer noch die Situation im Kopf, wie eine Nachbarin bei uns klingelt. Meiner Mutter \u00f6ffnete ihr die T\u00fcr, die Frau sah mich vor dem Fernseher und fragte, ob ich Fu\u00dfball schaue. Meine Mutter erwiderte nur, dass ich mich nicht f\u00fcr Fu\u00dfball interessiere. Ich w\u00fcrde nur Formel1 schauen. <\/p>\n\n\n\n<p>Im Alter von ca. 10 Jahren sind wir dann nach M\u00f6nchengladbach gezogen. Mit meiner Schulklasse war ich das erste Mal auf dem B\u00f6kelberg. Das hat mich so gepackt. Das Tor f\u00fcr M\u00f6nchengladbach ist gefallen und ich bin irgendwie mit meinen Freunden im Arm sieben Treppen runtergefallen. Ab dem Zeitpunkt war ich infiziert. Ich habe dann noch so einen Fu\u00dfball gefangen, den die da ins Publikum geschossen haben. Da war noch ein Kleber von Jever drauf, den man f\u00fcr einen Preis an der Gesch\u00e4ftsstelle einl\u00f6sen konnte. Da habe ich so einen riesigen Jever-Strandkorb gewonnen, den ich irgendwie im Shuttle Bus mit nach Hause genommen habe. Ein halbes Jahr habe ich da jeden Tag drauf gesessen, bis er irgendwann kaputt gegangen ist. Ich war total fasziniert von Borussia M\u00f6nchengladbach und habe den Verein von da an geliebt, obwohl die zu dieser Zeit sich absoluten Dreck zusammengespielt haben. Fu\u00dfballerisch war die Zeit eine einzige Katastrophe.  <\/p>\n\n\n\n<p>Dieses Gespr\u00e4ch f\u00fchrte Leon Geis.<\/p>\n\n\n\n<p><em><strong>N\u00e4chste Woche erz\u00e4hlt Christian Stra\u00dfburger im zweiten Teil<\/strong><\/em> <em><strong>von seinem jetzigen Aufgabenfeld bei Borussia M\u00b4Gladbach und verr\u00e4t uns, wie er Kommentator bei Magenta Sport wurde. Au\u00dferdem sprechen wir unter anderem \u00fcber seine <\/strong><\/em> <em><strong>\u201eSpielvorbereitung&#8220;, den Kommentar aus der Box, seine \u201eChart\u201c-Karriere und seinen beruflichen Traum \u2013 Stichwort: 2026. <\/strong> <\/em><\/p>\n\n\n\n<p><\/p>\n\n\n\n<p>Und hier die \u00fcbliche Dosis! <\/p>\n\n\n\n<p><strong><em>Die Ansetzungen vom 06. Dezember 2019 bis zum 09. Dezember 2019<\/em><\/strong><\/p>\n\n\n\n<p><strong>Bundesliga, 14. Spieltag<\/strong><\/p>\n\n\n\n<p><span style=\"text-decoration: underline;\">Freitag, 06. Dezember 2019 ab 20.10 Uhr (DAZN)<\/span><\/p>\n\n\n\n<p><strong><em>Eintracht Frankfurt \u2013<\/em><\/strong><strong><em>&nbsp;Hertha BSC (20.30 Uhr)<\/em><\/strong><\/p>\n\n\n\n<p>DAZN: Robby Hunke, Experte: Ralph Gunesch<\/p>\n\n\n\n<p>Moderation (DAZN): Alex Schl\u00fcter, Field-Reporterin: Ann-Sophie Kimmel<\/p>\n\n\n\n<p><span style=\"text-decoration: underline;\">Samstag, 07. Dezember 2019, ab 14.00 Uhr (Sky)<\/span><\/p>\n\n\n\n<p><strong><em>Borussia M\u00b4Gladbach<\/em><\/strong>&nbsp;<strong><em>\u2013<\/em><\/strong>&nbsp;<strong><em>FC Bayern M\u00fcnchen (15.30 Uhr)<\/em><\/strong> <\/p>\n\n\n\n<p>Sky: Wolff Fuss (Einzelspiel), Hansi K\u00fcpper (Konferenz)<\/p>\n\n\n\n<p>Field-Reporter: Ecke Heuser<\/p>\n\n\n\n<p><strong><em>RB Leipzig<\/em><\/strong>&nbsp;<strong><em>\u2013<\/em><\/strong>&nbsp;<strong><em>TSG 1899 Hoffenheim (15.30 Uhr)<\/em><\/strong><\/p>\n\n\n\n<p>Sky: Oliver Seidler (Einzelspiel), Jonas Friedrich (Konferenz)<\/p>\n\n\n\n<p>Field-Reporter: Michael Leopold<\/p>\n\n\n\n<p><strong><em>Borussia Dortmund<\/em><\/strong>&nbsp;<strong><em>\u2013<\/em><\/strong>&nbsp;<strong><em>Fortuna D\u00fcsseldorf (15.30 Uhr)<\/em><\/strong><\/p>\n\n\n\n<p>Sky: Marcus Lindemann (Einzelspiel), Tom Bayer (Konferenz)<\/p>\n\n\n\n<p>Field-Reporter: Martin Gro\u00df<\/p>\n\n\n\n<p><strong><em>SC Freiburg \u2013<\/em><\/strong>&nbsp;<strong><em>VfL Wolfsburg (15.30 Uhr)<\/em><\/strong> <\/p>\n\n\n\n<p>Sky: Klaus Veltmann (Einzelspiel), Holger Pfandt (Konferenz)<\/p>\n\n\n\n<p>Field-Reporter: Martin Winkler<\/p>\n\n\n\n<p><strong><em>FC Augsburg \u2013<\/em><\/strong>&nbsp;<strong><em>FSV Mainz 05 (15.30 Uhr)<\/em><\/strong><\/p>\n\n\n\n<p>Sky: Toni Tomic (Einzelspiel), Michael Born (Konferenz)<\/p>\n\n\n\n<p>Field-Reporter: Ulli Potofski<\/p>\n\n\n\n<p>Moderation:&nbsp;Jessica Libbertz,&nbsp;Experte:&nbsp;Dietmar Hamann<\/p>\n\n\n\n<p><span style=\"text-decoration: underline;\">ab 17.30 Uhr (Sky)<\/span><\/p>\n\n\n\n<p><strong><em>Bayer 04 Leverkusen \u2013<\/em><\/strong>&nbsp;<strong><em>FC Schalke 04 (18.30 Uhr)<\/em><\/strong><\/p>\n\n\n\n<p>Sky: Kai Dittmann<\/p>\n\n\n\n<p>Moderation (Sky): Sebastian Hellmann, Experte: Lothar Matth\u00e4us, Field-Reporter: Patrick Wasserziehr<\/p>\n\n\n\n<p><span style=\"text-decoration: underline;\">Sonntag, 08. Dezember 2019, ab 14.30 Uhr (Sky)<\/span><\/p>\n\n\n\n<p><strong><em>1.FC Union Berlin \u2013&nbsp;1.FC K\u00f6ln (15.30 Uhr)<\/em><\/strong><\/p>\n\n\n\n<p>Sky: Michael Born<\/p>\n\n\n\n<p>Field-Reporter: Esther Sedlacek <\/p>\n\n\n\n<p><span style=\"text-decoration: underline;\">ab 17.30 Uhr (Sky)<\/span><\/p>\n\n\n\n<p><strong><em>SV Werder Bremen \u2013&nbsp;SC Paderborn 07 (18.00 Uhr)<\/em><\/strong><\/p>\n\n\n\n<p>Sky: Holger Pfandt<\/p>\n\n\n\n<p>Field-Reporter (Sky): Marcus Lindemann <\/p>\n\n\n\n<p>Moderation (Sky): Britta Hofmann, Experte: Ewald Lienen<\/p>\n\n\n\n<p><strong>2.&nbsp;Bundesliga, 16. Spieltag<\/strong><\/p>\n\n\n\n<p><span style=\"text-decoration: underline;\">Freitag, 06. Dezember 2019, ab 18.00 Uhr (Sky)<\/span><\/p>\n\n\n\n<p><strong><em>Arminia Bielefeld \u2013 Karlsruher SC<\/em><\/strong>&nbsp;<strong><em>(18.30 Uhr)<\/em><\/strong><\/p>\n\n\n\n<p>Sky: Klaus Veltmann, Interviews: Schalte<\/p>\n\n\n\n<p><strong><em>Hamburger SV \u2013 1.FC Heidenheim <\/em><\/strong><strong><em>(18.30 Uhr)<\/em><\/strong><\/p>\n\n\n\n<p>Sky: Holger Pfandt, Field-Reporter: Sven T\u00f6llner<\/p>\n\n\n\n<p>Moderation (Sky): Stefan Hempel<\/p>\n\n\n\n<p><span style=\"text-decoration: underline;\">Samstag, 07. Dezember 2019 ab 12.30 Uhr (Sky)<\/span><\/p>\n\n\n\n<p><strong><em>Hannover 96 \u2013<\/em><\/strong>&nbsp;<strong><em>Erzgebirge Aue (13.00 Uhr)<\/em><\/strong><\/p>\n\n\n\n<p>Sky: J\u00fcrgen Schmitz, Field-Reporter: Jurek Rohrberg<\/p>\n\n\n\n<p><strong><em>Holstein Kiel \u2013 VfL Osnabr\u00fcck <\/em><\/strong><strong><em>(13.00 Uhr)<\/em><\/strong><\/p>\n\n\n\n<p>Sky: Markus G\u00f6tz, Interviews: Schalte<\/p>\n\n\n\n<p><strong><em>SpVgg Greuther F\u00fcrth \u2013 VfL Bochum <\/em><\/strong><strong><em>(13.00 Uhr)<\/em><\/strong><\/p>\n\n\n\n<p>Sky: Heiko Mallwitz<\/p>\n\n\n\n<p>Moderation (Sky): Peter Hardenacke<\/p>\n\n\n\n<p><span style=\"text-decoration: underline;\">Sonntag, 08. Dezember 2019, ab 13.00 Uhr (Sky)<\/span><\/p>\n\n\n\n<p><strong><em>SG Dynamo Dresden<\/em><\/strong>&nbsp;<strong><em>\u2013<\/em><\/strong>&nbsp;<strong><em>SV Sandhausen (13.30 Uhr)<\/em><\/strong><\/p>\n\n\n\n<p>Sky: J\u00f6rg Dahlmann, Interviews: Schalte <\/p>\n\n\n\n<p><strong><em>Jahn Regensburg \u2013 FC St. Pauli (13.30 Uhr)<\/em><\/strong><\/p>\n\n\n\n<p>Sky: Torsten Kunde, Interviews: Schalte <\/p>\n\n\n\n<p><strong><em>SV Wehen Wiesbaden \u2013<\/em><\/strong>&nbsp;<strong><em>SV Darmstadt 98 (13.30 Uhr)<\/em><\/strong><\/p>\n\n\n\n<p>Sky: Sven Haist, Field-Reporter: Marco Wiefel<\/p>\n\n\n\n<p>Moderation (Sky): Hartmut von Kameke<\/p>\n\n\n\n<p><span style=\"text-decoration: underline;\">Montag, 09. Dezember 2019, ab 20.00 Uhr (Sky)<\/span><\/p>\n\n\n\n<p><strong><em>VfB Stuttgart \u2013 1.FC N\u00fcrnberg <\/em><\/strong><strong><em>(20.30 Uhr)<\/em><\/strong><\/p>\n\n\n\n<p>Sky: Roland Evers<\/p>\n\n\n\n<p>Field-Reporter: Alexander Bonengel<\/p>\n\n\n\n<p>Moderation (Sky): Hartmut von Kameke<\/p>\n\n\n\n<p><strong>3. Liga, 18. Spieltag<\/strong><\/p>\n\n\n\n<p><span style=\"text-decoration: underline;\">Freitag, 06. Dezember 2019, ab 18.30 Uhr (Magenta Sport)<\/span><\/p>\n\n\n\n<p><strong><em>Chemnitzer FC<\/em><\/strong>&nbsp;<strong><em>\u2013<\/em><\/strong>&nbsp;<strong><em>FSV Zwickau (19.00 Uhr)<\/em><\/strong><\/p>\n\n\n\n<p>Magenta Sport: Andreas Mann<\/p>\n\n\n\n<p>Moderation (Magenta Sport): Stefanie Blochwitz, Experte: Rudi Bommer<\/p>\n\n\n\n<p><span style=\"text-decoration: underline;\">Samstag, 07. Dezember 2019, ab 13.45 Uhr (Magenta Sport)<\/span><\/p>\n\n\n\n<p><strong><em>Konferenz (14.00 Uhr)<\/em><\/strong><\/p>\n\n\n\n<p>Magenta Sport: Sascha Bandermann &amp; Martin Piller<\/p>\n\n\n\n<p><strong><em>W\u00fcrzburger Kickers<\/em><\/strong>&nbsp;<strong><em>\u2013<\/em><\/strong>&nbsp;<strong><em>FC Viktoria K\u00f6ln (14.00 Uhr)<\/em><\/strong><\/p>\n\n\n\n<p>Magenta Sport: S\u00f6nke Sievers<\/p>\n\n\n\n<p>Moderation (Magenta Sport): Gari Paubandt<\/p>\n\n\n\n<p><strong><em>1.FC Kaiserslautern<\/em><\/strong>&nbsp;<strong><em>\u2013<\/em><\/strong>&nbsp;<strong><em>Hallescher FC<\/em><\/strong>&nbsp;<strong><em>(14.00 Uhr)<\/em><\/strong><\/p>\n\n\n\n<p>Magenta Sport: Markus H\u00f6hner <\/p>\n\n\n\n<p>Moderation (Magenta Sport): Tobi Sch\u00e4fer <\/p>\n\n\n\n<p><strong><em>Carl-Zeiss Jena<\/em><\/strong>&nbsp;<strong><em>\u2013<\/em><\/strong>&nbsp;<strong><em>SpVgg Unterhaching (14.00 Uhr)<\/em><\/strong><\/p>\n\n\n\n<p>Magenta Sport: Andreas Mann <\/p>\n\n\n\n<p>Moderation (Magenta Sport): Benni Zander <\/p>\n\n\n\n<p><strong><em>TSV 1860 M\u00fcnchen<\/em><\/strong>&nbsp;<strong><em>\u2013<\/em><\/strong>&nbsp;<strong><em>SG Sonnenhof Gro\u00dfaspach (14.00 Uhr)<\/em><\/strong><\/p>\n\n\n\n<p>Magenta Sport: Oskar Heirler <\/p>\n\n\n\n<p>Moderation (Magenta Sport): Kevin Gerwin <\/p>\n\n\n\n<p><span style=\"text-decoration: underline;\">ab 13.45 Uhr (Magenta Sport) &amp; ab 14.00 Uhr (Dritte)<\/span><\/p>\n\n\n\n<p><strong><em>KFC Uerdingen<\/em><\/strong>&nbsp;<strong><em>\u2013<\/em><\/strong>&nbsp;<strong><em>Hansa Rostock (14.00 Uhr)<\/em><\/strong><\/p>\n\n\n\n<p>WDR: ???        <\/p>\n\n\n\n<p>NDR: ???<\/p>\n\n\n\n<p>Magenta Sport: Stefan Fuckert<\/p>\n\n\n\n<p>Moderation (NDR): Andreas K\u00e4ckell<\/p>\n\n\n\n<p>Moderation (Magenta Sport): Thomas Wagner                                                                                                                                                                                                                                         <\/p>\n\n\n\n<p><strong><em>1.FC Magdeburg<\/em><\/strong>&nbsp;<strong><em>\u2013<\/em><\/strong>&nbsp;<strong><em>FC Ingolstadt<\/em><\/strong>&nbsp;<strong><em>(14.00 Uhr)<\/em><\/strong><\/p>\n\n\n\n<p>MDR: Torsten P\u00fcschel <\/p>\n\n\n\n<p>BR: Phillip Eger<\/p>\n\n\n\n<p>Magenta Sport: Alexander K\u00fcpper<\/p>\n\n\n\n<p>Moderation (MDR): ???<\/p>\n\n\n\n<p>Moderation (BR): Flo Eckl <\/p>\n\n\n\n<p>Moderation (Magenta Sport): Stefanie Blochwitz<\/p>\n\n\n\n<p><span style=\"text-decoration: underline;\">Sonntag, 07. November 2019, ab 12.45 Uhr (Magenta Sport)<\/span><\/p>\n\n\n\n<p><strong><em>Waldhof Mannheim \u2013<\/em><\/strong>&nbsp; <strong><em>Eintracht Braunschweig<\/em><\/strong>&nbsp;<strong><em>(13.00 Uhr)<\/em><\/strong><\/p>\n\n\n\n<p>Magenta Sport: Christian Stra\u00dfburger<\/p>\n\n\n\n<p>Moderation (Magenta Sport): Thomas Wagner, Experte: Rudi Bommer<\/p>\n\n\n\n<p><span style=\"text-decoration: underline;\">ab 13.30 Uhr (Magenta Sport)<\/span><\/p>\n\n\n\n<p><strong><em>MSV Duisburg<\/em><\/strong>&nbsp;<strong><em>\u2013<\/em><\/strong>&nbsp;<strong><em>FC Bayern M\u00fcnchen II<\/em><\/strong>&nbsp;<strong><em>(14.00 Uhr)<\/em><\/strong><\/p>\n\n\n\n<p>Magenta Sport: Markus H\u00f6hner <\/p>\n\n\n\n<p>Moderation (Magenta Sport): Cedrick Pick<\/p>\n\n\n\n<p><span style=\"text-decoration: underline;\">Montag, 09. Dezember 2019, ab 18.45 Uhr (Magenta Sport)<\/span><\/p>\n\n\n\n<p><strong><em>SV Meppen<\/em><\/strong>&nbsp;<strong><em>\u2013<\/em><\/strong>&nbsp;<strong><em>Preu\u00dfen M\u00fcnster (19.00 Uhr)<\/em><\/strong><\/p>\n\n\n\n<p>Magenta Sport: Gari Paubandt<\/p>\n\n\n\n<p>Moderation (Magenta Sport): Kamilla Benschop<\/p>\n\n\n\n<p><strong>Premier League, 16. Spieltag<\/strong><\/p>\n\n\n\n<p><span style=\"text-decoration: underline;\">Samstag, 07. Dezember 2019, ab 13.20 Uhr (Sky)<\/span><\/p>\n\n\n\n<p><em><strong>FC Everton \u2013&nbsp;FC Chelsea (13.30 Uhr)<\/strong><\/em><\/p>\n\n\n\n<p>Sky: Jogi Hebel<\/p>\n\n\n\n<p><span style=\"text-decoration: underline;\">ab 15.50 Uhr (Sky)<\/span><\/p>\n\n\n\n<p><strong><em>AFC Bournemouth \u2013&nbsp;FC Liverpool (16.00 Uhr)<\/em><\/strong><\/p>\n\n\n\n<p>Sky: Hannes Herrmann<\/p>\n\n\n\n<p><span style=\"text-decoration: underline;\">ab 18.00 Uhr (Sky)<\/span><\/p>\n\n\n\n<p><strong><em>Manchester City&nbsp;\u2013&nbsp;Manchester United (18.30 Uhr)<\/em><\/strong><\/p>\n\n\n\n<p>Sky: Florian Schmidt-Sommerfeld, Experte: Erik Meijer <\/p>\n\n\n\n<p><span style=\"text-decoration: underline;\">Sonntag, 24. November 2019, ab 14:50 Uhr (Sky)<\/span><\/p>\n\n\n\n<p><strong><em>Aston Villa \u2013&nbsp;Leicester City (15.00 Uhr)<\/em><\/strong><\/p>\n\n\n\n<p>Sky: Hansi K\u00fcpper<\/p>\n\n\n\n<p><span style=\"text-decoration: underline;\">ab 17.20 Uhr (Sky)<\/span><\/p>\n\n\n\n<p><strong><em>Brighton &amp; Hove Albion \u2013 Wolverhampton Wanderers (17.30 Uhr)<\/em><\/strong><\/p>\n\n\n\n<p>Sky: Jonas Friedrich <\/p>\n\n\n\n<p><span style=\"text-decoration: underline;\">Montag, 09.Dezember 2019, ab 20:50 Uhr (Sky)<\/span><\/p>\n\n\n\n<p><strong><em>West Ham United \u2013&nbsp;FC Arsenal (21.00 Uhr)<\/em><\/strong><\/p>\n\n\n\n<p>Sky: Markus Gaupp<\/p>\n\n\n\n<p><strong>Frauen-Bundesliga, 10. Spieltag<\/strong><\/p>\n\n\n\n<p><span style=\"text-decoration: underline;\">Freitag, 06. Dezember 2019 ab 19.00 (Eurosport) &amp; 19.15 Uhr (Magenta Sport)<\/span><\/p>\n\n\n\n<p><strong><em>1.FC Bayern M\u00fcnchen<\/em><\/strong>&nbsp;<strong><em>\u2013<\/em><\/strong>&nbsp;<strong><em>SC Freiburg (19.15 Uhr)<\/em><\/strong><\/p>\n\n\n\n<p>Eurosport: Matthias Stach<\/p>\n\n\n\n<p>Magenta Sport: Martin Piller<\/p>\n\n\n\n<p>Moderation (Eurosport): Anna Kraft<\/p>\n\n\n\n<p><span style=\"text-decoration: underline;\">Samstag, 07. Dezember 2019, ab 12.55 (ONE) bzw. 13.00 Uhr (Magenta Sport)<\/span><\/p>\n\n\n\n<p><strong><em>Turbine Potsdam \u2013 1.FFC Frankfurt (13.00 Uhr)<\/em><\/strong><\/p>\n\n\n\n<p>ONE: Lars Becker<\/p>\n\n\n\n<p>Magenta Sport: Alexander Kunz<\/p>\n\n\n\n<p>Moderation (ONE): Christian Dexne<\/p>\n\n\n\n<p><span style=\"text-decoration: underline;\">Sonntag, 08. Dezember 2019, ab 14.00 Uhr (Magenta Sport)<\/span><\/p>\n\n\n\n<p><strong><em>SC Sand \u2013 VfL Wolfsburg (14.00 Uhr)<\/em><\/strong><\/p>\n\n\n\n<p>Magenta Sport: Oskar Heirler <\/p>\n\n\n\n<p><strong><em>Fu\u00dfball International<\/em><\/strong><\/p>\n\n\n\n<p><span style=\"text-decoration: underline;\">Freitag, 06. Dezember 2019<\/span><\/p>\n\n\n\n<p>Eredivisie, 16. Spieltag: <strong><em>Ajax Amsterdam \u2013 Willem II Tilburg (20.15 Uhr)<\/em><\/strong><\/p>\n\n\n\n<p>sportdigital FUSSBALL: Hannes Herrmann<\/p>\n\n\n\n<p>Serie A, 15. Spieltag:&nbsp;<strong><em>Inter Mailand \u2013 AS Rom (20.45 Uhr)<\/em><\/strong><\/p>\n\n\n\n<p>DAZN: Tino Polster, Experte: Christian Bernhard<\/p>\n\n\n\n<p>La Liga; 16.Spieltag: <strong><em>Villareal \u2013 Atletico Madrid (21.00 Uhr)<\/em><\/strong><\/p>\n\n\n\n<p>DAZN: Uwe Morawe<\/p>\n\n\n\n<p>Liga NOS, 13. Spieltag:&nbsp;<strong><em>Boavista Porto FC \u2013 Benfica Lissabon<\/em><\/strong>&nbsp;<strong><em>(Live-Einstieg um 22.25 Uhr)<\/em><\/strong><\/p>\n\n\n\n<p>sportdigital FUSSBALL: Karsten Linke<\/p>\n\n\n\n<p><span style=\"text-decoration: underline;\">Samstag, 07. Dezember 2019<\/span><\/p>\n\n\n\n<p>J1 League, 34. Spieltag:&nbsp;<strong><em>Yokohama F-Marinos \u2013 FC Tokyo (06.00 Uhr)<\/em><\/strong><\/p>\n\n\n\n<p>sportdigital FUSSBALL: Christian Blunck<\/p>\n\n\n\n<p>Hyundai A-League, 9.Spieltag: <strong><em>Sydney FC <\/em><\/strong> <strong><em>\u2013<\/em><\/strong> <strong><em>Brisbane Roar (09.36 Uhr)<\/em><\/strong><\/p>\n\n\n\n<p>sportdigital FUSSBALL: Christian Blunck <\/p>\n\n\n\n<p>La Liga, 16. Spieltag:&nbsp;<strong><em>Real Madrid  \u2013 Espanyol Barcelona (13.00 Uhr)<\/em><\/strong><\/p>\n\n\n\n<p>DAZN: Jan Platte, Experte: Jonas Hummels<\/p>\n\n\n\n<p>Sky Bet Championship, 20. Spieltag: <strong><em>Huddersfield<\/em><\/strong> <strong><em>\u2013<\/em><\/strong> <strong><em>Town Leeds United (13.30 Uhr)<\/em><\/strong><\/p>\n\n\n\n<p>sportdigital FUSSBALL: Florian Obst<\/p>\n\n\n\n<p>DAZN: Uwe Morawe<\/p>\n\n\n\n<p>Sky Bet Championship, 20. Spieltag:&nbsp;<strong><em>Sheffield Wednesday \u2013 Brentford FC (<\/em><\/strong><strong><em>16.00 Uhr)<\/em><\/strong><\/p>\n\n\n\n<p>sportdigital FUSSBALL: J\u00f6rg Steiger<\/p>\n\n\n\n<p>Ligue 1, 17. Spieltag: <strong><em>Montpellier \u2013 Paris Saint-Germain (17.30 Uhr)<\/em><\/strong><\/p>\n\n\n\n<p>DAZN: Stefan Galler, Experte: Alexis Menuge<\/p>\n\n\n\n<p>Serie A, 15. Spieltag:&nbsp;<strong><em>Udinese Calcio \u2013 SSC Neapel (18.00 Uhr)<\/em><\/strong><\/p>\n\n\n\n<p>DAZN: Matthias Naebers<\/p>\n\n\n\n<p>La Liga, 16. Spieltag:&nbsp;<strong><em>UD Levante<\/em><\/strong> <strong><em>\u2013<\/em><\/strong> <strong><em>FC Valencia (18.30 Uhr)<\/em><\/strong><\/p>\n\n\n\n<p>DAZN: Ruben Zimmermann<\/p>\n\n\n\n<p>Eredivisie, 16. Spieltag:&nbsp;<strong><em>PSV Eindhoven \u2013 Fortuna Sittard <\/em><\/strong><strong><em>(19.45 Uhr)<\/em><\/strong><\/p>\n\n\n\n<p>sportdigital FUSSBALL: Karsten Linke<\/p>\n\n\n\n<p>Serie A, 15. Spieltag:&nbsp;<strong><em>Lazio Rom \u2013 Juventus Turin (20.45 Uhr)<\/em><\/strong><\/p>\n\n\n\n<p>DAZN: Marco Hagemann, Experte: Ralph Gunesch<\/p>\n\n\n\n<p>Moderation (DAZN): Christoph Stadler<\/p>\n\n\n\n<p>La Liga, 16. Spieltag:&nbsp;<strong><em>FC Barcelona \u2013 Real Mallorca <\/em><\/strong><strong><em>(21.00 Uhr)<\/em><\/strong><\/p>\n\n\n\n<p>DAZN: Flo Hauser, Experte: Benny Lauth<\/p>\n\n\n\n<p><span style=\"text-decoration: underline;\">Sonntag, 08. Dezember 2019<\/span><\/p>\n\n\n\n<p>Sky Bet Championship, 20. Spieltag: <strong><em>West Bromwich Albion \u2013 Swansea City (13.00 Uhr)<\/em><\/strong><\/p>\n\n\n\n<p>sportdigital FUSSBALL: Christian Blunck<\/p>\n\n\n\n<p>La Liga, 16. Spieltag: <strong><em>Real Betis \u2013 Athletic Bilbao (14.00 Uhr)<\/em><\/strong><\/p>\n\n\n\n<p>DAZN: Daniel G\u00fcnther <\/p>\n\n\n\n<p>Serie A, 15. Spieltag:&nbsp;<strong><em>FC Turin \u2013 AC Florenz (15.00 Uhr)<\/em><\/strong><\/p>\n\n\n\n<p>DAZN: Carsten Fu\u00df<\/p>\n\n\n\n<p>Ekstraklasa, 18. Spieltag:&nbsp;<strong><em>Pogon Szczecin \u2013 Piast Gliwice <\/em><\/strong><strong><em>(15.00 Uhr)<\/em><\/strong><\/p>\n\n\n\n<p>sportdigital FUSSBALL: J\u00f6rg Steiger<\/p>\n\n\n\n<p>Scottish League Cup:&nbsp;<strong><em>Glasgow Rangers \u2013 Celtic Glasgow (16.00 Uhr)<\/em><\/strong><\/p>\n\n\n\n<p>DAZN: Oliver Forster <\/p>\n\n\n\n<p>Liga NOS, 13. Spieltag:&nbsp;<strong><em>Sporting Lissabon \u2013 Moreirense FC (18.30 Uhr)<\/em><\/strong><\/p>\n\n\n\n<p>sportdigital FUSSBALL: Karsten Linke <\/p>\n\n\n\n<p>Liga NOS, 13. Spieltag: <strong><em>Belenenses Lissabon \u2013 FC Porto (21.00 Uhr)<\/em><\/strong><\/p>\n\n\n\n<p>sportdigital FUSSBALL: Arne Malsch<\/p>\n\n\n\n<p>DAZN: Matthias Naebers<\/p>\n\n\n\n<p>La Liga, 16. Spieltag: <strong><em>Osasuna \u2013 FC Sevilla (21.00 Uhr)<\/em><\/strong><\/p>\n\n\n\n<p>DAZN: Nico Seepe<\/p>\n\n\n\n<p><strong><em>Die Analyse<\/em><\/strong><\/p>\n\n\n\n<p><strong>DAZN nur aus der Box<\/strong><\/p>\n\n\n\n<p>Den&nbsp;<strong>Bundesligaspieltag<\/strong>&nbsp;er\u00f6ffnen Schl\u00fcter, Hunke und&nbsp;&nbsp;Gunesch &#8211; leider aus der Box. Nur Field-Reporterin Ann-Sophie Kimmels Weg f\u00fchrt&nbsp;&nbsp;in die Frankfurter Commerzbankarena &#8211; m\u00fcsste ihr erster Einsatz dieser Art in der Bundesliga sein. Gutes Gelingen!&nbsp;<\/p>\n\n\n\n<p><strong>Vorgezogenes Topspiel und der ewige Holger Pfandt&nbsp;<\/strong><\/p>\n\n\n\n<p><strong>Samstag<\/strong>nachmittag gibt\u2019s bei Sky das eigentliche Topspiel zwischen M\u2018 Gladbach und Bayern mit Fuss und Heuser. Das Heimspiel vom BVB gegen die Fortuna D\u00fcsseldorf \u00fcbernimmt Marcus Lindemann. Martin Gro\u00df macht hier den Field-Reporter, weil Lindemann am Tag darauf in Bremen die Interviews f\u00fchrt. Etwas \u00fcberraschend kommen K\u00fcpper (BMG-FCB) und Bayer (BVB-F95j in der Konferenz zum Einsatz. Zus\u00e4tzlich h\u00f6rt ihr Friedrich, Pfandt und Born in der Konferenz &#8211; f\u00fcnfmal geballte Ladung an purer Erfahrung. Seidler bleibt im n\u00f6rdlichen Teil Deutschlands, Tomic im S\u00fcden und Veltmann nimmt die immer etwas kompliziertere Anreise nach Freiburg auf sich und hat SSNHD-Reporter Martin Winkler mit dabei.&nbsp;<\/p>\n\n\n\n<p>Wer in Sachen Kommentatoren aufgepasst hat, wei\u00df, dass beispielsweise Frank Buschmann und Kai Dittmann noch fehlen. Letzter darf mal wieder beim Topspiel ran. Auf der Reise zu Sky90 nach M\u00fcnchen macht auch Patrick Wasserziehr&nbsp;&nbsp;Halt in Leverkusen.&nbsp;<\/p>\n\n\n\n<p>Von M\u00fcnchen geht\u2018s am&nbsp;<strong>Sonntag<\/strong>&nbsp;f\u00fcr Born nach Berlin. Interviews \u00fcbernimmt die geb\u00fcrtige Berlinerin Esther Sedlacek. Zum Abschluss kommentiert Holger Pfandt Bremen gegen Paderborn &#8211; dies wird sein f\u00fcnfter Einsatz in f\u00fcnf Tagen. Premier League, 1. und 2. Bundesliga, Einzelspiel oder Konferenz. Pfandt ist diese Woche der Mann f\u00fcr alles!&nbsp;<\/p>\n\n\n\n<p><strong>Montagsspiel und Markus G\u00f6tz<\/strong><\/p>\n\n\n\n<p>In&nbsp;<strong>Liga2<\/strong>&nbsp;kehrt das Montagsspiel zur\u00fcck und den Kommentar liefert Roland Evers live aus dem Stadion. Auf Stimmenfang geht Alexander Bonengel. Hartmut von Kameke ersetzt weiterhin den erkrankten Erkenbrecher im Studio in Unterf\u00f6hring. Sky kann, au\u00dfer nach F\u00fcrth, zumindest dieses Wochenende f\u00fcr Interviews in alle anderen Stadien schalten. Was f\u00e4llt noch auf: Handballexperte Markus G\u00f6tz h\u00f6ren wir mal wieder beim Fu\u00dfball &#8211; unter der Woche wird er auch bei der Champions League Konferenz zum Einsatz kommen.&nbsp;<\/p>\n\n\n\n<p><strong>Gro\u00dfkampftag im Osten und Traditionsduell<\/strong><\/p>\n\n\n\n<p>Der&nbsp;<strong>Drittligaspieltag<\/strong>&nbsp;startet mit dem Ost-Duell zwischen Chemnitz und Zwickau. Passend \u00fcbernehmen mit Mann und Blochwitz zwei, die auch im Osten beheimatet sind.<\/p>\n\n\n\n<p>Mann zieht am Samstag weiter nach Jena, Blochwitz nach Magdeburg. Die Podcast-Jungs H\u00f6hner und Sch\u00e4fer reisen&nbsp;&nbsp;von K\u00f6ln nach Kaiserslautern.&nbsp;<\/p>\n\n\n\n<p>Die \u00f6ffentlich-rechtlichen Sender gehen mit folgender Aufstellung ins Rennen: Wenig \u00fcberraschend teilen sich MDR und BR die Partie der Zweitligaabsteiger Magdeburg und Ingolstadt. Ehemaliger Eurosport Bundesligakommentator Eger (\u00fcbrigens bei dem Tennis Grand Slams f\u00fcr Eurosport immer dabei) kommentiert, Flo Eckl moderiert f\u00fcr den BR. Torsten P\u00fcschel macht\u2019s im MDR. WDR und NDR \u00fcbertragen Uerdingen gegen Rostock &#8211; sollte geografisch Sinn ergeben.&nbsp;<\/p>\n\n\n\n<p>Sonntag ist das Traditionsduell zwischen Mannheim und Braunschweig angesetzt. Unser Interviewgast Christian Stra\u00dfburger nimmt die Reise von M\u2018 Gladbach nach Mannheim in Kauf. Thomas Wagner reist aus K\u00f6ln an. Rudi Bommer ist Experte f\u00fcr Magenta Sport.&nbsp;<\/p>\n\n\n\n<p>Das Montagsspiel zwischen Meppen und M\u00fcnster klingt bei diesen Temperaturen nach einem Abnutzungskampf. Ex-Sky Redakteur Gari Paubandt und Kamilla Benschop sind f\u00fcr uns in Meppen.&nbsp;<\/p>\n\n\n\n<p><strong>Premier League, Frauen-Bundesliga und Internationaler Fu\u00dfball<\/strong><\/p>\n\n\n\n<p>Jogi Hebel sitzt wie in der gro\u00dfen PL-Konferenz am Mittwoch bei Chelsea am Mikro. Der zweite Neuzugang Hannes Herrmann macht mal wieder Liverpool, nachdem er Tags zuvor noch in Hamburg bei sportdigital FUSSBALL aktiv. Das \u201eMatch of the week\u201c wird von Sonntag auf Samstag verschoben &#8211; its Derbytime in Manchester. Hansi K\u00fcpper und Jonas Friedrich haben \u00fcbrigens beide Gefallen an der Premier League. Wir h\u00f6ren sie am Sonntag.&nbsp;<\/p>\n\n\n\n<p>Wintersport und Biathlon sehen wir dieses Wochenende im ZDF. Zeit f\u00fcr Biathlonkommentator Christian Dexne bei ONE Frauenfu\u00dfballbegegnung zwischen Potsdam und Frankfurt zu moderieren. Weitere Spiele zeigt zudem wie immer Magenta Sport.&nbsp;<\/p>\n\n\n\n<p>Im Internationalen Fu\u00dfball ist diese Woche wieder viel los. Auff\u00e4llig: Bei DAZN h\u00f6ren wir zweimal Uwe Morawe. Samstagmittag kommentiert Christian Blunck bei sportdigital FUSSBALL zwei Partien hintereinander. Hintereinander kommt auch Jan Platte zum Einsatz. Erst Real gegen Espanyol und nach kurzer Pause gibt\u2019s mit ihm die Vork\u00e4mpfe zum gro\u00dfen Schwergewichtsfight zwischen Joshua und Ruiz. Den begleitet Uli Hebel und hat quasi den Vorzug vor Platte erhalten. Den ersten Kampf hatte auch schon der j\u00fcngere der Hebel-Br\u00fcder kommentiert. Das Duo Hagemann und Gunesch mal wieder vereint bei Juve-Lazio. Carsten Fu\u00df, der Italienexperte, \u201emuss\u201c sich mit dem Spiel des FC Turin am Sonntag begn\u00fcgen.<br><\/p>\n\n\n\n<p> Sch\u00f6nes Fu\u00dfballwochenende! <\/p>\n","protected":false},"excerpt":{"rendered":"<p>FohlenRadio &#8211; und Magenta Sport &#8211; Kommentator Christian \u201eStrassi\u201c Stra\u00dfburger ist nicht nur ein begnadeter S\u00e4nger, sondern zweifelsfrei auch eine Bereicherung f\u00fcr unsere Branche. Im ersten Teil des exklusiven kommentatorenblog-Interviews sprechen wir \u00fcber berufliche Idole und die intensiven Anf\u00e4nge seines Sportreporter-Daseins. kommentatorenblog: Christian, wie alt bist du eigentlich? Christian Stra\u00dfburger: Hast du das nicht herausgefunden? [&hellip;]<\/p>\n","protected":false},"author":3,"featured_media":0,"comment_status":"open","ping_status":"open","sticky":false,"template":"","format":"standard","meta":{"footnotes":""},"categories":[424],"tags":[20,10,178,60,57,35,13,14,61,182,173,104,211,93,159,79,80,9,95,17,15,208,23,22,134,18,107,196],"class_list":["post-679","post","type-post","status-publish","format-standard","hentry","category-bundesliga-und-co","tag-2-bundesliga","tag-3-liga","tag-br","tag-bundesliga","tag-christian-blunck","tag-christian-strassburger","tag-dazn","tag-eurosport","tag-frank-buschmann","tag-frauen-bundesliga","tag-frauenfussball","tag-hannes-herrmann","tag-hartmut-von-kameke","tag-kai-dittmann","tag-la-liga","tag-liga-nos","tag-ligue1","tag-magenta-sport","tag-martin-gross","tag-mdr","tag-ndr","tag-one","tag-premier-league","tag-sky","tag-sportdigital-fussball","tag-wdr","tag-wolff-fuss","tag-yannick-erkenbrecher"],"_links":{"self":[{"href":"https:\/\/kommentatorenblog.de\/index.php?rest_route=\/wp\/v2\/posts\/679","targetHints":{"allow":["GET"]}}],"collection":[{"href":"https:\/\/kommentatorenblog.de\/index.php?rest_route=\/wp\/v2\/posts"}],"about":[{"href":"https:\/\/kommentatorenblog.de\/index.php?rest_route=\/wp\/v2\/types\/post"}],"author":[{"embeddable":true,"href":"https:\/\/kommentatorenblog.de\/index.php?rest_route=\/wp\/v2\/users\/3"}],"replies":[{"embeddable":true,"href":"https:\/\/kommentatorenblog.de\/index.php?rest_route=%2Fwp%2Fv2%2Fcomments&post=679"}],"version-history":[{"count":70,"href":"https:\/\/kommentatorenblog.de\/index.php?rest_route=\/wp\/v2\/posts\/679\/revisions"}],"predecessor-version":[{"id":758,"href":"https:\/\/kommentatorenblog.de\/index.php?rest_route=\/wp\/v2\/posts\/679\/revisions\/758"}],"wp:attachment":[{"href":"https:\/\/kommentatorenblog.de\/index.php?rest_route=%2Fwp%2Fv2%2Fmedia&parent=679"}],"wp:term":[{"taxonomy":"category","embeddable":true,"href":"https:\/\/kommentatorenblog.de\/index.php?rest_route=%2Fwp%2Fv2%2Fcategories&post=679"},{"taxonomy":"post_tag","embeddable":true,"href":"https:\/\/kommentatorenblog.de\/index.php?rest_route=%2Fwp%2Fv2%2Ftags&post=679"}],"curies":[{"name":"wp","href":"https:\/\/api.w.org\/{rel}","templated":true}]}}