{"id":6950,"date":"2021-02-22T19:43:10","date_gmt":"2021-02-22T18:43:10","guid":{"rendered":"http:\/\/kommentatorenblog.de\/?p=6950"},"modified":"2021-02-25T15:19:22","modified_gmt":"2021-02-25T14:19:22","slug":"1150-verpassen-die-mavs-die-playoffs","status":"publish","type":"post","link":"https:\/\/kommentatorenblog.de\/?p=6950","title":{"rendered":"1150 \u2013 Verpassen die Mavs die Playoffs?"},"content":{"rendered":"\n<p>N\u00b4Abend allerseits, <\/p>\n\n\n\n<p>zun\u00e4chst ein kleines Dankesch\u00f6n an Justin, der einen Teil der Ansetzungen \u00fcbernommen hat. Beim letzten Mal hatte ich euch gefragt, \u00fcber welches NBA-Team ich beim n\u00e4chsten Mal ein bisschen was erz\u00e4hlen soll. Letztendlich habt ihr euch f\u00fcr die Dallas Mavericks entschieden. <\/p>\n\n\n\n<p>Erstmal ein Blick auf die Statistik: Derzeit haben die Mavs eine negative Bilanz, sie stehen bei 13-15 und belegen somit lediglich den 10 Platz im Westen. In der vergangenen Saison stellten die Texaner die beste Offensive der Liga, zumindest was die Points per Game betrifft &#8211; dieses Jahr belegt Dallas in dieser Statistik jedoch nur noch Rang 16! Weitere Probleme: Das Rebounding (Platz 29 in der NBA, lediglich die Raptors sind schlechter) und der Ball l\u00e4uft, verglichen zu den anderen Teams, wesentlich schlechter (23,1 Assists per Game, reicht zu Platz 25). Sehr auff\u00e4llig: Luka Doncic, der Franchise-Player und Leader des Teams, spielt mit 9,4 Assists die meisten in seiner noch jungen Karriere, nach ihm kommt dann erst der Backup-Point Guard Jalen Brunson mit 3,6 Assists pro Spiel. Ergo: In dieser Starting Five, bestehend aus Doncic, Richardson, Finney-Smith, Kleber und Porzingis fehlt es an Ballverteilern. <br>Josh Richardson kam vor dieser Saison aus Philadelphia, im Gegenzug wurde Seth Curry nach Philly geschickt. Richardson sollte vor allem f\u00fcr eine bessere Defense sorgen und ein bisschen die Rolle des sekund\u00e4ren Playmakers \u00fcbernehmen. Letzteres klappt nur bedingt, wenn man sieht, das Richardson nur in seinen ersten beiden Saisons in der Liga weniger Assists gespielt hat wie momentan. (2,7 APG)<\/p>\n\n\n\n<p>Wir haben die Assists von Doncic angesprochen &#8211; es k\u00f6nnten wohl sogar noch mehr als die angesprochenen 9,4 Assists sein, wenn die Mavs ihre 3er besser treffen w\u00fcrden. Es gilt ein bisschen die Faustregel: Wenn du 40% deiner 3er triffst, ist dies v\u00f6llig in Ordnung. Bei der Mannschaft aus Dallas gibt es jedoch nur einen, der diese Quote \u00fcbertrifft &#8211; und dieser Jemand tr\u00e4gt nicht etwa den Namen Luka Doncic oder Kristaps Porzingis: Es ist Maxi Kleber, welcher absurd starke 45,3% seiner 3er im Korb unterbringt. Alle anderen Mavs sind unter der 40%-Marke &#8211; eben bereits angesprochener Josh Richardson, welcher ja &#8222;3 and D&#8220;, also 3er und Defense, nach Dallas bringen sollte, trifft lediglich 29,6% seiner 3er &#8211; dies ist ein enorm schwacher Wert.<\/p>\n\n\n\n<p>Dann ist da noch die Sache mit dem &#8222;Unicorn&#8220; Kristaps Porzingis. Jedes Dallas-Spiel scheint hierbei eine Wunderkiste zu sein. An einem Abend sieht Porzingis aus wie ganz der Alte und trifft 3er vom Logo und ist effizient, am n\u00e4chsten Abend hat der Lette jedoch \u00fcberhaupt keinen Rhythmus und strahlt kaum Gefahr aus &#8211; auch in der Defense wirkt Porzingis oftmals auff\u00e4llig langsam oder gar lustlos. Auch das Zusammenspiel mit Doncic, welches in der Bubble in Orlando wunderbar anzusehen war, scheint eher einen Schritt zur\u00fcck gemacht zu haben. Ich bin gespannt ob Porzingis sich wieder in den Griff bekommt &#8211; ein Doncic alleine wird die Mavs kaum in die Conference-Finals bringen k\u00f6nnen, er ben\u00f6tigt einen zweiten Star. Diese Rolle soll Porzingis einnehmen, tut es bislang aber nicht konstant.<\/p>\n\n\n\n<p>Und auch ein Doncic ist nicht fehlerfrei: Klar, schaut man lediglich auf die Statistiken gibt es keinerlei Zweifel, dass seine Ernennung zum All-Star-Game-Starter richtig gewesen ist. Jedoch h\u00e4tte ich pers\u00f6nlich eher Damian Lillard von den Portland Trail Blazers als Starter gesehen. Versteht mich nicht falsch: Was Doncic auf dem Court macht ist herrlich mit anzusehen, wunderbar &#8211; sofern es den funktioniert. Manchmal, wenn ich mir Spiele der Mavs ansehe, frage ich mich aber auch: &#8222;Was tut er denn da?&#8220; Wie h\u00e4ufig nimmt er im Duell am Perimeter gegen Big-Man einen Stepback-Dreier, obwohl es, aus meiner Sicht, die bessere Entscheidung w\u00e4re, zum Korb zu ziehen, vor allem da Doncic den 3er nicht wirklich  effizient trifft. Aber: Der Mann ist erst 21 (und damit, wie mir gerade auff\u00e4llt, j\u00fcnger als meine Wenigkeit) und seine Entscheidungsfindung wird sich auf jeden Fall noch bessern. Er ist schon jetzt ein gro\u00dfartiger Spieler und er wird nur noch besser werden &#8211; ich freue mich darauf.<\/p>\n\n\n\n<p>Was bleibt abschlie\u00dfend zu sagen? Mache ich mir Sorgen, dass die Mavs gar die Playoffs nicht erreichen k\u00f6nnten? Auf keinen Fall &#8211; Doncic wird weiter hervorragend spielen und ich gehe mal fest davon aus, dass Porzingis sich im Laufe der Saison weiterhin stabilisiert. Des weiteren hat man, aus meiner Sicht, mit Maxi Kleber einen der besten Rollenspieler der Liga. Die Mavs sind bislang immer f\u00fcr eine \u00dcberraschung gut gewesen in dieser Saison: Entweder sie ballern die Gegner aus der Halle oder gehen selber v\u00f6llig unter. Sobald bei den Mavs mal ein bisschen Konstanz herrscht wird es schon laufen, da mache ich mir keinerlei Gedanken.<\/p>\n\n\n\n<p>Eure Gedanken zu den Mavs? Gerne in die Kommentare damit &#8211; gerne auch Vorschl\u00e4ge f\u00fcr kommende Themen, welche die NBA betreffen!<\/p>\n\n\n\n<p>Wir sind der Kommentatorenblog, haben bislang aber noch nicht \u00fcber Kommentatoren geredet &#8211; da wir es jetzt von der NBA hatten liefere ich euch hier mal die Kommentatoren der NBA-Begegnungen auf DAZN f\u00fcr die laufende Woche<\/p>\n\n\n\n<p><span style=\"text-decoration: underline;\">Dienstag, 23. Februar 2021, ab 02.30 Uhr<\/span><\/p>\n\n\n\n<p><strong>Memphis Grizzlies @ Dallas Mavericks<\/strong><\/p>\n\n\n\n<p>DAZN: Martin Gr\u00e4fe<\/p>\n\n\n\n<p><span style=\"text-decoration: underline;\">Mittwoch, 24. Februar 2021, ab 01.30 Uhr<\/span><\/p>\n\n\n\n<p><strong>Boston Celtics @ Dallas Mavericks<\/strong><\/p>\n\n\n\n<p>DAZN: Christoph Stadtler, Experte: Alexander Vogel<\/p>\n\n\n\n<p><span style=\"text-decoration: underline;\">Donnerstag, 25. Februar 2021, ab 04.00 Uhr<\/span><\/p>\n\n\n\n<p><strong>Los Angeles Lakers @ Utah Jazz<\/strong><\/p>\n\n\n\n<p>DAZN: Martin Gr\u00e4fe, Experte: Jan Jagla<\/p>\n\n\n\n<p><span style=\"text-decoration: underline;\">Freitag, 26. Februar 2021, ab 01.00 Uhr <\/span><\/p>\n\n\n\n<p><strong>Dallas Mavericks @ Philadelphia 76ers<\/strong><\/p>\n\n\n\n<p>DAZN: Lukas Sch\u00f6nm\u00fcller, Experte: Alexander Vogel<\/p>\n\n\n\n<p><span style=\"text-decoration: underline;\">ab 03.30 Uhr<\/span><\/p>\n\n\n\n<p><strong>New Orleans Pelicans @ Milwaukee Bucks<\/strong><\/p>\n\n\n\n<p>DAZN: Flo Pertsch<\/p>\n\n\n\n<p><span style=\"text-decoration: underline;\">Samstag, 27. Februar 2021, ab 04.00 Uhr<\/span><\/p>\n\n\n\n<p><strong>Portland Trail Blazers @ Los Angeles Lakers<\/strong><\/p>\n\n\n\n<p>DAZN: Freddy Harder, Experte: Dre Voigt<\/p>\n\n\n\n<p>Und jetzt zum Fu\u00dfball &#8211; schau an, es ist ja wieder Zeit f\u00fcr die Champion League!<\/p>\n\n\n\n<hr class=\"wp-block-separator\"\/>\n\n\n\n<p><strong><em>Die Ansetzungen vom 23. Februar bis zum 25. Februar 202<\/em><\/strong>1<\/p>\n\n\n\n<p><strong>Champions League Achtelfinale, Hinspiel<\/strong><\/p>\n\n\n\n<p><span style=\"text-decoration: underline;\">Dienstag, 23. Februar 2021, ab 19.30 Uhr (Sky)<\/span><\/p>\n\n\n\n<p><em><strong>Lazio Rom \u2013 FC Bayern M\u00fcnchen (21.00 Uhr)<\/strong><\/em><\/p>\n\n\n\n<p class=\"has-normal-font-size\">Sky: <img loading=\"lazy\" decoding=\"async\" width=\"10\" height=\"21\" class=\"wp-image-3656\" style=\"width: 10px;\" src=\"http:\/\/kommentatorenblog.de\/wp-content\/uploads\/2020\/09\/shure-55sh-ii-e1601485394796.jpg\" alt=\"\" srcset=\"https:\/\/kommentatorenblog.de\/wp-content\/uploads\/2020\/09\/shure-55sh-ii-e1601485394796.jpg 415w, https:\/\/kommentatorenblog.de\/wp-content\/uploads\/2020\/09\/shure-55sh-ii-e1601485394796-142x300.jpg 142w\" sizes=\"auto, (max-width: 10px) 100vw, 10px\" \/> Wolff Fuss (Einzelspiel), Frank Buschmann (Konferenz) <\/p>\n\n\n\n<p><span style=\"text-decoration: underline;\">ab 19.30 Uhr (Sky) bzw. 20.45 Uhr (DAZN)<\/span><\/p>\n\n\n\n<p><em><strong>Atl\u00e9tico Madrid \u2013 FC Chelsea (21.00 Uhr)<\/strong><\/em><\/p>\n\n\n\n<p>DAZN: <img loading=\"lazy\" decoding=\"async\" width=\"10\" height=\"21\" class=\"wp-image-3656\" style=\"width: 10px;\" src=\"http:\/\/kommentatorenblog.de\/wp-content\/uploads\/2020\/09\/shure-55sh-ii-e1601485394796.jpg\" alt=\"\" srcset=\"https:\/\/kommentatorenblog.de\/wp-content\/uploads\/2020\/09\/shure-55sh-ii-e1601485394796.jpg 415w, https:\/\/kommentatorenblog.de\/wp-content\/uploads\/2020\/09\/shure-55sh-ii-e1601485394796-142x300.jpg 142w\" sizes=\"auto, (max-width: 10px) 100vw, 10px\" \/> Lukas Sch\u00f6nm\u00fcller, Experte: Ralph Gunesch (Einzelspiel)<br>Sky: <img loading=\"lazy\" decoding=\"async\" width=\"10\" height=\"21\" class=\"wp-image-3656\" style=\"width: 10px;\" src=\"http:\/\/kommentatorenblog.de\/wp-content\/uploads\/2020\/09\/shure-55sh-ii-e1601485394796.jpg\" alt=\"\" srcset=\"https:\/\/kommentatorenblog.de\/wp-content\/uploads\/2020\/09\/shure-55sh-ii-e1601485394796.jpg 415w, https:\/\/kommentatorenblog.de\/wp-content\/uploads\/2020\/09\/shure-55sh-ii-e1601485394796-142x300.jpg 142w\" sizes=\"auto, (max-width: 10px) 100vw, 10px\" \/> Kai Dittmann (Konferenz)<\/p>\n\n\n\n<p>Moderation (DAZN): Tobi Wahnschaffe<\/p>\n\n\n\n<p>Studio-Moderation (Sky): Sebastian Hellmann, Experten: Lothar Matth\u00e4us und Erik Meijer, Gast: Michael Ballack<\/p>\n\n\n\n<p><span style=\"text-decoration: underline;\">Mittwoch, 24. Februar 2021, ab 19.30 Uhr (Sky) bzw. 20.30 Uhr (DAZN)<\/span><\/p>\n\n\n\n<p><em><strong>Borussia M\u00f6nchengladbach \u2013 Manchester City (21.00 Uhr)<\/strong><\/em><\/p>\n\n\n\n<p>DAZN: <img loading=\"lazy\" decoding=\"async\" width=\"10\" height=\"21\" class=\"wp-image-3656\" style=\"width: 10px;\" src=\"http:\/\/kommentatorenblog.de\/wp-content\/uploads\/2020\/09\/shure-55sh-ii-e1601485394796.jpg\" alt=\"\" srcset=\"https:\/\/kommentatorenblog.de\/wp-content\/uploads\/2020\/09\/shure-55sh-ii-e1601485394796.jpg 415w, https:\/\/kommentatorenblog.de\/wp-content\/uploads\/2020\/09\/shure-55sh-ii-e1601485394796-142x300.jpg 142w\" sizes=\"auto, (max-width: 10px) 100vw, 10px\" \/> Jan Platte, Experte: Sandro Wagner (Einzelspiel), Field-Reporter: Max Siebald <br>Sky: <img loading=\"lazy\" decoding=\"async\" width=\"10\" height=\"21\" class=\"wp-image-3656\" style=\"width: 10px;\" src=\"http:\/\/kommentatorenblog.de\/wp-content\/uploads\/2020\/09\/shure-55sh-ii-e1601485394796.jpg\" alt=\"\" srcset=\"https:\/\/kommentatorenblog.de\/wp-content\/uploads\/2020\/09\/shure-55sh-ii-e1601485394796.jpg 415w, https:\/\/kommentatorenblog.de\/wp-content\/uploads\/2020\/09\/shure-55sh-ii-e1601485394796-142x300.jpg 142w\" sizes=\"auto, (max-width: 10px) 100vw, 10px\" \/> Kai Dittmann (Konferenz)<\/p>\n\n\n\n<p>Moderation (DAZN): Alex Schl\u00fcter<\/p>\n\n\n\n<p><span style=\"text-decoration: underline;\">ab 19.30 Uhr (Sky)<\/span><\/p>\n\n\n\n<p><em><strong>Atalanta Bergamo \u2013 Real Madrid (21.00 Uhr)<\/strong><\/em><\/p>\n\n\n\n<p class=\"has-normal-font-size\">Sky: <img loading=\"lazy\" decoding=\"async\" width=\"10\" height=\"21\" class=\"wp-image-3656\" style=\"width: 10px;\" src=\"http:\/\/kommentatorenblog.de\/wp-content\/uploads\/2020\/09\/shure-55sh-ii-e1601485394796.jpg\" alt=\"\" srcset=\"https:\/\/kommentatorenblog.de\/wp-content\/uploads\/2020\/09\/shure-55sh-ii-e1601485394796.jpg 415w, https:\/\/kommentatorenblog.de\/wp-content\/uploads\/2020\/09\/shure-55sh-ii-e1601485394796-142x300.jpg 142w\" sizes=\"auto, (max-width: 10px) 100vw, 10px\" \/> Marcel Meinert (Einzelspiel), Wolff Fuss (Konferenz)<\/p>\n\n\n\n<p>Studio-Moderation (Sky): Michael Leopold, Experten: Dietmar Hamann und Erik Meijer, Gast: Dennis Aogo<\/p>\n\n\n\n<hr class=\"wp-block-separator\"\/>\n\n\n\n<p><strong>Europa League Zwischenrunde, R\u00fcckspiele<\/strong><\/p>\n\n\n\n<p><span style=\"text-decoration: underline;\">Mittwoch, 24. Februar 2021, ab 17.55 Uhr (DAZN) <\/span><\/p>\n\n\n\n<p><strong><em>Tottenham Hotspur \u2013 Wolfsberger AC (18.00 Uhr) <\/em><\/strong><\/p>\n\n\n\n<p class=\"has-normal-font-size\"><img loading=\"lazy\" decoding=\"async\" width=\"10\" height=\"21\" class=\"wp-image-3656\" style=\"width: 10px;\" src=\"http:\/\/kommentatorenblog.de\/wp-content\/uploads\/2020\/09\/shure-55sh-ii-e1601485394796.jpg\" alt=\"\" srcset=\"https:\/\/kommentatorenblog.de\/wp-content\/uploads\/2020\/09\/shure-55sh-ii-e1601485394796.jpg 415w, https:\/\/kommentatorenblog.de\/wp-content\/uploads\/2020\/09\/shure-55sh-ii-e1601485394796-142x300.jpg 142w\" sizes=\"auto, (max-width: 10px) 100vw, 10px\" \/> Flo Hauser, Experte: Max Nicu<\/p>\n\n\n\n<p><span style=\"text-decoration: underline;\">Donnerstag, 25. Februar 2021, ab 18.40 Uhr (DAZN)<\/span><\/p>\n\n\n\n<p><em><strong>GoalZone<\/strong><\/em><\/p>\n\n\n\n<p class=\"has-normal-font-size\"><img loading=\"lazy\" decoding=\"async\" width=\"10\" height=\"21\" class=\"wp-image-3656\" style=\"width: 10px;\" src=\"http:\/\/kommentatorenblog.de\/wp-content\/uploads\/2020\/09\/shure-55sh-ii-e1601485394796.jpg\" alt=\"\" srcset=\"https:\/\/kommentatorenblog.de\/wp-content\/uploads\/2020\/09\/shure-55sh-ii-e1601485394796.jpg 415w, https:\/\/kommentatorenblog.de\/wp-content\/uploads\/2020\/09\/shure-55sh-ii-e1601485394796-142x300.jpg 142w\" sizes=\"auto, (max-width: 10px) 100vw, 10px\" \/> Lukas Sch\u00f6nm\u00fcller und Jan L\u00fcdeke<\/p>\n\n\n\n<p><span style=\"text-decoration: underline;\">ab 18.50 Uhr (DAZN)<\/span><\/p>\n\n\n\n<p><em><strong>TSG 1899 Hoffenheim \u2013 Molde FK (18.55 Uhr)<\/strong><\/em><\/p>\n\n\n\n<p class=\"has-normal-font-size\"><img loading=\"lazy\" decoding=\"async\" width=\"10\" height=\"21\" class=\"wp-image-3656\" style=\"width: 10px;\" src=\"http:\/\/kommentatorenblog.de\/wp-content\/uploads\/2020\/09\/shure-55sh-ii-e1601485394796.jpg\" alt=\"\" srcset=\"https:\/\/kommentatorenblog.de\/wp-content\/uploads\/2020\/09\/shure-55sh-ii-e1601485394796.jpg 415w, https:\/\/kommentatorenblog.de\/wp-content\/uploads\/2020\/09\/shure-55sh-ii-e1601485394796-142x300.jpg 142w\" sizes=\"auto, (max-width: 10px) 100vw, 10px\" \/> Uli Hebel, Experte: Sebastian Knei\u00dfl, Field-Reporterin: Ann-Sophie Kimmel<\/p>\n\n\n\n<p><em><strong>FC Arsenal \u2013 Benfica Lissabon (18.55 Uhr)<\/strong><\/em><\/p>\n\n\n\n<p class=\"has-normal-font-size\"><img loading=\"lazy\" decoding=\"async\" width=\"10\" height=\"21\" class=\"wp-image-3656\" style=\"width: 10px;\" src=\"http:\/\/kommentatorenblog.de\/wp-content\/uploads\/2020\/09\/shure-55sh-ii-e1601485394796.jpg\" alt=\"\" srcset=\"https:\/\/kommentatorenblog.de\/wp-content\/uploads\/2020\/09\/shure-55sh-ii-e1601485394796.jpg 415w, https:\/\/kommentatorenblog.de\/wp-content\/uploads\/2020\/09\/shure-55sh-ii-e1601485394796-142x300.jpg 142w\" sizes=\"auto, (max-width: 10px) 100vw, 10px\" \/> Freddy Harder<\/p>\n\n\n\n<p><em><strong>FC Villarreal \u2013 RB Salzburg (18.55 Uhr)<\/strong><\/em><\/p>\n\n\n\n<p class=\"has-normal-font-size\"><img loading=\"lazy\" decoding=\"async\" width=\"10\" height=\"21\" class=\"wp-image-3656\" style=\"width: 10px;\" src=\"http:\/\/kommentatorenblog.de\/wp-content\/uploads\/2020\/09\/shure-55sh-ii-e1601485394796.jpg\" alt=\"\" srcset=\"https:\/\/kommentatorenblog.de\/wp-content\/uploads\/2020\/09\/shure-55sh-ii-e1601485394796.jpg 415w, https:\/\/kommentatorenblog.de\/wp-content\/uploads\/2020\/09\/shure-55sh-ii-e1601485394796-142x300.jpg 142w\" sizes=\"auto, (max-width: 10px) 100vw, 10px\" \/> Max Gross<\/p>\n\n\n\n<p><em><strong>SSC Neapel<em><strong> \u2013<\/strong><\/em><\/strong> <strong>Granada (18.55 Uhr)<\/strong><\/em><\/p>\n\n\n\n<p class=\"has-normal-font-size\"><img loading=\"lazy\" decoding=\"async\" width=\"10\" height=\"21\" class=\"wp-image-3656\" style=\"width: 10px;\" src=\"http:\/\/kommentatorenblog.de\/wp-content\/uploads\/2020\/09\/shure-55sh-ii-e1601485394796.jpg\" alt=\"\" srcset=\"https:\/\/kommentatorenblog.de\/wp-content\/uploads\/2020\/09\/shure-55sh-ii-e1601485394796.jpg 415w, https:\/\/kommentatorenblog.de\/wp-content\/uploads\/2020\/09\/shure-55sh-ii-e1601485394796-142x300.jpg 142w\" sizes=\"auto, (max-width: 10px) 100vw, 10px\" \/> Mario Rieker<\/p>\n\n\n\n<p><span style=\"text-decoration: underline;\">ab 20.15 Uhr (Nitro) bzw. ab 20.55 Uhr (DAZN)<\/span><\/p>\n\n\n\n<p><em><strong>Bayer 04 Leverkusen \u2013 Young Boys Bern (21.00 Uhr)<\/strong><\/em><\/p>\n\n\n\n<p class=\"has-normal-font-size\">Nitro: <img loading=\"lazy\" decoding=\"async\" width=\"10\" height=\"21\" class=\"wp-image-3656\" style=\"width: 10px;\" src=\"http:\/\/kommentatorenblog.de\/wp-content\/uploads\/2020\/09\/shure-55sh-ii-e1601485394796.jpg\" alt=\"\" srcset=\"https:\/\/kommentatorenblog.de\/wp-content\/uploads\/2020\/09\/shure-55sh-ii-e1601485394796.jpg 415w, https:\/\/kommentatorenblog.de\/wp-content\/uploads\/2020\/09\/shure-55sh-ii-e1601485394796-142x300.jpg 142w\" sizes=\"auto, (max-width: 10px) 100vw, 10px\" \/> Marco Hagemann, Experte: Steffen Freund<br>DAZN: <img loading=\"lazy\" decoding=\"async\" width=\"10\" height=\"21\" class=\"wp-image-3656\" style=\"width: 10px;\" src=\"http:\/\/kommentatorenblog.de\/wp-content\/uploads\/2020\/09\/shure-55sh-ii-e1601485394796.jpg\" alt=\"\" srcset=\"https:\/\/kommentatorenblog.de\/wp-content\/uploads\/2020\/09\/shure-55sh-ii-e1601485394796.jpg 415w, https:\/\/kommentatorenblog.de\/wp-content\/uploads\/2020\/09\/shure-55sh-ii-e1601485394796-142x300.jpg 142w\" sizes=\"auto, (max-width: 10px) 100vw, 10px\" \/> Jan Platte, Experte: Ralph Gunesch, Field-Reporterin: Antonia Wisgickl<\/p>\n\n\n\n<p>Moderation (Nitro): Laura Wontorra, Experte: Roman Weidenfeller<\/p>\n\n\n\n<p><span style=\"text-decoration: underline;\">ab 20.55 Uhr (DAZN)<\/span><\/p>\n\n\n\n<p><em><strong>AS Rom \u2013 Sporting Braga (21.00 Uhr)<\/strong><\/em><\/p>\n\n\n\n<p class=\"has-normal-font-size\"><img loading=\"lazy\" decoding=\"async\" width=\"10\" height=\"21\" class=\"wp-image-3656\" style=\"width: 10px;\" src=\"http:\/\/kommentatorenblog.de\/wp-content\/uploads\/2020\/09\/shure-55sh-ii-e1601485394796.jpg\" alt=\"\" srcset=\"https:\/\/kommentatorenblog.de\/wp-content\/uploads\/2020\/09\/shure-55sh-ii-e1601485394796.jpg 415w, https:\/\/kommentatorenblog.de\/wp-content\/uploads\/2020\/09\/shure-55sh-ii-e1601485394796-142x300.jpg 142w\" sizes=\"auto, (max-width: 10px) 100vw, 10px\" \/> Marcel Seufert<\/p>\n\n\n\n<p><em><strong>PSV Eindhoven \u2013 Olympiakos Pir\u00e4us (21.00 Uhr)<\/strong><\/em><\/p>\n\n\n\n<p class=\"has-normal-font-size\"><img loading=\"lazy\" decoding=\"async\" width=\"10\" height=\"21\" class=\"wp-image-3656\" style=\"width: 10px;\" src=\"http:\/\/kommentatorenblog.de\/wp-content\/uploads\/2020\/09\/shure-55sh-ii-e1601485394796.jpg\" alt=\"\" srcset=\"https:\/\/kommentatorenblog.de\/wp-content\/uploads\/2020\/09\/shure-55sh-ii-e1601485394796.jpg 415w, https:\/\/kommentatorenblog.de\/wp-content\/uploads\/2020\/09\/shure-55sh-ii-e1601485394796-142x300.jpg 142w\" sizes=\"auto, (max-width: 10px) 100vw, 10px\" \/> Ruben Zimmermann <\/p>\n\n\n\n<p><em><strong>Manchester United \u2013 Real Sociedad  (21.00 Uhr)<\/strong><\/em><\/p>\n\n\n\n<p class=\"has-normal-font-size\"><img loading=\"lazy\" decoding=\"async\" width=\"10\" height=\"21\" class=\"wp-image-3656\" style=\"width: 10px;\" src=\"http:\/\/kommentatorenblog.de\/wp-content\/uploads\/2020\/09\/shure-55sh-ii-e1601485394796.jpg\" alt=\"\" srcset=\"https:\/\/kommentatorenblog.de\/wp-content\/uploads\/2020\/09\/shure-55sh-ii-e1601485394796.jpg 415w, https:\/\/kommentatorenblog.de\/wp-content\/uploads\/2020\/09\/shure-55sh-ii-e1601485394796-142x300.jpg 142w\" sizes=\"auto, (max-width: 10px) 100vw, 10px\" \/> Uwe Morawe, Experte: Benny Lauth<\/p>\n\n\n\n<p><em><strong>AC Mailand \u2013 Roter Stern Belgrad (21.00 Uhr)<\/strong><\/em><\/p>\n\n\n\n<p class=\"has-normal-font-size\"><img loading=\"lazy\" decoding=\"async\" width=\"10\" height=\"21\" class=\"wp-image-3656\" style=\"width: 10px;\" src=\"http:\/\/kommentatorenblog.de\/wp-content\/uploads\/2020\/09\/shure-55sh-ii-e1601485394796.jpg\" alt=\"\" srcset=\"https:\/\/kommentatorenblog.de\/wp-content\/uploads\/2020\/09\/shure-55sh-ii-e1601485394796.jpg 415w, https:\/\/kommentatorenblog.de\/wp-content\/uploads\/2020\/09\/shure-55sh-ii-e1601485394796-142x300.jpg 142w\" sizes=\"auto, (max-width: 10px) 100vw, 10px\" \/> Carsten Fu\u00df<\/p>\n\n\n\n<p><em><strong>Leicester City \u2013 Slavia Prag (21.00 Uhr)<\/strong><\/em><\/p>\n\n\n\n<p class=\"has-normal-font-size\"><img loading=\"lazy\" decoding=\"async\" width=\"10\" height=\"21\" class=\"wp-image-3656\" style=\"width: 10px;\" src=\"http:\/\/kommentatorenblog.de\/wp-content\/uploads\/2020\/09\/shure-55sh-ii-e1601485394796.jpg\" alt=\"\" srcset=\"https:\/\/kommentatorenblog.de\/wp-content\/uploads\/2020\/09\/shure-55sh-ii-e1601485394796.jpg 415w, https:\/\/kommentatorenblog.de\/wp-content\/uploads\/2020\/09\/shure-55sh-ii-e1601485394796-142x300.jpg 142w\" sizes=\"auto, (max-width: 10px) 100vw, 10px\" \/> Nico Seepe<\/p>\n\n\n\n<hr class=\"wp-block-separator\"\/>\n\n\n\n<p><strong>2. Bundesliga, Nachholspiel vom 20. Spieltag (Sky)<\/strong><\/p>\n\n\n\n<p><span style=\"text-decoration: underline;\">Dienstag, 23. Februar 2021, ab 18.15 Uhr<\/span><\/p>\n\n\n\n<p><strong><em>SC Paderborn <em><strong>\u2013<\/strong><\/em> 1. FC Heidenheim<\/em><\/strong><\/p>\n\n\n\n<p class=\"has-normal-font-size\"><img loading=\"lazy\" decoding=\"async\" width=\"10\" height=\"21\" class=\"wp-image-3656\" style=\"width: 10px;\" src=\"http:\/\/kommentatorenblog.de\/wp-content\/uploads\/2020\/09\/shure-55sh-ii-e1601485394796.jpg\" alt=\"\" srcset=\"https:\/\/kommentatorenblog.de\/wp-content\/uploads\/2020\/09\/shure-55sh-ii-e1601485394796.jpg 415w, https:\/\/kommentatorenblog.de\/wp-content\/uploads\/2020\/09\/shure-55sh-ii-e1601485394796-142x300.jpg 142w\" sizes=\"auto, (max-width: 10px) 100vw, 10px\" \/> Toni Tomic<\/p>\n\n\n\n<p>Field-Reporter: Dirk gro\u00dfe Schlarmann <\/p>\n\n\n\n<hr class=\"wp-block-separator\"\/>\n\n\n\n<p><strong>3. Liga, Nachholspiel vom 22. Spieltag (Magenta Sport)<\/strong><\/p>\n\n\n\n<p><span style=\"text-decoration: underline;\">Mittwoch, 24. Februar 2021, ab 18.45 Uhr<\/span><\/p>\n\n\n\n<p><strong><em>SG Dynamo Dresden <em><strong>\u2013<\/strong><\/em><\/em> <em>FC Bayern M\u00fcnchen II (19.00 Uhr)<\/em><\/strong><\/p>\n\n\n\n<p class=\"has-normal-font-size\"><img loading=\"lazy\" decoding=\"async\" width=\"10\" height=\"21\" class=\"wp-image-3656\" style=\"width: 10px;\" src=\"http:\/\/kommentatorenblog.de\/wp-content\/uploads\/2020\/09\/shure-55sh-ii-e1601485394796.jpg\" alt=\"\" srcset=\"https:\/\/kommentatorenblog.de\/wp-content\/uploads\/2020\/09\/shure-55sh-ii-e1601485394796.jpg 415w, https:\/\/kommentatorenblog.de\/wp-content\/uploads\/2020\/09\/shure-55sh-ii-e1601485394796-142x300.jpg 142w\" sizes=\"auto, (max-width: 10px) 100vw, 10px\" \/> Andreas Mann<\/p>\n\n\n\n<p>Moderation: Annett Sattler <\/p>\n\n\n\n<hr class=\"wp-block-separator\"\/>\n\n\n\n<p><strong>Premier League, Nachholspiele vom 18. Spieltag (Sky)<\/strong><\/p>\n\n\n\n<p><span style=\"text-decoration: underline;\">Dienstag, 23. Februar 2021, ab 18.50 Uhr<\/span><\/p>\n\n\n\n<p><strong><em>Leeds United<em><strong> \u2013<\/strong><\/em> FC Southampton (19.00 Uhr)<\/em><\/strong><\/p>\n\n\n\n<p class=\"has-normal-font-size\"><img loading=\"lazy\" decoding=\"async\" width=\"10\" height=\"21\" class=\"wp-image-3656\" style=\"width: 10px;\" src=\"http:\/\/kommentatorenblog.de\/wp-content\/uploads\/2020\/09\/shure-55sh-ii-e1601485394796.jpg\" alt=\"\" srcset=\"https:\/\/kommentatorenblog.de\/wp-content\/uploads\/2020\/09\/shure-55sh-ii-e1601485394796.jpg 415w, https:\/\/kommentatorenblog.de\/wp-content\/uploads\/2020\/09\/shure-55sh-ii-e1601485394796-142x300.jpg 142w\" sizes=\"auto, (max-width: 10px) 100vw, 10px\" \/> Joachim Hebel <\/p>\n\n\n\n<hr class=\"wp-block-separator\"\/>\n\n\n\n<p><strong>Nachholspiel La Liga, 01. Spieltag<\/strong> <strong>(DAZN)<\/strong><\/p>\n\n\n\n<p><span style=\"text-decoration: underline;\">Mittwoch, 24. Februar 2021, ab 19.00 Uhr <\/span><\/p>\n\n\n\n<p><strong><em>FC Barcelona<em><strong> \u2013 <\/strong><\/em>FC Elche (19.00 Uhr)<\/em><\/strong><\/p>\n\n\n\n<p class=\"has-normal-font-size\"><img loading=\"lazy\" decoding=\"async\" width=\"10\" height=\"21\" class=\"wp-image-3656\" style=\"width: 10px;\" src=\"http:\/\/kommentatorenblog.de\/wp-content\/uploads\/2020\/09\/shure-55sh-ii-e1601485394796.jpg\" alt=\"\" srcset=\"https:\/\/kommentatorenblog.de\/wp-content\/uploads\/2020\/09\/shure-55sh-ii-e1601485394796.jpg 415w, https:\/\/kommentatorenblog.de\/wp-content\/uploads\/2020\/09\/shure-55sh-ii-e1601485394796-142x300.jpg 142w\" sizes=\"auto, (max-width: 10px) 100vw, 10px\" \/> Guido H\u00fcsgen, Experte: Michael Hofmann <\/p>\n\n\n\n<hr class=\"wp-block-separator\"\/>\n\n\n\n<p><strong>Internationaler Fu\u00dfball (Sportdigital FUSSBALL)<\/strong><\/p>\n\n\n\n<p><span style=\"text-decoration: underline;\">Dienstag, 23. Februar 2021<\/span><\/p>\n\n\n\n<p>Hyundai A-League, 8. Spieltag: <strong><em>Melbourne City<em><strong> \u2013 <\/strong><\/em>Sydney FC (08.50 Uhr)<\/em><\/strong><\/p>\n\n\n\n<p class=\"has-normal-font-size\"><img loading=\"lazy\" decoding=\"async\" width=\"10\" height=\"21\" class=\"wp-image-3656\" style=\"width: 10px;\" src=\"http:\/\/kommentatorenblog.de\/wp-content\/uploads\/2020\/09\/shure-55sh-ii-e1601485394796.jpg\" alt=\"\" srcset=\"https:\/\/kommentatorenblog.de\/wp-content\/uploads\/2020\/09\/shure-55sh-ii-e1601485394796.jpg 415w, https:\/\/kommentatorenblog.de\/wp-content\/uploads\/2020\/09\/shure-55sh-ii-e1601485394796-142x300.jpg 142w\" sizes=\"auto, (max-width: 10px) 100vw, 10px\" \/> Jakob Vogel<\/p>\n\n\n\n<p>Sky Bet Championship, 32. Spieltag: <strong><em>Rotherham United<em><strong> \u2013<\/strong> <\/em>Nottingham Forest<\/em><\/strong> <strong><em>(20.30 Uhr)<\/em><\/strong><\/p>\n\n\n\n<p class=\"has-normal-font-size\"><img loading=\"lazy\" decoding=\"async\" width=\"10\" height=\"21\" class=\"wp-image-3656\" style=\"width: 10px;\" src=\"http:\/\/kommentatorenblog.de\/wp-content\/uploads\/2020\/09\/shure-55sh-ii-e1601485394796.jpg\" alt=\"\" srcset=\"https:\/\/kommentatorenblog.de\/wp-content\/uploads\/2020\/09\/shure-55sh-ii-e1601485394796.jpg 415w, https:\/\/kommentatorenblog.de\/wp-content\/uploads\/2020\/09\/shure-55sh-ii-e1601485394796-142x300.jpg 142w\" sizes=\"auto, (max-width: 10px) 100vw, 10px\" \/> Florian Obst<\/p>\n\n\n\n<p><span style=\"text-decoration: underline;\">Mittwoch, 24. Februar 2021<\/span><\/p>\n\n\n\n<p>Eredivisie, 21. Spieltag: <strong><em>FC Groningen <em><strong>\u2013<\/strong><\/em><\/em><\/strong> <strong><em>Feyenoord Rotterdam<\/em><\/strong> <strong><em>(18.30 Uhr)<\/em><\/strong><\/p>\n\n\n\n<p class=\"has-normal-font-size\"><img loading=\"lazy\" decoding=\"async\" width=\"10\" height=\"21\" class=\"wp-image-3656\" style=\"width: 10px;\" src=\"http:\/\/kommentatorenblog.de\/wp-content\/uploads\/2020\/09\/shure-55sh-ii-e1601485394796.jpg\" alt=\"\" srcset=\"https:\/\/kommentatorenblog.de\/wp-content\/uploads\/2020\/09\/shure-55sh-ii-e1601485394796.jpg 415w, https:\/\/kommentatorenblog.de\/wp-content\/uploads\/2020\/09\/shure-55sh-ii-e1601485394796-142x300.jpg 142w\" sizes=\"auto, (max-width: 10px) 100vw, 10px\" \/> Christian Blunck<\/p>\n\n\n\n<p>Sky Bet Championship, 32. Spieltag: <strong><em>Preston North End <em><strong>\u2013<\/strong><\/em><\/em><\/strong> <strong><em>Queens Park Rangers (20.30 Uhr)<\/em><\/strong><\/p>\n\n\n\n<p class=\"has-normal-font-size\"><img loading=\"lazy\" decoding=\"async\" width=\"10\" height=\"21\" class=\"wp-image-3656\" style=\"width: 10px;\" src=\"http:\/\/kommentatorenblog.de\/wp-content\/uploads\/2020\/09\/shure-55sh-ii-e1601485394796.jpg\" alt=\"\" srcset=\"https:\/\/kommentatorenblog.de\/wp-content\/uploads\/2020\/09\/shure-55sh-ii-e1601485394796.jpg 415w, https:\/\/kommentatorenblog.de\/wp-content\/uploads\/2020\/09\/shure-55sh-ii-e1601485394796-142x300.jpg 142w\" sizes=\"auto, (max-width: 10px) 100vw, 10px\" \/> Hannes Herrmann <\/p>\n\n\n\n<hr class=\"wp-block-separator\"\/>\n\n\n\n<p><strong>Die Analyse<\/strong><\/p>\n\n\n\n<p><strong>Box und Ballack<\/strong><\/p>\n\n\n\n<p>\u00dcbliche Aufteilung ab dem Achtelfinale: Ein Spiel am Abend bei Sky, das andere l\u00e4uft bei DAZN. Wir hatten ihn bereits beim Basketball aufgelistet, aber auch beim Fu\u00dfball ist die Ansetzung von Lukas Sch\u00f6nm\u00fcller keinerlei \u00dcberraschung. Er freut sich bei Chelsea-Atl\u00e9tico mit Tobi Wahnschaffe und Ralph Gunesch &#8211; nat\u00fcrlich aus bekannten Gr\u00fcnden nicht aus dem Stadion. Bei der &#8222;Wiederholung&#8220; bei Sky wird Roland Evers im Einsatz sein. <\/p>\n\n\n\n<p>Wolff Fuss k\u00fcmmert sich um das Einzelspiel der Bayern in Rom &#8211; der Kommentar kommt hierbei wegen der Corona-Pandemie aus der Box. Einen Field-Reporter wird\u00b4s nicht geben. Interviews werden per Live-Schalte gef\u00fchrt. In der Konferenz kehrt Frank Buschmann nach seiner Pause zur\u00fcck. Er spielt sich mit Kai Dittmann die B\u00e4lle zu. Und wenn Chelsea und Bayern spielen, ist Michael Ballack als Experte bestimmt nicht die schlechteste Wahl. Bei DAZN kommentiert niemand Geringeres als Uli Hebel das Relive\/die Highlights. <\/p>\n\n\n\n<p><strong>Siebald ist der Auserw\u00e4hlte<\/strong><\/p>\n\n\n\n<p>Tags darauf darf DAZN das Spiel mit deutscher Beteiligung zeigen, M\u00f6nchengladbach bekommt es mit Manchester City zu tun. Jan Platte und Sandro Wagner \u00fcbernehmen das Mikro in der Kommentatoren-Box im Ismaning. Max Siebald ist der Gl\u00fcckliche in Budapest &#8211; er f\u00fchrt die Interviews in der ungarischen Hauptstadt. Jonas Friedrich kommentiert die Wiederholung bei Sky. Dies ist insofern eine \u00dcberraschung, als das Marcel Meinert das Livespiel zwischen Real Madrid und Atalanta Bergamo im Dienstplan stehen hat. Andersherum w\u00e4re diese Ansetzung zumindest &#8222;typischer&#8220; f\u00fcr Sky gewesen. Das Re-Live f\u00fcr DAZN begleitet wieder einmal Nico Seepe. Fuss \u00fcbernimmt den warmen Stuhl von Buschmann in der Konferenz. Sky mit der Besetzung Kai Dittmann darf wieder maximal 50 Minuten von BMG-MCI in der Konferenz zeigen. Hei\u00dft auch: Bereits angesprochener Wolff Fuss freut sich auf mindestens 40 Minuten Einsatzzeit im Parallelspiel. Und wir k\u00f6nnen festhalten: Martin Gro\u00df hat diese Woche frei. <\/p>\n\n\n\n<p><strong>Tottenham am Mittwoch, Revanche f\u00fcr das &#8222;Wunder von Bern&#8220; auch bei Nitro<\/strong><\/p>\n\n\n\n<p>In der Europa League steigt bereits am Mittwoch eine Begegnung. Bei DAZN steht diese ganz im Zeichen der Freundschaft zwischen Flo Hauser und dem ehemaligen Bundesliga-Profi Max Nicu. Donnerstag fehlt Stadtler mal wieder in der GoalZone, Sch\u00f6nm\u00fcller springt wieder ein. Im Notfall ist bei den Einzelspielen auch wieder f\u00fcr jeden etwas dabei. Die Neuauflage des &#8222;Wunder von Berns&#8220; zeigt auch Nitro mit der \u00fcblichen Crew. Bei DAZN gibt es bei den Spielen mit deutscher Beteiligung auch keine \u00dcberraschungen. <\/p>\n\n\n\n<p><strong>Nachholspiele, Herrmann und ein freier Donnerstag<\/strong><\/p>\n\n\n\n<p>Neben der Champions und Europa League freuen wir uns auf einige Nachholspiele aus dem In- und Ausland. In der 2. Bundesliga meldet sich Toni Tomic am Dienstag bei Paderborn-Heidenheim aus der Box &#8211; im Westen der Republik gibt\u00b4s nat\u00fcrlich den Field-Reporter-Einsatz f\u00fcr Dirk gro\u00dfe Schlarmann. Magenta Sport setzt in Dresden auf eine klassische Ost-Crew. Joachim Hebel ist die Adresse f\u00fcr Nachholspiele von der Insel. Das doppelte H \u00fcbernimmt Barca gegen Elche. <\/p>\n\n\n\n<p>Bei sportdigital Fussball &#8222;muss&#8220; am Mittwoch mal wieder Hannes Herrmann ran. Er spult zurzeit mit HBL, PL und eben den Eins\u00e4tzen in Hamburg ein ordentliches Pensum ab. <\/p>\n\n\n\n<p>Euch eine sch\u00f6ne Fr\u00fchlingswoche!<\/p>\n","protected":false},"excerpt":{"rendered":"<p>N\u00b4Abend allerseits, zun\u00e4chst ein kleines Dankesch\u00f6n an Justin, der einen Teil der Ansetzungen \u00fcbernommen hat. Beim letzten Mal hatte ich euch gefragt, \u00fcber welches NBA-Team ich beim n\u00e4chsten Mal ein bisschen was erz\u00e4hlen soll. Letztendlich habt ihr euch f\u00fcr die Dallas Mavericks entschieden. Erstmal ein Blick auf die Statistik: Derzeit haben die Mavs eine negative [&hellip;]<\/p>\n","protected":false},"author":4,"featured_media":0,"comment_status":"open","ping_status":"open","sticky":false,"template":"","format":"standard","meta":{"footnotes":""},"categories":[425],"tags":[20,10,49,160,171,13,392,55,82,132,61,194,179,48,93,159,31,205,9,70,43,438,279,500,192,191,41,23,108,350,98,22,81,134,24,105,107],"class_list":["post-6950","post","type-post","status-publish","format-standard","hentry","category-champions-league-und-co","tag-2-bundesliga","tag-3-liga","tag-alex-schlueter","tag-champions-league","tag-christoph-stadtler","tag-dazn","tag-dirk-grosse-schlarmann","tag-eredivisie","tag-erik-meijer","tag-flo-hauser","tag-frank-buschmann","tag-goalzone","tag-hyundai-a-league","tag-jan-platte","tag-kai-dittmann","tag-la-liga","tag-lothar-matthaeus","tag-lukas-schoenmueller","tag-magenta-sport","tag-marcel-meinert","tag-marco-hagemann","tag-max-nicu","tag-max-siebald","tag-michael-ballack","tag-nba","tag-nico-seepe","tag-nitro","tag-premier-league","tag-ralph-gunesch","tag-sandro-wagner","tag-sebastian-hellmann","tag-sky","tag-sky-bet-championship","tag-sportdigital-fussball","tag-toni-tomic","tag-uli-hebel","tag-wolff-fuss"],"_links":{"self":[{"href":"https:\/\/kommentatorenblog.de\/index.php?rest_route=\/wp\/v2\/posts\/6950","targetHints":{"allow":["GET"]}}],"collection":[{"href":"https:\/\/kommentatorenblog.de\/index.php?rest_route=\/wp\/v2\/posts"}],"about":[{"href":"https:\/\/kommentatorenblog.de\/index.php?rest_route=\/wp\/v2\/types\/post"}],"author":[{"embeddable":true,"href":"https:\/\/kommentatorenblog.de\/index.php?rest_route=\/wp\/v2\/users\/4"}],"replies":[{"embeddable":true,"href":"https:\/\/kommentatorenblog.de\/index.php?rest_route=%2Fwp%2Fv2%2Fcomments&post=6950"}],"version-history":[{"count":50,"href":"https:\/\/kommentatorenblog.de\/index.php?rest_route=\/wp\/v2\/posts\/6950\/revisions"}],"predecessor-version":[{"id":7108,"href":"https:\/\/kommentatorenblog.de\/index.php?rest_route=\/wp\/v2\/posts\/6950\/revisions\/7108"}],"wp:attachment":[{"href":"https:\/\/kommentatorenblog.de\/index.php?rest_route=%2Fwp%2Fv2%2Fmedia&parent=6950"}],"wp:term":[{"taxonomy":"category","embeddable":true,"href":"https:\/\/kommentatorenblog.de\/index.php?rest_route=%2Fwp%2Fv2%2Fcategories&post=6950"},{"taxonomy":"post_tag","embeddable":true,"href":"https:\/\/kommentatorenblog.de\/index.php?rest_route=%2Fwp%2Fv2%2Ftags&post=6950"}],"curies":[{"name":"wp","href":"https:\/\/api.w.org\/{rel}","templated":true}]}}