{"id":7313,"date":"2021-03-15T19:27:47","date_gmt":"2021-03-15T18:27:47","guid":{"rendered":"http:\/\/kommentatorenblog.de\/?p=7313"},"modified":"2021-03-17T22:24:50","modified_gmt":"2021-03-17T21:24:50","slug":"1156-bohndesliga-und-der-vfb-stuttgart","status":"publish","type":"post","link":"https:\/\/kommentatorenblog.de\/?p=7313","title":{"rendered":"1156 \u2013 Bohndesliga und der VfB Stuttgart"},"content":{"rendered":"\n<p>N &#8218;Abend allerseits, <\/p>\n\n\n\n<p>Ich habe zugegebenerma\u00dfen sehr lange \u00fcberlegen m\u00fcssen, ob ich mich in diesem Rahmen zur Causa J\u00f6rg Dahlmann \u00e4u\u00dfern will. Entschieden habe ich mich daf\u00fcr, auch wenn die Meinungen hier ja bekanntlich auseinander gehen &#8211; aber dazu gleich mehr.<\/p>\n\n\n\n<p>Zu Beginn m\u00f6chte ich allerdings erst auf das vergangene Fussball-Wochenende zu sprechen kommen. Ich habe mir &#8211; wie schon so oft in dieser Spielzeit &#8211; sehr viel Fussball um die Ohren gehauen. Einzig am Freitag hatten die <a href=\"https:\/\/rocketbeans.tv\/\">Rocket Beans<\/a> Vorrang vor dem Bundesligaspiel zwischen dem FC Augsburg und Borussia M\u00f6nchengladbach, hier habe ich mir &#8222;nur&#8220; die Nachberichterstattung auf DAZN und die Highlights auf Sky angesehen. Und wo ich gerade von den Rocket Beans spreche, will ich euch an dieser Stelle w\u00e4rmstens die Sendung <strong>Bohndesliga<\/strong>, in der jeden Montag ausf\u00fchrlich im Team um Etienne Gard\u00e9, Nils Bomhoff, Taktik-Experte Tobi Escher, Niko Backspin, hin wieder Ralph Gunesch und hin und wieder verschiedenen G\u00e4sten \u00fcber das Geschehen <strong>des vergangenen Bundesliga-Wochenendes<\/strong> diskutiert wird. F\u00fcr mich eine Konstante an jedem Montag, da auch mal nicht nur \u00fcber Bayern, Dortmund und Schalke gesprochen wird. Und f\u00fcr viele ist das Format mit Sicherheit keine Geheimnis mehr. <\/p>\n\n\n\n<p>Aber zur\u00fcck zum Wesentlichen, schlussendlich habe ich mit je sieben Stunden am Samstag und Sonntag einige Zeit mit der Berichterstattung um die Bundesliga verbracht. Ein Grund daf\u00fcr ist nat\u00fcrlich die Pandemie und die Kontaktbeschr\u00e4nkungen, aber nat\u00fcrlich auch, weil die L\u00e4nderspielpause (f\u00fcr mich damit verbunden Fussballpause) naht und ich noch so viel wie m\u00f6glich vom Liga-Alltag mitnehmen will. Manifestiert haben sich bei mir einige Feststellungen, die ich im Verlaufe dieser Spielzeit gefasst habe. \u00dcber eine zum VfB Stuttgart will ich hier ausf\u00fchrlicher sprechen.<\/p>\n\n\n\n<p>So finde ich, dass der VfB Stuttgart den mit attraktivsten Fussball der Liga spielt. Ob die sich immer mehr stabilisierende Defensive mit Kempf, Anton und Mavropanos (nur Wolfsburg und Union haben in den letzten f\u00fcnf Spielen wenige Treffer kassiert), Flankenk\u00f6nig Borna Sosa (nur Kostic schl\u00e4gt mehr Flanken), das Zentrum um den statistisch Bundesliga besten Zweik\u00e4mpfer und dritt laufst\u00e4rksten Spieler Wataru Endo, den schnellen (35,42 km\/h) und technisch starken Silas Wamangituka, Topst\u00fcrmer Sa\u0161a Kalajd\u017ei\u0107 und so weiter und so weiter. Hinzu kommen mit Sven Mislintat und Pellegrino Matarazzo zwei Top-Leute, beim VfB passt einfach das Gesamtbild \u00fcberragend gut. <\/p>\n\n\n\n<p><strong>Alte Beitr\u00e4ge und L\u00e4nderspiel-Aus<\/strong><\/p>\n\n\n\n<p>Bevor ich zur Causa Dahlmann komme, noch zwei kleinere Sachen. Einmal habe ich der vergangenen Wochen einige alte Beitr\u00e4ge hochgeladen (wir haben ja seit einem guten Jahr immerhin auf ein paar \u00e4ltere Beitr\u00e4ge wieder Zugriff), wenn ihr wollt, k\u00f6nnt ihr ein bisschen rumst\u00f6bern, im Archiv k\u00f6nnt ihr die Monate eurer Wahl anklicken. Zum anderen was Pers\u00f6nliches. Ich habe mich dazu entschieden, bis auf Weiteres auf Beitr\u00e4ge zu L\u00e4nderspielen zu verzichten. Mir sind Nations League und Freundschaftsspiele egal und die Meckerei, die ich in Bezug auf diese L\u00e4nderspiele h\u00e4ufiger betreibe, wird dem Blog nicht gerecht. Bei der EM sieht das Ganze aber nat\u00fcrlich anders aus. Aber schon so viel vorweg, bei der Winter WM in Katar bin ich zu 95% raus, warum ist ja relativ offensichtlich.<\/p>\n\n\n\n<p>Jetzt aber zu J\u00f6rg Dahlmann. Ihr habt es sicherlich alle mitbekommen J\u00f6rg Dahlmanns ist ab sofort nicht mehr bei Sky im Einsatz, was durch den Sender so begr\u00fcndet wird<\/p>\n\n\n\n<blockquote class=\"wp-block-quote is-layout-flow wp-block-quote-is-layout-flow\"><p><strong><em>Sky<\/em>&nbsp;hat \u00fcber viele Jahre hinweg gut mit J\u00f6rg Dahlmann zusammen gearbeitet. Allerdings hat er sich aus unserer Sicht bei seinen Kommentaren nun mehrfach unsensibel und unpassend verhalten&#8220;<\/strong> <strong>&#8230;. &#8222;<em>Sky<\/em>&nbsp;ist sich seiner Verantwortung als Medienunternehmen bewusst und hat sich deshalb dazu entschieden, dass er ab sofort nicht mehr eingesetzt wird.&#8220;<\/strong><\/p><\/blockquote>\n\n\n\n<p>J\u00f6rg Dahlmann \u00e4u\u00dferte sich sowohl auf <a href=\"https:\/\/www.instagram.com\/p\/CMU8xVNB5ph\/\">Instagram<\/a> als auch auch bei den Kollegen vom <a href=\"http:\/\/www.quotenmeter.de\/n\/125513\/joerg-dahlmann-rassismus-das-weise-ich-strikt-von-mir\">Quotenmeter<\/a> und zeigte sich entt\u00e4uscht \u00fcber seine K\u00fcndigung &#8211; eine Trennung im Sommer stand ja bereits l\u00e4nger fest. <\/p>\n\n\n\n<p>Im Fokus stand J\u00f6rg ja einmal wegen des Spruches zu Sophia Thomalla kurz vor Weihnachten beim Spiel von Union Berlin gegen den SC Paderborn <strong>&#8222;Aber f\u00fcr so eine Kuschelnacht mit Sophia w\u00fcrde ich mich auch auf die Bank setzen&#8220;.<\/strong> Dass dieser Spruch ungeschickt war und im 21 Jhd. nicht ins TV geh\u00f6rt, hat J\u00f6rg ja selber zugegeben. Das man jemanden &#8211; egal ob Prominent oder nicht \u00fcbrigens &#8211; wegen so eines Spruches aber sofort als Sexisten bezeichnet, finde ich pers\u00f6nlich zu viel des Guten. Anmerken kann man, dass der Spruch ung\u00fcnstig war, aber so ehrlich muss man sein. Die meisten von uns haben schonmal was ungeschicktes gesagt, was wir so nicht wiederholen w\u00fcrden. Am vorletzten Zweitligaspieltag gab es dann den n\u00e4chsten Shitstorm f\u00fcr die \u00c4u\u00dferung zum japanischen Rechtsverteiger Muroya <strong>&#8222;Es w\u00e4re sein erster Treffer f\u00fcr 96 gewesen. Den letzten hat er im Land der Sushis geschossen.&#8220;<\/strong> Klar w\u00e4re es vielleicht geschickter hier den Genetiv Singular &#8222;des Sushis&#8220; und eben nicht den Genetiv Plural zu verwenden, aber auch hier sind wir aus meiner Sicht bei einer ungeschickten \u00c4u\u00dferung, die nat\u00fcrlich rassistisch verstanden werden kann. Aber jetzt J\u00f6rg Dahlmann als Rassisten und Unmensch zu titulieren geht mir zu weit. Ob die Entlassung jetzt richtig oder falsch ist, steht auf einem anderen Blatt Papier, wir sehen ja in den sozialen Medien und auch hier im Blog, dass da kein Konsens besteht. Nur eine Bitte: J\u00f6rg Dahlmann &#8211; ob man ihn und seinen Stil mag oder nicht &#8211; wegen ein paar ungeschickten \u00c4u\u00dferungen als Rassisten zu bezeichnen \u00fcberspannt den Rahmen. <\/p>\n\n\n\n<p>Jetzt aber erstmal die Ansetzungen und da gibt es &#8222;schau mal her Frau Stachelb\u00e4r&#8220; doch ein, zwei kleine \u00dcberraschungen.<\/p>\n\n\n\n<hr class=\"wp-block-separator\"\/>\n\n\n\n<p><strong><em>Die Ansetzungen vom 16. M\u00e4rz bis zum 18. M\u00e4rz 2021<\/em><\/strong><\/p>\n\n\n\n<p><strong>Champions League Achtelfinale, R\u00fcckspiele<\/strong><\/p>\n\n\n\n<p><span style=\"text-decoration: underline;\">Dienstag, 16. M\u00e4rz 2021, ab 19.30 Uhr (Sky)<\/span><\/p>\n\n\n\n<p><em><strong>Manchster City \u2013 Borussia M\u00f6nchengladbach (21.00 Uhr)<\/strong><\/em><\/p>\n\n\n\n<p class=\"has-normal-font-size\">Sky: <img loading=\"lazy\" decoding=\"async\" width=\"10\" height=\"21\" class=\"wp-image-3656\" style=\"width: 10px;\" src=\"http:\/\/kommentatorenblog.de\/wp-content\/uploads\/2020\/09\/shure-55sh-ii-e1601485394796.jpg\" alt=\"\" srcset=\"https:\/\/kommentatorenblog.de\/wp-content\/uploads\/2020\/09\/shure-55sh-ii-e1601485394796.jpg 415w, https:\/\/kommentatorenblog.de\/wp-content\/uploads\/2020\/09\/shure-55sh-ii-e1601485394796-142x300.jpg 142w\" sizes=\"auto, (max-width: 10px) 100vw, 10px\" \/> Martin Gro\u00df (Einzelspiel), Wolff Fuss (Konferenz)<\/p>\n\n\n\n<p><span style=\"text-decoration: underline;\">ab 19.30 Uhr (Sky) bzw. ab 20.45 Uhr (DAZN)<\/span><\/p>\n\n\n\n<p><em><strong>Real Madrid \u2013 Atalanta Bergamo (21.00 Uhr)<\/strong><\/em><\/p>\n\n\n\n<p>DAZN: <img loading=\"lazy\" decoding=\"async\" width=\"10\" height=\"21\" class=\"wp-image-3656\" style=\"width: 10px;\" src=\"http:\/\/kommentatorenblog.de\/wp-content\/uploads\/2020\/09\/shure-55sh-ii-e1601485394796.jpg\" alt=\"\" srcset=\"https:\/\/kommentatorenblog.de\/wp-content\/uploads\/2020\/09\/shure-55sh-ii-e1601485394796.jpg 415w, https:\/\/kommentatorenblog.de\/wp-content\/uploads\/2020\/09\/shure-55sh-ii-e1601485394796-142x300.jpg 142w\" sizes=\"auto, (max-width: 10px) 100vw, 10px\" \/> Max Siebald, Experte: Sebastian Knei\u00dfl (Einzelspiel)<br>Sky: <img loading=\"lazy\" decoding=\"async\" width=\"10\" height=\"21\" class=\"wp-image-3656\" style=\"width: 10px;\" src=\"http:\/\/kommentatorenblog.de\/wp-content\/uploads\/2020\/09\/shure-55sh-ii-e1601485394796.jpg\" alt=\"\" srcset=\"https:\/\/kommentatorenblog.de\/wp-content\/uploads\/2020\/09\/shure-55sh-ii-e1601485394796.jpg 415w, https:\/\/kommentatorenblog.de\/wp-content\/uploads\/2020\/09\/shure-55sh-ii-e1601485394796-142x300.jpg 142w\" sizes=\"auto, (max-width: 10px) 100vw, 10px\" \/> Kai Dittmann (Konferenz)<\/p>\n\n\n\n<p>Moderation (DAZN): Daniel Herzog<\/p>\n\n\n\n<p>Studio-Moderation (Sky): Michael Leopold, Experten: Dietmar Hamann und Erik Meijer, Gast: Mladen Petric<\/p>\n\n\n\n<p><span style=\"text-decoration: underline;\">Mittwoch, 17. M\u00e4rz 2021, ab 19.30 Uhr (Sky)<\/span><\/p>\n\n\n\n<p><em><strong>FC Bayern M\u00fcnchen \u2013 Lazio Rom <\/strong><\/em><em><strong>(21.00 Uhr)<\/strong><\/em><\/p>\n\n\n\n<p class=\"has-normal-font-size\">Sky: <img loading=\"lazy\" decoding=\"async\" width=\"10\" height=\"21\" class=\"wp-image-3656\" style=\"width: 10px;\" src=\"http:\/\/kommentatorenblog.de\/wp-content\/uploads\/2020\/09\/shure-55sh-ii-e1601485394796.jpg\" alt=\"\" srcset=\"https:\/\/kommentatorenblog.de\/wp-content\/uploads\/2020\/09\/shure-55sh-ii-e1601485394796.jpg 415w, https:\/\/kommentatorenblog.de\/wp-content\/uploads\/2020\/09\/shure-55sh-ii-e1601485394796-142x300.jpg 142w\" sizes=\"auto, (max-width: 10px) 100vw, 10px\" \/> Kai Dittmann (Einzelspiel), Wolff Fuss (Konferenz)<\/p>\n\n\n\n<p class=\"has-normal-font-size\">Field-Reporterin: Esther Sedlaczek <\/p>\n\n\n\n<p><span style=\"text-decoration: underline;\">ab 19.30 Uhr (Sky) bzw. 20.45 Uhr (DAZN)<\/span><\/p>\n\n\n\n<p><em><strong>FC Chelsea \u2013 Atletico Madrid (21.00 Uhr)<\/strong><\/em><\/p>\n\n\n\n<p>DAZN: <img loading=\"lazy\" decoding=\"async\" width=\"10\" height=\"21\" class=\"wp-image-3656\" style=\"width: 10px;\" src=\"http:\/\/kommentatorenblog.de\/wp-content\/uploads\/2020\/09\/shure-55sh-ii-e1601485394796.jpg\" alt=\"\" srcset=\"https:\/\/kommentatorenblog.de\/wp-content\/uploads\/2020\/09\/shure-55sh-ii-e1601485394796.jpg 415w, https:\/\/kommentatorenblog.de\/wp-content\/uploads\/2020\/09\/shure-55sh-ii-e1601485394796-142x300.jpg 142w\" sizes=\"auto, (max-width: 10px) 100vw, 10px\" \/> Lukas Sch\u00f6nm\u00fcller, Experte: Ralph Gunesch (Einzelspiel)<br>Sky: <img loading=\"lazy\" decoding=\"async\" width=\"10\" height=\"21\" class=\"wp-image-3656\" style=\"width: 10px;\" src=\"http:\/\/kommentatorenblog.de\/wp-content\/uploads\/2020\/09\/shure-55sh-ii-e1601485394796.jpg\" alt=\"\" srcset=\"https:\/\/kommentatorenblog.de\/wp-content\/uploads\/2020\/09\/shure-55sh-ii-e1601485394796.jpg 415w, https:\/\/kommentatorenblog.de\/wp-content\/uploads\/2020\/09\/shure-55sh-ii-e1601485394796-142x300.jpg 142w\" sizes=\"auto, (max-width: 10px) 100vw, 10px\" \/> Frank Buschmann (Konferenz)<\/p>\n\n\n\n<p>Moderation (DAZN): Tobi Wahnschaffe<\/p>\n\n\n\n<p>Studio-Moderation (Sky): Sebastian Hellmann, Experten: Lothar Matth\u00e4us und Erik Meijer, Gast: Kai Pflaume<\/p>\n\n\n\n<hr class=\"wp-block-separator\"\/>\n\n\n\n<p><strong>Europa League Achtelfinale, R\u00fcckspiele<\/strong><\/p>\n\n\n\n<p><span style=\"text-decoration: underline;\">Donnerstag, 18. M\u00e4rz 2021, ab 18.40 Uhr (DAZN)<\/span><\/p>\n\n\n\n<p><em><strong>GoalZone<\/strong><\/em><\/p>\n\n\n\n<p class=\"has-normal-font-size\"><img loading=\"lazy\" decoding=\"async\" width=\"10\" height=\"21\" class=\"wp-image-3656\" style=\"width: 10px;\" src=\"http:\/\/kommentatorenblog.de\/wp-content\/uploads\/2020\/09\/shure-55sh-ii-e1601485394796.jpg\" alt=\"\" srcset=\"https:\/\/kommentatorenblog.de\/wp-content\/uploads\/2020\/09\/shure-55sh-ii-e1601485394796.jpg 415w, https:\/\/kommentatorenblog.de\/wp-content\/uploads\/2020\/09\/shure-55sh-ii-e1601485394796-142x300.jpg 142w\" sizes=\"auto, (max-width: 10px) 100vw, 10px\" \/> Christoph Stadtler und Jan L\u00fcdeke<\/p>\n\n\n\n<p><span style=\"text-decoration: underline;\">ab 18.50 Uhr (DAZN)<\/span><\/p>\n\n\n\n<p><em><strong>Dynamo Zagreb \u2013 Tottenham Hotspur (18.55 Uhr)<\/strong><\/em><\/p>\n\n\n\n<p class=\"has-normal-font-size\"><img loading=\"lazy\" decoding=\"async\" width=\"10\" height=\"21\" class=\"wp-image-3656\" style=\"width: 10px;\" src=\"http:\/\/kommentatorenblog.de\/wp-content\/uploads\/2020\/09\/shure-55sh-ii-e1601485394796.jpg\" alt=\"\" srcset=\"https:\/\/kommentatorenblog.de\/wp-content\/uploads\/2020\/09\/shure-55sh-ii-e1601485394796.jpg 415w, https:\/\/kommentatorenblog.de\/wp-content\/uploads\/2020\/09\/shure-55sh-ii-e1601485394796-142x300.jpg 142w\" sizes=\"auto, (max-width: 10px) 100vw, 10px\" \/> Marcel Seufert<\/p>\n\n\n\n<p><em><strong>Schachtjor Donezk \u2013 AS Rom (18.55 Uhr)<\/strong><\/em><\/p>\n\n\n\n<p class=\"has-normal-font-size\"><img loading=\"lazy\" decoding=\"async\" width=\"10\" height=\"21\" class=\"wp-image-3656\" style=\"width: 10px;\" src=\"http:\/\/kommentatorenblog.de\/wp-content\/uploads\/2020\/09\/shure-55sh-ii-e1601485394796.jpg\" alt=\"\" srcset=\"https:\/\/kommentatorenblog.de\/wp-content\/uploads\/2020\/09\/shure-55sh-ii-e1601485394796.jpg 415w, https:\/\/kommentatorenblog.de\/wp-content\/uploads\/2020\/09\/shure-55sh-ii-e1601485394796-142x300.jpg 142w\" sizes=\"auto, (max-width: 10px) 100vw, 10px\" \/> Carsten Fu\u00df<\/p>\n\n\n\n<p><em><strong>FC Arsenal \u2013 Olympiakos Pir\u00e4us (18.55 Uhr)<\/strong><\/em><\/p>\n\n\n\n<p class=\"has-normal-font-size\"><img loading=\"lazy\" decoding=\"async\" width=\"10\" height=\"21\" class=\"wp-image-3656\" style=\"width: 10px;\" src=\"http:\/\/kommentatorenblog.de\/wp-content\/uploads\/2020\/09\/shure-55sh-ii-e1601485394796.jpg\" alt=\"\" srcset=\"https:\/\/kommentatorenblog.de\/wp-content\/uploads\/2020\/09\/shure-55sh-ii-e1601485394796.jpg 415w, https:\/\/kommentatorenblog.de\/wp-content\/uploads\/2020\/09\/shure-55sh-ii-e1601485394796-142x300.jpg 142w\" sizes=\"auto, (max-width: 10px) 100vw, 10px\" \/> Freddy Harder<\/p>\n\n\n\n<p><em><strong>Molde FK \u2013 FC Granada (18.55 Uhr)<\/strong><\/em><\/p>\n\n\n\n<p class=\"has-normal-font-size\"><img loading=\"lazy\" decoding=\"async\" width=\"10\" height=\"21\" class=\"wp-image-3656\" style=\"width: 10px;\" src=\"http:\/\/kommentatorenblog.de\/wp-content\/uploads\/2020\/09\/shure-55sh-ii-e1601485394796.jpg\" alt=\"\" srcset=\"https:\/\/kommentatorenblog.de\/wp-content\/uploads\/2020\/09\/shure-55sh-ii-e1601485394796.jpg 415w, https:\/\/kommentatorenblog.de\/wp-content\/uploads\/2020\/09\/shure-55sh-ii-e1601485394796-142x300.jpg 142w\" sizes=\"auto, (max-width: 10px) 100vw, 10px\" \/> Mario Rieker<\/p>\n\n\n\n<p><span style=\"text-decoration: underline;\">ab 20.15 Uhr (Nitro) bzw. ab 20.55 Uhr (DAZN)<\/span><\/p>\n\n\n\n<p><em><strong>AC Mailand \u2013 Manchester United (21.00 Uhr)<\/strong><\/em><\/p>\n\n\n\n<p class=\"has-normal-font-size\"><img loading=\"lazy\" decoding=\"async\" width=\"10\" height=\"21\" class=\"wp-image-3656\" style=\"width: 10px;\" src=\"http:\/\/kommentatorenblog.de\/wp-content\/uploads\/2020\/09\/shure-55sh-ii-e1601485394796.jpg\" alt=\"\" srcset=\"https:\/\/kommentatorenblog.de\/wp-content\/uploads\/2020\/09\/shure-55sh-ii-e1601485394796.jpg 415w, https:\/\/kommentatorenblog.de\/wp-content\/uploads\/2020\/09\/shure-55sh-ii-e1601485394796-142x300.jpg 142w\" sizes=\"auto, (max-width: 10px) 100vw, 10px\" \/> DAZN: Uli Hebel, Experte: Ralph Gunesch<\/p>\n\n\n\n<p class=\"has-normal-font-size\"><img loading=\"lazy\" decoding=\"async\" width=\"10\" height=\"21\" class=\"wp-image-3656\" style=\"width: 10px;\" src=\"http:\/\/kommentatorenblog.de\/wp-content\/uploads\/2020\/09\/shure-55sh-ii-e1601485394796.jpg\" alt=\"\" srcset=\"https:\/\/kommentatorenblog.de\/wp-content\/uploads\/2020\/09\/shure-55sh-ii-e1601485394796.jpg 415w, https:\/\/kommentatorenblog.de\/wp-content\/uploads\/2020\/09\/shure-55sh-ii-e1601485394796-142x300.jpg 142w\" sizes=\"auto, (max-width: 10px) 100vw, 10px\" \/> NITRO: Marco Hagemann, Experte: Steffen Freund<\/p>\n\n\n\n<p>Moderation (NITRO): Laura Wontorra, Experte: Roman Weidenfeller<\/p>\n\n\n\n<p><em><strong>Glasgow Rangers <em><strong>\u2013 Slavia Prag<\/strong><\/em> (21.00 Uhr)<\/strong><\/em><\/p>\n\n\n\n<p class=\"has-normal-font-size\"><img loading=\"lazy\" decoding=\"async\" width=\"10\" height=\"21\" class=\"wp-image-3656\" style=\"width: 10px;\" src=\"http:\/\/kommentatorenblog.de\/wp-content\/uploads\/2020\/09\/shure-55sh-ii-e1601485394796.jpg\" alt=\"\" srcset=\"https:\/\/kommentatorenblog.de\/wp-content\/uploads\/2020\/09\/shure-55sh-ii-e1601485394796.jpg 415w, https:\/\/kommentatorenblog.de\/wp-content\/uploads\/2020\/09\/shure-55sh-ii-e1601485394796-142x300.jpg 142w\" sizes=\"auto, (max-width: 10px) 100vw, 10px\" \/> Tom Kirsten<\/p>\n\n\n\n<p><em><strong>Young Boys Bern <em><strong>\u2013<\/strong><\/em> <em><strong>Ajax Amsterdam<\/strong><\/em> (21.00 Uhr)<\/strong><\/em><\/p>\n\n\n\n<p class=\"has-normal-font-size\"><img loading=\"lazy\" decoding=\"async\" width=\"10\" height=\"21\" class=\"wp-image-3656\" style=\"width: 10px;\" src=\"http:\/\/kommentatorenblog.de\/wp-content\/uploads\/2020\/09\/shure-55sh-ii-e1601485394796.jpg\" alt=\"\" srcset=\"https:\/\/kommentatorenblog.de\/wp-content\/uploads\/2020\/09\/shure-55sh-ii-e1601485394796.jpg 415w, https:\/\/kommentatorenblog.de\/wp-content\/uploads\/2020\/09\/shure-55sh-ii-e1601485394796-142x300.jpg 142w\" sizes=\"auto, (max-width: 10px) 100vw, 10px\" \/> Flo Hauser<\/p>\n\n\n\n<p><em><strong>FC Villarreal <em><strong><em><strong>\u2013<\/strong><\/em><\/strong><\/em><\/strong><\/em> <em><strong><em><strong>Dynamo Kiew<\/strong><\/em> (21.00 Uhr)<\/strong><\/em><\/p>\n\n\n\n<p class=\"has-normal-font-size\"><img loading=\"lazy\" decoding=\"async\" width=\"10\" height=\"21\" class=\"wp-image-3656\" style=\"width: 10px;\" src=\"http:\/\/kommentatorenblog.de\/wp-content\/uploads\/2020\/09\/shure-55sh-ii-e1601485394796.jpg\" alt=\"\" srcset=\"https:\/\/kommentatorenblog.de\/wp-content\/uploads\/2020\/09\/shure-55sh-ii-e1601485394796.jpg 415w, https:\/\/kommentatorenblog.de\/wp-content\/uploads\/2020\/09\/shure-55sh-ii-e1601485394796-142x300.jpg 142w\" sizes=\"auto, (max-width: 10px) 100vw, 10px\" \/> Max Gross<\/p>\n\n\n\n<hr class=\"wp-block-separator\"\/>\n\n\n\n<p><strong>2. Bundesliga, Nachholspiel vom 25. Spieltag (Sky)<\/strong><\/p>\n\n\n\n<p><span style=\"text-decoration: underline;\">Mittwoch, 17. M\u00e4rz 2021, ab 18.15 Uhr<\/span><\/p>\n\n\n\n<p><strong><em>SSV Jahn Regensburg \u2013 SpVgg Greuther F\u00fcrth (18.30 Uhr)<\/em><\/strong><\/p>\n\n\n\n<p class=\"has-normal-font-size\"><img loading=\"lazy\" decoding=\"async\" width=\"10\" height=\"21\" class=\"wp-image-3656\" style=\"width: 10px;\" src=\"http:\/\/kommentatorenblog.de\/wp-content\/uploads\/2020\/09\/shure-55sh-ii-e1601485394796.jpg\" alt=\"\" srcset=\"https:\/\/kommentatorenblog.de\/wp-content\/uploads\/2020\/09\/shure-55sh-ii-e1601485394796.jpg 415w, https:\/\/kommentatorenblog.de\/wp-content\/uploads\/2020\/09\/shure-55sh-ii-e1601485394796-142x300.jpg 142w\" sizes=\"auto, (max-width: 10px) 100vw, 10px\" \/> Sven Haist, Interviews: Schalte<\/p>\n\n\n\n<hr class=\"wp-block-separator\"\/>\n\n\n\n<p><strong>3. Liga, Nachholspiele vom 19.\/21.\/23.\/24. Spieltag (Magenta Sport)<\/strong><\/p>\n\n\n\n<p><span style=\"text-decoration: underline;\">Dienstag, 16. M\u00e4rz 2021, ab 18.45 Uhr<\/span><\/p>\n\n\n\n<p><strong><em>Hallescher FC <em><strong>\u2013<\/strong><\/em><\/em> <em>MSV Duisburg (19.00 Uhr)<\/em><\/strong><\/p>\n\n\n\n<p class=\"has-normal-font-size\"><img loading=\"lazy\" decoding=\"async\" width=\"10\" height=\"21\" class=\"wp-image-3656\" style=\"width: 10px;\" src=\"http:\/\/kommentatorenblog.de\/wp-content\/uploads\/2020\/09\/shure-55sh-ii-e1601485394796.jpg\" alt=\"\" srcset=\"https:\/\/kommentatorenblog.de\/wp-content\/uploads\/2020\/09\/shure-55sh-ii-e1601485394796.jpg 415w, https:\/\/kommentatorenblog.de\/wp-content\/uploads\/2020\/09\/shure-55sh-ii-e1601485394796-142x300.jpg 142w\" sizes=\"auto, (max-width: 10px) 100vw, 10px\" \/> Andreas Mann<\/p>\n\n\n\n<p>Moderation: Annett Sattler <\/p>\n\n\n\n<p><span style=\"text-decoration: underline;\">Mittwoch, 17. M\u00e4rz 2021, ab 18.45 Uhr<\/span><\/p>\n\n\n\n<p><strong><em>SC Verl <em><strong>\u2013<\/strong><\/em><\/em> <em>FC Ingolstadt 04 (19.00 Uhr)<\/em><\/strong><\/p>\n\n\n\n<p class=\"has-normal-font-size\"><img loading=\"lazy\" decoding=\"async\" width=\"10\" height=\"21\" class=\"wp-image-3656\" style=\"width: 10px;\" src=\"http:\/\/kommentatorenblog.de\/wp-content\/uploads\/2020\/09\/shure-55sh-ii-e1601485394796.jpg\" alt=\"\" srcset=\"https:\/\/kommentatorenblog.de\/wp-content\/uploads\/2020\/09\/shure-55sh-ii-e1601485394796.jpg 415w, https:\/\/kommentatorenblog.de\/wp-content\/uploads\/2020\/09\/shure-55sh-ii-e1601485394796-142x300.jpg 142w\" sizes=\"auto, (max-width: 10px) 100vw, 10px\" \/> Mike M\u00fcnkel<\/p>\n\n\n\n<p>Moderation: Cedric Pick<\/p>\n\n\n\n<p><strong><em>SV Meppen <em><strong>\u2013<\/strong><\/em><\/em> <em>KFC Uerdingen (19.00 Uhr)<\/em><\/strong><\/p>\n\n\n\n<p class=\"has-normal-font-size\"><img loading=\"lazy\" decoding=\"async\" width=\"10\" height=\"21\" class=\"wp-image-3656\" style=\"width: 10px;\" src=\"http:\/\/kommentatorenblog.de\/wp-content\/uploads\/2020\/09\/shure-55sh-ii-e1601485394796.jpg\" alt=\"\" srcset=\"https:\/\/kommentatorenblog.de\/wp-content\/uploads\/2020\/09\/shure-55sh-ii-e1601485394796.jpg 415w, https:\/\/kommentatorenblog.de\/wp-content\/uploads\/2020\/09\/shure-55sh-ii-e1601485394796-142x300.jpg 142w\" sizes=\"auto, (max-width: 10px) 100vw, 10px\" \/> Jan Neumann<\/p>\n\n\n\n<p>Moderation: Kamilla Benschop<\/p>\n\n\n\n<p><strong><em>VfB L\u00fcbeck <em><strong>\u2013<\/strong><\/em><\/em> <em>TSV 1860 M\u00fcnchen (19.00 Uhr)<\/em><\/strong><\/p>\n\n\n\n<p class=\"has-normal-font-size\"><img loading=\"lazy\" decoding=\"async\" width=\"10\" height=\"21\" class=\"wp-image-3656\" style=\"width: 10px;\" src=\"http:\/\/kommentatorenblog.de\/wp-content\/uploads\/2020\/09\/shure-55sh-ii-e1601485394796.jpg\" alt=\"\" srcset=\"https:\/\/kommentatorenblog.de\/wp-content\/uploads\/2020\/09\/shure-55sh-ii-e1601485394796.jpg 415w, https:\/\/kommentatorenblog.de\/wp-content\/uploads\/2020\/09\/shure-55sh-ii-e1601485394796-142x300.jpg 142w\" sizes=\"auto, (max-width: 10px) 100vw, 10px\" \/> Edgar Mielke<\/p>\n\n\n\n<p>Moderation: Michael Augustin<\/p>\n\n\n\n<p><strong><em>SG Dynamo Dresden <em><strong>\u2013<\/strong><\/em><\/em> <em>SV Wehen Wiesbaden (19.00 Uhr)<\/em><\/strong><\/p>\n\n\n\n<p class=\"has-normal-font-size\"><img loading=\"lazy\" decoding=\"async\" width=\"10\" height=\"21\" class=\"wp-image-3656\" style=\"width: 10px;\" src=\"http:\/\/kommentatorenblog.de\/wp-content\/uploads\/2020\/09\/shure-55sh-ii-e1601485394796.jpg\" alt=\"\" srcset=\"https:\/\/kommentatorenblog.de\/wp-content\/uploads\/2020\/09\/shure-55sh-ii-e1601485394796.jpg 415w, https:\/\/kommentatorenblog.de\/wp-content\/uploads\/2020\/09\/shure-55sh-ii-e1601485394796-142x300.jpg 142w\" sizes=\"auto, (max-width: 10px) 100vw, 10px\" \/> Markus Herwig<\/p>\n\n\n\n<p>Moderation: Annett Sattler <\/p>\n\n\n\n<hr class=\"wp-block-separator\"\/>\n\n\n\n<p><strong>Nachholspiel Serie A, 03. Spieltag<\/strong> <strong>(DAZN)<\/strong><\/p>\n\n\n\n<p><span style=\"text-decoration: underline;\">Mittwoch, 17. M\u00e4rz 2021, ab 18.30 Uhr <\/span><\/p>\n\n\n\n<p><strong><em>Juventus Turin<em><strong> \u2013 <\/strong><\/em>SSC Neapel (19.00 Uhr)<\/em><\/strong> &#8211; <strong><em>kurzfristig verschoben <\/em><\/strong>&#8211;<\/p>\n\n\n\n<p class=\"has-normal-font-size\"><img loading=\"lazy\" decoding=\"async\" width=\"10\" height=\"21\" class=\"wp-image-3656\" style=\"width: 10px;\" src=\"http:\/\/kommentatorenblog.de\/wp-content\/uploads\/2020\/09\/shure-55sh-ii-e1601485394796.jpg\" alt=\"\" srcset=\"https:\/\/kommentatorenblog.de\/wp-content\/uploads\/2020\/09\/shure-55sh-ii-e1601485394796.jpg 415w, https:\/\/kommentatorenblog.de\/wp-content\/uploads\/2020\/09\/shure-55sh-ii-e1601485394796-142x300.jpg 142w\" sizes=\"auto, (max-width: 10px) 100vw, 10px\" \/> Marco Hagemann, Experte: Christian Bernhard<\/p>\n\n\n\n<p>Moderation: Tobi Wahnschaffe<\/p>\n\n\n\n<hr class=\"wp-block-separator\"\/>\n\n\n\n<p>C<strong>oupe de France, 03. Spieltag<\/strong> <strong>(DAZN)<\/strong><\/p>\n\n\n\n<p><span style=\"text-decoration: underline;\">Mittwoch, 17. M\u00e4rz 2021 <\/span><\/p>\n\n\n\n<p><strong><em>Paris Saint Germain<em><strong> \u2013 <\/strong><\/em>OSC Lille (17.45 Uhr)<\/em><\/strong><\/p>\n\n\n\n<p class=\"has-normal-font-size\"><img loading=\"lazy\" decoding=\"async\" width=\"10\" height=\"21\" class=\"wp-image-3656\" style=\"width: 10px;\" src=\"http:\/\/kommentatorenblog.de\/wp-content\/uploads\/2020\/09\/shure-55sh-ii-e1601485394796.jpg\" alt=\"\" srcset=\"https:\/\/kommentatorenblog.de\/wp-content\/uploads\/2020\/09\/shure-55sh-ii-e1601485394796.jpg 415w, https:\/\/kommentatorenblog.de\/wp-content\/uploads\/2020\/09\/shure-55sh-ii-e1601485394796-142x300.jpg 142w\" sizes=\"auto, (max-width: 10px) 100vw, 10px\" \/> Stefan Galler, Experte: Alexis Menuge<\/p>\n\n\n\n<hr class=\"wp-block-separator\"\/>\n\n\n\n<p><strong>Internationaler Fu\u00dfball (Sportdigital FUSSBALL)<\/strong><\/p>\n\n\n\n<p><span style=\"text-decoration: underline;\">Dienstag, 23. Februar 2021<\/span><\/p>\n\n\n\n<p>T\u00fcrkiye Kupasi, Halbfinale:<strong><em> Besiktas \u2013 Istanbul Basaksehir (18.45 Uhr)<\/em><\/strong><\/p>\n\n\n\n<p class=\"has-normal-font-size\"><img loading=\"lazy\" decoding=\"async\" width=\"10\" height=\"21\" class=\"wp-image-3656\" style=\"width: 10px;\" src=\"http:\/\/kommentatorenblog.de\/wp-content\/uploads\/2020\/09\/shure-55sh-ii-e1601485394796.jpg\" alt=\"\" srcset=\"https:\/\/kommentatorenblog.de\/wp-content\/uploads\/2020\/09\/shure-55sh-ii-e1601485394796.jpg 415w, https:\/\/kommentatorenblog.de\/wp-content\/uploads\/2020\/09\/shure-55sh-ii-e1601485394796-142x300.jpg 142w\" sizes=\"auto, (max-width: 10px) 100vw, 10px\" \/> Christian Blunck<\/p>\n\n\n\n<p><span style=\"text-decoration: underline;\">Mittwoch, 24. Februar 2021<\/span><\/p>\n\n\n\n<p>J League, 5. Spieltag: <strong><em>Urawa Red Diamonds \u2013 Consadole Sapporo (10.00 Uhr)<\/em><\/strong><\/p>\n\n\n\n<p class=\"has-normal-font-size\"><img loading=\"lazy\" decoding=\"async\" width=\"10\" height=\"21\" class=\"wp-image-3656\" style=\"width: 10px;\" src=\"http:\/\/kommentatorenblog.de\/wp-content\/uploads\/2020\/09\/shure-55sh-ii-e1601485394796.jpg\" alt=\"\" srcset=\"https:\/\/kommentatorenblog.de\/wp-content\/uploads\/2020\/09\/shure-55sh-ii-e1601485394796.jpg 415w, https:\/\/kommentatorenblog.de\/wp-content\/uploads\/2020\/09\/shure-55sh-ii-e1601485394796-142x300.jpg 142w\" sizes=\"auto, (max-width: 10px) 100vw, 10px\" \/> Christian Blunck<\/p>\n\n\n\n<p>T\u00fcrkiye Kupasi, Halbfinale: <strong><em>Antalyaspor \u2013 Alanyaspor (18.45 Uhr)<\/em><\/strong><\/p>\n\n\n\n<p class=\"has-normal-font-size\"><img loading=\"lazy\" decoding=\"async\" width=\"10\" height=\"21\" class=\"wp-image-3656\" style=\"width: 10px;\" src=\"http:\/\/kommentatorenblog.de\/wp-content\/uploads\/2020\/09\/shure-55sh-ii-e1601485394796.jpg\" alt=\"\" srcset=\"https:\/\/kommentatorenblog.de\/wp-content\/uploads\/2020\/09\/shure-55sh-ii-e1601485394796.jpg 415w, https:\/\/kommentatorenblog.de\/wp-content\/uploads\/2020\/09\/shure-55sh-ii-e1601485394796-142x300.jpg 142w\" sizes=\"auto, (max-width: 10px) 100vw, 10px\" \/> Karsten Linke<\/p>\n\n\n\n<hr class=\"wp-block-separator\"\/>\n\n\n\n<p><strong>Die Analyse<\/strong><\/p>\n\n\n\n<p><strong>Abschlusswoche der Achtelfinals<\/strong><\/p>\n\n\n\n<p>Den Auftakt in die Abschlusswoche der Achtelfinals der europ\u00e4ischen Clubwettbewerbe der Herren machen am Dienstag die Partien zwischen dem Manchester City Football Club und dem Verein f\u00fcr Leibes\u00fcbungen Borussia M\u00f6nchengladbach bzw. Real Madrid Club de F\u00fatbol und Atalanta Bergamasca Calcio. Sky startet den Vorlauf wie gewohnt ab 19.30 Uhr aus Unterf\u00f6hring. Es meldet sich das Trio Michael Leopold, Didi Hamann und Erik Meijer zuz\u00fcglich Premier League-Experten Mladen Petric und f\u00fchrt durch die \u00dcbertragung. Vergangene Woche war es mit &#8222;Leo&#8220; und &#8222;Didi&#8220; h\u00f6chst am\u00fcsant, allein dieser Ausschnitt spricht B\u00e4nde.<\/p>\n\n\n\n<figure class=\"wp-block-embed is-type-rich is-provider-twitter wp-block-embed-twitter\"><div class=\"wp-block-embed__wrapper\">\nhttps:\/\/twitter.com\/SkySportDE\/status\/1369566753487994882\n<\/div><\/figure>\n\n\n\n<p>Aber zur\u00fcck zum eigentlichen: Das Einzelspiel mit Beteiligung einer Vereinsmannschaft mit deutschem Sitz gibt&#8217;s nat\u00fcrlich bei Sky, die sogenannte &#8222;German-Rule wirft ihre Schatten voraus (<a href=\"http:\/\/kommentatorenblog.de\/?p=6841\">Kollege Erik hatte sie ja vor einigen Woche sehr gut erkl\u00e4rt<\/a>). Stattfinden wird die Begegnung der &#8222;Fohlen&#8220; bei den Citizens nun ja wie das Hinspiel in Budapest, dementsprechend kommt die \u00dcbertragung aus der Box. \u00dcbernommen wird diese von Martin Gro\u00df, der nach zwei Wochen ohne Einsatz in der K\u00f6nigsklasse nun mal wieder in eben dieser kommentieren darf. Hoch interessantes Einzelspiel f\u00fcr Sky&#8217;s Nummer drei. Das Re-Live auf DAZN \u00fcbernimmt im \u00fcbrigen Marcel Seufert. Das Parallelspiel l\u00e4uft einzeln auf DAZN. Max Siebald kommt hier zu einem seiner gr\u00f6\u00dften Spiele in der K\u00f6nigsklasse, in der Europa League durfte er vergangene Saison ein Halbfinale kommentieren. Ihm zur Seite steht das Duo aus Experte Sebastian Knei\u00dfl und Moderator Daniel Herzog, das ja bereits auch schon am Sonntag in der Bundesliga gemeinsam agierte. Der geneigte Sky-Zuschauer kann sich diese Begegnung im \u00dcbrigen um 0Uhr mit Jonas Friedrich zu Gem\u00fcte f\u00fchren.<\/p>\n\n\n\n<p>In der Konferenz gibt es dieselben Herren wie vor drei Wochen zu sehen\/h\u00f6ren. Die Herren Fuss und Dittmann in einer Konferenz sprechen aus meiner Sicht f\u00fcr sich, zu sagen bleibt nur, dass sie Partien tauschen, so \u00fcbernimmt Wolff Fuss die Partie mit deutscher Beteiligung von Kai Dittmann.<\/p>\n\n\n\n<p><strong>Kr\u00f6nender Abschluss der Achtelfinals<\/strong><\/p>\n\n\n\n<p>In den achten und damit letzten Abend des diesj\u00e4hrigen Champions League Achtelfinals leiten Sebastian Hellmann, Lothar Matth\u00e4us, Bayern-Fan Kai Pflaume und Erik Meijer ein. Zuschauer werden durch den FC Bayern M\u00fcnchen sicherlich angelockt werden &#8211; das klare Hinspiel-Ergebnis \u00e4ndert da nichts. Das Einzelspiel in der Allianz-Arena ist nat\u00fcrlich eine Aufgabe f\u00fcr Dittmann, Field-Reporterin oder Field-Reporter ist ausnahmsweise mal nicht Patrick Wasserziehr sondern Esther Sedlaczek. Im Re-Live gibt es Namensvetter Nico Seepe. DAZN hat hier das mit mehr Spannung versehene Spiel im Aufgebot. Personell gibt es wie beim Hinspiel Lukas Sch\u00f6nm\u00fcller und Ralph Gunesch, auf Posten des Moderators wird von Tobi Wahnschaffe auf Christoph Stadtler rotiert. Das Re-Live gibt es mit Martin Gro\u00df.<\/p>\n\n\n\n<p>Die Konferenz war gerade Stichwort und wird wohl eine sehr Unterhaltsame. Wolff Fuss bleibt den Bayern treu, womit er an <strong>allen acht <\/strong>Champions-League Achtelfinal-Abenden im Einsatz ist\/war. Er f\u00fchrt gemeinsam mit Frank Buschmann durch den Abend. Tolle Runde zum Abschluss!<\/p>\n\n\n\n<p><strong>Wenig Rotation in der Europa-League<\/strong><\/p>\n\n\n\n<p>Zur Europa-League gibt&#8217;s recht wenig zu sagen, sowohl bei DAZN als auch bei NITRO sind die Kommentatoren die komplett gleichen im Vergleich zu den Hinspielen letzten Donnerstag, v\u00f6llig sinnvoll aus meiner Perspektive. Eine Rotation auf der Position des Experten bei Milan gegen Man United, Ralle Gunesch ersetzt Sebastian Knei\u00dfl, das Duo Uli Hebel und Ralph Gunesch f\u00fcr mich das Beste der kompletten Zunft!<\/p>\n\n\n\n<p>Nachholspiele gibt&#8217;s sowohl in Liga zwei als auch in Liga drei. In Deutschlands zweith\u00f6chster Spielklasse tritt das Spitzenteam aus F\u00fcrth bei den zuletzt Corona-Gebeutelten Regensburgern an, f\u00fcr den Jahn stehen nun einige Spieltermine unter der Woche an. In Liga drei gibt es gleich f\u00fcnf Nachholspiele, bedeutet, dass einiges an Personal ben\u00f6tigt wird. Doppelt im Einsatz ist einzig Anett Sattler, die verh\u00e4ltnism\u00e4\u00dfig geringe Entfernung zwischen Halle und Dresden macht dies gut m\u00f6glich.<\/p>\n\n\n\n<p><strong>Topspiel in Italien<\/strong><\/p>\n\n\n\n<p>Eine interessante Begegnung gibt es auch in Italien, im Nachholspiel vom dritten Spieltag treffen die Bianconeri auf Napoli. Zwar ist es nicht mehr ein &#8222;Giganten Treffen&#8220; wie in den vergangenen Jahren, nichtsdestotrotz ist ein Topspiel. DAZN besetzt dieses mit Moderator Tobi Wahnschaffe, hinzu kommen Serie-A Experte Christian Bernhard und Kommentator Marco Hagemann. F\u00fcr Hagemann somit erneut eine arbeitsintensive Woche. <\/p>\n\n\n\n<p>Zudem gibt&#8217;s doch ein Pokalspiel in Frankreich, bei PSG Beteiligung sind Stefan Galler und Alexis Menuge keine \u00dcberraschung. Bei Sportdigital gibt es zudem die Halbfinals des t\u00fcrkischen Pokalwettbewerbs im Angebot, Christian Blunck am Dienstag und Karsten Linke am Mittwoche sitzen am Mikrofon. <\/p>\n\n\n\n<p>Bis dahin, habt eine sch\u00f6ne Woche!<\/p>\n","protected":false},"excerpt":{"rendered":"<p>N &#8218;Abend allerseits, Ich habe zugegebenerma\u00dfen sehr lange \u00fcberlegen m\u00fcssen, ob ich mich in diesem Rahmen zur Causa J\u00f6rg Dahlmann \u00e4u\u00dfern will. Entschieden habe ich mich daf\u00fcr, auch wenn die Meinungen hier ja bekanntlich auseinander gehen &#8211; aber dazu gleich mehr. Zu Beginn m\u00f6chte ich allerdings erst auf das vergangene Fussball-Wochenende zu sprechen kommen. Ich [&hellip;]<\/p>\n","protected":false},"author":5,"featured_media":0,"comment_status":"open","ping_status":"open","sticky":false,"template":"","format":"standard","meta":{"footnotes":""},"categories":[425],"tags":[153,216,46,131,256,164,57,171,212,13,30,119,82,97,132,61,295,123,464,93,489,59,31,205,9,276,43,243,118,95,283,279,383,88,409,83,108,98,222,22,134,154,252,200,105,107],"class_list":["post-7313","post","type-post","status-publish","format-standard","hentry","category-champions-league-und-co","tag-alexis-menuge","tag-andreas-mann","tag-anett-sattler","tag-carsten-fuss","tag-cedric-pick","tag-christian-bernhard","tag-christian-blunck","tag-christoph-stadtler","tag-daniel-herzog","tag-dazn","tag-didi-hamann","tag-edgar-mielke","tag-erik-meijer","tag-esther-sedlaczek","tag-flo-hauser","tag-frank-buschmann","tag-freddy-harder","tag-jan-luedeke","tag-jan-neumann","tag-kai-dittmann","tag-kamila-benschop","tag-karsten-linke","tag-lothar-matthaeus","tag-lukas-schoenmueller","tag-magenta-sport","tag-marcel-seufert","tag-marco-hagemann","tag-mario-rieker","tag-markus-herwig","tag-martin-gross","tag-max-gross","tag-max-siebald","tag-michael-augustin","tag-michael-leopold","tag-mike-muenkel","tag-mladen-petric","tag-ralph-gunesch","tag-sebastian-hellmann","tag-sebastian-kneissl","tag-sky","tag-sportdigital-fussball","tag-stefan-galler","tag-tobi-wahnschaffe","tag-tom-kirsten","tag-uli-hebel","tag-wolff-fuss"],"_links":{"self":[{"href":"https:\/\/kommentatorenblog.de\/index.php?rest_route=\/wp\/v2\/posts\/7313","targetHints":{"allow":["GET"]}}],"collection":[{"href":"https:\/\/kommentatorenblog.de\/index.php?rest_route=\/wp\/v2\/posts"}],"about":[{"href":"https:\/\/kommentatorenblog.de\/index.php?rest_route=\/wp\/v2\/types\/post"}],"author":[{"embeddable":true,"href":"https:\/\/kommentatorenblog.de\/index.php?rest_route=\/wp\/v2\/users\/5"}],"replies":[{"embeddable":true,"href":"https:\/\/kommentatorenblog.de\/index.php?rest_route=%2Fwp%2Fv2%2Fcomments&post=7313"}],"version-history":[{"count":34,"href":"https:\/\/kommentatorenblog.de\/index.php?rest_route=\/wp\/v2\/posts\/7313\/revisions"}],"predecessor-version":[{"id":7933,"href":"https:\/\/kommentatorenblog.de\/index.php?rest_route=\/wp\/v2\/posts\/7313\/revisions\/7933"}],"wp:attachment":[{"href":"https:\/\/kommentatorenblog.de\/index.php?rest_route=%2Fwp%2Fv2%2Fmedia&parent=7313"}],"wp:term":[{"taxonomy":"category","embeddable":true,"href":"https:\/\/kommentatorenblog.de\/index.php?rest_route=%2Fwp%2Fv2%2Fcategories&post=7313"},{"taxonomy":"post_tag","embeddable":true,"href":"https:\/\/kommentatorenblog.de\/index.php?rest_route=%2Fwp%2Fv2%2Ftags&post=7313"}],"curies":[{"name":"wp","href":"https:\/\/api.w.org\/{rel}","templated":true}]}}