{"id":7315,"date":"2021-03-08T19:10:33","date_gmt":"2021-03-08T18:10:33","guid":{"rendered":"http:\/\/kommentatorenblog.de\/?p=7315"},"modified":"2021-03-15T16:39:10","modified_gmt":"2021-03-15T15:39:10","slug":"1154-fuss-kann-herz-der-bvb-fans-zurueckerobern","status":"publish","type":"post","link":"https:\/\/kommentatorenblog.de\/?p=7315","title":{"rendered":"1154 \u2013 Fuss kann Herz der BVB-Fans zur\u00fcckerobern"},"content":{"rendered":"\n<p>N\u2019Abend allerseits,<\/p>\n\n\n\n<p>beim Lesen der Kommentare habe ich zuletzt gesehen, dass sich Einige den Corona-Bezug meiner Beitr\u00e4ge kompakter w\u00fcnschen. Ich kann die Kritik gut nachvollziehen, es hat mit dem Kern des Blogs ja auch ansich nichts zu tun. Andererseits ist es nicht so, dass wir hier in jedem Beitrag ein Corona-Update geben &#8211; sondern sporadisch, ausgew\u00e4hlt und in der Regel immer mit Bezug aufs Sportliche oder gar auf die Sportberichterstattung im TV. Was ich mir aber zu Herzen nehmen werde, ist, bei Themen die \u00fcber den Kern des Blogs hinausgehen, das Ganze mit Zwischen\u00fcberschriften kenntlich zu machen. Wer will, kann ja ohnehin sofort in die Ansetzungen und die Analyse springen.<\/p>\n\n\n\n<p>Eine kleine Stellungnahme m\u00f6chte ich in Bezug auf meinen vergangenen Beitrag dennoch loswerden. Denn die Beschl\u00fcsse vom Corona-Gipfel geben dem Amateursport jetzt immerhin wieder eine Perspektive. Diese ist zwar von Inzidenz-Werten abh\u00e4ngig, aber verschafft den Verb\u00e4nden Planungssicherheit. Und das Wichtigste: Kinder werden gesondert priorisiert. Sportgruppen mit bis zu 20 Kindern k\u00f6nnen seit heute in Vereinen wieder drau\u00dfen trainieren. Eine erfreuliche Sache, die vielleicht etwas zu sp\u00e4t kommt, an deren Umsetzung ich aber auch nach wie vor gezweifelt habe.<\/p>\n\n\n\n<p><strong>R\u00fcckblick auf den Klassiker&nbsp;<\/strong><\/p>\n\n\n\n<p>Ein paar Worte noch zum Topspiel am Samstagabend, das einem Klassiker nicht nur wegen seiner Tore gerecht wurde. Insbesondere die erste Halbzeit war ein echter Hingucker f\u00fcr jeden neutralen Fu\u00dfballfan. Und neutraler Fu\u00dfballfan ist das Stichwort. In dessen Rolle habe ich mich n\u00e4mlich wiedergefunden. Das Spiel habe ich aber noch zusammen mit einem BVB-Fan geschaut, der am Ende &#8211; ich brauche vermutlich nicht zu erkl\u00e4ren, warum &#8211; sauer auf das Schiedsrichtergespann und auf Kommentator Wolff Fuss war. Den tat er direkt mal an eingefleischten und nicht neutralen Bayern-Fan ab, kam mir irgendwie bekannt vor.<\/p>\n\n\n\n<p>Bis zu einem gewissen Grad kann ich den \u00c4rger nachvollziehen, ich muss aber auch sagen, dass man ohne Fan-Brille einen anderen Blickwinkel darauf hat. Meines Ermessens war der Zweikampf, den San\u00e9 gegen Can gef\u00fchrt hat, tendenziell auch eher ein Foulspiel als keins, aber auch im Verh\u00e4ltnis von 60 zu 40 Prozent und dementsprechend keine klare Fehlentscheidung &#8211; so wie es Marco Fritz nach dem Spiel ja noch einmal betonte. Wolff Fuss ist an der Stelle kein Vorwurf zu machen, er sagt ja selbst, dass es eine 50-50-Sache ist, die auch anders ausgehen kann. Der Sieg kommt am Ende etwas gl\u00fccklich zustande, ist aber durchaus verdient. \u201eEin typischer Bayern-Sieg\u201c, wie Fuss sagt. Ich denke da kann man sich drauf einigen. Was sagt ihr zu der umstrittenen Szene und zur Leistung von Fuss in Bezug auf vermeintliche Bayern-Sympathien?&nbsp;<\/p>\n\n\n\n<p><strong>CL-R\u00fcckspiele: Sky an der Reihe<\/strong><\/p>\n\n\n\n<p>Die kommende Sportwoche hat nat\u00fcrlich Einiges zu bieten. Schlie\u00dflich stehen die R\u00fcckspiele im Achtelfinale der Champions League an. Ich hatte es bereits im Text zur TV-Rechtevergabe erw\u00e4hnt. W\u00e4hrend DAZN bei den Hinspielen dominiert hat, darf sich jetzt Sky \u00fcber die Ausstrahlung der Spiele mit deutscher Beteiligung freuen. In dieser Woche ist das am Dienstag das Dortmund-Spiel. Der BVB hat sich ja bereits in Sevilla eine gute Ausgangsposition erarbeitet. Und am Mittwoch begegnen sich Liverpool und RB Leipzig zum zweiten Mal auf neutralem Terrain in Budapest. Der Kommentar kommt hierbei &#8211; Achtung, Spoiler &#8211; aus der Box.<\/p>\n\n\n\n<p>Doch nicht nur in der K\u00f6nigsklasse geht es hoch her. Auch in der Europa League steht ein Duell an, das problemlos als Paarung im CL-Achtelfinale durchgehen w\u00fcrde. Au\u00dferdem stehen einige Nachholspiele auf dem Programm &#8211; nicht zuletzt mit Beteiligung aus der Fu\u00dfball-Bundesliga. In der Premier League gibt es zudem ein vorgezogenes Spiel. Sieht man selten.<\/p>\n\n\n\n<p>Und nun zum Tagesgesch\u00e4ft.<\/p>\n\n\n\n<hr class=\"wp-block-separator\"\/>\n\n\n\n<p><strong><em>Die Ansetzungen vom 09. M\u00e4rz bis zum 11. M\u00e4rz 2021<\/em><\/strong><\/p>\n\n\n\n<p><strong>Champions League Achtelfinale, R\u00fcckspiele<\/strong><\/p>\n\n\n\n<p><span style=\"text-decoration: underline;\">Dienstag, 09. M\u00e4rz 2021, ab 19.30 Uhr (Sky)<\/span><\/p>\n\n\n\n<p><em><strong>Borussia Dortmund \u2013 FC Sevilla (21.00 Uhr)<\/strong><\/em><\/p>\n\n\n\n<p><img loading=\"lazy\" decoding=\"async\" width=\"10\" height=\"21\" class=\"wp-image-3656\" style=\"width: 10px;\" src=\"http:\/\/kommentatorenblog.de\/wp-content\/uploads\/2020\/09\/shure-55sh-ii-e1601485394796.jpg\" alt=\"\" srcset=\"https:\/\/kommentatorenblog.de\/wp-content\/uploads\/2020\/09\/shure-55sh-ii-e1601485394796.jpg 415w, https:\/\/kommentatorenblog.de\/wp-content\/uploads\/2020\/09\/shure-55sh-ii-e1601485394796-142x300.jpg 142w\" sizes=\"auto, (max-width: 10px) 100vw, 10px\" \/> Sky: Wolff Fuss (Einzelspiel), Kai Dittmann (Konferenz)<\/p>\n\n\n\n<p>Field-Reporter: Patrick Wasserziehr<\/p>\n\n\n\n<p><span style=\"text-decoration: underline;\">ab 19.30 Uhr (Sky) \/ ab 20.45 Uhr (DAZN)<\/span><\/p>\n\n\n\n<p><em><strong>Juventus Turin \u2013 FC Porto (21.00 Uhr)<\/strong><\/em><\/p>\n\n\n\n<p class=\"has-normal-font-size\"><img loading=\"lazy\" decoding=\"async\" width=\"10\" height=\"21\" class=\"wp-image-3656\" style=\"width: 10px;\" src=\"http:\/\/kommentatorenblog.de\/wp-content\/uploads\/2020\/09\/shure-55sh-ii-e1601485394796.jpg\" alt=\"\" srcset=\"https:\/\/kommentatorenblog.de\/wp-content\/uploads\/2020\/09\/shure-55sh-ii-e1601485394796.jpg 415w, https:\/\/kommentatorenblog.de\/wp-content\/uploads\/2020\/09\/shure-55sh-ii-e1601485394796-142x300.jpg 142w\" sizes=\"auto, (max-width: 10px) 100vw, 10px\" \/> DAZN: Marco Hagemann, Experte: Benny Lauth<br><img loading=\"lazy\" decoding=\"async\" width=\"10\" height=\"21\" class=\"wp-image-3656\" style=\"width: 10px;\" src=\"http:\/\/kommentatorenblog.de\/wp-content\/uploads\/2020\/09\/shure-55sh-ii-e1601485394796.jpg\" alt=\"\" srcset=\"https:\/\/kommentatorenblog.de\/wp-content\/uploads\/2020\/09\/shure-55sh-ii-e1601485394796.jpg 415w, https:\/\/kommentatorenblog.de\/wp-content\/uploads\/2020\/09\/shure-55sh-ii-e1601485394796-142x300.jpg 142w\" sizes=\"auto, (max-width: 10px) 100vw, 10px\" \/> Sky: Frank Buschmann (Konferenz)<\/p>\n\n\n\n<p>Moderation (DAZN): Daniel Herzog<\/p>\n\n\n\n<p>Studio-Moderation (Sky): Michael Leopold, Experten: Didi Hamann und Erik Meijer, Gast: Dennis Aogo<\/p>\n\n\n\n<p><span style=\"text-decoration: underline;\">Mittwoch, 10. M\u00e4rz 2021, ab 19.30 Uhr (Sky)<\/span><\/p>\n\n\n\n<p><em><strong>FC Liverpool \u2013 RB Leipzig (21.00 Uhr)<\/strong><\/em><\/p>\n\n\n\n<p><img loading=\"lazy\" decoding=\"async\" width=\"10\" height=\"21\" class=\"wp-image-3656\" style=\"width: 10px;\" src=\"http:\/\/kommentatorenblog.de\/wp-content\/uploads\/2020\/09\/shure-55sh-ii-e1601485394796.jpg\" alt=\"\" srcset=\"https:\/\/kommentatorenblog.de\/wp-content\/uploads\/2020\/09\/shure-55sh-ii-e1601485394796.jpg 415w, https:\/\/kommentatorenblog.de\/wp-content\/uploads\/2020\/09\/shure-55sh-ii-e1601485394796-142x300.jpg 142w\" sizes=\"auto, (max-width: 10px) 100vw, 10px\" \/> Sky: Wolff Fuss (Einzelspiel), Tom Bayer (Konferenz)<\/p>\n\n\n\n<p><span style=\"text-decoration: underline;\">ab 19.30 Uhr (Sky) \/ ab 20.45 Uhr (DAZN)<\/span><\/p>\n\n\n\n<p><em><strong>Paris Saint-Germain \u2013 FC Barcelona (21.00 Uhr)<\/strong><\/em><\/p>\n\n\n\n<p class=\"has-normal-font-size\"><img loading=\"lazy\" decoding=\"async\" width=\"10\" height=\"21\" class=\"wp-image-3656\" style=\"width: 10px;\" src=\"http:\/\/kommentatorenblog.de\/wp-content\/uploads\/2020\/09\/shure-55sh-ii-e1601485394796.jpg\" alt=\"\" srcset=\"https:\/\/kommentatorenblog.de\/wp-content\/uploads\/2020\/09\/shure-55sh-ii-e1601485394796.jpg 415w, https:\/\/kommentatorenblog.de\/wp-content\/uploads\/2020\/09\/shure-55sh-ii-e1601485394796-142x300.jpg 142w\" sizes=\"auto, (max-width: 10px) 100vw, 10px\" \/> DAZN: Jan Platte, Experte: Sandro Wagner<br><img loading=\"lazy\" decoding=\"async\" width=\"10\" height=\"21\" class=\"wp-image-3656\" style=\"width: 10px;\" src=\"http:\/\/kommentatorenblog.de\/wp-content\/uploads\/2020\/09\/shure-55sh-ii-e1601485394796.jpg\" alt=\"\" srcset=\"https:\/\/kommentatorenblog.de\/wp-content\/uploads\/2020\/09\/shure-55sh-ii-e1601485394796.jpg 415w, https:\/\/kommentatorenblog.de\/wp-content\/uploads\/2020\/09\/shure-55sh-ii-e1601485394796-142x300.jpg 142w\" sizes=\"auto, (max-width: 10px) 100vw, 10px\" \/> Sky: Jonas Friedrich (Konferenz)<\/p>\n\n\n\n<p>Moderation (DAZN): Alex Schl\u00fcter<\/p>\n\n\n\n<p>Studio-Moderation (Sky): Sebastian Hellmann, Experten: Lothar Matth\u00e4us und Erik Meijer, Gast: Ralf Rangnick<\/p>\n\n\n\n<hr class=\"wp-block-separator\"\/>\n\n\n\n<p><strong>Bundesliga, Nachholspiel (Sky)<\/strong><\/p>\n\n\n\n<p><span style=\"text-decoration: underline;\">Mittwoch, 10. M\u00e4rz 2021, ab 18.15 Uhr (Sky)<\/span><\/p>\n\n\n\n<p>20. Spieltag: <strong><em>Arminia Bielefeld \u2013 SV Werder Bremen (18.30 Uhr)<\/em><\/strong><\/p>\n\n\n\n<p class=\"has-normal-font-size\"><img loading=\"lazy\" decoding=\"async\" width=\"10\" height=\"21\" class=\"wp-image-3656\" style=\"width: 10px;\" src=\"http:\/\/kommentatorenblog.de\/wp-content\/uploads\/2020\/09\/shure-55sh-ii-e1601485394796.jpg\" alt=\"\" srcset=\"https:\/\/kommentatorenblog.de\/wp-content\/uploads\/2020\/09\/shure-55sh-ii-e1601485394796.jpg 415w, https:\/\/kommentatorenblog.de\/wp-content\/uploads\/2020\/09\/shure-55sh-ii-e1601485394796-142x300.jpg 142w\" sizes=\"auto, (max-width: 10px) 100vw, 10px\" \/> Marcus Lindemann <\/p>\n\n\n\n<p>Field-Reporter: Patrick Wasserziehr<\/p>\n\n\n\n<hr class=\"wp-block-separator\"\/>\n\n\n\n<p><strong>Europa League Achtelfinale, Hinspiele<\/strong><\/p>\n\n\n\n<p><span style=\"text-decoration: underline;\">Donnerstag, 11. M\u00e4rz 2021, ab 18.40 Uhr (DAZN)<\/span><\/p>\n\n\n\n<p><em><strong>GoalZone<\/strong><\/em><\/p>\n\n\n\n<p class=\"has-normal-font-size\"><img loading=\"lazy\" decoding=\"async\" width=\"10\" height=\"21\" class=\"wp-image-3656\" style=\"width: 10px;\" src=\"http:\/\/kommentatorenblog.de\/wp-content\/uploads\/2020\/09\/shure-55sh-ii-e1601485394796.jpg\" alt=\"\" srcset=\"https:\/\/kommentatorenblog.de\/wp-content\/uploads\/2020\/09\/shure-55sh-ii-e1601485394796.jpg 415w, https:\/\/kommentatorenblog.de\/wp-content\/uploads\/2020\/09\/shure-55sh-ii-e1601485394796-142x300.jpg 142w\" sizes=\"auto, (max-width: 10px) 100vw, 10px\" \/> Jan L\u00fcdeke und Christoph Stadtler<\/p>\n\n\n\n<p><span style=\"text-decoration: underline;\">ab 18.30 Uhr (Nitro) \/ ab 18.50 Uhr (DAZN)<\/span><\/p>\n\n\n\n<p><strong><em>Manchester United \u2013 AC Mailand (18.55 Uhr)<\/em><\/strong><\/p>\n\n\n\n<p class=\"has-normal-font-size\"><img loading=\"lazy\" decoding=\"async\" width=\"10\" height=\"21\" class=\"wp-image-3656\" style=\"width: 10px;\" src=\"http:\/\/kommentatorenblog.de\/wp-content\/uploads\/2020\/09\/shure-55sh-ii-e1601485394796.jpg\" alt=\"\" srcset=\"https:\/\/kommentatorenblog.de\/wp-content\/uploads\/2020\/09\/shure-55sh-ii-e1601485394796.jpg 415w, https:\/\/kommentatorenblog.de\/wp-content\/uploads\/2020\/09\/shure-55sh-ii-e1601485394796-142x300.jpg 142w\" sizes=\"auto, (max-width: 10px) 100vw, 10px\" \/> Marco Hagemann, Experte: Steffen Freund <\/p>\n\n\n\n<p class=\"has-normal-font-size\"><img loading=\"lazy\" decoding=\"async\" width=\"10\" height=\"21\" class=\"wp-image-3656\" style=\"width: 10px;\" src=\"http:\/\/kommentatorenblog.de\/wp-content\/uploads\/2020\/09\/shure-55sh-ii-e1601485394796.jpg\" alt=\"\" srcset=\"https:\/\/kommentatorenblog.de\/wp-content\/uploads\/2020\/09\/shure-55sh-ii-e1601485394796.jpg 415w, https:\/\/kommentatorenblog.de\/wp-content\/uploads\/2020\/09\/shure-55sh-ii-e1601485394796-142x300.jpg 142w\" sizes=\"auto, (max-width: 10px) 100vw, 10px\" \/> Uli Hebel, Experte: Sebastian Knei\u00dfl<\/p>\n\n\n\n<p>Moderation: Laura Wontorra, Experte: Roman Weidenfeller <\/p>\n\n\n\n<p><strong><em>Ajax Amsterdam \u2013 Young Boys Bern (18.55 Uhr)<\/em><\/strong><\/p>\n\n\n\n<p class=\"has-normal-font-size\"><img loading=\"lazy\" decoding=\"async\" width=\"10\" height=\"21\" class=\"wp-image-3656\" style=\"width: 10px;\" src=\"http:\/\/kommentatorenblog.de\/wp-content\/uploads\/2020\/09\/shure-55sh-ii-e1601485394796.jpg\" alt=\"\" srcset=\"https:\/\/kommentatorenblog.de\/wp-content\/uploads\/2020\/09\/shure-55sh-ii-e1601485394796.jpg 415w, https:\/\/kommentatorenblog.de\/wp-content\/uploads\/2020\/09\/shure-55sh-ii-e1601485394796-142x300.jpg 142w\" sizes=\"auto, (max-width: 10px) 100vw, 10px\" \/> Flo Hauser<\/p>\n\n\n\n<p><strong><em>SK Slavia Prag \u2013 Glasgow Rangers (18.55 Uhr)<\/em><\/strong><\/p>\n\n\n\n<p class=\"has-normal-font-size\"><img loading=\"lazy\" decoding=\"async\" width=\"10\" height=\"21\" class=\"wp-image-3656\" style=\"width: 10px;\" src=\"http:\/\/kommentatorenblog.de\/wp-content\/uploads\/2020\/09\/shure-55sh-ii-e1601485394796.jpg\" alt=\"\" srcset=\"https:\/\/kommentatorenblog.de\/wp-content\/uploads\/2020\/09\/shure-55sh-ii-e1601485394796.jpg 415w, https:\/\/kommentatorenblog.de\/wp-content\/uploads\/2020\/09\/shure-55sh-ii-e1601485394796-142x300.jpg 142w\" sizes=\"auto, (max-width: 10px) 100vw, 10px\" \/> Tom Kirsten<\/p>\n\n\n\n<p><strong><em>FC Dynamo Kiew \u2013 FC Villarreal (18.55 Uhr)<\/em><\/strong><\/p>\n\n\n\n<p class=\"has-normal-font-size\"><img loading=\"lazy\" decoding=\"async\" width=\"10\" height=\"21\" class=\"wp-image-3656\" style=\"width: 10px;\" src=\"http:\/\/kommentatorenblog.de\/wp-content\/uploads\/2020\/09\/shure-55sh-ii-e1601485394796.jpg\" alt=\"\" srcset=\"https:\/\/kommentatorenblog.de\/wp-content\/uploads\/2020\/09\/shure-55sh-ii-e1601485394796.jpg 415w, https:\/\/kommentatorenblog.de\/wp-content\/uploads\/2020\/09\/shure-55sh-ii-e1601485394796-142x300.jpg 142w\" sizes=\"auto, (max-width: 10px) 100vw, 10px\" \/> Max Gross<\/p>\n\n\n\n<p><span style=\"text-decoration: underline;\">ab 20.55 Uhr (DAZN)<\/span><\/p>\n\n\n\n<p><strong><em>FC Granada \u2013 Molde FK (21.00 Uhr)<\/em><\/strong><\/p>\n\n\n\n<p class=\"has-normal-font-size\"><img loading=\"lazy\" decoding=\"async\" width=\"10\" height=\"21\" class=\"wp-image-3656\" style=\"width: 10px;\" src=\"http:\/\/kommentatorenblog.de\/wp-content\/uploads\/2020\/09\/shure-55sh-ii-e1601485394796.jpg\" alt=\"\" srcset=\"https:\/\/kommentatorenblog.de\/wp-content\/uploads\/2020\/09\/shure-55sh-ii-e1601485394796.jpg 415w, https:\/\/kommentatorenblog.de\/wp-content\/uploads\/2020\/09\/shure-55sh-ii-e1601485394796-142x300.jpg 142w\" sizes=\"auto, (max-width: 10px) 100vw, 10px\" \/> Mario Rieker<\/p>\n\n\n\n<p><strong><em>Olympiakos Pir\u00e4us \u2013 FC Arsenal (21.00 Uhr)<\/em><\/strong><\/p>\n\n\n\n<p class=\"has-normal-font-size\"><img loading=\"lazy\" decoding=\"async\" width=\"10\" height=\"21\" class=\"wp-image-3656\" style=\"width: 10px;\" src=\"http:\/\/kommentatorenblog.de\/wp-content\/uploads\/2020\/09\/shure-55sh-ii-e1601485394796.jpg\" alt=\"\" srcset=\"https:\/\/kommentatorenblog.de\/wp-content\/uploads\/2020\/09\/shure-55sh-ii-e1601485394796.jpg 415w, https:\/\/kommentatorenblog.de\/wp-content\/uploads\/2020\/09\/shure-55sh-ii-e1601485394796-142x300.jpg 142w\" sizes=\"auto, (max-width: 10px) 100vw, 10px\" \/> Freddy Harder<\/p>\n\n\n\n<p><strong><em>AS Rom FC \u2013 Schachtjor Donezk (21.00 Uhr)<\/em><\/strong><\/p>\n\n\n\n<p class=\"has-normal-font-size\"><img loading=\"lazy\" decoding=\"async\" width=\"10\" height=\"21\" class=\"wp-image-3656\" style=\"width: 10px;\" src=\"http:\/\/kommentatorenblog.de\/wp-content\/uploads\/2020\/09\/shure-55sh-ii-e1601485394796.jpg\" alt=\"\" srcset=\"https:\/\/kommentatorenblog.de\/wp-content\/uploads\/2020\/09\/shure-55sh-ii-e1601485394796.jpg 415w, https:\/\/kommentatorenblog.de\/wp-content\/uploads\/2020\/09\/shure-55sh-ii-e1601485394796-142x300.jpg 142w\" sizes=\"auto, (max-width: 10px) 100vw, 10px\" \/> Carsten Fu\u00df<\/p>\n\n\n\n<p><strong><em>Tottenham Hotspur \u2013 NK Dinamo Zagreb (21.00 Uhr)<\/em><\/strong><\/p>\n\n\n\n<p class=\"has-normal-font-size\"><img loading=\"lazy\" decoding=\"async\" width=\"10\" height=\"21\" class=\"wp-image-3656\" style=\"width: 10px;\" src=\"http:\/\/kommentatorenblog.de\/wp-content\/uploads\/2020\/09\/shure-55sh-ii-e1601485394796.jpg\" alt=\"\" srcset=\"https:\/\/kommentatorenblog.de\/wp-content\/uploads\/2020\/09\/shure-55sh-ii-e1601485394796.jpg 415w, https:\/\/kommentatorenblog.de\/wp-content\/uploads\/2020\/09\/shure-55sh-ii-e1601485394796-142x300.jpg 142w\" sizes=\"auto, (max-width: 10px) 100vw, 10px\" \/> Marcel Seufert<\/p>\n\n\n\n<hr class=\"wp-block-separator\"\/>\n\n\n\n<p><strong>3. Liga, Nachholspiele (Magenta Sport)<\/strong><\/p>\n\n\n\n<p><span style=\"text-decoration: underline;\">Dienstag, 09. M\u00e4rz 2021 ab 18.45 Uhr<\/span><\/p>\n\n\n\n<p>22. Spieltag: <strong><em>KFC Uerdingen \u2013 Hansa Rostock (19.00 Uhr)<\/em><\/strong><\/p>\n\n\n\n<p class=\"has-normal-font-size\"><img loading=\"lazy\" decoding=\"async\" width=\"10\" height=\"21\" class=\"wp-image-3656\" style=\"width: 10px;\" src=\"http:\/\/kommentatorenblog.de\/wp-content\/uploads\/2020\/09\/shure-55sh-ii-e1601485394796.jpg\" alt=\"\" srcset=\"https:\/\/kommentatorenblog.de\/wp-content\/uploads\/2020\/09\/shure-55sh-ii-e1601485394796.jpg 415w, https:\/\/kommentatorenblog.de\/wp-content\/uploads\/2020\/09\/shure-55sh-ii-e1601485394796-142x300.jpg 142w\" sizes=\"auto, (max-width: 10px) 100vw, 10px\" \/> Christian Stra\u00dfburger<\/p>\n\n\n\n<p>Moderation: Kamila Benschop<\/p>\n\n\n\n<p>24. Spieltag: <strong><em>Viktoria K\u00f6ln \u2013 SV Meppen (19.00 Uhr)<\/em><\/strong><\/p>\n\n\n\n<p class=\"has-normal-font-size\"><img loading=\"lazy\" decoding=\"async\" width=\"10\" height=\"21\" class=\"wp-image-3656\" style=\"width: 10px;\" src=\"http:\/\/kommentatorenblog.de\/wp-content\/uploads\/2020\/09\/shure-55sh-ii-e1601485394796.jpg\" alt=\"\" srcset=\"https:\/\/kommentatorenblog.de\/wp-content\/uploads\/2020\/09\/shure-55sh-ii-e1601485394796.jpg 415w, https:\/\/kommentatorenblog.de\/wp-content\/uploads\/2020\/09\/shure-55sh-ii-e1601485394796-142x300.jpg 142w\" sizes=\"auto, (max-width: 10px) 100vw, 10px\" \/> Markus H\u00f6hner<\/p>\n\n\n\n<p>Moderation: Thomas Wagner<\/p>\n\n\n\n<p><span style=\"text-decoration: underline;\">Mittwoch, 10. M\u00e4rz 2021 ab 18.45 Uhr<\/span><\/p>\n\n\n\n<p>19. Spieltag: <strong><em>1.FC Saarbr\u00fccken \u2013 FSV Zwickau (19.00 Uhr)<\/em><\/strong><\/p>\n\n\n\n<p class=\"has-normal-font-size\"><img loading=\"lazy\" decoding=\"async\" width=\"10\" height=\"21\" class=\"wp-image-3656\" style=\"width: 10px;\" src=\"http:\/\/kommentatorenblog.de\/wp-content\/uploads\/2020\/09\/shure-55sh-ii-e1601485394796.jpg\" alt=\"\" srcset=\"https:\/\/kommentatorenblog.de\/wp-content\/uploads\/2020\/09\/shure-55sh-ii-e1601485394796.jpg 415w, https:\/\/kommentatorenblog.de\/wp-content\/uploads\/2020\/09\/shure-55sh-ii-e1601485394796-142x300.jpg 142w\" sizes=\"auto, (max-width: 10px) 100vw, 10px\" \/> Mario Bast<\/p>\n\n\n\n<p>Moderation: Holger Speckhahn<\/p>\n\n\n\n<p>22. Spieltag: <strong><em>FC Bayern M\u00fcnchen II \u2013 SC Verl (19.00 Uhr)<\/em><\/strong><\/p>\n\n\n\n<p class=\"has-normal-font-size\"><img loading=\"lazy\" decoding=\"async\" width=\"10\" height=\"21\" class=\"wp-image-3656\" style=\"width: 10px;\" src=\"http:\/\/kommentatorenblog.de\/wp-content\/uploads\/2020\/09\/shure-55sh-ii-e1601485394796.jpg\" alt=\"\" srcset=\"https:\/\/kommentatorenblog.de\/wp-content\/uploads\/2020\/09\/shure-55sh-ii-e1601485394796.jpg 415w, https:\/\/kommentatorenblog.de\/wp-content\/uploads\/2020\/09\/shure-55sh-ii-e1601485394796-142x300.jpg 142w\" sizes=\"auto, (max-width: 10px) 100vw, 10px\" \/> Oskar Heirler<\/p>\n\n\n\n<p>Moderation: Basti Schwele<\/p>\n\n\n\n<hr class=\"wp-block-separator\"\/>\n\n\n\n<p><strong>Premier League, vorgezogenes Spiel (Sky)<\/strong><\/p>\n\n\n\n<p><span style=\"text-decoration: underline;\">Mittwoch, 10. M\u00e4rz 2021<\/span><\/p>\n\n\n\n<p>33. Spieltag: <strong><em>Manchester City \u2013 FC Southampton (19.00 Uhr)<\/em><\/strong><\/p>\n\n\n\n<p class=\"has-normal-font-size\"><img loading=\"lazy\" decoding=\"async\" width=\"10\" height=\"21\" class=\"wp-image-3656\" style=\"width: 10px;\" src=\"http:\/\/kommentatorenblog.de\/wp-content\/uploads\/2020\/09\/shure-55sh-ii-e1601485394796.jpg\" alt=\"\" srcset=\"https:\/\/kommentatorenblog.de\/wp-content\/uploads\/2020\/09\/shure-55sh-ii-e1601485394796.jpg 415w, https:\/\/kommentatorenblog.de\/wp-content\/uploads\/2020\/09\/shure-55sh-ii-e1601485394796-142x300.jpg 142w\" sizes=\"auto, (max-width: 10px) 100vw, 10px\" \/> Hannes Herrmann<\/p>\n\n\n\n<hr class=\"wp-block-separator\"\/>\n\n\n\n<p><strong>LaLiga, Nachholspiel (DAZN)<\/strong><\/p>\n\n\n\n<p><span style=\"text-decoration: underline;\">Mittwoch, 10. M\u00e4rz 2021<\/span><\/p>\n\n\n\n<p>18. Spieltag: <strong><em>Atletico Madrid \u2013 Athletic Bilbao (21.00 Uhr)<\/em><\/strong><\/p>\n\n\n\n<p class=\"has-normal-font-size\"><img loading=\"lazy\" decoding=\"async\" width=\"10\" height=\"21\" class=\"wp-image-3656\" style=\"width: 10px;\" src=\"http:\/\/kommentatorenblog.de\/wp-content\/uploads\/2020\/09\/shure-55sh-ii-e1601485394796.jpg\" alt=\"\" srcset=\"https:\/\/kommentatorenblog.de\/wp-content\/uploads\/2020\/09\/shure-55sh-ii-e1601485394796.jpg 415w, https:\/\/kommentatorenblog.de\/wp-content\/uploads\/2020\/09\/shure-55sh-ii-e1601485394796-142x300.jpg 142w\" sizes=\"auto, (max-width: 10px) 100vw, 10px\" \/> Lukas Sch\u00f6nm\u00fcller<\/p>\n\n\n\n<hr class=\"wp-block-separator\"\/>\n\n\n\n<p><strong>UEFA Women&#8217;s Champions League Achtelfinale, R\u00fcckspiele (SPORT1)<\/strong><\/p>\n\n\n\n<p><span style=\"text-decoration: underline;\">Mittwoch, 10. M\u00e4rz 2021<\/span><\/p>\n\n\n\n<p><strong><em><strong><em>LKS Kvinner<\/em><\/strong> (NOR) \u2013 <strong><em>VfL Wolfsburg<\/em><\/strong> (14.00 Uhr)<\/em><\/strong><\/p>\n\n\n\n<p><img loading=\"lazy\" decoding=\"async\" width=\"10\" height=\"21\" class=\"wp-image-3656\" style=\"width: 10px;\" src=\"http:\/\/kommentatorenblog.de\/wp-content\/uploads\/2020\/09\/shure-55sh-ii-e1601485394796.jpg\" alt=\"\" srcset=\"https:\/\/kommentatorenblog.de\/wp-content\/uploads\/2020\/09\/shure-55sh-ii-e1601485394796.jpg 415w, https:\/\/kommentatorenblog.de\/wp-content\/uploads\/2020\/09\/shure-55sh-ii-e1601485394796-142x300.jpg 142w\" sizes=\"auto, (max-width: 10px) 100vw, 10px\" \/> Oliver Forster<\/p>\n\n\n\n<p><strong><em>FC Bayern M\u00fcnchen \u2013 BIIK Kazygurt (KAZ)<\/em><\/strong> <strong><em>(18.00 Uhr)<\/em><\/strong><\/p>\n\n\n\n<p><img loading=\"lazy\" decoding=\"async\" width=\"10\" height=\"21\" class=\"wp-image-3656\" style=\"width: 10px;\" src=\"http:\/\/kommentatorenblog.de\/wp-content\/uploads\/2020\/09\/shure-55sh-ii-e1601485394796.jpg\" alt=\"\" srcset=\"https:\/\/kommentatorenblog.de\/wp-content\/uploads\/2020\/09\/shure-55sh-ii-e1601485394796.jpg 415w, https:\/\/kommentatorenblog.de\/wp-content\/uploads\/2020\/09\/shure-55sh-ii-e1601485394796-142x300.jpg 142w\" sizes=\"auto, (max-width: 10px) 100vw, 10px\" \/> Peter Kohl <\/p>\n\n\n\n<hr class=\"wp-block-separator\"\/>\n\n\n\n<p><strong>Internationaler Fussball<\/strong>&nbsp;<strong>(Sportdigital FUSSBALL)<\/strong><\/p>\n\n\n\n<p><span style=\"text-decoration: underline;\">Dienstag, 09. M\u00e4rz 2021<\/span><\/p>\n\n\n\n<p>K League, 3. Spieltag: <strong><em>Ulsan Hyundai FC \u2013 Incheon United (11.00 Uhr)<\/em><\/strong><\/p>\n\n\n\n<p class=\"has-normal-font-size\"><img loading=\"lazy\" decoding=\"async\" width=\"10\" height=\"21\" class=\"wp-image-3656\" style=\"width: 10px;\" src=\"http:\/\/kommentatorenblog.de\/wp-content\/uploads\/2020\/09\/shure-55sh-ii-e1601485394796.jpg\" alt=\"\" srcset=\"https:\/\/kommentatorenblog.de\/wp-content\/uploads\/2020\/09\/shure-55sh-ii-e1601485394796.jpg 415w, https:\/\/kommentatorenblog.de\/wp-content\/uploads\/2020\/09\/shure-55sh-ii-e1601485394796-142x300.jpg 142w\" sizes=\"auto, (max-width: 10px) 100vw, 10px\" \/> Ulf Kahmke<\/p>\n\n\n\n<p><span style=\"text-decoration: underline;\">Mittwoch, 10. M\u00e4rz 2021<\/span><\/p>\n\n\n\n<p>J. League, 3. Spieltag: <strong><em>Kawasaki Frontale \u2013 Tokushima Vortis (11.00 Uhr)<\/em><\/strong><\/p>\n\n\n\n<p class=\"has-normal-font-size\"><img loading=\"lazy\" decoding=\"async\" width=\"10\" height=\"21\" class=\"wp-image-3656\" style=\"width: 10px;\" src=\"http:\/\/kommentatorenblog.de\/wp-content\/uploads\/2020\/09\/shure-55sh-ii-e1601485394796.jpg\" alt=\"\" srcset=\"https:\/\/kommentatorenblog.de\/wp-content\/uploads\/2020\/09\/shure-55sh-ii-e1601485394796.jpg 415w, https:\/\/kommentatorenblog.de\/wp-content\/uploads\/2020\/09\/shure-55sh-ii-e1601485394796-142x300.jpg 142w\" sizes=\"auto, (max-width: 10px) 100vw, 10px\" \/> Karsten Linke<\/p>\n\n\n\n<hr class=\"wp-block-separator\"\/>\n\n\n\n<p><strong>Die Analyse<\/strong><\/p>\n\n\n\n<p><strong>Der doppelte Fuss in der CL<\/strong><\/p>\n\n\n\n<p>Ohne \u00dcberraschungen beim Sky-Personal geht es ins CL-R\u00fcckspiel. Fuss hatte es im Hinspiel mit den Bayern zu tun und darf nun das Herz der BVB-Fans zur\u00fcckerobern. Er ist dabei der einzige deutsche Kommentator, der in den beiden h\u00f6chsten internationalen Vereinswettbewerben diese Woche ins Stadion darf. Allerdings auch nur einmal. Zwar ist Fuss am Mittwoch bei Liverpool gegen Leipzig wieder am Mikro. Nach Budapest fliegt er aber nicht, sein Kommentar kommt dann aus der Box.<\/p>\n\n\n\n<p>Gleiches gilt wie immer f\u00fcr die Partien, die DAZN \u00fcbertr\u00e4gt. Das ist zum Einen am Dienstag das Spiel Juventus Turin gegen den FC Porto. Will CR7 mit den Bianconeri die Champions League gewinnen, sollte er sich gegen den amtierenden portugiesischen Meister ins Zeug legen. Kommentieren werden Marco Hagemann und Benny Lauth. Moderator ist Daniel Herzog. Am Mittwoch d\u00fcrfen Paris und Barca ran. Sandro Wagner ist Experte an der Seite von Jan Platte. Die beiden melden sich aus der Kommentatoren-Box in Ismaning. Moderieren wird Alex Schl\u00fcter.<\/p>\n\n\n\n<p>Sky und DAZN zeigen die Einzelspiele wie immer auch Re-Live. Beim Streamingdienst l\u00e4uft das BVB-Spiel ab Mitternacht begleitet von Flo Hauser. Juve gegen Porto \u00fcbernimmt f\u00fcr Sky Tom Bayer. Am Mittwoch k\u00fcmmert sich Uli Hebel f\u00fcr das Re-Live von Liverpool gegen Leipzig. Toni Tomic widmet sich Paris gegen Barca.<\/p>\n\n\n\n<p><strong>Kompetente Konferenz \/ Bundesliga l\u00e4utet Abend ein<\/strong><\/p>\n\n\n\n<p>Blicken wir noch auf die Konferenz: Am Dienstag spielen sich Kai Dittmann (Dortmund) und Frank Buschmann (Juve) in M\u00fcnchen die B\u00e4lle zu. Vielleicht wird Buschi, den ja die meisten von uns in der Konferenz als bockstark empfinden, auch am Wochenende in der Bundesliga mal wieder dort zu h\u00f6ren sein. Am Mittwoch k\u00fcmmert sich Tom Bayer in der Konferenz um das Duell von Liverpool und Leipzig. Vom PSG-Spiel berichtet Jonas Friedrich aus dem Konferenzkanal &#8211; eine feine Abwechslung! Margot Dumont liefert Infos \u00fcber PSG. So wie PSG im Hinspiel agiert hat, wird es nicht das letzte Mal in dieser CL-Saison bleiben. Im Studio wird bei Sky am Dienstag neben Michael Leopold und Didi Hamann auch Dennis Aogo mit dabei sein. Am Mittwoch bei RBL ist wieder Ralf Rangnick der fachkundige Gast von Sebastian Hellmann und Lothar Matth\u00e4us. Dass Erik Meijer an beiden Abenden mit an Bord ist, versteht sich.<\/p>\n\n\n\n<p>In der Bundesliga steht &#8211; ich hatte es angek\u00fcndigt &#8211; ein Nachholspiel auf dem Programm. Dass Sky dem Duell zwischen Bielefeld und Bremen am Mittwochabend \u201enur\u201c einen Vorbericht von 15 Minuten g\u00f6nnt, unterstreicht die Bedeutung des Duells. Das meine ich nicht abwertend, stattdessen sprechen erstens die Tabellenpl\u00e4tze B\u00e4nde und zweitens hat Sky am gleichen Abend ja noch was vor. Marcus Lindemann wird am Mikrofon sein und den Fu\u00dfball-Abend einl\u00e4uten. Umso \u00fcberraschender gibt\u00b4s den Doppeleinsatz f\u00fcr Patrick Wasserziehr, der die Sendung moderieren wird. <\/p>\n\n\n\n<p><strong>Euro League: Jedes Spiel mit deutschem Kommentar<\/strong><\/p>\n\n\n\n<p>Am Donnerstag sticht eine Begegnung ganz besonders ins Auge. Manchester United trifft in der Europa League auf den AC Mailand. Beide Teams unterstreichen ihre Champions-League-Tauglichkeit in der Liga eindrucksvoll. In der kommenden Saison werden wohl auch beide darin vertreten sein. Und weil keine deutsche Mannschaft mehr im Wettbewerb vertreten ist, hat sich auch Nitro diese Partie ausgesucht. Ansto\u00df ist um 18.55 Uhr, die Vorberichte starten ab 18.30 Uhr mit der gewohnten Crew. Dieses Szenario hatten die RTL-Verantwortlichen sich wohl nicht gew\u00fcnscht &#8211; zumindest nicht so fr\u00fch im Wettbewerb. Uli Hebel und Sebastian Knei\u00dfl d\u00fcrfen sich den Kracher f\u00fcr DAZN anschauen. Max Gross ist auch nach dem Ausscheiden von Salzburg noch mit dabei &#8211; er widmet sich Villarreal, das die \u00d6sterreicher aus dem Turnier gekegelt hat und jetzt in Kiew ran muss. Leverkusen-Bezwinger BSC Young Boys gastiert in Amsterdam, eine Sache f\u00fcr Flo Hauser. DAZN, das in der GoalZone mit Jan L\u00fcdeke und Christoph Stadtler auf die gewohnten Namen setzt, hat \u00fcbrigens zum ersten Mal in dieser EL-Saison jedes Einzelspiel mit einem deutschen Kommentar ausgestattet.<\/p>\n\n\n\n<p>Die \u00fcbrigen Spiele fallen unter den Reiter Nachholspiele. In der 3. Liga muss Aufstiegsanw\u00e4rter Hansa Rostock etwa in Uerdingen bestehen. Christian Stra\u00dfburger hat das Geschehen im Blick. In der Premier League tr\u00e4gt Manchester City in weiser Voraussicht auf ein potenzielles Weiterkommen in der Champions League bereits ein vorgezogenes Duell vom 33. Spieltag aus. Hannes Herrmann liefert den Kommentar. In LaLiga fordert Bilbao den Tabellenf\u00fchrer aus der Hauptstadt heraus, Lukas Sch\u00f6nm\u00fcller meldet sich zu Wort. Und wie immer ist auch Sportdigital FUSSBALL vertreten.<\/p>\n\n\n\n<p>Danke f\u00fcrs Mitlesen und Euch eine sch\u00f6ne Woche!<\/p>\n","protected":false},"excerpt":{"rendered":"<p>N\u2019Abend allerseits, beim Lesen der Kommentare habe ich zuletzt gesehen, dass sich Einige den Corona-Bezug meiner Beitr\u00e4ge kompakter w\u00fcnschen. Ich kann die Kritik gut nachvollziehen, es hat mit dem Kern des Blogs ja auch ansich nichts zu tun. Andererseits ist es nicht so, dass wir hier in jedem Beitrag ein Corona-Update geben &#8211; sondern sporadisch, [&hellip;]<\/p>\n","protected":false},"author":2,"featured_media":0,"comment_status":"open","ping_status":"open","sticky":false,"template":"","format":"standard","meta":{"footnotes":""},"categories":[425],"tags":[10,49,166,60,160,35,171,212,13,338,30,82,42,132,61,104,123,48,69,93,122,31,205,9,43,112,411,283,88,23,493,350,98,222,22,134,85,24,105,107],"class_list":["post-7315","post","type-post","status-publish","format-standard","hentry","category-champions-league-und-co","tag-3-liga","tag-alex-schlueter","tag-benny-lauth","tag-bundesliga","tag-champions-league","tag-christian-strassburger","tag-christoph-stadtler","tag-daniel-herzog","tag-dazn","tag-dennis-aogo","tag-didi-hamann","tag-erik-meijer","tag-europa-league","tag-flo-hauser","tag-frank-buschmann","tag-hannes-herrmann","tag-jan-luedeke","tag-jan-platte","tag-jonas-friedrich","tag-kai-dittmann","tag-laliga","tag-lothar-matthaeus","tag-lukas-schoenmueller","tag-magenta-sport","tag-marco-hagemann","tag-marcus-lindemann","tag-margot-dumont","tag-max-gross","tag-michael-leopold","tag-premier-league","tag-ralf-rangnick","tag-sandro-wagner","tag-sebastian-hellmann","tag-sebastian-kneissl","tag-sky","tag-sportdigital-fussball","tag-tom-bayer","tag-toni-tomic","tag-uli-hebel","tag-wolff-fuss"],"_links":{"self":[{"href":"https:\/\/kommentatorenblog.de\/index.php?rest_route=\/wp\/v2\/posts\/7315","targetHints":{"allow":["GET"]}}],"collection":[{"href":"https:\/\/kommentatorenblog.de\/index.php?rest_route=\/wp\/v2\/posts"}],"about":[{"href":"https:\/\/kommentatorenblog.de\/index.php?rest_route=\/wp\/v2\/types\/post"}],"author":[{"embeddable":true,"href":"https:\/\/kommentatorenblog.de\/index.php?rest_route=\/wp\/v2\/users\/2"}],"replies":[{"embeddable":true,"href":"https:\/\/kommentatorenblog.de\/index.php?rest_route=%2Fwp%2Fv2%2Fcomments&post=7315"}],"version-history":[{"count":40,"href":"https:\/\/kommentatorenblog.de\/index.php?rest_route=\/wp\/v2\/posts\/7315\/revisions"}],"predecessor-version":[{"id":7430,"href":"https:\/\/kommentatorenblog.de\/index.php?rest_route=\/wp\/v2\/posts\/7315\/revisions\/7430"}],"wp:attachment":[{"href":"https:\/\/kommentatorenblog.de\/index.php?rest_route=%2Fwp%2Fv2%2Fmedia&parent=7315"}],"wp:term":[{"taxonomy":"category","embeddable":true,"href":"https:\/\/kommentatorenblog.de\/index.php?rest_route=%2Fwp%2Fv2%2Fcategories&post=7315"},{"taxonomy":"post_tag","embeddable":true,"href":"https:\/\/kommentatorenblog.de\/index.php?rest_route=%2Fwp%2Fv2%2Ftags&post=7315"}],"curies":[{"name":"wp","href":"https:\/\/api.w.org\/{rel}","templated":true}]}}