{"id":7326,"date":"2021-03-11T18:28:44","date_gmt":"2021-03-11T17:28:44","guid":{"rendered":"http:\/\/kommentatorenblog.de\/?p=7326"},"modified":"2021-03-15T16:39:27","modified_gmt":"2021-03-15T15:39:27","slug":"1155-rechte-dschungel-bei-em-danke-jogi-fuer-2014","status":"publish","type":"post","link":"https:\/\/kommentatorenblog.de\/?p=7326","title":{"rendered":"1155 \u2013 Rechte-Dschungel bei EM \u2013 Danke Jogi f\u00fcr 2014!"},"content":{"rendered":"\n<div class=\"wp-block-group\"><div class=\"wp-block-group__inner-container is-layout-flow wp-block-group-is-layout-flow\">\n<p>N\u2019Abend allerseits,<\/p>\n\n\n\n<p>bei den TV-Rechten f\u00fcr die EM 2024, die ja in Deutschland stattfinden wird, hat sich etwas grundlegend ge\u00e4ndert. Zugleich haben sich damit auch Ver\u00e4nderungen f\u00fcr die WM 2022 und die kommende Europameisterschaft in diesem Sommer ergeben. Grund daf\u00fcr ist eine Abmachung unter den beteiligten Sendern. Doch alles step by step.<\/p>\n\n\n\n<p>Normalerweise sichern sich die \u00d6ffentlich-Rechtlichen ja immer ein umfassendes Rechtepaket f\u00fcr die internationalen Meisterschaften. Dazu muss man wissen, dass ARD und ZDF bei der Vergabe der TV-Rechte f\u00fcr die EM 2024 vorerst \u00fcberraschend leer ausgegangen waren. Stattdessen hat sich Magenta Sport bzw. die Telekom zun\u00e4chst alle Spiele unter den Nagel gerissen. Ich hatte es &#8211; zugegeben &#8211; selbst gar nicht mehr so richtig auf dem Schirm, diese Vergabe liegt auch schon anderthalb Jahre zur\u00fcck.<\/p>\n\n\n\n<p><strong>ARD und ZDF zeigen Heim-EM dank Sublizensierung<\/strong><\/p>\n\n\n\n<p>Nun wurde aber bekannt, dass die Telekom die Spiele an ARD, ZDF und RTL sublizensiert. Somit zeigen das Erste und Zweite Deutsche Fernsehen bei der EM 2024 nun also doch 34 von 51 m\u00f6glichen Partien sowie (ohnehin) alle Spiele der deutschen Nationalmannschaft. RTL strahlt die 17 \u00fcbrigen Begegnungen im Free-TV aus. Das macht die Telekom nat\u00fcrlich nicht freiwillig. Stattdessen flie\u00dft daf\u00fcr eine Menge Geld. Wer sich nicht f\u00fcr Fu\u00dfball interessiert, aber sich \u00fcber die Rundfunkgeb\u00fchren \u00e4rgert, will vermutlich gar nicht wissen, wieviel. Magenta Sport wird logischerweise trotzdem alle Spiele nach wie vor auch selbst \u00fcbertragen.<\/p>\n\n\n\n<p>Doch es gibt noch eine weitere Bedingung, die Magenta Sport schon kurzfristiger auf unsere Bildschirme beamen l\u00e4sst. Im Gegenzug zu den oben geschilderten Sublizenzen hat sich die Telekom einfach mal \u00dcbertragungsrechte f\u00fcr alle Begegnungen der EM in diesem Jahr sowie der WM&nbsp;2022 gesichert. Das ist schon ein Brett, wie ich finde, zumal darunter auch Exklusivrechte fallen. Bei der WM in Katar z\u00e4hlen dazu auch Spiele im Achtel- und Viertelfinale sowie das Spiel um Platz&nbsp;drei. Aber nat\u00fcrlich nur, wenn Deutschland nicht darin mitwirkt, dem Rundfunkstaatsvertrag sei an dieser Stelle dank. Auch die EM-Spiele 2024 w\u00e4ren aufgrund dieses Vertrags ohnehin frei empfangbar gewesen. Der Rechtepoker betraf die \u00fcbrigen Partien.&nbsp;<\/p>\n\n\n\n<p>Hier nochmal eine kleine \u00dcbersicht, welcher Sender jetzt was und bei welchem Turnier \u00fcbertr\u00e4gt:<\/p>\n\n\n\n<p><strong>EM 2020<\/strong><\/p>\n\n\n\n<ul class=\"wp-block-list\"><li>Magenta Sport: Alle 51 Spiele (davon 10 exklusiv)<\/li><li>ARD\/ZDF: 41 Spiele (alle deutschen Spiele, Er\u00f6ffnungsspiel, Halbfinals, Finale)<\/li><\/ul>\n\n\n\n<p><strong>WM 2022<\/strong><\/p>\n\n\n\n<ul class=\"wp-block-list\"><li>Magenta Sport: Alle 64 Spiele (davon 16 exklusiv, unter anderem Spiel um Platz 3)<\/li><li>ARD\/ZDF: 48 Spiele (alle deutschen Spiele, Er\u00f6ffnungsspiel, Halbfinals, Finale)<\/li><\/ul>\n\n\n\n<p><strong>EM 2024<\/strong><\/p>\n\n\n\n<ul class=\"wp-block-list\"><li>Magenta Sport: Alle 51 Spiele<\/li><li>ARD\/ZDF: 34 Spiele (alle deutschen Spiele, Er\u00f6ffnungsspiel, Halbfinals, Finale)<\/li><li>RTL: 17 Spiele&nbsp;<\/li><\/ul>\n\n\n\n<p><strong>\u201eAls Fu\u00dfballfan kommt man an MagentaTV nicht vorbei\u201c<\/strong><\/p>\n\n\n\n<p>Unterm Strich also alles noch \u00fcberschaubar. In den Folge-Jahren d\u00fcrfte es aber nicht unbedingt \u00fcbersichtlicher werden. Ich kann mir gut vorstellen, dass Amazon auch ein Interesse daran haben wird, beim k\u00fcnftigen Rechtepoker f\u00fcr Europa- und Weltmeisterschaften ein W\u00f6rtchen mitzureden. Summa summarum ist es nat\u00fcrlich auch ein Ausrufezeichen von der Telekom, sich im Zuge der Sublizensierung die \u00dcbertragungsrechte f\u00fcr EM 2020 und WM 2022 zu sichern. Das spricht f\u00fcr den Fokus, den das Telekommunikationsunternehmen auf seinen Sender Magenta Sport legt. \u201eAls Fu\u00dfballfan kommt man an MagentaTV nicht vorbei\u201c, wird Gesch\u00e4ftsf\u00fchrer Michael Hagspihl in einer Pressemitteilung zitiert.&nbsp;<\/p>\n\n\n\n<p>Trotzdem: Die Exklusivrechte der Magenta-Sport-Spiele fallen in diesem Jahr eher auf die \u201eunattraktiveren\u201c Partien, das war ja bereits in den Kommentaren unter meinem letzten Beitrag richtig zu lesen. Daf\u00fcr sichert uns die Telekom eine \u201eumfangreiche Berichterstattung\u201c zu. Wer die 3. Liga und die DEL verfolgt, der ist tats\u00e4chlich eine gute und meistens auch ausf\u00fchrliche Berichterstattung gewohnt. Auch die Reporter finde ich sehr souver\u00e4n und durchaus brauchbar f\u00fcr die EM. Meiner Meinung nach ist Magenta Sport da schon gut aufgestellt. Ob das Kommentatoren-Team und auch die Experten vielleicht noch um ein, zwei prominente Namen erg\u00e4nzt werden, bleibt abzuwarten.&nbsp;<\/p>\n\n\n\n<p>Ich bin auch gespannt, wer neben Sascha Bandermann, Thomas Wagner und Co. noch so ins Stadion darf. Die Bereitschaft der Telekom wird sicher da sein, seine Leute in den Flieger zu setzen. Da h\u00e4ngt dann letztlich aber auch nochmal viel von der Corona-Situation ab und ob die UEFA dem Druck, ihr Konzept zu \u00fcberdenken, standh\u00e4lt. Aktuell soll das Turnier nach wie vor in zw\u00f6lf L\u00e4ndern ausgetragen werden. Doch es gibt auch Stimmen, die daf\u00fcr pl\u00e4dieren, die EM etwa in Israel (liegt zwar in Asien, aber da sind quasi alle durchgeimpft) auszutragen. Doch ich glaube, dass vorher eher noch ein paar Milli\u00f6nchen mehr ins Hygienekonzept flie\u00dfen, ehe das Turnier nicht auf europ\u00e4ischem Terrain stattfindet.<\/p>\n\n\n\n<p><strong>L\u00f6w tritt zur\u00fcck \u2013 System war \u00fcberholt<\/strong><\/p>\n\n\n\n<p>Am Dienstag wurde noch eine weitere Nachricht bekannt. Ihr habt es mitbekommen. Und zwar wird Jogi L\u00f6w nach der EM im Sommer als Trainer der deutschen Nationalmannschaft aufh\u00f6ren. Die Reaktionen auf den freiwilligen R\u00fccktritt fallen unterschiedlich aus und reichen von Danksagungen bis hin zu Erleichterung. F\u00fcr viele war der Schritt \u00fcberf\u00e4llig. Und auch f\u00fcr mich war er das. Und das, obwohl ich kein Bef\u00fcrworter davon bin, verdiente Trainer voreilig ihrer Aufgaben zu entbinden. Und dass L\u00f6w ein verdienter Trainer ist, steht au\u00dfer Frage.<\/p>\n\n\n\n<p>Doch das System Fu\u00dfball, f\u00fcr das L\u00f6w steht, ist meiner Meinung nach einfach nicht mehr auf die deutsche Nationalmannschaft in ihrer jetzigen Konstellation zugeschnitten. Bei der EM 2016 erreichte die deutsche Nationalmannschaft noch das Halbfinale und scheiterte gegen den Turnierfavoriten aus Frankreich &#8211; alles im Rahmen. Aber bei der WM 2018 wurden die fehlende Abstimmung und die unklare taktische Marschroute dann offensichtlich. Pl\u00f6tzlich wirbelte ein schneller Werner vorne drin, den \u00d6zil und Kroos aber \u00fcberhaupt nicht in Szene setzen konnten.<\/p>\n\n\n\n<p>Die Folge: Deutschland flog prompt raus. Es ist kein Einzelfall, dass eine Mannschaft unmittelbar nach dem WM-Sieg bei der n\u00e4chsten Weltmeisterschaft in der Vorrunde aus dem Turnier gekegelt wird. Das gleiche Schicksal ereilte schon die vorangegangenen Titeltr\u00e4ger Spanien und Italien. Manchmal braucht es aber einfach eine Ver\u00e4nderung, die Spieler-Auswahl ver\u00e4ndert sich ja auch. Gerade in Deutschland, wo in der Offensivreihe mit Gnabry, San\u00e9 und Werner jetzt drei Sprint-K\u00f6nige wirbeln. Nach der Weltmeisterschaft 2018 h\u00e4tte L\u00f6w vielleicht von sich aus &#8211; trotz bitteren Beigeschmacks, aber nach wie vor im Guten &#8211; gehen k\u00f6nnen.<\/p>\n\n\n\n<p><strong>Weise Entscheidung zu einem sp\u00e4ten Zeitpunkt<\/strong><\/p>\n\n\n\n<p>Er ist geblieben. Die Entscheidung des DFB, auf Kontinuit\u00e4t setzen zu wollen, ist ja prinzipiell l\u00f6blich, doch sie entpuppte sich nicht als Erfolg. Schwankende bis hin zu schlechten Leistungen bei L\u00e4nderspielen warfen Fragen auf, Personalentscheidungen &#8211; insbesondere die Degradierung von Hummels, M\u00fcller und Boateng &#8211; waren eher ungl\u00fccklich. Doch letztlich wird wohl erst das Abschneiden der DFB-Auswahl bei der verschobenen EM 2020 ein endg\u00fcltiges Fazit erlauben und beeinflussen, wie uns der Badener in Erinnerung bleiben wird. Ich pers\u00f6nlich werde ihm den Triumph von 2014 nicht vergessen, zumal ich auch keinen anderen deutschen WM-Titel miterlebt habe.<\/p>\n\n\n\n<p>F\u00fcr das kommende Turnier bin ich allerdings skeptisch. Immerhin scheint sich der Bundestrainer mit einer R\u00fcckkehr von Thomas M\u00fcller zu besch\u00e4ftigen. Auch eine R\u00fcckholaktion von Jerome Boateng und Mats Hummels liegt noch im Bereich des M\u00f6glichen. Vielleicht findet seine \u00c4ra ja doch noch ein vers\u00f6hnliches Ende &#8211; zwischenmenschlich wie sportlich. Prinzipiell finde ich es gut, dass er jetzt &#8211; wenn auch ein bisschen sp\u00e4t &#8211; von sich aus den Weg f\u00fcr einen Nachfolger im Vorfeld an die WM 2022 freimacht. Gut m\u00f6glich, dass sein Platz nach der EURO ohnehin freigeworden w\u00e4re. Was haltet ihr von seinem R\u00fccktritt? Und wen w\u00fcnscht ihr euch als Nachfolger? Der Name J\u00fcrgen Klopp f\u00e4llt ja in dem Zusammenhang immer wieder. L\u00f6ws R\u00fcckzug und Liverpools Durststrecke in der Premier League lassen die Ger\u00fcchtek\u00fcche nat\u00fcrlich noch etwas hei\u00dfer brodeln.<\/p>\n\n\n\n<p>Mein Dank gilt \u00fcbrigens nicht nur Jogi L\u00f6w f\u00fcr die WM 2014, sondern auch Justin, der netterweise Ansetzungen f\u00fcrs kommende Wochenende \u00fcbernommen hat.<\/p>\n\n\n\n<p>Und damit nun zum Tagesgesch\u00e4ft.<\/p>\n\n\n\n<hr class=\"wp-block-separator\"\/>\n<\/div><\/div>\n\n\n\n<p><strong><em>Die Ansetzungen vom 12. M\u00e4rz bis zum 15. M\u00e4rz 2021<\/em><\/strong><\/p>\n\n\n\n<p><strong>Bundesliga, 25. Spieltag<\/strong><\/p>\n\n\n\n<p><span style=\"text-decoration: underline;\">Freitag, 12. M\u00e4rz 2021, ab 20.15 Uhr (DAZN)<\/span><\/p>\n\n\n\n<p><strong><em>FC Augsburg \u2013 Borussia M\u00f6nchengladbach (20.30 Uhr)<\/em><\/strong><\/p>\n\n\n\n<p class=\"has-normal-font-size\"><img loading=\"lazy\" decoding=\"async\" width=\"10\" height=\"21\" class=\"wp-image-3656\" style=\"width: 10px;\" src=\"http:\/\/kommentatorenblog.de\/wp-content\/uploads\/2020\/09\/shure-55sh-ii-e1601485394796.jpg\" alt=\"\" srcset=\"https:\/\/kommentatorenblog.de\/wp-content\/uploads\/2020\/09\/shure-55sh-ii-e1601485394796.jpg 415w, https:\/\/kommentatorenblog.de\/wp-content\/uploads\/2020\/09\/shure-55sh-ii-e1601485394796-142x300.jpg 142w\" sizes=\"auto, (max-width: 10px) 100vw, 10px\" \/> Marco Hagemann, Experte: Ralph Gunesch, Field-Reporter: Max Siebald<\/p>\n\n\n\n<p>Moderation: Alex Schl\u00fcter<\/p>\n\n\n\n<p><span style=\"text-decoration: underline;\">Samstag, 13. M\u00e4rz 2021, ab 14.00 Uhr (Sky)<\/span><\/p>\n\n\n\n<p><strong><em>1.FC Union Berlin \u2013 1.FC K\u00f6ln<\/em><\/strong> <strong><em>(15.30 Uhr)<\/em><\/strong><\/p>\n\n\n\n<p class=\"has-normal-font-size\"><img loading=\"lazy\" decoding=\"async\" width=\"10\" height=\"21\" class=\"wp-image-3656\" style=\"width: 10px;\" src=\"http:\/\/kommentatorenblog.de\/wp-content\/uploads\/2020\/09\/shure-55sh-ii-e1601485394796.jpg\" alt=\"\" srcset=\"https:\/\/kommentatorenblog.de\/wp-content\/uploads\/2020\/09\/shure-55sh-ii-e1601485394796.jpg 415w, https:\/\/kommentatorenblog.de\/wp-content\/uploads\/2020\/09\/shure-55sh-ii-e1601485394796-142x300.jpg 142w\" sizes=\"auto, (max-width: 10px) 100vw, 10px\" \/> Michael Born (Einzelspiel), Hansi K\u00fcpper (Konferenz)<\/p>\n\n\n\n<p>Field-Reporter: Stefan Hempel<\/p>\n\n\n\n<p><strong><em>1.FSV Mainz 05 <strong><em><strong><em>\u2013<\/em><\/strong><\/em><\/strong>&nbsp;SC Freiburg (15.30 Uhr)<\/em><\/strong><\/p>\n\n\n\n<p class=\"has-normal-font-size\"><img loading=\"lazy\" decoding=\"async\" width=\"10\" height=\"21\" class=\"wp-image-3656\" style=\"width: 10px;\" src=\"http:\/\/kommentatorenblog.de\/wp-content\/uploads\/2020\/09\/shure-55sh-ii-e1601485394796.jpg\" alt=\"\" srcset=\"https:\/\/kommentatorenblog.de\/wp-content\/uploads\/2020\/09\/shure-55sh-ii-e1601485394796.jpg 415w, https:\/\/kommentatorenblog.de\/wp-content\/uploads\/2020\/09\/shure-55sh-ii-e1601485394796-142x300.jpg 142w\" sizes=\"auto, (max-width: 10px) 100vw, 10px\" \/> Tom Bayer (Einzelspiel), Klaus Veltman (Konferenz)<\/p>\n\n\n\n<p>Field-Reporter: Ecki Heuser<\/p>\n\n\n\n<p><strong><em>Werder Bremen <strong><em><strong><em>\u2013<\/em><\/strong><\/em><\/strong> FC Bayern M\u00fcnchen (15.30 Uhr)<\/em><\/strong><\/p>\n\n\n\n<p class=\"has-normal-font-size\"><img loading=\"lazy\" decoding=\"async\" width=\"10\" height=\"21\" class=\"wp-image-3656\" style=\"width: 10px;\" src=\"http:\/\/kommentatorenblog.de\/wp-content\/uploads\/2020\/09\/shure-55sh-ii-e1601485394796.jpg\" alt=\"\" srcset=\"https:\/\/kommentatorenblog.de\/wp-content\/uploads\/2020\/09\/shure-55sh-ii-e1601485394796.jpg 415w, https:\/\/kommentatorenblog.de\/wp-content\/uploads\/2020\/09\/shure-55sh-ii-e1601485394796-142x300.jpg 142w\" sizes=\"auto, (max-width: 10px) 100vw, 10px\" \/> Marcus Lindemann (Einzelspiel), Frank Buschmann (Konferenz)<\/p>\n\n\n\n<p>Field-Reporter: Jens Westen<\/p>\n\n\n\n<p><strong><em>VfL Wolfsburg&nbsp;<strong><em><strong><em>\u2013<\/em><\/strong><\/em><\/strong>&nbsp;FC Schalke 04<\/em><\/strong> <strong><em>(15.30 Uhr)<\/em><\/strong><\/p>\n\n\n\n<p class=\"has-normal-font-size\"><img loading=\"lazy\" decoding=\"async\" width=\"10\" height=\"21\" class=\"wp-image-3656\" style=\"width: 10px;\" src=\"http:\/\/kommentatorenblog.de\/wp-content\/uploads\/2020\/09\/shure-55sh-ii-e1601485394796.jpg\" alt=\"\" srcset=\"https:\/\/kommentatorenblog.de\/wp-content\/uploads\/2020\/09\/shure-55sh-ii-e1601485394796.jpg 415w, https:\/\/kommentatorenblog.de\/wp-content\/uploads\/2020\/09\/shure-55sh-ii-e1601485394796-142x300.jpg 142w\" sizes=\"auto, (max-width: 10px) 100vw, 10px\" \/> Oliver Seidler (Einzelspiel), Jonas Friedrich (Konferenz)<\/p>\n\n\n\n<p>Field-Reporter: Ulli Potofski<\/p>\n\n\n\n<p>Moderation: Esther Sedlaczek, Experte: Didi Hamann<\/p>\n\n\n\n<p><span style=\"text-decoration: underline;\">ab 17.30 Uhr (Sky)<\/span><\/p>\n\n\n\n<p><strong><em>Borussia Dortmund \u2013 Hertha BSC (18.30 Uhr)<\/em><\/strong><\/p>\n\n\n\n<p class=\"has-normal-font-size\"><img loading=\"lazy\" decoding=\"async\" width=\"10\" height=\"21\" class=\"wp-image-3656\" style=\"width: 10px;\" src=\"http:\/\/kommentatorenblog.de\/wp-content\/uploads\/2020\/09\/shure-55sh-ii-e1601485394796.jpg\" alt=\"\" srcset=\"https:\/\/kommentatorenblog.de\/wp-content\/uploads\/2020\/09\/shure-55sh-ii-e1601485394796.jpg 415w, https:\/\/kommentatorenblog.de\/wp-content\/uploads\/2020\/09\/shure-55sh-ii-e1601485394796-142x300.jpg 142w\" sizes=\"auto, (max-width: 10px) 100vw, 10px\" \/> Kai Dittmann, Field-Reporter: Michael Leopold<\/p>\n\n\n\n<p>Moderation: Sebastian Hellmann, Experte: Lothar Matth\u00e4us<\/p>\n\n\n\n<p><span style=\"text-decoration: underline;\">Sonntag, 14. M\u00e4rz 2021, ab 13.15 Uhr (DAZN)<\/span><\/p>\n\n\n\n<p><strong><em>Bayer Leverkusen<\/em><\/strong> <strong><em>\u2013<\/em><\/strong> <strong><em>Arminia Bielefeld&nbsp;<\/em><\/strong><strong><em>(13.30 Uhr)<\/em><\/strong><\/p>\n\n\n\n<p class=\"has-normal-font-size\"><img loading=\"lazy\" decoding=\"async\" width=\"10\" height=\"21\" class=\"wp-image-3656\" style=\"width: 10px;\" src=\"http:\/\/kommentatorenblog.de\/wp-content\/uploads\/2020\/09\/shure-55sh-ii-e1601485394796.jpg\" alt=\"\" srcset=\"https:\/\/kommentatorenblog.de\/wp-content\/uploads\/2020\/09\/shure-55sh-ii-e1601485394796.jpg 415w, https:\/\/kommentatorenblog.de\/wp-content\/uploads\/2020\/09\/shure-55sh-ii-e1601485394796-142x300.jpg 142w\" sizes=\"auto, (max-width: 10px) 100vw, 10px\" \/> Freddy Harder, Experte: Sebastian Knei\u00dfl , Field-Reporter: Sebastian Benesch<\/p>\n\n\n\n<p>Moderation: Daniel Herzog<\/p>\n\n\n\n<p><span style=\"text-decoration: underline;\">ab 14.30 Uhr (Sky)<\/span><\/p>\n\n\n\n<p><strong><em>RB Leipzig&nbsp;\u2013&nbsp;Eintracht Frankfurt (15.30 Uhr)<\/em><\/strong><\/p>\n\n\n\n<p class=\"has-normal-font-size\"><img loading=\"lazy\" decoding=\"async\" width=\"10\" height=\"21\" class=\"wp-image-3656\" style=\"width: 10px;\" src=\"http:\/\/kommentatorenblog.de\/wp-content\/uploads\/2020\/09\/shure-55sh-ii-e1601485394796.jpg\" alt=\"\" srcset=\"https:\/\/kommentatorenblog.de\/wp-content\/uploads\/2020\/09\/shure-55sh-ii-e1601485394796.jpg 415w, https:\/\/kommentatorenblog.de\/wp-content\/uploads\/2020\/09\/shure-55sh-ii-e1601485394796-142x300.jpg 142w\" sizes=\"auto, (max-width: 10px) 100vw, 10px\" \/> Wolff Fuss<\/p>\n\n\n\n<p>Field-Reporterin: Nele Schenker<\/p>\n\n\n\n<p><span style=\"text-decoration: underline;\">ab 17.30 Uhr (Sky)<\/span><\/p>\n\n\n\n<p><strong><em>VfB Stuttgart&nbsp;\u2013&nbsp;TSG Hoffenheim (18.00 Uhr)<\/em><\/strong><\/p>\n\n\n\n<p class=\"has-normal-font-size\"><img loading=\"lazy\" decoding=\"async\" width=\"10\" height=\"21\" class=\"wp-image-3656\" style=\"width: 10px;\" src=\"http:\/\/kommentatorenblog.de\/wp-content\/uploads\/2020\/09\/shure-55sh-ii-e1601485394796.jpg\" alt=\"\" srcset=\"https:\/\/kommentatorenblog.de\/wp-content\/uploads\/2020\/09\/shure-55sh-ii-e1601485394796.jpg 415w, https:\/\/kommentatorenblog.de\/wp-content\/uploads\/2020\/09\/shure-55sh-ii-e1601485394796-142x300.jpg 142w\" sizes=\"auto, (max-width: 10px) 100vw, 10px\" \/> Martin Gro\u00df<\/p>\n\n\n\n<p>Field-Reporter: Ecki Heuser<\/p>\n\n\n\n<p>Moderation: Britta Hofmann, Experte: Andr\u00e9 Breitenreiter<\/p>\n\n\n\n<hr class=\"wp-block-separator\"\/>\n\n\n\n<p><strong>2<\/strong>. <strong>Bundesliga, 25. Spieltag<\/strong> <strong>(Sky)<\/strong><\/p>\n\n\n\n<p><span style=\"text-decoration: underline;\">Freitag, 12. M\u00e4rz 2021, ab 18.00 Uhr<\/span><\/p>\n\n\n\n<p><strong><em><s>1.FC Heidenheim&nbsp;\u2013 Holstein Kiel (18.30 Uhr)<\/s> &#8211; abgesagt &#8211;<\/em><\/strong><\/p>\n\n\n\n<p><img loading=\"lazy\" decoding=\"async\" width=\"10\" height=\"21\" class=\"wp-image-3656\" style=\"width: 10px;\" src=\"http:\/\/kommentatorenblog.de\/wp-content\/uploads\/2020\/09\/shure-55sh-ii-e1601485394796.jpg\" alt=\"\" srcset=\"https:\/\/kommentatorenblog.de\/wp-content\/uploads\/2020\/09\/shure-55sh-ii-e1601485394796.jpg 415w, https:\/\/kommentatorenblog.de\/wp-content\/uploads\/2020\/09\/shure-55sh-ii-e1601485394796-142x300.jpg 142w\" sizes=\"auto, (max-width: 10px) 100vw, 10px\" \/> Holger Pfandt, Interviews: Schalte<\/p>\n\n\n\n<p><strong><em>VfL Bochum&nbsp;\u2013&nbsp;Hamburger SV (18.30 Uhr)<\/em><\/strong><\/p>\n\n\n\n<p><img loading=\"lazy\" decoding=\"async\" width=\"10\" height=\"21\" class=\"wp-image-3656\" style=\"width: 10px;\" src=\"http:\/\/kommentatorenblog.de\/wp-content\/uploads\/2020\/09\/shure-55sh-ii-e1601485394796.jpg\" alt=\"\" srcset=\"https:\/\/kommentatorenblog.de\/wp-content\/uploads\/2020\/09\/shure-55sh-ii-e1601485394796.jpg 415w, https:\/\/kommentatorenblog.de\/wp-content\/uploads\/2020\/09\/shure-55sh-ii-e1601485394796-142x300.jpg 142w\" sizes=\"auto, (max-width: 10px) 100vw, 10px\" \/> J\u00fcrgen Schmitz, Field-Reporter: Marco Wiefel<\/p>\n\n\n\n<p>Moderation: Hartmut von Kameke<\/p>\n\n\n\n<p><span style=\"text-decoration: underline;\">Samstag, 13. M\u00e4rz 2021, ab 12.30 Uhr<\/span><\/p>\n\n\n\n<p><strong><em>SV Darmstadt 98&nbsp;\u2013&nbsp;FC Erzgebirge Aue (13.00 Uhr)<\/em><\/strong><\/p>\n\n\n\n<p><img loading=\"lazy\" decoding=\"async\" width=\"10\" height=\"21\" class=\"wp-image-3656\" style=\"width: 10px;\" src=\"http:\/\/kommentatorenblog.de\/wp-content\/uploads\/2020\/09\/shure-55sh-ii-e1601485394796.jpg\" alt=\"\" srcset=\"https:\/\/kommentatorenblog.de\/wp-content\/uploads\/2020\/09\/shure-55sh-ii-e1601485394796.jpg 415w, https:\/\/kommentatorenblog.de\/wp-content\/uploads\/2020\/09\/shure-55sh-ii-e1601485394796-142x300.jpg 142w\" sizes=\"auto, (max-width: 10px) 100vw, 10px\" \/> Holger Pfandt, Interviews: Schalte<\/p>\n\n\n\n<p><em><strong>SV Sandhausen \u2013&nbsp;Fortuna D\u00fcsseldorf (13.00 Uhr)<\/strong><\/em><\/p>\n\n\n\n<p><img loading=\"lazy\" decoding=\"async\" width=\"10\" height=\"21\" class=\"wp-image-3656\" style=\"width: 10px;\" src=\"http:\/\/kommentatorenblog.de\/wp-content\/uploads\/2020\/09\/shure-55sh-ii-e1601485394796.jpg\" alt=\"\" srcset=\"https:\/\/kommentatorenblog.de\/wp-content\/uploads\/2020\/09\/shure-55sh-ii-e1601485394796.jpg 415w, https:\/\/kommentatorenblog.de\/wp-content\/uploads\/2020\/09\/shure-55sh-ii-e1601485394796-142x300.jpg 142w\" sizes=\"auto, (max-width: 10px) 100vw, 10px\" \/> Sven Haist, Field-Reporter: Alexander Bonengel<\/p>\n\n\n\n<p>Moderation: Nele Schenker<\/p>\n\n\n\n<p><span style=\"text-decoration: underline;\">Sonntag, 14. M\u00e4rz 2021, ab 13.00 Uhr<\/span><\/p>\n\n\n\n<p><strong><em>1. FC N\u00fcrnberg \u2013 VfL Osnabr\u00fcck (13.30 Uhr)<\/em><\/strong><\/p>\n\n\n\n<p><img loading=\"lazy\" decoding=\"async\" width=\"10\" height=\"21\" class=\"wp-image-3656\" style=\"width: 10px;\" src=\"http:\/\/kommentatorenblog.de\/wp-content\/uploads\/2020\/09\/shure-55sh-ii-e1601485394796.jpg\" alt=\"\" srcset=\"https:\/\/kommentatorenblog.de\/wp-content\/uploads\/2020\/09\/shure-55sh-ii-e1601485394796.jpg 415w, https:\/\/kommentatorenblog.de\/wp-content\/uploads\/2020\/09\/shure-55sh-ii-e1601485394796-142x300.jpg 142w\" sizes=\"auto, (max-width: 10px) 100vw, 10px\" \/> Hansi K\u00fcpper, Interviews: Schalte<\/p>\n\n\n\n<p><strong><em><s>Hannover 96&nbsp;\u2013&nbsp;FC W\u00fcrzburger Kickers (13.30 Uhr)<\/s> &#8211; abgesagt<\/em><\/strong> &#8211;<\/p>\n\n\n\n<p><img loading=\"lazy\" decoding=\"async\" width=\"10\" height=\"21\" class=\"wp-image-3656\" style=\"width: 10px;\" src=\"http:\/\/kommentatorenblog.de\/wp-content\/uploads\/2020\/09\/shure-55sh-ii-e1601485394796.jpg\" alt=\"\" srcset=\"https:\/\/kommentatorenblog.de\/wp-content\/uploads\/2020\/09\/shure-55sh-ii-e1601485394796.jpg 415w, https:\/\/kommentatorenblog.de\/wp-content\/uploads\/2020\/09\/shure-55sh-ii-e1601485394796-142x300.jpg 142w\" sizes=\"auto, (max-width: 10px) 100vw, 10px\" \/> Torsten Kunde<\/p>\n\n\n\n<p><strong><em>Karlsruher SC&nbsp;\u2013&nbsp;Eintracht Braunschweig (13.30 Uhr)<\/em><\/strong><\/p>\n\n\n\n<p><img loading=\"lazy\" decoding=\"async\" width=\"10\" height=\"21\" class=\"wp-image-3656\" style=\"width: 10px;\" src=\"http:\/\/kommentatorenblog.de\/wp-content\/uploads\/2020\/09\/shure-55sh-ii-e1601485394796.jpg\" alt=\"\" srcset=\"https:\/\/kommentatorenblog.de\/wp-content\/uploads\/2020\/09\/shure-55sh-ii-e1601485394796.jpg 415w, https:\/\/kommentatorenblog.de\/wp-content\/uploads\/2020\/09\/shure-55sh-ii-e1601485394796-142x300.jpg 142w\" sizes=\"auto, (max-width: 10px) 100vw, 10px\" \/> Karsten Petrzika, Field-Reporter: Torben Hoffmann<\/p>\n\n\n\n<p>Moderation: Yannick Erkenbrecher<\/p>\n\n\n\n<p><span style=\"text-decoration: underline;\">Montag, 15. M\u00e4rz 2021, ab 20.00 Uhr<\/span><\/p>\n\n\n\n<p><strong><em>FC St. Pauli&nbsp;\u2013&nbsp;SC Paderborn (20.30 Uhr)<\/em><\/strong><\/p>\n\n\n\n<p><img loading=\"lazy\" decoding=\"async\" width=\"10\" height=\"21\" class=\"wp-image-3656\" style=\"width: 10px;\" src=\"http:\/\/kommentatorenblog.de\/wp-content\/uploads\/2020\/09\/shure-55sh-ii-e1601485394796.jpg\" alt=\"\" srcset=\"https:\/\/kommentatorenblog.de\/wp-content\/uploads\/2020\/09\/shure-55sh-ii-e1601485394796.jpg 415w, https:\/\/kommentatorenblog.de\/wp-content\/uploads\/2020\/09\/shure-55sh-ii-e1601485394796-142x300.jpg 142w\" sizes=\"auto, (max-width: 10px) 100vw, 10px\" \/> Stefan Hempel, Experte: Torsten Mattuschka<\/p>\n\n\n\n<p>Field-Reporter: Jurek Rohrberg<\/p>\n\n\n\n<hr class=\"wp-block-separator\"\/>\n\n\n\n<p><strong>3. Liga, 28. Spieltag<\/strong><\/p>\n\n\n\n<p><span style=\"text-decoration: underline;\">Freitag, 12. M\u00e4rz 2021, ab 18.30 Uhr (Magenta Sport)<\/span><\/p>\n\n\n\n<p><strong><em>KFC Uerdingen \u2013 VfB L\u00fcbeck (19.00 Uhr)<\/em><\/strong><\/p>\n\n\n\n<p><img loading=\"lazy\" decoding=\"async\" width=\"10\" height=\"21\" class=\"wp-image-3656\" style=\"width: 10px;\" src=\"http:\/\/kommentatorenblog.de\/wp-content\/uploads\/2020\/09\/shure-55sh-ii-e1601485394796.jpg\" alt=\"\" srcset=\"https:\/\/kommentatorenblog.de\/wp-content\/uploads\/2020\/09\/shure-55sh-ii-e1601485394796.jpg 415w, https:\/\/kommentatorenblog.de\/wp-content\/uploads\/2020\/09\/shure-55sh-ii-e1601485394796-142x300.jpg 142w\" sizes=\"auto, (max-width: 10px) 100vw, 10px\" \/> Stefan Fuckert<\/p>\n\n\n\n<p>Moderation: Thomas Wagner, Experte: Rudi Bommer<\/p>\n\n\n\n<p><span style=\"text-decoration: underline;\">Samstag, 13. M\u00e4rz 2021, ab 13.45 Uhr (Magenta Sport)<\/span><\/p>\n\n\n\n<p><strong><em>Konferenz (14.00 Uhr)<\/em><\/strong><\/p>\n\n\n\n<p><img loading=\"lazy\" decoding=\"async\" width=\"10\" height=\"21\" class=\"wp-image-3656\" style=\"width: 10px;\" src=\"http:\/\/kommentatorenblog.de\/wp-content\/uploads\/2020\/09\/shure-55sh-ii-e1601485394796.jpg\" alt=\"\" srcset=\"https:\/\/kommentatorenblog.de\/wp-content\/uploads\/2020\/09\/shure-55sh-ii-e1601485394796.jpg 415w, https:\/\/kommentatorenblog.de\/wp-content\/uploads\/2020\/09\/shure-55sh-ii-e1601485394796-142x300.jpg 142w\" sizes=\"auto, (max-width: 10px) 100vw, 10px\" \/> Martin Piller &amp; Sascha Bandermann<\/p>\n\n\n\n<p><strong><em>FC Bayern M\u00fcnchen II \u2013 1.FC Magdeburg (14.00 Uhr)<\/em><\/strong><\/p>\n\n\n\n<p><img loading=\"lazy\" decoding=\"async\" width=\"10\" height=\"21\" class=\"wp-image-3656\" style=\"width: 10px;\" src=\"http:\/\/kommentatorenblog.de\/wp-content\/uploads\/2020\/09\/shure-55sh-ii-e1601485394796.jpg\" alt=\"\" srcset=\"https:\/\/kommentatorenblog.de\/wp-content\/uploads\/2020\/09\/shure-55sh-ii-e1601485394796.jpg 415w, https:\/\/kommentatorenblog.de\/wp-content\/uploads\/2020\/09\/shure-55sh-ii-e1601485394796-142x300.jpg 142w\" sizes=\"auto, (max-width: 10px) 100vw, 10px\" \/> Alex Klich<\/p>\n\n\n\n<p>Moderation: Basti Schwele<\/p>\n\n\n\n<p><strong><em>FC Viktoria K\u00f6ln \u2013 MSV Duisburg (14.00 Uhr)<\/em><\/strong><\/p>\n\n\n\n<p><img loading=\"lazy\" decoding=\"async\" width=\"10\" height=\"21\" class=\"wp-image-3656\" style=\"width: 10px;\" src=\"http:\/\/kommentatorenblog.de\/wp-content\/uploads\/2020\/09\/shure-55sh-ii-e1601485394796.jpg\" alt=\"\" srcset=\"https:\/\/kommentatorenblog.de\/wp-content\/uploads\/2020\/09\/shure-55sh-ii-e1601485394796.jpg 415w, https:\/\/kommentatorenblog.de\/wp-content\/uploads\/2020\/09\/shure-55sh-ii-e1601485394796-142x300.jpg 142w\" sizes=\"auto, (max-width: 10px) 100vw, 10px\" \/> Edgar Mielke<\/p>\n\n\n\n<p>Moderation: Thomas Wagner<\/p>\n\n\n\n<p><strong><em>1. FC Kaiserslautern \u2013 FSV Zwickau (14.00 Uhr)<\/em><\/strong><\/p>\n\n\n\n<p><img loading=\"lazy\" decoding=\"async\" width=\"10\" height=\"21\" class=\"wp-image-3656\" style=\"width: 10px;\" src=\"http:\/\/kommentatorenblog.de\/wp-content\/uploads\/2020\/09\/shure-55sh-ii-e1601485394796.jpg\" alt=\"\" srcset=\"https:\/\/kommentatorenblog.de\/wp-content\/uploads\/2020\/09\/shure-55sh-ii-e1601485394796.jpg 415w, https:\/\/kommentatorenblog.de\/wp-content\/uploads\/2020\/09\/shure-55sh-ii-e1601485394796-142x300.jpg 142w\" sizes=\"auto, (max-width: 10px) 100vw, 10px\" \/> Alex Kunz<\/p>\n\n\n\n<p>Moderation: Tobi Sch\u00e4fer<\/p>\n\n\n\n<p><strong><em>SV Wehen Wiesbaden \u2013 FC Ingolstadt 04 (14.00 Uhr)<\/em><\/strong><\/p>\n\n\n\n<p><img loading=\"lazy\" decoding=\"async\" width=\"10\" height=\"21\" class=\"wp-image-3656\" style=\"width: 10px;\" src=\"http:\/\/kommentatorenblog.de\/wp-content\/uploads\/2020\/09\/shure-55sh-ii-e1601485394796.jpg\" alt=\"\" srcset=\"https:\/\/kommentatorenblog.de\/wp-content\/uploads\/2020\/09\/shure-55sh-ii-e1601485394796.jpg 415w, https:\/\/kommentatorenblog.de\/wp-content\/uploads\/2020\/09\/shure-55sh-ii-e1601485394796-142x300.jpg 142w\" sizes=\"auto, (max-width: 10px) 100vw, 10px\" \/> Stefan Fuckert<\/p>\n\n\n\n<p>Moderation: Cedric Pick<\/p>\n\n\n\n<p><span style=\"text-decoration: underline;\">ab 13.45 Uhr (Magenta Sport) \/ ab 14 Uhr (MDR, SWR, BR)<\/span><\/p>\n\n\n\n<p><strong><em>Dynamo Dresden \u2013 1.FC Saarbr\u00fccken (14.00 Uhr)<\/em><\/strong><\/p>\n\n\n\n<p><img loading=\"lazy\" decoding=\"async\" width=\"10\" height=\"21\" class=\"wp-image-3656\" style=\"width: 10px;\" src=\"http:\/\/kommentatorenblog.de\/wp-content\/uploads\/2020\/09\/shure-55sh-ii-e1601485394796.jpg\" alt=\"\" srcset=\"https:\/\/kommentatorenblog.de\/wp-content\/uploads\/2020\/09\/shure-55sh-ii-e1601485394796.jpg 415w, https:\/\/kommentatorenblog.de\/wp-content\/uploads\/2020\/09\/shure-55sh-ii-e1601485394796-142x300.jpg 142w\" sizes=\"auto, (max-width: 10px) 100vw, 10px\" \/> Magenta Sport: Lenny Leonhardt<\/p>\n\n\n\n<p><img loading=\"lazy\" decoding=\"async\" width=\"10\" height=\"21\" class=\"wp-image-3656\" style=\"width: 10px;\" src=\"http:\/\/kommentatorenblog.de\/wp-content\/uploads\/2020\/09\/shure-55sh-ii-e1601485394796.jpg\" alt=\"\" srcset=\"https:\/\/kommentatorenblog.de\/wp-content\/uploads\/2020\/09\/shure-55sh-ii-e1601485394796.jpg 415w, https:\/\/kommentatorenblog.de\/wp-content\/uploads\/2020\/09\/shure-55sh-ii-e1601485394796-142x300.jpg 142w\" sizes=\"auto, (max-width: 10px) 100vw, 10px\" \/> MDR: Eik Galley, Experte: Benjamin Kirsten<\/p>\n\n\n\n<p><img loading=\"lazy\" decoding=\"async\" width=\"10\" height=\"21\" class=\"wp-image-3656\" style=\"width: 10px;\" src=\"http:\/\/kommentatorenblog.de\/wp-content\/uploads\/2020\/09\/shure-55sh-ii-e1601485394796.jpg\" alt=\"\" srcset=\"https:\/\/kommentatorenblog.de\/wp-content\/uploads\/2020\/09\/shure-55sh-ii-e1601485394796.jpg 415w, https:\/\/kommentatorenblog.de\/wp-content\/uploads\/2020\/09\/shure-55sh-ii-e1601485394796-142x300.jpg 142w\" sizes=\"auto, (max-width: 10px) 100vw, 10px\" \/> SR: Frank Grundhever <\/p>\n\n\n\n<p>Moderation (Magenta Sport): Stefanie Blochwitz<\/p>\n\n\n\n<p>Moderation (MDR): Ren\u00e9 Kindermann<\/p>\n\n\n\n<p>Moderation (SR): Thomas Braml <\/p>\n\n\n\n<p><strong><em>Hallescher FC \u2013 1860 M\u00fcnchen (14.00 Uhr)<\/em><\/strong><\/p>\n\n\n\n<p><img loading=\"lazy\" decoding=\"async\" width=\"10\" height=\"21\" class=\"wp-image-3656\" style=\"width: 10px;\" src=\"http:\/\/kommentatorenblog.de\/wp-content\/uploads\/2020\/09\/shure-55sh-ii-e1601485394796.jpg\" alt=\"\" srcset=\"https:\/\/kommentatorenblog.de\/wp-content\/uploads\/2020\/09\/shure-55sh-ii-e1601485394796.jpg 415w, https:\/\/kommentatorenblog.de\/wp-content\/uploads\/2020\/09\/shure-55sh-ii-e1601485394796-142x300.jpg 142w\" sizes=\"auto, (max-width: 10px) 100vw, 10px\" \/> Magenta Sport: Andreas Mann<\/p>\n\n\n\n<p><img loading=\"lazy\" decoding=\"async\" width=\"10\" height=\"21\" class=\"wp-image-3656\" style=\"width: 10px;\" src=\"http:\/\/kommentatorenblog.de\/wp-content\/uploads\/2020\/09\/shure-55sh-ii-e1601485394796.jpg\" alt=\"\" srcset=\"https:\/\/kommentatorenblog.de\/wp-content\/uploads\/2020\/09\/shure-55sh-ii-e1601485394796.jpg 415w, https:\/\/kommentatorenblog.de\/wp-content\/uploads\/2020\/09\/shure-55sh-ii-e1601485394796-142x300.jpg 142w\" sizes=\"auto, (max-width: 10px) 100vw, 10px\" \/> BR: Florian Eckl<\/p>\n\n\n\n<p>Moderation (Magenta Sport): Anett Sattler<\/p>\n\n\n\n<p>Moderation (BR): Dominik Vischer<\/p>\n\n\n\n<p><span style=\"text-decoration: underline;\">Sonntag, 14. M\u00e4rz 2021, 12.45 Uhr (Magenta Sport)<\/span><\/p>\n\n\n\n<p><strong><em>SC Verl \u2013 SpVgg Unterhaching (13.00 Uhr)<\/em><\/strong><\/p>\n\n\n\n<p><img loading=\"lazy\" decoding=\"async\" width=\"10\" height=\"21\" class=\"wp-image-3656\" style=\"width: 10px;\" src=\"http:\/\/kommentatorenblog.de\/wp-content\/uploads\/2020\/09\/shure-55sh-ii-e1601485394796.jpg\" alt=\"\" srcset=\"https:\/\/kommentatorenblog.de\/wp-content\/uploads\/2020\/09\/shure-55sh-ii-e1601485394796.jpg 415w, https:\/\/kommentatorenblog.de\/wp-content\/uploads\/2020\/09\/shure-55sh-ii-e1601485394796-142x300.jpg 142w\" sizes=\"auto, (max-width: 10px) 100vw, 10px\" \/> Edgar Mielke<\/p>\n\n\n\n<p>Moderation: Konstantin Klostermann<\/p>\n\n\n\n<p><span style=\"text-decoration: underline;\">ab 13.45 Uhr (Magenta Sport) <\/span><\/p>\n\n\n\n<p><strong><em>SV Waldhof Mannheim \u2013 SV Meppen (14.00 Uhr)<\/em><\/strong><\/p>\n\n\n\n<p><img loading=\"lazy\" decoding=\"async\" width=\"10\" height=\"21\" class=\"wp-image-3656\" style=\"width: 10px;\" src=\"http:\/\/kommentatorenblog.de\/wp-content\/uploads\/2020\/09\/shure-55sh-ii-e1601485394796.jpg\" alt=\"\" srcset=\"https:\/\/kommentatorenblog.de\/wp-content\/uploads\/2020\/09\/shure-55sh-ii-e1601485394796.jpg 415w, https:\/\/kommentatorenblog.de\/wp-content\/uploads\/2020\/09\/shure-55sh-ii-e1601485394796-142x300.jpg 142w\" sizes=\"auto, (max-width: 10px) 100vw, 10px\" \/> Mario Bast<\/p>\n\n\n\n<p>Moderation: Simon K\u00f6pfer<\/p>\n\n\n\n<p><span style=\"text-decoration: underline;\">Montag, 15. M\u00e4rz 2021, 18.45 Uhr (Magenta Sport)<\/span><\/p>\n\n\n\n<p><strong><em>T\u00fcrkg\u00fcc\u00fc M\u00fcnchen \u2013 Hansa Rostock (19.00 Uhr)<\/em><\/strong><\/p>\n\n\n\n<p><img loading=\"lazy\" decoding=\"async\" width=\"10\" height=\"21\" class=\"wp-image-3656\" style=\"width: 10px;\" src=\"http:\/\/kommentatorenblog.de\/wp-content\/uploads\/2020\/09\/shure-55sh-ii-e1601485394796.jpg\" alt=\"\" srcset=\"https:\/\/kommentatorenblog.de\/wp-content\/uploads\/2020\/09\/shure-55sh-ii-e1601485394796.jpg 415w, https:\/\/kommentatorenblog.de\/wp-content\/uploads\/2020\/09\/shure-55sh-ii-e1601485394796-142x300.jpg 142w\" sizes=\"auto, (max-width: 10px) 100vw, 10px\" \/> Franz B\u00fcchner<\/p>\n\n\n\n<p>Moderation: Sascha Bandermann<\/p>\n\n\n\n<hr class=\"wp-block-separator\"\/>\n\n\n\n<p><strong>Frauen-Bundesliga, 16. Spieltag<\/strong><\/p>\n\n\n\n<p><span style=\"text-decoration: underline;\">Freitag, 12. M\u00e4rz 2021<\/span><\/p>\n\n\n\n<p><strong><em>Eintracht Frankfurt \u2013&nbsp;SV Meppen (19.15 Uhr)<\/em><\/strong><\/p>\n\n\n\n<p><img loading=\"lazy\" decoding=\"async\" width=\"10\" height=\"21\" class=\"wp-image-3656\" style=\"width: 10px;\" src=\"http:\/\/kommentatorenblog.de\/wp-content\/uploads\/2020\/09\/shure-55sh-ii-e1601485394796.jpg\" alt=\"\" srcset=\"https:\/\/kommentatorenblog.de\/wp-content\/uploads\/2020\/09\/shure-55sh-ii-e1601485394796.jpg 415w, https:\/\/kommentatorenblog.de\/wp-content\/uploads\/2020\/09\/shure-55sh-ii-e1601485394796-142x300.jpg 142w\" sizes=\"auto, (max-width: 10px) 100vw, 10px\" \/> Magenta Sport: Christoph Fetzer<\/p>\n\n\n\n<p><img loading=\"lazy\" decoding=\"async\" width=\"10\" height=\"21\" class=\"wp-image-3656\" style=\"width: 10px;\" src=\"http:\/\/kommentatorenblog.de\/wp-content\/uploads\/2020\/09\/shure-55sh-ii-e1601485394796.jpg\" alt=\"\" srcset=\"https:\/\/kommentatorenblog.de\/wp-content\/uploads\/2020\/09\/shure-55sh-ii-e1601485394796.jpg 415w, https:\/\/kommentatorenblog.de\/wp-content\/uploads\/2020\/09\/shure-55sh-ii-e1601485394796-142x300.jpg 142w\" sizes=\"auto, (max-width: 10px) 100vw, 10px\" \/> Eurosport: Matthias Stach<\/p>\n\n\n\n<p>Moderation (Eurosport): Anna Kraft<\/p>\n\n\n\n<p><span style=\"text-decoration: underline;\">Sonntag, 14. M\u00e4rz 2021<\/span><\/p>\n\n\n\n<p><strong><em>FC Bayern \u2013 SGS Essen (14.00 Uhr)<\/em><\/strong><\/p>\n\n\n\n<p><img loading=\"lazy\" decoding=\"async\" width=\"10\" height=\"21\" class=\"wp-image-3656\" style=\"width: 10px;\" src=\"http:\/\/kommentatorenblog.de\/wp-content\/uploads\/2020\/09\/shure-55sh-ii-e1601485394796.jpg\" alt=\"\" srcset=\"https:\/\/kommentatorenblog.de\/wp-content\/uploads\/2020\/09\/shure-55sh-ii-e1601485394796.jpg 415w, https:\/\/kommentatorenblog.de\/wp-content\/uploads\/2020\/09\/shure-55sh-ii-e1601485394796-142x300.jpg 142w\" sizes=\"auto, (max-width: 10px) 100vw, 10px\" \/> Magenta Sport: Oskar Heirler<\/p>\n\n\n\n<hr class=\"wp-block-separator\"\/>\n\n\n\n<p><strong>Premier League, 28. Spieltag (Sky)<\/strong><\/p>\n\n\n\n<p><span style=\"text-decoration: underline;\">Freitag, 12. M\u00e4rz 2021, ab 20.50 Uhr<\/span><\/p>\n\n\n\n<p><strong><em>Newcastle United \u2013 Aston Villa (21.00 Uhr)<\/em><\/strong><\/p>\n\n\n\n<p><img loading=\"lazy\" decoding=\"async\" width=\"10\" height=\"21\" class=\"wp-image-3656\" style=\"width: 10px;\" src=\"http:\/\/kommentatorenblog.de\/wp-content\/uploads\/2020\/09\/shure-55sh-ii-e1601485394796.jpg\" alt=\"\" srcset=\"https:\/\/kommentatorenblog.de\/wp-content\/uploads\/2020\/09\/shure-55sh-ii-e1601485394796.jpg 415w, https:\/\/kommentatorenblog.de\/wp-content\/uploads\/2020\/09\/shure-55sh-ii-e1601485394796-142x300.jpg 142w\" sizes=\"auto, (max-width: 10px) 100vw, 10px\" \/> Joachim Hebel<\/p>\n\n\n\n<p><span style=\"text-decoration: underline;\">Samstag, 13. M\u00e4rz 2021, ab 13.20 Uhr<\/span><\/p>\n\n\n\n<p><strong><em>Leeds United \u2013&nbsp;FC Chelsea (13.30 Uhr)<\/em><\/strong><\/p>\n\n\n\n<p><img loading=\"lazy\" decoding=\"async\" width=\"10\" height=\"21\" class=\"wp-image-3656\" style=\"width: 10px;\" src=\"http:\/\/kommentatorenblog.de\/wp-content\/uploads\/2020\/09\/shure-55sh-ii-e1601485394796.jpg\" alt=\"\" srcset=\"https:\/\/kommentatorenblog.de\/wp-content\/uploads\/2020\/09\/shure-55sh-ii-e1601485394796.jpg 415w, https:\/\/kommentatorenblog.de\/wp-content\/uploads\/2020\/09\/shure-55sh-ii-e1601485394796-142x300.jpg 142w\" sizes=\"auto, (max-width: 10px) 100vw, 10px\" \/> Roland Evers<\/p>\n\n\n\n<p><span style=\"text-decoration: underline;\">ab 15.50 Uhr<\/span><\/p>\n\n\n\n<p><strong><em>Crystal Palace \u2013&nbsp;West Bromwich Albion (16.00 Uhr)<\/em><\/strong><\/p>\n\n\n\n<p><img loading=\"lazy\" decoding=\"async\" width=\"10\" height=\"21\" class=\"wp-image-3656\" style=\"width: 10px;\" src=\"http:\/\/kommentatorenblog.de\/wp-content\/uploads\/2020\/09\/shure-55sh-ii-e1601485394796.jpg\" alt=\"\" srcset=\"https:\/\/kommentatorenblog.de\/wp-content\/uploads\/2020\/09\/shure-55sh-ii-e1601485394796.jpg 415w, https:\/\/kommentatorenblog.de\/wp-content\/uploads\/2020\/09\/shure-55sh-ii-e1601485394796-142x300.jpg 142w\" sizes=\"auto, (max-width: 10px) 100vw, 10px\" \/> Sven Schr\u00f6ter<\/p>\n\n\n\n<p><span style=\"text-decoration: underline;\">ab 18.20 Uhr<\/span> <\/p>\n\n\n\n<p><strong><em>FC Everton \u2013&nbsp;FC Burnley (18.30 Uhr)<\/em><\/strong><\/p>\n\n\n\n<p><img loading=\"lazy\" decoding=\"async\" width=\"10\" height=\"21\" class=\"wp-image-3656\" style=\"width: 10px;\" src=\"http:\/\/kommentatorenblog.de\/wp-content\/uploads\/2020\/09\/shure-55sh-ii-e1601485394796.jpg\" alt=\"\" srcset=\"https:\/\/kommentatorenblog.de\/wp-content\/uploads\/2020\/09\/shure-55sh-ii-e1601485394796.jpg 415w, https:\/\/kommentatorenblog.de\/wp-content\/uploads\/2020\/09\/shure-55sh-ii-e1601485394796-142x300.jpg 142w\" sizes=\"auto, (max-width: 10px) 100vw, 10px\" \/> Joachim Hebel<\/p>\n\n\n\n<p><span style=\"text-decoration: underline;\">ab 20.50 Uhr<\/span><\/p>\n\n\n\n<p><strong><em>FC Fulham \u2013&nbsp;Manchester City<\/em><\/strong> <strong><em>(21.00 Uhr)<\/em><\/strong><\/p>\n\n\n\n<p><img loading=\"lazy\" decoding=\"async\" width=\"10\" height=\"21\" class=\"wp-image-3656\" style=\"width: 10px;\" src=\"http:\/\/kommentatorenblog.de\/wp-content\/uploads\/2020\/09\/shure-55sh-ii-e1601485394796.jpg\" alt=\"\" srcset=\"https:\/\/kommentatorenblog.de\/wp-content\/uploads\/2020\/09\/shure-55sh-ii-e1601485394796.jpg 415w, https:\/\/kommentatorenblog.de\/wp-content\/uploads\/2020\/09\/shure-55sh-ii-e1601485394796-142x300.jpg 142w\" sizes=\"auto, (max-width: 10px) 100vw, 10px\" \/> Toni Tomic<\/p>\n\n\n\n<p><span style=\"text-decoration: underline;\">Sonntag, 14. M\u00e4rz 2021, ab 12.50 Uhr<\/span><\/p>\n\n\n\n<p><em style=\"\"><b>FC Southampton \u2013&nbsp;Brighton &amp; Hove Albion<\/b><\/em><strong><em> (13.00 Uhr)<\/em><\/strong><\/p>\n\n\n\n<p><img loading=\"lazy\" decoding=\"async\" width=\"10\" height=\"21\" class=\"wp-image-3656\" style=\"width: 10px;\" src=\"http:\/\/kommentatorenblog.de\/wp-content\/uploads\/2020\/09\/shure-55sh-ii-e1601485394796.jpg\" alt=\"\" srcset=\"https:\/\/kommentatorenblog.de\/wp-content\/uploads\/2020\/09\/shure-55sh-ii-e1601485394796.jpg 415w, https:\/\/kommentatorenblog.de\/wp-content\/uploads\/2020\/09\/shure-55sh-ii-e1601485394796-142x300.jpg 142w\" sizes=\"auto, (max-width: 10px) 100vw, 10px\" \/> Sven Haist<\/p>\n\n\n\n<p><span style=\"text-decoration: underline;\">ab 14.55 Uhr<\/span><\/p>\n\n\n\n<p><strong><em>Leicester City \u2013 Sheffield United (15.00 Uhr)<\/em><\/strong><\/p>\n\n\n\n<p><img loading=\"lazy\" decoding=\"async\" width=\"10\" height=\"21\" class=\"wp-image-3656\" style=\"width: 10px;\" src=\"http:\/\/kommentatorenblog.de\/wp-content\/uploads\/2020\/09\/shure-55sh-ii-e1601485394796.jpg\" alt=\"\" srcset=\"https:\/\/kommentatorenblog.de\/wp-content\/uploads\/2020\/09\/shure-55sh-ii-e1601485394796.jpg 415w, https:\/\/kommentatorenblog.de\/wp-content\/uploads\/2020\/09\/shure-55sh-ii-e1601485394796-142x300.jpg 142w\" sizes=\"auto, (max-width: 10px) 100vw, 10px\" \/> Hannes Herrmann<\/p>\n\n\n\n<p><span style=\"text-decoration: underline;\">ab 17.00 Uhr<\/span><\/p>\n\n\n\n<p><strong><em>FC Arsenal \u2013 Tottenham Hotspur (17.30 Uhr)<\/em><\/strong><\/p>\n\n\n\n<p><img loading=\"lazy\" decoding=\"async\" width=\"10\" height=\"21\" class=\"wp-image-3656\" style=\"width: 10px;\" src=\"http:\/\/kommentatorenblog.de\/wp-content\/uploads\/2020\/09\/shure-55sh-ii-e1601485394796.jpg\" alt=\"\" srcset=\"https:\/\/kommentatorenblog.de\/wp-content\/uploads\/2020\/09\/shure-55sh-ii-e1601485394796.jpg 415w, https:\/\/kommentatorenblog.de\/wp-content\/uploads\/2020\/09\/shure-55sh-ii-e1601485394796-142x300.jpg 142w\" sizes=\"auto, (max-width: 10px) 100vw, 10px\" \/> Florian Schmidt-Sommerfeld, Experte: Mladen Petric<\/p>\n\n\n\n<p>Field-Reporter: Raphael Honigstein<\/p>\n\n\n\n<p><span style=\"text-decoration: underline;\">ab 20.05 Uhr<\/span><\/p>\n\n\n\n<p><strong><em>Manchester United \u2013&nbsp;West Ham United (20.15 Uhr)<\/em><\/strong><\/p>\n\n\n\n<p><img loading=\"lazy\" decoding=\"async\" width=\"10\" height=\"21\" class=\"wp-image-3656\" style=\"width: 10px;\" src=\"http:\/\/kommentatorenblog.de\/wp-content\/uploads\/2020\/09\/shure-55sh-ii-e1601485394796.jpg\" alt=\"\" srcset=\"https:\/\/kommentatorenblog.de\/wp-content\/uploads\/2020\/09\/shure-55sh-ii-e1601485394796.jpg 415w, https:\/\/kommentatorenblog.de\/wp-content\/uploads\/2020\/09\/shure-55sh-ii-e1601485394796-142x300.jpg 142w\" sizes=\"auto, (max-width: 10px) 100vw, 10px\" \/> Jonas Friedrich<\/p>\n\n\n\n<p><span style=\"text-decoration: underline;\">Montag, 15. M\u00e4rz 2021, ab 20.50 Uhr<\/span><\/p>\n\n\n\n<p><strong><em>Wolverhampton Wanderers \u2013 FC Liverpool (21.00 Uhr)<\/em><\/strong><\/p>\n\n\n\n<p><img loading=\"lazy\" decoding=\"async\" width=\"10\" height=\"21\" class=\"wp-image-3656\" style=\"width: 10px;\" src=\"http:\/\/kommentatorenblog.de\/wp-content\/uploads\/2020\/09\/shure-55sh-ii-e1601485394796.jpg\" alt=\"\" srcset=\"https:\/\/kommentatorenblog.de\/wp-content\/uploads\/2020\/09\/shure-55sh-ii-e1601485394796.jpg 415w, https:\/\/kommentatorenblog.de\/wp-content\/uploads\/2020\/09\/shure-55sh-ii-e1601485394796-142x300.jpg 142w\" sizes=\"auto, (max-width: 10px) 100vw, 10px\" \/> Hannes Herrmann<\/p>\n\n\n\n<hr class=\"wp-block-separator\"\/>\n\n\n\n<p><strong>La Liga, 27. Spieltag<\/strong><\/p>\n\n\n\n<p><span style=\"text-decoration: underline;\">Freitag, 12. M\u00e4rz 2021<\/span><\/p>\n\n\n\n<p><strong><em>UD Levante \u2013 FC Valencia (21.00 Uhr) <\/em><\/strong><\/p>\n\n\n\n<p><img loading=\"lazy\" decoding=\"async\" width=\"10\" height=\"21\" class=\"wp-image-3656\" style=\"width: 10px;\" src=\"http:\/\/kommentatorenblog.de\/wp-content\/uploads\/2020\/09\/shure-55sh-ii-e1601485394796.jpg\" alt=\"\" srcset=\"https:\/\/kommentatorenblog.de\/wp-content\/uploads\/2020\/09\/shure-55sh-ii-e1601485394796.jpg 415w, https:\/\/kommentatorenblog.de\/wp-content\/uploads\/2020\/09\/shure-55sh-ii-e1601485394796-142x300.jpg 142w\" sizes=\"auto, (max-width: 10px) 100vw, 10px\" \/> Guido H\u00fcsgen<\/p>\n\n\n\n<p><span style=\"text-decoration: underline;\">Samstag, 13. M\u00e4rz 2021<\/span><\/p>\n\n\n\n<p><strong><em>Real Madrid \u2013 FC Elche (16.15 Uhr)<\/em><\/strong><\/p>\n\n\n\n<p><img loading=\"lazy\" decoding=\"async\" width=\"10\" height=\"21\" class=\"wp-image-3656\" style=\"width: 10px;\" src=\"http:\/\/kommentatorenblog.de\/wp-content\/uploads\/2020\/09\/shure-55sh-ii-e1601485394796.jpg\" alt=\"\" srcset=\"https:\/\/kommentatorenblog.de\/wp-content\/uploads\/2020\/09\/shure-55sh-ii-e1601485394796.jpg 415w, https:\/\/kommentatorenblog.de\/wp-content\/uploads\/2020\/09\/shure-55sh-ii-e1601485394796-142x300.jpg 142w\" sizes=\"auto, (max-width: 10px) 100vw, 10px\" \/> Jan Platte, Experte: Benny Lauth<\/p>\n\n\n\n<p><strong><em>FC Getafe \u2013 Atletico Madrid (21.00 Uhr)<\/em><\/strong><\/p>\n\n\n\n<p><img loading=\"lazy\" decoding=\"async\" width=\"10\" height=\"21\" class=\"wp-image-3656\" style=\"width: 10px;\" src=\"http:\/\/kommentatorenblog.de\/wp-content\/uploads\/2020\/09\/shure-55sh-ii-e1601485394796.jpg\" alt=\"\" srcset=\"https:\/\/kommentatorenblog.de\/wp-content\/uploads\/2020\/09\/shure-55sh-ii-e1601485394796.jpg 415w, https:\/\/kommentatorenblog.de\/wp-content\/uploads\/2020\/09\/shure-55sh-ii-e1601485394796-142x300.jpg 142w\" sizes=\"auto, (max-width: 10px) 100vw, 10px\" \/> Nico Seepe<\/p>\n\n\n\n<p><span style=\"text-decoration: underline;\">Sonntag, 14. M\u00e4rz 2021<\/span><\/p>\n\n\n\n<p><strong><em>FC Granada \u2013 Real Sociedad (16.15 Uhr)<\/em><\/strong><\/p>\n\n\n\n<p><img loading=\"lazy\" decoding=\"async\" width=\"10\" height=\"21\" class=\"wp-image-3656\" style=\"width: 10px;\" src=\"http:\/\/kommentatorenblog.de\/wp-content\/uploads\/2020\/09\/shure-55sh-ii-e1601485394796.jpg\" alt=\"\" srcset=\"https:\/\/kommentatorenblog.de\/wp-content\/uploads\/2020\/09\/shure-55sh-ii-e1601485394796.jpg 415w, https:\/\/kommentatorenblog.de\/wp-content\/uploads\/2020\/09\/shure-55sh-ii-e1601485394796-142x300.jpg 142w\" sizes=\"auto, (max-width: 10px) 100vw, 10px\" \/> Oliver Forster<\/p>\n\n\n\n<p><strong><em>FC Sevilla \u2013 Real Betis (21.00 Uhr)<\/em><\/strong><\/p>\n\n\n\n<p><img loading=\"lazy\" decoding=\"async\" width=\"10\" height=\"21\" class=\"wp-image-3656\" style=\"width: 10px;\" src=\"http:\/\/kommentatorenblog.de\/wp-content\/uploads\/2020\/09\/shure-55sh-ii-e1601485394796.jpg\" alt=\"\" srcset=\"https:\/\/kommentatorenblog.de\/wp-content\/uploads\/2020\/09\/shure-55sh-ii-e1601485394796.jpg 415w, https:\/\/kommentatorenblog.de\/wp-content\/uploads\/2020\/09\/shure-55sh-ii-e1601485394796-142x300.jpg 142w\" sizes=\"auto, (max-width: 10px) 100vw, 10px\" \/> Flo Hauser, Experte: Sascha Bigalke<\/p>\n\n\n\n<p><span style=\"text-decoration: underline;\">Montag, 15. M\u00e4rz 2021<\/span><\/p>\n\n\n\n<p><strong><em>FC Barcelona \u2013 SD Huesca (21.00 Uhr)<\/em><\/strong><\/p>\n\n\n\n<p><img loading=\"lazy\" decoding=\"async\" width=\"10\" height=\"21\" class=\"wp-image-3656\" style=\"width: 10px;\" src=\"http:\/\/kommentatorenblog.de\/wp-content\/uploads\/2020\/09\/shure-55sh-ii-e1601485394796.jpg\" alt=\"\" srcset=\"https:\/\/kommentatorenblog.de\/wp-content\/uploads\/2020\/09\/shure-55sh-ii-e1601485394796.jpg 415w, https:\/\/kommentatorenblog.de\/wp-content\/uploads\/2020\/09\/shure-55sh-ii-e1601485394796-142x300.jpg 142w\" sizes=\"auto, (max-width: 10px) 100vw, 10px\" \/> Lukas Sch\u00f6nm\u00fcller, Experte: Lutz Pfannenstiel<\/p>\n\n\n\n<hr class=\"wp-block-separator\"\/>\n\n\n\n<p><strong>Serie A, 27. Spieltag (DAZN)<\/strong><\/p>\n\n\n\n<p><span style=\"text-decoration: underline;\">Freitag, 12. M\u00e4rz 2021<\/span><\/p>\n\n\n\n<p><strong><em>Atalanta Bergamo \u2013 Spezia Calcio (20.45 Uhr)<\/em><\/strong><\/p>\n\n\n\n<p><img loading=\"lazy\" decoding=\"async\" width=\"10\" height=\"21\" class=\"wp-image-3656\" style=\"width: 10px;\" src=\"http:\/\/kommentatorenblog.de\/wp-content\/uploads\/2020\/09\/shure-55sh-ii-e1601485394796.jpg\" alt=\"\" srcset=\"https:\/\/kommentatorenblog.de\/wp-content\/uploads\/2020\/09\/shure-55sh-ii-e1601485394796.jpg 415w, https:\/\/kommentatorenblog.de\/wp-content\/uploads\/2020\/09\/shure-55sh-ii-e1601485394796-142x300.jpg 142w\" sizes=\"auto, (max-width: 10px) 100vw, 10px\" \/> Marcel Seufert<\/p>\n\n\n\n<p><span style=\"text-decoration: underline;\">Sonntag, 14. M\u00e4rz 2021<\/span><\/p>\n\n\n\n<p><strong><em>FC Parma \u2013 AS Rom (15.00 Uhr)<\/em><\/strong><\/p>\n\n\n\n<p><img loading=\"lazy\" decoding=\"async\" width=\"10\" height=\"21\" class=\"wp-image-3656\" style=\"width: 10px;\" src=\"http:\/\/kommentatorenblog.de\/wp-content\/uploads\/2020\/09\/shure-55sh-ii-e1601485394796.jpg\" alt=\"\" srcset=\"https:\/\/kommentatorenblog.de\/wp-content\/uploads\/2020\/09\/shure-55sh-ii-e1601485394796.jpg 415w, https:\/\/kommentatorenblog.de\/wp-content\/uploads\/2020\/09\/shure-55sh-ii-e1601485394796-142x300.jpg 142w\" sizes=\"auto, (max-width: 10px) 100vw, 10px\" \/> Martin Sedlacek<\/p>\n\n\n\n<p><strong><em>FC Turin \u2013 Inter Mailand (15.00 Uhr)<\/em><\/strong><\/p>\n\n\n\n<p><img loading=\"lazy\" decoding=\"async\" width=\"10\" height=\"21\" class=\"wp-image-3656\" style=\"width: 10px;\" src=\"http:\/\/kommentatorenblog.de\/wp-content\/uploads\/2020\/09\/shure-55sh-ii-e1601485394796.jpg\" alt=\"\" srcset=\"https:\/\/kommentatorenblog.de\/wp-content\/uploads\/2020\/09\/shure-55sh-ii-e1601485394796.jpg 415w, https:\/\/kommentatorenblog.de\/wp-content\/uploads\/2020\/09\/shure-55sh-ii-e1601485394796-142x300.jpg 142w\" sizes=\"auto, (max-width: 10px) 100vw, 10px\" \/> Uwe Morawe<\/p>\n\n\n\n<p><strong><em>Cagliari Calcio \u2013 Juventus Turin (18.00 Uhr)<\/em><\/strong><\/p>\n\n\n\n<p><img loading=\"lazy\" decoding=\"async\" width=\"10\" height=\"21\" class=\"wp-image-3656\" style=\"width: 10px;\" src=\"http:\/\/kommentatorenblog.de\/wp-content\/uploads\/2020\/09\/shure-55sh-ii-e1601485394796.jpg\" alt=\"\" srcset=\"https:\/\/kommentatorenblog.de\/wp-content\/uploads\/2020\/09\/shure-55sh-ii-e1601485394796.jpg 415w, https:\/\/kommentatorenblog.de\/wp-content\/uploads\/2020\/09\/shure-55sh-ii-e1601485394796-142x300.jpg 142w\" sizes=\"auto, (max-width: 10px) 100vw, 10px\" \/> Uli Hebel, Experte: Christian Bernhard<\/p>\n\n\n\n<p><strong><em>AC Mailand \u2013 SSC Neapel (20.45 Uhr)<\/em><\/strong><\/p>\n\n\n\n<p><img loading=\"lazy\" decoding=\"async\" width=\"10\" height=\"21\" class=\"wp-image-3656\" style=\"width: 10px;\" src=\"http:\/\/kommentatorenblog.de\/wp-content\/uploads\/2020\/09\/shure-55sh-ii-e1601485394796.jpg\" alt=\"\" srcset=\"https:\/\/kommentatorenblog.de\/wp-content\/uploads\/2020\/09\/shure-55sh-ii-e1601485394796.jpg 415w, https:\/\/kommentatorenblog.de\/wp-content\/uploads\/2020\/09\/shure-55sh-ii-e1601485394796-142x300.jpg 142w\" sizes=\"auto, (max-width: 10px) 100vw, 10px\" \/> Carsten Fu\u00df, Experte: Michael Hofmann<\/p>\n\n\n\n<hr class=\"wp-block-separator\"\/>\n\n\n\n<p><strong>Ligue 1,  29. Spieltag<\/strong><\/p>\n\n\n\n<p><span style=\"text-decoration: underline;\">Sonntag, 14. M\u00e4rz 2021<\/span><\/p>\n\n\n\n<p><strong><em>AS Monaco \u2013 OSC Lille (17.05 Uhr)<\/em><\/strong><\/p>\n\n\n\n<p><img loading=\"lazy\" decoding=\"async\" width=\"10\" height=\"21\" class=\"wp-image-3656\" style=\"width: 10px;\" src=\"http:\/\/kommentatorenblog.de\/wp-content\/uploads\/2020\/09\/shure-55sh-ii-e1601485394796.jpg\" alt=\"\" srcset=\"https:\/\/kommentatorenblog.de\/wp-content\/uploads\/2020\/09\/shure-55sh-ii-e1601485394796.jpg 415w, https:\/\/kommentatorenblog.de\/wp-content\/uploads\/2020\/09\/shure-55sh-ii-e1601485394796-142x300.jpg 142w\" sizes=\"auto, (max-width: 10px) 100vw, 10px\" \/> Stefan Galler, Experte: Alexis Menuge <\/p>\n\n\n\n<p><strong><em>Paris Saint-Germain \u2013 FC Nantes (21.00 Uhr)<\/em><\/strong><\/p>\n\n\n\n<p><img loading=\"lazy\" decoding=\"async\" width=\"10\" height=\"21\" class=\"wp-image-3656\" style=\"width: 10px;\" src=\"http:\/\/kommentatorenblog.de\/wp-content\/uploads\/2020\/09\/shure-55sh-ii-e1601485394796.jpg\" alt=\"\" srcset=\"https:\/\/kommentatorenblog.de\/wp-content\/uploads\/2020\/09\/shure-55sh-ii-e1601485394796.jpg 415w, https:\/\/kommentatorenblog.de\/wp-content\/uploads\/2020\/09\/shure-55sh-ii-e1601485394796-142x300.jpg 142w\" sizes=\"auto, (max-width: 10px) 100vw, 10px\" \/> Matthias Naebers <\/p>\n\n\n\n<hr class=\"wp-block-separator\"\/>\n\n\n\n<p><strong>Internationaler Fussball<\/strong> <strong>(Sportdigital FUSSBALL)<\/strong><\/p>\n\n\n\n<p><span style=\"text-decoration: underline;\">Freitag, 12. M\u00e4rz 2021<\/span><\/p>\n\n\n\n<p>A-League, Woche 12: <strong><em>Melbourne City \u2013 Macarthur FC (9.05 Uhr)<\/em><\/strong><\/p>\n\n\n\n<p><img loading=\"lazy\" decoding=\"async\" width=\"10\" height=\"21\" class=\"wp-image-3656\" style=\"width: 10px;\" src=\"http:\/\/kommentatorenblog.de\/wp-content\/uploads\/2020\/09\/shure-55sh-ii-e1601485394796.jpg\" alt=\"\" srcset=\"https:\/\/kommentatorenblog.de\/wp-content\/uploads\/2020\/09\/shure-55sh-ii-e1601485394796.jpg 415w, https:\/\/kommentatorenblog.de\/wp-content\/uploads\/2020\/09\/shure-55sh-ii-e1601485394796-142x300.jpg 142w\" sizes=\"auto, (max-width: 10px) 100vw, 10px\" \/> Hannes Herrmann<\/p>\n\n\n\n<p>Ekstraklasa, 21. Spieltag: <strong><em>Cracovia Krakau \u2013 Slask Wroclaw (18.00 Uhr)<\/em><\/strong><\/p>\n\n\n\n<p><img loading=\"lazy\" decoding=\"async\" width=\"10\" height=\"21\" class=\"wp-image-3656\" style=\"width: 10px;\" src=\"http:\/\/kommentatorenblog.de\/wp-content\/uploads\/2020\/09\/shure-55sh-ii-e1601485394796.jpg\" alt=\"\" srcset=\"https:\/\/kommentatorenblog.de\/wp-content\/uploads\/2020\/09\/shure-55sh-ii-e1601485394796.jpg 415w, https:\/\/kommentatorenblog.de\/wp-content\/uploads\/2020\/09\/shure-55sh-ii-e1601485394796-142x300.jpg 142w\" sizes=\"auto, (max-width: 10px) 100vw, 10px\" \/> Karsten Linke<\/p>\n\n\n\n<p>Sky Bet Championship, 36. Spieltag: <strong><em>Blackburn Rovers \u2013 Brentford FC (20.45 Uhr)<\/em><\/strong><\/p>\n\n\n\n<p><img loading=\"lazy\" decoding=\"async\" width=\"10\" height=\"21\" class=\"wp-image-3656\" style=\"width: 10px;\" src=\"http:\/\/kommentatorenblog.de\/wp-content\/uploads\/2020\/09\/shure-55sh-ii-e1601485394796.jpg\" alt=\"\" srcset=\"https:\/\/kommentatorenblog.de\/wp-content\/uploads\/2020\/09\/shure-55sh-ii-e1601485394796.jpg 415w, https:\/\/kommentatorenblog.de\/wp-content\/uploads\/2020\/09\/shure-55sh-ii-e1601485394796-142x300.jpg 142w\" sizes=\"auto, (max-width: 10px) 100vw, 10px\" \/> Florian Obst<\/p>\n\n\n\n<p><span style=\"text-decoration: underline;\">Samstag, 13. M\u00e4rz 2021<\/span><\/p>\n\n\n\n<p>A-League, Woche 12: <strong><em>Melbourne Victory \u2013 Adelaide United (9.10 Uhr)<\/em><\/strong><\/p>\n\n\n\n<p><img loading=\"lazy\" decoding=\"async\" width=\"10\" height=\"21\" class=\"wp-image-3656\" style=\"width: 10px;\" src=\"http:\/\/kommentatorenblog.de\/wp-content\/uploads\/2020\/09\/shure-55sh-ii-e1601485394796.jpg\" alt=\"\" srcset=\"https:\/\/kommentatorenblog.de\/wp-content\/uploads\/2020\/09\/shure-55sh-ii-e1601485394796.jpg 415w, https:\/\/kommentatorenblog.de\/wp-content\/uploads\/2020\/09\/shure-55sh-ii-e1601485394796-142x300.jpg 142w\" sizes=\"auto, (max-width: 10px) 100vw, 10px\" \/> Jakob Vogel<\/p>\n\n\n\n<p>Sky Bet Championship, 36. Spieltag:<strong><em> Luton Town \u2013 Swansea City (13.15 Uhr)<\/em><\/strong><\/p>\n\n\n\n<p><img loading=\"lazy\" decoding=\"async\" width=\"10\" height=\"21\" class=\"wp-image-3656\" style=\"width: 10px;\" src=\"http:\/\/kommentatorenblog.de\/wp-content\/uploads\/2020\/09\/shure-55sh-ii-e1601485394796.jpg\" alt=\"\" srcset=\"https:\/\/kommentatorenblog.de\/wp-content\/uploads\/2020\/09\/shure-55sh-ii-e1601485394796.jpg 415w, https:\/\/kommentatorenblog.de\/wp-content\/uploads\/2020\/09\/shure-55sh-ii-e1601485394796-142x300.jpg 142w\" sizes=\"auto, (max-width: 10px) 100vw, 10px\" \/> Florian Obst<\/p>\n\n\n\n<p>Sky Bet Championship, 36. Spieltag: <strong><em>Wycombe Wanderers \u2013 Preston North End (16.00 Uhr)<\/em><\/strong><\/p>\n\n\n\n<p><img loading=\"lazy\" decoding=\"async\" width=\"10\" height=\"21\" class=\"wp-image-3656\" style=\"width: 10px;\" src=\"http:\/\/kommentatorenblog.de\/wp-content\/uploads\/2020\/09\/shure-55sh-ii-e1601485394796.jpg\" alt=\"\" srcset=\"https:\/\/kommentatorenblog.de\/wp-content\/uploads\/2020\/09\/shure-55sh-ii-e1601485394796.jpg 415w, https:\/\/kommentatorenblog.de\/wp-content\/uploads\/2020\/09\/shure-55sh-ii-e1601485394796-142x300.jpg 142w\" sizes=\"auto, (max-width: 10px) 100vw, 10px\" \/> Ulf Kahmke<\/p>\n\n\n\n<p>Liga NOS, 23. Spieltag: <strong><em>Benfica Lissabon \u2013 Boavista Porto FC (19.00 Uhr)<\/em><\/strong><\/p>\n\n\n\n<p><img loading=\"lazy\" decoding=\"async\" width=\"10\" height=\"21\" class=\"wp-image-3656\" style=\"width: 10px;\" src=\"http:\/\/kommentatorenblog.de\/wp-content\/uploads\/2020\/09\/shure-55sh-ii-e1601485394796.jpg\" alt=\"\" srcset=\"https:\/\/kommentatorenblog.de\/wp-content\/uploads\/2020\/09\/shure-55sh-ii-e1601485394796.jpg 415w, https:\/\/kommentatorenblog.de\/wp-content\/uploads\/2020\/09\/shure-55sh-ii-e1601485394796-142x300.jpg 142w\" sizes=\"auto, (max-width: 10px) 100vw, 10px\" \/> Karsten Linke<\/p>\n\n\n\n<p>Liga NOS, 23. Spieltag: <strong><em>CD Tondela \u2013 Sporting Lissabon (21.30 Uhr)<\/em><\/strong><\/p>\n\n\n\n<p><img loading=\"lazy\" decoding=\"async\" width=\"10\" height=\"21\" class=\"wp-image-3656\" style=\"width: 10px;\" src=\"http:\/\/kommentatorenblog.de\/wp-content\/uploads\/2020\/09\/shure-55sh-ii-e1601485394796.jpg\" alt=\"\" srcset=\"https:\/\/kommentatorenblog.de\/wp-content\/uploads\/2020\/09\/shure-55sh-ii-e1601485394796.jpg 415w, https:\/\/kommentatorenblog.de\/wp-content\/uploads\/2020\/09\/shure-55sh-ii-e1601485394796-142x300.jpg 142w\" sizes=\"auto, (max-width: 10px) 100vw, 10px\" \/> Christian Blunck<\/p>\n\n\n\n<p><span style=\"text-decoration: underline;\">Sonntag, 14. M\u00e4rz 2021<\/span><\/p>\n\n\n\n<p>Eredivisie, 26. Spieltag: <strong><em>PSV Eindhoven \u2013 Feyenoord Rotterdam (14.30 Uhr)<\/em><\/strong><\/p>\n\n\n\n<p><img loading=\"lazy\" decoding=\"async\" width=\"10\" height=\"21\" class=\"wp-image-3656\" style=\"width: 10px;\" src=\"http:\/\/kommentatorenblog.de\/wp-content\/uploads\/2020\/09\/shure-55sh-ii-e1601485394796.jpg\" alt=\"\" srcset=\"https:\/\/kommentatorenblog.de\/wp-content\/uploads\/2020\/09\/shure-55sh-ii-e1601485394796.jpg 415w, https:\/\/kommentatorenblog.de\/wp-content\/uploads\/2020\/09\/shure-55sh-ii-e1601485394796-142x300.jpg 142w\" sizes=\"auto, (max-width: 10px) 100vw, 10px\" \/> Karsten Linke<\/p>\n\n\n\n<p>Eredivisie, 26. Spieltag: <strong><em>PEC Zwolle \u2013 Ajax Amsterdam (16.45 Uhr)<\/em><\/strong><\/p>\n\n\n\n<p><img loading=\"lazy\" decoding=\"async\" width=\"10\" height=\"21\" class=\"wp-image-3656\" style=\"width: 10px;\" src=\"http:\/\/kommentatorenblog.de\/wp-content\/uploads\/2020\/09\/shure-55sh-ii-e1601485394796.jpg\" alt=\"\" srcset=\"https:\/\/kommentatorenblog.de\/wp-content\/uploads\/2020\/09\/shure-55sh-ii-e1601485394796.jpg 415w, https:\/\/kommentatorenblog.de\/wp-content\/uploads\/2020\/09\/shure-55sh-ii-e1601485394796-142x300.jpg 142w\" sizes=\"auto, (max-width: 10px) 100vw, 10px\" \/> Ulf Kahmke<\/p>\n\n\n\n<p>Fortuna Liga, 23. Spieltag: <strong><em>FK Mlada Boleslav \u2013 Slavia Prag (18.30 Uhr)<\/em><\/strong><\/p>\n\n\n\n<p><img loading=\"lazy\" decoding=\"async\" width=\"10\" height=\"21\" class=\"wp-image-3656\" style=\"width: 10px;\" src=\"http:\/\/kommentatorenblog.de\/wp-content\/uploads\/2020\/09\/shure-55sh-ii-e1601485394796.jpg\" alt=\"\" srcset=\"https:\/\/kommentatorenblog.de\/wp-content\/uploads\/2020\/09\/shure-55sh-ii-e1601485394796.jpg 415w, https:\/\/kommentatorenblog.de\/wp-content\/uploads\/2020\/09\/shure-55sh-ii-e1601485394796-142x300.jpg 142w\" sizes=\"auto, (max-width: 10px) 100vw, 10px\" \/> Christian Blunck<\/p>\n\n\n\n<p>Liga NOS, 23. Spieltag: <strong><em>FC Porto \u2013 Pacos de Ferreira (21.00 Uhr)<\/em><\/strong><\/p>\n\n\n\n<p><img loading=\"lazy\" decoding=\"async\" width=\"10\" height=\"21\" class=\"wp-image-3656\" style=\"width: 10px;\" src=\"http:\/\/kommentatorenblog.de\/wp-content\/uploads\/2020\/09\/shure-55sh-ii-e1601485394796.jpg\" alt=\"\" srcset=\"https:\/\/kommentatorenblog.de\/wp-content\/uploads\/2020\/09\/shure-55sh-ii-e1601485394796.jpg 415w, https:\/\/kommentatorenblog.de\/wp-content\/uploads\/2020\/09\/shure-55sh-ii-e1601485394796-142x300.jpg 142w\" sizes=\"auto, (max-width: 10px) 100vw, 10px\" \/> Arne Malsch<\/p>\n\n\n\n<p><strong>Die Analyse<\/strong><\/p>\n\n\n\n<p><strong>Born wieder bei Union<\/strong><\/p>\n\n\n\n<p>Wie so oft startet der Bundesliga-Spieltag mit DAZN und aus der Box. Augsburg empf\u00e4ngt Gladbach. Vom Mikrofon meldet sich Marco Hagemann, der eine volle Woche abrundet. Immer interessant, dass er nach seinem EL-Einsatz in K\u00f6ln am n\u00e4chsten Tag direkt den Auftrag in M\u00fcnchen annimmt &#8211; ordentliches Pensum, dass teilweise durch die fehlende Vor-Ort-Berichterstattung von RTL wegen Corona erm\u00f6glicht wird. Neben ihm agiert Ralph Gunesch. Am Samstag ist Michael Born zum zweiten Mal in Folge bei einem Einzelspiel der Eisernen zu h\u00f6ren, die auf den 1.FC K\u00f6ln treffen. Diesmal kommt Borns Kommentar von der Alten F\u00f6rsterei. Tom Bayer ist erstmals in diesem Jahr in Mainz. Die Elf von Bo Svensson misst sich mit dem SC Freiburg. Marcus Lindemann bekommt mal wieder ein Bayern-Spiel, der FCB gastiert bei Bremen. Wolfsburg empf\u00e4ngt Schalke, den Norden beackert in gewohnter Manier Oliver Seidler.<\/p>\n\n\n\n<p>In der Sky-Konferenz h\u00f6ren wir Hansi K\u00fcpper, der das Geschehen bei Union gegen K\u00f6ln im Blick hat. Au\u00dferdem kehrt Buschi in den Konferenzkanal zur\u00fcck. Seine Torschreie gibt es bei Bremen gegen Bayern. Was in Mainz passiert, hat zudem Klaus Veltman auf dem Schirm. Jonas Friedrich scheint sich in der Konferenz ebenfalls bestens akklimatisiert zu haben. Er war dort nicht nur am vergangenen Wochenende, sondern auch am Mittwoch beim Duell zwischen Paris Saint-Germain und Barcelona im Einsatz. Friedrich konnte die spannende Atmosph\u00e4re dabei meiner Meinung nach super transportieren. Auf eine \u00e4hnlich packende Begegnung braucht er bei Wolfsburg gegen Schalke aber wohl nicht zu hoffen.<\/p>\n\n\n\n<p><strong>Kein Topspiel f\u00fcr Gro\u00df &#8211; Daf\u00fcr zwei im Unterhaus<\/strong><\/p>\n\n\n\n<p>Das Topspiel in Dortmund kommentiert Kai Dittmann. Damit ist endlich mal wieder ein anderer Kommentator als Fuss an der Reihe, Martin Gro\u00df sitzt aber weiterhin &#8211; seit quasi zwei Monaten ohne Topspiel &#8211; auf dem Trockenen. Ich tippe auf sein Comeback n\u00e4chstes Wochenende, wenn Schalke Gladbach empf\u00e4ngt. Mit ihm in den Westen kommt \u00fcbrigens Michael Leopold. Am Sonntag l\u00e4utet DAZN dann wieder den Bundesliga-Tag ein. Das Sonntagmittagspiel hat ich in der R\u00fcckrunde ja schon so ein wenig etabliert. Auch wenn in der Europa League keine Teams mehr vertreten sind, muss die DFL weiterhin wegen der Rechte so terminieren. Arsenal-Experte Freddy Harder darf erstmals seit November wieder in der Bundesliga ran. Bei Leverkusen gegen Bielefeld unterst\u00fctzt ihn Sebastian Knei\u00dfl in der Kommentatoren-Box. Eines Topspiels w\u00fcrdig treffen Leipzig und Frankfurt aufeinander, folgerichtig \u00fcbernimmt Wolff Fuss. Nele Schenker, die ja in Cottbus geboren wurde, ist als Field-Reporterin im Einsatz &#8211; eine Art von Heimatbesuch. Das letzte Spiel kommt aus Baden-W\u00fcrttemberg und hei\u00dft Stuttgart gegen Hoffenheim. Der Kommentar kommt von Martin Gro\u00df. Ecki Heuser f\u00fchrt die Interviews und feiert zum wiederholten Male in diesem Jahr zwei Eins\u00e4tze an einem Spieltag. Und mit Andr\u00e9 Breitenreiter gibt\u00b4s im Studio mal ein anderes Experten-Gesicht.<\/p>\n\n\n\n<p>In der 2. Liga bleiben \u00dcberraschungen aus. Sky setzt auf seine \u00fcbliche Riege. Zwei absolute Topspiele gibt es gleich am Freitagabend. Verfolger Heidenheim empf\u00e4ngt den Tabellenzweiten aus Kiel &#8211; eine Sache f\u00fcr Holger Pfandt. Und J\u00fcrgen Schmitz liefert zeitgleich den Kommentar bei Bochum gegen Hamburg. Ein Freitagabend zum Warmlaufen, w\u00fcrde ich sagen. J\u00f6rg Dahlmann, der seit seiner \u201eAbsetzung\u201c aus der Bundesliga eigentlich immer zwei Spiele im Unterhaus \u00fcbernimmt, widmet sich Sandhausen gegen D\u00fcsseldorf und Karlsruhe gegen Eintracht Braunschweig. Ein Team aus der Top-Sechs habe ich noch nicht erw\u00e4hnt, die SpVgg Greuther F\u00fcrth spielt aber auch erst am Mittwoch. Der Grund f\u00fcr die Spielverschiebung sind Corona-F\u00e4lle in der Mannschaft der gegnerischen Regensburger.<\/p>\n\n\n\n<p><strong>Kracher in Liga drei \/ Rotation in der Frauen-Bundesliga<\/strong><\/p>\n\n\n\n<p>Zuletzt gab es in der 3. Liga viele Top-Duelle, das ist auch diesmal so. Tabellenf\u00fchrer Dynamo Dresden misst sich mit Aufsteiger Saarbr\u00fccken, der mit der Spitzengruppe Schritt halten will. Das Spiel l\u00e4uft unter anderem auf Magenta Sport, wo Lenny Leonhardt kommentiert, aber auch beim MDR und SR. Im Saarland wird wohl wieder auf das \u00fcbliche Duo gesetzt. Zudem l\u00e4dt der Tabellendritte Ingolstadt den F\u00fcnften Wehen Wiesbaden zum Kr\u00e4ftemessen ein. Stefan Fuckert ist mit von der Partie. Doch Fuckert tut sich nicht nur die h\u00f6heren Gefilde in der Tabelle an. In der 3. Liga gibt es auch einen Abstiegskracher. Bereits am Freitagabend treffen sich Uerdingen und L\u00fcbeck zum Krisengipfel. Wer gewinnt, kann die Abstiegsr\u00e4nge verlassen, wobei L\u00fcbeck daf\u00fcr einen Kantersieg br\u00e4uchte.<\/p>\n\n\n\n<p>Magenta Sport und Eurosport haben \u00fcbrigens auch wieder die Frauen-Bundesliga im Programm. Anders als in den vergangenen Wochen ist f\u00fcr Eurosport am Freitagabend mal wieder Matthias Stach im Einsatz. Alternativ gibt es beim Spiel Frankfurt gegen Meppen den Kommentar von Christoph Fetzer. Das Spiel FC Bayern gegen SGS Essen am Sonntag gibt es dann exklusiv bei Magenta, Oskar Heirler berichtet.<\/p>\n\n\n\n<p><strong>Derbys in England und Spanien<\/strong><\/p>\n\n\n\n<p>In der Premier League h\u00f6ren wir die \u00fcblichen Verd\u00e4chtigen. Jogi Hebel verzeichnet zwei Eins\u00e4tze. Gleiches gilt f\u00fcr Hannes Herrmann, der dar\u00fcber hinaus am Freitag noch f\u00fcr Sportdigital FUSSBALL im Dienst ist. F\u00fcr Sky schaut sich Herrmann unter anderem am Montagabend an, ob Liverpool gegen Wolverhampton die Kurve kriegt. Das London-Derby zwischen Arsenal und Tottenham, zurecht als Match of the week deklariert, beobachtet neben Schmiso auch Mladen Petric. Field-Reporter ist Raphael Honigstein. Wie schon zuletzt ist Jonas Friedrich auch wieder in der Premier League mit dabei. Sein Augenmerk richtet er auf Manchester United gegen West Ham United.<\/p>\n\n\n\n<p>Nicht nur in London kommt es zum Stadtduell, sondern auch in Spanien oder besser gesagt in der Hauptstadt Andalusiens. FC Sevilla gegen Real Betis verspricht wie immer, eine packende Partie zu werden. Neben Flo Hauser freut sich auch Sascha Bigalke auf die Begegnung. Real Madrid bekommt es mit Elche zu tun, f\u00fcr DAZN ist das Duo Jan Platte und Benny Lauth im Einsatz. Frisch aus der Champions League ausgeschieden bekommt es Barca derweil mit Huesca zu tun. Zum ersten Mal in diesem Kalenderjahr gr\u00fc\u00dft Experte und Ex-Sportvorstand von Fortuna D\u00fcsseldorf Lutz Pfannenstiel vom Mikro. Er fungiert als Co-Kommentator neben Lukas Sch\u00f6nm\u00fcller. Samstag wird er im internationalen Feed der DFL zudem als Experte bei BVB gegen Hertha im Einsatz sein. Klarer Fall von Heimatbesuch f\u00fcr ihn &#8211; er arbeitet ja mittlerweile in St. Louis. <\/p>\n\n\n\n<p>Nat\u00fcrlich hat wie immer auch Sportdigital FUSSBALL einige Ansetzungen im Angebot. Karsten Linke ist gleich dreimal zu h\u00f6ren &#8211; unter anderem in der Ekstraklasa und in der Liga NOS. Doch auch in der Eredivisie steht eine spannende Begegnung an, bei der sein Kommentar gefragt ist: PSV Eindhoven trifft auf Feyenoord Rotterdam.&nbsp;<\/p>\n\n\n\n<p>Danke f\u00fcrs Mitlesen und euch ein sch\u00f6nes Wochenende!<\/p>\n","protected":false},"excerpt":{"rendered":"<p>N\u2019Abend allerseits, bei den TV-Rechten f\u00fcr die EM 2024, die ja in Deutschland stattfinden wird, hat sich etwas grundlegend ge\u00e4ndert. Zugleich haben sich damit auch Ver\u00e4nderungen f\u00fcr die WM 2022 und die kommende Europameisterschaft in diesem Sommer ergeben. Grund daf\u00fcr ist eine Abmachung unter den beteiligten Sendern. Doch alles step by step. Normalerweise sichern sich [&hellip;]<\/p>\n","protected":false},"author":2,"featured_media":0,"comment_status":"open","ping_status":"open","sticky":false,"template":"","format":"standard","meta":{"footnotes":""},"categories":[424],"tags":[20,10,19,166,60,302,13,287,510,512,55,14,132,89,61,182,295,104,25,90,48,347,69,26,86,93,59,53,122,294,158,205,417,9,43,112,95,176,17,114,88,83,113,293,23,108,340,138,12,361,222,127,22,134,344,394,16,33,85,511,107,37],"class_list":["post-7326","post","type-post","status-publish","format-standard","hentry","category-bundesliga-und-co","tag-2-bundesliga","tag-3-liga","tag-ard","tag-benny-lauth","tag-bundesliga","tag-christoph-fetzer","tag-dazn","tag-ecki-heuser","tag-em-2020","tag-em-2024","tag-eredivisie","tag-eurosport","tag-flo-hauser","tag-florian-schmidt-sommerfeld","tag-frank-buschmann","tag-frauen-bundesliga","tag-freddy-harder","tag-hannes-herrmann","tag-hansi-kuepper","tag-holger-pfandt","tag-jan-platte","tag-joachim-hebel","tag-jonas-friedrich","tag-joerg-dahlmann","tag-juergen-schmitz","tag-kai-dittmann","tag-karsten-linke","tag-klaus-veltmann","tag-laliga","tag-lenny-leonhardt","tag-ligue-1","tag-lukas-schoenmueller","tag-lutz-pfannenstiel","tag-magenta-sport","tag-marco-hagemann","tag-marcus-lindemann","tag-martin-gross","tag-matthias-stach","tag-mdr","tag-michael-born","tag-michael-leopold","tag-mladen-petric","tag-oliver-seidler","tag-oskar-heirler","tag-premier-league","tag-ralph-gunesch","tag-raphael-honigstein","tag-rtl","tag-sascha-bandermann","tag-sascha-bigalke","tag-sebastian-kneissl","tag-serie-a","tag-sky","tag-sportdigital-fussball","tag-sr","tag-stefan-fuckert","tag-swr","tag-thomas-wagner","tag-tom-bayer","tag-wm-2022","tag-wolff-fuss","tag-zdf"],"_links":{"self":[{"href":"https:\/\/kommentatorenblog.de\/index.php?rest_route=\/wp\/v2\/posts\/7326","targetHints":{"allow":["GET"]}}],"collection":[{"href":"https:\/\/kommentatorenblog.de\/index.php?rest_route=\/wp\/v2\/posts"}],"about":[{"href":"https:\/\/kommentatorenblog.de\/index.php?rest_route=\/wp\/v2\/types\/post"}],"author":[{"embeddable":true,"href":"https:\/\/kommentatorenblog.de\/index.php?rest_route=\/wp\/v2\/users\/2"}],"replies":[{"embeddable":true,"href":"https:\/\/kommentatorenblog.de\/index.php?rest_route=%2Fwp%2Fv2%2Fcomments&post=7326"}],"version-history":[{"count":91,"href":"https:\/\/kommentatorenblog.de\/index.php?rest_route=\/wp\/v2\/posts\/7326\/revisions"}],"predecessor-version":[{"id":7543,"href":"https:\/\/kommentatorenblog.de\/index.php?rest_route=\/wp\/v2\/posts\/7326\/revisions\/7543"}],"wp:attachment":[{"href":"https:\/\/kommentatorenblog.de\/index.php?rest_route=%2Fwp%2Fv2%2Fmedia&parent=7326"}],"wp:term":[{"taxonomy":"category","embeddable":true,"href":"https:\/\/kommentatorenblog.de\/index.php?rest_route=%2Fwp%2Fv2%2Fcategories&post=7326"},{"taxonomy":"post_tag","embeddable":true,"href":"https:\/\/kommentatorenblog.de\/index.php?rest_route=%2Fwp%2Fv2%2Ftags&post=7326"}],"curies":[{"name":"wp","href":"https:\/\/api.w.org\/{rel}","templated":true}]}}