{"id":7336,"date":"2018-08-23T11:45:00","date_gmt":"2018-08-23T10:45:00","guid":{"rendered":"http:\/\/kommentatorenblog.de\/?p=7336"},"modified":"2021-03-07T13:01:36","modified_gmt":"2021-03-07T12:01:36","slug":"kommentatorenblog-982-its-that-time-of-the-year-again","status":"publish","type":"post","link":"https:\/\/kommentatorenblog.de\/?p=7336","title":{"rendered":"[Kommentatorenblog #982] \u2013 It\u00b4s that time of the year again!"},"content":{"rendered":"\n<p>(Beitrag von Leon, Reposted von Nico)<\/p>\n\n\n\n<p>N\u2019Abend allerseits!<\/p>\n\n\n\n<p>Das Gro\u00dfkampfwochenende DFB-Pokal ist vorbei, schon steht mit dem Start der Bundesliga die n\u00e4chsten vollgepackten Tage vor der T\u00fcr. Ich freu mich trotz der f\u00fcr alle wieder feststehenden Deutschen Meisterschaft der Bayern schon riesig auf die Saison, auch weil ich meinen, zugegebenerma\u00dfen sehr kleinen Teil, zu den Sendungen von Sky beitragen darf.&nbsp;Ein Kindheitstraum geht in Erf\u00fcllung\u2026<\/p>\n\n\n\n<p>Wie bereits angek\u00fcndigt, wird Sebastian&nbsp;Hellmann zusammen mit Lothar Matth\u00e4us diese Saison wieder vom Topspiel aus dem Stadion berichten. Sedlaczek\/Hofmann starten ab 14.00 Uhr, also eine Stunde sp\u00e4ter als letzte Saison, mit den Experten Rainer Calmund und Christoph Metzelder, in den Samstag. Auch die frisch verheiratete Jessica Libbertz wird neu einegeplant und moderiert nun im Wechsel den Sonntag mit Michael Leopold \u2013 Didi Hamann bleibt Experte f\u00fcr den Sonntag, wandert aber von \u201eWontorra\u201c zu \u201eSky 90\u201c, das k\u00fcnftig wieder Sonntag abends ausgestrahlt wird. J\u00f6rg Wontorra bekommt mit Lothar Matth\u00e4us und dem ehemaligen Frankfurter&nbsp;<strong>Jan Arge Fj\u00f6rtoft<\/strong>&nbsp;zwei neue M\u00e4nner an die Seite gestellt.&nbsp;<a href=\"https:\/\/web.archive.org\/web\/20180828085548\/https:\/\/www.dwdl.de\/nachrichten\/68405\/sky_stellt_wontorra_zwei_neue_experten_zur_seite\/\">Link<\/a><\/p>\n\n\n\n<p>Gespannt darf man am Wochenende auch auf das Deb\u00fct von&nbsp;<strong>Dunja Hayali<\/strong>&nbsp;im aktuellen Sportstudio sein. Ich durfte sie im Rahmen meines Studiums in einem kurzen Gespr\u00e4ch kennenlernen \u2013 klasse Pers\u00f6nlichkeit \u00fcber die aber jeder unterschiedlich denkt. Erste Ern\u00fcchterung: Absagen von \u00d6zil und DFB-Funktion\u00e4ren. Daf\u00fcr begr\u00fc\u00dft sie \u00fcbermorgen Friedhelm Funkel. Dieser erweist&nbsp;sich meist aber auch als geselliger Gespr\u00e4chspartner, wie beispielsweise zuletzt im ARD Sportschau Club.<\/p>\n\n\n\n<p>Auch den&nbsp;<strong>Radsport<\/strong>&nbsp;will ich hier in den Eintrag nochmal reinbringen, schlie\u00dflich steigt das ZDF nach langer Rundfahrtenabstinenz wieder ins Radsportgeschehen ein \u2013 die dritte Etappe am Samstag kommentiert Peter Leissl, der mir beim Damenrennen bei den European Championships etwas \u00fcberfordert wirkte. Nun die Chance es bei den Herren, um den diesj\u00e4hrigen Toursieger Geraint Thomas, besser zu machen.<\/p>\n\n\n\n<p><em><strong>Die Ansetzungen vom 24. bis zum 27.&nbsp;August 2018<\/strong><\/em><\/p>\n\n\n\n<p><em><strong>Bundesliga, 1. Spieltag<\/strong><\/em><\/p>\n\n\n\n<p>Freitag, 24. August 2018 ab 19.30 Uhr (Eurosport 2 Xtra)<\/p>\n\n\n\n<p><em><strong>FC Bayern M\u00fcnchen \u2013 TSG 1899 Hoffenheim (20.30 Uhr)<\/strong><\/em><\/p>\n\n\n\n<ul class=\"wp-block-list\"><li>Eurosport 2 Xtra: Phillip Eger<\/li><li>ZDF: B\u00e9la R\u00e9thy<\/li><\/ul>\n\n\n\n<p>Moderation (Eurosport 2 Xtra): Jan Henkel, Experte: Matthias Sammer<\/p>\n\n\n\n<p>Moderation (ZDF): Jochen Breyer, Experte: Oliver Kahn<\/p>\n\n\n\n<p>Samstag, 25.&nbsp;August 2018, ab 14.00 Uhr (Sky)<\/p>\n\n\n\n<p><em><strong>Werder Bremen \u2013 Hannover 96 (15.30 Uhr)<\/strong><\/em><\/p>\n\n\n\n<ul class=\"wp-block-list\"><li>Sky: Hansi K\u00fcpper (Einzelspiel), Wolff Fuss (Konferenz)<\/li><\/ul>\n\n\n\n<p><em><strong>VfL Wolfsburg \u2013 Schalke 04 (15.30 Uhr)<\/strong><\/em><\/p>\n\n\n\n<ul class=\"wp-block-list\"><li>Sky: Michael Born (Einzelspiel), Florian Schmidt-Sommerfeld (Konferenz)<\/li><\/ul>\n\n\n\n<p><em><strong>Fortuna D\u00fcsseldorf &nbsp;\u2013 FC Augsburg (15.30 Uhr)<\/strong><\/em><\/p>\n\n\n\n<ul class=\"wp-block-list\"><li>Sky: Martin Gro\u00df (Einzelspiel), Frank Buschmann (Konferenz)<\/li><\/ul>\n\n\n\n<p><em><strong>Hertha BSC \u2013 1. FC N\u00fcrnberg (15.30 Uhr)<\/strong><\/em><\/p>\n\n\n\n<ul class=\"wp-block-list\"><li>Sky: Oliver Seidler (Einzelspiel), Tom Bayer (Konferenz)<\/li><\/ul>\n\n\n\n<p><em><strong>SC Freiburg &nbsp;\u2013 Eintracht Frankfurt (15.30 Uhr)<\/strong><\/em><\/p>\n\n\n\n<ul class=\"wp-block-list\"><li>Sky: Roland Evers (Einzelspiel), Jonas Friedrich (Konferenz)<\/li><\/ul>\n\n\n\n<p>Moderation (Sky): Esther Sedlaczek, Experten: Reiner Calmund, Christoph Metzelder<\/p>\n\n\n\n<p>ab&nbsp;17.30 Uhr (Sky)<\/p>\n\n\n\n<p><em><strong>Borussia M\u2019gladbach \u2013 Bayer Leverkusen (18.30 Uhr)<\/strong><\/em><\/p>\n\n\n\n<ul class=\"wp-block-list\"><li>Sky: Kai Dittmann<\/li><\/ul>\n\n\n\n<p>Moderation (Sky): Sebastian Hellmann, Experte: Lothar Matth\u00e4us<\/p>\n\n\n\n<p>Sonntag, 26.&nbsp;August 2018 ab 14.30 Uhr (Sky)<\/p>\n\n\n\n<p><em><strong>1. FSV Mainz 05 \u2013 VfB Stuttgart (15.30 Uhr)<\/strong><\/em><\/p>\n\n\n\n<ul class=\"wp-block-list\"><li>Sky: Marcus Lindemann<\/li><\/ul>\n\n\n\n<p>ab 17.30 Uhr (Sky)<\/p>\n\n\n\n<p><em><strong>Borussia Dortmund \u2013 RB Leipzig (18.00 Uhr)<\/strong><\/em><\/p>\n\n\n\n<ul class=\"wp-block-list\"><li>Sky: Wolff Fuss<\/li><\/ul>\n\n\n\n<p>Moderation (Sky): Michael Leopold, Experte: Dietmar Hamann<\/p>\n\n\n\n<hr class=\"wp-block-separator\"\/>\n\n\n\n<p><em><strong>2. Bundesliga, 3. Spieltag&nbsp;<\/strong><\/em><\/p>\n\n\n\n<p>Freitag, 24. August 2018 ab 18.00 Uhr (Sky)<\/p>\n\n\n\n<p><em><strong>SV Darmstadt 98 \u2013 MSV Duisburg (18.30 Uhr)<\/strong><\/em><\/p>\n\n\n\n<ul class=\"wp-block-list\"><li>Sky: Heiko Mallwitz (Einzelspiel), Martin Gro\u00df (Konferenz)<\/li><\/ul>\n\n\n\n<p><em><strong>VfL Bochum \u2013 SV Sandhausen (18.30 Uhr)<\/strong><\/em><\/p>\n\n\n\n<ul class=\"wp-block-list\"><li>Sky: J\u00fcrgen Schmitz (Einzelspiel), Sascha Roos (Konferenz)<\/li><\/ul>\n\n\n\n<p>Moderation (Sky): Stefan Hempel<\/p>\n\n\n\n<p>Samstag, 25.&nbsp;August 2018 ab 12.30 Uhr (Sky)<\/p>\n\n\n\n<p><em><strong>1. FC K\u00f6ln \u2013 Erzgebirge Aue (13.00 Uhr)<\/strong><\/em><\/p>\n\n\n\n<ul class=\"wp-block-list\"><li>Sky: Uli Potofski (Einzelspiel), Klaus Veltmann (Konferenz)<\/li><\/ul>\n\n\n\n<p><em><strong>1. FC Magdeburg \u2013 FC Ingolstadt (13.00 Uhr)<\/strong><\/em><\/p>\n\n\n\n<ul class=\"wp-block-list\"><li>Sky: Heiko Mallwitz (Einzelspiel), Holger Pfandt (Konferenz)<\/li><\/ul>\n\n\n\n<p><em><strong>SpVgg Greuther F\u00fcrth \u2013 SC Paderborn 07 (13.00 Uhr)<\/strong><\/em><\/p>\n\n\n\n<ul class=\"wp-block-list\"><li>Sky: Markus Gaupp (Einzelspiel), J\u00f6rg Dahlmann (Konferenz)<\/li><\/ul>\n\n\n\n<p>Moderation (Sky): Peter Hardenacke<\/p>\n\n\n\n<p>Sonntag, 26. August 2018 ab 13.00 Uhr (Sky)<\/p>\n\n\n\n<p><em><strong>1. FC Union Berlin \u2013 FC St. Pauli (13.30 Uhr)<\/strong><\/em><\/p>\n\n\n\n<ul class=\"wp-block-list\"><li>Sky: Hansi K\u00fcpper (Einzelspiel), Klaus Veltman (Konferenz)<\/li><\/ul>\n\n\n\n<p><em><strong>Dynamo Dresden \u2013 1. FC&nbsp;Heidenheim (13.30 Uhr)<\/strong><\/em><\/p>\n\n\n\n<ul class=\"wp-block-list\"><li>Sky: Torsten Kunde (Einzelspiel), J\u00f6rg Dahlmann (Konferenz)<\/li><\/ul>\n\n\n\n<p><em><strong>Jahn Regensburg \u2013 Holstein Kiel (13.30 Uhr)<\/strong><\/em><\/p>\n\n\n\n<ul class=\"wp-block-list\"><li>Sky: Toni Tomic (Einzelspiel), Holger Pfandt (Konferenz)<\/li><\/ul>\n\n\n\n<p>Moderation (Sky): Hartmut von Kameke<\/p>\n\n\n\n<p>Montag, 30. April&nbsp;2018 ab 20.15 Uhr (Sky)<\/p>\n\n\n\n<p><em><strong>Hamburger SV \u2013 Arminia Bielefeld (20.30 Uhr)<\/strong><\/em><\/p>\n\n\n\n<ul class=\"wp-block-list\"><li>Sky: Oliver Seidler<\/li><\/ul>\n\n\n\n<p>Moderation (Sky): Yannik Erkenbrecher<\/p>\n\n\n\n<hr class=\"wp-block-separator\"\/>\n\n\n\n<p><em><strong>3. Liga, 36. Spieltag<\/strong><\/em><\/p>\n\n\n\n<p>Freitag, 24.&nbsp;August 2018 ab 18.30 Uhr (Telekom Sport)<\/p>\n\n\n\n<p><em><strong>KFC Uerdingen \u2013 Sonnenhof Gro\u00dfaspach (19.00 Uhr)<\/strong><\/em><\/p>\n\n\n\n<ul class=\"wp-block-list\"><li>Telekom Sport: Robby Hunke<\/li><\/ul>\n\n\n\n<p>Moderation (Telekom Sport): Cedric Pick, Experte: Peter Vollmann<\/p>\n\n\n\n<p>Samstag, 25.&nbsp;August 2018 ab 13.45 Uhr (Telekom Sport)<\/p>\n\n\n\n<p><em><strong>VfR Aalen \u2013 TSV 1860 M\u00fcnchen (14.00 Uhr)<\/strong><\/em><\/p>\n\n\n\n<ul class=\"wp-block-list\"><li>Telekom Sport: Alexander Kunz<\/li><\/ul>\n\n\n\n<p>Moderation (Telekom Sport): Sascha Bandermann<\/p>\n\n\n\n<p><em><strong>SV Wehen Wiesbaden \u2013 SpVgg Unterhaching (14.00 Uhr)<\/strong><\/em><\/p>\n\n\n\n<ul class=\"wp-block-list\"><li>Telekom Sport: S\u00f6nke Sievers<\/li><\/ul>\n\n\n\n<p>Moderation (Telekom Sport): Nele Schenker<\/p>\n\n\n\n<p><em><strong>Energie Cottbus \u2013 SV Meppen (14.00 Uhr)<\/strong><\/em><\/p>\n\n\n\n<ul class=\"wp-block-list\"><li>Telekom Sport: Lenny Leonhardt<\/li><\/ul>\n\n\n\n<p>Moderation (Telekom Sport): Stefanie Blochwitz<\/p>\n\n\n\n<p>ab ca. 13.45 Uhr (Telekom Sport) &amp; ab ca. 14.00 Uhr (NDR,WDR, SWR, BR)<\/p>\n\n\n\n<p><em><strong>VfL Osnabr\u00fcck \u2013 SC Preu\u00dfen M\u00fcnster (14.05 Uhr)<\/strong><\/em><\/p>\n\n\n\n<ul class=\"wp-block-list\"><li>NDR: ??? WDR: ???<\/li><li>Telekom Sport: Markus H\u00f6hner<\/li><\/ul>\n\n\n\n<p>Moderation (NDR, WDR): ???<\/p>\n\n\n\n<p>Moderation (Telekom Sport): Holger Speckhahn<\/p>\n\n\n\n<p><em><strong>1. FC Kaiserslautern \u2013 Karlsruher SC (14.05 Uhr)<\/strong><\/em><\/p>\n\n\n\n<ul class=\"wp-block-list\"><li>SWR: Florian Winkler<\/li><li>Telekom Sport: Alexander Klich<\/li><\/ul>\n\n\n\n<p>Moderation (SWR): ???<\/p>\n\n\n\n<p>Moderation (Telekom Sport): Thomas Wagner<\/p>\n\n\n\n<p><em><strong>FC Hansa Rostock \u2013 W\u00fcrzburger Kickers (14.05 Uhr)<\/strong><\/em><\/p>\n\n\n\n<ul class=\"wp-block-list\"><li>BR:&nbsp;Florian Eckl<\/li><li>Telekom Sport: Andreas Mann<\/li><\/ul>\n\n\n\n<p>Moderation (BR):&nbsp;Charly&nbsp;Hilpert<\/p>\n\n\n\n<p>Moderation (Telekom Sport): Anett Sattler<\/p>\n\n\n\n<p>Sonntag, 26. August 2018, ab 12.45 Uhr (Telekom Sport)<\/p>\n\n\n\n<p><em><strong>Sportfreunde Lotte \u2013 Hallescher FC (13.00 Uhr)<\/strong><\/em><\/p>\n\n\n\n<ul class=\"wp-block-list\"><li>Telekom Sport: Markus H\u00f6hner<\/li><\/ul>\n\n\n\n<p>Moderation (Telekom Sport): Thomas Wagner<\/p>\n\n\n\n<p>ab 13.45 Uhr (Telekom Sport)<\/p>\n\n\n\n<p><em><strong>Eintracht Braunschweig \u2013 Fortuna K\u00f6ln (14.00 Uhr)<\/strong><\/em><\/p>\n\n\n\n<ul class=\"wp-block-list\"><li>Telekom Sport: Markus Herwig<\/li><\/ul>\n\n\n\n<p>Moderation (Telekom Sport): Cedric Pick<\/p>\n\n\n\n<p>Montag, 27. August 2018, ab 18.45 Uhr (Telekom Sport)<\/p>\n\n\n\n<p><em><strong>Carl Zeiss Jena \u2013 FSV Zwickau (19.00 Uhr)<\/strong><\/em><\/p>\n\n\n\n<ul class=\"wp-block-list\"><li>Telekom Sport: Alexander K\u00fcpper<\/li><\/ul>\n\n\n\n<p>Moderation (Telekom Sport): Gari Paubandt<\/p>\n\n\n\n<hr class=\"wp-block-separator\"\/>\n\n\n\n<p><em><strong>Sonstiger Fu\u00dfball National<\/strong><\/em><\/p>\n\n\n\n<p>Sonntag, 26. August 2018, ab 14.55 Uhr (Sport1)<\/p>\n\n\n\n<p>Regionalliga S\u00fcdwest, 6. Spieltag:&nbsp;<em><strong>1.FC Saarbr\u00fccken \u2013 Waldhof Mannheim (15.00 Uhr)<\/strong><\/em><\/p>\n\n\n\n<ul class=\"wp-block-list\"><li>Sport1: Oliver Forster<\/li><\/ul>\n\n\n\n<p>Regionalliga Nord, 6. Spieltag:&nbsp;<em><strong>L\u00fcneburger SK \u2013 VfL Oldenburg (17.00 Uhr)<\/strong><\/em><\/p>\n\n\n\n<ul class=\"wp-block-list\"><li>Sport1: Thomas Herrmann<\/li><\/ul>\n\n\n\n<p>Moderation (Sport1): Nele Schenker<\/p>\n\n\n\n<hr class=\"wp-block-separator\"\/>\n\n\n\n<p><em><strong>Fu\u00dfball International<\/strong><\/em><\/p>\n\n\n\n<p>Freitag, 24.&nbsp;August 2018<\/p>\n\n\n\n<p>Fortuna Liga, 6. Spieltag:&nbsp;<em><strong>Bohemians \u2013 Sparta Prag (18.30&nbsp;<\/strong><strong>Uhr)<\/strong><\/em><\/p>\n\n\n\n<ul class=\"wp-block-list\"><li>sportdigital: J\u00f6rg Steiger<\/li><\/ul>\n\n\n\n<p>Ligue 1, 3. Spieltag:&nbsp;<em><strong>Olympique Lyon \u2013 RC Stra\u00dfburg (20.45 Uhr)<\/strong><\/em><\/p>\n\n\n\n<ul class=\"wp-block-list\"><li>Sport1+: Steffen Bohleber<\/li><\/ul>\n\n\n\n<p>Sky Bet Championship, 5. Spieltag:&nbsp;<em><strong>FC Middlesborough \u2013 West Bromwich Albion (20.45 Uhr)<\/strong><\/em><\/p>\n\n\n\n<ul class=\"wp-block-list\"><li>sportdigital: Ulf Kahmke<\/li><\/ul>\n\n\n\n<p>Samstag, 25.&nbsp;August 2018<\/p>\n\n\n\n<p>Chinese Super League, 20. Spieltag:&nbsp;<em><strong>Shandong Lueng \u2013 Guangzhou Evergrande (13.30 Uhr)<\/strong><\/em><\/p>\n\n\n\n<ul class=\"wp-block-list\"><li>sportdigital: J\u00f6rg Steiger<\/li><\/ul>\n\n\n\n<p>Sky Bet Championship, 5. Spieltag:&nbsp;<em><strong>Nottingham Forest \u2013 Birmimgham City (16.00 Uhr)<\/strong><\/em><\/p>\n\n\n\n<ul class=\"wp-block-list\"><li>Sport1+: ???<\/li><\/ul>\n\n\n\n<p>Sky Bet Championship, 5. Spieltag:&nbsp;<em><strong>Norwich City \u2013 Leeds United (16.00 Uhr)<\/strong><\/em><\/p>\n\n\n\n<ul class=\"wp-block-list\"><li>Sport1+: Ulf Kahmke<\/li><\/ul>\n\n\n\n<p>Eredivisie, 3. Spieltag:&nbsp;<em><strong>Ajax Amsterdam \u2013 FC Emmen (18.30 Uhr\/nur 1. Halbzeit)<\/strong><\/em><\/p>\n\n\n\n<ul class=\"wp-block-list\"><li>sportdigital: Christian Blunck<\/li><\/ul>\n\n\n\n<p>Liga NOS, 3. Spieltag:&nbsp;<em><strong>Benfica Lissabon \u2013 Sporting Lissabon (20.00&nbsp;<\/strong><\/em><em><strong>Uhr)<\/strong><\/em><\/p>\n\n\n\n<ul class=\"wp-block-list\"><li>sportdigital: Karsten Linke<\/li><\/ul>\n\n\n\n<p>Campeonato Brasileiro, 21. Spieltag:&nbsp;<strong>FC Santos&nbsp;<em><strong>\u2013&nbsp;<\/strong><\/em>EC Bahia<\/strong><em><strong>&nbsp;(21.00&nbsp;<\/strong><strong>Uhr)<\/strong><\/em><\/p>\n\n\n\n<ul class=\"wp-block-list\"><li>Sport1+: Steffen Bohleber<\/li><\/ul>\n\n\n\n<p>Liga NOS, 3. Spieltag:&nbsp;<em><strong>FC Porto<\/strong><strong>&nbsp;\u2013 Vitoria Guimares (22.00&nbsp;<\/strong><\/em><em><strong>Uhr)<\/strong><\/em><\/p>\n\n\n\n<ul class=\"wp-block-list\"><li>sportdigital: J\u00f6rg Steiger<\/li><\/ul>\n\n\n\n<p>Sonntag, 26. August<\/p>\n\n\n\n<p>Eredivisie, 3. Spieltag:&nbsp;<em><strong>SC Heerenveen \u2013 Feyenord Rotterdam (14.30 Uhr)<\/strong><\/em><\/p>\n\n\n\n<ul class=\"wp-block-list\"><li>sportdigital: Hannes Herrmann<\/li><\/ul>\n\n\n\n<p>Ligue 1, 3. Spieltag:&nbsp;<em><strong>Girondins Bordeaux \u2013 AS Monaco (17.00 Uhr)<\/strong><\/em><\/p>\n\n\n\n<ul class=\"wp-block-list\"><li>Sport1+: Lukas Stauss<\/li><\/ul>\n\n\n\n<p>Serie A, 2. Spieltag:&nbsp;<em><strong>AC Florenz \u2013 AC Chievo Verona&nbsp;<\/strong><\/em><em><strong>(20.30 Uhr)<\/strong><\/em><\/p>\n\n\n\n<ul class=\"wp-block-list\"><li>Sport1+: Sebastian Bernsdorff<\/li><\/ul>\n\n\n\n<p>Montag, 27.&nbsp;August 2018<\/p>\n\n\n\n<p>Superliga Argentinia, 3. Spieltag:&nbsp;<strong><em><strong>CA Huracan \u2013 Boca Juniors (01.00&nbsp;<\/strong><\/em><\/strong><em><strong>Uhr)<\/strong><\/em><\/p>\n\n\n\n<ul class=\"wp-block-list\"><li>sportdigital: J\u00f6rg Steiger<\/li><\/ul>\n\n\n\n<p><strong>DAZN<\/strong><\/p>\n\n\n\n<ul class=\"wp-block-list\"><li><a href=\"https:\/\/web.archive.org\/web\/20180828085548\/http:\/\/www.spox.com\/de\/sport\/fussball\/international\/england\/livestream\/premier-league-programm-dazn.html\" target=\"_blank\" rel=\"noreferrer noopener\">Premier-League-Ansetzungen<\/a><\/li><li><a href=\"https:\/\/web.archive.org\/web\/20180828085548\/http:\/\/www.spox.com\/de\/sport\/fussball\/international\/spanien\/livestream\/primera-division-programm-la-liga-dazn.html\" target=\"_blank\" rel=\"noreferrer noopener\">Primera-Division-Ansetzungen<\/a><\/li><li><a href=\"https:\/\/web.archive.org\/web\/20180828085548\/http:\/\/www.spox.com\/de\/sport\/fussball\/international\/italien\/livestream\/serie-a-programm-dazn.html\" target=\"_blank\" rel=\"noreferrer noopener\">Serie-A-Ansetzungen<\/a><\/li><li><a href=\"https:\/\/web.archive.org\/web\/20180828085548\/http:\/\/www.spox.com\/de\/sport\/fussball\/international\/frankreich\/livestream\/ligue-1-programm-dazn.html\" target=\"_blank\" rel=\"noreferrer noopener\">Ligue-1-Ansetzungen<\/a><\/li><\/ul>\n\n\n\n<hr class=\"wp-block-separator\"\/>\n\n\n\n<p><strong>Talk und Show<\/strong><\/p>\n\n\n\n<p>Samstag, 25. August 2018, 23 Uhr (ZDF)<br>Das aktuelle Sportstudio<br><strong>G\u00e4ste: Friedhelm Funkel (Fortuna D\u00fcsseldorf)<\/strong><\/p>\n\n\n\n<p>Sonntag, 26. August 2018, 10.45 Uhr (Sky)<br>Wontorra \u2013 Der Fu\u00dfball-Talk<br><strong>G\u00e4ste: Marco Bode (Werder Bremen)<\/strong><\/p>\n\n\n\n<p>Sonntag, 26. August 2018, 11 Uhr (sport1)<br>sport1-Doppelpass<br><strong>G\u00e4ste:<\/strong>&nbsp;<strong>Stefan Effenberg, Reinhold Beckmann,&nbsp;Friedhelm Funkel (Fortuna D\u00fcsseldorf), Robert Peters (Rheinische Post), Christian Falk (Sportbild), Mounir Zitouni (kicker)<\/strong><\/p>\n\n\n\n<p>Sonntag, 26. August 2018, 10.45 Uhr (Sky)<br>Sky 90<br><strong>G\u00e4ste:<\/strong>&nbsp;<strong>Didi Hamann<\/strong><\/p>\n\n\n\n<hr class=\"wp-block-separator\"\/>\n\n\n\n<p><em>Die<\/em><em>&nbsp;aufgef\u00fchrten Ansetzungen gew\u00e4hren keine Vollst\u00e4ndigkeit. Die Autoren des Kommentatorenblogs behalten es sich vor, TV-\u00dcbertragungen und Livestreams zu ignorieren. Grunds\u00e4tzlich nicht aufgef\u00fchrt werden Ansetzungen ausl\u00e4ndischer Sender.<\/em><\/p>\n\n\n\n<hr class=\"wp-block-separator\"\/>\n\n\n\n<p><em><strong>Die Analyse<\/strong><\/em><\/p>\n\n\n\n<p>B\u00e9la R\u00e9thy startet am Freitag f\u00fcrs ZDF, auch Oliver Kahn gibt sich die Ehre. Eger kommt zu seinem ersten Einsatz f\u00fcr Eurosport, nachdem Matthias Stach den Supercup \u00fcbernommen hatte. Der Weggang von Hagemann ist eine gro\u00dfe Chance f\u00fcr Kommentatoren wie Eger oder Hunke, der n\u00e4chste Woche Freitag in den Bundesligaalltag einsteigen wird.<\/p>\n\n\n\n<p>Nach 3 Monate gef\u00fchlten Dauerurlaub steigt auch Buschi am Wochenende ein. In dem Pokaltagen der einzige Sky-Mann, der nicht im Einsatz war. Wie auch immer er das geschafft hat. Sommerfeld erg\u00e4nzt die Konferenz der erfahrenen Garde mit Fuss, Bayer, Friedrich und besagtem Buschmann. Feine Aufstellung f\u00fcr den ersten Spieltag. an dem Dittmann das Topspiel \u00fcbernimmt. Dritter Topspielkommentator Martin Gro\u00df macht erst am Freitag Zweitligakonferenz und dann geht es ab nach D\u00fcsseldorf. H\u00e4tte man vorher auch nicht drauf gewettet. Doppelt muss auch Wolff Fuss ran, der den Bundesligaspieltag mit Dortmund gegen Leipzig abschlie\u00dft. Dies \u00fcbernimmt in Liga 2 Oliver Seidler, der im Norden beim Spiel der Hamburger bleibt.<\/p>\n\n\n\n<p>Bei Telekom Sport und den Dritten f\u00e4llt kein neue Name ins Auge \u2013 Wagner, H\u00f6hner und Pick&nbsp;fahren jeweils eine Doppelschicht.<\/p>\n\n\n\n<p>Im internationalen Fu\u00dfball ist soviel wie seit langem nicht los, besonders Sportdigital \u00fcbertr\u00e4gt am Wochenende so gut wie alles. Anscheinend kommt es f\u00fcr J\u00f6rg Steiger zu einem vierfachen Einsatz. Wahnsinn! So etwas sehe ich zum ersten Mal.<\/p>\n\n\n\n<p>Friedhelm Funkels Wochenende besteht \u00fcbrigens haupts\u00e4chlich aus dem Besuch von TV-Studios.<\/p>\n\n\n\n<p>Sch\u00f6nes Fu\u00dfballwochenende euch!<\/p>\n","protected":false},"excerpt":{"rendered":"<p>(Beitrag von Leon, Reposted von Nico) N\u2019Abend allerseits! Das Gro\u00dfkampfwochenende DFB-Pokal ist vorbei, schon steht mit dem Start der Bundesliga die n\u00e4chsten vollgepackten Tage vor der T\u00fcr. Ich freu mich trotz der f\u00fcr alle wieder feststehenden Deutschen Meisterschaft der Bayern schon riesig auf die Saison, auch weil ich meinen, zugegebenerma\u00dfen sehr kleinen Teil, zu den [&hellip;]<\/p>\n","protected":false},"author":3,"featured_media":0,"comment_status":"open","ping_status":"open","sticky":false,"template":"","format":"standard","meta":{"footnotes":""},"categories":[424,1],"tags":[],"class_list":["post-7336","post","type-post","status-publish","format-standard","hentry","category-bundesliga-und-co","category-uncategorized"],"_links":{"self":[{"href":"https:\/\/kommentatorenblog.de\/index.php?rest_route=\/wp\/v2\/posts\/7336","targetHints":{"allow":["GET"]}}],"collection":[{"href":"https:\/\/kommentatorenblog.de\/index.php?rest_route=\/wp\/v2\/posts"}],"about":[{"href":"https:\/\/kommentatorenblog.de\/index.php?rest_route=\/wp\/v2\/types\/post"}],"author":[{"embeddable":true,"href":"https:\/\/kommentatorenblog.de\/index.php?rest_route=\/wp\/v2\/users\/3"}],"replies":[{"embeddable":true,"href":"https:\/\/kommentatorenblog.de\/index.php?rest_route=%2Fwp%2Fv2%2Fcomments&post=7336"}],"version-history":[{"count":1,"href":"https:\/\/kommentatorenblog.de\/index.php?rest_route=\/wp\/v2\/posts\/7336\/revisions"}],"predecessor-version":[{"id":7337,"href":"https:\/\/kommentatorenblog.de\/index.php?rest_route=\/wp\/v2\/posts\/7336\/revisions\/7337"}],"wp:attachment":[{"href":"https:\/\/kommentatorenblog.de\/index.php?rest_route=%2Fwp%2Fv2%2Fmedia&parent=7336"}],"wp:term":[{"taxonomy":"category","embeddable":true,"href":"https:\/\/kommentatorenblog.de\/index.php?rest_route=%2Fwp%2Fv2%2Fcategories&post=7336"},{"taxonomy":"post_tag","embeddable":true,"href":"https:\/\/kommentatorenblog.de\/index.php?rest_route=%2Fwp%2Fv2%2Ftags&post=7336"}],"curies":[{"name":"wp","href":"https:\/\/api.w.org\/{rel}","templated":true}]}}