{"id":7344,"date":"2018-05-10T12:07:00","date_gmt":"2018-05-10T11:07:00","guid":{"rendered":"http:\/\/kommentatorenblog.de\/?p=7344"},"modified":"2021-03-07T13:01:36","modified_gmt":"2021-03-07T12:01:36","slug":"kommentatorenblog-954-playoffs-baby","status":"publish","type":"post","link":"https:\/\/kommentatorenblog.de\/?p=7344","title":{"rendered":"[Kommentatorenblog #954] \u2013 Playoffs, Baby!"},"content":{"rendered":"\n<p>(Beitrag von Frederik, reposted von Nico)<\/p>\n\n\n\n<p>N\u2019Abend allerseits!<\/p>\n\n\n\n<p>Zeit f\u00fcr den letzten Spieltag, Zeit f\u00fcr die (fast) allerletzten Entscheidungen in Deutschlands h\u00f6chsten Fu\u00dfballligen. Anderswo, ist nach dem letzten Spieltag noch lange nicht Schluss. Ihr seht es unten im Listing. In Belgien und auf der Insel beispielsweise geht es nach der regul\u00e4ren Runde mit den Playoffs erst so richtig los. In Deutschland zieht man die Saison noch etwas mit Relegationsspielen, die zus\u00e4tzliche Spannung (und zus\u00e4tzlich Einnahmen) bringen sollen. Anderswo dreht man den Drama-Regler noch ein paar Stufen weiter. Wie seht ihr das? Lohnt sich die Playoff-Spannung, um die Titel zu vergeben? Ist das fair? Sollte nicht der Meister werden, der \u00fcber fast ein Jahr die besten Leistungen gibt? Oder sollte es doch lieber der werden, der, wenn es drauf ankommt, in den K.o.-Spielen zu Stelle ist?<\/p>\n\n\n\n<p>Ich wei\u00df nicht, ob ich Playoffs in der Fu\u00dfball-Bundesliga br\u00e4uchte. Im Basketball jedoch sind sie etabliert, und ich bin gro\u00dfer Fan. Gerade ist die BBL in ihre Post-Season gestartet und es gab schon wirklich verr\u00fcckte Playoff-Spiele zwischen Berlin und Oldenburg und spannende Partien zwischen M\u00fcnchen und Frankfurt. Das macht einfach Spa\u00df, wenn alles gegen Ende so zusammenl\u00e4uft und auf die Spitze getrieben wird. Das l\u00e4sst sich wirklich jedes Spiel genie\u00dfen und bei Telekom Sport \u2013 ich wiederhole mich \u2013 auch gut ansehen. Die Playoff-\u00dcbertragungen gewinnen indes nochmal dadurch, dass hochrangige Experten die Moderatoren und Kommentatoren begleiten. In der Serie Bayern vs. Frankfurt war das etwa bereits Nationalmannschafts-Kapit\u00e4n Robin Benzing, ehe in Spiel drei am Samstag Bundestrainer Henrik R\u00f6dl am Start ist.<\/p>\n\n\n\n<p><em><strong>Die Ansetzungen vom 11. Mai 2018 bis zum 14. Mai 2018<\/strong><\/em><\/p>\n\n\n\n<p><em><strong>Bundesliga, 34. Spieltag<\/strong><\/em><\/p>\n\n\n\n<p>Samstag, 12. Mai 2018, ab 13.00 Uhr (Sky)<\/p>\n\n\n\n<p><em><strong>FC Bayern M\u00fcnchen \u2013 VfB Stuttgart (15.30 Uhr)<\/strong><\/em><\/p>\n\n\n\n<ul class=\"wp-block-list\"><li>Sky: Martin Gro\u00df (Einzelspiel), Markus Gaupp (Konferenz)<\/li><\/ul>\n\n\n\n<p><em><strong>1899 Hoffenheim \u2013 Borussia Dortmund (15.30 Uhr)<\/strong><\/em><\/p>\n\n\n\n<ul class=\"wp-block-list\"><li>Sky: Marcus Lindemann (Einzelspiel), Tom Bayer (Konferenz)<\/li><\/ul>\n\n\n\n<p><em><strong>Hamburger SV \u2013 Borussia M\u2019gladbach (15.30 Uhr)<\/strong><\/em><\/p>\n\n\n\n<ul class=\"wp-block-list\"><li>Sky: Kai Dittmann (Einzelspiel), Wolff Fuss (Konferenz)<\/li><\/ul>\n\n\n\n<p><em><strong>VfL Wolfsburg \u2013 1. FC K\u00f6ln (15.30 Uhr)<\/strong><\/em><\/p>\n\n\n\n<ul class=\"wp-block-list\"><li>Sky: Jonas Friedrich (Einzelspiel), Michael Born (Konferenz)<\/li><\/ul>\n\n\n\n<p><em><strong>FC Schalke 04 \u2013 Eintracht Frankfurt (15.30 Uhr)<\/strong><\/em><\/p>\n\n\n\n<ul class=\"wp-block-list\"><li>Sky: Klaus Veltman (Einzelspiel), Frank Buschmann (Konferenz)<\/li><\/ul>\n\n\n\n<p><em><strong>Bayer Leverkusen \u2013 Hannover 96 (15.30 Uhr)<\/strong><\/em><\/p>\n\n\n\n<ul class=\"wp-block-list\"><li>Sky: Sven Haist (Einzelspiel), Roland Evers (Konferenz)<\/li><\/ul>\n\n\n\n<p><em><strong>Hertha BSC \u2013 RB Leipzig (15.30 Uhr)<\/strong><\/em><\/p>\n\n\n\n<ul class=\"wp-block-list\"><li>Sky: Oliver Seidler (Einzelspiel), Toni Tomic (Konferenz)<\/li><\/ul>\n\n\n\n<p><em><strong>SC Freiburg \u2013 FC Augsburg (15.30 Uhr)<\/strong><\/em><\/p>\n\n\n\n<ul class=\"wp-block-list\"><li>Sky: Florian Schmidt-Sommerfeld (Einzelspiel), Holger Pfandt (Konferenz)<\/li><\/ul>\n\n\n\n<p><em><strong>1. FSV Mainz 05 \u2013 Werder Bremen (15.30 Uhr)<\/strong><\/em><\/p>\n\n\n\n<ul class=\"wp-block-list\"><li>Sky: Karsten Petrzika (Einzelspiel), Marcel Meinert (Konferenz)<\/li><\/ul>\n\n\n\n<p>Moderation (Sky): Britta Hofmann &amp; Sebastian Hellmann, Experten: Reiner Calmund, Lothar Matth\u00e4us &amp; Christoph Metzelder<\/p>\n\n\n\n<hr class=\"wp-block-separator\"\/>\n\n\n\n<p><em><strong>2. Bundesliga, 34. Spieltag<\/strong><\/em><\/p>\n\n\n\n<p>Sonntag, 13. Mai 2018, ab 14.30 Uhr (Sky)<\/p>\n\n\n\n<p><em><strong>1. FC N\u00fcrnberg \u2013 Fortuna D\u00fcsseldorf (15.30 Uhr)<\/strong><\/em><\/p>\n\n\n\n<ul class=\"wp-block-list\"><li>Sky: Roland Evers (Einzelspiel), Martin Gro\u00df (Konferenz)<\/li><\/ul>\n\n\n\n<p><em><strong>Holstein Kiel \u2013 Eintracht Braunschweig (15.30 Uhr)<\/strong><\/em><\/p>\n\n\n\n<ul class=\"wp-block-list\"><li>Sky: Michael Born (Einzelspiel), Holger Pfandt (Konferenz)<\/li><\/ul>\n\n\n\n<p><em><strong>SV Darmstadt 98 \u2013 FC Erzgebirge Aue (15.30 Uhr)<\/strong><\/em><\/p>\n\n\n\n<ul class=\"wp-block-list\"><li>Sky: Klaus Veltman (Einzelspiel), J\u00f6rg Dahlmann (Konferenz)<\/li><\/ul>\n\n\n\n<p><em><strong>1. FC Heidenheim \u2013 SpVgg Greuther F\u00fcrth (15.30 Uhr)<\/strong><\/em><\/p>\n\n\n\n<ul class=\"wp-block-list\"><li>Sky: Sven Haist (Einzelspiel), Jonas Friedrich (Konferenz)<\/li><\/ul>\n\n\n\n<p><em><strong>SG Dynamo Dresden \u2013 1. FC Union Berlin (15.30 Uhr)<\/strong><\/em><\/p>\n\n\n\n<ul class=\"wp-block-list\"><li>Sky: Torsten Kunde (Einzelspiel), Marcel Meinert (Konferenz)<\/li><\/ul>\n\n\n\n<p><em><strong>DSC Arminia Bielefeld \u2013 SV Sandhausen (15.30 Uhr)<\/strong><\/em><\/p>\n\n\n\n<ul class=\"wp-block-list\"><li>Sky: Christina Graf (Einzelspiel), Andreas Renner (Konferenz)<\/li><\/ul>\n\n\n\n<p><em><strong>FC Ingolstadt 04 \u2013 1. FC Kaiserslautern (15.30 Uhr)<\/strong><\/em><\/p>\n\n\n\n<ul class=\"wp-block-list\"><li>Sky: Jaron Steiner (Einzelspiel), Sven Schr\u00f6ter (Konferenz)<\/li><\/ul>\n\n\n\n<p><em><strong>MSV Duisburg \u2013 FC St. Pauli (15.30 Uhr)<\/strong><\/em><\/p>\n\n\n\n<ul class=\"wp-block-list\"><li>Sky: Ulli Potofski (Einzelspiel), Toni Tomic (Konferenz)<\/li><\/ul>\n\n\n\n<p><em><strong>VfL Bochum \u2013 SSV Jahn Regensburg (15.30 Uhr)<\/strong><\/em><\/p>\n\n\n\n<ul class=\"wp-block-list\"><li>Sky: J\u00fcrgen Schmitz (Einzelspiel), Markus Gaupp (Konferenz)<\/li><\/ul>\n\n\n\n<p>Moderation (Sky): Yannick Erkenbrecher<\/p>\n\n\n\n<hr class=\"wp-block-separator\"\/>\n\n\n\n<p><em><strong>3. Liga, 38. Spieltag<\/strong><\/em><\/p>\n\n\n\n<p>Samstag, 12. Mai 2018, ab 13.15 Uhr (Telekom Sport, MDR) bzw. 13.20 Uhr (SWR) bzw. 13.30 Uhr (WDR)<\/p>\n\n\n\n<p><em><strong>Sportfreunde Lotte \u2013 1. FC Magdeburg (13.30 Uhr)<\/strong><\/em><\/p>\n\n\n\n<ul class=\"wp-block-list\"><li>Telekom Sport: Franz B\u00fcchner<\/li><li>MDR: Torsten P\u00fcschel<\/li><\/ul>\n\n\n\n<p>Moderation (MDR): Stephanie M\u00fcller-Spirra<\/p>\n\n\n\n<p><em><strong>Fortuna K\u00f6ln \u2013 SC Paderborn 07 (13.30 Uhr)<\/strong><\/em><\/p>\n\n\n\n<ul class=\"wp-block-list\"><li>Telekom Sport: Martin Piller<\/li><li>WDR: ???<\/li><\/ul>\n\n\n\n<p>Moderation (WDR): ???<\/p>\n\n\n\n<p><em><strong>Karlsruher SC \u2013 FC Carl Zeiss Jena (13.30 Uhr)<\/strong><\/em><\/p>\n\n\n\n<ul class=\"wp-block-list\"><li>Telekom Sport: Alexander Kunz<\/li><li>SWR: Stefan Kiss<\/li><\/ul>\n\n\n\n<p>Moderation (SWR): Jens Ottmann<\/p>\n\n\n\n<p><em><strong>SpVgg Unterhaching \u2013 VfL Osnabr\u00fcck (13.30 Uhr)<\/strong><\/em><\/p>\n\n\n\n<ul class=\"wp-block-list\"><li>Telekom Sport: Gari Paubandt<\/li><\/ul>\n\n\n\n<p>Moderation (Telekom Sport): Nele Schenker<\/p>\n\n\n\n<p><em><strong>SV Wehen Wiesbaden \u2013 VfR Aalen (13.30 Uhr)<\/strong><\/em><\/p>\n\n\n\n<ul class=\"wp-block-list\"><li>Telekom Sport: Alexander Klich<\/li><\/ul>\n\n\n\n<p>Moderation (Telekom Sport): Thomas Wagner; Experte: Joe Enochs<\/p>\n\n\n\n<p><em><strong>Hallescher FC \u2013 FSV Zwickau (13.30 Uhr)<\/strong><\/em><\/p>\n\n\n\n<ul class=\"wp-block-list\"><li>Telekom Sport: Andreas Mann<\/li><\/ul>\n\n\n\n<p><em><strong>Chemnitzer FC \u2013 FC Hansa Rostock (13.30 Uhr)<\/strong><\/em><\/p>\n\n\n\n<ul class=\"wp-block-list\"><li>Telekom Sport: Leonhardt ???<\/li><\/ul>\n\n\n\n<p>Moderation (Telekom Sport): Anett Sattler<\/p>\n\n\n\n<p><em><strong>SG Sonnehof Gro\u00dfaspach \u2013 SC Preu\u00dfen M\u00fcnster (13.30 Uhr)<\/strong><\/em><\/p>\n\n\n\n<ul class=\"wp-block-list\"><li>Telekom Sport: Mario Bast<\/li><\/ul>\n\n\n\n<p>Moderation (Telekom Sport): Markus H\u00f6hner<\/p>\n\n\n\n<p><em><strong>Rot-Wei\u00df Erfurt \u2013 FC W\u00fcrzburger Kickers (13.30 Uhr)<\/strong><\/em><\/p>\n\n\n\n<ul class=\"wp-block-list\"><li>Telekom Sport: S\u00f6nke Sievers<\/li><\/ul>\n\n\n\n<p>Moderation (Telekom Sport): Konstantin Klostermann<\/p>\n\n\n\n<p><em><strong>SV Werder Bremen II \u2013 SV Meppen (13.30 Uhr)<\/strong><\/em><\/p>\n\n\n\n<ul class=\"wp-block-list\"><li>Telekom Sport: Jan Neumann<\/li><\/ul>\n\n\n\n<hr class=\"wp-block-separator\"\/>\n\n\n\n<p><em><strong>Sonstiger Fu\u00dfball National<\/strong><\/em><\/p>\n\n\n\n<p>Samstag, 12. Mai 2018, ab 14.00 Uhr (BR)<\/p>\n\n\n\n<p>Regionalliga Bayern, 38. Spieltag:&nbsp;<em><strong>SpVgg Bayreuth \u2013 TSV 1860 M\u00fcnchen (15.30 Uhr)<\/strong><\/em><\/p>\n\n\n\n<ul class=\"wp-block-list\"><li>BR: ???<\/li><\/ul>\n\n\n\n<p>Moderation (BR): Dominik Vischer<\/p>\n\n\n\n<hr class=\"wp-block-separator\"\/>\n\n\n\n<p><em><strong>Fu\u00dfball International<\/strong><\/em><\/p>\n\n\n\n<p>Freitag, 11. Mai 2018<\/p>\n\n\n\n<p>Chinese Super League, 10. Spieltag:&nbsp;<em><strong>Beijing Sinobo Guoan \u2013 Guangzhou RF (ca. 13.35&nbsp;<\/strong><strong>Uhr)<\/strong><\/em><\/p>\n\n\n\n<ul class=\"wp-block-list\"><li>sportdigital: Karsten Linke<\/li><\/ul>\n\n\n\n<p>Sky Bet Championship, Halbfinale, Hinspiel:&nbsp;<em><strong>Derby County \u2013 FC Fulham (20.45&nbsp;<\/strong><strong>Uhr)<\/strong><\/em><\/p>\n\n\n\n<ul class=\"wp-block-list\"><li>sportdigital: Karsten Linke<\/li><\/ul>\n\n\n\n<p>Samstag, 12. Mai 2018<\/p>\n\n\n\n<p>Chinese Super League, 10. Spieltag:&nbsp;<em><strong>Tianjin Quanjian Shandong \u2013 Luneng Taishan (ca. 13.35&nbsp;<\/strong><strong>Uhr)<\/strong><\/em><\/p>\n\n\n\n<ul class=\"wp-block-list\"><li>sportdigital: Hannes Herrmann<\/li><\/ul>\n\n\n\n<p>Sky Bet Championship, Halbfinale, Hinspiel:&nbsp;<em><strong>FC Middlesbrough \u2013 Aston Villa (18.15&nbsp;<\/strong><strong>Uhr)<\/strong><\/em><\/p>\n\n\n\n<ul class=\"wp-block-list\"><li>sportdigital: J\u00f6rg Steiger<\/li><\/ul>\n\n\n\n<p>Ligue 1, 37. Spieltag:&nbsp;<em><strong>AS Monaco \u2013 AS St.-Etienne (21.00&nbsp;<\/strong><strong>Uhr)<\/strong><\/em><\/p>\n\n\n\n<ul class=\"wp-block-list\"><li>Sport1+: ???<\/li><\/ul>\n\n\n\n<p>Sonntag, 13. Mai 2018<\/p>\n\n\n\n<p>Premjer Liga, 30. Spieltag:&nbsp;<em><strong>Spartak Moskau \u2013 Dinamo Moskau (13.00&nbsp;<\/strong><strong>Uhr)<\/strong><\/em><\/p>\n\n\n\n<ul class=\"wp-block-list\"><li>sportdigital: Hannes Herrmann<\/li><\/ul>\n\n\n\n<p>Scottish Premiership, Play-offs, 5. Spieltag:&nbsp;<em><strong>FC Hibernian \u2013 Glasgow Rangers (13.30&nbsp;<\/strong><\/em><em><strong>Uhr)<\/strong><\/em><\/p>\n\n\n\n<ul class=\"wp-block-list\"><li>Sport1+: ???<\/li><\/ul>\n\n\n\n<p>Serie A, 37. Spieltag:&nbsp;<em><strong>FC Crotone \u2013 Lazio Rom&nbsp;<\/strong><\/em><em><strong>(15.00 Uhr\/Live-Einstieg ca. 15.25 Uhr)<\/strong><\/em><\/p>\n\n\n\n<ul class=\"wp-block-list\"><li>Sport1+: ???<\/li><\/ul>\n\n\n\n<p>Jupiler Pro League, Play-offs, 9. Spieltag:&nbsp;<strong><em><strong>Standard L\u00fcttich \u2013 FC Br\u00fcgge (18.00&nbsp;<\/strong><\/em><\/strong><em><strong>Uhr)<\/strong><\/em><\/p>\n\n\n\n<ul class=\"wp-block-list\"><li>Sport1+: ???<\/li><\/ul>\n\n\n\n<p>Liga NOS, 34. Spieltag:&nbsp;<em><strong>Benfica Lissabon \u2013 Moreirense FC (19.00 Uhr)<\/strong><\/em><\/p>\n\n\n\n<ul class=\"wp-block-list\"><li>Sportdigital: Christian Blunck<\/li><\/ul>\n\n\n\n<p>Campeonato Brasileiro, 5. Spieltag:&nbsp;<strong><em><strong>SC Corinthians \u2013 SE Palmeiras (21.00&nbsp;<\/strong><\/em><\/strong><em><strong>Uhr)<\/strong><\/em><\/p>\n\n\n\n<ul class=\"wp-block-list\"><li>Sport1+: ???<\/li><\/ul>\n\n\n\n<p>MLS, 11. Spieltag:&nbsp;<em><strong>Portland Timbers \u2013 Seattle Sounders (22.05 Uhr)<\/strong><\/em><\/p>\n\n\n\n<ul class=\"wp-block-list\"><li>Eurosport 2: Ralf Itzel<\/li><\/ul>\n\n\n\n<p>Montag, 14. Mai 2018<\/p>\n\n\n\n<p>Sky Bet Championship, Halbfinale, R\u00fcckspiel:&nbsp;<em><strong>FC Fulham \u2013 Derby County (20.45 Uhr)<\/strong><\/em><\/p>\n\n\n\n<ul class=\"wp-block-list\"><li>Sportdigital: ???<\/li><\/ul>\n\n\n\n<p><strong>DAZN<\/strong><\/p>\n\n\n\n<ul class=\"wp-block-list\"><li><a href=\"https:\/\/web.archive.org\/web\/20180531111114\/http:\/\/www.spox.com\/de\/sport\/fussball\/international\/england\/livestream\/premier-league-programm-dazn.html\" target=\"_blank\" rel=\"noreferrer noopener\">Premier-League-Ansetzungen<\/a><\/li><li><a href=\"https:\/\/web.archive.org\/web\/20180531111114\/http:\/\/www.spox.com\/de\/sport\/fussball\/international\/spanien\/livestream\/primera-division-programm-la-liga-dazn.html\" target=\"_blank\" rel=\"noreferrer noopener\">Primera-Division-Ansetzungen<\/a><\/li><li><a href=\"https:\/\/web.archive.org\/web\/20180531111114\/http:\/\/www.spox.com\/de\/sport\/fussball\/international\/italien\/livestream\/serie-a-programm-dazn.html\" target=\"_blank\" rel=\"noreferrer noopener\">Serie-A-Ansetzungen<\/a><\/li><li><a href=\"https:\/\/web.archive.org\/web\/20180531111114\/http:\/\/www.spox.com\/de\/sport\/fussball\/international\/frankreich\/livestream\/ligue-1-programm-dazn.html\" target=\"_blank\" rel=\"noreferrer noopener\">Ligue-1-Ansetzungen<\/a><\/li><\/ul>\n\n\n\n<hr class=\"wp-block-separator\"\/>\n\n\n\n<p><em><strong>UEFA U17-Europameisterschaft, Vorrunde &amp; Viertelfinale<\/strong><\/em><\/p>\n\n\n\n<p>Freitag, 11. Mai 2018, ab 19.55 Uhr (Sport1)<\/p>\n\n\n\n<p><em><strong>Spanien \u2013 Deutschland (20.00 Uhr)<\/strong><\/em><\/p>\n\n\n\n<ul class=\"wp-block-list\"><li>Sport1: Oliver F\u00f6rster<\/li><\/ul>\n\n\n\n<p>Montag, 14. Mai 2018, ab 14.00 Uhr (Sport1)<\/p>\n\n\n\n<p><em><strong>Viertelfinale (14.00 Uhr)<\/strong><\/em><\/p>\n\n\n\n<ul class=\"wp-block-list\"><li>Sport1: Franz B\u00fcchner<\/li><\/ul>\n\n\n\n<p>ab 19.55 Uhr (Sport1+)<\/p>\n\n\n\n<p><em><strong>Viertelfinale (20.00 Uhr)<\/strong><\/em><\/p>\n\n\n\n<ul class=\"wp-block-list\"><li>Sport1+: ???<\/li><\/ul>\n\n\n\n<hr class=\"wp-block-separator\"\/>\n\n\n\n<p><em><strong>Allianz Frauen-Bundesliga, 20. Spieltag<\/strong><\/em><\/p>\n\n\n\n<p>Sonntag, 13. Mai 2018, ab 14.00 Uhr (Telekom Sport)<\/p>\n\n\n\n<p><em><strong>VfL Wolfsburg \u2013 SGS Essen (14.05 Uhr)<\/strong><\/em><\/p>\n\n\n\n<ul class=\"wp-block-list\"><li>Telekom Sport: Alexander Kunz<\/li><li>Sport1: Christoph Fetzer (Live-Einstieg um ca. 15.00 Uhr)<\/li><\/ul>\n\n\n\n<p>ab 16.00 Uhr (Telekom Sport)<\/p>\n\n\n\n<p><em><strong>SV Werder Bremen \u2013 FC Bayern M\u00fcnchen (16.05 Uhr)<\/strong><\/em><\/p>\n\n\n\n<ul class=\"wp-block-list\"><li>Telekom Sport: Oskar Heirler<\/li><\/ul>\n\n\n\n<hr class=\"wp-block-separator\"\/>\n\n\n\n<p><em>Die<\/em><em>&nbsp;aufgef\u00fchrten Ansetzungen gew\u00e4hren keine Vollst\u00e4ndigkeit. Die Autoren des Kommentatorenblogs behalten es sich vor, TV-\u00dcbertragungen und Livestreams zu ignorieren. Grunds\u00e4tzlich nicht aufgef\u00fchrt werden Ansetzungen ausl\u00e4ndischer Sender.<\/em><\/p>\n\n\n\n<hr class=\"wp-block-separator\"\/>\n\n\n\n<p><em><strong>Die Analyse<\/strong><\/em><\/p>\n\n\n\n<p>All eyes on Abstiegskampf: Nat\u00fcrlich sind Kai Dittmann und Wolff Fuss beim HSV im Einsatz \u2013 egal wie es ausgeht, sind da die hohen Herren der Hierarchie gefragt. Der dritte im Bunde, Martin Gro\u00df, darf die Meisterfeier der Bayern kommentieren. In der Konferenz kommt Markus Gaupp beim Meister zum Zug, Gl\u00fcckwunsch! Hochrangige Ansetzungen entsprechend nat\u00fcrlich auch in Wolfsburg mit Friedrich und Born. Klassiche Westbesetzung beim Duell um die Geld in Hoffenheim mit Lindemann und Bayern, um die Frankfurter Europa-Ambitionen k\u00fcmmern sich Klaus Veltman mit kurzer Anreise und Frank Buschmann. Dazu darf Sven Haist nochmal im Oberhaus ran und \u00fcberraschen reist Karsten Petrzika nach Mainz.<\/p>\n\n\n\n<p>Die Entsch\u00e4digung f\u00fcr Roland Evers hei\u00dft N\u00fcrnberg vs. D\u00fcsseldorf: Er kommentiert das Spiel um die Meisterschaft einzeln. Sogar Martin Gro\u00df ist hier f\u00fcr die Konferenz eingeteilt. Der gef\u00fchlte Rest der Belegschaft k\u00fcmmert sich um dem Abstiegskampf. Sven Haist und Michael Born sind die einzigen beiden mit jeweils einem zweiten Einzelspiel.<\/p>\n\n\n\n<p>Alles entschieden ist derweil in der Dritten Liga \u2013 fast alles. Auch hier steht die Frage nach dem Titel noch aus. Entsprechend nehmen sich auch die Dritten nochmal Magdeburg und Paderborn an. Torsten P\u00fcschel mach f\u00fcr die Mitteldeutschen den Deckel drauf, f\u00fcr den WDR fehlen uns nat\u00fcrlich mal wieder die Ansetzungen. Telekom Sport schickte seine \u201eContainer-Jungs\u201c Franz B\u00fcchner und Martin Piller ins Rennen. Ein letztes Topspiel g\u00f6nnt man indes dem SV Wehen Wiesbaden und dem VfR Aalen mit den Herren Klich, Wagner und Enochs.<br>Letzter Spieltag hei\u00dft auch immer: viele parallele Spiele, viel Personal. Bei Chemnitz vs. Rostock scheint es nochmal einen neuen Kommentator zu geben. Auch Oskar Heirler taucht zum ersten Mal in unserer \u00dcbersicht als Kommentator in der Frauen-Bundesliga auf.<\/p>\n\n\n\n<p>Keine \u00dcberraschungen beim internationalen Fu\u00dfball: Bei sportdigital teilt man sich die Spiele weiter munter auf, Ralf Itzel k\u00fcmmert sich f\u00fcr Eurosport um die MLS.<\/p>\n\n\n\n<p>Euch allen ein sch\u00f6nes Wochenende!<\/p>\n","protected":false},"excerpt":{"rendered":"<p>(Beitrag von Frederik, reposted von Nico) N\u2019Abend allerseits! Zeit f\u00fcr den letzten Spieltag, Zeit f\u00fcr die (fast) allerletzten Entscheidungen in Deutschlands h\u00f6chsten Fu\u00dfballligen. Anderswo, ist nach dem letzten Spieltag noch lange nicht Schluss. Ihr seht es unten im Listing. In Belgien und auf der Insel beispielsweise geht es nach der regul\u00e4ren Runde mit den Playoffs [&hellip;]<\/p>\n","protected":false},"author":1,"featured_media":0,"comment_status":"open","ping_status":"open","sticky":false,"template":"","format":"standard","meta":{"footnotes":""},"categories":[424,1],"tags":[],"class_list":["post-7344","post","type-post","status-publish","format-standard","hentry","category-bundesliga-und-co","category-uncategorized"],"_links":{"self":[{"href":"https:\/\/kommentatorenblog.de\/index.php?rest_route=\/wp\/v2\/posts\/7344","targetHints":{"allow":["GET"]}}],"collection":[{"href":"https:\/\/kommentatorenblog.de\/index.php?rest_route=\/wp\/v2\/posts"}],"about":[{"href":"https:\/\/kommentatorenblog.de\/index.php?rest_route=\/wp\/v2\/types\/post"}],"author":[{"embeddable":true,"href":"https:\/\/kommentatorenblog.de\/index.php?rest_route=\/wp\/v2\/users\/1"}],"replies":[{"embeddable":true,"href":"https:\/\/kommentatorenblog.de\/index.php?rest_route=%2Fwp%2Fv2%2Fcomments&post=7344"}],"version-history":[{"count":1,"href":"https:\/\/kommentatorenblog.de\/index.php?rest_route=\/wp\/v2\/posts\/7344\/revisions"}],"predecessor-version":[{"id":7345,"href":"https:\/\/kommentatorenblog.de\/index.php?rest_route=\/wp\/v2\/posts\/7344\/revisions\/7345"}],"wp:attachment":[{"href":"https:\/\/kommentatorenblog.de\/index.php?rest_route=%2Fwp%2Fv2%2Fmedia&parent=7344"}],"wp:term":[{"taxonomy":"category","embeddable":true,"href":"https:\/\/kommentatorenblog.de\/index.php?rest_route=%2Fwp%2Fv2%2Fcategories&post=7344"},{"taxonomy":"post_tag","embeddable":true,"href":"https:\/\/kommentatorenblog.de\/index.php?rest_route=%2Fwp%2Fv2%2Ftags&post=7344"}],"curies":[{"name":"wp","href":"https:\/\/api.w.org\/{rel}","templated":true}]}}