{"id":7346,"date":"2018-05-03T12:10:00","date_gmt":"2018-05-03T11:10:00","guid":{"rendered":"http:\/\/kommentatorenblog.de\/?p=7346"},"modified":"2021-03-07T13:01:36","modified_gmt":"2021-03-07T12:01:36","slug":"kommentatorenblog-952-von-kufen-und-raedern","status":"publish","type":"post","link":"https:\/\/kommentatorenblog.de\/?p=7346","title":{"rendered":"[Kommentatorenblog #952] \u2013 Von Kufen und R\u00e4dern"},"content":{"rendered":"\n<p>(Beitrag von Dennis, reposted von Nico)<\/p>\n\n\n\n<p>N\u2019Abend allerseits!<\/p>\n\n\n\n<p>Eiszeit sieht zwar, zumindest wenn man die aktuelle Wetterlage betrachtet, etwas anders aus, \u00e4ndert aber nichts an der Tatsache, dass am morgigen Freitag die 82. Eishockey-Weltmeisterschaft beginnt. Dieses Jahr finden die Wettk\u00e4mpfe in den d\u00e4nischen St\u00e4dten Kopenhagen und Herning statt. Nach dem sensationellen Silbermedaillengewinn bei den Olympischen Spielen in S\u00fcdkorea der deutschen Kufencracks ist es auch eine WM, die hierzulande mehr Aufsehen erregt wie die Weltmeisterschaften der vergangenen Jahre, Deutschland bekommt es in der Gruppe mit dem Gastgeber, Kanada, USA und Finnland zu tun. Eine, wie ich finde, sehr knackige Gruppe. Auch wenn viele Teams auf Topstars verzichten m\u00fcssen, da in der NHL, der besten Eishockeyliga der Welt, momentan die Playoffs ausgespielt werden. Wie die Jahre zuvor ist auch dieses Jahr Sport1 der \u00fcbertragende Sender, wie die Jahre zuvor mit dem eingespieltem Trio Basti Schwele, Rick Goldmann und Sascha Bandermann. Auch Peter Kohl, Christoph Fetzer und G\u00fcnter Zapf werden als Kommentatoren im Einsatz sein. Und dann ist da noch der aktuelle \u00dcberflieger: DAZN. Und die Streaming Plattform wird, quasi vollkommen selbstverst\u00e4ndlich, jedes einzelne Spiel der WM zeigen.<\/p>\n\n\n\n<p>Die Formel1 hat am kommendem Wochenende Pause, daf\u00fcr tritt eine andere Rennserie wieder aufs Gas, die DTM. Und die Rennserie wird es ab diesem Jahr auch auf einen anderen Sender zu sehen geben: Bei der ARD wurden die Tourenwagen&nbsp;aus dem Sportportfolio aussortiert, die DTM treibt nun bei Sat1 ihr Unwesen. Moderiert werden die Events von&nbsp;<strong>Matthias Killing und Andrea Kaiser<\/strong>, um das Renngeschehen k\u00fcmmern sich&nbsp;<strong>Edgar Mielke<\/strong>&nbsp;und der Ex-DTM-Fahrer&nbsp;<strong>Timo Scheider.&nbsp;<\/strong>Ein Interview mit Herrn Mielke k\u00f6nnt ihr&nbsp;<a href=\"https:\/\/web.archive.org\/web\/20180602115453\/http:\/\/www.quotenmeter.de\/n\/100641\/dtm-kommentator-eddi-mielke-viel-wird-von-2018-abhaengen\">hier<\/a>&nbsp;lesen.<\/p>\n\n\n\n<p>Die letzten zwei Spieltage in den deutschen Fu\u00dfballligen stehen an. Hei\u00dft: Alle Spiele gleichzeitig! Chaos, Yippie!<\/p>\n\n\n\n<p><em><strong>Die Ansetzungen vom 03. Mai 2018 bis zum 06. Mai 2018<\/strong><\/em><\/p>\n\n\n\n<p><em><strong>Bundesliga, 33. Spieltag<\/strong><\/em><\/p>\n\n\n\n<p>Samstag, 05. Mai 2018 ab 13.00 Uhr (Sky)<\/p>\n\n\n\n<p><em><strong>Borussia Dortmund \u2013 1. FSV Mainz 05 (15.30 Uhr)<\/strong><\/em><\/p>\n\n\n\n<ul class=\"wp-block-list\"><li>Sky: Tom Bayer (Einzelspiel), Frank Buschmann (Konferenz)<\/li><\/ul>\n\n\n\n<p><em><strong>Eintracht Frankfurt \u2013 Hamburger SV (15.30 Uhr)<\/strong><\/em><\/p>\n\n\n\n<ul class=\"wp-block-list\"><li>Sky: Wolff Fuss (Einzelspiel), Kai Dittmann (Konferenz)<\/li><\/ul>\n\n\n\n<p><em><strong>RB Leipzig \u2013 VFL Wolfsburg (15.30 Uhr)<\/strong><\/em><\/p>\n\n\n\n<ul class=\"wp-block-list\"><li>Sky: Michael Born (Einzelspiel), Martin Gro\u00df (Konferenz)<\/li><\/ul>\n\n\n\n<p><em><strong>1. FC K\u00f6ln \u2013 FC Bayern M\u00fcnchen (15.30 Uhr)<\/strong><\/em><\/p>\n\n\n\n<ul class=\"wp-block-list\"><li>Sky: Marcus Lindemann (Einzelspiel), J\u00f6rg Dahlmann (Konferenz)<\/li><\/ul>\n\n\n\n<p><em><strong>Borussia M\u00f6nchengladbach \u2013 SC Freiburg (15.30 Uhr)<\/strong><\/em><\/p>\n\n\n\n<ul class=\"wp-block-list\"><li>Sky: Sven Haist (Einzelspiel), Jonas Friedrich (Konferenz)<\/li><\/ul>\n\n\n\n<p><em><strong>VFB Stuttgart \u2013 TSG 1899 Hoffenheim (15.30 Uhr)<\/strong><\/em><\/p>\n\n\n\n<ul class=\"wp-block-list\"><li>Sky: Toni Tomic (Einzelspiel), Holger Pfandt (Konferenz)<\/li><\/ul>\n\n\n\n<p><em><strong>FC Augsburg \u2013 FC Schalke 04 (15.30 Uhr)<\/strong><\/em><\/p>\n\n\n\n<ul class=\"wp-block-list\"><li>Sky: Hansi K\u00fcpper (Einzelspiel), Roland Evers (Konferenz)<\/li><\/ul>\n\n\n\n<p><em><strong>Werder Bremen \u2013 Bayer 04 Leverkusen (15.30 Uhr)<\/strong><\/em><\/p>\n\n\n\n<ul class=\"wp-block-list\"><li>Sky: Oliver Seidler (Einzelspiel), Marc Hindelang (Konferenz)<\/li><\/ul>\n\n\n\n<p><em><strong>Hannover 96 \u2013 Hertha BSC (15.30 Uhr)<\/strong><\/em><\/p>\n\n\n\n<ul class=\"wp-block-list\"><li>Sky: Klaus Veltmann (Einzelspiel), Marcel Meinert (Konferenz)<\/li><\/ul>\n\n\n\n<p>Moderation (Sky): Yannick Erkenbrecher &amp; Esther Sedlaczek, Experten: Lothar Matth\u00e4us, Christoph Metzelder &amp; Reiner Calmund<\/p>\n\n\n\n<hr class=\"wp-block-separator\"\/>\n\n\n\n<p><em><strong>2. Bundesliga, 33. Spieltag<\/strong><\/em><\/p>\n\n\n\n<p>Sonntag, 06. Mai 2018 ab 14.30 Uhr (Sky)<\/p>\n\n\n\n<p><em><strong>Fortuna D\u00fcsseldorf \u2013 Holstein Kiel (15.30 Uhr)<\/strong><\/em><\/p>\n\n\n\n<ul class=\"wp-block-list\"><li>Sky: Holger Pfandt (Einzelspiel), Roland Evers (Konferenz)<\/li><\/ul>\n\n\n\n<p><em><strong>SV Sandhausen \u2013 1. FC N\u00fcrnberg (15.30 Uhr)<\/strong><\/em><\/p>\n\n\n\n<ul class=\"wp-block-list\"><li>Sky: Sven Schr\u00f6ter (Einzelspiel), J\u00f6rg Dahlmann (Konferenz)<\/li><\/ul>\n\n\n\n<p><em><strong>FC St. Pauli \u2013 Arminia Bielefeld (15.30 Uhr)<\/strong><\/em><\/p>\n\n\n\n<ul class=\"wp-block-list\"><li>Sky: J\u00fcrgen Schmitz (Einzelspiel), Martin Gro\u00df (Konferenz)<\/li><\/ul>\n\n\n\n<p><em><strong>1. FC Union Berlin \u2013 VFL Bochum (15.30 Uhr)<\/strong><\/em><\/p>\n\n\n\n<ul class=\"wp-block-list\"><li>Sky: ??? (Einzelspiel), Markus G\u00f6tz (Konferenz)<\/li><\/ul>\n\n\n\n<p><em><strong>FC Erzgebirge Aue \u2013 SG Dynamo Dresden (15.30 Uhr)<\/strong><\/em><\/p>\n\n\n\n<ul class=\"wp-block-list\"><li>Sky: ??? (Einzelspiel), Markus Gaupp (Konferenz)<\/li><\/ul>\n\n\n\n<p><em><strong>Eintracht Braunschweig \u2013 FC Ingolstadt (15.30 Uhr)<\/strong><\/em><\/p>\n\n\n\n<ul class=\"wp-block-list\"><li>Sky: Sven Haist (Einzelspiel), Marcel Meinert (Konferenz)<\/li><\/ul>\n\n\n\n<p><em><strong>SV Jahn Regensburg \u2013 SV Darmstadt 98 Uhr (15.30 Uhr)<\/strong><\/em><\/p>\n\n\n\n<ul class=\"wp-block-list\"><li>Sky: Toni Tomic (Einzelspiel), Andreas Renner (Konferenz)<\/li><\/ul>\n\n\n\n<p><em><strong>SpVgg Greuther F\u00fcrth \u2013 MSV Duisburg (15.30 Uhr)<\/strong><\/em><\/p>\n\n\n\n<ul class=\"wp-block-list\"><li>Sky: Christina Graf (Einzelspiel), Jonas Friedrich (Konferenz)<\/li><\/ul>\n\n\n\n<p><em><strong>1. FC Kaiserslautern \u2013 1. FC Heidenheim (15.30 Uhr)<\/strong><\/em><\/p>\n\n\n\n<ul class=\"wp-block-list\"><li>Sky: Ulli Potofski (Einzelspiel), Sascha Roos (Konferenz)<\/li><\/ul>\n\n\n\n<p>Moderation (Sky): Stefan Hempel<\/p>\n\n\n\n<hr class=\"wp-block-separator\"\/>\n\n\n\n<p><em><strong>3. Liga, 37. Spieltag<\/strong><\/em><\/p>\n\n\n\n<p>Samstag, 05. Mai 2018 ab 13.15 Uhr (Telekom Sport)<\/p>\n\n\n\n<p><em><strong>VFL Osnabr\u00fcck \u2013 SV Werder Bremen (13.30 Uhr)<\/strong><\/em><\/p>\n\n\n\n<ul class=\"wp-block-list\"><li>Telekom Sport: Arne Malsch<\/li><\/ul>\n\n\n\n<p>Moderation (Telekom Sport): J\u00f6rg Dierkes<\/p>\n\n\n\n<p><em><strong>SV Meppen \u2013 Rot Wei\u00df Erfurt (13.30 Uhr)<\/strong><\/em><\/p>\n\n\n\n<ul class=\"wp-block-list\"><li>NDR: Matthias Cammann<\/li><li>Telekom Sport: ???<\/li><\/ul>\n\n\n\n<p>Moderation (NDR): Ben Wozny<\/p>\n\n\n\n<p><em><strong>FC W\u00fcrzburger Kickers \u2013 SG Sonnenhof Gro\u00dfaspach (13.30 Uhr)<\/strong><\/em><\/p>\n\n\n\n<ul class=\"wp-block-list\"><li>Telekom Sport: Martin Piller<\/li><\/ul>\n\n\n\n<p>Moderation (Telekom Sport): Nele Schenker<\/p>\n\n\n\n<p><em><strong>SC Preu\u00dfen M\u00fcnster \u2013 Sportfreunde Lotte (13.30 Uhr)<\/strong><\/em><\/p>\n\n\n\n<ul class=\"wp-block-list\"><li>Telekom Sport: Markus H\u00f6hner<\/li><\/ul>\n\n\n\n<p>Moderation (Telekom Sport): Thomas Wagner<\/p>\n\n\n\n<p><em><strong>1. FC Magdeburg \u2013 Chemnitzer FC (13.30 Uhr)<\/strong><\/em><\/p>\n\n\n\n<ul class=\"wp-block-list\"><li>MDR: ???<\/li><li>Telekom Sport: Alexander Klich<\/li><\/ul>\n\n\n\n<p>Moderation (MDR): ???<\/p>\n\n\n\n<p><em><strong>FC Hansa Rostock \u2013 Hallescher FC (13.30 Uhr)<\/strong><\/em><\/p>\n\n\n\n<ul class=\"wp-block-list\"><li>Telekom Sport: Andreas Mann<\/li><\/ul>\n\n\n\n<p>Moderation (Telekom Sport): Anett Sattler<\/p>\n\n\n\n<p><em><strong>FSV Zwickau \u2013 Fortuna K\u00f6ln (13.30 Uhr)<\/strong><\/em><\/p>\n\n\n\n<ul class=\"wp-block-list\"><li>Telekom Sport: Markus Herwig<\/li><\/ul>\n\n\n\n<p>Moderation (Telekom Sport): Gari Paubandt<\/p>\n\n\n\n<p><em><strong>SC Paderborn \u2013 SV Wehen Wiesbaden (13.30 Uhr)<\/strong><\/em><\/p>\n\n\n\n<ul class=\"wp-block-list\"><li>WDR: ???<\/li><li>Telekom Sport: Robby Hunke<\/li><\/ul>\n\n\n\n<p>Moderation (WDR): ???<\/p>\n\n\n\n<p><em><strong>VFR Aalen \u2013 Karlsruher SC (13.30 Uhr)<\/strong><\/em><\/p>\n\n\n\n<ul class=\"wp-block-list\"><li>SWR: Michael Bollenbacher<\/li><li>Telekom Sport: Alexander Kunz<\/li><\/ul>\n\n\n\n<p>Moderation (SWR): Jens Ottmann<\/p>\n\n\n\n<p><em><strong>FC Carl Zeiss Jena \u2013 SpVgg Unterhaching (13.30 Uhr)<\/strong><\/em><\/p>\n\n\n\n<ul class=\"wp-block-list\"><li>Telekom Sport: S\u00f6nke Sievers<\/li><\/ul>\n\n\n\n<hr class=\"wp-block-separator\"\/>\n\n\n\n<p><em><strong>Fu\u00dfball International<\/strong><\/em><\/p>\n\n\n\n<p>Freitag, 04. Mai 2018<\/p>\n\n\n\n<p>Ligue 1, 36. Spieltag:&nbsp;<em><strong>SC Amiens \u2013 Paris Saint Germain (20.45 Uhr)<\/strong><\/em><\/p>\n\n\n\n<ul class=\"wp-block-list\"><li>Sport1+: ???<\/li><\/ul>\n\n\n\n<p>Samstag, 05. Mai 2018<\/p>\n\n\n\n<p>Hyundai A-League, Finale:&nbsp;<em><strong>Newcastle United Jets \u2013 Melbourne Victory (12.00 Uhr)<\/strong><\/em><\/p>\n\n\n\n<ul class=\"wp-block-list\"><li>Sportdigital: Christian Blunck<\/li><\/ul>\n\n\n\n<p>Premjer Liga, 29. Spieltag:&nbsp;<em><strong>Lokomotiv Moskau \u2013 Zenit St. Petersburg (15.30 Uhr)<\/strong><\/em><\/p>\n\n\n\n<ul class=\"wp-block-list\"><li>Sportdigital: J\u00f6rg Steiger<\/li><\/ul>\n\n\n\n<p>HET Liga, 27. Spieltag:&nbsp;<em><strong>Slavia Prag \u2013 Viktoria Pilsen (18.30 Uhr)<\/strong><\/em><\/p>\n\n\n\n<ul class=\"wp-block-list\"><li>Sportdigital: Christian Blunck<\/li><\/ul>\n\n\n\n<p>Major League Soccer, 10. Spieltag:&nbsp;<em><strong>New York Red Bulls \u2013 New York City FC (20.00 Uhr)<\/strong><\/em><\/p>\n\n\n\n<ul class=\"wp-block-list\"><li>Eurosport 2: Frank Winkler<\/li><\/ul>\n\n\n\n<p>Liga NOS, 33. Spieltag:&nbsp;<em><strong>Sporting Lissabon \u2013 Benfica Lissabon (21.30 Uhr)<\/strong><\/em><\/p>\n\n\n\n<ul class=\"wp-block-list\"><li>Sportdigital: Karsten Linke<\/li><\/ul>\n\n\n\n<p>Major League Soccer, 10. Spieltag:&nbsp;<em><strong>Seattle Sounders FC \u2013 Columbus Crew SC (22.05 Uhr)<\/strong><\/em><\/p>\n\n\n\n<ul class=\"wp-block-list\"><li>Eurosport 2: Ralf Itzel<\/li><\/ul>\n\n\n\n<p>Sonntag, 06. Mai 2018<\/p>\n\n\n\n<p>J. League, 13. Spieltag:&nbsp;<em><strong>Sanfrecce Hirshima \u2013 Vissel Kobe (10.00 Uhr)<\/strong><\/em><\/p>\n\n\n\n<ul class=\"wp-block-list\"><li>Sportdigital: J\u00f6rg Steiger<\/li><\/ul>\n\n\n\n<p>Sky Bet Championship, 46. Spieltag:&nbsp;<em><strong>Cardiff City \u2013 FC Reading (13.30 Uhr)<\/strong><\/em><\/p>\n\n\n\n<ul class=\"wp-block-list\"><li>Sport1+: ???<\/li><li>Sportdigital: J\u00f6rg Steiger<\/li><\/ul>\n\n\n\n<p>Serie A, 36. Spieltag:&nbsp;<em><strong>SSC Neapel \u2013 FC Turin (15.30 Uhr)<\/strong><\/em><\/p>\n\n\n\n<ul class=\"wp-block-list\"><li>Sport1: ???<\/li><\/ul>\n\n\n\n<p>Ligue 1, 36. Spieltag:&nbsp;<em><strong>SM Caen \u2013 AS Monaco (17.00 Uhr)<\/strong><\/em><\/p>\n\n\n\n<ul class=\"wp-block-list\"><li>Sport1+: ???<\/li><\/ul>\n\n\n\n<p>Jupiler Pro League, Playoffs, 7. Spieltag:&nbsp;<em><strong>Standard L\u00fcttich \u2013 KRC Genk (19.00 Uhr)<\/strong><\/em><\/p>\n\n\n\n<ul class=\"wp-block-list\"><li>Sport+: ???<\/li><\/ul>\n\n\n\n<p>Ligue 1, 36. Spieltag:&nbsp;<em><strong>Olympique Marseille \u2013 OGC Nizza (21.00 Uhr)<\/strong><\/em><\/p>\n\n\n\n<ul class=\"wp-block-list\"><li>Sport1+: ???<\/li><\/ul>\n\n\n\n<p>Liga NOS, 33. Spieltag:&nbsp;<em><strong>FC Porto \u2013 CD Feirense (21.15 Uhr)<\/strong><\/em><\/p>\n\n\n\n<ul class=\"wp-block-list\"><li>Sportdigital: Tino Polster<\/li><\/ul>\n\n\n\n<p>Superliga Argentina, 26. Spieltag:&nbsp;<em><strong>CA Boca Juniors \u2013 Union de Santa Fe (23.00 Uhr)<\/strong><\/em><\/p>\n\n\n\n<ul class=\"wp-block-list\"><li>Sport1+: ???<\/li><li>Sportdigital: Christian Blunck<\/li><\/ul>\n\n\n\n<p>Major League Soccer, 10. Spieltag:&nbsp;<em><strong>Orlando City SC \u2013 Real Salt Lake (23.00 Uhr)<\/strong><\/em><\/p>\n\n\n\n<ul class=\"wp-block-list\"><li>Eurosport 2: Tobi Fischbeck<\/li><\/ul>\n\n\n\n<hr class=\"wp-block-separator\"\/>\n\n\n\n<p><em>Die<\/em><em>&nbsp;aufgef\u00fchrten Ansetzungen gew\u00e4hren keine Vollst\u00e4ndigkeit. Die Autoren des Kommentatorenblogs behalten es sich vor, TV-\u00dcbertragungen und Livestreams zu ignorieren. Grunds\u00e4tzlich nicht aufgef\u00fchrt werden Ansetzungen ausl\u00e4ndischer Sender.<\/em><\/p>\n\n\n\n<hr class=\"wp-block-separator\"\/>\n\n\n\n<p><em><strong>Die Analyse<\/strong><\/em><\/p>\n\n\n\n<p>Dann wollen wir mal: Tom Bayer ist mal wieder im Westfalenstadion zu Gast, Wolff Fuss verschl\u00e4gt es dagegen nach Frankfurt. Liegt wohl eher am Stehaufm\u00e4nnchen aus Hamburg wie an der Eintracht vom Main. Michael Born reist von Hamburg nach Leipzig, Marcus Lindemann ist nat\u00fcrlich im Westen im Einsatz, Duell der Gegens\u00e4tze, K\u00f6ln gegen Bayern. 9 Spiele gleichzeitig, also gibt es auch mal Stimmen im Oberhaus zu h\u00f6ren, die dort eher selten zu Gast sind. So \u00fcberrascht beispielsweise Sven Haist im Fohlenpark in M\u00f6nchengladbach. Und das ist auch kein Spiel, in dem es um nichts mehr geht! F\u00fcr Gladbach geht es um ein Restf\u00fcnkchen Hoffnung gen Europa, Freiburg dagegen m\u00f6chte sich von allen Abstiegssorgen entledigen. Toni Tomic in Stuttgart \u00fcberrascht nicht, auch Hansi K\u00fcpper in Augsburg und Oliver Seidler in Bremen klingt bekannt. Klaus Veltmann ungew\u00f6hnlich weit im Norden zugegen, ihn zieht es an die Leine.<br>Schauen wir mal auf die Konferenz: Buschi beim BVB, Kai Dittmann logischerweise beim HSV in Frankfurt. Somit k\u00f6nnen wir wohl darauf schlie\u00dfen, dass das Hauptaugenmerk von Sky auf dieses Spiel gefallen ist, wenn da schon zwei Topspielkommentatoren im Einsatz sind. Der Dritte Mann im Bunde, Martin Gro\u00df, hat den Abstiegskampf auch im Blick und verfolgt Leipzig gegen Wolfsburg. J\u00f6rg Dahlmann bei den Bayern ist nun wirklich eine Seltenheit! Seltener Gast in der Bundesliga: Marcel Meinert!<\/p>\n\n\n\n<p>Blicken wir auf Liga 2: Holger Pfandt reist von M\u00fcnchen aus nach D\u00fcsseldorf, er ist somit, Stand jetzt, der einzige, der von der Box aus in ein Stadion reist. Stand jetzt, weil die Sky-Website down ist und ich somit m\u00fchselig bei Sky Go alle Ansetzungen absuchen musste und bei Union Berlin und beim Sachsen-Derby ohne Erfolg blieb. Die Herren Evers, Dahlmann, Gro\u00df, Meinert und Friedrich d\u00fcrfen in der Box \u00fcbernachten, G\u00f6tz, Gaupp, Renner und Roos werden f\u00fcr die Namen Hindelang, Dittmann, Pfandt und Buschmann eingewechselt.<\/p>\n\n\n\n<p>Die Dritte Liga muss ohne Konferenz auskommen, daf\u00fcr werden die Spiele ja teilweise auf zwei Sendern \u00fcbertragen. Sowohl Telekom Sport als auch die \u00f6ffentlich-rechtlichen sind am Start.<\/p>\n\n\n\n<p>Internationalen Fu\u00dfball gibt es auch und dieses Mal haben wir tats\u00e4chlich auch Eurosport-Ansetzungen vertreten. Sport1 dagegen scheint verschlafen zu haben. Bei Sportdigital gibt es wieder Flei\u00dfp\u00fcnktchen f\u00fcr Christian Blunck und J\u00f6rg Steiger, die jeweils eine Doppelschicht schieben.<\/p>\n\n\n\n<p>Euch ein sch\u00f6nes Wochenende!<\/p>\n","protected":false},"excerpt":{"rendered":"<p>(Beitrag von Dennis, reposted von Nico) N\u2019Abend allerseits! Eiszeit sieht zwar, zumindest wenn man die aktuelle Wetterlage betrachtet, etwas anders aus, \u00e4ndert aber nichts an der Tatsache, dass am morgigen Freitag die 82. Eishockey-Weltmeisterschaft beginnt. Dieses Jahr finden die Wettk\u00e4mpfe in den d\u00e4nischen St\u00e4dten Kopenhagen und Herning statt. Nach dem sensationellen Silbermedaillengewinn bei den Olympischen [&hellip;]<\/p>\n","protected":false},"author":4,"featured_media":0,"comment_status":"open","ping_status":"open","sticky":false,"template":"","format":"standard","meta":{"footnotes":""},"categories":[424,1],"tags":[],"class_list":["post-7346","post","type-post","status-publish","format-standard","hentry","category-bundesliga-und-co","category-uncategorized"],"_links":{"self":[{"href":"https:\/\/kommentatorenblog.de\/index.php?rest_route=\/wp\/v2\/posts\/7346","targetHints":{"allow":["GET"]}}],"collection":[{"href":"https:\/\/kommentatorenblog.de\/index.php?rest_route=\/wp\/v2\/posts"}],"about":[{"href":"https:\/\/kommentatorenblog.de\/index.php?rest_route=\/wp\/v2\/types\/post"}],"author":[{"embeddable":true,"href":"https:\/\/kommentatorenblog.de\/index.php?rest_route=\/wp\/v2\/users\/4"}],"replies":[{"embeddable":true,"href":"https:\/\/kommentatorenblog.de\/index.php?rest_route=%2Fwp%2Fv2%2Fcomments&post=7346"}],"version-history":[{"count":1,"href":"https:\/\/kommentatorenblog.de\/index.php?rest_route=\/wp\/v2\/posts\/7346\/revisions"}],"predecessor-version":[{"id":7347,"href":"https:\/\/kommentatorenblog.de\/index.php?rest_route=\/wp\/v2\/posts\/7346\/revisions\/7347"}],"wp:attachment":[{"href":"https:\/\/kommentatorenblog.de\/index.php?rest_route=%2Fwp%2Fv2%2Fmedia&parent=7346"}],"wp:term":[{"taxonomy":"category","embeddable":true,"href":"https:\/\/kommentatorenblog.de\/index.php?rest_route=%2Fwp%2Fv2%2Fcategories&post=7346"},{"taxonomy":"post_tag","embeddable":true,"href":"https:\/\/kommentatorenblog.de\/index.php?rest_route=%2Fwp%2Fv2%2Ftags&post=7346"}],"curies":[{"name":"wp","href":"https:\/\/api.w.org\/{rel}","templated":true}]}}