{"id":7348,"date":"2018-04-19T12:18:00","date_gmt":"2018-04-19T11:18:00","guid":{"rendered":"http:\/\/kommentatorenblog.de\/?p=7348"},"modified":"2021-03-07T13:01:36","modified_gmt":"2021-03-07T12:01:36","slug":"kommentatorenblog-948-hagemann-verlaesst-eurosport","status":"publish","type":"post","link":"https:\/\/kommentatorenblog.de\/?p=7348","title":{"rendered":"[Kommentatorenblog #948] \u2013 Hagemann verl\u00e4sst Eurosport"},"content":{"rendered":"\n<p>(Beitrag von Leon, reposted von Nico)<\/p>\n\n\n\n<p>N\u2019Abend allerseits!<\/p>\n\n\n\n<p>Marco Hagemann hat an diesem Donnerstag verk\u00fcndet, in der kommenden Saison nicht mehr f\u00fcr Eurosport am Mikro und vor der Kamera zu sitzen. Damit konzentriert sich der Kommentator auf seine Aufgaben bei den RTL-Sendern, sowie DAZN, die in der kommenden Spielzeit noch umfangreicher werden. So zeigt Nitro k\u00fcnftig pro Spieltag eine Partie aus der Europa League. DAZN \u00fcbernimmt bekanntlich einen beachtlichen Teil der Champions-League-\u00dcbertragungen sowie die komplette Europa League von Sky.<\/p>\n\n\n\n<p>Ich finde, Hagemanns Abgang kommt durchaus \u00fcberraschend, verf\u00fcgte er doch bei Eurosport scheinbar \u00fcber gro\u00dfes Ansehen, war Fu\u00dfball-Chefkommentator und durfte dort auch seine ersten gr\u00f6\u00dferen Schritte als Moderator gehen. Dennoch ist die Entscheidung nachvollziehbar und zukunftsgerichtet. W\u00e4hrend Sky dieser Tage&nbsp;<a href=\"https:\/\/web.archive.org\/web\/20180420042638\/http:\/\/www.allesaussersport.de\/archiv\/2018\/04\/19\/screensport-am-donnerstag-457\/\">zum ersten Mal seit 2009 Abonnenten verloren hat<\/a>, boomt DAZN und hat den Zahn der Zeit erkannt. Den Fu\u00df bei RTL in der T\u00fcr zu haben, kann ohnehin nicht schaden, was sich auch an Hagemanns Engagement im Unterhaltungs-Bereich, zum Beispiel als Sprecher bei der Vox-Sendung \u201eEwige Helden\u201c, zeigt.<\/p>\n\n\n\n<p>Unterdessen wird spekuliert, dass auch&nbsp;<a href=\"https:\/\/web.archive.org\/web\/20180420042638\/https:\/\/www.dwdl.de\/nachrichten\/66566\/oliver_kahn_angeblich_als_experte_bei_dazn_im_gesprch\/\">Oliver Kahn<\/a>&nbsp;k\u00fcnftig als Experte bei DAZN auftauchen k\u00f6nnte.<\/p>\n\n\n\n<p><em><strong>Die Ansetzungen vom 20.&nbsp;April 2018 bis zum&nbsp;23.&nbsp;April 2018<\/strong><\/em><\/p>\n\n\n\n<p><em><strong>Bundesliga, 31. Spieltag<\/strong><\/em><\/p>\n\n\n\n<p>Freitag, 20. April 2018 ab 19.30 Uhr (Eurosport 2 Xtra)<\/p>\n\n\n\n<p><em><strong>Borussia M\u00f6nchengladbach \u2013 VfL Wolfsburg (20.30 Uhr)<\/strong><\/em><\/p>\n\n\n\n<ul class=\"wp-block-list\"><li>Eurosport 2 Xtra: Marco Hagemann<\/li><\/ul>\n\n\n\n<p>Moderation (Eurosport 2 Xtra): Jan Henkel, Experte: Matthias Sammer<\/p>\n\n\n\n<p>Samstag, 21.&nbsp;April 2018, ab 13.00 Uhr (Sky)<\/p>\n\n\n\n<p><em><strong>Eintracht Frankfurt \u2013 Hertha BSC (15.30 Uhr)<\/strong><\/em><\/p>\n\n\n\n<ul class=\"wp-block-list\"><li>Sky: Roland Evers (Einzelspiel), Tom Bayer (Konferenz)<\/li><\/ul>\n\n\n\n<p><em><strong>Hannover 96 \u2013&nbsp;&nbsp;FC Bayern M\u00fcnchen (15.30 Uhr)<\/strong><\/em><\/p>\n\n\n\n<ul class=\"wp-block-list\"><li>Sky: Martin Gro\u00df&nbsp;(Einzelspiel), Hansi K\u00fcpper (Konferenz)<\/li><\/ul>\n\n\n\n<p><em><strong>Hamburger SV \u2013 SC Freiburg (15.30 Uhr)<\/strong><\/em><\/p>\n\n\n\n<ul class=\"wp-block-list\"><li>Sky: Michael Born (Einzelspiel), Wolff Fuss&nbsp;(Konferenz)<\/li><\/ul>\n\n\n\n<p><em><strong>VfB Stuttgart \u2013 SV Werder Bremen (15.30 Uhr)<\/strong><\/em><\/p>\n\n\n\n<ul class=\"wp-block-list\"><li>Sky: Klaus Veltmann (Einzelspiel), Jonas Friedrich(Konferenz)<\/li><\/ul>\n\n\n\n<p><em><strong>RB Leipzig \u2013 TSG Hoffenheim (15.30 Uhr)<\/strong><\/em><\/p>\n\n\n\n<ul class=\"wp-block-list\"><li>Sky: Marcus Lindemann (Einzelspiel), Frank Buschmann (Konferenz)<\/li><\/ul>\n\n\n\n<p>ab&nbsp;17.30 Uhr (Sky)<\/p>\n\n\n\n<p><em><strong>Borussia Dortmund \u2013 Bayer Leverkusen (18.30 Uhr)<\/strong><\/em><\/p>\n\n\n\n<ul class=\"wp-block-list\"><li>Sky: Kai Dittmann<\/li><\/ul>\n\n\n\n<p>Moderation (Sky): Esther Sedlaczek &amp; Yannick Erkenbrecher, Experten: Reiner Calmund, Lothar Matth\u00e4us &amp; Christoph Metzelder<\/p>\n\n\n\n<p>Sonntag, 22.&nbsp;April 2018 ab 14.30 Uhr (Sky)<\/p>\n\n\n\n<p><em><strong>FC Augsburg \u2013 FSV Mainz 05 (15.30 Uhr)<\/strong><\/em><\/p>\n\n\n\n<ul class=\"wp-block-list\"><li>Sky: Holger Pfandt<\/li><\/ul>\n\n\n\n<p>ab 17.30 Uhr (Sky)<\/p>\n\n\n\n<p><em><strong>1.FC K\u00f6ln\u2013 FC Schalke 04 (18.00 Uhr)<\/strong><\/em><\/p>\n\n\n\n<ul class=\"wp-block-list\"><li>Sky: Wolff Fuss<\/li><\/ul>\n\n\n\n<p>Moderation (Sky): Michael Leopold, Experte: Dietmar Hamann<\/p>\n\n\n\n<hr class=\"wp-block-separator\"\/>\n\n\n\n<p><em><strong>2. Bundesliga, 31. Spieltag<\/strong><\/em><\/p>\n\n\n\n<p>Freitag, 20. April 2018 ab 18.00 Uhr (Sky)<\/p>\n\n\n\n<p><em><strong>Eintracht Braunschweig \u2013&nbsp;Arminia Bielefeld&nbsp;(18.30 Uhr)<\/strong><\/em><\/p>\n\n\n\n<ul class=\"wp-block-list\"><li>Sky: Thorsten Kunde (Einzelspiel),&nbsp;Sascha Roos&nbsp;(Konferenz)<\/li><\/ul>\n\n\n\n<p><em><strong>SpVgg Greuther F\u00fcrth \u2013&nbsp;VfL Bochum&nbsp;(18.30 Uhr)<\/strong><\/em><\/p>\n\n\n\n<ul class=\"wp-block-list\"><li>Sky: Markus Gaupp (Einzelspiel),&nbsp;Florian Schmidt-Sommerfeld&nbsp;(Konferenz)<\/li><\/ul>\n\n\n\n<p>Moderation (Sky): Christina Rann<\/p>\n\n\n\n<p>Samstag, 21.&nbsp;April 2018 ab 12.30 Uhr (Sky)<\/p>\n\n\n\n<p><em><strong>Jahn Regensburg \u2013 FC St. Pauli (13.00 Uhr)<\/strong><\/em><\/p>\n\n\n\n<ul class=\"wp-block-list\"><li>Sky: Holger Pfandt (Einzelspiel), Marc Hindelang (Konferenz)<\/li><\/ul>\n\n\n\n<p><em><strong>Union Berlin \u2013 FC Heidenheim (13.00 Uhr)<\/strong><\/em><\/p>\n\n\n\n<ul class=\"wp-block-list\"><li>Sky: Sven Haist (Einzelspiel), Markus G\u00f6tz (Konferenz)<\/li><\/ul>\n\n\n\n<p><em><strong>SV Sandhausen \u2013 SV&nbsp;Darmstadt 98&nbsp;(13.00 Uhr)<\/strong><\/em><\/p>\n\n\n\n<ul class=\"wp-block-list\"><li>Sky: Ulli Potofski (Einzelspiel), J\u00f6rg Dahlmann (Konferenz)<\/li><\/ul>\n\n\n\n<p>Moderation (Sky): Peter Hardenacke<\/p>\n\n\n\n<p>Sonntag, 22. April&nbsp;2018 ab 13.00 Uhr (Sky)<\/p>\n\n\n\n<p><em><strong>Fortuna D\u00fcsseldorf \u2013 FC Ingolstadt 04 (13.30 Uhr)<\/strong><\/em><\/p>\n\n\n\n<ul class=\"wp-block-list\"><li>Sky: J\u00fcrgen Schmitz (Einzelspiel), Klaus Veltmann (Konferenz)<\/li><\/ul>\n\n\n\n<p><em><strong>1.FC Kaiserslautern \u2013&nbsp;SG Dynamo Dresden (13.30 Uhr)<\/strong><\/em><\/p>\n\n\n\n<ul class=\"wp-block-list\"><li>Sky: Klaus Veltmann (Einzelspiel), Toni Tomic (Konferenz)<\/li><\/ul>\n\n\n\n<p><em><strong>FC Erzgebirge Aue \u2013 MSV Duisburg (13.30 Uhr)<\/strong><\/em><\/p>\n\n\n\n<ul class=\"wp-block-list\"><li>Sky: Ulli Potofski (Einzelspiel), J\u00f6rg Dahlmann (Konferenz)<\/li><\/ul>\n\n\n\n<p>Moderation (Sky): Stefan Hempel<\/p>\n\n\n\n<p>Montag, 23. April&nbsp;2018 ab 20.15 Uhr (Sky)<\/p>\n\n\n\n<p><em><strong>Holstein Kiel \u2013 1. FC N\u00fcrnberg (20.30 Uhr)<\/strong><\/em><\/p>\n\n\n\n<ul class=\"wp-block-list\"><li>Sky: Oliver Seidler<\/li><\/ul>\n\n\n\n<p>Moderation (Sky): Esther Sedlaczek<\/p>\n\n\n\n<hr class=\"wp-block-separator\"\/>\n\n\n\n<p><em><strong>3. Liga, 35. Spieltag<\/strong><\/em><\/p>\n\n\n\n<p>Freitag, 20.&nbsp;April 2018 ab 18.30 Uhr (Telekom Sport)<\/p>\n\n\n\n<p><em><strong>SV Meppen \u2013 Sportfreunde Lotte (19.00 Uhr)<\/strong><\/em><\/p>\n\n\n\n<ul class=\"wp-block-list\"><li>Telekom Sport: Markus H\u00f6hner<\/li><\/ul>\n\n\n\n<p>Moderation (Telekom Sport): Cedric Pick Experte: Joe Enochs<\/p>\n\n\n\n<p>Samstag, 21.&nbsp;April 2018 ab 13.45 Uhr (Telekom Sport)<\/p>\n\n\n\n<p><em><strong>FC W\u00fcrzburger Kickers \u2013 Chemnitzer FC (14.00 Uhr)<\/strong><\/em><\/p>\n\n\n\n<ul class=\"wp-block-list\"><li>Telekom Sport: Thomas Wagner<\/li><\/ul>\n\n\n\n<p>Moderation (Telekom Sport): Konstantin Klostermann<\/p>\n\n\n\n<p><em><strong>Rot-Wei\u00df Erfurt \u2013 SG Sonnenhof Gro\u00dfaspach (14.00 Uhr)<\/strong><\/em><\/p>\n\n\n\n<ul class=\"wp-block-list\"><li>Telekom Sport: Markus Herwig<\/li><\/ul>\n\n\n\n<p>Moderation (Telekom Sport): Stefanie Blochwitz<\/p>\n\n\n\n<p><em><strong>SV Werder Bremen II \u2013&nbsp;FC Carl Zeiss Jena &nbsp;(14.00 Uhr)<\/strong><\/em><\/p>\n\n\n\n<ul class=\"wp-block-list\"><li>Telekom Sport: Edgar Mielke<\/li><\/ul>\n\n\n\n<p>Moderation (Telekom Sport): Markus H\u00f6hner Gast: Benno M\u00f6hlmann<\/p>\n\n\n\n<p>Ab 14.00 Uhr (Telekom Sport, MDR, WDR, NDR &amp; HR)<\/p>\n\n\n\n<p><em><strong>1.FC Magdeburg \u2013 Fortuna K\u00f6ln (14.05 Uhr)<\/strong><\/em><\/p>\n\n\n\n<ul class=\"wp-block-list\"><li>MDR: Eik Galley<\/li><li>Telekom Sport: Alexander Klich<\/li><\/ul>\n\n\n\n<p>Moderation (MDR): Tom Scheunemann, Gast: Mario Kallnik<\/p>\n\n\n\n<p><em><strong>SC&nbsp;Paderborn&nbsp;\u2013 SpVgg Unterhaching (14.05 Uhr)<\/strong><\/em><\/p>\n\n\n\n<ul class=\"wp-block-list\"><li>WDR: ???<\/li><li>Telekom Sport: Robby Hunke<\/li><\/ul>\n\n\n\n<p>Moderation (WDR): ???<\/p>\n\n\n\n<p><em><strong>FC Hansa Rostock \u2013 SV Wehen-Wiesbaden (14.05 Uhr)<\/strong><\/em><\/p>\n\n\n\n<ul class=\"wp-block-list\"><li>NDR: Jan Neumann<\/li><li>HR: ???<\/li><li>Telekom Sport: Martin Piller<\/li><\/ul>\n\n\n\n<p>Moderation (NDR): Andreas K\u00e4ckell<br>Moderation (HR): ???<\/p>\n\n\n\n<p>Sonntag, 22. April 2018, ab 13.45 Uhr (Telekom Sport)<\/p>\n\n\n\n<p><em><strong>VfR Aalen \u2013 VfL Osnabr\u00fcck (14.00 Uhr)<\/strong><\/em><\/p>\n\n\n\n<ul class=\"wp-block-list\"><li>Telekom Sport: Mario Bast<\/li><\/ul>\n\n\n\n<p>ab 14.00 Uhr (Telekom Sport)<\/p>\n\n\n\n<p><em><strong>SC Preu\u00dfen M\u00fcnster \u2013 Hallescher FC (14.05 Uhr)<\/strong><\/em><\/p>\n\n\n\n<ul class=\"wp-block-list\"><li>Telekom Sport: Alexander Kunz<\/li><li>MDR: Torsten P\u00fcschel<\/li><\/ul>\n\n\n\n<p>Montag, 23. April 2018, ab 18.15 Uhr (Telekom Sport)<\/p>\n\n\n\n<p><em><strong>FSV Zwickau \u2013 Karlsruher SC (18.30 Uhr)<\/strong><\/em><\/p>\n\n\n\n<ul class=\"wp-block-list\"><li>Telekom Sport: Benni Zander<\/li><\/ul>\n\n\n\n<p>Moderation (Telekom Sport): Anett Sattler<\/p>\n\n\n\n<hr class=\"wp-block-separator\"\/>\n\n\n\n<p><em><strong>Sonstiger Fu\u00dfball National<\/strong><\/em><\/p>\n\n\n\n<p>Samstag, 21. April 2018, ab 14.00 Uhr (BR)<\/p>\n\n\n\n<p>Regionalliga Bayern, 35. Spieltag:&nbsp;<em><strong>TSV 1860 M\u00fcnchen \u2013 FC Augsburg II<\/strong><\/em><\/p>\n\n\n\n<ul class=\"wp-block-list\"><li>BR: Andr\u00e9 Siems<\/li><\/ul>\n\n\n\n<p>Moderation (BR): Markus Othmer<\/p>\n\n\n\n<p>ab 15.25 Uhr (Sport1)<\/p>\n\n\n\n<p>Regionalliga West, 31. Spieltag:&nbsp;<em><strong>Rot-Weiss Essen \u2013 Alemannia Aachen (15.30 Uhr)<\/strong><\/em><\/p>\n\n\n\n<ul class=\"wp-block-list\"><li>Sport1: ???<\/li><\/ul>\n\n\n\n<p>Sonntag, 22. April 2018, ab 14.55 Uhr (Sport1)<\/p>\n\n\n\n<p>Regionalliga S\u00fcdwest, 35. Spieltag:&nbsp;<em><strong>1. FC Saarbr\u00fccken \u2013 Kickers Offenbach (15.00 Uhr)<\/strong><\/em><\/p>\n\n\n\n<ul class=\"wp-block-list\"><li>Sport1: ???<\/li><\/ul>\n\n\n\n<hr class=\"wp-block-separator\"\/>\n\n\n\n<p><em><strong>Fu\u00dfball International<\/strong><\/em><\/p>\n\n\n\n<p>Freitag, 20.&nbsp;April 2018<\/p>\n\n\n\n<p>Hyundai A-League, Elimination Final 1:&nbsp;<em><strong>Melbourne City \u2013 Brisbane Roar (11.56&nbsp;<\/strong><strong>Uhr)<\/strong><\/em><\/p>\n\n\n\n<ul class=\"wp-block-list\"><li>sportdigital: Christian Blunck<\/li><\/ul>\n\n\n\n<p>Ligue 1, 34. Spieltag:&nbsp;<em><strong>Dijon FCO \u2013 Olympique Lyon (20.45 Uhr)<\/strong><\/em><\/p>\n\n\n\n<ul class=\"wp-block-list\"><li>Sport1+: Peter Kohl<\/li><\/ul>\n\n\n\n<p>Samstag, 21.&nbsp;April&nbsp;2018<\/p>\n\n\n\n<p>Scottish Premiership, Play-offs, 1. Spieltag:&nbsp;<em><strong>FC Hibernian \u2013 FC Celtic Glasgow (13.30 Uhr)<\/strong><\/em><\/p>\n\n\n\n<ul class=\"wp-block-list\"><li>Sport1+: Manni Winter<\/li><\/ul>\n\n\n\n<p>Sky Bet Championship, 44. Spieltag:&nbsp;<em><strong>Ipswich Town \u2013 Aston Villa (16.00 Uhr)<\/strong><\/em><\/p>\n\n\n\n<ul class=\"wp-block-list\"><li>sportdigital: Ulf Kahmke<\/li><li>Sport1+: ???<\/li><\/ul>\n\n\n\n<p>Ligue 1, 34. Spieltag:&nbsp;<em><strong>Olympique Marseille \u2013 OSC Lille (Liveeinstieg ca. 17.55 Uhr)<\/strong><\/em><\/p>\n\n\n\n<ul class=\"wp-block-list\"><li>Sport1+: Peter Kohl<\/li><\/ul>\n\n\n\n<p>Super Liga, Play-offs, 2. Spieltag:&nbsp;<em><strong>FK Radnicki Nis \u2013 FK Roter Stern Belgrad (19.00&nbsp;<\/strong><strong>Uhr)<\/strong><\/em><\/p>\n\n\n\n<ul class=\"wp-block-list\"><li>Sport1+: Marcel Seufert<\/li><\/ul>\n\n\n\n<p>Jupiler Pro League, Playoffs, 5. Spieltag:&nbsp;<em><strong>KRC Genk \u2013 RSC Anderlecht (Liveinstieg ca. 20.55&nbsp;<\/strong><strong>Uhr)<\/strong><\/em><\/p>\n\n\n\n<ul class=\"wp-block-list\"><li>Sport1+: Marcus Radefeld<\/li><\/ul>\n\n\n\n<p>Sky Bet Championship, 44. Spieltag:&nbsp;<em><strong>Cardiff City \u2013 Nottingham Forest (20.45 Uhr)<\/strong><\/em><\/p>\n\n\n\n<ul class=\"wp-block-list\"><li>sportdigital: J\u00f6rg Steiger<\/li><\/ul>\n\n\n\n<p>Sonntag, 22. April<\/p>\n\n\n\n<p>Hyundai A-League, Elimination Final 2:&nbsp;<em><strong>Melbourne Victory \u2013 Adelaide United (10.00 Uhr)<\/strong><\/em><\/p>\n\n\n\n<ul class=\"wp-block-list\"><li>sportdigital: Ulf Kahmke<\/li><\/ul>\n\n\n\n<p>Chinese Super League, 7. Spieltag:&nbsp;<em><strong>Beijing Sinobi Guoan \u2013 Guangzhou Evergrande (13.30 Uhr)<\/strong><\/em><\/p>\n\n\n\n<ul class=\"wp-block-list\"><li>sportdigital: Hannes Herrmann<\/li><\/ul>\n\n\n\n<p>Serie A, 34. Spieltag:&nbsp;<em><strong>Lazio Rom \u2013 Sampdoria Genua&nbsp;<\/strong><\/em><em><strong>(15.00 Uhr)<\/strong><\/em><\/p>\n\n\n\n<ul class=\"wp-block-list\"><li>Sport1+: Sebastian Bernsdorff<\/li><\/ul>\n\n\n\n<p>Premjer Liga, 27. Spieltag:&nbsp;<strong><em><strong>ZSKA Moskau \u2013 FK Krasnodar (15.30&nbsp;<\/strong><\/em><\/strong><em><strong>Uhr)<\/strong><\/em><\/p>\n\n\n\n<ul class=\"wp-block-list\"><li>sportdigital: Hannes Herrmann<\/li><\/ul>\n\n\n\n<p>Ligue 1, 34. Spieltag:&nbsp;<strong><em><strong>AS St.-Etienne \u2013 ESTAC Troyes (17.00&nbsp;<\/strong><\/em><\/strong><em><strong>Uhr)<\/strong><\/em><\/p>\n\n\n\n<ul class=\"wp-block-list\"><li>Sport1+: Peter Kohl<\/li><\/ul>\n\n\n\n<p>HET Liga, 25. Spieltag:&nbsp;<em><strong>Slovan Liberec \u2013 Slavia Prag (18.00 Uhr)<\/strong><\/em><\/p>\n\n\n\n<ul class=\"wp-block-list\"><li>Sportdigital: Marc Rohde<\/li><\/ul>\n\n\n\n<p>Campeonato Brasileiro, 2. Spieltag:&nbsp;<em><strong>SE Palmeiras \u2013 SC Internacional (21.05 Uhr)<\/strong><\/em><\/p>\n\n\n\n<ul class=\"wp-block-list\"><li>Sport1+: Marcus Radefeld<\/li><\/ul>\n\n\n\n<p>Liga NOS, 31. Spieltag:&nbsp;<em><strong>Sporting Lissabon \u2013 Boavista Porto (21.15 Uhr)<\/strong><\/em><\/p>\n\n\n\n<ul class=\"wp-block-list\"><li>Sportdigital: J\u00f6rg Steiger<\/li><\/ul>\n\n\n\n<p>MLS, 8. Spieltag:&nbsp;<em><strong>Seattle Sounders FC \u2013 Minnesota United FC (ca. 22.05 Uhr)<\/strong><\/em><\/p>\n\n\n\n<ul class=\"wp-block-list\"><li>Eurosport 2: ???<\/li><\/ul>\n\n\n\n<p>MLS, 8. Spieltag:&nbsp;<em><strong>Portland Timbers \u2013 New York City FC (ca. 00.20 Uhr)<\/strong><\/em><\/p>\n\n\n\n<ul class=\"wp-block-list\"><li>Eurosport 1: ???<\/li><\/ul>\n\n\n\n<p>Montag, 23. April<\/p>\n\n\n\n<p>Superliga Argentina, 24. Spieltag:&nbsp;<em><strong>Boca Juniors \u2013 CA Newells Old Boys (01.00 Uhr)<\/strong><\/em><\/p>\n\n\n\n<ul class=\"wp-block-list\"><li>sportdigital: Christian Blunck<\/li><li>Sport1+: Jack Marschall<\/li><\/ul>\n\n\n\n<p>Liga NOS, 31. Spieltag:&nbsp;<em><strong>FC Porto \u2013 Vitoria Setubal (21.00 Uhr)<\/strong><\/em><\/p>\n\n\n\n<ul class=\"wp-block-list\"><li>Sportdigital: J\u00f6rg Steiger<\/li><\/ul>\n\n\n\n<p><strong>DAZN<\/strong><\/p>\n\n\n\n<ul class=\"wp-block-list\"><li><a href=\"https:\/\/web.archive.org\/web\/20180420042638\/http:\/\/www.spox.com\/de\/sport\/fussball\/international\/england\/livestream\/premier-league-programm-dazn.html\" target=\"_blank\" rel=\"noreferrer noopener\">Premier-League-Ansetzungen<\/a><\/li><li><a href=\"https:\/\/web.archive.org\/web\/20180420042638\/http:\/\/www.spox.com\/de\/sport\/fussball\/international\/spanien\/livestream\/primera-division-programm-la-liga-dazn.html\" target=\"_blank\" rel=\"noreferrer noopener\">Primera-Division-Ansetzungen<\/a><\/li><li><a href=\"https:\/\/web.archive.org\/web\/20180420042638\/http:\/\/www.spox.com\/de\/sport\/fussball\/international\/italien\/livestream\/serie-a-programm-dazn.html\" target=\"_blank\" rel=\"noreferrer noopener\">Serie-A-Ansetzungen<\/a><\/li><li><a href=\"https:\/\/web.archive.org\/web\/20180420042638\/http:\/\/www.spox.com\/de\/sport\/fussball\/international\/frankreich\/livestream\/ligue-1-programm-dazn.html\" target=\"_blank\" rel=\"noreferrer noopener\">Ligue-1-Ansetzungen<\/a><\/li><\/ul>\n\n\n\n<hr class=\"wp-block-separator\"\/>\n\n\n\n<p><em><strong>UEFA Youth League, Halbfinale &amp; Finale<\/strong><\/em><\/p>\n\n\n\n<p>Freitag, 20. April 2018, ab 12.55 Uhr (Sport1+)<\/p>\n\n\n\n<p><em><strong>FC Chelsea \u2013 FC Porto (13.00 Uhr)<\/strong><\/em><\/p>\n\n\n\n<ul class=\"wp-block-list\"><li>Sport1+: Christoph Fetzer<\/li><\/ul>\n\n\n\n<p>ab 16.55 Uhr (Sport1 &amp; Sport1+)<\/p>\n\n\n\n<p><em><strong>Manchester City \u2013 FC Barcelona (17.00 Uhr)<\/strong><\/em><\/p>\n\n\n\n<ul class=\"wp-block-list\"><li>Sport1 &amp; Sport1+: Oliver Forster<\/li><\/ul>\n\n\n\n<p>Montag, 23. April 2018, ab 16.55 Uhr (Sport1 &amp; Sport1+)<\/p>\n\n\n\n<p><em><strong>Finale (17.00 Uhr)<\/strong><\/em><\/p>\n\n\n\n<ul class=\"wp-block-list\"><li>Sport1 &amp; Sport1+: Franz B\u00fcchner<\/li><\/ul>\n\n\n\n<hr class=\"wp-block-separator\"\/>\n\n\n\n<p><em><strong>Allianz Frauen-Bundesliga, 17. Spieltag<\/strong><\/em><\/p>\n\n\n\n<p>Sonntag, 22. April 2018, ab 11.00 Uhr (Telekom Sport)<\/p>\n\n\n\n<p><em><strong>1. FFC Frankfurt \u2013 1. FFC Turbine Potsdam (11.05 Uhr)<\/strong><\/em><\/p>\n\n\n\n<ul class=\"wp-block-list\"><li>Telekom Sport: Christoph Fetzer<\/li><\/ul>\n\n\n\n<p>ab 14.00 Uhr (Telekom Sport)<\/p>\n\n\n\n<p><em><strong>FC Bayern M\u00fcnchen \u2013 FF USV Jena (14.05 Uhr)<\/strong><\/em><\/p>\n\n\n\n<ul class=\"wp-block-list\"><li>Telekom Sport: Martin Piller<\/li><\/ul>\n\n\n\n<hr class=\"wp-block-separator\"\/>\n\n\n\n<p><em><strong>UEFA Women\u2019s Champions League, Halbfinale<\/strong><\/em><\/p>\n\n\n\n<p>Sonntag, 22. April 2018, ab 19.00 Uhr (Sport1+)<\/p>\n\n\n\n<p><em><strong>FC Chelsea Ladies \u2013 VfL Wolfsburg (19.05 Uhr)<\/strong><\/em><\/p>\n\n\n\n<ul class=\"wp-block-list\"><li>Sport1+: Jan Platte<\/li><\/ul>\n\n\n\n<hr class=\"wp-block-separator\"\/>\n\n\n\n<p><em>Die<\/em><em>&nbsp;aufgef\u00fchrten Ansetzungen gew\u00e4hren keine Vollst\u00e4ndigkeit. Die Autoren des Kommentatorenblogs behalten es sich vor, TV-\u00dcbertragungen und Livestreams zu ignorieren. Grunds\u00e4tzlich nicht aufgef\u00fchrt werden Ansetzungen ausl\u00e4ndischer Sender.<\/em><\/p>\n\n\n\n<hr class=\"wp-block-separator\"\/>\n\n\n\n<p><em><strong>Die Analyse<\/strong><\/em><\/p>\n\n\n\n<p>Es ist eine Analyse, die sich am Saisonende fast wie immer von alleine schreibt: Wenn die Bayern die Meisterschaft sicher haben, r\u00fcckt der Abstiegskampf bei Sky in den Fokus. Deshalb k\u00fcmmern sich auch Michael Born und Wolff Fuss um HSV vs. Freiburg und Fuss ist auch sonntags nochmal in K\u00f6ln im Einsatz. In der zweiten Liga k\u00f6nnen N\u00fcrnberg oder Kiel einen gro\u00dfen Schritt in Richtung Oberhaus machen. Viel besser kann ein Montagsspiel nicht aussehen. Entsprechend ist mit Oliver Seidler auch ein Erstliga-Mann im Einsatz. Da quasi der Rest der Liga noch im Abstiegskampf steckt, lohnt hier der spezifische Blick kaum. Gewiss ist aber: Klaus Veltman wird am Sonntag nicht zweimal kommentieren.<\/p>\n\n\n\n<p>In der 3. Liga ergibt sich die kuriose Situation, dass die Top-Kommentatoren von Telekom Sport mit dem Aufstiegsrennen nichts zu tun haben. Der Grund ist nat\u00fcrlich, dass die Dritten die entscheidenden Spiele ebenfalls \u00fcbertragen, die Telekom das Signal nur \u00fcbernimmt und seine Kommentatoren somit in M\u00fcnchen in die Box setzt. Damit sei Alexander Klich, Robby Hunke und Martin Piller allerdings keineswegs unrecht getan. Alle drei begleiten die Saison schlie\u00dflich schon intensiv. Und Hunke begleitet als ehemaliger WDR-Mann den SC Paderborn nicht zum ersten Mal \u2013 und diesmal naht der Aufstieg.<\/p>\n\n\n\n<p>Auch die Regionalligen gehen selbstverst\u00e4ndlich dem Ende entgegen. Da l\u00e4sst sich der BR auch die L\u00f6wen nicht engehen. Mit Andr\u00e9 Siems wird eine sehr vertraute Stimme zu h\u00f6ren sein. International gibt es das gewohnt volle Programm. Bei Sportdigital wird das Fehlen von Karsten Linke mit Ulf Kahmke und Marc Rohde kompensiert. Dazu gibt es noch Jugend- und Frauenfu\u00dfball mit den gewohnten Stimmen.<\/p>\n\n\n\n<p>Sch\u00f6nes Wochenende!<\/p>\n","protected":false},"excerpt":{"rendered":"<p>(Beitrag von Leon, reposted von Nico) N\u2019Abend allerseits! Marco Hagemann hat an diesem Donnerstag verk\u00fcndet, in der kommenden Saison nicht mehr f\u00fcr Eurosport am Mikro und vor der Kamera zu sitzen. Damit konzentriert sich der Kommentator auf seine Aufgaben bei den RTL-Sendern, sowie DAZN, die in der kommenden Spielzeit noch umfangreicher werden. So zeigt Nitro [&hellip;]<\/p>\n","protected":false},"author":3,"featured_media":0,"comment_status":"open","ping_status":"open","sticky":false,"template":"","format":"standard","meta":{"footnotes":""},"categories":[424,1],"tags":[],"class_list":["post-7348","post","type-post","status-publish","format-standard","hentry","category-bundesliga-und-co","category-uncategorized"],"_links":{"self":[{"href":"https:\/\/kommentatorenblog.de\/index.php?rest_route=\/wp\/v2\/posts\/7348","targetHints":{"allow":["GET"]}}],"collection":[{"href":"https:\/\/kommentatorenblog.de\/index.php?rest_route=\/wp\/v2\/posts"}],"about":[{"href":"https:\/\/kommentatorenblog.de\/index.php?rest_route=\/wp\/v2\/types\/post"}],"author":[{"embeddable":true,"href":"https:\/\/kommentatorenblog.de\/index.php?rest_route=\/wp\/v2\/users\/3"}],"replies":[{"embeddable":true,"href":"https:\/\/kommentatorenblog.de\/index.php?rest_route=%2Fwp%2Fv2%2Fcomments&post=7348"}],"version-history":[{"count":1,"href":"https:\/\/kommentatorenblog.de\/index.php?rest_route=\/wp\/v2\/posts\/7348\/revisions"}],"predecessor-version":[{"id":7349,"href":"https:\/\/kommentatorenblog.de\/index.php?rest_route=\/wp\/v2\/posts\/7348\/revisions\/7349"}],"wp:attachment":[{"href":"https:\/\/kommentatorenblog.de\/index.php?rest_route=%2Fwp%2Fv2%2Fmedia&parent=7348"}],"wp:term":[{"taxonomy":"category","embeddable":true,"href":"https:\/\/kommentatorenblog.de\/index.php?rest_route=%2Fwp%2Fv2%2Fcategories&post=7348"},{"taxonomy":"post_tag","embeddable":true,"href":"https:\/\/kommentatorenblog.de\/index.php?rest_route=%2Fwp%2Fv2%2Ftags&post=7348"}],"curies":[{"name":"wp","href":"https:\/\/api.w.org\/{rel}","templated":true}]}}