{"id":7350,"date":"2018-04-12T12:20:00","date_gmt":"2018-04-12T11:20:00","guid":{"rendered":"http:\/\/kommentatorenblog.de\/?p=7350"},"modified":"2021-03-07T13:01:36","modified_gmt":"2021-03-07T12:01:36","slug":"kommentatorenblog-946-er-lebt-noch","status":"publish","type":"post","link":"https:\/\/kommentatorenblog.de\/?p=7350","title":{"rendered":"[Kommentatorenblog #946] \u2013 Er lebt noch"},"content":{"rendered":"\n<p>(Beitrag von Leon, reposted von Nico)<\/p>\n\n\n\n<p>N\u2019Abend allerseits!<\/p>\n\n\n\n<p>Eins ist klar: Der Davis Cup hat in den letzten Jahren einiges an Prestige verloren.&nbsp;Viele Top-Spieler verzichten aufgrund der hohen Belastung. Deshalb auch die Pl\u00e4ne der ITF das Format zu \u00e4ndern. F\u00fcr die n\u00e4chsten Jahre ist eine Art \u201eWeltmeisterschaft der 18 besten Nationen\u201c geplant. Diese Idee st\u00f6\u00dft auf viel Kritik, eine Entscheidung ist noch nicht getroffen. Das&nbsp;Drama zwischen Deutschland und Spanien&nbsp;sollte zum&nbsp;Denken&nbsp;anregen. Der Davis Cup scheint noch zu Leben.&nbsp;Ich finde es \u00fcbrigens schade, dass es sowas nicht mehr ins TV schafft.<\/p>\n\n\n\n<p><em><strong>Die Ansetzungen vom 13.&nbsp;April 2018 bis zum&nbsp;16&nbsp;April 2018<\/strong><\/em><\/p>\n\n\n\n<p><em><strong>Bundesliga, 30. Spieltag<\/strong><\/em><\/p>\n\n\n\n<p>Freitag, 13. April 2018 ab 19.30 Uhr (Eurosport 2 Xtra)<\/p>\n\n\n\n<p><em><strong>VfL Wolfsburg \u2013 FC Augsburg (20.30 Uhr)<\/strong><\/em><\/p>\n\n\n\n<ul class=\"wp-block-list\"><li>Eurosport 2 Xtra: Marco Hagemann<\/li><\/ul>\n\n\n\n<p>Moderation (Eurosport 2 Xtra): Jan Henkel, Experte: Matthias Sammer<\/p>\n\n\n\n<p>Samstag, 14.&nbsp;April 2018, ab 13.00 Uhr (Sky)<\/p>\n\n\n\n<p><em><strong>Bayer 04 Leverkusen \u2013 Eintracht Frankfurt (15.30 Uhr)<\/strong><\/em><\/p>\n\n\n\n<ul class=\"wp-block-list\"><li>Sky: Marcus Lindemann (Einzelspiel), Martin Gro\u00df (Konferenz)<\/li><\/ul>\n\n\n\n<p><em><strong>TSG 1899 Hoffenheim \u2013 &nbsp;Hamburger SV (15.30 Uhr)<\/strong><\/em><\/p>\n\n\n\n<ul class=\"wp-block-list\"><li>Sky: Roland Evers (Einzelspiel), Michael Born (Konferenz)<\/li><\/ul>\n\n\n\n<p><em><strong>VfB Stuttgart \u2013 Hannover 96 (15.30 Uhr)<\/strong><\/em><\/p>\n\n\n\n<ul class=\"wp-block-list\"><li>Sky: Jonas Friedrich (Einzelspiel), Tom Bayer (Konferenz)<\/li><\/ul>\n\n\n\n<p><em><strong>Hertha BSC \u2013 1. FC K\u00f6ln (15.30 Uhr)<\/strong><\/em><\/p>\n\n\n\n<ul class=\"wp-block-list\"><li>Sky: Hansi K\u00fcpper (Einzelspiel), Frank Buschmann (Konferenz)<\/li><\/ul>\n\n\n\n<p>ab&nbsp;17.30 Uhr (Sky\/Sky Sport News HD)<\/p>\n\n\n\n<p><em><strong>FC Bayern M\u00fcnchen \u2013 Borussia&nbsp;M\u00f6nchengladbach (18.30 Uhr)<\/strong><\/em><\/p>\n\n\n\n<ul class=\"wp-block-list\"><li>Sky: Wolff Fuss<\/li><\/ul>\n\n\n\n<p>Moderation (Sky): Esther Sedlaczek &amp; Yannick Erkenbrecher, Experten: Reiner Calmund, Lothar Matth\u00e4us &amp; Christoph Metzelder<\/p>\n\n\n\n<p>Sonntag, 15.&nbsp;April 2018 ab 14.30 Uhr (Sky)<\/p>\n\n\n\n<p><em><strong>FC Schalke 04 \u2013 Borussia Dortmund (15.30 Uhr)<\/strong><\/em><\/p>\n\n\n\n<ul class=\"wp-block-list\"><li>Sky: Kai Dittmann<\/li><\/ul>\n\n\n\n<p>ab 17.30 Uhr (Sky)<\/p>\n\n\n\n<p><em><strong>SV Werder Bremen\u2013 RB Leipzig (18.00 Uhr)<\/strong><\/em><\/p>\n\n\n\n<ul class=\"wp-block-list\"><li>Sky: Oliver Seidler<\/li><\/ul>\n\n\n\n<p>Moderation (Sky): Michael Leopold, Experte: Dietmar Hamann<\/p>\n\n\n\n<p>Montag, 16. April 2018 ab 19.30 Uhr (Eurosport 2 Xtra)<\/p>\n\n\n\n<p><em><strong>FSV Mainz 05 \u2013 SC Freiburg (20.30 Uhr)<\/strong><\/em><\/p>\n\n\n\n<ul class=\"wp-block-list\"><li>Eurosport 2 Xtra: Philipp Eger<\/li><\/ul>\n\n\n\n<p>Moderation (Eurosport 2 Xtra): Jan Henkel, Experte: Matthias Sammer<\/p>\n\n\n\n<hr class=\"wp-block-separator\"\/>\n\n\n\n<p><em><strong>2. Bundesliga, 30. Spieltag<\/strong><\/em><\/p>\n\n\n\n<p>Freitag, 13. April 2018 ab 18.00 Uhr (Sky)<\/p>\n\n\n\n<p><em><strong>VfL Bochum \u2013 1. FC Kaiserslautern (18.30 Uhr)<\/strong><\/em><\/p>\n\n\n\n<ul class=\"wp-block-list\"><li>Sky: J\u00fcrgen Schmitz (Einzelspiel), Andreas Renner (Konferenz)<\/li><\/ul>\n\n\n\n<p><em><strong>SpVgg Greuther F\u00fcrth \u2013 Jahn Regensburg (18.30 Uhr)<\/strong><\/em><\/p>\n\n\n\n<ul class=\"wp-block-list\"><li>Sky: Holger Pfandt (Einzelspiel), Markus G\u00f6tz (Konferenz)<\/li><\/ul>\n\n\n\n<p>Moderation (Sky): Christina Rann<\/p>\n\n\n\n<p>Samstag, 14.&nbsp;April 2018 ab 12.30 Uhr (Sky)<\/p>\n\n\n\n<p><em><strong>FC St. Pauli \u2013 1. FC Union Berlin (13.00 Uhr)<\/strong><\/em><\/p>\n\n\n\n<ul class=\"wp-block-list\"><li>Sky: Thorsten Kunde (Einzelspiel), Marc Hindelang (Konferenz)<\/li><\/ul>\n\n\n\n<p><em><strong>SG Dynamo Dresden \u2013 Holstein Kiel (13.00 Uhr)<\/strong><\/em><\/p>\n\n\n\n<ul class=\"wp-block-list\"><li>Sky: Sven Haist (Einzelspiel), Klaus Veltmann (Konferenz)<\/li><\/ul>\n\n\n\n<p><em><strong>MSV Duisburg \u2013 SV Sandhausen (13.00 Uhr)<\/strong><\/em><\/p>\n\n\n\n<ul class=\"wp-block-list\"><li>Sky: Markus Gaupp (Einzelspiel), Florian Schmidt-Sommerfeld (Konferenz)<\/li><\/ul>\n\n\n\n<p><em><strong>DSC Arminia Bielefeld \u2013 FC Erzgebirge Aue (13.00 Uhr)<\/strong><\/em><\/p>\n\n\n\n<ul class=\"wp-block-list\"><li>Sky: Marcel Meinert (Einzelspiel), Holger Pfandt (Konferenz)<\/li><\/ul>\n\n\n\n<p>Moderation (Sky): Peter Hardenacke<\/p>\n\n\n\n<p>Sonntag, 15. April&nbsp;2018 ab 13.00 Uhr (Sky)<\/p>\n\n\n\n<p><em><strong>1. FC Heidenheim \u2013 Fortuna D\u00fcsseldorf&nbsp; (13.30 Uhr)<\/strong><\/em><\/p>\n\n\n\n<ul class=\"wp-block-list\"><li>Sky: Ulli Potofski (Einzelspiel), Klaus Veltmann (Konferenz)<\/li><\/ul>\n\n\n\n<p><em><strong>FC Ingolstadt 04 \u2013 1. FC N\u00fcrnberg (13.30 Uhr)<\/strong><\/em><\/p>\n\n\n\n<ul class=\"wp-block-list\"><li>Sky: Martin Gro\u00df (Einzelspiel), Hansi K\u00fcpper (Konferenz)<\/li><\/ul>\n\n\n\n<p><em><strong>SV Darmstadt 98 \u2013 Eintracht Braunschweig (13.30 Uhr)<\/strong><\/em><\/p>\n\n\n\n<ul class=\"wp-block-list\"><li>Sky: Christina Graf (Einzelspiel), Michael Born (Konferenz)<\/li><\/ul>\n\n\n\n<p>Moderation (Sky): Stefan Hempel<\/p>\n\n\n\n<hr class=\"wp-block-separator\"\/>\n\n\n\n<p><em><strong>3. Liga, 34. Spieltag<\/strong><\/em><\/p>\n\n\n\n<p>Freitag, 13.&nbsp;April 2018 ab 18.30 Uhr (Telekom Sport)<\/p>\n\n\n\n<p><em><strong>SV Wehen Wiesbaden \u2013 FC Magdeburg (14.00 Uhr)<\/strong><\/em><\/p>\n\n\n\n<ul class=\"wp-block-list\"><li>Telekom Sport: Alexander Klich<\/li><\/ul>\n\n\n\n<p>Moderation (Telekom Sport): Cedric Pick<\/p>\n\n\n\n<p>Samstag, 14.&nbsp;April 2018 ab 13.45 Uhr (Telekom Sport)<\/p>\n\n\n\n<p><em><strong>SG Sonnenhof Gro\u00dfaspach \u2013 SV Werder Bremen II (14.00 Uhr)<\/strong><\/em><\/p>\n\n\n\n<ul class=\"wp-block-list\"><li>Telekom Sport: Franz B\u00fcchner<\/li><\/ul>\n\n\n\n<p>Moderation (Telekom Sport): Thomas Wagner<\/p>\n\n\n\n<p><em><strong>Hallescher FC \u2013 W\u00fcrzburger Kickers (14.00 Uhr)<\/strong><\/em><\/p>\n\n\n\n<ul class=\"wp-block-list\"><li>Telekom Sport: Andreas Mann<\/li><\/ul>\n\n\n\n<p>Moderation (Telekom Sport): Anett Sattler<\/p>\n\n\n\n<p><em><strong>Chemnitzer FC \u2013 SV Meppen (14.00 Uhr)<\/strong><\/em><\/p>\n\n\n\n<ul class=\"wp-block-list\"><li>Telekom Sport: Alexander K\u00fcpper<\/li><\/ul>\n\n\n\n<p>Moderation (Telekom Sport): Stefanie Blochwitz<\/p>\n\n\n\n<p>Ab 14.00 Uhr (Telekom Sport, MDR, WDR, NDR)<\/p>\n\n\n\n<p><em><strong>FC Carl Zeiss Jena \u2013 VfR Aalen (14.05 Uhr)<\/strong><\/em><\/p>\n\n\n\n<ul class=\"wp-block-list\"><li>MDR: Eik Galley<\/li><li>Telekom Sport: Christoph Fetzer<\/li><\/ul>\n\n\n\n<p>Moderation (MDR): Stephanie M\u00fcller-Spirra<\/p>\n\n\n\n<p><em><strong>Fortuna K\u00f6ln \u2013 SV&nbsp;Preu\u00dfen M\u00fcnster&nbsp;(14.05 Uhr)<\/strong><\/em><\/p>\n\n\n\n<ul class=\"wp-block-list\"><li>WDR: ???<\/li><li>Telekom Sport: Alexander Kunz<\/li><\/ul>\n\n\n\n<p>Moderation (WDR): ???<\/p>\n\n\n\n<p><em><strong>VfL Osnabr\u00fcck \u2013 SC Paderborn 07 (14.05 Uhr)<\/strong><\/em><\/p>\n\n\n\n<ul class=\"wp-block-list\"><li>NDR: ???<\/li><li>Telekom Sport: Martin Piller<\/li><\/ul>\n\n\n\n<p>Moderation (NDR): ???<\/p>\n\n\n\n<p>Sonntag, 15. April&nbsp;2018 ab 13.45 Uhr (Telekom Sport)<\/p>\n\n\n\n<p><em><strong>Sportfreunde Lotte \u2013 FC Rot-Wei\u00df Erfurt (14.00 Uhr)<\/strong><\/em><\/p>\n\n\n\n<ul class=\"wp-block-list\"><li>Telekom Sport: Markus H\u00f6hner<\/li><\/ul>\n\n\n\n<p>Moderation (Telekom Sport): Thomas Wagner<\/p>\n\n\n\n<p><em><strong>SpVgg Unterhaching \u2013 FSV Zwickau (14.00 Uhr)<\/strong><\/em><\/p>\n\n\n\n<ul class=\"wp-block-list\"><li>Telekom Sport: Christian Stra\u00dfburger<\/li><\/ul>\n\n\n\n<p>Moderation (Telekom Sport): Alexander Klich<\/p>\n\n\n\n<p>ab 14.00 Uhr (Telekom Sport, SWR)<\/p>\n\n\n\n<p><em><strong>Karlsruher SC \u2013 FC Hansa Rostock (14.00 Uhr)<\/strong><\/em><\/p>\n\n\n\n<ul class=\"wp-block-list\"><li>SWR: Phillip Sohmer<\/li><li>Telekom Sport: Martin Piller<\/li><\/ul>\n\n\n\n<p>Moderation (MDR): Lennert Brinkhoff<\/p>\n\n\n\n<hr class=\"wp-block-separator\"\/>\n\n\n\n<p><em><strong>Sonstiger Fu\u00dfball National<\/strong><\/em><\/p>\n\n\n\n<p>Samstag, 14.&nbsp;April 2018, ab 15.25 Uhr (Sport1)<\/p>\n\n\n\n<p>Regionalliga S\u00fcdwest, 34. Spieltag:<em><strong>&nbsp;Kickers Offenbach \u2013&nbsp;Waldhof Mannheim&nbsp;(15.35 Uhr)<\/strong><\/em><\/p>\n\n\n\n<ul class=\"wp-block-list\"><li>Sport1: Oliver Forster<\/li><\/ul>\n\n\n\n<p>Moderation (Sport1): ???<\/p>\n\n\n\n<hr class=\"wp-block-separator\"\/>\n\n\n\n<p><em><strong>Fu\u00dfball International<\/strong><\/em><\/p>\n\n\n\n<p>Freitag, 13.&nbsp;April 2018<\/p>\n\n\n\n<p>Chinese Super League, 6. Spieltag:&nbsp;<em><strong>Shanghai SIPG FC \u2013 Hebei China Fortune&nbsp;<\/strong><strong>(14.00 Uhr)<\/strong><\/em><\/p>\n\n\n\n<ul class=\"wp-block-list\"><li>sportdigital: Karsten Linke<\/li><\/ul>\n\n\n\n<p>Ligue 1, 33. Spieltag:&nbsp;<em><strong>Angers SCO \u2013 OGC N\u00edzza (20.45 Uhr)<\/strong><\/em><\/p>\n\n\n\n<ul class=\"wp-block-list\"><li>Sport1+: Sebastian Bernsdorff<\/li><\/ul>\n\n\n\n<p>Sky Bet Championship, 43. Spieltag:&nbsp;<em><strong>Aston Villa \u2013&nbsp;Leeds United&nbsp;(20.45 Uhr)<\/strong><\/em><\/p>\n\n\n\n<ul class=\"wp-block-list\"><li>sportdigital: Karsten Linke<\/li><\/ul>\n\n\n\n<p>Samstag,&nbsp;14..&nbsp;April&nbsp;2018<\/p>\n\n\n\n<p>Premjer Liga, 26. Spieltag:&nbsp;<em><strong>Dinamo Moskau \u2013 Lokomotiv Moskau (13.00 Uhr)<\/strong><\/em><\/p>\n\n\n\n<ul class=\"wp-block-list\"><li>sportdigital: Hannes Herrmann<\/li><\/ul>\n\n\n\n<p>Sky Bet Championship, 43. Spieltag:&nbsp;<em><strong>FC&nbsp;Middlesborough&nbsp;\u2013&nbsp;Bristol City (16.00 Uhr)<\/strong><\/em><\/p>\n\n\n\n<ul class=\"wp-block-list\"><li>sportdigital: Manfred Winter<\/li><\/ul>\n\n\n\n<p>Ligue 1, 33. Spieltag:&nbsp;<em><strong>Olympique Lyon \u2013 SC Amiens (Liveeinstieg ca. 17.55 Uhr)<\/strong><\/em><\/p>\n\n\n\n<ul class=\"wp-block-list\"><li>Sport1+: Michael Birk<\/li><\/ul>\n\n\n\n<p>Sky Bet Championship, 43. Spieltag:&nbsp;<em><strong>FC Fulham&nbsp;\u2013&nbsp;Brentford FC (18.30 Uhr)<\/strong><\/em><\/p>\n\n\n\n<ul class=\"wp-block-list\"><li>sportdigital: J\u00f6rg Steiger<\/li><\/ul>\n\n\n\n<p>Super Liga \u2013 Championship Gruppe, 31. Spieltag:&nbsp;<em><strong>Roter Stern Belgrad&nbsp;\u2013 Partizan Belgrad<\/strong>&nbsp;<strong>(Liveeinstieg ca. 18.55 Uhr)<\/strong><\/em><\/p>\n\n\n\n<ul class=\"wp-block-list\"><li>Sport1+: Marcus Radefeld<\/li><\/ul>\n\n\n\n<p>Jupiler Pro League, Playoffs, 3. Spieltag:&nbsp;<em><strong>Standard L\u00fcttich \u2013 KAA Gent&nbsp;<\/strong><strong>(20.30 Uhr)<\/strong><\/em><\/p>\n\n\n\n<ul class=\"wp-block-list\"><li>Sport1+: Marcel Seufert<\/li><\/ul>\n\n\n\n<p>Sonntag, 15. April<\/p>\n\n\n\n<p>Hyundai A-League, 27. Spieltag:&nbsp;<em><strong>Western Sydney Wanderers \u2013 Adelaide United (09.00 Uhr)<\/strong><\/em><\/p>\n\n\n\n<ul class=\"wp-block-list\"><li>sportdigital: Christian Blunck<\/li><\/ul>\n\n\n\n<p>Sky Bet Championship, 43. Spieltag:&nbsp;<em><strong>Wolverhampton Wanderers \u2013&nbsp;Birmingham City (13.00 Uhr)<\/strong><\/em><\/p>\n\n\n\n<ul class=\"wp-block-list\"><li>sportdigital: Florian Obst<\/li><\/ul>\n\n\n\n<p>Ligue 1, 33. Spieltag:&nbsp;<em><strong>Montpellier&nbsp;HSC&nbsp;<\/strong><\/em><em><strong>\u2013 Girondins Bordeaux (15.00 Uhr)<\/strong><\/em><\/p>\n\n\n\n<ul class=\"wp-block-list\"><li>Sport1+: Thomas Herrmann<\/li><\/ul>\n\n\n\n<p>Eredivisie, 31. Spieltag:&nbsp;<strong><em>PSV Eindhoven&nbsp;<strong>\u2013<\/strong>&nbsp;<\/em><\/strong><em><strong>Ajax Amsterdam (16.45 Uhr)<\/strong><\/em><\/p>\n\n\n\n<ul class=\"wp-block-list\"><li>sportdigital: Karsten Linke<\/li><\/ul>\n\n\n\n<p>Serie A, 32. Spieltag:&nbsp;<strong><em>Juventus Turin&nbsp;<strong>\u2013<\/strong>&nbsp;<\/em><\/strong><em><strong>Sampdoria Genua (18.00 Uhr)<\/strong><\/em><\/p>\n\n\n\n<ul class=\"wp-block-list\"><li>Sport1+: Sebastian Bernsdorff<\/li><\/ul>\n\n\n\n<p>Liga NOS, 30. Spieltag:&nbsp;<em><strong>Benfica Lissabon \u2013 FC Porto (19.00 Uhr)<\/strong><\/em><\/p>\n\n\n\n<ul class=\"wp-block-list\"><li>Sportdigital: J\u00f6rg Steiger<\/li><\/ul>\n\n\n\n<p>Campeonato Brasileiro, 1. Spieltag:&nbsp;<em><strong>SC Corinthians \u2013 FC Fluminense (21.00 Uhr)<\/strong><\/em><\/p>\n\n\n\n<ul class=\"wp-block-list\"><li>Sport1+: Marcus Radefeld<\/li><\/ul>\n\n\n\n<p>Liga NOS, 30. Spieltag:&nbsp;<em><strong>Belenenses Lissabon \u2013 Sporting Lissabon (21.15 Uhr)<\/strong><\/em><\/p>\n\n\n\n<ul class=\"wp-block-list\"><li>Sportdigital: Karsten Linke<\/li><\/ul>\n\n\n\n<p>Superliga Argentina, 23. Spieltag:&nbsp;<em><strong>CA Indepediente \u2013 Boca Juniors (01.00 Uhr)<\/strong><\/em><\/p>\n\n\n\n<ul class=\"wp-block-list\"><li>Sport1+: Jack Marschall<\/li><li>sportdigital: Christian Blunck<\/li><\/ul>\n\n\n\n<p><strong>DAZN<\/strong><\/p>\n\n\n\n<ul class=\"wp-block-list\"><li><a href=\"https:\/\/web.archive.org\/web\/20180420042638\/http:\/\/www.spox.com\/de\/sport\/fussball\/international\/england\/livestream\/premier-league-programm-dazn.html\" target=\"_blank\" rel=\"noreferrer noopener\">Premier-League-Ansetzungen<\/a><\/li><li><a href=\"https:\/\/web.archive.org\/web\/20180420042638\/http:\/\/www.spox.com\/de\/sport\/fussball\/international\/spanien\/livestream\/primera-division-programm-la-liga-dazn.html\" target=\"_blank\" rel=\"noreferrer noopener\">Primera-Division-Ansetzungen<\/a><\/li><li><a href=\"https:\/\/web.archive.org\/web\/20180420042638\/http:\/\/www.spox.com\/de\/sport\/fussball\/international\/italien\/livestream\/serie-a-programm-dazn.html\" target=\"_blank\" rel=\"noreferrer noopener\">Serie-A-Ansetzungen<\/a><\/li><\/ul>\n\n\n\n<hr class=\"wp-block-separator\"\/>\n\n\n\n<p><em>Die<\/em><em>&nbsp;aufgef\u00fchrten Ansetzungen gew\u00e4hren keine Vollst\u00e4ndigkeit. Die Autoren des Kommentatorenblogs behalten es sich vor, TV-\u00dcbertragungen und Livestreams zu ignorieren. Grunds\u00e4tzlich nicht aufgef\u00fchrt werden Ansetzungen ausl\u00e4ndischer Sender.<\/em><\/p>\n\n\n\n<hr class=\"wp-block-separator\"\/>\n\n\n\n<p><em><strong>Die Analyse<\/strong><\/em><\/p>\n\n\n\n<p>Sky nutzt am Samstagabend sein Free-TV Recht. In der Folge l\u00e4uft die Partie zwischen Bayern und Gladbach bei Sky Sport News HD. Sicherlich auch ein weiterer Versuch darauf aufmerksam zu machen, dass der Newskanal von Sky mittlerweil&nbsp;f\u00fcr alle frei empfangbar ist. Kommentiert wird das Ganze daher auch von Wolff Fuss. Auch die Konferenz ist mit Born, Bayer, Buschmann und Gro\u00df prominent besetzt. Kai Dittmann darf am Sonntag beim Revierderby ran, Oliver Seidler meldet sich gewohnt mal wieder aus Bremen. Die Eurosport-Ansetzungen sind uns nicht bekannt.<\/p>\n\n\n\n<p>Nach seinen Champions-League Eins\u00e4tzen hei\u00dft es f\u00fcr Marc Hindelang am Wochenende 2. Liga. Martin Gro\u00df \u201emuss\u201c am Sonntag nach Ingolstadt.<\/p>\n\n\n\n<p>International ist eine Viererschicht f\u00fcr Karsten Linke auff\u00e4llig,&nbsp;der ehemalige Hockey-Profi&nbsp;Christian Blunck muss Sonntag fr\u00fch aufstehen und lange aufbleiben. Peter Kohl wird in auf Sport1+ durch Sebastian Bernsdorff und Urgestein Thomas Herrmann ersetzt.<\/p>\n\n\n\n<p>Sch\u00f6nes Fu\u00dfballwochenende!<\/p>\n","protected":false},"excerpt":{"rendered":"<p>(Beitrag von Leon, reposted von Nico) N\u2019Abend allerseits! Eins ist klar: Der Davis Cup hat in den letzten Jahren einiges an Prestige verloren.&nbsp;Viele Top-Spieler verzichten aufgrund der hohen Belastung. Deshalb auch die Pl\u00e4ne der ITF das Format zu \u00e4ndern. F\u00fcr die n\u00e4chsten Jahre ist eine Art \u201eWeltmeisterschaft der 18 besten Nationen\u201c geplant. Diese Idee st\u00f6\u00dft [&hellip;]<\/p>\n","protected":false},"author":3,"featured_media":0,"comment_status":"open","ping_status":"open","sticky":false,"template":"","format":"standard","meta":{"footnotes":""},"categories":[424,1],"tags":[],"class_list":["post-7350","post","type-post","status-publish","format-standard","hentry","category-bundesliga-und-co","category-uncategorized"],"_links":{"self":[{"href":"https:\/\/kommentatorenblog.de\/index.php?rest_route=\/wp\/v2\/posts\/7350","targetHints":{"allow":["GET"]}}],"collection":[{"href":"https:\/\/kommentatorenblog.de\/index.php?rest_route=\/wp\/v2\/posts"}],"about":[{"href":"https:\/\/kommentatorenblog.de\/index.php?rest_route=\/wp\/v2\/types\/post"}],"author":[{"embeddable":true,"href":"https:\/\/kommentatorenblog.de\/index.php?rest_route=\/wp\/v2\/users\/3"}],"replies":[{"embeddable":true,"href":"https:\/\/kommentatorenblog.de\/index.php?rest_route=%2Fwp%2Fv2%2Fcomments&post=7350"}],"version-history":[{"count":2,"href":"https:\/\/kommentatorenblog.de\/index.php?rest_route=\/wp\/v2\/posts\/7350\/revisions"}],"predecessor-version":[{"id":7352,"href":"https:\/\/kommentatorenblog.de\/index.php?rest_route=\/wp\/v2\/posts\/7350\/revisions\/7352"}],"wp:attachment":[{"href":"https:\/\/kommentatorenblog.de\/index.php?rest_route=%2Fwp%2Fv2%2Fmedia&parent=7350"}],"wp:term":[{"taxonomy":"category","embeddable":true,"href":"https:\/\/kommentatorenblog.de\/index.php?rest_route=%2Fwp%2Fv2%2Fcategories&post=7350"},{"taxonomy":"post_tag","embeddable":true,"href":"https:\/\/kommentatorenblog.de\/index.php?rest_route=%2Fwp%2Fv2%2Ftags&post=7350"}],"curies":[{"name":"wp","href":"https:\/\/api.w.org\/{rel}","templated":true}]}}