{"id":7353,"date":"2018-04-06T12:23:00","date_gmt":"2018-04-06T11:23:00","guid":{"rendered":"http:\/\/kommentatorenblog.de\/?p=7353"},"modified":"2021-03-07T13:01:36","modified_gmt":"2021-03-07T12:01:36","slug":"kommentatorenblog-944-ein-grosser-coup","status":"publish","type":"post","link":"https:\/\/kommentatorenblog.de\/?p=7353","title":{"rendered":"[Kommentatorenblog #944] \u2013 Ein gro\u00dfer Coup?"},"content":{"rendered":"\n<p>(Beitrag von Dennis, reposted von Nico)<\/p>\n\n\n\n<p>N\u2019Abend allerseits!<\/p>\n\n\n\n<p>25. Eine Zahl, mit der man gewisse Dinge verbinden kann. Die Fantastischen Vier haben der Zahl, passend zu ihrem Bandjubil\u00e4um, gar ein ganzes Lied gewidmet. Und dann ist da noch Sky. Wie der Sender n\u00e4mlich bekanntgab, wird man von der kommenden WM in Russland 25 Spiele live \u00fcbertragen, allerdings wird es die Spiele nur auf dem UHD Sender zu sehen geben. Und das ist, aus meiner Sicht, f\u00fcr Sky ein Problem. Die Spiele wird es n\u00e4mlich nicht exklusiv beim Pay-TV Sender zu sehen geben, jedes Spiel wird auch bei den \u00f6ffentlich-rechtlichen zu sehen sein. Allein schon dieser Fakt wird Sky wohl keine Bomben-Quoten schenken. Und dann eben auch nur auf dem UHD-Kanal. Ob sich der geneigte Fu\u00dfballfan jetzt \u201enur\u201c wegen einem sch\u00e4rferen Bild und einen Sky-Kommentator wirklich dieses Paket buchen wird, wage ich zu bezweifeln. Aber gut, Sky bezeichnet diese Rechte als gro\u00dfen Coup. Ein bisschen Galgenhumor, nachdem ihnen in letzter Zeit ja gef\u00fchlt alle Rechte entlaufen sind?<\/p>\n\n\n\n<p>Wenn wir schon von Rechten reden: DAZN hat mal ganz heimlich, still und leise die Rechte f\u00fcr die La Liga, Spanien, um drei Jahre verl\u00e4ngert. Scheinbar war keine gro\u00dfe Konkurrenz vorhanden, die Liga will n\u00e4mlich, dass jedes einzelne Spiel live \u00fcbertragen wird. Macht DAZN ja jetzt schon, also kann man die Zusammenarbeit ja fortsetzen.<\/p>\n\n\n\n<p><em><strong>Bundesliga, 29. Spieltag<\/strong><\/em><\/p>\n\n\n\n<p>Freitag, 06. April 2018 ab 19.30 Uhr (Eurosport 2 Xtra)<\/p>\n\n\n\n<p><em><strong>Hannover 06 \u2013 SV Werder Bremen (20.30 Uhr)<\/strong><\/em><\/p>\n\n\n\n<ul class=\"wp-block-list\"><li>Eurosport 2 Xtra: Matthias Stach<\/li><\/ul>\n\n\n\n<p>Moderation (Eurosport 2 Xtra): Jan Henkel, Experte: Matthias Sammer<\/p>\n\n\n\n<p>Samstag, 07. April 2018 ab 13.00 Uhr (Sky)<\/p>\n\n\n\n<p><em><strong>1. FC K\u00f6ln \u2013 1. FSV Mainz 05 (15.30 Uhr)<\/strong><\/em><\/p>\n\n\n\n<ul class=\"wp-block-list\"><li>Sky: Toni Tomic (Einzelspiel), Roland Evers (Konferenz)<\/li><\/ul>\n\n\n\n<p><em><strong>FC Augsburg \u2013 FC Bayern M\u00fcnchen (15.30 Uhr)<\/strong><\/em><\/p>\n\n\n\n<ul class=\"wp-block-list\"><li>Sky: Kai Dittmann (Einzelspiel), Wolff Fuss (Konferenz)<\/li><\/ul>\n\n\n\n<p><em><strong>SC Freiburg \u2013 VFL Wolfsburg (15.30 Uhr)<\/strong><\/em><\/p>\n\n\n\n<ul class=\"wp-block-list\"><li>Sky: Jonas Friedrich (Einzelspiel), Markus G\u00f6tz (Konferenz)<\/li><\/ul>\n\n\n\n<p><em><strong>Borussia M\u00f6nchengladbach \u2013 Hertha BSC (15.30 Uhr)<\/strong><\/em><\/p>\n\n\n\n<ul class=\"wp-block-list\"><li>Sky: Marcus Lindemann (Einzelspiel), Hansi K\u00fcpper (Konferenz)<\/li><\/ul>\n\n\n\n<p>Moderation (Sky): Britta Hofmann &amp; Sebastian Hellmann, Experte: Lothar Matth\u00e4us, Christoph Metzelder &amp; Reiner Calmund<\/p>\n\n\n\n<p>Ab 17.30 Uhr (Sky)<\/p>\n\n\n\n<p><em><strong>Hamburger SV \u2013 FC Schalke 04 (18.30 Uhr)<\/strong><\/em><\/p>\n\n\n\n<ul class=\"wp-block-list\"><li>Sky: Martin Gro\u00df<\/li><\/ul>\n\n\n\n<p>Moderation (Sky): Britta Hofmann &amp; Sebastian Hellmann, Experte: Lothar Matth\u00e4us, Christoph Metzelder &amp; Reiner Calmund<\/p>\n\n\n\n<p>Sonntag, 08. April 2018 ab 14.30 Uhr (Sky)<\/p>\n\n\n\n<p><em><strong>Borussia Dortmund \u2013 VFB Stuttgart (15.30 Uhr)<\/strong><\/em><\/p>\n\n\n\n<ul class=\"wp-block-list\"><li>Sky: Wolff Fuss<\/li><\/ul>\n\n\n\n<p>Moderation (Sky): Michael Leopold, Experte: Dietmar Hamann<\/p>\n\n\n\n<p>Ab 17.30 Uhr (Sky)<\/p>\n\n\n\n<p><em><strong>Eintracht Frankfurt \u2013 1899 Hoffenheim (18.00 Uhr)<\/strong><\/em><\/p>\n\n\n\n<ul class=\"wp-block-list\"><li>Sky: Tom Bayer<\/li><\/ul>\n\n\n\n<p>Moderation (Sky): Michael Leopold, Experte: Dietmar Hamann<\/p>\n\n\n\n<p>Montag, 09. April 2018 ab 19.30 Uhr (Eurosport 2 Xtra)<\/p>\n\n\n\n<p><em><strong>RB Leipzig \u2013 Bayer 04 Leverkusen (20.30 Uhr)<\/strong><\/em><\/p>\n\n\n\n<ul class=\"wp-block-list\"><li>Eurosport 2 Xtra: ???<\/li><\/ul>\n\n\n\n<p>Moderation (Eurosport 2 Xtra): Jan Henkel, Experte: Matthias Sammer<\/p>\n\n\n\n<hr class=\"wp-block-separator\"\/>\n\n\n\n<p><em><strong>2. Bundesliga, 29. Spieltag<\/strong><\/em><\/p>\n\n\n\n<p>Freitag, 06. April 2018 ab 18.00 Uhr (Sky)<\/p>\n\n\n\n<p><em><strong>Fortuna D\u00fcsseldorf \u2013 VFL Bochum (18.30 Uhr)<\/strong><\/em><\/p>\n\n\n\n<ul class=\"wp-block-list\"><li>Sky: J\u00fcrgen Schmitz (Einzelspiel), Markus Gaupp (Konferenz)<\/li><\/ul>\n\n\n\n<p><em><strong>SV Sandhausen \u2013 SpVgg Greuther F\u00fcrth (18.30 Uhr)<\/strong><\/em><\/p>\n\n\n\n<ul class=\"wp-block-list\"><li>Sky: Ulli Potofski (Einzelspiel), Sascha Roos (Konferenz)<\/li><\/ul>\n\n\n\n<p>Moderation (Sky): Christina Rann<\/p>\n\n\n\n<p>Samstag, 07. April 2018 ab 12.30 Uhr (Sky)<\/p>\n\n\n\n<p><em><strong>Holstein Kiel \u2013 SV Darmstadt 08 (13.00 Uhr)<\/strong><\/em><\/p>\n\n\n\n<ul class=\"wp-block-list\"><li>Sky: Torsten Kunde (Einzelspiel), Sven Schr\u00f6ter (Konferenz)<\/li><\/ul>\n\n\n\n<p><em><strong>1. FC N\u00fcrnberg \u2013 1. FC Heidenheim (13.00 Uhr)<\/strong><\/em><\/p>\n\n\n\n<ul class=\"wp-block-list\"><li>Sky: Jaron Steiner (Einzelspiel), Marc Hindelang (Konferenz)<\/li><\/ul>\n\n\n\n<p><em><strong>FC Erzgebirge Aue \u2013 FC St. Pauli (13.00 Uhr)<\/strong><\/em><\/p>\n\n\n\n<ul class=\"wp-block-list\"><li>Sky: Marcel Meinert (Einzelspiel), Florian Schmidt-Sommerfeld (Konferenz)<\/li><\/ul>\n\n\n\n<p><em><strong>Union Berlin \u2013 MSV Duisburg (13.00 Uhr)<\/strong><\/em><\/p>\n\n\n\n<ul class=\"wp-block-list\"><li>Sky: Sven Haist (Einzelspiel), J\u00f6rg Dahlmann (Konferenz)<\/li><\/ul>\n\n\n\n<p>Moderation (Sky): Peter Hardenacke<\/p>\n\n\n\n<p>Sonntag, 08. April 2018 ab 13.00 Uhr (Sky)<\/p>\n\n\n\n<p><em><strong>Eintracht Braunschweig \u2013 SG Dynamo Dresden (13.30 Uhr)<\/strong><\/em><\/p>\n\n\n\n<ul class=\"wp-block-list\"><li>Sky: Christina Graf (Einzelspiel), Hansi K\u00fcpper (Konferenz)<\/li><\/ul>\n\n\n\n<p><em><strong>FC Ingolstadt 04 \u2013 DSC Arminia Bielefeld (13.30 Uhr)<\/strong><\/em><\/p>\n\n\n\n<ul class=\"wp-block-list\"><li>Sky: J\u00f6rg Dahlmann (Einzelspiel), Holger Pfandt (Konferenz)<\/li><\/ul>\n\n\n\n<p><em><strong>1. FC Kaiserslautern \u2013 Jahn Regensburg (13.30 Uhr)<\/strong><\/em><\/p>\n\n\n\n<ul class=\"wp-block-list\"><li>Sky: Marc Hindelang (Einzelspiel), Markus G\u00f6tz (Konferenz)<\/li><\/ul>\n\n\n\n<p>Moderation (Sky): Stefan Hempel<\/p>\n\n\n\n<hr class=\"wp-block-separator\"\/>\n\n\n\n<p><em><strong>3. Liga, 33. Spieltag<\/strong><\/em><\/p>\n\n\n\n<p>Freitag, 06. April 2018 ab 18.30 Uhr (Telekom Sport)<\/p>\n\n\n\n<p><em><strong>SV Werder Bremen II \u2013 VFR Aalen (19.00 Uhr)<\/strong><\/em><\/p>\n\n\n\n<ul class=\"wp-block-list\"><li>Telekom Sport: Christian Stra\u00dfburger<\/li><\/ul>\n\n\n\n<p>Moderation (Telekom Sport): Thomas Wagner<\/p>\n\n\n\n<p>Samstag, 07. April 2018 ab 13.45 Uhr (Telekom Sport)<\/p>\n\n\n\n<p><em><strong>SG Sonnenhof Gro\u00dfaspach \u2013 Sportfreunde Lotte (14.00 Uhr)<\/strong><\/em><\/p>\n\n\n\n<ul class=\"wp-block-list\"><li>Telekom Sport: S\u00f6nke Sievers<\/li><\/ul>\n\n\n\n<p>Moderation (Telekom Sport): Nele Schenker<\/p>\n\n\n\n<p><em><strong>FC W\u00fcrzburger Kickers \u2013 Fortuna K\u00f6ln (14.00 Uhr)<\/strong><\/em><\/p>\n\n\n\n<ul class=\"wp-block-list\"><li>Telekom Sport: Alexander Klich<\/li><\/ul>\n\n\n\n<p>Moderation (Telekom Sport): Konstantin Klostermann<\/p>\n\n\n\n<p><em><strong>SC Preu\u00dfen M\u00fcnster \u2013 SV Wehen Wiesbaden (14.00 Uhr)<\/strong><\/em><\/p>\n\n\n\n<ul class=\"wp-block-list\"><li>Telekom Sport: Edgar Mielke<\/li><\/ul>\n\n\n\n<p>Moderation (Telekom Sport): Cedric Pick<\/p>\n\n\n\n<p><em><strong>SC Paderborn 07 \u2013 FC Carl Zeiss Jena (14.05 Uhr)<\/strong><\/em><\/p>\n\n\n\n<ul class=\"wp-block-list\"><li>Telekom Sport: Tobi Fischbeck<\/li><li>WDR: ???<\/li><\/ul>\n\n\n\n<p>Moderation (WDR): ???<\/p>\n\n\n\n<p><em><strong>1. FC Magdeburg \u2013 Karlsruher SC (14.05 Uhr)<\/strong><\/em><\/p>\n\n\n\n<ul class=\"wp-block-list\"><li>Telekom Sport: Gari Paubandt<\/li><li>MDR: ???<\/li><\/ul>\n\n\n\n<p>Moderation (MDR): ???<\/p>\n\n\n\n<p><em><strong>FC Hansa Rostock \u2013 SpVgg Greuther F\u00fcrth (14.05 Uhr)<\/strong><\/em><\/p>\n\n\n\n<ul class=\"wp-block-list\"><li>Telekom Sport: Martin Piller<\/li><li>NDR: Hendrik Deichmann<\/li><\/ul>\n\n\n\n<p>Moderation (NDR): Ben Wozny<\/p>\n\n\n\n<p>Sonntag, 08. April 2018 ab 13.45 Uhr (Telekom Sport)<\/p>\n\n\n\n<p><em><strong>FSV Zwickau \u2013 VFL Osnabr\u00fcck (14.00 Uhr)<\/strong><\/em><\/p>\n\n\n\n<ul class=\"wp-block-list\"><li>Telekom Sport: Alexander K\u00fcpper<\/li><\/ul>\n\n\n\n<p>Moderation (Telekom Sport): Anett Sattler<\/p>\n\n\n\n<p><em><strong>SV Meppen \u2013 Hallescher FC (14.00 Uhr)<\/strong><\/em><\/p>\n\n\n\n<ul class=\"wp-block-list\"><li>Telekom Sport: Edgar Mielke<\/li><\/ul>\n\n\n\n<p>Moderation (Telekom Sport): Thomas Wagner<\/p>\n\n\n\n<p><em><strong>Rot-Wei\u00df Erfurt \u2013 Chemnitzer FC (14.05 Uhr)<\/strong><\/em><\/p>\n\n\n\n<ul class=\"wp-block-list\"><li>Telekom Sport: Alexander Kunz<\/li><li>MDR: ???<\/li><\/ul>\n\n\n\n<p>Moderation (MDR): ???<\/p>\n\n\n\n<hr class=\"wp-block-separator\"\/>\n\n\n\n<p><em><strong>Sonstiger Fu\u00dfball National<\/strong><\/em><\/p>\n\n\n\n<p>Regionalliga Bayern, 32. Spieltag:&nbsp;<em><strong>FC Bayern M\u00fcnchen \u2013 Wacker Burghausen II (20.15 Uhr)<\/strong><\/em><\/p>\n\n\n\n<ul class=\"wp-block-list\"><li>Sport1: Thomas Herrmann<\/li><\/ul>\n\n\n\n<hr class=\"wp-block-separator\"\/>\n\n\n\n<p><em><strong>Fu\u00dfball International<\/strong><\/em><\/p>\n\n\n\n<p>Freitag, 06. April 2018<\/p>\n\n\n\n<p>Copa Libertadores, Gruppe 6:&nbsp;<em><strong>Estudiantes (ARG) \u2013 Santos (BRA) (02.30 Uhr)<\/strong><\/em><\/p>\n\n\n\n<ul class=\"wp-block-list\"><li>Sportdigital: Christian Blunck<\/li><\/ul>\n\n\n\n<p>Sky Bet Championship, 41. Spieltag:&nbsp;<em><strong>Cardiff City \u2013 Wolverhampton Wanderers (20.45 Uhr)<\/strong><\/em><\/p>\n\n\n\n<ul class=\"wp-block-list\"><li>Sportdigital: Karsten Linke<\/li><\/ul>\n\n\n\n<p>Ligue 1, 32. Spieltag:&nbsp;<em><strong>AS Saint-Etienne \u2013 Paris Saint Germain (20.45 Uhr)<\/strong><\/em><\/p>\n\n\n\n<ul class=\"wp-block-list\"><li>Sport1+: Sebastian Bernsdorff<\/li><\/ul>\n\n\n\n<p>Samstag, 07. April 2018<\/p>\n\n\n\n<p>Hyundai A League, 26. Spieltag:&nbsp;<em><strong>Western Sydney Wanderers \u2013 Brisbane Roar (09.35 Uhr)<\/strong><\/em><\/p>\n\n\n\n<ul class=\"wp-block-list\"><li>Sportdigital: Christian Blunck<\/li><\/ul>\n\n\n\n<p>Sky Bet Championship, 41. Spieltag:&nbsp;<em><strong>Norwich City \u2013 Aston Villa (13.30 Uhr)<\/strong><\/em><\/p>\n\n\n\n<ul class=\"wp-block-list\"><li>Sportdigital; J\u00f6rg Steiger<\/li><li>Sport1+: Hajo Wolff<\/li><\/ul>\n\n\n\n<p>Premjer Liga, 25. Spieltag:&nbsp;<em><strong>Zenit St. Petersburg \u2013 FK Krasnodar (15.30 Uhr)<\/strong><\/em><\/p>\n\n\n\n<ul class=\"wp-block-list\"><li>Sportdigital: J\u00f6rg Steiger<\/li><\/ul>\n\n\n\n<p>Ligue 1, 32. Spieltag:&nbsp;<em><strong>AS Monaco \u2013 FC Nantes (17.00 Uhr)<\/strong><\/em><\/p>\n\n\n\n<ul class=\"wp-block-list\"><li>Sport1+: Hajo Wolff<\/li><\/ul>\n\n\n\n<p>Eredivisie, 30. Spieltag:&nbsp;<em><strong>AZ Alkmaar \u2013 PSV Eindhoven (19.45 Uhr)<\/strong><\/em><\/p>\n\n\n\n<ul class=\"wp-block-list\"><li>Sportdigital: Karsten Linke<\/li><\/ul>\n\n\n\n<p>Jupiler Pro League, Playoffs, 2. Spieltag:&nbsp;<em><strong>KRC Genk \u2013 Standard L\u00fcttich (20.30 Uhr)<\/strong><\/em><\/p>\n\n\n\n<ul class=\"wp-block-list\"><li>Sport1+: Rudi Br\u00fcckner<\/li><\/ul>\n\n\n\n<p>Sonntag, 08. April 2018<\/p>\n\n\n\n<p>Chinese Super League, 5. Spieltag:&nbsp;<em><strong>Guangzhou Evergrande \u2013 Shandong Luneng Taishan (13.30 Uhr)<\/strong><\/em><\/p>\n\n\n\n<ul class=\"wp-block-list\"><li>Sportdigital: Hannes Herrmann<\/li><\/ul>\n\n\n\n<p>Serie A, 31. Spieltag:&nbsp;<em><strong>Hellas Verona \u2013 Cagliari Calcio (15.00 Uhr)<\/strong><\/em><\/p>\n\n\n\n<ul class=\"wp-block-list\"><li>Sport1+: Sebastian Bernsdorff<\/li><\/ul>\n\n\n\n<p>Eredivisie, 30. Spieltag:&nbsp;<em><strong>Ajax Amsterdam \u2013 SC Heracles Almelo (16.45 Uhr)<\/strong><\/em><\/p>\n\n\n\n<ul class=\"wp-block-list\"><li>Sportdigital: Hannes Herrmann<\/li><\/ul>\n\n\n\n<p>Ligue 1, 32. Spieltag:&nbsp;<em><strong>FC Metz \u2013 Olympique Lyon (17.00 Uhr)<\/strong><\/em><\/p>\n\n\n\n<ul class=\"wp-block-list\"><li>Sport1+: Thomas Herrmann<\/li><\/ul>\n\n\n\n<p>Liga NOS, 29. Spieltag:&nbsp;<em><strong>FC Porto \u2013 CD Aves (19.00 Uhr)<\/strong><\/em><\/p>\n\n\n\n<ul class=\"wp-block-list\"><li>Sportdigital: Karsten Linke<\/li><\/ul>\n\n\n\n<p>Jupiler Pro League, Playoffs, 2. Spieltag:&nbsp;<em><strong>KAA Gent \u2013 FC Br\u00fcgge (19.00 Uhr)<\/strong><\/em><\/p>\n\n\n\n<ul class=\"wp-block-list\"><li>Sport1+: Rudi Br\u00fcckner<\/li><\/ul>\n\n\n\n<p>Superliga Argentina, 22. Spieltag:&nbsp;<em><strong>Talleres de Cordoba \u2013 CA Independiente (22.45 Uhr)<\/strong><\/em><\/p>\n\n\n\n<ul class=\"wp-block-list\"><li>Sportdigital: Christian Blunck<\/li><li>Sport1+: Jack Marschall<\/li><\/ul>\n\n\n\n<hr class=\"wp-block-separator\"\/>\n\n\n\n<p><em>Die<\/em><em>&nbsp;aufgef\u00fchrten Ansetzungen gew\u00e4hren keine Vollst\u00e4ndigkeit. Die Autoren des Kommentatorenblogs behalten es sich vor, TV-\u00dcbertragungen und Livestreams zu ignorieren. Grunds\u00e4tzlich nicht aufgef\u00fchrt werden Ansetzungen ausl\u00e4ndischer Sender.<\/em><\/p>\n\n\n\n<hr class=\"wp-block-separator\"\/>\n\n\n\n<p><em><strong>Die Analyse<\/strong><\/em><\/p>\n\n\n\n<p>Leider fehlen uns bei Eurosport noch die Ansetzungen, die reichen wir dann nach, wenn wir sie haben. Am Samstag \u00fcberrascht Toni Tomic beim Kellerduell in K\u00f6ln. K\u00f6nnte m\u00f6glicherweise daran liegen, dass Kai Dittmann &amp; Wolff Fuss mit einer m\u00f6glichen Meisterfeier der Bayern besch\u00e4ftigt sind. Die Konferenz klingt recht ordentlich besetzt. Martin Gro\u00df belegt das Topspiel in Hamburg. Wolff Fuss reist dann von M\u00fcnchen aus zu den gescholtenen Dortmundern, wo meine beiden Lieblingsteams aufeinandertreffen. Tom Bayer schlie\u00dft den Spieltag f\u00fcr Sky ab.<\/p>\n\n\n\n<p>In der zweiten Liga f\u00e4llt mal wieder der Name Jaron Steiner auf, der scheinbar als Kommentator ein Bayern-Exklusivticket besitzt. Auch J\u00f6rg Dahlmann darf am Sonntag mal wieder an die frische Luft, es geht nach Ingolstadt.<\/p>\n\n\n\n<p>In der Dritten Liga sticht jetzt nicht unbedingt etwas ins Auge. Edgar Mielke, sonst sowas wie Stammkommentator bei Werder Bremen II, ist dieses mal gleich zweimal zu h\u00f6ren. Erst in M\u00fcnster, dann in Meppen. Von den \u00f6ffentlich-rechtlichen wissen wir leider noch nichts.<\/p>\n\n\n\n<p>Bei Sportdigital f\u00e4llt die Doppelschicht von J\u00f6rg Steiger am Samstagnachmittag auf. Erst k\u00fcmmert er sich um Liga 2 in England, dann um den russischen Ballsport. Sport1+ Ligue1-Stammkommentator Peter Kohl scheint frei zu haben, weswegen Hajo Wolf mal in Frankreichs Eliteklasse zu h\u00f6ren ist. Apropos Hajo Wolf: Auch er hat, wie Kollege Steiger, eine Doppelschicht am Samstagnachmittag.<\/p>\n\n\n\n<p>Euch ein sch\u00f6nes Wochenende!<\/p>\n","protected":false},"excerpt":{"rendered":"<p>(Beitrag von Dennis, reposted von Nico) N\u2019Abend allerseits! 25. Eine Zahl, mit der man gewisse Dinge verbinden kann. Die Fantastischen Vier haben der Zahl, passend zu ihrem Bandjubil\u00e4um, gar ein ganzes Lied gewidmet. Und dann ist da noch Sky. Wie der Sender n\u00e4mlich bekanntgab, wird man von der kommenden WM in Russland 25 Spiele live [&hellip;]<\/p>\n","protected":false},"author":4,"featured_media":0,"comment_status":"open","ping_status":"open","sticky":false,"template":"","format":"standard","meta":{"footnotes":""},"categories":[424,1],"tags":[],"class_list":["post-7353","post","type-post","status-publish","format-standard","hentry","category-bundesliga-und-co","category-uncategorized"],"_links":{"self":[{"href":"https:\/\/kommentatorenblog.de\/index.php?rest_route=\/wp\/v2\/posts\/7353","targetHints":{"allow":["GET"]}}],"collection":[{"href":"https:\/\/kommentatorenblog.de\/index.php?rest_route=\/wp\/v2\/posts"}],"about":[{"href":"https:\/\/kommentatorenblog.de\/index.php?rest_route=\/wp\/v2\/types\/post"}],"author":[{"embeddable":true,"href":"https:\/\/kommentatorenblog.de\/index.php?rest_route=\/wp\/v2\/users\/4"}],"replies":[{"embeddable":true,"href":"https:\/\/kommentatorenblog.de\/index.php?rest_route=%2Fwp%2Fv2%2Fcomments&post=7353"}],"version-history":[{"count":1,"href":"https:\/\/kommentatorenblog.de\/index.php?rest_route=\/wp\/v2\/posts\/7353\/revisions"}],"predecessor-version":[{"id":7354,"href":"https:\/\/kommentatorenblog.de\/index.php?rest_route=\/wp\/v2\/posts\/7353\/revisions\/7354"}],"wp:attachment":[{"href":"https:\/\/kommentatorenblog.de\/index.php?rest_route=%2Fwp%2Fv2%2Fmedia&parent=7353"}],"wp:term":[{"taxonomy":"category","embeddable":true,"href":"https:\/\/kommentatorenblog.de\/index.php?rest_route=%2Fwp%2Fv2%2Fcategories&post=7353"},{"taxonomy":"post_tag","embeddable":true,"href":"https:\/\/kommentatorenblog.de\/index.php?rest_route=%2Fwp%2Fv2%2Ftags&post=7353"}],"curies":[{"name":"wp","href":"https:\/\/api.w.org\/{rel}","templated":true}]}}