{"id":7356,"date":"2018-03-08T12:27:00","date_gmt":"2018-03-08T11:27:00","guid":{"rendered":"http:\/\/kommentatorenblog.de\/?p=7356"},"modified":"2021-03-07T13:01:36","modified_gmt":"2021-03-07T12:01:36","slug":"kommentatorenblog-836-sommertransfer","status":"publish","type":"post","link":"https:\/\/kommentatorenblog.de\/?p=7356","title":{"rendered":"[Kommentatorenblog #836] \u2013 Sommertransfer"},"content":{"rendered":"\n<p>(Beitrag von Dennis, reposted von Nico)<\/p>\n\n\n\n<p>N\u2019Abend allerseits!<\/p>\n\n\n\n<p>Der n\u00e4chste Sommertransfer ist unter Dach und Fach und ja, wir sprechen hier tats\u00e4chlich von der gro\u00dfen, weiten Fu\u00dfballwelt.&nbsp;<strong>Marc Hindelang<\/strong>, noch Sky-Kommentator, wechselt nach fast 20 Jahren bei Sky\/Premiere zum Fu\u00dfballclub&nbsp;<strong>Eintracht Frankfurt&nbsp;<\/strong>und wird dort der neue Pressesprecher. Damit verl\u00e4sst ein, aus meiner Sicht, sehr ordentlicher Kommentator den Sender. Hindelang habe ich bei den Einzelspielen meiner Mannschaften nun eher selten zu h\u00f6ren bekommen, aber wenn ich ihn mal geh\u00f6rt habe, ist er mir immer mehr positiv wie negativ im Kopf geblieben. Aus meiner Sicht ist er einer der Kommentatoren, den Sky nie so wirklich bei Spielen angesetzt hat, die er verdient h\u00e4tte. Somit bin ich tats\u00e4chlich ein bisschen traurig \u00fcber diesen Abgang. Marc Hindelang ist scheinbar ein richtiger Tausendsassa: Er ist noch Sky-Kommentator, aktueller Vizepr\u00e4sident des Deutschen Eishockey Bundes und ist au\u00dferdem auch noch der 1. Vorsitzender beim Bayrischem Eishockeyclub EV Lindau. Wie es mit den beiden Aufgaben weitergeht, werden wir noch sehen. Wie seht ihr den Abgang von Hindelang? Ab in die Kommentare damit!<\/p>\n\n\n\n<p>Endlich, nach ewigen Zeiten ist es mal wieder soweit: Ich bin mal wieder in einem Stadion. Die Rede ist vom Sonntagnachmittagsspiel zwischen dem&nbsp;<strong>VFB Stuttgart&nbsp;<\/strong>und&nbsp;<strong>RB Leipzig<\/strong>. Ist so etwas, was ich mir f\u00fcr dieses Jahr vorgenommen habe: \u00d6fter ins Stadion gehen. Unter anderem habe ich auch noch Reisen nach Freiburg und Sinsheim auf dem Zettel, man muss ja klein anfangen. \ud83d\ude09<\/p>\n\n\n\n<p><em><strong>Die Ansetzungen vom 09. M\u00e4rz 2018 bis zum 12. M\u00e4rz 2018<\/strong><\/em><\/p>\n\n\n\n<p><em><strong>Bundesliga, 26. Spieltag<\/strong><\/em><\/p>\n\n\n\n<p>Freitag, 09. M\u00e4rz 2018 ab 19.30 Uhr (Eurosport 2 Xtra)<\/p>\n\n\n\n<p><em><strong>FSV Mainz 05 \u2013 FC Schalke 04 (20.30 Uhr)<\/strong><\/em><\/p>\n\n\n\n<ul class=\"wp-block-list\"><li>Eurosport 2 Xtra: Matthias Stach<\/li><\/ul>\n\n\n\n<p>Moderation (Eurosport 2 Xtra): Jan Henkel, Experte: Matthias Sammer<\/p>\n\n\n\n<p>Samstag, 10. M\u00e4rz 2018 ab 13.00 Uhr (Sky)<\/p>\n\n\n\n<p><em><strong>FC Bayern M\u00fcnchen \u2013 Hamburger SV (15.30 Uhr)<\/strong><\/em><\/p>\n\n\n\n<ul class=\"wp-block-list\"><li>Sky: Frank Buschmann (Einzelspiel), Hansi K\u00fcpper (Konferenz)<\/li><\/ul>\n\n\n\n<p><em><strong>Hertha BSC \u2013 SC Freiburg (15.30 Uhr)<\/strong><\/em><\/p>\n\n\n\n<ul class=\"wp-block-list\"><li>Sky: Marc Hindelang (Einzelspiel), Michael Born (Konferenz)<\/li><\/ul>\n\n\n\n<p><em><strong>Hannover 96 \u2013 FC Augsburg (15.30 Uhr)<\/strong><\/em><\/p>\n\n\n\n<ul class=\"wp-block-list\"><li>Sky: Marcus Lindemann (Einzelspiel), Markus G\u00f6tz (Konferenz)<\/li><\/ul>\n\n\n\n<p><em><strong>1899 Hoffenheim \u2013 VFL Wolfsburg (15.30 Uhr)<\/strong><\/em><\/p>\n\n\n\n<ul class=\"wp-block-list\"><li>Sky: Holger Pfandt (Einzelspiel), Klaus Veltmann (Konferenz)<\/li><\/ul>\n\n\n\n<p>Moderation (Sky): Esther Sedlaczek &amp; Yannick Erkenbrecher, Experten: Lothar Matth\u00e4us, Christoph Metzelder &amp; Reiner Calmund<\/p>\n\n\n\n<p>Ab 17.30 Uhr (Sky)<\/p>\n\n\n\n<p><em><strong>Bayer Leverkusen \u2013 Borussia M\u00f6nchengladbach (18.30 Uhr)<\/strong><\/em><\/p>\n\n\n\n<ul class=\"wp-block-list\"><li>Sky: Kai Dittmann<\/li><\/ul>\n\n\n\n<p>Moderation (Sky): Esther Sedlaczek &amp; Yannick Erkenbrecher, Experten: Lothar Matth\u00e4us, Christoph Metzelder &amp; Reiner Calmund<\/p>\n\n\n\n<p>Sonntag, 11. M\u00e4rz 2018 ab 14.30 Uhr (Sky)<\/p>\n\n\n\n<p><em><strong>VFB Stuttgart \u2013 RB Leipzig (15.30 Uhr)<\/strong><\/em><\/p>\n\n\n\n<ul class=\"wp-block-list\"><li>Sky: Tom Bayer<\/li><\/ul>\n\n\n\n<p>Moderation (Sky): Michael Leopold, Experte: Dietmar Hamann<\/p>\n\n\n\n<p>Ab 17.30 Uhr (Sky)<\/p>\n\n\n\n<p><em><strong>Borussia Dortmund \u2013 Eintracht Frankfurt (18.00 Uhr)<\/strong><\/em><\/p>\n\n\n\n<ul class=\"wp-block-list\"><li>Sky: Wolff Fuss<\/li><\/ul>\n\n\n\n<p>Moderation (Sky): Michael Leopold, Experte: Dietmar Hamann<\/p>\n\n\n\n<p>Montag, 12. M\u00e4rz 2018 ab 19.30 Uhr (Eurosport 2 Xtra)<\/p>\n\n\n\n<p><em><strong>Werder Bremen \u2013 1. FC K\u00f6ln (20.30 Uhr)<\/strong><\/em><\/p>\n\n\n\n<ul class=\"wp-block-list\"><li>Sky: Matthias Stach<\/li><\/ul>\n\n\n\n<p>Moderation (Eurosport 2 Xtra): Jan Henkel, Experte: Matthias Sammer<\/p>\n\n\n\n<hr class=\"wp-block-separator\"\/>\n\n\n\n<p><em><strong>2. Bundesliga, 26. Spieltag<\/strong><\/em><\/p>\n\n\n\n<p>Freitag, 09. Oktober 2018 ab 18.15 Uhr (Sky)<\/p>\n\n\n\n<p><em><strong>DSC Arminia Bielefeld \u2013 1. FC N\u00fcrnberg (18.30 Uhr)<\/strong><\/em><\/p>\n\n\n\n<ul class=\"wp-block-list\"><li>Sky: Christina Graf (Einzelspiel), Marcel Meinert (Konferenz)<\/li><\/ul>\n\n\n\n<p><em><strong>SG Dynamo Dresden \u2013 1. FC Heidenheim (18.30 Uhr)<\/strong><\/em><\/p>\n\n\n\n<ul class=\"wp-block-list\"><li>Sky: Heiko Mallwitz (Einzelspiel), Sascha Roos (Konferenz)<\/li><\/ul>\n\n\n\n<p>Samstag, 10. Oktober 2018 ab 12.30 Uhr (Sky)<\/p>\n\n\n\n<p><em><strong>FC St. Pauli \u2013 Eintracht Braunschweig (13.00 Uhr)<\/strong><\/em><\/p>\n\n\n\n<ul class=\"wp-block-list\"><li>Sky: Oliver Seidler (Einzelspiel), Florian Schmidt-Sommerfeld (Konferenz)<\/li><\/ul>\n\n\n\n<p><em><strong>VFL Bochum \u2013 Holstein Kiel (13.00 Uhr)<\/strong><\/em><\/p>\n\n\n\n<ul class=\"wp-block-list\"><li>Sky: Ulli Potofski (Einzelspiel), Toni Tomic (Konferenz)<\/li><\/ul>\n\n\n\n<p><em><strong>SpVgg Greuther F\u00fcrth \u2013 1. FC Kaiserslautern (13.00 Uhr)<\/strong><\/em><\/p>\n\n\n\n<ul class=\"wp-block-list\"><li>Sky: Andreas Renner (Einzelspiel), J\u00f6rg Dahlmann (Konferenz)<\/li><\/ul>\n\n\n\n<p><em><strong>SV Darmstadt 98 \u2013 FC Ingolstadt 04 (13.00 Uhr)<\/strong><\/em><\/p>\n\n\n\n<ul class=\"wp-block-list\"><li>Sky: Sven Haist (Einzelspiel), Markus Gaupp (Konferenz)<\/li><\/ul>\n\n\n\n<p>Sonntag, 11. Oktober 2018 ab 13.00 Uhr (Sky)<\/p>\n\n\n\n<p><em><strong>MSV Duisburg \u2013 Fortuna D\u00fcsseldorf (13.30 Uhr)<\/strong><\/em><\/p>\n\n\n\n<ul class=\"wp-block-list\"><li>Sky: J\u00fcrgen Schmitz (Einzelspiel), Michael Born (Konferenz)<\/li><\/ul>\n\n\n\n<p><em><strong>1. FC Union Berlin \u2013 FC Erzgebirge Aue (13.30 Uhr)<\/strong><\/em><\/p>\n\n\n\n<ul class=\"wp-block-list\"><li>Sky: Torsten Kunde (Einzelspiel), Hansi K\u00fcpper (Konferenz)<\/li><\/ul>\n\n\n\n<p><em><strong>Jahn Regensburg \u2013 SV Sandhausen (13.30 Uhr)<\/strong><\/em><\/p>\n\n\n\n<ul class=\"wp-block-list\"><li>Sky: Klaus Veltmann (Einzelspiel), J\u00f6rg Dahlmann (Konferenz)<\/li><\/ul>\n\n\n\n<hr class=\"wp-block-separator\"\/>\n\n\n\n<p><em><strong>3. Liga, 29. Spieltag<\/strong><\/em><\/p>\n\n\n\n<p>Samstag, 10. M\u00e4rz 2018 ab 13.45 Uhr (Telekom Sport)<\/p>\n\n\n\n<p><em><strong>FC W\u00fcrzburger Kickers \u2013 VFL Osnabr\u00fcck (14.00 Uhr)<\/strong><\/em><\/p>\n\n\n\n<ul class=\"wp-block-list\"><li>Telekom Sport: Mario Bast<\/li><\/ul>\n\n\n\n<p>Moderation (Telekom Sport): Alexander Klich<\/p>\n\n\n\n<p><em><strong>SV Werder Bremen II \u2013 FSV Zwickau (14.00 Uhr)<\/strong><\/em><\/p>\n\n\n\n<ul class=\"wp-block-list\"><li>Telekom Sport: Gari Paubandt<\/li><\/ul>\n\n\n\n<p>Moderation (Telekom Sport): Konstantin Klostermann<\/p>\n\n\n\n<p><em><strong>SG Sonnenhof Gro\u00dfaspach \u2013 SV Wehen Wiesbaden (14.00 Uhr)<\/strong><\/em><\/p>\n\n\n\n<ul class=\"wp-block-list\"><li>Telekom Sport: Alexander Kunz<\/li><\/ul>\n\n\n\n<p>Moderation (Telekom Sport): Michael K\u00f6rner<\/p>\n\n\n\n<p><em><strong>SV Meppen \u2013 SpVgg Unterhaching (14.00 Uhr)<\/strong><\/em><\/p>\n\n\n\n<ul class=\"wp-block-list\"><li>Telekom Sport: Thomas Wagner<\/li><\/ul>\n\n\n\n<p>Moderation (Telekom Sport): Hans Finger<\/p>\n\n\n\n<p>Ab 14.00 Uhr (MDR, NDR &amp; WDR)<\/p>\n\n\n\n<p><em><strong>SC Preu\u00dfen M\u00fcnster \u2013 FC Carl Zeiss Jena (14.05 Uhr)<\/strong><\/em><\/p>\n\n\n\n<ul class=\"wp-block-list\"><li>MDR: Markus Herwig<\/li><li>Telekom Sport: Basti Schwele<\/li><\/ul>\n\n\n\n<p>Moderation (MDR): Tom Scheunemann<\/p>\n\n\n\n<p><em><strong>FC Hansa Rostock \u2013 SC Paderborn (14.05 Uhr)<\/strong><\/em><\/p>\n\n\n\n<ul class=\"wp-block-list\"><li>NDR: Hendrik Deichmann<\/li><li>Telekom Sport: Matin Piller<\/li><\/ul>\n\n\n\n<p>Moderation (NDR): Ben Wozny<\/p>\n\n\n\n<p><em><strong>Sportfreunde Lotte \u2013 SC Fortuna K\u00f6ln (14.05 Uhr)<\/strong><\/em><\/p>\n\n\n\n<ul class=\"wp-block-list\"><li>WDR: ???<\/li><li>Telekom Sport: Tobi Fischbeck<\/li><\/ul>\n\n\n\n<p>Moderation (MDR): ???<\/p>\n\n\n\n<p>Sonntag, 11. M\u00e4rz 2018 ab 13.45 Uhr (Telekom Sport)<\/p>\n\n\n\n<p><em><strong>1. FC Magdeburg \u2013 VfR Aalen (14.00 Uhr)<\/strong><\/em><\/p>\n\n\n\n<ul class=\"wp-block-list\"><li>Telekom Sport: Alexander K\u00fcpper<\/li><\/ul>\n\n\n\n<p>Moderation (Telekom Sport): Gari Paubandt<\/p>\n\n\n\n<p><em><strong>FC Rot-Wei\u00df Erfurt \u2013 Karlsruher SC (14.00 Uhr)<\/strong><\/em><\/p>\n\n\n\n<ul class=\"wp-block-list\"><li>Telekom Sport: Andreas Mann<\/li><\/ul>\n\n\n\n<p>Moderation (Telekom Sport): Stefanie Blochwitz<\/p>\n\n\n\n<p>Ab 14.00 Uhr (MDR)<\/p>\n\n\n\n<p><em><strong>Chemnitzer FC \u2013 Hallescher FC (14.05 Uhr)<\/strong><\/em><\/p>\n\n\n\n<ul class=\"wp-block-list\"><li>MDR: Torsten P\u00fcschel<\/li><li>Telekom Sport: Christoph Fetzer<\/li><\/ul>\n\n\n\n<p>Moderation (MDR): Tom Scheunemann<\/p>\n\n\n\n<hr class=\"wp-block-separator\"\/>\n\n\n\n<p><em><strong>Fu\u00dfball International&nbsp;<\/strong><\/em><\/p>\n\n\n\n<p>Freitag, 09. M\u00e4rz 2018<\/p>\n\n\n\n<p>Ligue 1, 29. Spieltag:&nbsp;<em><strong>RC Stra\u00dfburg \u2013 AS Monaco (20.45 Uhr)<\/strong><\/em><\/p>\n\n\n\n<ul class=\"wp-block-list\"><li>Sport1+: Sebastian Bernsdorff<\/li><\/ul>\n\n\n\n<p>Samstag, 10. M\u00e4rz 2018<\/p>\n\n\n\n<p>Chinese Super League, 2. Spieltag:&nbsp;<em><strong>Shanghai Greenland Shenhua \u2013 Shanghai SIPG FC (12.35 Uhr)<\/strong><\/em><\/p>\n\n\n\n<ul class=\"wp-block-list\"><li>Sportdigital: J\u00f6rg Steiger<\/li><\/ul>\n\n\n\n<p>Ligue 1, 29. Spieltag:&nbsp;<em><strong>Paris Saint-Germain \u2013 FC Metz (17.00 Uhr)<\/strong><\/em><\/p>\n\n\n\n<ul class=\"wp-block-list\"><li>Sport1+: Peter Kohl<\/li><\/ul>\n\n\n\n<p>Sky Bet Championship, 37. Spieltag:&nbsp;<em><strong>Aston Villa \u2013 Wolverhampton Wanderers (18.30 Uhr)<\/strong><\/em><\/p>\n\n\n\n<ul class=\"wp-block-list\"><li>Sport1+: Marcel Seufert<\/li><li>Sportdigital: Christian Blunck<\/li><\/ul>\n\n\n\n<p>Superliga Argentina, 19. Spieltag:&nbsp;<em><strong>Boca Juniors \u2013 CA Tigre (23.15 Uhr)<\/strong><\/em><\/p>\n\n\n\n<ul class=\"wp-block-list\"><li>Sportdigital: Christian Blunck<\/li><\/ul>\n\n\n\n<p>Sonntag, 11. M\u00e4rz 2018<\/p>\n\n\n\n<p>Major League Soccer, 2. Spieltag:&nbsp;<em><strong>Chicago Fire FC \u2013 Kansas City Chiefs (00.00 Uhr)<\/strong><\/em><\/p>\n\n\n\n<ul class=\"wp-block-list\"><li>Eurosport 2: Tobi Fischbeck<\/li><\/ul>\n\n\n\n<p>Premjer Liga, 22. Spieltag:&nbsp;<em><strong>FK Rostov \u2013 Zenit St. Petersburg (12.00 Uhr)<\/strong><\/em><\/p>\n\n\n\n<ul class=\"wp-block-list\"><li>Sportdigital: Christian Blunck<\/li><\/ul>\n\n\n\n<p>Scottish Premiership, 30. Spieltag:&nbsp;<em><strong>Glasgow Rangers \u2013 Celtic Glasgow (13.00 Uhr)<\/strong><\/em><\/p>\n\n\n\n<ul class=\"wp-block-list\"><li>Sport1+: Manfred Winter<\/li><\/ul>\n\n\n\n<p>Eredivisie, 27. Spieltag:&nbsp;<em><strong>Ajax Amsterdam \u2013 SC Heerenveen (14.30 Uhr)<\/strong><\/em><\/p>\n\n\n\n<ul class=\"wp-block-list\"><li>Sportdigital: Karsten Linke<\/li><\/ul>\n\n\n\n<p>Serie A, 28. Spieltag:&nbsp;<em><strong>Cagliari Calcio \u2013 Lazio Rom (15.00 Uhr)<\/strong><\/em><\/p>\n\n\n\n<ul class=\"wp-block-list\"><li>Sport1+: Sebastian Bernsdorff<\/li><\/ul>\n\n\n\n<p>Eredivisie, 27. Spieltag:&nbsp;<em><strong>Feyenoord Rotterdam \u2013 AZ Alkmaar (16.45 Uhr)<\/strong><\/em><\/p>\n\n\n\n<ul class=\"wp-block-list\"><li>Sportdigital: Hannes Herrmann<\/li><\/ul>\n\n\n\n<p>Ligue 1, 29. Spieltag:&nbsp;<em><strong>Olympique Lyon \u2013 SM Caen (17.00 Uhr)<\/strong><\/em><\/p>\n\n\n\n<ul class=\"wp-block-list\"><li>Sport1+: Thomas Herrmann<\/li><\/ul>\n\n\n\n<p>Major League Soccer, 2. Spieltag:&nbsp;<em><strong>Atlanta United \u2013 DC United (20.00 Uhr)<\/strong><\/em><\/p>\n\n\n\n<ul class=\"wp-block-list\"><li>Eurosport 2: Robert Hunke<\/li><\/ul>\n\n\n\n<p>Liga NOS, 26. Spieltag:&nbsp;<em><strong>Pacos de Ferreira \u2013 FC Porto (21.15 Uhr)<\/strong><\/em><\/p>\n\n\n\n<ul class=\"wp-block-list\"><li>Sportdigital: Christian Blunck<\/li><\/ul>\n\n\n\n<p>Montag, 12. M\u00e4rz 2018<\/p>\n\n\n\n<p>Superliga Argentina, 19. Spieltag:&nbsp;<em><strong>CA Independiente \u2013 Argentinos Juniors (01.30 Uhr)<\/strong><\/em><\/p>\n\n\n\n<ul class=\"wp-block-list\"><li>Sport1+: ???<\/li><\/ul>\n\n\n\n<hr class=\"wp-block-separator\"\/>\n\n\n\n<p><em>Die<\/em><em>&nbsp;aufgef\u00fchrten Ansetzungen gew\u00e4hren keine Vollst\u00e4ndigkeit. Die Autoren des Kommentatorenblogs behalten es sich vor, TV-\u00dcbertragungen und Livestreams zu ignorieren. Grunds\u00e4tzlich nicht aufgef\u00fchrt werden Ansetzungen ausl\u00e4ndischer Sender.<\/em><\/p>\n\n\n\n<hr class=\"wp-block-separator\"\/>\n\n\n\n<p><em><strong>Die Analyse<\/strong><\/em><\/p>\n\n\n\n<p>Zweimal Stach, sowohl am Freitag, wie auch am Montag ist der Tennisexperte f\u00fcr Eurosport am Mikro. Frank Buschmann bekommt mal wieder eines seiner seltenen Einzelspiele, Marc Hindelang und Marcus Lindemann dagegen sind ungew\u00f6hnlich n\u00f6rdlich unterwegs. Konferenz bietet f\u00fcr mich die H\u00f6hepunkte K\u00fcpper &amp; Born und einen soliden Markus G\u00f6tz, auch Klaus Veltmann ist tats\u00e4chlich mal wieder im Oberhaus zu h\u00f6ren. Mag vielleicht damit zusammenh\u00e4ngen, dass Martin Gro\u00df an diesem Wochenende scheinbar frei bekommen hat. Topspiel in Leverkusen geh\u00f6rt Kai Dittmann. Am Sonntagnachmittag befindet sich Tom Bayer mit mir zusammen in Stuttgart, f\u00fcr Bayer, der ja sonst eher im Westen der Nation zu Hause ist, eine ungew\u00f6hnliche Reise gen S\u00fcden. Wolff Fuss schlie\u00dft den Spieltag aus Sky-Sicht in Dortmund ab.<\/p>\n\n\n\n<p>Die zweite Liga bietet kaum \u00dcberraschungen, nix was f\u00fcr Aufsehen sorgt.<\/p>\n\n\n\n<p>Bei Telekom Sport darf Thomas Wagner nach l\u00e4ngerer Zeit mal wieder ein Spiel kommentieren, der Ex Sky-Mann meldet sich aus Meppen. Ein weiterer Ex Sky-Mann befindet sich in Bremen, wenn auch nur bei der zweiten Mannschaft von Werder. Die Rede ist von Gari Paubandt. Eishockey-Mann Basti Schwele liest man bei Fu\u00dfball-Ansetzungen ja eher selten, an diesem Wochenende ist er von der Box aus im Einsatz.<\/p>\n\n\n\n<p>Beim Internationalem Fu\u00dfball gibt es bei Sportdigital mal wieder die obligatorischen Doppelschichten. Bei Sport1+ gibt es an diesem Wochenende mal wieder ein Ligue1-Doppel, welches es eigentlich an jedem Spieltag zu h\u00f6ren gibt. Die Rede ist von Thomas Herrmann und Peter Kohl.<\/p>\n\n\n\n<p>Euch ein sch\u00f6nes Wochenende!<\/p>\n","protected":false},"excerpt":{"rendered":"<p>(Beitrag von Dennis, reposted von Nico) N\u2019Abend allerseits! Der n\u00e4chste Sommertransfer ist unter Dach und Fach und ja, wir sprechen hier tats\u00e4chlich von der gro\u00dfen, weiten Fu\u00dfballwelt.&nbsp;Marc Hindelang, noch Sky-Kommentator, wechselt nach fast 20 Jahren bei Sky\/Premiere zum Fu\u00dfballclub&nbsp;Eintracht Frankfurt&nbsp;und wird dort der neue Pressesprecher. Damit verl\u00e4sst ein, aus meiner Sicht, sehr ordentlicher Kommentator den [&hellip;]<\/p>\n","protected":false},"author":4,"featured_media":0,"comment_status":"open","ping_status":"open","sticky":false,"template":"","format":"standard","meta":{"footnotes":""},"categories":[424,1],"tags":[],"class_list":["post-7356","post","type-post","status-publish","format-standard","hentry","category-bundesliga-und-co","category-uncategorized"],"_links":{"self":[{"href":"https:\/\/kommentatorenblog.de\/index.php?rest_route=\/wp\/v2\/posts\/7356","targetHints":{"allow":["GET"]}}],"collection":[{"href":"https:\/\/kommentatorenblog.de\/index.php?rest_route=\/wp\/v2\/posts"}],"about":[{"href":"https:\/\/kommentatorenblog.de\/index.php?rest_route=\/wp\/v2\/types\/post"}],"author":[{"embeddable":true,"href":"https:\/\/kommentatorenblog.de\/index.php?rest_route=\/wp\/v2\/users\/4"}],"replies":[{"embeddable":true,"href":"https:\/\/kommentatorenblog.de\/index.php?rest_route=%2Fwp%2Fv2%2Fcomments&post=7356"}],"version-history":[{"count":1,"href":"https:\/\/kommentatorenblog.de\/index.php?rest_route=\/wp\/v2\/posts\/7356\/revisions"}],"predecessor-version":[{"id":7357,"href":"https:\/\/kommentatorenblog.de\/index.php?rest_route=\/wp\/v2\/posts\/7356\/revisions\/7357"}],"wp:attachment":[{"href":"https:\/\/kommentatorenblog.de\/index.php?rest_route=%2Fwp%2Fv2%2Fmedia&parent=7356"}],"wp:term":[{"taxonomy":"category","embeddable":true,"href":"https:\/\/kommentatorenblog.de\/index.php?rest_route=%2Fwp%2Fv2%2Fcategories&post=7356"},{"taxonomy":"post_tag","embeddable":true,"href":"https:\/\/kommentatorenblog.de\/index.php?rest_route=%2Fwp%2Fv2%2Ftags&post=7356"}],"curies":[{"name":"wp","href":"https:\/\/api.w.org\/{rel}","templated":true}]}}