{"id":7358,"date":"2018-03-01T12:29:00","date_gmt":"2018-03-01T11:29:00","guid":{"rendered":"http:\/\/kommentatorenblog.de\/?p=7358"},"modified":"2021-03-07T13:01:36","modified_gmt":"2021-03-07T12:01:36","slug":"kommentatorenblog-834-leiden-husten-frieren","status":"publish","type":"post","link":"https:\/\/kommentatorenblog.de\/?p=7358","title":{"rendered":"[Kommentatorenblog #834] \u2013 Leiden, husten, frieren"},"content":{"rendered":"\n<p>(Beitrag von Dennis, reposted von Nico)<\/p>\n\n\n\n<p>N\u2019Abend allerseits!<\/p>\n\n\n\n<p>Deutschland leidet, Deutschland hustet, Deutschland friert. So lassen sich die vergangenen Tage ganz gut zusammenfassen. Eine unheimliche K\u00e4ltewelle und eine unheimliche Grippewelle fegen \u00fcber das Land hinweg. Nach gut 3 vollkommen gesunden Jahren hat es nun auch mich mal wieder etwas heftiger erwischt, na gut, passiert. An alle Mitleidenden: Gute Besserung! Und wenn ich schon die Welle erw\u00e4hne: Welle, Strand. W\u00e4re jetzt schon ganz cool. Andererseits: W\u00fcrde morgen eine Hitzewelle einbrechen, w\u00e4re es auch wieder der H\u00e4lfte der Bev\u00f6lkerung nicht recht, weil es dann wieder zu warm w\u00e4re. Die Bahn h\u00e4tte wieder Probleme mit der Klimaanlage und die anderen Wehwehchen, die es nun mal im Sommer so gibt. Ihr kennt das ja.<\/p>\n\n\n\n<p>Selten kommt tats\u00e4chlich mal ein Beitrag zum ersten Tag eines neuen Monats raus. Schauen wir mal, was diesen Monat aus sportlicher Sich so heraussticht: Heute hat beispielsweise die&nbsp;<strong>Hallen-Weltmeisterschaft&nbsp;<\/strong>in der Leichtathletik begonnen. Die Wettbewerbe werden im englischem Birmingham ausgetragen. In Deutschland laufen diese Wettbewerbe nicht im Fernsehen, ARD &amp; ZDF zeigen aber immerhin ein paar Highlights. Sehen kann man die Spiele \u00fcber die Facebook Seite von&nbsp;<a href=\"https:\/\/web.archive.org\/web\/20180313021456\/https:\/\/www.facebook.com\/ESPN\/\">ESPN<\/a>, logischerweise aber nur mit englischem Kommentar.<br>Am 25. M\u00e4rz beginnt, traditionell in Melbourne, die neue Formel1-Saison. In Deutschland f\u00e4hrt die K\u00f6nigsklasse derzeit exklusiv bei RTL, Sky hat sich zur\u00fcckgezogen. Die Formel1 plant nun allerdings mit einer hauseigenen Streaming-Plattform, wo man sich die Rennen wohl auch anschauen kann. Mehr Infos gibt es&nbsp;<a href=\"https:\/\/web.archive.org\/web\/20180313021456\/https:\/\/www.motorsport-magazin.com\/formel1\/news-244959-formel-1-2018-live-livestream-live-tv-kosten-kommentatoren-f1-timing-sky-rtl-formel-2-gp3-porsche\/\">hier.<\/a><br>Diesen Monat gibt es auch mal wieder L\u00e4nderspiele zu begutachten. Deutschland spielt gegen Spanien und Brasilien, f\u00fcr den Fall der F\u00e4lle das uns die Brasilianer bei der WM diesen Sommer lieber aus dem Weg gehen wollen. \ud83d\ude09<br>Vom 09. bis zum 18. M\u00e4rz finden in Pyeongchang dann auch noch die Paralympischen Spiele statt, ARD und ZDF \u00fcbertragen.<\/p>\n\n\n\n<p>Damit habt ihr aus sportlicher Sicht mal einen groben \u00dcberblick, nun gibt es die \u00dcbersicht \u00fcber die Kommentatoren-Ansetzungen der kommenden Tage!<\/p>\n\n\n\n<p><em><strong>Die Ansetzungen vom 02. M\u00e4rz 2018 bis zum 05. M\u00e4rz 2018<\/strong><\/em><\/p>\n\n\n\n<p><em><strong>Bundesliga, 25. Spieltag<\/strong><\/em><\/p>\n\n\n\n<p>Freitag, 02. M\u00e4rz 2018 ab 19.30 Uhr (Eurosport 2 Xtra)<\/p>\n\n\n\n<p><em><strong>Borussia M\u00f6nchengladbach \u2013 SV Werder Bremen (20.30 Uhr)<\/strong><\/em><\/p>\n\n\n\n<ul class=\"wp-block-list\"><li>Eurosport 2 Xtra: ???<\/li><\/ul>\n\n\n\n<p>Moderation (Eurosport 2 Xtra): Jan Henkel, Experte: Matthias Sammer<\/p>\n\n\n\n<p>Samstag, 03. M\u00e4rz 2018 ab 13.00 Uhr (Sky)<\/p>\n\n\n\n<p><em><strong>FC Schalke 04 \u2013 Hertha BSC (15.30 Uhr)<\/strong><\/em><\/p>\n\n\n\n<ul class=\"wp-block-list\"><li>Sky: Marcus Lindemann (Einzelspiel), Frank Buschmann (Konferenz)<\/li><\/ul>\n\n\n\n<p><em><strong>Eintracht Frankfurt \u2013 Hannover 96 (15.30 Uhr)<\/strong><\/em><\/p>\n\n\n\n<ul class=\"wp-block-list\"><li>Sky: Jonas Friedrich (Einzelspiel), J\u00f6rg Dahlmann (Konferenz)<\/li><\/ul>\n\n\n\n<p><em><strong>Hamburger SV \u2013 FSV Mainz 05 (15.30 Uhr)<\/strong><\/em><\/p>\n\n\n\n<ul class=\"wp-block-list\"><li>Sky: Tom Bayer (Einzelspiel), Oliver Seidler (Konferenz)<\/li><\/ul>\n\n\n\n<p><em><strong>VFL Wolfsburg \u2013 Bayer 04 Leverkusen (15.30 Uhr)<\/strong><\/em><\/p>\n\n\n\n<ul class=\"wp-block-list\"><li>Sky: Florian Schmidt-Sommerfeld (Einzelspiel), Martin Gro\u00df (Konferenz)<\/li><\/ul>\n\n\n\n<p><em><strong>FC Augsburg \u2013 TSG 1899 Hoffenheim (15.30 Uhr)<\/strong><\/em><\/p>\n\n\n\n<ul class=\"wp-block-list\"><li>Sky: Hansi K\u00fcpper (Einzelspiel), Marc Hindelang (Konferenz)<\/li><\/ul>\n\n\n\n<p>Moderation (Sky): Britta Hofmann &amp; Sebastian Hellmann, Experten: Lothar Matth\u00e4us, Christoph Metzelder, Reiner Calmund<\/p>\n\n\n\n<p>Ab 17.30 Uhr (Sky)<\/p>\n\n\n\n<p><em><strong>RB Leipzig \u2013 Borussia Dortmund (18.30 Uhr)<\/strong><\/em><\/p>\n\n\n\n<ul class=\"wp-block-list\"><li>Sky: Wolff Fuss<\/li><\/ul>\n\n\n\n<p>Moderation (Sky):&nbsp;Britta Hofmann &amp; Sebastian Hellmann, Experten: Lothar Matth\u00e4us, Christoph Metzelder, Reiner Calmund&nbsp;<\/p>\n\n\n\n<p>Sonntag, 04 M\u00e4rz 2018 ab 14.30 Uhr (Sky)<\/p>\n\n\n\n<p><em><strong>1. FC K\u00f6ln \u2013 VFB Stuttgart (15.30 Uhr)<\/strong><\/em><\/p>\n\n\n\n<ul class=\"wp-block-list\"><li>Sky: Wolff Fuss<\/li><\/ul>\n\n\n\n<p>Moderation (Sky): Michael Leopold, Experte: Dietmar Hamann<\/p>\n\n\n\n<p>Ab 17.30 Uhr (Sky)<\/p>\n\n\n\n<p><em><strong>SC Freiburg \u2013 FC Bayern M\u00fcnchen (18.00 Uhr)<\/strong><\/em><\/p>\n\n\n\n<ul class=\"wp-block-list\"><li>Sky: Kai Dittmann<\/li><\/ul>\n\n\n\n<p>Moderation (Sky): Michael Leopold, Experte: Dietmar Hamann&nbsp;<\/p>\n\n\n\n<hr class=\"wp-block-separator\"\/>\n\n\n\n<p><em><strong>2. Bundesliga, 25. Spieltag<\/strong><\/em><\/p>\n\n\n\n<p>Freitag, 02. M\u00e4rz 2018 ab 18.15 Uhr (Sky)<\/p>\n\n\n\n<p><em><strong>1. FC Kaiserslautern \u2013 1. FC Union Berlin (18.30 Uhr)<\/strong><\/em><\/p>\n\n\n\n<ul class=\"wp-block-list\"><li>Sky: Andreas Renner (Einzelspiel), Markus G\u00f6tz (Konferenz)<\/li><\/ul>\n\n\n\n<p><em><strong>Dynamo Dresden \u2013 SV Darmstadt 98 (18.30 Uhr)<\/strong><\/em><\/p>\n\n\n\n<ul class=\"wp-block-list\"><li>Sky: Torsten Kunde (Einzelspiel), Holger Pfandt (Konferenz)<\/li><\/ul>\n\n\n\n<p>Moderation (Sky): Christina Rann<\/p>\n\n\n\n<p>Samstag, 03. M\u00e4rz 2018 ab 12.30 Uhr (Sky)<\/p>\n\n\n\n<p><em><strong>1. FC N\u00fcrnberg \u2013 SpVgg Greuther F\u00fcrth (13.00 Uhr)<\/strong><\/em><\/p>\n\n\n\n<ul class=\"wp-block-list\"><li>Sky: Klaus Veltmann (Einzelspiel), Toni Tomic (Konferenz)<\/li><\/ul>\n\n\n\n<p><em><strong>Holstein Kiel \u2013 MSV Duisburg (13.00 Uhr)<\/strong><\/em><\/p>\n\n\n\n<ul class=\"wp-block-list\"><li>Sky: Michael Born (Einzelspiel), Holger Pfandt (Konferenz)<\/li><\/ul>\n\n\n\n<p><em><strong>SV Sandhausen \u2013 FC Erzgebirge Aue (13.00 Uhr)<\/strong><\/em><\/p>\n\n\n\n<ul class=\"wp-block-list\"><li>Sky: Marcel Meinert (Einzelspiel), Sascha Roos (Konferenz)<\/li><\/ul>\n\n\n\n<p>Moderation (Sky): Peter Hardenacke<\/p>\n\n\n\n<p>Sonntag, 04. M\u00e4rz 2018 ab 13.00 Uhr (Sky)<\/p>\n\n\n\n<p><em><strong>Fortuna D\u00fcsseldorf \u2013 FC St. Pauli (13.30 Uhr)<\/strong><\/em><\/p>\n\n\n\n<ul class=\"wp-block-list\"><li>Sky: Ulli Potofski (Einzelspiel), Holger Pfandt (Konferenz)<\/li><\/ul>\n\n\n\n<p><em><strong>Eintracht Braunschweig \u2013 Jahn Regensburg (13.30 Uhr)<\/strong><\/em><\/p>\n\n\n\n<ul class=\"wp-block-list\"><li>Sky: Sven Haist (Einzelspiel), Klaus Veltmann (Konferenz)<\/li><\/ul>\n\n\n\n<p><em><strong>1, FC Heidenheim \u2013 Arminia Bielefeld (13.30 Uhr)<\/strong><\/em><\/p>\n\n\n\n<ul class=\"wp-block-list\"><li>Sky: Christina Graf (Einzelspiel), Markus Gaupp (Konferenz)<\/li><\/ul>\n\n\n\n<p>Moderation (Sky): Stefan Hempel<\/p>\n\n\n\n<p>Montag, 05. M\u00e4rz 2018 ab 20.15 Uhr (Sky)<\/p>\n\n\n\n<p><em><strong>FC Ingolstadt 04 \u2013 VFL Bochum (20.30 Uhr)<\/strong><\/em><\/p>\n\n\n\n<ul class=\"wp-block-list\"><li>Sky: Hansi K\u00fcpper<\/li><\/ul>\n\n\n\n<p>Moderation (Sky): Yannick Erkenbrecher<\/p>\n\n\n\n<hr class=\"wp-block-separator\"\/>\n\n\n\n<p><em><strong>3. Liga, 27. Spieltag<\/strong><\/em><\/p>\n\n\n\n<p>Freitag, 02. M\u00e4rz 2018 ab 18.30 Uhr bzw. 18.45 Uhr (Telekom Sport)<\/p>\n\n\n\n<p><em><strong>Sportfreunde Lotte : Karlsruher SC&nbsp;(19.00 Uhr)<\/strong><\/em><\/p>\n\n\n\n<ul class=\"wp-block-list\"><li>Telekom Sport: Markus H\u00f6hner<\/li><\/ul>\n\n\n\n<p>Moderation (Telekom Sport): Thomas Wagner<\/p>\n\n\n\n<p><em><strong>SV Werder Bremen II : FC Hansa Rostock&nbsp;(19.00 Uhr)<\/strong><\/em><\/p>\n\n\n\n<ul class=\"wp-block-list\"><li>Telekom Sport: Edgar Mielke<\/li><\/ul>\n\n\n\n<p>Moderation (Telekom Sport): Cedric Pick<\/p>\n\n\n\n<p>Samstag, 03. M\u00e4rz 2018 ab 13.45 Uhr (Telekom Sport)&nbsp;<\/p>\n\n\n\n<p><em><strong>FC W\u00fcrzburger Kickers : VfR Aalen&nbsp;(14.00 Uhr)<\/strong><\/em><\/p>\n\n\n\n<ul class=\"wp-block-list\"><li>Telekom Sport: Christian Stra\u00dfburger<\/li><\/ul>\n\n\n\n<p>Moderation (Telekom Sport): Konstantin Klostermann<\/p>\n\n\n\n<p><em><strong>SG Sonnenhof Gro\u00dfaspach : SpVgg Unterhaching&nbsp;(14.00 Uhr)<\/strong><\/em><\/p>\n\n\n\n<ul class=\"wp-block-list\"><li>Telekom Sport: Alexander Kunz<\/li><\/ul>\n\n\n\n<p>Moderation (Telekom Sport): Sascha Bandermann<\/p>\n\n\n\n<p>Ab 14.00 Uhr (MDR, WDR &amp; Telekom Sport)<\/p>\n\n\n\n<p><em><strong>SC Preu\u00dfen M\u00fcnster : SC Paderborn 07&nbsp;(14.05 Uhr)<\/strong><\/em><\/p>\n\n\n\n<ul class=\"wp-block-list\"><li>Telekom Sport: Martin Piller<\/li><li>WDR: ???<\/li><\/ul>\n\n\n\n<p>Moderation (WDR): ???<\/p>\n\n\n\n<p><em><strong>1. FC Magdeburg : FSV Zwickau&nbsp;(14.05 Uhr)<\/strong><\/em><\/p>\n\n\n\n<ul class=\"wp-block-list\"><li>MDR: ???<\/li><li>Telekom Sport: Franz B\u00fcchner<\/li><\/ul>\n\n\n\n<p>Moderation (MDR): ???<\/p>\n\n\n\n<p>Sonntag, 04. M\u00e4rz 2018 ab 13.45 Uhr (Telekom Sport)<\/p>\n\n\n\n<p><em><strong>Hallescher FC : Fortuna K\u00f6ln&nbsp;(14.00 Uhr)<\/strong><\/em><\/p>\n\n\n\n<ul class=\"wp-block-list\"><li>Telekom Sport: Alexander K\u00fcpper<\/li><\/ul>\n\n\n\n<p>Moderation (Telekom Sport): Anett Sattler<\/p>\n\n\n\n<hr class=\"wp-block-separator\"\/>\n\n\n\n<p><em><strong>Fu\u00dfball International<\/strong><\/em><\/p>\n\n\n\n<p>Freitag, 02. M\u00e4rz 2018&nbsp;<\/p>\n\n\n\n<p>Hyundai A-League, 22. Spieltag:<em><strong>&nbsp;Melbourne City \u2013 Melbourne Victory (09.56 Uhr)<\/strong><\/em><\/p>\n\n\n\n<ul class=\"wp-block-list\"><li>Sportdigital: Christian Blunck<\/li><\/ul>\n\n\n\n<p>Chinese Super League, 01. Spieltag:&nbsp;<em><strong>Guangzhou Evergrande \u2013 Guangzhou RF (12.35 Uhr)<\/strong><\/em><\/p>\n\n\n\n<ul class=\"wp-block-list\"><li>Sportdigital: Karsten Linke<\/li><\/ul>\n\n\n\n<p>Ligue 1, 28. Spieltag:&nbsp;<em><strong>AS Monaco \u2013 Girondins Bordeaux (20.45 Uhr)<\/strong><\/em><\/p>\n\n\n\n<ul class=\"wp-block-list\"><li>Sport1+: ???<\/li><\/ul>\n\n\n\n<p>Liga NOS, 25. Spieltag:&nbsp;<em><strong>FC Porto \u2013 Sporting Lissabon (21.30 Uhr)<\/strong><\/em><\/p>\n\n\n\n<ul class=\"wp-block-list\"><li>Sportdigital: J\u00f6rg Steiger<\/li><\/ul>\n\n\n\n<p>Samstag, 03. M\u00e4rz 2018<\/p>\n\n\n\n<p>Hyundai A-League, 22. Spieltag:&nbsp;<em><strong>Newcastle United Jets \u2013 Sydney FC (07.30 Uhr)<\/strong><\/em><\/p>\n\n\n\n<ul class=\"wp-block-list\"><li>Sportdigital: Marcus Radefeld<\/li><\/ul>\n\n\n\n<p>Super Liga, 25. Spieltag:&nbsp;<em><strong>Radnicki Nis \u2013 Partizan Belgrad (14.30 Uhr)<\/strong><\/em><\/p>\n\n\n\n<ul class=\"wp-block-list\"><li>Sport1+: ???<\/li><\/ul>\n\n\n\n<p>Sky Bet Championship, 35. Spieltag:&nbsp;<em><strong>Nottingham Forrest \u2013 Birmingham City (16.00 Uhr)<\/strong><\/em><\/p>\n\n\n\n<ul class=\"wp-block-list\"><li>Sportdigital: Marcus Radefeld<\/li><\/ul>\n\n\n\n<p>Ligue 1, 28. Spieltag:&nbsp;<em><strong>ESTAC Troyes \u2013 Paris Saint Germain (17.00 Uhr)<\/strong><\/em><\/p>\n\n\n\n<ul class=\"wp-block-list\"><li>Sport1: ???<\/li><\/ul>\n\n\n\n<p>Eredivisie, 26. Spieltag:&nbsp;<em><strong>PSV Eindhoven \u2013 FC Utrecht (18.30 Uhr)<\/strong><\/em><\/p>\n\n\n\n<ul class=\"wp-block-list\"><li>Sportdigital: Karsten Linke<\/li><\/ul>\n\n\n\n<p>Sky Bet Championship, 35. Spieltag:&nbsp;<em><strong>Wolverhampton Wanderers \u2013 FC Reading (19.00 Uhr)<\/strong><\/em><\/p>\n\n\n\n<ul class=\"wp-block-list\"><li>Sport1+: ???<\/li><\/ul>\n\n\n\n<p>Jupiler Pro League, 29. Spieltag:&nbsp;<em><strong>FC Br\u00fcgge \u2013 KV Kortrijk (20.30 Uhr)<\/strong><\/em><\/p>\n\n\n\n<ul class=\"wp-block-list\"><li>Sport1+: ???<\/li><\/ul>\n\n\n\n<p>Superliga Argentina, 18. Spieltag:&nbsp;<em><strong>CA San Lorenzo \u2013 CA Union Santa Fe (21.00 Uhr)<\/strong><\/em><\/p>\n\n\n\n<ul class=\"wp-block-list\"><li>Sportdigital: Christian Blunck<\/li><\/ul>\n\n\n\n<p>Sonntag, 04. M\u00e4rz 2018&nbsp;<\/p>\n\n\n\n<p>Premjer Liga, 21. Spieltag:&nbsp;<em><strong>Lokomotiv Moskau \u2013 Spartak Moskau (14.30 Uhr)<\/strong><\/em><\/p>\n\n\n\n<ul class=\"wp-block-list\"><li>Sportdigital: Karsten Linke<\/li><\/ul>\n\n\n\n<p>Serie A, 27. Spieltag:&nbsp;<em><strong>Atalanta Bergamo \u2013 Sampdoria Genua (15.00 Uhr)<\/strong><\/em><\/p>\n\n\n\n<ul class=\"wp-block-list\"><li>Sport1+: ???<\/li><\/ul>\n\n\n\n<p>Ligue 1, 28. Spieltag:&nbsp;<em><strong>Montpellier HSC \u2013 Olympique Lyon (17.00 Uhr)<\/strong><\/em><\/p>\n\n\n\n<ul class=\"wp-block-list\"><li>Sport1+: ???<\/li><\/ul>\n\n\n\n<hr class=\"wp-block-separator\"\/>\n\n\n\n<p><em><strong>Frauenfu\u00dfball<\/strong><\/em><\/p>\n\n\n\n<p>Freitag, 02. M\u00e4rz 2018 ab 00.55 Uhr (Sport1)<\/p>\n\n\n\n<p>SheBelievesCup:&nbsp;<em><strong>USA \u2013 Deutschland (01.00 Uhr)<\/strong><\/em><\/p>\n\n\n\n<ul class=\"wp-block-list\"><li>Sport1: ???<\/li><\/ul>\n\n\n\n<p>Sonntag, 04. M\u00e4rz 2018 ab 20.45 Uhr (Sport1)<\/p>\n\n\n\n<p>SheBelievesCup:&nbsp;<em><strong>England \u2013 Deutschland (20.45 Uhr)<\/strong><\/em><\/p>\n\n\n\n<ul class=\"wp-block-list\"><li>Sport1: ???<\/li><\/ul>\n\n\n\n<hr class=\"wp-block-separator\"\/>\n\n\n\n<p><em><strong>DAZN<\/strong><\/em><\/p>\n\n\n\n<ul class=\"wp-block-list\"><li><a href=\"https:\/\/web.archive.org\/web\/20180313021456\/http:\/\/www.spox.com\/de\/sport\/fussball\/international\/england\/livestream\/premier-league-programm-dazn.html\">Premier-League Ansetzungen<\/a><\/li><li><a href=\"https:\/\/web.archive.org\/web\/20180313021456\/http:\/\/www.spox.com\/de\/sport\/fussball\/international\/spanien\/livestream\/primera-division-programm-la-liga-dazn.html\">Primera-Division Ansetzungen<\/a><\/li><li><a href=\"https:\/\/web.archive.org\/web\/20180313021456\/http:\/\/www.spox.com\/de\/sport\/fussball\/international\/frankreich\/livestream\/ligue-1-programm-dazn.html\">Ligue 1 Ansetzungen<\/a><\/li><\/ul>\n\n\n\n<hr class=\"wp-block-separator\"\/>\n\n\n\n<p><em>Die<\/em><em>&nbsp;aufgef\u00fchrten Ansetzungen gew\u00e4hren keine Vollst\u00e4ndigkeit. Die Autoren des Kommentatorenblogs behalten es sich vor, TV-\u00dcbertragungen und Livestreams zu ignorieren. Grunds\u00e4tzlich nicht aufgef\u00fchrt werden Ansetzungen ausl\u00e4ndischer Sender.<\/em><\/p>\n\n\n\n<hr class=\"wp-block-separator\"\/>\n\n\n\n<p><em><strong>Die Analyse<\/strong><\/em><\/p>\n\n\n\n<p>Da wir \u00fcber den Freitag noch nicht allzu viel wissen, schauen wir gleich auf den Samstag. Marcus Lindemann darf, nachdem er zuletzt doch etwas n\u00f6rdlicher unterwegs war, tats\u00e4chlich mal wieder in bekannteren Gegenden zur Tat schreiten. Ungew\u00f6hnlich dagegen kommt das Gastspiel von Tom Bayer beim Abstiegskracher in Hamburg daher, Hansi K\u00fcpper dagegen hat in Augsburg mittlerweile gef\u00fchlt eine Dauerkarte erworben. Konferenz klingt aus meiner Sicht: Ok. Topspiel in Leipzig \u00fcbernimmt Wolff Fuss, welcher sich bereits am kommenden Tag wieder in K\u00f6ln befindet. Kai Dittmann hat ein recht entspanntes Wochenende vor sich und somit nur ein Spiel zu verfolgen. Zur Abwechslung bekommt er in Freiburg auch mal ein Stadion zu Gesicht, welches er sonst selten sieht.<\/p>\n\n\n\n<p>Blick ins Unterhaus: Andreas Renner darf mal wieder raus an die frische Lust und ist in der Pfalz zu Gast, Torsten Kunde befindet sich in dieser Saison nicht zum ersten mal in Dresden. Ansonsten lassen sich keine \u00dcberraschungen erhaschen.<\/p>\n\n\n\n<p>In der dritten Liga findet das Topspiel dieses mal in Lotte statt, folglich rollt auch \u201eTopspiel\u201c-Personal mit Markus H\u00f6hner und Thomas Wagner an. Ansonsten gibt es keine Auff\u00e4lligkeiten, Edgar Mielke meldet sich zum wiederholtem mal aus Bremen.<\/p>\n\n\n\n<p>Marcus Radefeld ist der einzige bei Sportdigital, der wirklich eine Doppelschicht schieben muss. Ansonsten ist der Dienstplan gut abgedeckt. Die Ansetzungen von Sport1 reichen wir nach, gilt auch f\u00fcr den SheBelievesCup, den sich der Sender auf die Schnelle noch geschnappt hat.<\/p>\n\n\n\n<p>Euch ein gesundes Wochenende!<\/p>\n","protected":false},"excerpt":{"rendered":"<p>(Beitrag von Dennis, reposted von Nico) N\u2019Abend allerseits! Deutschland leidet, Deutschland hustet, Deutschland friert. So lassen sich die vergangenen Tage ganz gut zusammenfassen. Eine unheimliche K\u00e4ltewelle und eine unheimliche Grippewelle fegen \u00fcber das Land hinweg. Nach gut 3 vollkommen gesunden Jahren hat es nun auch mich mal wieder etwas heftiger erwischt, na gut, passiert. An [&hellip;]<\/p>\n","protected":false},"author":4,"featured_media":0,"comment_status":"open","ping_status":"open","sticky":false,"template":"","format":"standard","meta":{"footnotes":""},"categories":[424,1],"tags":[],"class_list":["post-7358","post","type-post","status-publish","format-standard","hentry","category-bundesliga-und-co","category-uncategorized"],"_links":{"self":[{"href":"https:\/\/kommentatorenblog.de\/index.php?rest_route=\/wp\/v2\/posts\/7358","targetHints":{"allow":["GET"]}}],"collection":[{"href":"https:\/\/kommentatorenblog.de\/index.php?rest_route=\/wp\/v2\/posts"}],"about":[{"href":"https:\/\/kommentatorenblog.de\/index.php?rest_route=\/wp\/v2\/types\/post"}],"author":[{"embeddable":true,"href":"https:\/\/kommentatorenblog.de\/index.php?rest_route=\/wp\/v2\/users\/4"}],"replies":[{"embeddable":true,"href":"https:\/\/kommentatorenblog.de\/index.php?rest_route=%2Fwp%2Fv2%2Fcomments&post=7358"}],"version-history":[{"count":1,"href":"https:\/\/kommentatorenblog.de\/index.php?rest_route=\/wp\/v2\/posts\/7358\/revisions"}],"predecessor-version":[{"id":7359,"href":"https:\/\/kommentatorenblog.de\/index.php?rest_route=\/wp\/v2\/posts\/7358\/revisions\/7359"}],"wp:attachment":[{"href":"https:\/\/kommentatorenblog.de\/index.php?rest_route=%2Fwp%2Fv2%2Fmedia&parent=7358"}],"wp:term":[{"taxonomy":"category","embeddable":true,"href":"https:\/\/kommentatorenblog.de\/index.php?rest_route=%2Fwp%2Fv2%2Fcategories&post=7358"},{"taxonomy":"post_tag","embeddable":true,"href":"https:\/\/kommentatorenblog.de\/index.php?rest_route=%2Fwp%2Fv2%2Ftags&post=7358"}],"curies":[{"name":"wp","href":"https:\/\/api.w.org\/{rel}","templated":true}]}}