{"id":7361,"date":"2018-02-22T12:35:00","date_gmt":"2018-02-22T11:35:00","guid":{"rendered":"http:\/\/kommentatorenblog.de\/?p=7361"},"modified":"2021-03-07T13:01:36","modified_gmt":"2021-03-07T12:01:36","slug":"kommentatorenblog-832-puck-puck-hurra","status":"publish","type":"post","link":"https:\/\/kommentatorenblog.de\/?p=7361","title":{"rendered":"[Kommentatorenblog #832] \u2013 Puck, Puck, Hurra!"},"content":{"rendered":"\n<p>(Beitrag von Frederik, reposted von Nico)<\/p>\n\n\n\n<p>N\u2019Abend allerseits!<\/p>\n\n\n\n<p>An diesem Freitag steht Deutschlands Eishockey-Nationalmannschaft im Halbfinale der Olympischen Spiele und trifft auf Kanada. Geht das Eis-M\u00e4rchen weiter? Es sind ohnehin schon unfassbar erfolgreiche Spiele f\u00fcr unser Land, eine historische Medaille im Eishockey w\u00fcrde das Ganze noch kr\u00f6nen.<\/p>\n\n\n\n<p>Ich finde es immer wieder faszinierend, wie schnell Eishockey die Deutschen in seinen Bann zieht. Es ist ein bisschen wie beim Handball: Je weiter die deutsche Auswahl kommt, desto gr\u00f6\u00dfer wird die Euphorie. Und spannend ist die Geschichte um das deutsche Team bei diesen Spielen ja auch. Von daher werden am Freitag mit Sicherheit wieder einige Zuschauer vor dem Fernseher sitzen.<\/p>\n\n\n\n<p>Bei Eurosport werden sich wieder Gerhard Leinauer und Patrick Ehelechner am Mikrofon sitzen, die schon beim Overtime-Sieg \u00fcber Schweden v\u00f6llig ausrastete und jegliche Distanz verloren. Das kann man jetzt kritisieren, man kann es aber auch einfach so stehen lassen. Sollte Deutschland Kanada schlagen, werden sie die H\u00fctte wahrscheinlich erneut abrei\u00dfen. Im Ersten wird wahrscheinlich Bernd Schmelzer die Partie kommentieren. Dazu gibt es noch die Livestream, in dem ZDF-Mann Norbert Galeske zu h\u00f6ren sein wird.<\/p>\n\n\n\n<p><em><strong>Die Ansetzungen vom 23. Februar 2017 bis 26. Februar 2018<\/strong><\/em><\/p>\n\n\n\n<p><em><strong>UEFA Europa League<\/strong><\/em><\/p>\n\n\n\n<p>Freitag, 23. Februar 2018, ab 12.45 Uhr (Sky Sport News HD)<\/p>\n\n\n\n<p><em><strong>Auslosung Achtelfinale<\/strong><\/em><\/p>\n\n\n\n<ul class=\"wp-block-list\"><li>SSNHD: ???<\/li><\/ul>\n\n\n\n<hr class=\"wp-block-separator\"\/>\n\n\n\n<p><em><strong>Bundesliga, 24. Spieltag<\/strong><\/em><\/p>\n\n\n\n<p>Freitag, 23. Februar 2018, ab 19.30 Uhr (Eurosport 2 Xtra)<\/p>\n\n\n\n<p><em><strong>FSV Mainz 05 \u2013 VfL Wolfsburg (20.30 Uhr)<\/strong><\/em><\/p>\n\n\n\n<ul class=\"wp-block-list\"><li>Eurosport 2 Xtra: Philipp Eger<\/li><\/ul>\n\n\n\n<p>Moderation (Eurosport 2 Xtra): Jan Henkel; Experte: Matthias Sammer<\/p>\n\n\n\n<p>Samstag, 24. Februar 2018, ab 13.00 Uhr (Sky)<\/p>\n\n\n\n<p><em><strong>Hannover 96 \u2013 Borussia M\u2019gladbach (15.30 Uhr)<\/strong><\/em><\/p>\n\n\n\n<ul class=\"wp-block-list\"><li>Sky: Michael Born (Einzelspiel), J\u00f6rg Dahlmann (Konferenz)<\/li><\/ul>\n\n\n\n<p><em><strong>1899 Hoffenheim \u2013 SC Freiburg (15.30 Uhr)<\/strong><\/em><\/p>\n\n\n\n<ul class=\"wp-block-list\"><li>Sky: Klaus Veltman (Einzelspiel), Hansi K\u00fcpper (Konferenz)<\/li><\/ul>\n\n\n\n<p><em><strong>FC Bayern M\u00fcnchen \u2013 Hertha BSC (15.30 Uhr)<\/strong><\/em><\/p>\n\n\n\n<ul class=\"wp-block-list\"><li>Sky: Wolff Fuss (Einzelspiel), Kai Dittmann (Konferenz)<\/li><\/ul>\n\n\n\n<p><em><strong>VfB Stuttgart \u2013 Eintracht Frankfurt (15.30 Uhr)<\/strong><\/em><\/p>\n\n\n\n<ul class=\"wp-block-list\"><li>Sky: Marcus Lindemann (Einzelspiel), Florian Schmidt-Sommerfeld (Konferenz)<\/li><\/ul>\n\n\n\n<p>ab 17.30 Uhr (Sky)<\/p>\n\n\n\n<p><em><strong>Werder Bremen \u2013 Hamburger SV (18.30 Uhr)<\/strong><\/em><\/p>\n\n\n\n<ul class=\"wp-block-list\"><li>Sky: Martin Gro\u00df<\/li><\/ul>\n\n\n\n<p>Moderation (Sky): Esther Sedlaczek &amp; Yannick Erkenbrecher; Experten: Lothar Matth\u00e4us, Christoph Metzelder &amp; Reiner Calmund<\/p>\n\n\n\n<p>Sonntag, 25. Februar 2018, ab 14.30 Uhr (Sky)<\/p>\n\n\n\n<p><em><strong>Bayer Leverkusen \u2013 FC Schalke 04 (15.30 Uhr)<\/strong><\/em><\/p>\n\n\n\n<ul class=\"wp-block-list\"><li>Sky: Tom Bayer<\/li><\/ul>\n\n\n\n<p>ab 17.30 Uhr (Sky)<\/p>\n\n\n\n<p><em><strong>RB Leipzig \u2013 1. FC K\u00f6ln (18.00 Uhr)<\/strong><\/em><\/p>\n\n\n\n<ul class=\"wp-block-list\"><li>Sky: Roland Evers<\/li><\/ul>\n\n\n\n<p>Moderation (Sky): Michael Leopold; Experte: Dietmar Hamann<\/p>\n\n\n\n<p>Montag, 26. Februar 2018, ab 19.30 Uhr (Eurosport 2 Xtra)<\/p>\n\n\n\n<p><em><strong>Borussia Dortmund \u2013 FC Augsburg (20.30 Uhr)<\/strong><\/em><\/p>\n\n\n\n<ul class=\"wp-block-list\"><li>Eurosport 2 Xtra: ???<\/li><\/ul>\n\n\n\n<p>Moderation (Eurosport 2 Xtra): Jan Henkel; Experte: Matthias Sammer<\/p>\n\n\n\n<hr class=\"wp-block-separator\"\/>\n\n\n\n<p><em><strong>2. Bundesliga, 24. Spieltag<\/strong><\/em><\/p>\n\n\n\n<p>Freitag, 23. Februar 2018, ab 18.15 Uhr (Sky)<\/p>\n\n\n\n<p><em><strong>Jahn Regensburg \u2013 Fortuna D\u00fcsseldorf (18.30 Uhr)<\/strong><\/em><\/p>\n\n\n\n<ul class=\"wp-block-list\"><li>Sky: J\u00f6rg Dahlmann (Einzelspiel), Florian Schmidt-Sommerfeld (Konferenz)<\/li><\/ul>\n\n\n\n<p><em><strong>Arminia Bielefeld \u2013 Dynamo Dresden (18.30 Uhr)<\/strong><\/em><\/p>\n\n\n\n<ul class=\"wp-block-list\"><li>Sky: Ulli Potofski (Einzelspiel), Markus G\u00f6tz (Konferenz)<\/li><\/ul>\n\n\n\n<p>Moderation (Sky): Christina Rann<\/p>\n\n\n\n<p>Samstag, 24. Februar 2018, ab 12.30 Uhr (Sky)<\/p>\n\n\n\n<p><em><strong>Erzgebirge Aue \u2013 1. FC Kaiserslautern (13.00 Uhr)<\/strong><\/em><\/p>\n\n\n\n<ul class=\"wp-block-list\"><li>Sky: Torsten Kunde (Einzelspiel), Marcel Meinert (Konferenz)<\/li><\/ul>\n\n\n\n<p><em><strong>SpVgg Greuther F\u00fcrth \u2013 Eintracht Braunschweig (13.00 Uhr)<\/strong><\/em><\/p>\n\n\n\n<ul class=\"wp-block-list\"><li>Sky: Sascha Roos (Einzelspiel), Holger Pfandt (Konferenz)<\/li><\/ul>\n\n\n\n<p><em><strong>MSV Duisburg \u2013 FC Ingolstadt 04 (13.00 Uhr)<\/strong><\/em><\/p>\n\n\n\n<ul class=\"wp-block-list\"><li>Sky: Markus Gaupp (Einzelspiel), Marc Hindelang (Konferenz)<\/li><\/ul>\n\n\n\n<p><em><strong>1. FC Union Berlin \u2013 SV Sandhausen (13.00 Uhr)<\/strong><\/em><\/p>\n\n\n\n<ul class=\"wp-block-list\"><li>Sky: Sven Haist (Einzelspiel), Toni Tomic (Konferenz)<\/li><\/ul>\n\n\n\n<p>Moderation (Sky): Peter Hardenacke<\/p>\n\n\n\n<p>Sonntag, 25. Februar 2018, ab 13.00 Uhr (Sky)<\/p>\n\n\n\n<p><em><strong>SV Darmstadt 98 \u2013 1. FC Heidenheim (13.30 Uhr)<\/strong><\/em><\/p>\n\n\n\n<ul class=\"wp-block-list\"><li>Sky: Klaus Veltman (Einzelspiel), Marc Hindelang (Konferenz)<\/li><\/ul>\n\n\n\n<p><em><strong>VfL Bochum \u2013 1. FC N\u00fcrnberg (13.30 Uhr)<\/strong><\/em><\/p>\n\n\n\n<ul class=\"wp-block-list\"><li>Sky: Christina Graf (Einzelspiel), Holger Pfandt (Konferenz)<\/li><\/ul>\n\n\n\n<p><em><strong>FC St. Pauli \u2013 Holstein Kiel (13.30 Uhr)<\/strong><\/em><\/p>\n\n\n\n<ul class=\"wp-block-list\"><li>Sky: Oliver Seidler (Einzelspiel), Hansi K\u00fcpper (Konferenz)<\/li><\/ul>\n\n\n\n<p>Moderation (Sky): ???<\/p>\n\n\n\n<hr class=\"wp-block-separator\"\/>\n\n\n\n<p><strong><em>3<\/em><\/strong><em><strong>. Liga, 26. Spieltag<\/strong><\/em><\/p>\n\n\n\n<p>Freitag, 23. Februar 2018, ab 18.30 Uhr (Telekom Sport)<\/p>\n\n\n\n<p><em><strong>Fortuna K\u00f6ln \u2013 SV Werder Bremen II (19.00 Uhr)<\/strong><\/em><\/p>\n\n\n\n<ul class=\"wp-block-list\"><li>Telekom Sport: Markus H\u00f6hner<\/li><\/ul>\n\n\n\n<p>Moderation (Telekom Sport): Thomas Wagner<\/p>\n\n\n\n<p>Samstag, 24. Februar 2018, ab 13.45 Uhr (Telekom Sport)<\/p>\n\n\n\n<p><em><strong>VfL Osnabr\u00fcck \u2013 SG Sonnehof-Gro\u00dfaspach (14.00 Uhr)<\/strong><\/em><\/p>\n\n\n\n<ul class=\"wp-block-list\"><li>Telekom Sport: Edgar Mielke<\/li><\/ul>\n\n\n\n<p>Moderation (Telekom Sport): Cedric Pick<\/p>\n\n\n\n<p><em><strong>SpVgg Unterhaching \u2013 Sportfreunde Lotte (14.00 Uhr)<\/strong><\/em><\/p>\n\n\n\n<ul class=\"wp-block-list\"><li>Telekom Sport: Alexander Kunz<\/li><\/ul>\n\n\n\n<p>Moderation (Telekom Sport): Alexander Klich<\/p>\n\n\n\n<p><em><strong>SV Wehen-Wiesbaden \u2013 Hallescher FC (14.00 Uhr)<\/strong><\/em><\/p>\n\n\n\n<ul class=\"wp-block-list\"><li>Telekom Sport: Markus H\u00f6hner<\/li><\/ul>\n\n\n\n<p>Moderation (Telekom Sport): Sascha Bandermann<\/p>\n\n\n\n<p><em><strong>FSV Zwickau \u2013 SC Preu\u00dfen M\u00fcnster (14.00 Uhr)<\/strong><\/em><\/p>\n\n\n\n<ul class=\"wp-block-list\"><li>Telekom Sport: Andreas Mann<\/li><\/ul>\n\n\n\n<p>Moderation (Telekom Sport): Stefanie Blochwitz<\/p>\n\n\n\n<p><em><strong>VfR Aalen \u2013 SV Meppen (14.00 Uhr)<\/strong><\/em><\/p>\n\n\n\n<ul class=\"wp-block-list\"><li>Telekom Sport: Mario Bast<\/li><\/ul>\n\n\n\n<p>Moderation (Telekom Sport): Thomas Wagner<\/p>\n\n\n\n<p>jeweils ab ca. 14.00 (NDR, MDR, WDR &amp; Telekom Sport)<\/p>\n\n\n\n<p><em><strong>FC Hansa Rostock \u2013 1. FC Magdeburg (14.05 Uhr)<\/strong><\/em><\/p>\n\n\n\n<ul class=\"wp-block-list\"><li>NDR: Jan Neumann<\/li><li>MDR: ???<\/li><li>Telekom Sport: Franz B\u00fcchner<\/li><\/ul>\n\n\n\n<p>Moderation (NDR): Patrick Halatsch<\/p>\n\n\n\n<p><em><strong>SC Paderborn 07 \u2013 FC W\u00fcrzburger Kickers (14.05 Uhr)<\/strong><\/em><\/p>\n\n\n\n<ul class=\"wp-block-list\"><li>WDR: ???<\/li><li>Telekom Sport: Robby Hunke<\/li><\/ul>\n\n\n\n<p>Moderation (WDR): ???<\/p>\n\n\n\n<p>Sonntag, 25. Februar 2018, ab 13.45 Uhr (Telekom Sport)<\/p>\n\n\n\n<p><em><strong>Karlsruher SC \u2013 Chemnitzer FC (14.00 Uhr)<\/strong><\/em><\/p>\n\n\n\n<ul class=\"wp-block-list\"><li>Telekom Sport: Alexander Klich<\/li><\/ul>\n\n\n\n<p>Moderation (Telekom Sport): Holger Speckhahn<\/p>\n\n\n\n<p>jeweils ab ca. 14.00 Uhr (MDR &amp; Telekom Sport)<\/p>\n\n\n\n<p><em><strong>FC Carl Zeiss Jena \u2013 Rot-Wei\u00df Erfurt (14.05 Uhr)<\/strong><\/em><\/p>\n\n\n\n<ul class=\"wp-block-list\"><li>MDR: ???<\/li><li>Telekom Sport: Basti Schwele<\/li><\/ul>\n\n\n\n<p>Moderation (MDR): Stephanie M\u00fcller-Spirra<\/p>\n\n\n\n<hr class=\"wp-block-separator\"\/>\n\n\n\n<p><em><strong>Regionalliga S\u00fcdwest<\/strong><\/em><\/p>\n\n\n\n<p>Samstag, 24. Februar 2018, ab 15.25 Uhr (Sport1)<\/p>\n\n\n\n<p>S\u00fcdwest, 26. Spieltag:<strong><em>&nbsp;VfB Stuttgart II \u2013 Stuttgarter Kicers (15.30 Uhr)<\/em><\/strong><\/p>\n\n\n\n<ul class=\"wp-block-list\"><li>Sport1: Thomas Herrmann<\/li><\/ul>\n\n\n\n<p>Moderation (Sport1): Nele Schenker<\/p>\n\n\n\n<p>Montag, 26. Februar 2018, ab 19.55 Uhr (Sport1)<\/p>\n\n\n\n<p>Nord, 24. Spieltag:<strong><em>&nbsp;VfL Wolfsburg II \u2013 Hamburger SV II (20.15 Uhr)<\/em><\/strong><\/p>\n\n\n\n<ul class=\"wp-block-list\"><li>Sport1: Oliver Forster<\/li><\/ul>\n\n\n\n<p>Moderation (Sport1): Nele Schenker<\/p>\n\n\n\n<hr class=\"wp-block-separator\"\/>\n\n\n\n<p><em><strong>Fu\u00dfball International<\/strong><\/em><\/p>\n\n\n\n<p>Freitag, 23. Februar 2018<\/p>\n\n\n\n<p>Copa Sudamericana, 1. Runde, Hinspiel:<strong><em>&nbsp;CD Everton \u2013 FC Caracas (01.30 Uhr)<\/em><\/strong><\/p>\n\n\n\n<ul class=\"wp-block-list\"><li>Sport1+: ???<\/li><\/ul>\n\n\n\n<p>Ligue 1, 27. Spieltag:&nbsp;<em><strong>RC Stra\u00dfburg \u2013 Montpellier HSC (20.45 Uhr)<\/strong><\/em><\/p>\n\n\n\n<ul class=\"wp-block-list\"><li>Sport1+: Sebastian Bernsdorff<\/li><\/ul>\n\n\n\n<p>Samstag, 24. Februar 2018<\/p>\n\n\n\n<p>Scottish Premiership, 28. Spieltag:&nbsp;<em><strong>FC Kilmarnock \u2013 Hibernian FC (13.30 Uhr)<\/strong><\/em><\/p>\n\n\n\n<ul class=\"wp-block-list\"><li>Sport1+: Manni Winter<\/li><\/ul>\n\n\n\n<p>Sky Bet Championship, 34. Spieltag:&nbsp;<em><strong>Preston North End \u2013 Ipswich Town (16.00 Uhr)<\/strong><\/em><\/p>\n\n\n\n<ul class=\"wp-block-list\"><li>sportdigital: Christian Blunck<\/li><\/ul>\n\n\n\n<p>Ligue 1, 27. Spieltag:&nbsp;<em><strong>FC Toulouse \u2013 AS Monaco&nbsp;<\/strong><strong>(17.00 Uhr)<\/strong><\/em><\/p>\n\n\n\n<ul class=\"wp-block-list\"><li>Sport1+: Peter Kohl<\/li><\/ul>\n\n\n\n<p>Sky Bet Championship, 34. Spieltag:&nbsp;<em><strong>FC Fulham \u2013 Wolverhampton Wanderers (18.30 Uhr)<\/strong><\/em><\/p>\n\n\n\n<ul class=\"wp-block-list\"><li>sportdigital: Karsten Linke<\/li><li>Sport1+: Willi Arsan (ab ca. 18.55 Uhr)<\/li><\/ul>\n\n\n\n<p>Liga NOS, 24. Spieltag:&nbsp;<em><strong>Pacos de Ferreira \u2013 Benfica Lissabon (21.30 Uhr)<\/strong><\/em><\/p>\n\n\n\n<ul class=\"wp-block-list\"><li>sportdigital: J\u00f6rg Steiger<\/li><\/ul>\n\n\n\n<p>Sonntag, 25. Februar 2018<strong><\/strong><\/p>\n\n\n\n<p>Hyundai A-League, 21. Spieltag:&nbsp;<em><strong>Sydney FC \u2013 Western Sydney Wanderers (08.30 Uhr)<\/strong><\/em><\/p>\n\n\n\n<ul class=\"wp-block-list\"><li>sportdigital: Christian Blunck<\/li><\/ul>\n\n\n\n<p>Eredivisie, 25. Spieltag:&nbsp;<em><strong>Ajax Amsterdam \u2013 ADO Den Haag (12.30 Uhr)<\/strong><\/em><\/p>\n\n\n\n<ul class=\"wp-block-list\"><li>sportdigital: Karsten Linke<\/li><\/ul>\n\n\n\n<p>Eredivisie, 25. Spieltag:&nbsp;<em><strong>Feyenoord Rotterdam \u2013 PSV Eindhoven (14.30 Uhr)<\/strong><\/em><\/p>\n\n\n\n<ul class=\"wp-block-list\"><li>sportdigital: Hannes Herrmann<\/li><\/ul>\n\n\n\n<p>Serie A, 26. Spieltag:&nbsp;<em><strong>Sassuolo Clacio \u2013 Lazio Rom (15.00 Uhr)<\/strong><\/em><\/p>\n\n\n\n<ul class=\"wp-block-list\"><li>Sport1+: Sebastian Bernsdorff<\/li><\/ul>\n\n\n\n<p>Ligue 1, 27. Spieltag:&nbsp;<em><strong>Olympique Lyon \u2013 AS St.-Etienne (17.00 Uhr)<\/strong><\/em><\/p>\n\n\n\n<ul class=\"wp-block-list\"><li>Sport1+: Peter Kohl<\/li><\/ul>\n\n\n\n<p>Jupiler Pro League, 28. Spieltag:&nbsp;<em><strong>Standard L\u00fcttich \u2013 FC Br\u00fcgge (19.00 Uhr)<\/strong><\/em><\/p>\n\n\n\n<ul class=\"wp-block-list\"><li>Sport1+: Willi Arsan<\/li><\/ul>\n\n\n\n<p>Liga NOS, 24. Spieltag:&nbsp;<em><strong>Portimonense SC \u2013 FC Porto (21.15 Uhr)<\/strong><\/em><\/p>\n\n\n\n<ul class=\"wp-block-list\"><li>sportdigital: J\u00f6rg Steiger<\/li><\/ul>\n\n\n\n<p>Superliga Argentinia, 17. Spieltag:&nbsp;<em><strong>CA Union Santa Fe \u2013 CA Colon (23.15 Uhr)<\/strong><\/em><\/p>\n\n\n\n<ul class=\"wp-block-list\"><li>sportdigital: Christian Blunck<\/li><li>Sport1+: ???<\/li><\/ul>\n\n\n\n<p><strong>DAZN<\/strong><\/p>\n\n\n\n<ul class=\"wp-block-list\"><li><a href=\"https:\/\/web.archive.org\/web\/20180225101652\/http:\/\/www.spox.com\/de\/sport\/fussball\/international\/england\/livestream\/premier-league-programm-dazn.html\" target=\"_blank\" rel=\"noreferrer noopener\">Premier-League-Ansetzungen<\/a><\/li><li><a href=\"https:\/\/web.archive.org\/web\/20180225101652\/http:\/\/www.spox.com\/de\/sport\/fussball\/international\/spanien\/livestream\/primera-division-programm-la-liga-dazn.html\" target=\"_blank\" rel=\"noreferrer noopener\">Primera-Division-Ansetzungen<\/a><\/li><li><a href=\"https:\/\/web.archive.org\/web\/20180225101652\/http:\/\/www.spox.com\/de\/sport\/fussball\/international\/frankreich\/livestream\/ligue-1-programm-dazn.html\" target=\"_blank\" rel=\"noreferrer noopener\">Ligue-1-Ansetzungen<\/a><\/li><li><a href=\"https:\/\/web.archive.org\/web\/20180225101652\/http:\/\/www.spox.com\/de\/sport\/fussball\/international\/italien\/livestream\/serie-a-programm-dazn.html\" target=\"_blank\" rel=\"noreferrer noopener\">Serie-A-Ansetzungen<\/a><\/li><\/ul>\n\n\n\n<hr class=\"wp-block-separator\"\/>\n\n\n\n<p><em><strong>Allianz Frauen-Bundesliga, 11. Spieltag<\/strong><\/em><\/p>\n\n\n\n<p>Samstag, 24. Februar 2018, jeweils ab ca. 13.30 Uhr (Telekom Sport &amp; Sport1)<\/p>\n\n\n\n<p><em><strong>SC Freiburg \u2013 FC Bayern M\u00fcnchen (13.30 Uhr)<\/strong><\/em><\/p>\n\n\n\n<ul class=\"wp-block-list\"><li>Telekom Sport: Christoph Fetzer<\/li><li>Sport1: Jan Platte<\/li><\/ul>\n\n\n\n<p>ab 16.30 Uhr (Telekom Sport)<\/p>\n\n\n\n<p><em><strong>1. FFC Frankfurt \u2013 1899 Hoffenheim (16.30 Uhr)<\/strong><\/em><\/p>\n\n\n\n<ul class=\"wp-block-list\"><li>Telekom Sport: Martin Piller<\/li><\/ul>\n\n\n\n<hr class=\"wp-block-separator\"\/>\n\n\n\n<p><em><strong>Hallenfu\u00dfball<\/strong><\/em><\/p>\n\n\n\n<p>Sonntag, 25. Februar 2018, ab 14.30 Uhr<\/p>\n\n\n\n<p><em><strong>AL-KO Cup in Ulm<\/strong><\/em><\/p>\n\n\n\n<ul class=\"wp-block-list\"><li>Sport1: Thomas Herrmann<\/li><\/ul>\n\n\n\n<p>Moderation (Sport1): Jochen Stutzky<\/p>\n\n\n\n<hr class=\"wp-block-separator\"\/>\n\n\n\n<p><em>Die<\/em><em>&nbsp;aufgef\u00fchrten Ansetzungen gew\u00e4hren keine Vollst\u00e4ndigkeit. Die Autoren des Kommentatorenblogs behalten es sich vor, TV-\u00dcbertragungen und Livestreams zu ignorieren. Grunds\u00e4tzlich nicht aufgef\u00fchrt werden Ansetzungen ausl\u00e4ndischer Sender.<\/em><\/p>\n\n\n\n<hr class=\"wp-block-separator\"\/>\n\n\n\n<p><em><strong>Die Analyse<\/strong><\/em><\/p>\n\n\n\n<p>Olympia wirbelt die Eurosport-Ansetzungen weiterhin geh\u00f6rig durcheinander. Diesen Freitag ist Philipp Eger bei Mainz vs. Wolfsburg zu h\u00f6ren \u2013 sein zweiter Einsatz nach dem siebten Spieltag im September. Bei Sky f\u00e4llt lediglich auf, dass Wolff Fuss und Kai Dittmann ihre Rolle behalten. Martin Gro\u00df \u00fcbernimmt das Nordderby, das einst oftmals ein Fall f\u00fcr Fritz von Thurn und Taxis war. Tom Bayer reist nach seinem Kurzeinsatz in der Champions League direkt wieder in den Westen und hat dort mit Bayer vs. Schalke auch gut zu tun. Holger Pfandt ist nur in der zweiten Liga am Zug. Hansi K\u00fcpper dagegen verbindet beide Ligen in der Konferenz. F\u00fcr Oliver Seidler geht es ans Millerntor.<\/p>\n\n\n\n<p>In der dritten Liga geh\u00f6rt das Topspiel am Freitagabend \u2013 diesmal K\u00f6ln vs. Werder II \u2013 den beiden gr\u00f6\u00dften Namen im Telekom-Kontingent, Markus H\u00f6hner und Thomas Wagner. H\u00f6hner ist tags drauf schon wieder in Wiesbaden, wo er h\u00e4ufiger Gast ist. Dort bekommt er Unterst\u00fctzung von Sascha Bandermann, der beim Fu\u00dfball eher selten im Einsatz ist. Robby Hunke \u00fcbernimmt den SC Paderborn, den es parallel auch im WDR gibt \u2013 wo Hunke einst des \u00d6fteren zu h\u00f6ren war.<\/p>\n\n\n\n<p>Im internationalen Fu\u00dfball best\u00e4tigt sich eine Ansetzung aus der Vorwoche: Willi Arsan kommentiert den belgischen Fu\u00dfball und ersetzt somit weiterhin Rudi Br\u00fcckner. Der \u00c4ltestenrat um Oliver Forster und Thomas Herrmann ist in der Regionalliga und beim Hallenfu\u00dfball dran.<\/p>\n\n\n\n<p>Sch\u00f6nes Wochenende!<\/p>\n","protected":false},"excerpt":{"rendered":"<p>(Beitrag von Frederik, reposted von Nico) N\u2019Abend allerseits! An diesem Freitag steht Deutschlands Eishockey-Nationalmannschaft im Halbfinale der Olympischen Spiele und trifft auf Kanada. Geht das Eis-M\u00e4rchen weiter? Es sind ohnehin schon unfassbar erfolgreiche Spiele f\u00fcr unser Land, eine historische Medaille im Eishockey w\u00fcrde das Ganze noch kr\u00f6nen. Ich finde es immer wieder faszinierend, wie schnell [&hellip;]<\/p>\n","protected":false},"author":1,"featured_media":0,"comment_status":"open","ping_status":"open","sticky":false,"template":"","format":"standard","meta":{"footnotes":""},"categories":[424,1],"tags":[],"class_list":["post-7361","post","type-post","status-publish","format-standard","hentry","category-bundesliga-und-co","category-uncategorized"],"_links":{"self":[{"href":"https:\/\/kommentatorenblog.de\/index.php?rest_route=\/wp\/v2\/posts\/7361","targetHints":{"allow":["GET"]}}],"collection":[{"href":"https:\/\/kommentatorenblog.de\/index.php?rest_route=\/wp\/v2\/posts"}],"about":[{"href":"https:\/\/kommentatorenblog.de\/index.php?rest_route=\/wp\/v2\/types\/post"}],"author":[{"embeddable":true,"href":"https:\/\/kommentatorenblog.de\/index.php?rest_route=\/wp\/v2\/users\/1"}],"replies":[{"embeddable":true,"href":"https:\/\/kommentatorenblog.de\/index.php?rest_route=%2Fwp%2Fv2%2Fcomments&post=7361"}],"version-history":[{"count":1,"href":"https:\/\/kommentatorenblog.de\/index.php?rest_route=\/wp\/v2\/posts\/7361\/revisions"}],"predecessor-version":[{"id":7362,"href":"https:\/\/kommentatorenblog.de\/index.php?rest_route=\/wp\/v2\/posts\/7361\/revisions\/7362"}],"wp:attachment":[{"href":"https:\/\/kommentatorenblog.de\/index.php?rest_route=%2Fwp%2Fv2%2Fmedia&parent=7361"}],"wp:term":[{"taxonomy":"category","embeddable":true,"href":"https:\/\/kommentatorenblog.de\/index.php?rest_route=%2Fwp%2Fv2%2Fcategories&post=7361"},{"taxonomy":"post_tag","embeddable":true,"href":"https:\/\/kommentatorenblog.de\/index.php?rest_route=%2Fwp%2Fv2%2Ftags&post=7361"}],"curies":[{"name":"wp","href":"https:\/\/api.w.org\/{rel}","templated":true}]}}