{"id":7363,"date":"2018-02-15T12:36:00","date_gmt":"2018-02-15T11:36:00","guid":{"rendered":"http:\/\/kommentatorenblog.de\/?p=7363"},"modified":"2021-03-07T13:01:36","modified_gmt":"2021-03-07T12:01:36","slug":"kommentatorenblog-830-das-winterfest-im-suedkoreanischem-nirgendwo","status":"publish","type":"post","link":"https:\/\/kommentatorenblog.de\/?p=7363","title":{"rendered":"[Kommentatorenblog #830] \u2013 Das Winterfest im s\u00fcdkoreanischem Nirgendwo"},"content":{"rendered":"\n<p>(Beitrag von Dennis, reposted von Nico)<\/p>\n\n\n\n<p>N\u2019Abend allerseits!<\/p>\n\n\n\n<p>Unbest\u00e4tigten Aussagen zur Folge finden momentan in S\u00fcdkorea die Olympischen Winterspiele statt. Irgendwo, in einer Stadt, die wahrscheinlich keiner im erstem Versuch richtig ausschreiben kann. Die Rede ist von&nbsp;<strong>Pyeongchang.&nbsp;<\/strong>Ok, klingt unter Umst\u00e4nden ein wenig hart, aber bringen wir die Geschichten dieser Winterspiele einmal auf den Punkt.<\/p>\n\n\n\n<p>F\u00fcr die Deutsche Mannschaft k\u00f6nnten diese Winterspiele wahrlich kaum besser laufen. Bis zum jetzigem Zeitpunkt haben Biathleten, Rodler, Skispringer und, man mag es kaum glauben, Eiskunstl\u00e4ufer f\u00fcr einen wahren Goldregen gesorgt und sich bereits neun goldene Medaillen erk\u00e4mpft. Kurz gesagt: Es l\u00e4uft nahezu perfekt, man steht auf Rang 1 des Medaillenspiegels. So weit, so gut.<\/p>\n\n\n\n<p>Die Pr\u00e4sentation der Spiele bei uns in Deutschland via ARD &amp; ZDF ist wie gewohnt grundsolide, man hat eigentlich nichts auszusetzen. Auf Eurosport habe ich die Spiele bis dato kaum verfolgen k\u00f6nnen, aber das was ich gesehen habe, hat mich nicht unbedingt abgeschreckt. Nun kommen wir aber zu einem Punkt, der mir pers\u00f6nlich dieses Jahr an mir ziemlich deutlich auff\u00e4llt: Wenn ich fr\u00fcher aus der Schule kam und zu dieser Zeit Olympia oder eine Fu\u00dfball EM oder WM im TV \u00fcbertragen wurde, bin ich direkt, selbstredend erst nach den Hausaufgaben (hust), mit meiner Decke auf die Couch gesprungen und habe mir diese Events bis \u00dcbertragungsende angeschaut. Es war bislang immer diese einzigartige Stimmung, die bei solchen Events herrscht. Grandiose Zuschauer, die Stimmung bis zum geht nicht mehr erzeugen, man hat immer das Gef\u00fchl gehabt: Ja, das ist etwas besonderes. Ich kann jedes Bundesliga-Spiel meiner Mannschaft gesehen haben und bin dann vielleicht erst einmal fertig mit Fu\u00dfball, aber sobald eine Weltmeisterschaft ansteht, ger\u00e4t man quasi automatisch in diesen Flow. Wenn man sich die \u00dcbertragungen anschaut, bekommt man nicht das Gef\u00fchl vermittelt, dass da jetzt ein unwichtiges Bundesligaspiel am 33. Spieltag \u00fcber den Bildschirm verl\u00e4uft. Nein, man sieht die Fans, man h\u00f6rt die Stimmung, man sieht die Farben, man ist elektrisiert, man ist begeistert, man f\u00fchlt sich abgeholt, vielleicht w\u00fcnscht man sich auch f\u00fcr einen Moment, an jenem Ort zu sein. All das sind, f\u00fcr mich als Sportfan, die Sachen, die einen elektrisieren und einen dazu bringen, fr\u00fch morgens bereits aufzustehen und sich etwaige \u00dcbertragungen anzuschauen. Neben den klasse Leistungen der Sportler, versteht sich.<\/p>\n\n\n\n<p>All das, was ich oben nun beschrieben habe, ist beim aktuellem Winterfeschtle des IOC in S\u00fcdkorea kaum vorhanden. Klar, es gilt: andere L\u00e4nder, andere Sitten. Aber das, was mir momentan sehen, ist f\u00fcr jeden begeisterten Olympischen Zuschauer schon fast eine schallende Ohrfeige. (Und selbst dieser Schall ist lauter wie die Stimmung in den Arenen). Die Sportler sind au\u00dfen vor, sie vollbringen grandiose Leistungen. Und sonst? In Oberhof und Ruhpolding kannst du beim Biathlon-Weltcup dein eigenes Wort vor lauter L\u00e4rm kaum h\u00f6ren, da werden, nat\u00fcrlich bevorzugt die deutschen Athleten, lautstark angefeuert. Da zischt es, da ist Stimmung in der Bude. Nun kommen diese gefeierten Topathleten nach Pjeongchang, betreten zum Wettkampf die Loipe und m\u00fcssen sich nun erstmals verwirrt umschauen, ob sie nicht bei einem \u00f6rtlichen Schachevent der s\u00fcdkoreanischen Kreisklasse gelandet sind. Null Stimmung kommt da auf, wirklich null. Als Zuschauer hat man, wenn man den Fernseher einschaltet, dass Gef\u00fchl, das dies lediglich ein \u201estinknormaler\u201c Biathlon Weltcup ist. Und genau dieser Eindruck ist das, was mir die Spiele kaputt macht. Sei es nun beim Skispringen, beim Biathlon, beim Langlauf oder auch beim Ski Alpin: Es kommt bei mir einfach nicht die Stimmung auf, die mich mitfiebern l\u00e4sst. Erstmals in meinem Leben lass ich Olympia meist nur nebenher, wenn \u00fcberhaupt, laufen, damit man zumindest so halbwegs mitbekommt, was so geschieht. Die einzige Sportart, die in S\u00fcdkorea so richtig abgefeiert wird, ist Shorttrack. Und selbst da hat nun eine kanadische Athletin via sozialer Medien (die man sich sowieso nicht zu ernst nehmen sollte), \u00fcbelste Beleidigungen und gar Morddrohungen erhalten, da sie noch aufs Podest gekommen ist, weil eine s\u00fcdkoreanische Sportlerin disqualifiziert wurde. Olympische Freude und Sportsgeist? Hm\u2026<\/p>\n\n\n\n<p>Auch die Sportler haben so ihre ziemlich deutliche Meinung zu der \u201eStimmung\u201c in S\u00fcdkorea. So zum Beispiel auch Marcel Hirscher, welcher sich in Pjeongchang in der Ski-Alpin Kombination zum Olympiasieger gek\u00fcrt hat:&nbsp; \u201eF\u00fcr mich hat das nicht so viel Wert wie in Schladming vor 40.000, 50.000 Leuten zu gewinnen. Daheim, bei meinem Heimrennen, meiner Heim-WM. Wir sind hier irgendwo, es sind keine Leute da und wir fahren halt ein Rennen.\u201c Wohlgemerkt: So redet einer, der gerade olympisches Gold errungen hat, eigentlich das h\u00f6chste Treppchen eines Sportlerlebens bestiegen hat. Auch Doppel-Olympiasiegerin Laura Dahlmeier ist von der Stimmung, sagen wir mal, \u00fcberrascht:&nbsp;\u201eIch hatte mir das schon ein bisschen anders vorgestellt. Ich h\u00e4tte gedacht, dass ein bisschen mehr Menschen da sind\u201c. Tja, nicht nur du, liebe Laura. Gl\u00fcckwunsch in \u00fcbrigem zum Doppelgold, wohlverdient.<\/p>\n\n\n\n<p>Was machen die Veranstalter eigentlich so, wenn es so viel Kritik an der mangelnden Stimmung gibt? Richtig, sie schauen in die Kassen und reden sich den ganzen Spa\u00df sch\u00f6n. Am Montag verk\u00fcndete ein Sprecher der Organisatoren, freudestrahlend wie ein Honigkuchenpferd, dass 94,4% der Tickets vergriffen sind. War wohl ein Zahlendreher, sollte wohl eher 4,94% hei\u00dfen. Ja, s\u00fcdkoreanisch ist eine schwere Sprache. Aber wie erkl\u00e4ren sich jene Organisatoren, dass trotzdem nur so wenige Leute, Shorttrack au\u00dfen vor, sich an die Sportst\u00e4tten begeben?&nbsp;Die Erkl\u00e4rung des Sprechers: Die Leute waren halt nicht im Stadion. Sie h\u00e4tten sich auf den G\u00e4ngen befunden. Mit welch einer Gleichg\u00fcltigkeit das ganze hingenommen wird, ist ja schon fast grotesk. Klar, man m\u00f6chte den Asiatischen Markt erschlie\u00dfen, schlie\u00dflich finden ja auch die Spiele 2020 in Tokio und 2022 in Peking auf asiatischem Boden statt. Allerdings d\u00fcrften die beiden anderen Bewerberst\u00e4dte f\u00fcr die aktuell laufenden Spiele, M\u00fcnchen und Annecy, momentan ziemlich doof in die R\u00f6hre schauen. Ich m\u00f6chte ja nicht alles nieder reden, aber mal ganz ehrlich: Glaubt ihr, dort w\u00e4ren die Spiele genauso stimmungslos gewesen? Ich sch\u00e4tze nicht.<\/p>\n\n\n\n<p>Diese Olympiade wird mich sicher nicht mehr einfangen und um ehrlich zu sein habe ich auch schon ein bisschen Angst vor der Fu\u00dfball-WM in Russland diesen Sommer. Hoffentlich wird das, zumindest stimmungstechnisch, nicht auch so ein Reinfall. Vielleicht schickt ein gewisser Typ aus Nordkorea ja auch dort ein paar M\u00e4dchen hin, die auf den R\u00e4ngen mit peinlich einchoreografierten T\u00e4nzen f\u00fcr eine Scheinstimmung sorgen sollen. Ist Nordkorea eigentlich dabei?<\/p>\n\n\n\n<p>So, schwere Thema, aber ich hoffe ihr k\u00f6nnt es nachvollziehen. Wie seht ihr das ganze? Schreibt es in die Kommentare, f\u00fcr Diskussionen stell ich mich dort gerne zur Verf\u00fcgung.<\/p>\n\n\n\n<p>Nun aber erst einmal genug von Olympia, auf zum Fu\u00dfball! (Wo trotz des angek\u00fcndigten 19-min\u00fctigem Stimmungsboykotts der Fans des VFL Wolfsburg mehr Stimmung sein d\u00fcrfte, wie beim s\u00fcdkoreanischen Winterfescht. Schwaben verstehen \u00fcbrigens diesen Akzent, ist kein Schreibfehler. ;))<\/p>\n\n\n\n<p><em><strong>Bundesliga, 23. Spieltag<\/strong><\/em><\/p>\n\n\n\n<p>Freitag, 16. Februar 2018 ab 19.30 Uhr (Eurosport 2 Xtra)<\/p>\n\n\n\n<p><em><strong>Hertha BSC \u2013 FSV Mainz 05 (20.30 Uhr)<\/strong><\/em><\/p>\n\n\n\n<ul class=\"wp-block-list\"><li>Eurosport 2 Xtra: Robert Hunke<\/li><\/ul>\n\n\n\n<p>Moderation (Eurosport 2 Xtra): Jan Henkel, Experte: Matthias Sammer<\/p>\n\n\n\n<p>Samstag, 17. Februar 2018 ab 13.00 Uhr (Sky)<\/p>\n\n\n\n<p><em><strong>VFL Wolfsburg \u2013 FC Bayern M\u00fcnchen (15.30 Uhr)<\/strong><\/em><\/p>\n\n\n\n<ul class=\"wp-block-list\"><li>Sky: Marcus Lindemann (Einzelspiel), Wolff Fuss (Konferenz)<\/li><\/ul>\n\n\n\n<p><em><strong>Hamburger SV \u2013 Bayer 04 Leverkusen (15.30 Uhr)<\/strong><\/em><\/p>\n\n\n\n<ul class=\"wp-block-list\"><li>Sky: Jonas Friedrich (Einzelspiel), Tom Bayer (Konferenz)<\/li><\/ul>\n\n\n\n<p><em><strong>1. FC K\u00f6ln \u2013 Hannover 96 (15.30 Uhr)<\/strong><\/em><\/p>\n\n\n\n<ul class=\"wp-block-list\"><li>Sky: Roland Evers (Einzelspiel), Toni Tomic (Konferenz)<\/li><\/ul>\n\n\n\n<p><em><strong>SC Freiburg \u2013 SV Werder Bremen (15.30 Uhr)<\/strong><\/em><\/p>\n\n\n\n<ul class=\"wp-block-list\"><li>Sky: Holger Pfandt (Einzelspiel), Martin Gro\u00df (Konferenz)<\/li><\/ul>\n\n\n\n<p>Moderation (Sky): Esther Sedlaczek &amp; Yannick Erkenbrecher, Experten: Lothar Matth\u00e4us, Christoph Metzelder, Reiner Calmund<\/p>\n\n\n\n<p>&nbsp;Ab 17.30 Uhr (Sky)<\/p>\n\n\n\n<p><em><strong>FC Schalke 04 \u2013 TSG 1899 Hoffenheim (18.30 Uhr)<\/strong><\/em><\/p>\n\n\n\n<ul class=\"wp-block-list\"><li>Sky: Kai Dittmann<\/li><\/ul>\n\n\n\n<p>Moderation (Sky): Esther Sedlaczek &amp; Yannick Erkenbrecher, Experten: Lothar Matth\u00e4us, Christoph Metzelder, Reiner Calmund<\/p>\n\n\n\n<p>Sonntag, 18. Februar 2018 ab 14.30 Uhr (Sky)<\/p>\n\n\n\n<p><em><strong>FC Augsburg \u2013 VFB Stuttgart (15.30 Uhr)<\/strong><\/em><\/p>\n\n\n\n<ul class=\"wp-block-list\"><li>Sky: Hansi K\u00fcpper<\/li><\/ul>\n\n\n\n<p>Moderator (Sky): Michael Leopold, Experte: Dietmar Hamann<\/p>\n\n\n\n<p><em><strong>Borussia M\u00f6nchengladbach \u2013 Borussia Dortmund (18.00 Uhr)<\/strong><\/em><\/p>\n\n\n\n<ul class=\"wp-block-list\"><li>Sky: Wolff Fuss<\/li><\/ul>\n\n\n\n<p>Montag, 19. Februar 2018 ab 19.30 Uhr (Eurosport 2 Xtra)<\/p>\n\n\n\n<p><em><strong>Eintracht Frankfurt \u2013 RB Leipzig (20.30 Uhr)<\/strong><\/em><\/p>\n\n\n\n<ul class=\"wp-block-list\"><li>Eurosport 2 Xtra: Marco Hagemann<\/li><\/ul>\n\n\n\n<p>Moderation (Eurosport 2 Xtra): Jan Henkel, Experte: Matthias Sammer&nbsp;<\/p>\n\n\n\n<hr class=\"wp-block-separator\"\/>\n\n\n\n<p><em><strong>2. Bundesliga, 23. Spieltag<\/strong><\/em><\/p>\n\n\n\n<p>Freitag, 16. Februar 2018 ab 18.15 Uhr (Sky)<\/p>\n\n\n\n<p><em><strong>1. FC Kaiserslautern \u2013 SV Sandhausen (18.30 Uhr)<\/strong><\/em><\/p>\n\n\n\n<ul class=\"wp-block-list\"><li>Sky: J\u00fcrgen Schmitz (Einzelspiel), Holger Pfandt (Konferenz)<\/li><\/ul>\n\n\n\n<p><em><strong>1. FC Heidenheim \u2013 VFL Bochum (18.30 Uhr)<\/strong><\/em><\/p>\n\n\n\n<ul class=\"wp-block-list\"><li>Sky: Ulli Potofski (Einzelspiel), Klaus Veltmann (Konferenz)<\/li><\/ul>\n\n\n\n<p>Moderation (Sky): Christina Rann<\/p>\n\n\n\n<p>Samstag, 17. Februar 2018 ab 12.30 Uhr (Sky)<\/p>\n\n\n\n<p><em><strong>Fortuna D\u00fcsseldorf \u2013 SpVgg Greuther F\u00fcrth (13.00 Uhr)<\/strong><\/em><\/p>\n\n\n\n<ul class=\"wp-block-list\"><li>Sky: Sven Haist (Einzelspiel), J\u00f6rg Dahlmann (Konferenz)<\/li><\/ul>\n\n\n\n<p><em><strong>Arminia Bielefeld \u2013 SV Darmstadt 98 (13,00 Uhr)<\/strong><\/em><\/p>\n\n\n\n<ul class=\"wp-block-list\"><li>Sky: Klaus Veltmann (Einzelspiel), Marcel Meinert (Konferenz)<\/li><\/ul>\n\n\n\n<p><em><strong>FC Ingolstadt \u2013 Arminia Bielefeld (13.00 Uhr)<\/strong><\/em><\/p>\n\n\n\n<ul class=\"wp-block-list\"><li>Sky: Michael Born (Einzelspiel), Florian Schmidt-Sommerfeld (Konferenz)<\/li><\/ul>\n\n\n\n<p><em><strong>Holstein Kiel \u2013 FC Erzgebirge Aue (13.00 Uhr)<\/strong><\/em><\/p>\n\n\n\n<ul class=\"wp-block-list\"><li>Sky: Torsten Kunde (Einzelspiel), Christina Graf (Konferenz)<\/li><\/ul>\n\n\n\n<p>Moderation (Sky): Peter Hardenacke<\/p>\n\n\n\n<p>Sonntag, 18. Februar 2018 ab 13.00 Uhr (Sky)<\/p>\n\n\n\n<p><em><strong>Eintracht Braunschweig \u2013 1. FC Union Berlin (13.30 Uhr)<\/strong><\/em><\/p>\n\n\n\n<ul class=\"wp-block-list\"><li>Sky: Oliver Seidler (Einzelspiel), Martin Gro\u00df (Konferenz)<\/li><\/ul>\n\n\n\n<p><em><strong>1. FC N\u00fcrnberg \u2013 MSV Duisburg (13.30 Uhr)<\/strong><\/em><\/p>\n\n\n\n<ul class=\"wp-block-list\"><li>Sky: Christina Graf (Einzelspiel), Michael Born (Konferenz)<\/li><\/ul>\n\n\n\n<p><em><strong>Dynamo Dresden \u2013 Jahn Regensburg (13.30 Uhr)<\/strong><\/em><\/p>\n\n\n\n<ul class=\"wp-block-list\"><li>Sky: Sven Haist (Einzelspiel), J\u00f6rg Dahlmann (Konferenz)<\/li><\/ul>\n\n\n\n<p>Moderation (Sky): Stefan Hempel<\/p>\n\n\n\n<hr class=\"wp-block-separator\"\/>\n\n\n\n<p><em><strong>3. Liga, 25 Spieltag<\/strong><\/em><\/p>\n\n\n\n<p>Freitag, 16. Februar 2018 ab 18.30 Uhr (Telekom Sport)<\/p>\n\n\n\n<p><em><strong>SC Preu\u00dfen M\u00fcnster \u2013 FC Hansa Rostock (19.00 Uhr)<\/strong><\/em><\/p>\n\n\n\n<ul class=\"wp-block-list\"><li>Telekom Sport: Edgar Mielke<\/li><\/ul>\n\n\n\n<p>Moderation (Telekom Sport): ???<\/p>\n\n\n\n<p>Samstag, 17. Februar ab 13.45 Uhr (Telekom Sport)<\/p>\n\n\n\n<p><em><strong>SG Sonnenhof Gro\u00dfaspach \u2013 FC Carl Zeiss Jena (14.00 Uhr)<\/strong><\/em><\/p>\n\n\n\n<ul class=\"wp-block-list\"><li>Telekom Sport: S\u00f6nke Sievers<\/li><\/ul>\n\n\n\n<p>Moderation (Telekom Sport): ???<\/p>\n\n\n\n<p><em><strong>FC W\u00fcrzburger Kickers \u2013 FSV Zwickau (14.00 Uhr)<\/strong><\/em><\/p>\n\n\n\n<ul class=\"wp-block-list\"><li>Telekom Sport: Alexander K\u00fcpper<\/li><\/ul>\n\n\n\n<p>Moderation (Telekom Sport): ???<\/p>\n\n\n\n<p><em><strong>SV Werder Bremen II : 1. FC Magdeburg (14.00 Uhr)<\/strong><\/em><\/p>\n\n\n\n<ul class=\"wp-block-list\"><li>Telekom Sport: Edgar Mielke<\/li><\/ul>\n\n\n\n<p>Moderation (Telekom Sport): ???<\/p>\n\n\n\n<p><em><strong>Chemnitzer FC : SpVgg Unterhaching&nbsp;(14.00 Uhr)<\/strong><\/em><\/p>\n\n\n\n<ul class=\"wp-block-list\"><li>Telekom Sport: Gari Paubandt<\/li><\/ul>\n\n\n\n<p>Moderation (Telekom Sport): ???<\/p>\n\n\n\n<p>Ab 14.00 Uhr (Telekom Sport, NDR, WDR &amp; MDR)<\/p>\n\n\n\n<p><em><strong>SV Meppen : SC Paderborn 07&nbsp;(14.05 Uhr)<\/strong><\/em><\/p>\n\n\n\n<ul class=\"wp-block-list\"><li>NDR: Patrick Halatsch<\/li><li>Telekom Sport: Christoph Fetzer<\/li><\/ul>\n\n\n\n<p>Moderation (NDR): Andreas K\u00e4ckell<\/p>\n\n\n\n<p><em><strong>Fortuna K\u00f6ln : SV Wehen Wiesbaden&nbsp;(14.05 Uhr)<\/strong><\/em><\/p>\n\n\n\n<ul class=\"wp-block-list\"><li>WDR: ???<\/li><li>Telekom Sport: Alexander Kunz<\/li><\/ul>\n\n\n\n<p>Moderation (WDR): ???<\/p>\n\n\n\n<p><em><strong>Hallescher FC : Karlsruher SC&nbsp;(14.05 Uhr)<\/strong><\/em><\/p>\n\n\n\n<ul class=\"wp-block-list\"><li>MDR: ???<\/li><li>Telekom Sport: Martin Piller<\/li><\/ul>\n\n\n\n<p>Moderation (MDR): ???<\/p>\n\n\n\n<p>Sonntag, 18. Februar 2018 ab 13.45 Uhr (Telekom Sport)<\/p>\n\n\n\n<p><em><strong>Sportfreunde Lotte : VfL Osnabr\u00fcck&nbsp;(14.00 Uhr)<\/strong><\/em><\/p>\n\n\n\n<ul class=\"wp-block-list\"><li>Telekom Sport: Markus H\u00f6hner<\/li><\/ul>\n\n\n\n<p>Moderation (Telekom Sport): ???<\/p>\n\n\n\n<p><em><strong>Rot-Wei\u00df Erfurt : VfR Aalen&nbsp;(14.00 Uhr)<\/strong><\/em><\/p>\n\n\n\n<ul class=\"wp-block-list\"><li>Telekom Sport: Alexander K\u00fcpper<\/li><\/ul>\n\n\n\n<p>Moderation (Telekom Sport): ???<\/p>\n\n\n\n<hr class=\"wp-block-separator\"\/>\n\n\n\n<p><em><strong>Fu\u00dfball International&nbsp;<\/strong><\/em><\/p>\n\n\n\n<p>Freitag, 16. Februar 2018<\/p>\n\n\n\n<p>Hyundai A-League, 20 Spieltag:&nbsp;<em><strong>Western Sydney Wanderers \u2013 Newcastle United (10.00 Uhr)<\/strong><\/em><\/p>\n\n\n\n<ul class=\"wp-block-list\"><li>Sportdigital: Christian Blunck<\/li><\/ul>\n\n\n\n<p>Ligue 1, 26. Spieltag:&nbsp;<em><strong>AS Monaco \u2013 Dijon FCO (20.45 Uhr)<\/strong><\/em><\/p>\n\n\n\n<ul class=\"wp-block-list\"><li>Sport1+: Sebastian Bernsdorff<\/li><\/ul>\n\n\n\n<p>Samstag, 17. Februar 2018<\/p>\n\n\n\n<p>Scottish Premiership, 27. Spieltag:&nbsp;<em><strong>Ross County \u2013 Hearts of Midlothian (13.30 Uhr)<\/strong><\/em><\/p>\n\n\n\n<ul class=\"wp-block-list\"><li>Sportdigital: Manfred Winter<\/li><\/ul>\n\n\n\n<p>Sky Bet Championship, 32. Spieltag:&nbsp;<em><strong>Queens Park Rangers \u2013 Bolton Wanderers (16.00 Uhr)<\/strong><\/em><\/p>\n\n\n\n<ul class=\"wp-block-list\"><li>Sportdigital: Tino Polster<\/li><\/ul>\n\n\n\n<p>Ligue 1, 26. Spieltag:&nbsp;<em><strong>Paris Saint-Germain \u2013 RC Strasbourg (17.00 Uhr)<\/strong><\/em><\/p>\n\n\n\n<ul class=\"wp-block-list\"><li>Sport1+: Peter Kohl<\/li><\/ul>\n\n\n\n<p>Eredivisie, 24. Spieltag:&nbsp;<em><strong>PSV Eindhoven \u2013 SC Heerenveen (19.45 Uhr)<\/strong><\/em><\/p>\n\n\n\n<ul class=\"wp-block-list\"><li>Sportdigital: Tino Polster<\/li><\/ul>\n\n\n\n<p>Jupiler Pro League, 27. Spieltag:&nbsp;<em><strong>FC Br\u00fcgge \u2013 KRC Genk (20.30 Uhr)<\/strong><\/em><\/p>\n\n\n\n<ul class=\"wp-block-list\"><li>Sport1+: Willi Arsan<\/li><\/ul>\n\n\n\n<p>Sonntag, 18. Februar 2018<\/p>\n\n\n\n<p>Sky Bet Championship, 32. Spieltag:&nbsp;<em><strong>Norwich City \u2013 Ipswich Town (13.00 Uhr)<\/strong><\/em><\/p>\n\n\n\n<ul class=\"wp-block-list\"><li>Sportdigital: J\u00f6rg Steiger<\/li><li>Sport1+: Steffen Bohleber<\/li><\/ul>\n\n\n\n<p>Serie A, 15. Spieltag:&nbsp;<em><strong>SSC Neapel \u2013 SPAL Ferrara (15.00 Uhr)<\/strong><\/em><\/p>\n\n\n\n<ul class=\"wp-block-list\"><li>Sport1+: Sebastian Bernsdorff<\/li><\/ul>\n\n\n\n<p>Eredivisie, 24. Spieltag:&nbsp;<em><strong>PEC Zwolle \u2013 Ajax Amsterdam (16.45 Uhr)<\/strong><\/em><\/p>\n\n\n\n<ul class=\"wp-block-list\"><li>Sportdigital: Karsten Linke<\/li><\/ul>\n\n\n\n<p>Ligue 1, 26. Spieltag:&nbsp;<em><strong>OSC Lille \u2013 Olympique Lyon (17.00 Uhr)<\/strong><\/em><\/p>\n\n\n\n<ul class=\"wp-block-list\"><li>Sport1+: Peter Kohl<\/li><\/ul>\n\n\n\n<p>Liga NOS, 23. Spieltag:&nbsp;<em><strong>FC Porto \u2013 FC Rio Ave (19.00 Uhr)<\/strong><\/em><\/p>\n\n\n\n<ul class=\"wp-block-list\"><li>Sportdigital: Karsten Linke<\/li><\/ul>\n\n\n\n<p>Montag, 19. Februar 2018<\/p>\n\n\n\n<p>Superliga Argentina, 16. Spieltag:&nbsp;<em><strong>CA Banfield \u2013 Boca Juniors (01.30 Uhr)<\/strong><\/em><\/p>\n\n\n\n<ul class=\"wp-block-list\"><li>Sportdigital: Hannes Herrmann<\/li><li>Sport1+: Jack Marshall<\/li><\/ul>\n\n\n\n<p>Liga NOS, 23. Spieltag:&nbsp;<em><strong>CD Tondela \u2013 Sporting Lissabon (21.00 Uhr)<\/strong><\/em><\/p>\n\n\n\n<ul class=\"wp-block-list\"><li>Sportdigital: Arne Malsch<\/li><\/ul>\n\n\n\n<hr class=\"wp-block-separator\"\/>\n\n\n\n<p><em>Die<\/em><em>&nbsp;aufgef\u00fchrten Ansetzungen gew\u00e4hren keine Vollst\u00e4ndigkeit. Die Autoren des Kommentatorenblogs behalten es sich vor, TV-\u00dcbertragungen und Livestreams zu ignorieren. Grunds\u00e4tzlich nicht aufgef\u00fchrt werden Ansetzungen ausl\u00e4ndischer Sender.<\/em><\/p>\n\n\n\n<hr class=\"wp-block-separator\"\/>\n\n\n\n<p><em><strong>Die Analyse<\/strong><\/em><\/p>\n\n\n\n<p>Robert Hunke ist ja nicht das erste mal bei Eurosport zu h\u00f6ren, aber an diesem Freitag darf er sogar ein Bundesliga-Spiel live kommentieren. Nicht schlecht. Der WDR-Mann wird ganz selbstverst\u00e4ndlich mal eben nach Berlin gelotst. Der Samstag: Marcus Lindemann ist in Wolfsburg wieder ziemlich n\u00f6rdlich unterwegs, dass gleiche gilt f\u00fcr Jonas Friedrich in Hamburg. Auch Roland Evers ist jetzt nicht ganz so oft in K\u00f6ln, der geb\u00fcrtige D\u00fcsseldorfer Holger Pfandt dagegen hat im L\u00e4ndle sein zweites Zuhause gefunden. Immer wieder darf er ins beschauliche Freiburg oder auch nach Sinsheim reisen. Kai Dittmann \u00fcbernimmt am Abend das Topspiel. Am Sonntag ist Hansi K\u00fcpper mal wieder in Augsburg zu Gast, das Schwaben-Duell steht an. Wolff Fuss macht, f\u00fcr Sky zumindest, mit dem Borussen-Duell den Sack zu an diesem Spieltag. Dann ist das noch eines dieser unr\u00fchmlichen Montags-Spiele. Frankfurt-Leipzig, Herr Hagemann, \u00fcbernehmen sie.<\/p>\n\n\n\n<p>In der 2. Liga f\u00e4llt mir lediglich eine \u00dcberraschung auf: Michael Born ist zu Gast im bayrischen Ingolstadt. Ist aber bestimmt auch der Tatsache geschuldet, dass er am n\u00e4chsten Tag bereits wieder in der Konferenz zu Gast ist.<\/p>\n\n\n\n<p>In der 3. Liga fehlt uns von der Telekom dummerweise die Ansetzung der Moderatoren. Das \u201eTopspiel\u201c findet dieses mal in M\u00fcnster statt, dieses mal darf Edgar Mielke kommentieren. Er ist neben Alexander K\u00fcpper der einzige, der an diesem Wochenende ein Zwei-Tages-Programm hat.<\/p>\n\n\n\n<p>Bei Sportdigital gibt es gleich zwei Doppelschichten: Am Samstag kommentiert Tino Polster zwei Partien hintereinander, am Sonntag zieht Karsten Linke mit ihm gleich.<\/p>\n\n\n\n<p>Euch ein sch\u00f6nes Wochenende!<\/p>\n","protected":false},"excerpt":{"rendered":"<p>(Beitrag von Dennis, reposted von Nico) N\u2019Abend allerseits! Unbest\u00e4tigten Aussagen zur Folge finden momentan in S\u00fcdkorea die Olympischen Winterspiele statt. Irgendwo, in einer Stadt, die wahrscheinlich keiner im erstem Versuch richtig ausschreiben kann. Die Rede ist von&nbsp;Pyeongchang.&nbsp;Ok, klingt unter Umst\u00e4nden ein wenig hart, aber bringen wir die Geschichten dieser Winterspiele einmal auf den Punkt. F\u00fcr [&hellip;]<\/p>\n","protected":false},"author":4,"featured_media":0,"comment_status":"open","ping_status":"open","sticky":false,"template":"","format":"standard","meta":{"footnotes":""},"categories":[424,1],"tags":[],"class_list":["post-7363","post","type-post","status-publish","format-standard","hentry","category-bundesliga-und-co","category-uncategorized"],"_links":{"self":[{"href":"https:\/\/kommentatorenblog.de\/index.php?rest_route=\/wp\/v2\/posts\/7363","targetHints":{"allow":["GET"]}}],"collection":[{"href":"https:\/\/kommentatorenblog.de\/index.php?rest_route=\/wp\/v2\/posts"}],"about":[{"href":"https:\/\/kommentatorenblog.de\/index.php?rest_route=\/wp\/v2\/types\/post"}],"author":[{"embeddable":true,"href":"https:\/\/kommentatorenblog.de\/index.php?rest_route=\/wp\/v2\/users\/4"}],"replies":[{"embeddable":true,"href":"https:\/\/kommentatorenblog.de\/index.php?rest_route=%2Fwp%2Fv2%2Fcomments&post=7363"}],"version-history":[{"count":1,"href":"https:\/\/kommentatorenblog.de\/index.php?rest_route=\/wp\/v2\/posts\/7363\/revisions"}],"predecessor-version":[{"id":7364,"href":"https:\/\/kommentatorenblog.de\/index.php?rest_route=\/wp\/v2\/posts\/7363\/revisions\/7364"}],"wp:attachment":[{"href":"https:\/\/kommentatorenblog.de\/index.php?rest_route=%2Fwp%2Fv2%2Fmedia&parent=7363"}],"wp:term":[{"taxonomy":"category","embeddable":true,"href":"https:\/\/kommentatorenblog.de\/index.php?rest_route=%2Fwp%2Fv2%2Fcategories&post=7363"},{"taxonomy":"post_tag","embeddable":true,"href":"https:\/\/kommentatorenblog.de\/index.php?rest_route=%2Fwp%2Fv2%2Ftags&post=7363"}],"curies":[{"name":"wp","href":"https:\/\/api.w.org\/{rel}","templated":true}]}}