{"id":7365,"date":"2018-02-08T12:41:00","date_gmt":"2018-02-08T11:41:00","guid":{"rendered":"http:\/\/kommentatorenblog.de\/?p=7365"},"modified":"2021-03-07T13:01:36","modified_gmt":"2021-03-07T12:01:36","slug":"kommentatorenblog-927-vergisst-mir-den-fussball-nicht","status":"publish","type":"post","link":"https:\/\/kommentatorenblog.de\/?p=7365","title":{"rendered":"[Kommentatorenblog #927] \u2013 Vergisst mir den Fu\u00dfball nicht"},"content":{"rendered":"\n<p>(Beitrag von Leon, reposted von Nico)<\/p>\n\n\n\n<p>N\u2019Abend allerseits!<\/p>\n\n\n\n<p>Nat\u00fcrlich kommt der Fu\u00dfball hier im Blog nicht zu kurz. Im Folgenden die Ansetzungen f\u00fcrs Wochenende.<\/p>\n\n\n\n<p><em><strong>Die Ansetzungen vom 09. Februar 2018 bis&nbsp;12. Februar&nbsp;2018<\/strong><\/em><\/p>\n\n\n\n<p><em><strong>Bundesliga, 22. Spieltag<\/strong><\/em><\/p>\n\n\n\n<p>Freitag, 09. Januar 2018, ab 19.30 Uhr (Eurosport 2 Xtra)<\/p>\n\n\n\n<p><em><strong>RB Leipzig \u2013 FC Augsburg (20.30 Uhr)<\/strong><\/em><\/p>\n\n\n\n<ul class=\"wp-block-list\"><li>Eurosport 2 Xtra: Philip Eger<\/li><\/ul>\n\n\n\n<p>Moderation (Eurosport 2 Xtra): Jan Henkel; Experte: Matthias Sammer<\/p>\n\n\n\n<p>Samstag, 10. Februar 2018, ab 13.00 Uhr (Sky)<\/p>\n\n\n\n<p><em><strong>Bayer Leverkusen \u2013&nbsp;Hertha BSC (15.30 Uhr)<\/strong><\/em><\/p>\n\n\n\n<ul class=\"wp-block-list\"><li>Sky: Tom Bayer (Einzelspiel), Jonas Friedrich (Konferenz)<\/li><\/ul>\n\n\n\n<p><em><strong>Borussia Dortmund \u2013&nbsp;Hamburger SV (15.30 Uhr)<\/strong><\/em><\/p>\n\n\n\n<ul class=\"wp-block-list\"><li>Sky:&nbsp;Wolff Fuss&nbsp;(Einzelspiel),&nbsp;Frank Buschmann (Konferenz)<\/li><\/ul>\n\n\n\n<p><em><strong>Eintracht Frankfurt \u2013&nbsp;1. FC K\u00f6ln (15.30 Uhr)<\/strong><\/em><\/p>\n\n\n\n<ul class=\"wp-block-list\"><li>Sky: Florian Schmidt-Sommerfeld (Einzelspiel),&nbsp;Roland Evers (Konferenz)<\/li><\/ul>\n\n\n\n<p><em><strong>Hannover 96 \u2013 SC Freiburg (15.30 Uhr)<\/strong><\/em><\/p>\n\n\n\n<ul class=\"wp-block-list\"><li>Sky: Michael Born (Einzelspiel), Marc Hindelang (Konferenz)<\/li><\/ul>\n\n\n\n<p><em><strong>TSG Hoffenheim \u2013&nbsp;FSV Mainz 05 (15.30 Uhr)<\/strong><\/em><\/p>\n\n\n\n<ul class=\"wp-block-list\"><li>Sky: Martin Gro\u00df (Einzelspiel),&nbsp;Hansi K\u00fcpper (Konferenz)<\/li><\/ul>\n\n\n\n<p>ab 17.30 Uhr (Sky)<\/p>\n\n\n\n<p><em><strong>FC Bayern M\u00fcnchen \u2013&nbsp;FC Schalke 04 (18.30 Uhr)<\/strong><\/em><\/p>\n\n\n\n<ul class=\"wp-block-list\"><li>Sky: Kai Dittmann<\/li><\/ul>\n\n\n\n<p>Moderation (Sky): Britta Hofmann &amp; Sebastian Hellmann; Experten: Lothar Matth\u00e4us, Christoph Metzelder &amp; Reiner Calmund<\/p>\n\n\n\n<p>Sonntag, 11. Februar 2018, ab 14.30 Uhr (Sky)<\/p>\n\n\n\n<p><em><strong>VfB Stuttgart \u2013 Borussia M\u2019gladbach (15.30 Uhr)<\/strong><\/em><\/p>\n\n\n\n<ul class=\"wp-block-list\"><li>Sky: Toni Tomic<\/li><\/ul>\n\n\n\n<p>ab 17.30 Uhr (Sky)<\/p>\n\n\n\n<p><em><strong>Werder Bremen \u2013&nbsp;VfL Wolfsburg&nbsp;(18.00 Uhr)<\/strong><\/em><\/p>\n\n\n\n<ul class=\"wp-block-list\"><li>Sky: Marcus Lindemann<\/li><\/ul>\n\n\n\n<p>Moderation (Sky): Michael Leopold; Experte: Dietmar Hamann<\/p>\n\n\n\n<hr class=\"wp-block-separator\"\/>\n\n\n\n<p><em><strong>2. Bundesliga, 18. Spieltag<\/strong><\/em><\/p>\n\n\n\n<p>Freitag, 09. Februar 2018, ab 18.15 Uhr (Sky)<\/p>\n\n\n\n<p><em><strong>VfL Bochum \u2013 SV Darmstadt 98 (18.30 Uhr)<\/strong><\/em><\/p>\n\n\n\n<ul class=\"wp-block-list\"><li>Sky: Christina Graf (Einzelspiel), Florian Schmidt-Sommerfeld (Konferenz)<\/li><\/ul>\n\n\n\n<p><em><strong>1. FC Kaiserlautern \u2013&nbsp;Holstein Kiel (18.30 Uhr)<\/strong><\/em><\/p>\n\n\n\n<ul class=\"wp-block-list\"><li>Sky: Uli Potofski (Einzelspiel), Klaus Veltmann (Konferenz)<\/li><\/ul>\n\n\n\n<p>Moderation (Sky): Christina Rann<\/p>\n\n\n\n<p>Samstag, 10. Februar 2018, ab 12.30 Uhr (Sky)<\/p>\n\n\n\n<p><em><strong>Jahn Regensburg \u2013&nbsp;1. FC Heidenheim (13.00 Uhr)<\/strong><\/em><\/p>\n\n\n\n<ul class=\"wp-block-list\"><li>Sky: Andreas Renner (Einzelspiel), Klaus Veltmann (Konferenz)<\/li><\/ul>\n\n\n\n<p><em><strong>MSV Duisburg&nbsp;\u2013&nbsp;Arminia Bielefeld (13.00 Uhr)<\/strong><\/em><\/p>\n\n\n\n<ul class=\"wp-block-list\"><li>Sky: J\u00fcrgen Schmitz (Einzelspiel),&nbsp;J\u00f6rg Dahlmann (Konferenz)<\/li><\/ul>\n\n\n\n<p><em><strong>Union Berlin \u2013&nbsp;Fortuna D\u00fcsseldorf (13.00 Uhr)<\/strong><\/em><\/p>\n\n\n\n<ul class=\"wp-block-list\"><li>Sky: Sven Haist (Einzelspiel), Holger Pfandt&nbsp;(Konferenz)<\/li><\/ul>\n\n\n\n<p>Moderation (Sky): Peter Hardenacke<\/p>\n\n\n\n<p>Sonntag, 11. Februar 2018 ab 13.00 Uhr (Sky)<\/p>\n\n\n\n<p><em><strong>Erzgebirge Aue &nbsp;\u2013&nbsp;FC Ingolstadt (13.30 Uhr)<\/strong><\/em><\/p>\n\n\n\n<ul class=\"wp-block-list\"><li>Sky:&nbsp;Torsten Kunde&nbsp;(Einzelspiel), Markus Gaupp (Konferenz)<\/li><\/ul>\n\n\n\n<p><em><strong>SpVgg Greuther F\u00fcrth\u2013&nbsp;Dynamo Dresden (13.30 Uhr)<\/strong><\/em><\/p>\n\n\n\n<ul class=\"wp-block-list\"><li>Sky:&nbsp;Klaus Veltmann&nbsp;(Einzelspiel),&nbsp;J\u00f6rg Dahlmann&nbsp;(Konferenz)<\/li><\/ul>\n\n\n\n<p><em><strong>SV Sandhausen&nbsp;\u2013&nbsp;Eintracht Braunschweig (13.30 Uhr)<\/strong><\/em><\/p>\n\n\n\n<ul class=\"wp-block-list\"><li>Sky:&nbsp;Sven Haist&nbsp;(Einzelspiel), Holger&nbsp;Pfandt (Konferenz)<\/li><\/ul>\n\n\n\n<p>Moderation (Sky): Stefan Hempel<\/p>\n\n\n\n<p>Montag, 12 Februar 2018, ab 20.15 Uhr (Sky)<\/p>\n\n\n\n<p><em><strong>FC St. Pauli \u2013&nbsp;1. FC N\u00fcrnberg (20.30 Uhr)<\/strong><\/em><\/p>\n\n\n\n<ul class=\"wp-block-list\"><li>Sky: Hansi K\u00fcpper<\/li><\/ul>\n\n\n\n<p>Moderation (Sky): Esther Sedlasczek<\/p>\n\n\n\n<hr class=\"wp-block-separator\"\/>\n\n\n\n<p><em><strong>3. Liga, 20. Spieltag<\/strong><\/em><\/p>\n\n\n\n<p>Freitag, 09. Februar 2018, ab 18.30 Uhr (Telekom Sport)<\/p>\n\n\n\n<p><em><strong>SC Paderborn 07 \u2013 Rot-Wei\u00df Erfurt&nbsp;(19.00 Uhr)<\/strong><\/em><\/p>\n\n\n\n<ul class=\"wp-block-list\"><li>Telekom Sport: Robby Hunke<\/li><\/ul>\n\n\n\n<p>Moderation (Telekom Sport): Thomas Wagner<\/p>\n\n\n\n<p>ab 18.45 Uhr (Telekom Sport)<\/p>\n\n\n\n<p><em><strong>VfL Osnabr\u00fcck \u2013 Chemnitzer FC (19.00 Uhr)<\/strong><\/em><\/p>\n\n\n\n<ul class=\"wp-block-list\"><li>Telekom Sport: Jan Neumann<\/li><\/ul>\n\n\n\n<p>Moderation (Telekom Sport): Cedric Pick<\/p>\n\n\n\n<p>Samstag,&nbsp;10 Februar 2018, ab 13.45 Uhr (Telekom Sport)<\/p>\n\n\n\n<p><em><strong>FSV Zwickau \u2013 1. FC Magdeburg (14.00 Uhr)<\/strong><\/em><\/p>\n\n\n\n<ul class=\"wp-block-list\"><li>Telekom Sport: Andreas Mann<\/li><\/ul>\n\n\n\n<p>Moderation (Telekom Sport): Benni Zander<\/p>\n\n\n\n<p><em><strong>Karlsruher FC \u2013&nbsp;Fortuna K\u00f6ln (14.00 Uhr)<\/strong><\/em><\/p>\n\n\n\n<ul class=\"wp-block-list\"><li>Telekom Sport: Alexander Klich<\/li><\/ul>\n\n\n\n<p>Moderation (Telekom Sport): Thomas Wagner<\/p>\n\n\n\n<p><em><strong>FC Carl Zeiss Jena \u2013 Sportfreunde Lotte (14.00 Uhr)<\/strong><\/em><\/p>\n\n\n\n<ul class=\"wp-block-list\"><li>Telekom Sport: Alexander Kunz<\/li><\/ul>\n\n\n\n<p>Moderation (Telekom Sport): Anett Sattler<\/p>\n\n\n\n<p><em><strong>VfR Aalen \u2013 SG Sonnenhof Gro\u00dfaspach&nbsp;(14.00 Uhr)<\/strong><\/em><\/p>\n\n\n\n<ul class=\"wp-block-list\"><li>Telekom Sport: Christian Stra\u00dfburger<\/li><\/ul>\n\n\n\n<p>Moderation (Telekom Sport): Sascha Bandermann<\/p>\n\n\n\n<p>jeweils ab ca. 14.00 Uhr (NDR, MDR&nbsp;&amp; Telekom Sport)<\/p>\n\n\n\n<p><em><strong>1. FC Magdeburg \u2013 SC Preu\u00dfen M\u00fcnster (14.00 Uhr)<\/strong><\/em><\/p>\n\n\n\n<ul class=\"wp-block-list\"><li>MDR: Markus Herwig<\/li><li>Telekom Sport: Franz B\u00fcchner<\/li><\/ul>\n\n\n\n<p>Moderation (MDR): Guido Pierskalla<\/p>\n\n\n\n<p><em><strong>FC Hansa Rostock \u2013 W\u00fcrzburger Kickers (14.00 Uhr)<\/strong><\/em><\/p>\n\n\n\n<ul class=\"wp-block-list\"><li>NDR: ???<\/li><li>Telekom Sport: Martin Piller<\/li><\/ul>\n\n\n\n<p>Moderation (NDR):&nbsp;???<\/p>\n\n\n\n<p>Sonntag,&nbsp;11 Februar 2018, ab 14.00 Uhr (Telekom Sport)<\/p>\n\n\n\n<p><em><strong>SpVgg Unterhaching&nbsp;\u2013 Hallescher FC (14.00 Uhr)<\/strong><\/em><\/p>\n\n\n\n<ul class=\"wp-block-list\"><li>Telekom Sport: Alexander Klich<\/li><\/ul>\n\n\n\n<p>Moderation (Telekom Sport): Nele Schenker<\/p>\n\n\n\n<p><em><strong>SV Wehen Wiesbaden<\/strong>&nbsp;<strong>\u2013<\/strong>&nbsp;<strong>SV Werder Bremen II&nbsp;<\/strong><\/em><\/p>\n\n\n\n<ul class=\"wp-block-list\"><li>Telekom Sport: Alexander Kuny<\/li><\/ul>\n\n\n\n<p>Moderation (Telekom Sport): Cedric Pick<\/p>\n\n\n\n<hr class=\"wp-block-separator\"\/>\n\n\n\n<p><em><strong>Fu\u00dfball International<\/strong><\/em><\/p>\n\n\n\n<p>Freitag,&nbsp;09 Februar 2018<\/p>\n\n\n\n<p>Ligue 1, 25. Spieltag:&nbsp;<em><strong>AS Saint-Etienne \u2013 Olympique Marseille (20.45 Uhr)<\/strong><\/em><\/p>\n\n\n\n<ul class=\"wp-block-list\"><li>Sport 1+: Peter Kohl<\/li><\/ul>\n\n\n\n<p>Samstag, 10. Februar 2018<\/p>\n\n\n\n<p>Hyundai A-League (20. Spieltag):&nbsp;<em><strong>Melbourne City&nbsp;\u2013&nbsp;Sydney FC&nbsp;(9.56 Uhr)<\/strong><\/em><\/p>\n\n\n\n<ul class=\"wp-block-list\"><li>sportdigital: Ulf Kahmke<\/li><\/ul>\n\n\n\n<p>Sky Bet Championship (31. Spieltag):&nbsp;<em><strong>Sheffield United \u2013 Leeds United<\/strong>&nbsp;<\/em><em><strong>(13.30 Uhr)<\/strong><\/em><\/p>\n\n\n\n<ul class=\"wp-block-list\"><li>sportdigital: J\u00f6rg Steiger<\/li><\/ul>\n\n\n\n<p>Sky Bet Championship (31. Spieltag):&nbsp;<em><strong>Bristol City \u2013 Sunderland<\/strong>&nbsp;<\/em><em><strong>(16.00 Uhr)<\/strong><\/em><\/p>\n\n\n\n<ul class=\"wp-block-list\"><li>sportdigital: J\u00f6rg Steiger<\/li><\/ul>\n\n\n\n<p>Ligue 1 (25. Spieltag):&nbsp;<em><strong>FC Toulouse \u2013 Paris Saint \u2013 Germain (17.00 Uhr)<\/strong><\/em><\/p>\n\n\n\n<ul class=\"wp-block-list\"><li>Sport1+: Peter Kohl<\/li><\/ul>\n\n\n\n<p>Liga NOS (22. Spieltag):&nbsp;<em><strong>Portimonense SC \u2013 Benfica Lissabon (17.00 Uhr)<\/strong><\/em><\/p>\n\n\n\n<ul class=\"wp-block-list\"><li>sportdigital: Karsten Linke<\/li><\/ul>\n\n\n\n<p>Jupiler Pro League (26. Spieltag):&nbsp;<em><strong>KV Ostende&nbsp;\u2013 RSC Anderlecht (20.30 Uhr)<\/strong><\/em><\/p>\n\n\n\n<ul class=\"wp-block-list\"><li>Sport1+: Manfred Winter<\/li><\/ul>\n\n\n\n<p>Sonntag, 11.Februar 2018<\/p>\n\n\n\n<p>Eredivisie (23. Spieltag):<em>&nbsp;<strong>Ajax Amsterdam \u2013 FC Twente Enschede&nbsp;(12.30 Uhr)<\/strong><\/em><\/p>\n\n\n\n<ul class=\"wp-block-list\"><li>sportdigital: Karsten Linke<\/li><\/ul>\n\n\n\n<p>Sky Bet Championship (31. Spieltag):&nbsp;<em><strong>Aston Villa \u2013&nbsp;Birmingham City<\/strong>&nbsp;<\/em><em><strong>(13.00 Uhr)<\/strong><\/em><\/p>\n\n\n\n<ul class=\"wp-block-list\"><li>Sport1+: Marcus Radefeld<\/li><\/ul>\n\n\n\n<p>Eredivisie (23. Spieltag):&nbsp;<em><strong>Vitesse Arnheim \u2013 Feyenord Rotterdam (14.30 Uhr)<\/strong><\/em><\/p>\n\n\n\n<ul class=\"wp-block-list\"><li>sportdigital: Hannes Hermann<\/li><\/ul>\n\n\n\n<p>Serie A (24. Spieltag):&nbsp;&nbsp;<em><strong>Inter Mailand \u2013 Bologna FC (15.00 Uhr)&nbsp;<\/strong><\/em><\/p>\n\n\n\n<ul class=\"wp-block-list\"><li>&nbsp;Sport1+: Sebastian Bernsdorff<\/li><\/ul>\n\n\n\n<p>Ligue 1 (25. Spieltag):&nbsp;<em><strong>FC Nantes \u2013 OSC Lille&nbsp;<\/strong><strong>(17.00 Uhr)<\/strong><\/em><\/p>\n\n\n\n<ul class=\"wp-block-list\"><li>Sport1+: Thomas Herrmann<\/li><\/ul>\n\n\n\n<p>Liga NOS (22. Spieltag):&nbsp;<em><strong>GD Chaves \u2013 FC Porto (21.30 Uhr)<\/strong><\/em><\/p>\n\n\n\n<ul class=\"wp-block-list\"><li>sportdigital: Karsten Linke<\/li><\/ul>\n\n\n\n<p>Superliga Argentina (15. Spieltag):&nbsp;<em><strong>CA&nbsp;Lanus \u2013 CA River Plate (01.30 Uhr)<\/strong><\/em><\/p>\n\n\n\n<ul class=\"wp-block-list\"><li>sportdigital: Christian Blunck<\/li><\/ul>\n\n\n\n<p><strong>DAZN<\/strong><\/p>\n\n\n\n<ul class=\"wp-block-list\"><li><a href=\"https:\/\/web.archive.org\/web\/20190412154208\/http:\/\/www.spox.com\/de\/sport\/fussball\/international\/england\/livestream\/premier-league-programm-dazn.html\" target=\"_blank\" rel=\"noreferrer noopener\">Premier-League-Ansetzungen<\/a><\/li><li><a href=\"https:\/\/web.archive.org\/web\/20190412154208\/http:\/\/www.spox.com\/de\/sport\/fussball\/international\/spanien\/livestream\/primera-division-programm-la-liga-dazn.html\" target=\"_blank\" rel=\"noreferrer noopener\">Primera-Division-Ansetzungen<\/a><\/li><li><a href=\"https:\/\/web.archive.org\/web\/20190412154208\/http:\/\/www.spox.com\/de\/sport\/fussball\/international\/frankreich\/livestream\/ligue-1-programm-dazn.html\" target=\"_blank\" rel=\"noreferrer noopener\">Ligue-1-Ansetzungen<\/a><\/li><li><a href=\"https:\/\/web.archive.org\/web\/20190412154208\/http:\/\/www.spox.com\/de\/sport\/fussball\/international\/italien\/livestream\/serie-a-programm-dazn.html\" target=\"_blank\" rel=\"noreferrer noopener\">Serie-A-Ansetzungen<\/a><\/li><\/ul>\n\n\n\n<hr class=\"wp-block-separator\"\/>\n\n\n\n<p><em>Die<\/em><em>&nbsp;aufgef\u00fchrten Ansetzungen gew\u00e4hren keine Vollst\u00e4ndigkeit. Die Autoren des Kommentatorenblogs behalten es sich vor, TV-\u00dcbertragungen und Livestreams zu ignorieren. Grunds\u00e4tzlich nicht aufgef\u00fchrt werden Ansetzungen ausl\u00e4ndischer Sender.<\/em><\/p>\n\n\n\n<hr class=\"wp-block-separator\"\/>\n\n\n\n<p><em><strong>Die Analyse<\/strong><\/em><\/p>\n\n\n\n<p>Kurzanalyse zur Bundesliga: Bei Eurosport kommt Philip Eger zum Zug, Hagemann moderiert #TGIM bzw. kicker.TV \u2013 Der Talk. Da Wolfgang Nadvornik in S\u00fcdkorea im Einsatz ist, werden wir dort in den n\u00e4chsten auch andere Gesichter zu sehen bekommen. In der Samstagskonferenz meldet sich nat\u00fcrlich Frank Buschmann, der selbst ernannte Fan dieses Formats. Wolf Fuss \u00fcbernimmt dieses Wochenende die Partie zwischen Dortmund und Hamburg, Dittmann begleitet das Topspiel zwischen Bayern und Schalke. Am Sonntag macht sich Toni Tomic auf nach Stuttgart, Marcus Lindemann mach eine \u201eetwas l\u00e4ngere\u201c Reise in den Norden der Republik nach Bremen.<\/p>\n\n\n\n<p>Macht was aus dem&nbsp;Sportwochenende!<\/p>\n","protected":false},"excerpt":{"rendered":"<p>(Beitrag von Leon, reposted von Nico) N\u2019Abend allerseits! Nat\u00fcrlich kommt der Fu\u00dfball hier im Blog nicht zu kurz. Im Folgenden die Ansetzungen f\u00fcrs Wochenende. Die Ansetzungen vom 09. Februar 2018 bis&nbsp;12. Februar&nbsp;2018 Bundesliga, 22. Spieltag Freitag, 09. Januar 2018, ab 19.30 Uhr (Eurosport 2 Xtra) RB Leipzig \u2013 FC Augsburg (20.30 Uhr) Eurosport 2 Xtra: [&hellip;]<\/p>\n","protected":false},"author":3,"featured_media":0,"comment_status":"open","ping_status":"open","sticky":false,"template":"","format":"standard","meta":{"footnotes":""},"categories":[424,1],"tags":[],"class_list":["post-7365","post","type-post","status-publish","format-standard","hentry","category-bundesliga-und-co","category-uncategorized"],"_links":{"self":[{"href":"https:\/\/kommentatorenblog.de\/index.php?rest_route=\/wp\/v2\/posts\/7365","targetHints":{"allow":["GET"]}}],"collection":[{"href":"https:\/\/kommentatorenblog.de\/index.php?rest_route=\/wp\/v2\/posts"}],"about":[{"href":"https:\/\/kommentatorenblog.de\/index.php?rest_route=\/wp\/v2\/types\/post"}],"author":[{"embeddable":true,"href":"https:\/\/kommentatorenblog.de\/index.php?rest_route=\/wp\/v2\/users\/3"}],"replies":[{"embeddable":true,"href":"https:\/\/kommentatorenblog.de\/index.php?rest_route=%2Fwp%2Fv2%2Fcomments&post=7365"}],"version-history":[{"count":1,"href":"https:\/\/kommentatorenblog.de\/index.php?rest_route=\/wp\/v2\/posts\/7365\/revisions"}],"predecessor-version":[{"id":7366,"href":"https:\/\/kommentatorenblog.de\/index.php?rest_route=\/wp\/v2\/posts\/7365\/revisions\/7366"}],"wp:attachment":[{"href":"https:\/\/kommentatorenblog.de\/index.php?rest_route=%2Fwp%2Fv2%2Fmedia&parent=7365"}],"wp:term":[{"taxonomy":"category","embeddable":true,"href":"https:\/\/kommentatorenblog.de\/index.php?rest_route=%2Fwp%2Fv2%2Fcategories&post=7365"},{"taxonomy":"post_tag","embeddable":true,"href":"https:\/\/kommentatorenblog.de\/index.php?rest_route=%2Fwp%2Fv2%2Ftags&post=7365"}],"curies":[{"name":"wp","href":"https:\/\/api.w.org\/{rel}","templated":true}]}}